{"id":43319,"date":"2021-02-19T17:12:25","date_gmt":"2021-02-19T20:12:25","guid":{"rendered":"https:\/\/regiaonews.net.br\/2022\/?p=43319"},"modified":"2021-02-19T17:12:25","modified_gmt":"2021-02-19T20:12:25","slug":"diretores-do-supermecado-iquegami-reunem-com-prefeito-anunciando-uma-loja-de-8-mil-m2-em-guaira","status":"publish","type":"post","link":"https:\/\/regiaonews.net.br\/2022\/2021\/02\/19\/diretores-do-supermecado-iquegami-reunem-com-prefeito-anunciando-uma-loja-de-8-mil-m2-em-guaira\/","title":{"rendered":"Diretores do Supermecado Iquegami re\u00fanem com prefeito anunciando uma loja de 8 mil m2 em Gua\u00edra"},"content":{"rendered":"<p><strong><a href=\"https:\/\/regiaonews.net.br\/2022\/wp-content\/uploads\/2021\/02\/WhatsApp-Image-2021-02-19-at-16.05.08.jpeg\"><img loading=\"lazy\" decoding=\"async\" class=\"alignnone size-medium wp-image-43320\" src=\"https:\/\/regiaonews.net.br\/2022\/wp-content\/uploads\/2021\/02\/WhatsApp-Image-2021-02-19-at-16.05.08-300x225.jpeg\" alt=\"\" width=\"300\" height=\"225\" \/><\/a><\/strong><\/p>\n<p><em>Num momento expansionista, apesar da pandemia, grupo de Ol\u00edmpia vem somar a v\u00e1rios empreendedores locais que est\u00e3o ampliando seus neg\u00f3cios<\/em><\/p>\n<p>Apesar de um momento dif\u00edcil para economia nacional, v\u00e1rios empres\u00e1rios locais est\u00e3o acreditando no potencial da cidade e v\u00eam ampliando e investindo em novas plantas para seus neg\u00f3cios, especialmente no ramo supermercadista. Somando-se aos empreendedores locais novos empreendedores perceberam o potencial de crescimento da cidade grupos da regi\u00e3o est\u00e3o em processo de instala\u00e7\u00e3o na cidade. Um bom exemplo \u00e9 o Supermercado Iquegami, grupo do ramo varejista, com sede em Ol\u00edmpia e 15 lojas em diversas cidades do Vale do Rio Grande e Oeste Paulista, dentre elas Bebedouro, Monte Azul e entre outras Taquaritinga.<\/p>\n<p>Na quinta-feira, dia 18, o diretor comercial, Jo\u00e3o Iquegami e o diretor de expans\u00e3o, Brasil Fabiano se encontraram com o prefeito em exerc\u00edcio, Edvaldo Doniseti Morais para apresentar o projeto da empresa para Gua\u00edra. Reuni\u00e3o que foi acompanhada pelo Diretor de Desenvolvimento Econ\u00f4mico, Sergio Suzuki, o Diretor de Obras do Deagua, Jos\u00e9 Natal Pereira e o vereador, Caio C\u00e9sar Augusto.<\/p>\n<p>O grupo adquiriu uma grande gleba na rua 2 entre as avenidas 7 e 9, praticamente no centro da cidade, onde est\u00e1 edificado um pr\u00e9dio de 8 mil m<sup>2 <\/sup>\u00a0de constru\u00e7\u00e3o, sendo que desta planta 3 mil m<sup>2<\/sup> ser\u00e3o \u00e1rea de venda. A perspectiva inicial \u00e9 que a empresa gere 150 empregos diretos.<\/p>\n<p>&#8220;Apesar do per\u00edodo dif\u00edcil para o Brasil, devido a pandemia, Gua\u00edra passa por um momento de expans\u00e3o, em que os empres\u00e1rios daqui est\u00e3o acreditando na cidade investindo em amplia\u00e7\u00f5es e novos investimentos e grupos da regi\u00e3o, como o Iquegami tamb\u00e9m est\u00e3o percebendo este momento e vindo para somar com o crescimento de no<\/p>\n","protected":false},"excerpt":{"rendered":"<p>Num momento expansionista, apesar da pandemia, grupo de Ol\u00edmpia vem<\/p>\n","protected":false},"author":2,"featured_media":43320,"comment_status":"open","ping_status":"open","sticky":false,"template":"","format":"standard","meta":{"footnotes":""},"categories":[25,8],"tags":[],"class_list":["post-43319","post","type-post","status-publish","format-standard","has-post-thumbnail","hentry","category-cidades","category-guaira"],"yoast_head":"<!-- This site is optimized with the Yoast SEO plugin v27.4 - https:\/\/yoast.com\/product\/yoast-seo-wordpress\/ -->\n<title>Diretores do Supermecado Iquegami re\u00fanem com prefeito anunciando uma loja de 8 mil m2 em Gua\u00edra - Regi\u00e3o News<\/title>\n<meta name=\"robots\" content=\"index, follow, max-snippet:-1, max-image-preview:large, max-video-preview:-1\" \/>\n<link rel=\"canonical\" href=\"https:\/\/regiaonews.net.br\/2022\/2021\/02\/19\/diretores-do-supermecado-iquegami-reunem-com-prefeito-anunciando-uma-loja-de-8-mil-m2-em-guaira\/\" \/>\n<meta property=\"og:locale\" content=\"pt_BR\" \/>\n<meta property=\"og:type\" content=\"article\" \/>\n<meta property=\"og:title\" content=\"Diretores do Supermecado Iquegami re\u00fanem com prefeito anunciando uma loja de 8 mil m2 em Gua\u00edra - Regi\u00e3o News\" \/>\n<meta property=\"og:description\" content=\"Num momento expansionista, apesar da pandemia, grupo de Ol\u00edmpia vem\" \/>\n<meta property=\"og:url\" content=\"https:\/\/regiaonews.net.br\/2022\/2021\/02\/19\/diretores-do-supermecado-iquegami-reunem-com-prefeito-anunciando-uma-loja-de-8-mil-m2-em-guaira\/\" \/>\n<meta property=\"og:site_name\" content=\"Regi\u00e3o News\" \/>\n<meta property=\"article:published_time\" content=\"2021-02-19T20:12:25+00:00\" \/>\n<meta property=\"og:image\" content=\"https:\/\/regiaonews.net.br\/2022\/wp-content\/uploads\/2021\/02\/WhatsApp-Image-2021-02-19-at-16.05.08.jpeg\" \/>\n\t<meta property=\"og:image:width\" content=\"1156\" \/>\n\t<meta property=\"og:image:height\" content=\"867\" \/>\n\t<meta property=\"og:image:type\" content=\"image\/jpeg\" \/>\n<meta name=\"author\" content=\"Roberto\" \/>\n<meta name=\"twitter:card\" content=\"summary_large_image\" \/>\n<meta name=\"twitter:label1\" content=\"Escrito por\" \/>\n\t<meta name=\"twitter:data1\" content=\"Roberto\" \/>\n\t<meta name=\"twitter:label2\" content=\"Est. tempo de leitura\" \/>\n\t<meta name=\"twitter:data2\" content=\"2 minutos\" \/>\n<script type=\"application\/ld+json\" class=\"yoast-schema-graph\">{\"@context\":\"https:\\\/\\\/schema.org\",\"@graph\":[{\"@type\":\"Article\",\"@id\":\"https:\\\/\\\/regiaonews.net.br\\\/2022\\\/2021\\\/02\\\/19\\\/diretores-do-supermecado-iquegami-reunem-com-prefeito-anunciando-uma-loja-de-8-mil-m2-em-guaira\\\/#article\",\"isPartOf\":{\"@id\":\"https:\\\/\\\/regiaonews.net.br\\\/2022\\\/2021\\\/02\\\/19\\\/diretores-do-supermecado-iquegami-reunem-com-prefeito-anunciando-uma-loja-de-8-mil-m2-em-guaira\\\/\"},\"author\":{\"name\":\"Roberto\",\"@id\":\"https:\\\/\\\/regiaonews.net.br\\\/2022\\\/#\\\/schema\\\/person\\\/2d205a608a5aa97ac279d7a5e6d89ad8\"},\"headline\":\"Diretores do Supermecado Iquegami re\u00fanem com prefeito anunciando uma loja de 8 mil m2 em Gua\u00edra\",\"datePublished\":\"2021-02-19T20:12:25+00:00\",\"mainEntityOfPage\":{\"@id\":\"https:\\\/\\\/regiaonews.net.br\\\/2022\\\/2021\\\/02\\\/19\\\/diretores-do-supermecado-iquegami-reunem-com-prefeito-anunciando-uma-loja-de-8-mil-m2-em-guaira\\\/\"},\"wordCount\":320,\"commentCount\":0,\"publisher\":{\"@id\":\"https:\\\/\\\/regiaonews.net.br\\\/2022\\\/#organization\"},\"image\":{\"@id\":\"https:\\\/\\\/regiaonews.net.br\\\/2022\\\/2021\\\/02\\\/19\\\/diretores-do-supermecado-iquegami-reunem-com-prefeito-anunciando-uma-loja-de-8-mil-m2-em-guaira\\\/#primaryimage\"},\"thumbnailUrl\":\"https:\\\/\\\/regiaonews.net.br\\\/2022\\\/wp-content\\\/uploads\\\/2021\\\/02\\\/WhatsApp-Image-2021-02-19-at-16.05.08.jpeg\",\"articleSection\":[\"Cidades\",\"Gua\u00edra\"],\"inLanguage\":\"pt-BR\",\"potentialAction\":[{\"@type\":\"CommentAction\",\"name\":\"Comment\",\"target\":[\"https:\\\/\\\/regiaonews.net.br\\\/2022\\\/2021\\\/02\\\/19\\\/diretores-do-supermecado-iquegami-reunem-com-prefeito-anunciando-uma-loja-de-8-mil-m2-em-guaira\\\/#respond\"]}]},{\"@type\":\"WebPage\",\"@id\":\"https:\\\/\\\/regiaonews.net.br\\\/2022\\\/2021\\\/02\\\/19\\\/diretores-do-supermecado-iquegami-reunem-com-prefeito-anunciando-uma-loja-de-8-mil-m2-em-guaira\\\/\",\"url\":\"https:\\\/\\\/regiaonews.net.br\\\/2022\\\/2021\\\/02\\\/19\\\/diretores-do-supermecado-iquegami-reunem-com-prefeito-anunciando-uma-loja-de-8-mil-m2-em-guaira\\\/\",\"name\":\"Diretores do Supermecado Iquegami re\u00fanem com prefeito anunciando uma loja de 8 mil m2 em Gua\u00edra - Regi\u00e3o News\",\"isPartOf\":{\"@id\":\"https:\\\/\\\/regiaonews.net.br\\\/2022\\\/#website\"},\"primaryImageOfPage\":{\"@id\":\"https:\\\/\\\/regiaonews.net.br\\\/2022\\\/2021\\\/02\\\/19\\\/diretores-do-supermecado-iquegami-reunem-com-prefeito-anunciando-uma-loja-de-8-mil-m2-em-guaira\\\/#primaryimage\"},\"image\":{\"@id\":\"https:\\\/\\\/regiaonews.net.br\\\/2022\\\/2021\\\/02\\\/19\\\/diretores-do-supermecado-iquegami-reunem-com-prefeito-anunciando-uma-loja-de-8-mil-m2-em-guaira\\\/#primaryimage\"},\"thumbnailUrl\":\"https:\\\/\\\/regiaonews.net.br\\\/2022\\\/wp-content\\\/uploads\\\/2021\\\/02\\\/WhatsApp-Image-2021-02-19-at-16.05.08.jpeg\",\"datePublished\":\"2021-02-19T20:12:25+00:00\",\"breadcrumb\":{\"@id\":\"https:\\\/\\\/regiaonews.net.br\\\/2022\\\/2021\\\/02\\\/19\\\/diretores-do-supermecado-iquegami-reunem-com-prefeito-anunciando-uma-loja-de-8-mil-m2-em-guaira\\\/#breadcrumb\"},\"inLanguage\":\"pt-BR\",\"potentialAction\":[{\"@type\":\"ReadAction\",\"target\":[\"https:\\\/\\\/regiaonews.net.br\\\/2022\\\/2021\\\/02\\\/19\\\/diretores-do-supermecado-iquegami-reunem-com-prefeito-anunciando-uma-loja-de-8-mil-m2-em-guaira\\\/\"]}]},{\"@type\":\"ImageObject\",\"inLanguage\":\"pt-BR\",\"@id\":\"https:\\\/\\\/regiaonews.net.br\\\/2022\\\/2021\\\/02\\\/19\\\/diretores-do-supermecado-iquegami-reunem-com-prefeito-anunciando-uma-loja-de-8-mil-m2-em-guaira\\\/#primaryimage\",\"url\":\"https:\\\/\\\/regiaonews.net.br\\\/2022\\\/wp-content\\\/uploads\\\/2021\\\/02\\\/WhatsApp-Image-2021-02-19-at-16.05.08.jpeg\",\"contentUrl\":\"https:\\\/\\\/regiaonews.net.br\\\/2022\\\/wp-content\\\/uploads\\\/2021\\\/02\\\/WhatsApp-Image-2021-02-19-at-16.05.08.jpeg\",\"width\":1156,\"height\":867},{\"@type\":\"BreadcrumbList\",\"@id\":\"https:\\\/\\\/regiaonews.net.br\\\/2022\\\/2021\\\/02\\\/19\\\/diretores-do-supermecado-iquegami-reunem-com-prefeito-anunciando-uma-loja-de-8-mil-m2-em-guaira\\\/#breadcrumb\",\"itemListElement\":[{\"@type\":\"ListItem\",\"position\":1,\"name\":\"In\u00edcio\",\"item\":\"https:\\\/\\\/regiaonews.net.br\\\/2022\\\/\"},{\"@type\":\"ListItem\",\"position\":2,\"name\":\"Diretores do Supermecado Iquegami re\u00fanem com prefeito anunciando uma loja de 8 mil m2 em Gua\u00edra\"}]},{\"@type\":\"WebSite\",\"@id\":\"https:\\\/\\\/regiaonews.net.br\\\/2022\\\/#website\",\"url\":\"https:\\\/\\\/regiaonews.net.br\\\/2022\\\/\",\"name\":\"Regi\u00e3o News\",\"description\":\"Site de Not\u00edcias de Barretos e regi\u00e3o\",\"publisher\":{\"@id\":\"https:\\\/\\\/regiaonews.net.br\\\/2022\\\/#organization\"},\"potentialAction\":[{\"@type\":\"SearchAction\",\"target\":{\"@type\":\"EntryPoint\",\"urlTemplate\":\"https:\\\/\\\/regiaonews.net.br\\\/2022\\\/?s={search_term_string}\"},\"query-input\":{\"@type\":\"PropertyValueSpecification\",\"valueRequired\":true,\"valueName\":\"search_term_string\"}}],\"inLanguage\":\"pt-BR\"},{\"@type\":\"Organization\",\"@id\":\"https:\\\/\\\/regiaonews.net.br\\\/2022\\\/#organization\",\"name\":\"Regi\u00e3o News\",\"url\":\"https:\\\/\\\/regiaonews.net.br\\\/2022\\\/\",\"logo\":{\"@type\":\"ImageObject\",\"inLanguage\":\"pt-BR\",\"@id\":\"https:\\\/\\\/regiaonews.net.br\\\/2022\\\/#\\\/schema\\\/logo\\\/image\\\/\",\"url\":\"https:\\\/\\\/regiaonews.net.br\\\/2022\\\/wp-content\\\/uploads\\\/2026\\\/03\\\/regiao-13-anos-scaled.jpg\",\"contentUrl\":\"https:\\\/\\\/regiaonews.net.br\\\/2022\\\/wp-content\\\/uploads\\\/2026\\\/03\\\/regiao-13-anos-scaled.jpg\",\"width\":2560,\"height\":635,\"caption\":\"Regi\u00e3o News\"},\"image\":{\"@id\":\"https:\\\/\\\/regiaonews.net.br\\\/2022\\\/#\\\/schema\\\/logo\\\/image\\\/\"}},{\"@type\":\"Person\",\"@id\":\"https:\\\/\\\/regiaonews.net.br\\\/2022\\\/#\\\/schema\\\/person\\\/2d205a608a5aa97ac279d7a5e6d89ad8\",\"name\":\"Roberto\",\"image\":{\"@type\":\"ImageObject\",\"inLanguage\":\"pt-BR\",\"@id\":\"https:\\\/\\\/secure.gravatar.com\\\/avatar\\\/42749d8b712ff9d59ca93dc150494e5b55a44134482993f5baeb97e61b7ecc89?s=96&d=mm&r=g\",\"url\":\"https:\\\/\\\/secure.gravatar.com\\\/avatar\\\/42749d8b712ff9d59ca93dc150494e5b55a44134482993f5baeb97e61b7ecc89?s=96&d=mm&r=g\",\"contentUrl\":\"https:\\\/\\\/secure.gravatar.com\\\/avatar\\\/42749d8b712ff9d59ca93dc150494e5b55a44134482993f5baeb97e61b7ecc89?s=96&d=mm&r=g\",\"caption\":\"Roberto\"},\"url\":\"https:\\\/\\\/regiaonews.net.br\\\/2022\\\/author\\\/roberto\\\/\"}]}<\/script>\n<!-- \/ Yoast SEO plugin. -->","yoast_head_json":{"title":"Diretores do Supermecado Iquegami re\u00fanem com prefeito anunciando uma loja de 8 mil m2 em Gua\u00edra - Regi\u00e3o News","robots":{"index":"index","follow":"follow","max-snippet":"max-snippet:-1","max-image-preview":"max-image-preview:large","max-video-preview":"max-video-preview:-1"},"canonical":"https:\/\/regiaonews.net.br\/2022\/2021\/02\/19\/diretores-do-supermecado-iquegami-reunem-com-prefeito-anunciando-uma-loja-de-8-mil-m2-em-guaira\/","og_locale":"pt_BR","og_type":"article","og_title":"Diretores do Supermecado Iquegami re\u00fanem com prefeito anunciando uma loja de 8 mil m2 em Gua\u00edra - Regi\u00e3o News","og_description":"Num momento expansionista, apesar da pandemia, grupo de Ol\u00edmpia vem","og_url":"https:\/\/regiaonews.net.br\/2022\/2021\/02\/19\/diretores-do-supermecado-iquegami-reunem-com-prefeito-anunciando-uma-loja-de-8-mil-m2-em-guaira\/","og_site_name":"Regi\u00e3o News","article_published_time":"2021-02-19T20:12:25+00:00","og_image":[{"width":1156,"height":867,"url":"https:\/\/regiaonews.net.br\/2022\/wp-content\/uploads\/2021\/02\/WhatsApp-Image-2021-02-19-at-16.05.08.jpeg","type":"image\/jpeg"}],"author":"Roberto","twitter_card":"summary_large_image","twitter_misc":{"Escrito por":"Roberto","Est. tempo de leitura":"2 minutos"},"schema":{"@context":"https:\/\/schema.org","@graph":[{"@type":"Article","@id":"https:\/\/regiaonews.net.br\/2022\/2021\/02\/19\/diretores-do-supermecado-iquegami-reunem-com-prefeito-anunciando-uma-loja-de-8-mil-m2-em-guaira\/#article","isPartOf":{"@id":"https:\/\/regiaonews.net.br\/2022\/2021\/02\/19\/diretores-do-supermecado-iquegami-reunem-com-prefeito-anunciando-uma-loja-de-8-mil-m2-em-guaira\/"},"author":{"name":"Roberto","@id":"https:\/\/regiaonews.net.br\/2022\/#\/schema\/person\/2d205a608a5aa97ac279d7a5e6d89ad8"},"headline":"Diretores do Supermecado Iquegami re\u00fanem com prefeito anunciando uma loja de 8 mil m2 em Gua\u00edra","datePublished":"2021-02-19T20:12:25+00:00","mainEntityOfPage":{"@id":"https:\/\/regiaonews.net.br\/2022\/2021\/02\/19\/diretores-do-supermecado-iquegami-reunem-com-prefeito-anunciando-uma-loja-de-8-mil-m2-em-guaira\/"},"wordCount":320,"commentCount":0,"publisher":{"@id":"https:\/\/regiaonews.net.br\/2022\/#organization"},"image":{"@id":"https:\/\/regiaonews.net.br\/2022\/2021\/02\/19\/diretores-do-supermecado-iquegami-reunem-com-prefeito-anunciando-uma-loja-de-8-mil-m2-em-guaira\/#primaryimage"},"thumbnailUrl":"https:\/\/regiaonews.net.br\/2022\/wp-content\/uploads\/2021\/02\/WhatsApp-Image-2021-02-19-at-16.05.08.jpeg","articleSection":["Cidades","Gua\u00edra"],"inLanguage":"pt-BR","potentialAction":[{"@type":"CommentAction","name":"Comment","target":["https:\/\/regiaonews.net.br\/2022\/2021\/02\/19\/diretores-do-supermecado-iquegami-reunem-com-prefeito-anunciando-uma-loja-de-8-mil-m2-em-guaira\/#respond"]}]},{"@type":"WebPage","@id":"https:\/\/regiaonews.net.br\/2022\/2021\/02\/19\/diretores-do-supermecado-iquegami-reunem-com-prefeito-anunciando-uma-loja-de-8-mil-m2-em-guaira\/","url":"https:\/\/regiaonews.net.br\/2022\/2021\/02\/19\/diretores-do-supermecado-iquegami-reunem-com-prefeito-anunciando-uma-loja-de-8-mil-m2-em-guaira\/","name":"Diretores do Supermecado Iquegami re\u00fanem com prefeito anunciando uma loja de 8 mil m2 em Gua\u00edra - Regi\u00e3o News","isPartOf":{"@id":"https:\/\/regiaonews.net.br\/2022\/#website"},"primaryImageOfPage":{"@id":"https:\/\/regiaonews.net.br\/2022\/2021\/02\/19\/diretores-do-supermecado-iquegami-reunem-com-prefeito-anunciando-uma-loja-de-8-mil-m2-em-guaira\/#primaryimage"},"image":{"@id":"https:\/\/regiaonews.net.br\/2022\/2021\/02\/19\/diretores-do-supermecado-iquegami-reunem-com-prefeito-anunciando-uma-loja-de-8-mil-m2-em-guaira\/#primaryimage"},"thumbnailUrl":"https:\/\/regiaonews.net.br\/2022\/wp-content\/uploads\/2021\/02\/WhatsApp-Image-2021-02-19-at-16.05.08.jpeg","datePublished":"2021-02-19T20:12:25+00:00","breadcrumb":{"@id":"https:\/\/regiaonews.net.br\/2022\/2021\/02\/19\/diretores-do-supermecado-iquegami-reunem-com-prefeito-anunciando-uma-loja-de-8-mil-m2-em-guaira\/#breadcrumb"},"inLanguage":"pt-BR","potentialAction":[{"@type":"ReadAction","target":["https:\/\/regiaonews.net.br\/2022\/2021\/02\/19\/diretores-do-supermecado-iquegami-reunem-com-prefeito-anunciando-uma-loja-de-8-mil-m2-em-guaira\/"]}]},{"@type":"ImageObject","inLanguage":"pt-BR","@id":"https:\/\/regiaonews.net.br\/2022\/2021\/02\/19\/diretores-do-supermecado-iquegami-reunem-com-prefeito-anunciando-uma-loja-de-8-mil-m2-em-guaira\/#primaryimage","url":"https:\/\/regiaonews.net.br\/2022\/wp-content\/uploads\/2021\/02\/WhatsApp-Image-2021-02-19-at-16.05.08.jpeg","contentUrl":"https:\/\/regiaonews.net.br\/2022\/wp-content\/uploads\/2021\/02\/WhatsApp-Image-2021-02-19-at-16.05.08.jpeg","width":1156,"height":867},{"@type":"BreadcrumbList","@id":"https:\/\/regiaonews.net.br\/2022\/2021\/02\/19\/diretores-do-supermecado-iquegami-reunem-com-prefeito-anunciando-uma-loja-de-8-mil-m2-em-guaira\/#breadcrumb","itemListElement":[{"@type":"ListItem","position":1,"name":"In\u00edcio","item":"https:\/\/regiaonews.net.br\/2022\/"},{"@type":"ListItem","position":2,"name":"Diretores do Supermecado Iquegami re\u00fanem com prefeito anunciando uma loja de 8 mil m2 em Gua\u00edra"}]},{"@type":"WebSite","@id":"https:\/\/regiaonews.net.br\/2022\/#website","url":"https:\/\/regiaonews.net.br\/2022\/","name":"Regi\u00e3o News","description":"Site de Not\u00edcias de Barretos e regi\u00e3o","publisher":{"@id":"https:\/\/regiaonews.net.br\/2022\/#organization"},"potentialAction":[{"@type":"SearchAction","target":{"@type":"EntryPoint","urlTemplate":"https:\/\/regiaonews.net.br\/2022\/?s={search_term_string}"},"query-input":{"@type":"PropertyValueSpecification","valueRequired":true,"valueName":"search_term_string"}}],"inLanguage":"pt-BR"},{"@type":"Organization","@id":"https:\/\/regiaonews.net.br\/2022\/#organization","name":"Regi\u00e3o News","url":"https:\/\/regiaonews.net.br\/2022\/","logo":{"@type":"ImageObject","inLanguage":"pt-BR","@id":"https:\/\/regiaonews.net.br\/2022\/#\/schema\/logo\/image\/","url":"https:\/\/regiaonews.net.br\/2022\/wp-content\/uploads\/2026\/03\/regiao-13-anos-scaled.jpg","contentUrl":"https:\/\/regiaonews.net.br\/2022\/wp-content\/uploads\/2026\/03\/regiao-13-anos-scaled.jpg","width":2560,"height":635,"caption":"Regi\u00e3o News"},"image":{"@id":"https:\/\/regiaonews.net.br\/2022\/#\/schema\/logo\/image\/"}},{"@type":"Person","@id":"https:\/\/regiaonews.net.br\/2022\/#\/schema\/person\/2d205a608a5aa97ac279d7a5e6d89ad8","name":"Roberto","image":{"@type":"ImageObject","inLanguage":"pt-BR","@id":"https:\/\/secure.gravatar.com\/avatar\/42749d8b712ff9d59ca93dc150494e5b55a44134482993f5baeb97e61b7ecc89?s=96&d=mm&r=g","url":"https:\/\/secure.gravatar.com\/avatar\/42749d8b712ff9d59ca93dc150494e5b55a44134482993f5baeb97e61b7ecc89?s=96&d=mm&r=g","contentUrl":"https:\/\/secure.gravatar.com\/avatar\/42749d8b712ff9d59ca93dc150494e5b55a44134482993f5baeb97e61b7ecc89?s=96&d=mm&r=g","caption":"Roberto"},"url":"https:\/\/regiaonews.net.br\/2022\/author\/roberto\/"}]}},"publishpress_future_action":{"enabled":false,"date":"2026-05-03 23:56:33","action":"change-status","newStatus":"draft","terms":[],"taxonomy":"category","extraData":[]},"publishpress_future_workflow_manual_trigger":{"enabledWorkflows":[]},"_links":{"self":[{"href":"https:\/\/regiaonews.net.br\/2022\/wp-json\/wp\/v2\/posts\/43319","targetHints":{"allow":["GET"]}}],"collection":[{"href":"https:\/\/regiaonews.net.br\/2022\/wp-json\/wp\/v2\/posts"}],"about":[{"href":"https:\/\/regiaonews.net.br\/2022\/wp-json\/wp\/v2\/types\/post"}],"author":[{"embeddable":true,"href":"https:\/\/regiaonews.net.br\/2022\/wp-json\/wp\/v2\/users\/2"}],"replies":[{"embeddable":true,"href":"https:\/\/regiaonews.net.br\/2022\/wp-json\/wp\/v2\/comments?post=43319"}],"version-history":[{"count":0,"href":"https:\/\/regiaonews.net.br\/2022\/wp-json\/wp\/v2\/posts\/43319\/revisions"}],"wp:featuredmedia":[{"embeddable":true,"href":"https:\/\/regiaonews.net.br\/2022\/wp-json\/wp\/v2\/media\/43320"}],"wp:attachment":[{"href":"https:\/\/regiaonews.net.br\/2022\/wp-json\/wp\/v2\/media?parent=43319"}],"wp:term":[{"taxonomy":"category","embeddable":true,"href":"https:\/\/regiaonews.net.br\/2022\/wp-json\/wp\/v2\/categories?post=43319"},{"taxonomy":"post_tag","embeddable":true,"href":"https:\/\/regiaonews.net.br\/2022\/wp-json\/wp\/v2\/tags?post=43319"}],"curies":[{"name":"wp","href":"https:\/\/api.w.org\/{rel}","templated":true}]}}