{"id":43206,"date":"2021-02-17T15:31:19","date_gmt":"2021-02-17T18:31:19","guid":{"rendered":"https:\/\/regiaonews.net.br\/2022\/?p=43206"},"modified":"2021-02-17T15:31:19","modified_gmt":"2021-02-17T18:31:19","slug":"ircad-america-latina-se-prepara-para-celebrar-10-anos-de-fundacao-no-brasil","status":"publish","type":"post","link":"https:\/\/regiaonews.net.br\/2022\/2021\/02\/17\/ircad-america-latina-se-prepara-para-celebrar-10-anos-de-fundacao-no-brasil\/","title":{"rendered":"IRCAD Am\u00e9rica Latina se prepara para celebrar 10 anos de funda\u00e7\u00e3o no Brasil"},"content":{"rendered":"<p class=\"xmsonormal\" style=\"text-align: center;\" align=\"center\">\n<p class=\"xmsonormal\" style=\"text-indent: 35.4pt;\"><span style=\"font-size: 12.0pt; font-family: 'Times New Roman',serif;\">Um dos maiores Centros de Treinamentos em Cirurgia Minimamente Invasiva do Mundo, IRCAD, ir\u00e1 completar, em Julho, 10 anos de presen\u00e7a no Brasil. Filiado ao Hospital de Amor, tamb\u00e9m refer\u00eancia mundial no tratamento de c\u00e2ncer, o Centro acelerou a educa\u00e7\u00e3o m\u00e9dica de alta tecnologia em toda a Am\u00e9rica Latina, treinando, at\u00e9 o momento, 12 mil alunos, de 33 pa\u00edses do mundo, que participaram de 268 cursos oferecidos pela institui\u00e7\u00e3o. E para comemorar essas conquistas, o departamento de marketing come\u00e7ou a preparar a\u00e7\u00f5es alusivas \u00e0 data, como v\u00eddeo comemorativo, decora\u00e7\u00e3o especial, livro reportagem, entre outras a\u00e7\u00f5es. <\/span><\/p>\n<p class=\"xmsonormal\" style=\"text-indent: 35.4pt;\"><span style=\"font-size: 12.0pt; font-family: 'Times New Roman',serif;\">O presidente do Hospital de Amor e o diretor cient\u00edfico do Centro, Henrique Prata e dr. Armando Melani, respectivamente, principais respons\u00e1veis pela instala\u00e7\u00e3o do IRCAD Am\u00e9rica Latina no Brasil, em Barretos, juntamente com o coordenador cient\u00edfico Luis Gustavo Romagnolo, gerente administrativo \u2013 Gabriela Pacheco e membros da equipe IRCAD Am\u00e9rica Latina, j\u00e1 realizaram as primeiras grava\u00e7\u00f5es do v\u00eddeo comemorativo. O fundador e presidente do IRCAD, m\u00e9dico franc\u00eas \u2013 Jacques Marescaux tamb\u00e9m far\u00e1 participa\u00e7\u00e3o especial. Ainda em alus\u00e3o \u00e0 data, ser\u00e1 realizado um curso de cirurgia colorretal comemorativo, o primeiro realizado no IRCAD &#8211; em julho de 2011, com programa\u00e7\u00e3o e condi\u00e7\u00f5es especiais. <\/span><\/p>\n<p class=\"xmsonormal\" style=\"text-indent: 35.4pt;\"><span style=\"font-size: 12.0pt; font-family: 'Times New Roman',serif;\">Todas as a\u00e7\u00f5es est\u00e3o sendo coordenadas pela respons\u00e1vel pelo marketing do Centro de Treinamento, Adriana Leonardi, que destacou a import\u00e2ncia do IRCAD no cen\u00e1rio m\u00e9dico mundial e a mudan\u00e7a da estrat\u00e9gia na comunica\u00e7\u00e3o com a classe m\u00e9dica, \u201csempre \u00e0 frente de seu tempo, o IRCAD Barretos rapidamente se consolidou como refer\u00eancia em medicina tecnol\u00f3gica, mesmo durante a pandemia, quando conseguimos nos manter pr\u00f3ximos dos m\u00e9dicos, ao transformarmos nossa forma de comunicar para continuar oferecendo ensino m\u00e9dico de excel\u00eancia quando eles n\u00e3o puderam estar fisicamente no Centro de Treinamento, atrav\u00e9s de lives, cursos online, podcasts.\u00a0 E essa s\u00e9rie de realiza\u00e7\u00f5es \u00e9 um grande motivo de celebra\u00e7\u00e3o\u201d, finalizou.<\/span><\/p>\n<p class=\"xmsonormal\"><a href=\"https:\/\/regiaonews.net.br\/2022\/wp-content\/uploads\/2021\/02\/IRCAD-America-Latina-Celebra-10-anos-no-Brasil.jpeg\"><img loading=\"lazy\" decoding=\"async\" class=\"alignnone size-medium wp-image-43207\" src=\"https:\/\/regiaonews.net.br\/2022\/wp-content\/uploads\/2021\/02\/IRCAD-America-Latina-Celebra-10-anos-no-Brasil-300x194.jpeg\" alt=\"\" width=\"300\" height=\"194\" \/><\/a><\/p>\n<p class=\"xmsonormal\">Foto: Equipe que participu das grava\u00e7\u00f5es de v\u00eddeo comemorativo.<\/p>\n","protected":false},"excerpt":{"rendered":"<p>Um dos maiores Centros de Treinamentos em Cirurgia Minimamente Invasiva<\/p>\n","protected":false},"author":2,"featured_media":43207,"comment_status":"open","ping_status":"open","sticky":false,"template":"","format":"standard","meta":{"footnotes":""},"categories":[14,25],"tags":[],"class_list":["post-43206","post","type-post","status-publish","format-standard","has-post-thumbnail","hentry","category-barretos","category-cidades"],"yoast_head":"<!-- This site is optimized with the Yoast SEO plugin v27.4 - https:\/\/yoast.com\/product\/yoast-seo-wordpress\/ -->\n<title>IRCAD Am\u00e9rica Latina se prepara para celebrar 10 anos de funda\u00e7\u00e3o no Brasil - Regi\u00e3o News<\/title>\n<meta name=\"robots\" content=\"index, follow, max-snippet:-1, max-image-preview:large, max-video-preview:-1\" \/>\n<link rel=\"canonical\" href=\"https:\/\/regiaonews.net.br\/2022\/2021\/02\/17\/ircad-america-latina-se-prepara-para-celebrar-10-anos-de-fundacao-no-brasil\/\" \/>\n<meta property=\"og:locale\" content=\"pt_BR\" \/>\n<meta property=\"og:type\" content=\"article\" \/>\n<meta property=\"og:title\" content=\"IRCAD Am\u00e9rica Latina se prepara para celebrar 10 anos de funda\u00e7\u00e3o no Brasil - Regi\u00e3o News\" \/>\n<meta property=\"og:description\" content=\"Um dos maiores Centros de Treinamentos em Cirurgia Minimamente Invasiva\" \/>\n<meta property=\"og:url\" content=\"https:\/\/regiaonews.net.br\/2022\/2021\/02\/17\/ircad-america-latina-se-prepara-para-celebrar-10-anos-de-fundacao-no-brasil\/\" \/>\n<meta property=\"og:site_name\" content=\"Regi\u00e3o News\" \/>\n<meta property=\"article:published_time\" content=\"2021-02-17T18:31:19+00:00\" \/>\n<meta property=\"og:image\" content=\"https:\/\/regiaonews.net.br\/2022\/wp-content\/uploads\/2021\/02\/IRCAD-America-Latina-Celebra-10-anos-no-Brasil.jpeg\" \/>\n\t<meta property=\"og:image:width\" content=\"1280\" \/>\n\t<meta property=\"og:image:height\" content=\"829\" \/>\n\t<meta property=\"og:image:type\" content=\"image\/jpeg\" \/>\n<meta name=\"author\" content=\"Roberto\" \/>\n<meta name=\"twitter:card\" content=\"summary_large_image\" \/>\n<meta name=\"twitter:label1\" content=\"Escrito por\" \/>\n\t<meta name=\"twitter:data1\" content=\"Roberto\" \/>\n\t<meta name=\"twitter:label2\" content=\"Est. tempo de leitura\" \/>\n\t<meta name=\"twitter:data2\" content=\"2 minutos\" \/>\n<script type=\"application\/ld+json\" class=\"yoast-schema-graph\">{\"@context\":\"https:\\\/\\\/schema.org\",\"@graph\":[{\"@type\":\"Article\",\"@id\":\"https:\\\/\\\/regiaonews.net.br\\\/2022\\\/2021\\\/02\\\/17\\\/ircad-america-latina-se-prepara-para-celebrar-10-anos-de-fundacao-no-brasil\\\/#article\",\"isPartOf\":{\"@id\":\"https:\\\/\\\/regiaonews.net.br\\\/2022\\\/2021\\\/02\\\/17\\\/ircad-america-latina-se-prepara-para-celebrar-10-anos-de-fundacao-no-brasil\\\/\"},\"author\":{\"name\":\"Roberto\",\"@id\":\"https:\\\/\\\/regiaonews.net.br\\\/2022\\\/#\\\/schema\\\/person\\\/2d205a608a5aa97ac279d7a5e6d89ad8\"},\"headline\":\"IRCAD Am\u00e9rica Latina se prepara para celebrar 10 anos de funda\u00e7\u00e3o no Brasil\",\"datePublished\":\"2021-02-17T18:31:19+00:00\",\"mainEntityOfPage\":{\"@id\":\"https:\\\/\\\/regiaonews.net.br\\\/2022\\\/2021\\\/02\\\/17\\\/ircad-america-latina-se-prepara-para-celebrar-10-anos-de-fundacao-no-brasil\\\/\"},\"wordCount\":367,\"commentCount\":0,\"publisher\":{\"@id\":\"https:\\\/\\\/regiaonews.net.br\\\/2022\\\/#organization\"},\"image\":{\"@id\":\"https:\\\/\\\/regiaonews.net.br\\\/2022\\\/2021\\\/02\\\/17\\\/ircad-america-latina-se-prepara-para-celebrar-10-anos-de-fundacao-no-brasil\\\/#primaryimage\"},\"thumbnailUrl\":\"https:\\\/\\\/regiaonews.net.br\\\/2022\\\/wp-content\\\/uploads\\\/2021\\\/02\\\/IRCAD-America-Latina-Celebra-10-anos-no-Brasil.jpeg\",\"articleSection\":[\"Barretos\",\"Cidades\"],\"inLanguage\":\"pt-BR\",\"potentialAction\":[{\"@type\":\"CommentAction\",\"name\":\"Comment\",\"target\":[\"https:\\\/\\\/regiaonews.net.br\\\/2022\\\/2021\\\/02\\\/17\\\/ircad-america-latina-se-prepara-para-celebrar-10-anos-de-fundacao-no-brasil\\\/#respond\"]}]},{\"@type\":\"WebPage\",\"@id\":\"https:\\\/\\\/regiaonews.net.br\\\/2022\\\/2021\\\/02\\\/17\\\/ircad-america-latina-se-prepara-para-celebrar-10-anos-de-fundacao-no-brasil\\\/\",\"url\":\"https:\\\/\\\/regiaonews.net.br\\\/2022\\\/2021\\\/02\\\/17\\\/ircad-america-latina-se-prepara-para-celebrar-10-anos-de-fundacao-no-brasil\\\/\",\"name\":\"IRCAD Am\u00e9rica Latina se prepara para celebrar 10 anos de funda\u00e7\u00e3o no Brasil - Regi\u00e3o News\",\"isPartOf\":{\"@id\":\"https:\\\/\\\/regiaonews.net.br\\\/2022\\\/#website\"},\"primaryImageOfPage\":{\"@id\":\"https:\\\/\\\/regiaonews.net.br\\\/2022\\\/2021\\\/02\\\/17\\\/ircad-america-latina-se-prepara-para-celebrar-10-anos-de-fundacao-no-brasil\\\/#primaryimage\"},\"image\":{\"@id\":\"https:\\\/\\\/regiaonews.net.br\\\/2022\\\/2021\\\/02\\\/17\\\/ircad-america-latina-se-prepara-para-celebrar-10-anos-de-fundacao-no-brasil\\\/#primaryimage\"},\"thumbnailUrl\":\"https:\\\/\\\/regiaonews.net.br\\\/2022\\\/wp-content\\\/uploads\\\/2021\\\/02\\\/IRCAD-America-Latina-Celebra-10-anos-no-Brasil.jpeg\",\"datePublished\":\"2021-02-17T18:31:19+00:00\",\"breadcrumb\":{\"@id\":\"https:\\\/\\\/regiaonews.net.br\\\/2022\\\/2021\\\/02\\\/17\\\/ircad-america-latina-se-prepara-para-celebrar-10-anos-de-fundacao-no-brasil\\\/#breadcrumb\"},\"inLanguage\":\"pt-BR\",\"potentialAction\":[{\"@type\":\"ReadAction\",\"target\":[\"https:\\\/\\\/regiaonews.net.br\\\/2022\\\/2021\\\/02\\\/17\\\/ircad-america-latina-se-prepara-para-celebrar-10-anos-de-fundacao-no-brasil\\\/\"]}]},{\"@type\":\"ImageObject\",\"inLanguage\":\"pt-BR\",\"@id\":\"https:\\\/\\\/regiaonews.net.br\\\/2022\\\/2021\\\/02\\\/17\\\/ircad-america-latina-se-prepara-para-celebrar-10-anos-de-fundacao-no-brasil\\\/#primaryimage\",\"url\":\"https:\\\/\\\/regiaonews.net.br\\\/2022\\\/wp-content\\\/uploads\\\/2021\\\/02\\\/IRCAD-America-Latina-Celebra-10-anos-no-Brasil.jpeg\",\"contentUrl\":\"https:\\\/\\\/regiaonews.net.br\\\/2022\\\/wp-content\\\/uploads\\\/2021\\\/02\\\/IRCAD-America-Latina-Celebra-10-anos-no-Brasil.jpeg\",\"width\":1280,\"height\":829},{\"@type\":\"BreadcrumbList\",\"@id\":\"https:\\\/\\\/regiaonews.net.br\\\/2022\\\/2021\\\/02\\\/17\\\/ircad-america-latina-se-prepara-para-celebrar-10-anos-de-fundacao-no-brasil\\\/#breadcrumb\",\"itemListElement\":[{\"@type\":\"ListItem\",\"position\":1,\"name\":\"In\u00edcio\",\"item\":\"https:\\\/\\\/regiaonews.net.br\\\/2022\\\/\"},{\"@type\":\"ListItem\",\"position\":2,\"name\":\"IRCAD Am\u00e9rica Latina se prepara para celebrar 10 anos de funda\u00e7\u00e3o no Brasil\"}]},{\"@type\":\"WebSite\",\"@id\":\"https:\\\/\\\/regiaonews.net.br\\\/2022\\\/#website\",\"url\":\"https:\\\/\\\/regiaonews.net.br\\\/2022\\\/\",\"name\":\"Regi\u00e3o News\",\"description\":\"Site de Not\u00edcias de Barretos e regi\u00e3o\",\"publisher\":{\"@id\":\"https:\\\/\\\/regiaonews.net.br\\\/2022\\\/#organization\"},\"potentialAction\":[{\"@type\":\"SearchAction\",\"target\":{\"@type\":\"EntryPoint\",\"urlTemplate\":\"https:\\\/\\\/regiaonews.net.br\\\/2022\\\/?s={search_term_string}\"},\"query-input\":{\"@type\":\"PropertyValueSpecification\",\"valueRequired\":true,\"valueName\":\"search_term_string\"}}],\"inLanguage\":\"pt-BR\"},{\"@type\":\"Organization\",\"@id\":\"https:\\\/\\\/regiaonews.net.br\\\/2022\\\/#organization\",\"name\":\"Regi\u00e3o News\",\"url\":\"https:\\\/\\\/regiaonews.net.br\\\/2022\\\/\",\"logo\":{\"@type\":\"ImageObject\",\"inLanguage\":\"pt-BR\",\"@id\":\"https:\\\/\\\/regiaonews.net.br\\\/2022\\\/#\\\/schema\\\/logo\\\/image\\\/\",\"url\":\"https:\\\/\\\/regiaonews.net.br\\\/2022\\\/wp-content\\\/uploads\\\/2026\\\/03\\\/regiao-13-anos-scaled.jpg\",\"contentUrl\":\"https:\\\/\\\/regiaonews.net.br\\\/2022\\\/wp-content\\\/uploads\\\/2026\\\/03\\\/regiao-13-anos-scaled.jpg\",\"width\":2560,\"height\":635,\"caption\":\"Regi\u00e3o News\"},\"image\":{\"@id\":\"https:\\\/\\\/regiaonews.net.br\\\/2022\\\/#\\\/schema\\\/logo\\\/image\\\/\"}},{\"@type\":\"Person\",\"@id\":\"https:\\\/\\\/regiaonews.net.br\\\/2022\\\/#\\\/schema\\\/person\\\/2d205a608a5aa97ac279d7a5e6d89ad8\",\"name\":\"Roberto\",\"image\":{\"@type\":\"ImageObject\",\"inLanguage\":\"pt-BR\",\"@id\":\"https:\\\/\\\/secure.gravatar.com\\\/avatar\\\/42749d8b712ff9d59ca93dc150494e5b55a44134482993f5baeb97e61b7ecc89?s=96&d=mm&r=g\",\"url\":\"https:\\\/\\\/secure.gravatar.com\\\/avatar\\\/42749d8b712ff9d59ca93dc150494e5b55a44134482993f5baeb97e61b7ecc89?s=96&d=mm&r=g\",\"contentUrl\":\"https:\\\/\\\/secure.gravatar.com\\\/avatar\\\/42749d8b712ff9d59ca93dc150494e5b55a44134482993f5baeb97e61b7ecc89?s=96&d=mm&r=g\",\"caption\":\"Roberto\"},\"url\":\"https:\\\/\\\/regiaonews.net.br\\\/2022\\\/author\\\/roberto\\\/\"}]}<\/script>\n<!-- \/ Yoast SEO plugin. -->","yoast_head_json":{"title":"IRCAD Am\u00e9rica Latina se prepara para celebrar 10 anos de funda\u00e7\u00e3o no Brasil - Regi\u00e3o News","robots":{"index":"index","follow":"follow","max-snippet":"max-snippet:-1","max-image-preview":"max-image-preview:large","max-video-preview":"max-video-preview:-1"},"canonical":"https:\/\/regiaonews.net.br\/2022\/2021\/02\/17\/ircad-america-latina-se-prepara-para-celebrar-10-anos-de-fundacao-no-brasil\/","og_locale":"pt_BR","og_type":"article","og_title":"IRCAD Am\u00e9rica Latina se prepara para celebrar 10 anos de funda\u00e7\u00e3o no Brasil - Regi\u00e3o News","og_description":"Um dos maiores Centros de Treinamentos em Cirurgia Minimamente Invasiva","og_url":"https:\/\/regiaonews.net.br\/2022\/2021\/02\/17\/ircad-america-latina-se-prepara-para-celebrar-10-anos-de-fundacao-no-brasil\/","og_site_name":"Regi\u00e3o News","article_published_time":"2021-02-17T18:31:19+00:00","og_image":[{"width":1280,"height":829,"url":"https:\/\/regiaonews.net.br\/2022\/wp-content\/uploads\/2021\/02\/IRCAD-America-Latina-Celebra-10-anos-no-Brasil.jpeg","type":"image\/jpeg"}],"author":"Roberto","twitter_card":"summary_large_image","twitter_misc":{"Escrito por":"Roberto","Est. tempo de leitura":"2 minutos"},"schema":{"@context":"https:\/\/schema.org","@graph":[{"@type":"Article","@id":"https:\/\/regiaonews.net.br\/2022\/2021\/02\/17\/ircad-america-latina-se-prepara-para-celebrar-10-anos-de-fundacao-no-brasil\/#article","isPartOf":{"@id":"https:\/\/regiaonews.net.br\/2022\/2021\/02\/17\/ircad-america-latina-se-prepara-para-celebrar-10-anos-de-fundacao-no-brasil\/"},"author":{"name":"Roberto","@id":"https:\/\/regiaonews.net.br\/2022\/#\/schema\/person\/2d205a608a5aa97ac279d7a5e6d89ad8"},"headline":"IRCAD Am\u00e9rica Latina se prepara para celebrar 10 anos de funda\u00e7\u00e3o no Brasil","datePublished":"2021-02-17T18:31:19+00:00","mainEntityOfPage":{"@id":"https:\/\/regiaonews.net.br\/2022\/2021\/02\/17\/ircad-america-latina-se-prepara-para-celebrar-10-anos-de-fundacao-no-brasil\/"},"wordCount":367,"commentCount":0,"publisher":{"@id":"https:\/\/regiaonews.net.br\/2022\/#organization"},"image":{"@id":"https:\/\/regiaonews.net.br\/2022\/2021\/02\/17\/ircad-america-latina-se-prepara-para-celebrar-10-anos-de-fundacao-no-brasil\/#primaryimage"},"thumbnailUrl":"https:\/\/regiaonews.net.br\/2022\/wp-content\/uploads\/2021\/02\/IRCAD-America-Latina-Celebra-10-anos-no-Brasil.jpeg","articleSection":["Barretos","Cidades"],"inLanguage":"pt-BR","potentialAction":[{"@type":"CommentAction","name":"Comment","target":["https:\/\/regiaonews.net.br\/2022\/2021\/02\/17\/ircad-america-latina-se-prepara-para-celebrar-10-anos-de-fundacao-no-brasil\/#respond"]}]},{"@type":"WebPage","@id":"https:\/\/regiaonews.net.br\/2022\/2021\/02\/17\/ircad-america-latina-se-prepara-para-celebrar-10-anos-de-fundacao-no-brasil\/","url":"https:\/\/regiaonews.net.br\/2022\/2021\/02\/17\/ircad-america-latina-se-prepara-para-celebrar-10-anos-de-fundacao-no-brasil\/","name":"IRCAD Am\u00e9rica Latina se prepara para celebrar 10 anos de funda\u00e7\u00e3o no Brasil - Regi\u00e3o News","isPartOf":{"@id":"https:\/\/regiaonews.net.br\/2022\/#website"},"primaryImageOfPage":{"@id":"https:\/\/regiaonews.net.br\/2022\/2021\/02\/17\/ircad-america-latina-se-prepara-para-celebrar-10-anos-de-fundacao-no-brasil\/#primaryimage"},"image":{"@id":"https:\/\/regiaonews.net.br\/2022\/2021\/02\/17\/ircad-america-latina-se-prepara-para-celebrar-10-anos-de-fundacao-no-brasil\/#primaryimage"},"thumbnailUrl":"https:\/\/regiaonews.net.br\/2022\/wp-content\/uploads\/2021\/02\/IRCAD-America-Latina-Celebra-10-anos-no-Brasil.jpeg","datePublished":"2021-02-17T18:31:19+00:00","breadcrumb":{"@id":"https:\/\/regiaonews.net.br\/2022\/2021\/02\/17\/ircad-america-latina-se-prepara-para-celebrar-10-anos-de-fundacao-no-brasil\/#breadcrumb"},"inLanguage":"pt-BR","potentialAction":[{"@type":"ReadAction","target":["https:\/\/regiaonews.net.br\/2022\/2021\/02\/17\/ircad-america-latina-se-prepara-para-celebrar-10-anos-de-fundacao-no-brasil\/"]}]},{"@type":"ImageObject","inLanguage":"pt-BR","@id":"https:\/\/regiaonews.net.br\/2022\/2021\/02\/17\/ircad-america-latina-se-prepara-para-celebrar-10-anos-de-fundacao-no-brasil\/#primaryimage","url":"https:\/\/regiaonews.net.br\/2022\/wp-content\/uploads\/2021\/02\/IRCAD-America-Latina-Celebra-10-anos-no-Brasil.jpeg","contentUrl":"https:\/\/regiaonews.net.br\/2022\/wp-content\/uploads\/2021\/02\/IRCAD-America-Latina-Celebra-10-anos-no-Brasil.jpeg","width":1280,"height":829},{"@type":"BreadcrumbList","@id":"https:\/\/regiaonews.net.br\/2022\/2021\/02\/17\/ircad-america-latina-se-prepara-para-celebrar-10-anos-de-fundacao-no-brasil\/#breadcrumb","itemListElement":[{"@type":"ListItem","position":1,"name":"In\u00edcio","item":"https:\/\/regiaonews.net.br\/2022\/"},{"@type":"ListItem","position":2,"name":"IRCAD Am\u00e9rica Latina se prepara para celebrar 10 anos de funda\u00e7\u00e3o no Brasil"}]},{"@type":"WebSite","@id":"https:\/\/regiaonews.net.br\/2022\/#website","url":"https:\/\/regiaonews.net.br\/2022\/","name":"Regi\u00e3o News","description":"Site de Not\u00edcias de Barretos e regi\u00e3o","publisher":{"@id":"https:\/\/regiaonews.net.br\/2022\/#organization"},"potentialAction":[{"@type":"SearchAction","target":{"@type":"EntryPoint","urlTemplate":"https:\/\/regiaonews.net.br\/2022\/?s={search_term_string}"},"query-input":{"@type":"PropertyValueSpecification","valueRequired":true,"valueName":"search_term_string"}}],"inLanguage":"pt-BR"},{"@type":"Organization","@id":"https:\/\/regiaonews.net.br\/2022\/#organization","name":"Regi\u00e3o News","url":"https:\/\/regiaonews.net.br\/2022\/","logo":{"@type":"ImageObject","inLanguage":"pt-BR","@id":"https:\/\/regiaonews.net.br\/2022\/#\/schema\/logo\/image\/","url":"https:\/\/regiaonews.net.br\/2022\/wp-content\/uploads\/2026\/03\/regiao-13-anos-scaled.jpg","contentUrl":"https:\/\/regiaonews.net.br\/2022\/wp-content\/uploads\/2026\/03\/regiao-13-anos-scaled.jpg","width":2560,"height":635,"caption":"Regi\u00e3o News"},"image":{"@id":"https:\/\/regiaonews.net.br\/2022\/#\/schema\/logo\/image\/"}},{"@type":"Person","@id":"https:\/\/regiaonews.net.br\/2022\/#\/schema\/person\/2d205a608a5aa97ac279d7a5e6d89ad8","name":"Roberto","image":{"@type":"ImageObject","inLanguage":"pt-BR","@id":"https:\/\/secure.gravatar.com\/avatar\/42749d8b712ff9d59ca93dc150494e5b55a44134482993f5baeb97e61b7ecc89?s=96&d=mm&r=g","url":"https:\/\/secure.gravatar.com\/avatar\/42749d8b712ff9d59ca93dc150494e5b55a44134482993f5baeb97e61b7ecc89?s=96&d=mm&r=g","contentUrl":"https:\/\/secure.gravatar.com\/avatar\/42749d8b712ff9d59ca93dc150494e5b55a44134482993f5baeb97e61b7ecc89?s=96&d=mm&r=g","caption":"Roberto"},"url":"https:\/\/regiaonews.net.br\/2022\/author\/roberto\/"}]}},"publishpress_future_action":{"enabled":false,"date":"2026-05-03 22:38:43","action":"change-status","newStatus":"draft","terms":[],"taxonomy":"category","extraData":[]},"publishpress_future_workflow_manual_trigger":{"enabledWorkflows":[]},"_links":{"self":[{"href":"https:\/\/regiaonews.net.br\/2022\/wp-json\/wp\/v2\/posts\/43206","targetHints":{"allow":["GET"]}}],"collection":[{"href":"https:\/\/regiaonews.net.br\/2022\/wp-json\/wp\/v2\/posts"}],"about":[{"href":"https:\/\/regiaonews.net.br\/2022\/wp-json\/wp\/v2\/types\/post"}],"author":[{"embeddable":true,"href":"https:\/\/regiaonews.net.br\/2022\/wp-json\/wp\/v2\/users\/2"}],"replies":[{"embeddable":true,"href":"https:\/\/regiaonews.net.br\/2022\/wp-json\/wp\/v2\/comments?post=43206"}],"version-history":[{"count":0,"href":"https:\/\/regiaonews.net.br\/2022\/wp-json\/wp\/v2\/posts\/43206\/revisions"}],"wp:featuredmedia":[{"embeddable":true,"href":"https:\/\/regiaonews.net.br\/2022\/wp-json\/wp\/v2\/media\/43207"}],"wp:attachment":[{"href":"https:\/\/regiaonews.net.br\/2022\/wp-json\/wp\/v2\/media?parent=43206"}],"wp:term":[{"taxonomy":"category","embeddable":true,"href":"https:\/\/regiaonews.net.br\/2022\/wp-json\/wp\/v2\/categories?post=43206"},{"taxonomy":"post_tag","embeddable":true,"href":"https:\/\/regiaonews.net.br\/2022\/wp-json\/wp\/v2\/tags?post=43206"}],"curies":[{"name":"wp","href":"https:\/\/api.w.org\/{rel}","templated":true}]}}