{"id":43086,"date":"2021-02-15T11:33:34","date_gmt":"2021-02-15T14:33:34","guid":{"rendered":"https:\/\/regiaonews.net.br\/2022\/?p=43086"},"modified":"2021-02-15T11:33:34","modified_gmt":"2021-02-15T14:33:34","slug":"comeca-o-lockdown-em-araraquara","status":"publish","type":"post","link":"https:\/\/regiaonews.net.br\/2022\/2021\/02\/15\/comeca-o-lockdown-em-araraquara\/","title":{"rendered":"Come\u00e7a o lockdown em Araraquara"},"content":{"rendered":"<p><a href=\"https:\/\/regiaonews.net.br\/2022\/wp-content\/uploads\/2021\/02\/lockdownaqa1.jpg\"><img loading=\"lazy\" decoding=\"async\" class=\"alignnone size-medium wp-image-43087\" src=\"https:\/\/regiaonews.net.br\/2022\/wp-content\/uploads\/2021\/02\/lockdownaqa1-300x200.jpg\" alt=\"\" width=\"300\" height=\"200\" \/><\/a><\/p>\n<p>A decis\u00e3o foi tomada depois da confirma\u00e7\u00e3o de que na cidade j\u00e1 circulam as variantes de Manaus e Londres, do coronav\u00edrus<\/p>\n<p>A segunda-feira (15) amanheceu com pouco movimento nas ruas de Araraquara deste que \u00e9 o primeiro de 15 dias de lockdown, decretados pela Prefeitura. A popula\u00e7\u00e3o ainda segue com in\u00fameras d\u00favidas em rela\u00e7\u00e3o as regras e a Prefeitura pouco explicou as d\u00favidas ao longo do final de semana.<\/p>\n<p>A decis\u00e3o foi tomada depois da confirma\u00e7\u00e3o de que na cidade j\u00e1 circulam as variantes de Manaus e Londres, do coronav\u00edrus. Segundo a Secretaria de Sa\u00fade, 17 pacientes foram diagnosticados pela variante da capital do amazonas e tr\u00eas com a variante da capital inglesa.<\/p>\n<p>Apenas um dos infectados esteve em Manaus, o restante das transmiss\u00f5es foi localmente. Dos tr\u00eas pacientes identificados com a variante de Londres, nenhum deles viajou para a cidade europeia.<\/p>\n<p>O principal ponto do decreto \u00e9 o que pro\u00edbe\u00a0a circula\u00e7\u00e3o de ve\u00edculos e de moradores sem finalidade relativa \u00e0 utiliza\u00e7\u00e3o ou \u00e0 presta\u00e7\u00e3o dos servi\u00e7os essenciais.<\/p>\n<p>Al\u00e9m disso, o decreto ajusta o per\u00edodo m\u00e1ximo de funcionamento de servi\u00e7os essenciais. Agora o atendimento presencial ser\u00e1 permitido at\u00e9 \u00e0s 20h. As atividades de constru\u00e7\u00e3o civil, inclu\u00eddas as lojas de tintas e de materiais para constru\u00e7\u00e3o, tamb\u00e9m est\u00e3o proibidas.<\/p>\n<p>Os postos de combust\u00edveis e derivados poder\u00e3o funcionar exclusivamente unicamente at\u00e9 \u00e0s 19h, de segunda-feira a s\u00e1bado, proibido o atendimento presencial ao p\u00fablico nas lojas de conveni\u00eancia, exceto naquelas que comportem padarias.<\/p>\n<p>Bares e restaurantes poder\u00e3o funcionar apenas por delivery ou drive-thru, o \u00faltimo apenas se o estabelecimento tiver estrutura para atender sem sair do carro. Vale lembrar tamb\u00e9m que aulas presenciais est\u00e3o permitidas apenas nas institui\u00e7\u00f5es de ensino t\u00e9cnico e superior voltadas \u00e0 \u00e1rea da sa\u00fade, com os devidos protocolos sanit\u00e1rios.<\/p>\n<p>Servi\u00e7os essenciais<\/p>\n<p>No decreto, s\u00e3o considerados essenciais: alimenta\u00e7\u00e3o (supermercados, hipermercados, a\u00e7ougues, padarias, feiras livres, cerealistas e cong\u00eaneres), estabelecimentos de sa\u00fade animal, \u00f3ticas (atendimento de um por vez) e atividades industriais.<\/p>\n<p>No entanto, tamb\u00e9m est\u00e3o estabelecidas regras para as ind\u00fastrias, como lota\u00e7\u00e3o m\u00e1xima de 30% nos transportes e distanciamento de no m\u00ednimo 3 m entre\u00a0um oper\u00e1rio e outro na entrada e na sa\u00edda da ind\u00fastria.<\/p>\n<p>Tamb\u00e9m podem funcionar transportadoras, armaz\u00e9ns e oficinas de ve\u00edculos automotores, mediante<br \/>\nagendamento, mantidas cerradas as portas; e atividades de atendimento ao p\u00fablico ou de autoatendimento em ag\u00eancias banc\u00e1rias, cooperativas de cr\u00e9dito ou estabelecimentos cong\u00eaneres, mediante a observ\u00e2ncia de filas com espa\u00e7amento de 3 m.<\/p>\n<p>Os estabelecimentos de alimenta\u00e7\u00e3o s\u00e3o obrigados a distribuir senhas a cada consumidor que ingresse no estabelecimento, limitando-se a distribui\u00e7\u00e3o de senhas a 30% da capacidade m\u00e1xima de pessoas que o estabelecimento comportar, mediante organiza\u00e7\u00e3o das filas externas com distanciamento de 3 m entre as pessoas. Al\u00e9m disso, \u00e9 permitida a entrada de apenas uma pessoa da fam\u00edlia.<\/p>\n<p>Os hospitais, cl\u00ednicas, farm\u00e1cias, lavanderias, servi\u00e7os de limpeza e postos de combust\u00edvel que comp\u00f5em a rede de abastecimento dos servi\u00e7os p\u00fablicos municipais, estaduais e federais localizados no Munic\u00edpio, bem como da Pol\u00edcia Militar, poder\u00e3o funcionar para al\u00e9m da limita\u00e7\u00e3o hor\u00e1ria.<\/p>\n<p>Servi\u00e7os essenciais p\u00fablicos<\/p>\n<p>Al\u00e9m do decreto das atividades privadas, o\u00a0 prefeito Edinho Silva tamb\u00e9m regulamentou as atividades essenciais dentro da administra\u00e7\u00e3o p\u00fablica, que tamb\u00e9m ter\u00e1 reparti\u00e7\u00f5es fechadas.<\/p>\n<p>S\u00e3o considerados servi\u00e7os essenciais e continuam funcionamento integralmente apenas aqueles prestados pela Secretaria Municipal da Sa\u00fade; Secretaria Municipal de Assist\u00eancia e Desenvolvimento Social; Secretaria Municipal de Coopera\u00e7\u00e3o dos Assuntos de Seguran\u00e7a P\u00fablica, inclusive no que tange \u00e0s atividades de Defesa Civil; Secretaria Municipal de Obras e Servi\u00e7os P\u00fablicos; FUNGOTA Araraquara; e Departamento Aut\u00f4nomo de \u00c1gua e Esgotos de Araraquara (DAAE).<\/p>\n<p>Tamb\u00e9m ser\u00e3o considerados essenciais os servi\u00e7os administrativos, bem como demais atividades-meio, prestados pelos demais \u00f3rg\u00e3os e entidades da Administra\u00e7\u00e3o P\u00fablica Municipal. Fica suspenso o atendimento presencial ao p\u00fablico pelos \u00f3rg\u00e3os e entidades da Administra\u00e7\u00e3o P\u00fablica Municipal, substitu\u00eddo por atendimento \u201con-line\u201d e telef\u00f4nico.<\/p>\n<p>fonte :saocarlosagora<\/p>\n<p>(Araraquara Agora)<\/p>\n<p>Leia mais em: https:\/\/www.saocarlosagora.com.br\/coronavirus\/comeca-o-lockdown-em-araraquara\/133975\/<\/p>\n","protected":false},"excerpt":{"rendered":"<p>A decis\u00e3o foi tomada depois da confirma\u00e7\u00e3o de que na<\/p>\n","protected":false},"author":2,"featured_media":43087,"comment_status":"open","ping_status":"open","sticky":false,"template":"","format":"standard","meta":{"footnotes":""},"categories":[77,25],"tags":[],"class_list":["post-43086","post","type-post","status-publish","format-standard","has-post-thumbnail","hentry","category-araraquara","category-cidades"],"yoast_head":"<!-- This site is optimized with the Yoast SEO plugin v27.4 - https:\/\/yoast.com\/product\/yoast-seo-wordpress\/ -->\n<title>Come\u00e7a o lockdown em Araraquara - Regi\u00e3o News<\/title>\n<meta name=\"robots\" content=\"index, follow, max-snippet:-1, max-image-preview:large, max-video-preview:-1\" \/>\n<link rel=\"canonical\" href=\"https:\/\/regiaonews.net.br\/2022\/2021\/02\/15\/comeca-o-lockdown-em-araraquara\/\" \/>\n<meta property=\"og:locale\" content=\"pt_BR\" \/>\n<meta property=\"og:type\" content=\"article\" \/>\n<meta property=\"og:title\" content=\"Come\u00e7a o lockdown em Araraquara - Regi\u00e3o News\" \/>\n<meta property=\"og:description\" content=\"A decis\u00e3o foi tomada depois da confirma\u00e7\u00e3o de que na\" \/>\n<meta property=\"og:url\" content=\"https:\/\/regiaonews.net.br\/2022\/2021\/02\/15\/comeca-o-lockdown-em-araraquara\/\" \/>\n<meta property=\"og:site_name\" content=\"Regi\u00e3o News\" \/>\n<meta property=\"article:published_time\" content=\"2021-02-15T14:33:34+00:00\" \/>\n<meta property=\"og:image\" content=\"https:\/\/regiaonews.net.br\/2022\/wp-content\/uploads\/2021\/02\/lockdownaqa1.jpg\" \/>\n\t<meta property=\"og:image:width\" content=\"768\" \/>\n\t<meta property=\"og:image:height\" content=\"512\" \/>\n\t<meta property=\"og:image:type\" content=\"image\/jpeg\" \/>\n<meta name=\"author\" content=\"Roberto\" \/>\n<meta name=\"twitter:card\" content=\"summary_large_image\" \/>\n<meta name=\"twitter:label1\" content=\"Escrito por\" \/>\n\t<meta name=\"twitter:data1\" content=\"Roberto\" \/>\n\t<meta name=\"twitter:label2\" content=\"Est. tempo de leitura\" \/>\n\t<meta name=\"twitter:data2\" content=\"4 minutos\" \/>\n<script type=\"application\/ld+json\" class=\"yoast-schema-graph\">{\"@context\":\"https:\\\/\\\/schema.org\",\"@graph\":[{\"@type\":\"Article\",\"@id\":\"https:\\\/\\\/regiaonews.net.br\\\/2022\\\/2021\\\/02\\\/15\\\/comeca-o-lockdown-em-araraquara\\\/#article\",\"isPartOf\":{\"@id\":\"https:\\\/\\\/regiaonews.net.br\\\/2022\\\/2021\\\/02\\\/15\\\/comeca-o-lockdown-em-araraquara\\\/\"},\"author\":{\"name\":\"Roberto\",\"@id\":\"https:\\\/\\\/regiaonews.net.br\\\/2022\\\/#\\\/schema\\\/person\\\/2d205a608a5aa97ac279d7a5e6d89ad8\"},\"headline\":\"Come\u00e7a o lockdown em Araraquara\",\"datePublished\":\"2021-02-15T14:33:34+00:00\",\"mainEntityOfPage\":{\"@id\":\"https:\\\/\\\/regiaonews.net.br\\\/2022\\\/2021\\\/02\\\/15\\\/comeca-o-lockdown-em-araraquara\\\/\"},\"wordCount\":749,\"commentCount\":0,\"publisher\":{\"@id\":\"https:\\\/\\\/regiaonews.net.br\\\/2022\\\/#organization\"},\"image\":{\"@id\":\"https:\\\/\\\/regiaonews.net.br\\\/2022\\\/2021\\\/02\\\/15\\\/comeca-o-lockdown-em-araraquara\\\/#primaryimage\"},\"thumbnailUrl\":\"https:\\\/\\\/regiaonews.net.br\\\/2022\\\/wp-content\\\/uploads\\\/2021\\\/02\\\/lockdownaqa1.jpg\",\"articleSection\":[\"Araraquara\",\"Cidades\"],\"inLanguage\":\"pt-BR\",\"potentialAction\":[{\"@type\":\"CommentAction\",\"name\":\"Comment\",\"target\":[\"https:\\\/\\\/regiaonews.net.br\\\/2022\\\/2021\\\/02\\\/15\\\/comeca-o-lockdown-em-araraquara\\\/#respond\"]}]},{\"@type\":\"WebPage\",\"@id\":\"https:\\\/\\\/regiaonews.net.br\\\/2022\\\/2021\\\/02\\\/15\\\/comeca-o-lockdown-em-araraquara\\\/\",\"url\":\"https:\\\/\\\/regiaonews.net.br\\\/2022\\\/2021\\\/02\\\/15\\\/comeca-o-lockdown-em-araraquara\\\/\",\"name\":\"Come\u00e7a o lockdown em Araraquara - Regi\u00e3o News\",\"isPartOf\":{\"@id\":\"https:\\\/\\\/regiaonews.net.br\\\/2022\\\/#website\"},\"primaryImageOfPage\":{\"@id\":\"https:\\\/\\\/regiaonews.net.br\\\/2022\\\/2021\\\/02\\\/15\\\/comeca-o-lockdown-em-araraquara\\\/#primaryimage\"},\"image\":{\"@id\":\"https:\\\/\\\/regiaonews.net.br\\\/2022\\\/2021\\\/02\\\/15\\\/comeca-o-lockdown-em-araraquara\\\/#primaryimage\"},\"thumbnailUrl\":\"https:\\\/\\\/regiaonews.net.br\\\/2022\\\/wp-content\\\/uploads\\\/2021\\\/02\\\/lockdownaqa1.jpg\",\"datePublished\":\"2021-02-15T14:33:34+00:00\",\"breadcrumb\":{\"@id\":\"https:\\\/\\\/regiaonews.net.br\\\/2022\\\/2021\\\/02\\\/15\\\/comeca-o-lockdown-em-araraquara\\\/#breadcrumb\"},\"inLanguage\":\"pt-BR\",\"potentialAction\":[{\"@type\":\"ReadAction\",\"target\":[\"https:\\\/\\\/regiaonews.net.br\\\/2022\\\/2021\\\/02\\\/15\\\/comeca-o-lockdown-em-araraquara\\\/\"]}]},{\"@type\":\"ImageObject\",\"inLanguage\":\"pt-BR\",\"@id\":\"https:\\\/\\\/regiaonews.net.br\\\/2022\\\/2021\\\/02\\\/15\\\/comeca-o-lockdown-em-araraquara\\\/#primaryimage\",\"url\":\"https:\\\/\\\/regiaonews.net.br\\\/2022\\\/wp-content\\\/uploads\\\/2021\\\/02\\\/lockdownaqa1.jpg\",\"contentUrl\":\"https:\\\/\\\/regiaonews.net.br\\\/2022\\\/wp-content\\\/uploads\\\/2021\\\/02\\\/lockdownaqa1.jpg\",\"width\":768,\"height\":512},{\"@type\":\"BreadcrumbList\",\"@id\":\"https:\\\/\\\/regiaonews.net.br\\\/2022\\\/2021\\\/02\\\/15\\\/comeca-o-lockdown-em-araraquara\\\/#breadcrumb\",\"itemListElement\":[{\"@type\":\"ListItem\",\"position\":1,\"name\":\"In\u00edcio\",\"item\":\"https:\\\/\\\/regiaonews.net.br\\\/2022\\\/\"},{\"@type\":\"ListItem\",\"position\":2,\"name\":\"Come\u00e7a o lockdown em Araraquara\"}]},{\"@type\":\"WebSite\",\"@id\":\"https:\\\/\\\/regiaonews.net.br\\\/2022\\\/#website\",\"url\":\"https:\\\/\\\/regiaonews.net.br\\\/2022\\\/\",\"name\":\"Regi\u00e3o News\",\"description\":\"Site de Not\u00edcias de Barretos e regi\u00e3o\",\"publisher\":{\"@id\":\"https:\\\/\\\/regiaonews.net.br\\\/2022\\\/#organization\"},\"potentialAction\":[{\"@type\":\"SearchAction\",\"target\":{\"@type\":\"EntryPoint\",\"urlTemplate\":\"https:\\\/\\\/regiaonews.net.br\\\/2022\\\/?s={search_term_string}\"},\"query-input\":{\"@type\":\"PropertyValueSpecification\",\"valueRequired\":true,\"valueName\":\"search_term_string\"}}],\"inLanguage\":\"pt-BR\"},{\"@type\":\"Organization\",\"@id\":\"https:\\\/\\\/regiaonews.net.br\\\/2022\\\/#organization\",\"name\":\"Regi\u00e3o News\",\"url\":\"https:\\\/\\\/regiaonews.net.br\\\/2022\\\/\",\"logo\":{\"@type\":\"ImageObject\",\"inLanguage\":\"pt-BR\",\"@id\":\"https:\\\/\\\/regiaonews.net.br\\\/2022\\\/#\\\/schema\\\/logo\\\/image\\\/\",\"url\":\"https:\\\/\\\/regiaonews.net.br\\\/2022\\\/wp-content\\\/uploads\\\/2026\\\/03\\\/regiao-13-anos-scaled.jpg\",\"contentUrl\":\"https:\\\/\\\/regiaonews.net.br\\\/2022\\\/wp-content\\\/uploads\\\/2026\\\/03\\\/regiao-13-anos-scaled.jpg\",\"width\":2560,\"height\":635,\"caption\":\"Regi\u00e3o News\"},\"image\":{\"@id\":\"https:\\\/\\\/regiaonews.net.br\\\/2022\\\/#\\\/schema\\\/logo\\\/image\\\/\"}},{\"@type\":\"Person\",\"@id\":\"https:\\\/\\\/regiaonews.net.br\\\/2022\\\/#\\\/schema\\\/person\\\/2d205a608a5aa97ac279d7a5e6d89ad8\",\"name\":\"Roberto\",\"image\":{\"@type\":\"ImageObject\",\"inLanguage\":\"pt-BR\",\"@id\":\"https:\\\/\\\/secure.gravatar.com\\\/avatar\\\/42749d8b712ff9d59ca93dc150494e5b55a44134482993f5baeb97e61b7ecc89?s=96&d=mm&r=g\",\"url\":\"https:\\\/\\\/secure.gravatar.com\\\/avatar\\\/42749d8b712ff9d59ca93dc150494e5b55a44134482993f5baeb97e61b7ecc89?s=96&d=mm&r=g\",\"contentUrl\":\"https:\\\/\\\/secure.gravatar.com\\\/avatar\\\/42749d8b712ff9d59ca93dc150494e5b55a44134482993f5baeb97e61b7ecc89?s=96&d=mm&r=g\",\"caption\":\"Roberto\"},\"url\":\"https:\\\/\\\/regiaonews.net.br\\\/2022\\\/author\\\/roberto\\\/\"}]}<\/script>\n<!-- \/ Yoast SEO plugin. -->","yoast_head_json":{"title":"Come\u00e7a o lockdown em Araraquara - Regi\u00e3o News","robots":{"index":"index","follow":"follow","max-snippet":"max-snippet:-1","max-image-preview":"max-image-preview:large","max-video-preview":"max-video-preview:-1"},"canonical":"https:\/\/regiaonews.net.br\/2022\/2021\/02\/15\/comeca-o-lockdown-em-araraquara\/","og_locale":"pt_BR","og_type":"article","og_title":"Come\u00e7a o lockdown em Araraquara - Regi\u00e3o News","og_description":"A decis\u00e3o foi tomada depois da confirma\u00e7\u00e3o de que na","og_url":"https:\/\/regiaonews.net.br\/2022\/2021\/02\/15\/comeca-o-lockdown-em-araraquara\/","og_site_name":"Regi\u00e3o News","article_published_time":"2021-02-15T14:33:34+00:00","og_image":[{"width":768,"height":512,"url":"https:\/\/regiaonews.net.br\/2022\/wp-content\/uploads\/2021\/02\/lockdownaqa1.jpg","type":"image\/jpeg"}],"author":"Roberto","twitter_card":"summary_large_image","twitter_misc":{"Escrito por":"Roberto","Est. tempo de leitura":"4 minutos"},"schema":{"@context":"https:\/\/schema.org","@graph":[{"@type":"Article","@id":"https:\/\/regiaonews.net.br\/2022\/2021\/02\/15\/comeca-o-lockdown-em-araraquara\/#article","isPartOf":{"@id":"https:\/\/regiaonews.net.br\/2022\/2021\/02\/15\/comeca-o-lockdown-em-araraquara\/"},"author":{"name":"Roberto","@id":"https:\/\/regiaonews.net.br\/2022\/#\/schema\/person\/2d205a608a5aa97ac279d7a5e6d89ad8"},"headline":"Come\u00e7a o lockdown em Araraquara","datePublished":"2021-02-15T14:33:34+00:00","mainEntityOfPage":{"@id":"https:\/\/regiaonews.net.br\/2022\/2021\/02\/15\/comeca-o-lockdown-em-araraquara\/"},"wordCount":749,"commentCount":0,"publisher":{"@id":"https:\/\/regiaonews.net.br\/2022\/#organization"},"image":{"@id":"https:\/\/regiaonews.net.br\/2022\/2021\/02\/15\/comeca-o-lockdown-em-araraquara\/#primaryimage"},"thumbnailUrl":"https:\/\/regiaonews.net.br\/2022\/wp-content\/uploads\/2021\/02\/lockdownaqa1.jpg","articleSection":["Araraquara","Cidades"],"inLanguage":"pt-BR","potentialAction":[{"@type":"CommentAction","name":"Comment","target":["https:\/\/regiaonews.net.br\/2022\/2021\/02\/15\/comeca-o-lockdown-em-araraquara\/#respond"]}]},{"@type":"WebPage","@id":"https:\/\/regiaonews.net.br\/2022\/2021\/02\/15\/comeca-o-lockdown-em-araraquara\/","url":"https:\/\/regiaonews.net.br\/2022\/2021\/02\/15\/comeca-o-lockdown-em-araraquara\/","name":"Come\u00e7a o lockdown em Araraquara - Regi\u00e3o News","isPartOf":{"@id":"https:\/\/regiaonews.net.br\/2022\/#website"},"primaryImageOfPage":{"@id":"https:\/\/regiaonews.net.br\/2022\/2021\/02\/15\/comeca-o-lockdown-em-araraquara\/#primaryimage"},"image":{"@id":"https:\/\/regiaonews.net.br\/2022\/2021\/02\/15\/comeca-o-lockdown-em-araraquara\/#primaryimage"},"thumbnailUrl":"https:\/\/regiaonews.net.br\/2022\/wp-content\/uploads\/2021\/02\/lockdownaqa1.jpg","datePublished":"2021-02-15T14:33:34+00:00","breadcrumb":{"@id":"https:\/\/regiaonews.net.br\/2022\/2021\/02\/15\/comeca-o-lockdown-em-araraquara\/#breadcrumb"},"inLanguage":"pt-BR","potentialAction":[{"@type":"ReadAction","target":["https:\/\/regiaonews.net.br\/2022\/2021\/02\/15\/comeca-o-lockdown-em-araraquara\/"]}]},{"@type":"ImageObject","inLanguage":"pt-BR","@id":"https:\/\/regiaonews.net.br\/2022\/2021\/02\/15\/comeca-o-lockdown-em-araraquara\/#primaryimage","url":"https:\/\/regiaonews.net.br\/2022\/wp-content\/uploads\/2021\/02\/lockdownaqa1.jpg","contentUrl":"https:\/\/regiaonews.net.br\/2022\/wp-content\/uploads\/2021\/02\/lockdownaqa1.jpg","width":768,"height":512},{"@type":"BreadcrumbList","@id":"https:\/\/regiaonews.net.br\/2022\/2021\/02\/15\/comeca-o-lockdown-em-araraquara\/#breadcrumb","itemListElement":[{"@type":"ListItem","position":1,"name":"In\u00edcio","item":"https:\/\/regiaonews.net.br\/2022\/"},{"@type":"ListItem","position":2,"name":"Come\u00e7a o lockdown em Araraquara"}]},{"@type":"WebSite","@id":"https:\/\/regiaonews.net.br\/2022\/#website","url":"https:\/\/regiaonews.net.br\/2022\/","name":"Regi\u00e3o News","description":"Site de Not\u00edcias de Barretos e regi\u00e3o","publisher":{"@id":"https:\/\/regiaonews.net.br\/2022\/#organization"},"potentialAction":[{"@type":"SearchAction","target":{"@type":"EntryPoint","urlTemplate":"https:\/\/regiaonews.net.br\/2022\/?s={search_term_string}"},"query-input":{"@type":"PropertyValueSpecification","valueRequired":true,"valueName":"search_term_string"}}],"inLanguage":"pt-BR"},{"@type":"Organization","@id":"https:\/\/regiaonews.net.br\/2022\/#organization","name":"Regi\u00e3o News","url":"https:\/\/regiaonews.net.br\/2022\/","logo":{"@type":"ImageObject","inLanguage":"pt-BR","@id":"https:\/\/regiaonews.net.br\/2022\/#\/schema\/logo\/image\/","url":"https:\/\/regiaonews.net.br\/2022\/wp-content\/uploads\/2026\/03\/regiao-13-anos-scaled.jpg","contentUrl":"https:\/\/regiaonews.net.br\/2022\/wp-content\/uploads\/2026\/03\/regiao-13-anos-scaled.jpg","width":2560,"height":635,"caption":"Regi\u00e3o News"},"image":{"@id":"https:\/\/regiaonews.net.br\/2022\/#\/schema\/logo\/image\/"}},{"@type":"Person","@id":"https:\/\/regiaonews.net.br\/2022\/#\/schema\/person\/2d205a608a5aa97ac279d7a5e6d89ad8","name":"Roberto","image":{"@type":"ImageObject","inLanguage":"pt-BR","@id":"https:\/\/secure.gravatar.com\/avatar\/42749d8b712ff9d59ca93dc150494e5b55a44134482993f5baeb97e61b7ecc89?s=96&d=mm&r=g","url":"https:\/\/secure.gravatar.com\/avatar\/42749d8b712ff9d59ca93dc150494e5b55a44134482993f5baeb97e61b7ecc89?s=96&d=mm&r=g","contentUrl":"https:\/\/secure.gravatar.com\/avatar\/42749d8b712ff9d59ca93dc150494e5b55a44134482993f5baeb97e61b7ecc89?s=96&d=mm&r=g","caption":"Roberto"},"url":"https:\/\/regiaonews.net.br\/2022\/author\/roberto\/"}]}},"publishpress_future_action":{"enabled":false,"date":"2026-05-02 06:51:30","action":"change-status","newStatus":"draft","terms":[],"taxonomy":"category","extraData":[]},"publishpress_future_workflow_manual_trigger":{"enabledWorkflows":[]},"_links":{"self":[{"href":"https:\/\/regiaonews.net.br\/2022\/wp-json\/wp\/v2\/posts\/43086","targetHints":{"allow":["GET"]}}],"collection":[{"href":"https:\/\/regiaonews.net.br\/2022\/wp-json\/wp\/v2\/posts"}],"about":[{"href":"https:\/\/regiaonews.net.br\/2022\/wp-json\/wp\/v2\/types\/post"}],"author":[{"embeddable":true,"href":"https:\/\/regiaonews.net.br\/2022\/wp-json\/wp\/v2\/users\/2"}],"replies":[{"embeddable":true,"href":"https:\/\/regiaonews.net.br\/2022\/wp-json\/wp\/v2\/comments?post=43086"}],"version-history":[{"count":0,"href":"https:\/\/regiaonews.net.br\/2022\/wp-json\/wp\/v2\/posts\/43086\/revisions"}],"wp:featuredmedia":[{"embeddable":true,"href":"https:\/\/regiaonews.net.br\/2022\/wp-json\/wp\/v2\/media\/43087"}],"wp:attachment":[{"href":"https:\/\/regiaonews.net.br\/2022\/wp-json\/wp\/v2\/media?parent=43086"}],"wp:term":[{"taxonomy":"category","embeddable":true,"href":"https:\/\/regiaonews.net.br\/2022\/wp-json\/wp\/v2\/categories?post=43086"},{"taxonomy":"post_tag","embeddable":true,"href":"https:\/\/regiaonews.net.br\/2022\/wp-json\/wp\/v2\/tags?post=43086"}],"curies":[{"name":"wp","href":"https:\/\/api.w.org\/{rel}","templated":true}]}}