{"id":43083,"date":"2021-02-15T10:54:38","date_gmt":"2021-02-15T13:54:38","guid":{"rendered":"https:\/\/regiaonews.net.br\/2022\/?p=43083"},"modified":"2021-02-15T10:54:38","modified_gmt":"2021-02-15T13:54:38","slug":"dom-milton-ressalta-inicio-da-quarema-e-tema-da-campanha-da-fraternidade","status":"publish","type":"post","link":"https:\/\/regiaonews.net.br\/2022\/2021\/02\/15\/dom-milton-ressalta-inicio-da-quarema-e-tema-da-campanha-da-fraternidade\/","title":{"rendered":"Dom Milton ressalta in\u00edcio da Quarema e tema da Campanha da Fraternidade"},"content":{"rendered":"<p><a href=\"https:\/\/regiaonews.net.br\/2022\/wp-content\/uploads\/2021\/02\/e180d860-faad-4d34-bf9f-1760f5600954.jpg\"><img loading=\"lazy\" decoding=\"async\" class=\"alignnone size-medium wp-image-43084\" src=\"https:\/\/regiaonews.net.br\/2022\/wp-content\/uploads\/2021\/02\/e180d860-faad-4d34-bf9f-1760f5600954-300x264.jpg\" alt=\"\" width=\"300\" height=\"264\" \/><\/a><\/p>\n<p>Foto \u2013 Dom Milton Kenan J\u00fanior, bispo diocesano de Barretos<\/p>\n<p>O Bispo Diocesano de Barretos Dom Milton Kenan J\u00fanior divulgou circular ressaltando o in\u00edcio do tempo da Quaresma, a partir da pr\u00f3xima quarta-feira (17). O religioso destacou que ao celebrar o rito da ben\u00e7\u00e3o e imposi\u00e7\u00e3o das cinzas, ser\u00e1 iniciado o tempo da Quaresma. \u201cEsse per\u00edodo nos conduzir\u00e1 \u00e0 celebra\u00e7\u00e3o do Mist\u00e9rio Pascal, ou seja, \u00e0 celebra\u00e7\u00e3o da Paix\u00e3o, Morte e Ressurrei\u00e7\u00e3o de Nosso Senhor Jesus Cristo. O tempo da Quaresma \u00e9, para n\u00f3s crist\u00e3os cat\u00f3licos, um tempo de gra\u00e7a, pois nos permite \u00e0 luz da Palavra de Deus, durante 40 dias, dispor nossos cora\u00e7\u00f5es \u00e0 convers\u00e3o\u201d, ressaltou Dom Milton.<br \/>\nNeste per\u00edodo quaresmal, a Igreja do Brasil realiza a Campanha da Fraternidade (CF), com o tema: \u201cFraternidade e Di\u00e1logo: compromisso de amor\u201d e o lema \u201cCristo \u00e9 a nossa paz\u201d. \u201cNuma sociedade pluralista, o di\u00e1logo \u00e9 o caminho mais adequado para se chegar a reconhecer\u201d, afirmou Dom Milton. O religioso celebra missa nesta quarta-feira de cinzas, \u00e0s 19h30, na Catedral.<\/p>\n","protected":false},"excerpt":{"rendered":"<p>Foto \u2013 Dom Milton Kenan J\u00fanior, bispo diocesano de Barretos<\/p>\n","protected":false},"author":2,"featured_media":43084,"comment_status":"open","ping_status":"open","sticky":false,"template":"","format":"standard","meta":{"footnotes":""},"categories":[14,25],"tags":[],"class_list":["post-43083","post","type-post","status-publish","format-standard","has-post-thumbnail","hentry","category-barretos","category-cidades"],"yoast_head":"<!-- This site is optimized with the Yoast SEO plugin v27.4 - https:\/\/yoast.com\/product\/yoast-seo-wordpress\/ -->\n<title>Dom Milton ressalta in\u00edcio da Quarema e tema da Campanha da Fraternidade - Regi\u00e3o News<\/title>\n<meta name=\"robots\" content=\"index, follow, max-snippet:-1, max-image-preview:large, max-video-preview:-1\" \/>\n<link rel=\"canonical\" href=\"https:\/\/regiaonews.net.br\/2022\/2021\/02\/15\/dom-milton-ressalta-inicio-da-quarema-e-tema-da-campanha-da-fraternidade\/\" \/>\n<meta property=\"og:locale\" content=\"pt_BR\" \/>\n<meta property=\"og:type\" content=\"article\" \/>\n<meta property=\"og:title\" content=\"Dom Milton ressalta in\u00edcio da Quarema e tema da Campanha da Fraternidade - Regi\u00e3o News\" \/>\n<meta property=\"og:description\" content=\"Foto \u2013 Dom Milton Kenan J\u00fanior, bispo diocesano de Barretos\" \/>\n<meta property=\"og:url\" content=\"https:\/\/regiaonews.net.br\/2022\/2021\/02\/15\/dom-milton-ressalta-inicio-da-quarema-e-tema-da-campanha-da-fraternidade\/\" \/>\n<meta property=\"og:site_name\" content=\"Regi\u00e3o News\" \/>\n<meta property=\"article:published_time\" content=\"2021-02-15T13:54:38+00:00\" \/>\n<meta property=\"og:image\" content=\"https:\/\/regiaonews.net.br\/2022\/wp-content\/uploads\/2021\/02\/e180d860-faad-4d34-bf9f-1760f5600954.jpg\" \/>\n\t<meta property=\"og:image:width\" content=\"610\" \/>\n\t<meta property=\"og:image:height\" content=\"536\" \/>\n\t<meta property=\"og:image:type\" content=\"image\/jpeg\" \/>\n<meta name=\"author\" content=\"Roberto\" \/>\n<meta name=\"twitter:card\" content=\"summary_large_image\" \/>\n<meta name=\"twitter:label1\" content=\"Escrito por\" \/>\n\t<meta name=\"twitter:data1\" content=\"Roberto\" \/>\n\t<meta name=\"twitter:label2\" content=\"Est. tempo de leitura\" \/>\n\t<meta name=\"twitter:data2\" content=\"1 minuto\" \/>\n<script type=\"application\/ld+json\" class=\"yoast-schema-graph\">{\"@context\":\"https:\\\/\\\/schema.org\",\"@graph\":[{\"@type\":\"Article\",\"@id\":\"https:\\\/\\\/regiaonews.net.br\\\/2022\\\/2021\\\/02\\\/15\\\/dom-milton-ressalta-inicio-da-quarema-e-tema-da-campanha-da-fraternidade\\\/#article\",\"isPartOf\":{\"@id\":\"https:\\\/\\\/regiaonews.net.br\\\/2022\\\/2021\\\/02\\\/15\\\/dom-milton-ressalta-inicio-da-quarema-e-tema-da-campanha-da-fraternidade\\\/\"},\"author\":{\"name\":\"Roberto\",\"@id\":\"https:\\\/\\\/regiaonews.net.br\\\/2022\\\/#\\\/schema\\\/person\\\/2d205a608a5aa97ac279d7a5e6d89ad8\"},\"headline\":\"Dom Milton ressalta in\u00edcio da Quarema e tema da Campanha da Fraternidade\",\"datePublished\":\"2021-02-15T13:54:38+00:00\",\"mainEntityOfPage\":{\"@id\":\"https:\\\/\\\/regiaonews.net.br\\\/2022\\\/2021\\\/02\\\/15\\\/dom-milton-ressalta-inicio-da-quarema-e-tema-da-campanha-da-fraternidade\\\/\"},\"wordCount\":194,\"commentCount\":0,\"publisher\":{\"@id\":\"https:\\\/\\\/regiaonews.net.br\\\/2022\\\/#organization\"},\"image\":{\"@id\":\"https:\\\/\\\/regiaonews.net.br\\\/2022\\\/2021\\\/02\\\/15\\\/dom-milton-ressalta-inicio-da-quarema-e-tema-da-campanha-da-fraternidade\\\/#primaryimage\"},\"thumbnailUrl\":\"https:\\\/\\\/regiaonews.net.br\\\/2022\\\/wp-content\\\/uploads\\\/2021\\\/02\\\/e180d860-faad-4d34-bf9f-1760f5600954.jpg\",\"articleSection\":[\"Barretos\",\"Cidades\"],\"inLanguage\":\"pt-BR\",\"potentialAction\":[{\"@type\":\"CommentAction\",\"name\":\"Comment\",\"target\":[\"https:\\\/\\\/regiaonews.net.br\\\/2022\\\/2021\\\/02\\\/15\\\/dom-milton-ressalta-inicio-da-quarema-e-tema-da-campanha-da-fraternidade\\\/#respond\"]}]},{\"@type\":\"WebPage\",\"@id\":\"https:\\\/\\\/regiaonews.net.br\\\/2022\\\/2021\\\/02\\\/15\\\/dom-milton-ressalta-inicio-da-quarema-e-tema-da-campanha-da-fraternidade\\\/\",\"url\":\"https:\\\/\\\/regiaonews.net.br\\\/2022\\\/2021\\\/02\\\/15\\\/dom-milton-ressalta-inicio-da-quarema-e-tema-da-campanha-da-fraternidade\\\/\",\"name\":\"Dom Milton ressalta in\u00edcio da Quarema e tema da Campanha da Fraternidade - Regi\u00e3o News\",\"isPartOf\":{\"@id\":\"https:\\\/\\\/regiaonews.net.br\\\/2022\\\/#website\"},\"primaryImageOfPage\":{\"@id\":\"https:\\\/\\\/regiaonews.net.br\\\/2022\\\/2021\\\/02\\\/15\\\/dom-milton-ressalta-inicio-da-quarema-e-tema-da-campanha-da-fraternidade\\\/#primaryimage\"},\"image\":{\"@id\":\"https:\\\/\\\/regiaonews.net.br\\\/2022\\\/2021\\\/02\\\/15\\\/dom-milton-ressalta-inicio-da-quarema-e-tema-da-campanha-da-fraternidade\\\/#primaryimage\"},\"thumbnailUrl\":\"https:\\\/\\\/regiaonews.net.br\\\/2022\\\/wp-content\\\/uploads\\\/2021\\\/02\\\/e180d860-faad-4d34-bf9f-1760f5600954.jpg\",\"datePublished\":\"2021-02-15T13:54:38+00:00\",\"breadcrumb\":{\"@id\":\"https:\\\/\\\/regiaonews.net.br\\\/2022\\\/2021\\\/02\\\/15\\\/dom-milton-ressalta-inicio-da-quarema-e-tema-da-campanha-da-fraternidade\\\/#breadcrumb\"},\"inLanguage\":\"pt-BR\",\"potentialAction\":[{\"@type\":\"ReadAction\",\"target\":[\"https:\\\/\\\/regiaonews.net.br\\\/2022\\\/2021\\\/02\\\/15\\\/dom-milton-ressalta-inicio-da-quarema-e-tema-da-campanha-da-fraternidade\\\/\"]}]},{\"@type\":\"ImageObject\",\"inLanguage\":\"pt-BR\",\"@id\":\"https:\\\/\\\/regiaonews.net.br\\\/2022\\\/2021\\\/02\\\/15\\\/dom-milton-ressalta-inicio-da-quarema-e-tema-da-campanha-da-fraternidade\\\/#primaryimage\",\"url\":\"https:\\\/\\\/regiaonews.net.br\\\/2022\\\/wp-content\\\/uploads\\\/2021\\\/02\\\/e180d860-faad-4d34-bf9f-1760f5600954.jpg\",\"contentUrl\":\"https:\\\/\\\/regiaonews.net.br\\\/2022\\\/wp-content\\\/uploads\\\/2021\\\/02\\\/e180d860-faad-4d34-bf9f-1760f5600954.jpg\",\"width\":610,\"height\":536},{\"@type\":\"BreadcrumbList\",\"@id\":\"https:\\\/\\\/regiaonews.net.br\\\/2022\\\/2021\\\/02\\\/15\\\/dom-milton-ressalta-inicio-da-quarema-e-tema-da-campanha-da-fraternidade\\\/#breadcrumb\",\"itemListElement\":[{\"@type\":\"ListItem\",\"position\":1,\"name\":\"In\u00edcio\",\"item\":\"https:\\\/\\\/regiaonews.net.br\\\/2022\\\/\"},{\"@type\":\"ListItem\",\"position\":2,\"name\":\"Dom Milton ressalta in\u00edcio da Quarema e tema da Campanha da Fraternidade\"}]},{\"@type\":\"WebSite\",\"@id\":\"https:\\\/\\\/regiaonews.net.br\\\/2022\\\/#website\",\"url\":\"https:\\\/\\\/regiaonews.net.br\\\/2022\\\/\",\"name\":\"Regi\u00e3o News\",\"description\":\"Site de Not\u00edcias de Barretos e regi\u00e3o\",\"publisher\":{\"@id\":\"https:\\\/\\\/regiaonews.net.br\\\/2022\\\/#organization\"},\"potentialAction\":[{\"@type\":\"SearchAction\",\"target\":{\"@type\":\"EntryPoint\",\"urlTemplate\":\"https:\\\/\\\/regiaonews.net.br\\\/2022\\\/?s={search_term_string}\"},\"query-input\":{\"@type\":\"PropertyValueSpecification\",\"valueRequired\":true,\"valueName\":\"search_term_string\"}}],\"inLanguage\":\"pt-BR\"},{\"@type\":\"Organization\",\"@id\":\"https:\\\/\\\/regiaonews.net.br\\\/2022\\\/#organization\",\"name\":\"Regi\u00e3o News\",\"url\":\"https:\\\/\\\/regiaonews.net.br\\\/2022\\\/\",\"logo\":{\"@type\":\"ImageObject\",\"inLanguage\":\"pt-BR\",\"@id\":\"https:\\\/\\\/regiaonews.net.br\\\/2022\\\/#\\\/schema\\\/logo\\\/image\\\/\",\"url\":\"https:\\\/\\\/regiaonews.net.br\\\/2022\\\/wp-content\\\/uploads\\\/2026\\\/03\\\/regiao-13-anos-scaled.jpg\",\"contentUrl\":\"https:\\\/\\\/regiaonews.net.br\\\/2022\\\/wp-content\\\/uploads\\\/2026\\\/03\\\/regiao-13-anos-scaled.jpg\",\"width\":2560,\"height\":635,\"caption\":\"Regi\u00e3o News\"},\"image\":{\"@id\":\"https:\\\/\\\/regiaonews.net.br\\\/2022\\\/#\\\/schema\\\/logo\\\/image\\\/\"}},{\"@type\":\"Person\",\"@id\":\"https:\\\/\\\/regiaonews.net.br\\\/2022\\\/#\\\/schema\\\/person\\\/2d205a608a5aa97ac279d7a5e6d89ad8\",\"name\":\"Roberto\",\"image\":{\"@type\":\"ImageObject\",\"inLanguage\":\"pt-BR\",\"@id\":\"https:\\\/\\\/secure.gravatar.com\\\/avatar\\\/42749d8b712ff9d59ca93dc150494e5b55a44134482993f5baeb97e61b7ecc89?s=96&d=mm&r=g\",\"url\":\"https:\\\/\\\/secure.gravatar.com\\\/avatar\\\/42749d8b712ff9d59ca93dc150494e5b55a44134482993f5baeb97e61b7ecc89?s=96&d=mm&r=g\",\"contentUrl\":\"https:\\\/\\\/secure.gravatar.com\\\/avatar\\\/42749d8b712ff9d59ca93dc150494e5b55a44134482993f5baeb97e61b7ecc89?s=96&d=mm&r=g\",\"caption\":\"Roberto\"},\"url\":\"https:\\\/\\\/regiaonews.net.br\\\/2022\\\/author\\\/roberto\\\/\"}]}<\/script>\n<!-- \/ Yoast SEO plugin. -->","yoast_head_json":{"title":"Dom Milton ressalta in\u00edcio da Quarema e tema da Campanha da Fraternidade - Regi\u00e3o News","robots":{"index":"index","follow":"follow","max-snippet":"max-snippet:-1","max-image-preview":"max-image-preview:large","max-video-preview":"max-video-preview:-1"},"canonical":"https:\/\/regiaonews.net.br\/2022\/2021\/02\/15\/dom-milton-ressalta-inicio-da-quarema-e-tema-da-campanha-da-fraternidade\/","og_locale":"pt_BR","og_type":"article","og_title":"Dom Milton ressalta in\u00edcio da Quarema e tema da Campanha da Fraternidade - Regi\u00e3o News","og_description":"Foto \u2013 Dom Milton Kenan J\u00fanior, bispo diocesano de Barretos","og_url":"https:\/\/regiaonews.net.br\/2022\/2021\/02\/15\/dom-milton-ressalta-inicio-da-quarema-e-tema-da-campanha-da-fraternidade\/","og_site_name":"Regi\u00e3o News","article_published_time":"2021-02-15T13:54:38+00:00","og_image":[{"width":610,"height":536,"url":"https:\/\/regiaonews.net.br\/2022\/wp-content\/uploads\/2021\/02\/e180d860-faad-4d34-bf9f-1760f5600954.jpg","type":"image\/jpeg"}],"author":"Roberto","twitter_card":"summary_large_image","twitter_misc":{"Escrito por":"Roberto","Est. tempo de leitura":"1 minuto"},"schema":{"@context":"https:\/\/schema.org","@graph":[{"@type":"Article","@id":"https:\/\/regiaonews.net.br\/2022\/2021\/02\/15\/dom-milton-ressalta-inicio-da-quarema-e-tema-da-campanha-da-fraternidade\/#article","isPartOf":{"@id":"https:\/\/regiaonews.net.br\/2022\/2021\/02\/15\/dom-milton-ressalta-inicio-da-quarema-e-tema-da-campanha-da-fraternidade\/"},"author":{"name":"Roberto","@id":"https:\/\/regiaonews.net.br\/2022\/#\/schema\/person\/2d205a608a5aa97ac279d7a5e6d89ad8"},"headline":"Dom Milton ressalta in\u00edcio da Quarema e tema da Campanha da Fraternidade","datePublished":"2021-02-15T13:54:38+00:00","mainEntityOfPage":{"@id":"https:\/\/regiaonews.net.br\/2022\/2021\/02\/15\/dom-milton-ressalta-inicio-da-quarema-e-tema-da-campanha-da-fraternidade\/"},"wordCount":194,"commentCount":0,"publisher":{"@id":"https:\/\/regiaonews.net.br\/2022\/#organization"},"image":{"@id":"https:\/\/regiaonews.net.br\/2022\/2021\/02\/15\/dom-milton-ressalta-inicio-da-quarema-e-tema-da-campanha-da-fraternidade\/#primaryimage"},"thumbnailUrl":"https:\/\/regiaonews.net.br\/2022\/wp-content\/uploads\/2021\/02\/e180d860-faad-4d34-bf9f-1760f5600954.jpg","articleSection":["Barretos","Cidades"],"inLanguage":"pt-BR","potentialAction":[{"@type":"CommentAction","name":"Comment","target":["https:\/\/regiaonews.net.br\/2022\/2021\/02\/15\/dom-milton-ressalta-inicio-da-quarema-e-tema-da-campanha-da-fraternidade\/#respond"]}]},{"@type":"WebPage","@id":"https:\/\/regiaonews.net.br\/2022\/2021\/02\/15\/dom-milton-ressalta-inicio-da-quarema-e-tema-da-campanha-da-fraternidade\/","url":"https:\/\/regiaonews.net.br\/2022\/2021\/02\/15\/dom-milton-ressalta-inicio-da-quarema-e-tema-da-campanha-da-fraternidade\/","name":"Dom Milton ressalta in\u00edcio da Quarema e tema da Campanha da Fraternidade - Regi\u00e3o News","isPartOf":{"@id":"https:\/\/regiaonews.net.br\/2022\/#website"},"primaryImageOfPage":{"@id":"https:\/\/regiaonews.net.br\/2022\/2021\/02\/15\/dom-milton-ressalta-inicio-da-quarema-e-tema-da-campanha-da-fraternidade\/#primaryimage"},"image":{"@id":"https:\/\/regiaonews.net.br\/2022\/2021\/02\/15\/dom-milton-ressalta-inicio-da-quarema-e-tema-da-campanha-da-fraternidade\/#primaryimage"},"thumbnailUrl":"https:\/\/regiaonews.net.br\/2022\/wp-content\/uploads\/2021\/02\/e180d860-faad-4d34-bf9f-1760f5600954.jpg","datePublished":"2021-02-15T13:54:38+00:00","breadcrumb":{"@id":"https:\/\/regiaonews.net.br\/2022\/2021\/02\/15\/dom-milton-ressalta-inicio-da-quarema-e-tema-da-campanha-da-fraternidade\/#breadcrumb"},"inLanguage":"pt-BR","potentialAction":[{"@type":"ReadAction","target":["https:\/\/regiaonews.net.br\/2022\/2021\/02\/15\/dom-milton-ressalta-inicio-da-quarema-e-tema-da-campanha-da-fraternidade\/"]}]},{"@type":"ImageObject","inLanguage":"pt-BR","@id":"https:\/\/regiaonews.net.br\/2022\/2021\/02\/15\/dom-milton-ressalta-inicio-da-quarema-e-tema-da-campanha-da-fraternidade\/#primaryimage","url":"https:\/\/regiaonews.net.br\/2022\/wp-content\/uploads\/2021\/02\/e180d860-faad-4d34-bf9f-1760f5600954.jpg","contentUrl":"https:\/\/regiaonews.net.br\/2022\/wp-content\/uploads\/2021\/02\/e180d860-faad-4d34-bf9f-1760f5600954.jpg","width":610,"height":536},{"@type":"BreadcrumbList","@id":"https:\/\/regiaonews.net.br\/2022\/2021\/02\/15\/dom-milton-ressalta-inicio-da-quarema-e-tema-da-campanha-da-fraternidade\/#breadcrumb","itemListElement":[{"@type":"ListItem","position":1,"name":"In\u00edcio","item":"https:\/\/regiaonews.net.br\/2022\/"},{"@type":"ListItem","position":2,"name":"Dom Milton ressalta in\u00edcio da Quarema e tema da Campanha da Fraternidade"}]},{"@type":"WebSite","@id":"https:\/\/regiaonews.net.br\/2022\/#website","url":"https:\/\/regiaonews.net.br\/2022\/","name":"Regi\u00e3o News","description":"Site de Not\u00edcias de Barretos e regi\u00e3o","publisher":{"@id":"https:\/\/regiaonews.net.br\/2022\/#organization"},"potentialAction":[{"@type":"SearchAction","target":{"@type":"EntryPoint","urlTemplate":"https:\/\/regiaonews.net.br\/2022\/?s={search_term_string}"},"query-input":{"@type":"PropertyValueSpecification","valueRequired":true,"valueName":"search_term_string"}}],"inLanguage":"pt-BR"},{"@type":"Organization","@id":"https:\/\/regiaonews.net.br\/2022\/#organization","name":"Regi\u00e3o News","url":"https:\/\/regiaonews.net.br\/2022\/","logo":{"@type":"ImageObject","inLanguage":"pt-BR","@id":"https:\/\/regiaonews.net.br\/2022\/#\/schema\/logo\/image\/","url":"https:\/\/regiaonews.net.br\/2022\/wp-content\/uploads\/2026\/03\/regiao-13-anos-scaled.jpg","contentUrl":"https:\/\/regiaonews.net.br\/2022\/wp-content\/uploads\/2026\/03\/regiao-13-anos-scaled.jpg","width":2560,"height":635,"caption":"Regi\u00e3o News"},"image":{"@id":"https:\/\/regiaonews.net.br\/2022\/#\/schema\/logo\/image\/"}},{"@type":"Person","@id":"https:\/\/regiaonews.net.br\/2022\/#\/schema\/person\/2d205a608a5aa97ac279d7a5e6d89ad8","name":"Roberto","image":{"@type":"ImageObject","inLanguage":"pt-BR","@id":"https:\/\/secure.gravatar.com\/avatar\/42749d8b712ff9d59ca93dc150494e5b55a44134482993f5baeb97e61b7ecc89?s=96&d=mm&r=g","url":"https:\/\/secure.gravatar.com\/avatar\/42749d8b712ff9d59ca93dc150494e5b55a44134482993f5baeb97e61b7ecc89?s=96&d=mm&r=g","contentUrl":"https:\/\/secure.gravatar.com\/avatar\/42749d8b712ff9d59ca93dc150494e5b55a44134482993f5baeb97e61b7ecc89?s=96&d=mm&r=g","caption":"Roberto"},"url":"https:\/\/regiaonews.net.br\/2022\/author\/roberto\/"}]}},"publishpress_future_action":{"enabled":false,"date":"2026-05-02 05:08:46","action":"change-status","newStatus":"draft","terms":[],"taxonomy":"category","extraData":[]},"publishpress_future_workflow_manual_trigger":{"enabledWorkflows":[]},"_links":{"self":[{"href":"https:\/\/regiaonews.net.br\/2022\/wp-json\/wp\/v2\/posts\/43083","targetHints":{"allow":["GET"]}}],"collection":[{"href":"https:\/\/regiaonews.net.br\/2022\/wp-json\/wp\/v2\/posts"}],"about":[{"href":"https:\/\/regiaonews.net.br\/2022\/wp-json\/wp\/v2\/types\/post"}],"author":[{"embeddable":true,"href":"https:\/\/regiaonews.net.br\/2022\/wp-json\/wp\/v2\/users\/2"}],"replies":[{"embeddable":true,"href":"https:\/\/regiaonews.net.br\/2022\/wp-json\/wp\/v2\/comments?post=43083"}],"version-history":[{"count":0,"href":"https:\/\/regiaonews.net.br\/2022\/wp-json\/wp\/v2\/posts\/43083\/revisions"}],"wp:featuredmedia":[{"embeddable":true,"href":"https:\/\/regiaonews.net.br\/2022\/wp-json\/wp\/v2\/media\/43084"}],"wp:attachment":[{"href":"https:\/\/regiaonews.net.br\/2022\/wp-json\/wp\/v2\/media?parent=43083"}],"wp:term":[{"taxonomy":"category","embeddable":true,"href":"https:\/\/regiaonews.net.br\/2022\/wp-json\/wp\/v2\/categories?post=43083"},{"taxonomy":"post_tag","embeddable":true,"href":"https:\/\/regiaonews.net.br\/2022\/wp-json\/wp\/v2\/tags?post=43083"}],"curies":[{"name":"wp","href":"https:\/\/api.w.org\/{rel}","templated":true}]}}