{"id":42890,"date":"2021-02-10T09:46:18","date_gmt":"2021-02-10T12:46:18","guid":{"rendered":"https:\/\/regiaonews.net.br\/2022\/?p=42890"},"modified":"2021-02-10T09:46:18","modified_gmt":"2021-02-10T12:46:18","slug":"prefeitura-revoga-portaria-do-ex-prefeito-guilherme","status":"publish","type":"post","link":"https:\/\/regiaonews.net.br\/2022\/2021\/02\/10\/prefeitura-revoga-portaria-do-ex-prefeito-guilherme\/","title":{"rendered":"Prefeitura revoga portaria do ex-prefeito Guilherme"},"content":{"rendered":"<p><a href=\"https:\/\/regiaonews.net.br\/2022\/wp-content\/uploads\/2017\/01\/prefeitura-nova-1.jpg\"><img loading=\"lazy\" decoding=\"async\" class=\"alignnone size-medium wp-image-2762\" src=\"https:\/\/regiaonews.net.br\/2022\/wp-content\/uploads\/2017\/01\/prefeitura-nova-1-300x185.jpg\" alt=\"\" width=\"300\" height=\"185\" \/><\/a><\/p>\n<p>A Prefeitura de Barretos, esclareceu que a portaria n\u00ba 30.019 de 2 de fevereiro de 2021, revogou a portaria n\u00ba 29.974 de 20 de janeiro de 2021, que cedia o servidor Guilherme \u00c1vila, ex-prefeito de Barretos, para atuar no Sindicato dos Servidores P\u00fablicos do Munic\u00edpio de Barretos. Em nota, a secretaria municipal de Neg\u00f3cios Jur\u00eddicos, esclareceu que solicitou junto ao Tribunal de Justi\u00e7a de S\u00e3o Paulo, informa\u00e7\u00f5es sobre o teor que determinou o afastamento do cargo de prefeito e o proibiu de acessar a pr\u00e9dios p\u00fablicos, em dezembro de 2020. \u201cA decis\u00e3o nos autos do processo n\u00ba2280670-12.2020.8.26.0000 n\u00e3o menciona se ele pode ou n\u00e3o retornar ao cargo de origem ao final do mandato, qual seja, o de fisioterapeuta, atuando como servidor efetivo\u201d, finaliza.<\/p>\n","protected":false},"excerpt":{"rendered":"<p>A Prefeitura de Barretos, esclareceu que a portaria n\u00ba 30.019<\/p>\n","protected":false},"author":2,"featured_media":8056,"comment_status":"open","ping_status":"open","sticky":false,"template":"","format":"standard","meta":{"footnotes":""},"categories":[14,25],"tags":[],"class_list":["post-42890","post","type-post","status-publish","format-standard","has-post-thumbnail","hentry","category-barretos","category-cidades"],"yoast_head":"<!-- This site is optimized with the Yoast SEO plugin v27.4 - https:\/\/yoast.com\/product\/yoast-seo-wordpress\/ -->\n<title>Prefeitura revoga portaria do ex-prefeito Guilherme - Regi\u00e3o News<\/title>\n<meta name=\"robots\" content=\"index, follow, max-snippet:-1, max-image-preview:large, max-video-preview:-1\" \/>\n<link rel=\"canonical\" href=\"https:\/\/regiaonews.net.br\/2022\/2021\/02\/10\/prefeitura-revoga-portaria-do-ex-prefeito-guilherme\/\" \/>\n<meta property=\"og:locale\" content=\"pt_BR\" \/>\n<meta property=\"og:type\" content=\"article\" \/>\n<meta property=\"og:title\" content=\"Prefeitura revoga portaria do ex-prefeito Guilherme - Regi\u00e3o News\" \/>\n<meta property=\"og:description\" content=\"A Prefeitura de Barretos, esclareceu que a portaria n\u00ba 30.019\" \/>\n<meta property=\"og:url\" content=\"https:\/\/regiaonews.net.br\/2022\/2021\/02\/10\/prefeitura-revoga-portaria-do-ex-prefeito-guilherme\/\" \/>\n<meta property=\"og:site_name\" content=\"Regi\u00e3o News\" \/>\n<meta property=\"article:published_time\" content=\"2021-02-10T12:46:18+00:00\" \/>\n<meta property=\"og:image\" content=\"https:\/\/regiaonews.net.br\/2022\/wp-content\/uploads\/2017\/09\/Prefeitura-Municipal-de-Barretos1.jpg\" \/>\n\t<meta property=\"og:image:width\" content=\"620\" \/>\n\t<meta property=\"og:image:height\" content=\"465\" \/>\n\t<meta property=\"og:image:type\" content=\"image\/jpeg\" \/>\n<meta name=\"author\" content=\"Roberto\" \/>\n<meta name=\"twitter:card\" content=\"summary_large_image\" \/>\n<meta name=\"twitter:label1\" content=\"Escrito por\" \/>\n\t<meta name=\"twitter:data1\" content=\"Roberto\" \/>\n\t<meta name=\"twitter:label2\" content=\"Est. tempo de leitura\" \/>\n\t<meta name=\"twitter:data2\" content=\"1 minuto\" \/>\n<script type=\"application\/ld+json\" class=\"yoast-schema-graph\">{\"@context\":\"https:\\\/\\\/schema.org\",\"@graph\":[{\"@type\":\"Article\",\"@id\":\"https:\\\/\\\/regiaonews.net.br\\\/2022\\\/2021\\\/02\\\/10\\\/prefeitura-revoga-portaria-do-ex-prefeito-guilherme\\\/#article\",\"isPartOf\":{\"@id\":\"https:\\\/\\\/regiaonews.net.br\\\/2022\\\/2021\\\/02\\\/10\\\/prefeitura-revoga-portaria-do-ex-prefeito-guilherme\\\/\"},\"author\":{\"name\":\"Roberto\",\"@id\":\"https:\\\/\\\/regiaonews.net.br\\\/2022\\\/#\\\/schema\\\/person\\\/2d205a608a5aa97ac279d7a5e6d89ad8\"},\"headline\":\"Prefeitura revoga portaria do ex-prefeito Guilherme\",\"datePublished\":\"2021-02-10T12:46:18+00:00\",\"mainEntityOfPage\":{\"@id\":\"https:\\\/\\\/regiaonews.net.br\\\/2022\\\/2021\\\/02\\\/10\\\/prefeitura-revoga-portaria-do-ex-prefeito-guilherme\\\/\"},\"wordCount\":135,\"commentCount\":0,\"publisher\":{\"@id\":\"https:\\\/\\\/regiaonews.net.br\\\/2022\\\/#organization\"},\"image\":{\"@id\":\"https:\\\/\\\/regiaonews.net.br\\\/2022\\\/2021\\\/02\\\/10\\\/prefeitura-revoga-portaria-do-ex-prefeito-guilherme\\\/#primaryimage\"},\"thumbnailUrl\":\"https:\\\/\\\/regiaonews.net.br\\\/2022\\\/wp-content\\\/uploads\\\/2017\\\/09\\\/Prefeitura-Municipal-de-Barretos1.jpg\",\"articleSection\":[\"Barretos\",\"Cidades\"],\"inLanguage\":\"pt-BR\",\"potentialAction\":[{\"@type\":\"CommentAction\",\"name\":\"Comment\",\"target\":[\"https:\\\/\\\/regiaonews.net.br\\\/2022\\\/2021\\\/02\\\/10\\\/prefeitura-revoga-portaria-do-ex-prefeito-guilherme\\\/#respond\"]}]},{\"@type\":\"WebPage\",\"@id\":\"https:\\\/\\\/regiaonews.net.br\\\/2022\\\/2021\\\/02\\\/10\\\/prefeitura-revoga-portaria-do-ex-prefeito-guilherme\\\/\",\"url\":\"https:\\\/\\\/regiaonews.net.br\\\/2022\\\/2021\\\/02\\\/10\\\/prefeitura-revoga-portaria-do-ex-prefeito-guilherme\\\/\",\"name\":\"Prefeitura revoga portaria do ex-prefeito Guilherme - Regi\u00e3o News\",\"isPartOf\":{\"@id\":\"https:\\\/\\\/regiaonews.net.br\\\/2022\\\/#website\"},\"primaryImageOfPage\":{\"@id\":\"https:\\\/\\\/regiaonews.net.br\\\/2022\\\/2021\\\/02\\\/10\\\/prefeitura-revoga-portaria-do-ex-prefeito-guilherme\\\/#primaryimage\"},\"image\":{\"@id\":\"https:\\\/\\\/regiaonews.net.br\\\/2022\\\/2021\\\/02\\\/10\\\/prefeitura-revoga-portaria-do-ex-prefeito-guilherme\\\/#primaryimage\"},\"thumbnailUrl\":\"https:\\\/\\\/regiaonews.net.br\\\/2022\\\/wp-content\\\/uploads\\\/2017\\\/09\\\/Prefeitura-Municipal-de-Barretos1.jpg\",\"datePublished\":\"2021-02-10T12:46:18+00:00\",\"breadcrumb\":{\"@id\":\"https:\\\/\\\/regiaonews.net.br\\\/2022\\\/2021\\\/02\\\/10\\\/prefeitura-revoga-portaria-do-ex-prefeito-guilherme\\\/#breadcrumb\"},\"inLanguage\":\"pt-BR\",\"potentialAction\":[{\"@type\":\"ReadAction\",\"target\":[\"https:\\\/\\\/regiaonews.net.br\\\/2022\\\/2021\\\/02\\\/10\\\/prefeitura-revoga-portaria-do-ex-prefeito-guilherme\\\/\"]}]},{\"@type\":\"ImageObject\",\"inLanguage\":\"pt-BR\",\"@id\":\"https:\\\/\\\/regiaonews.net.br\\\/2022\\\/2021\\\/02\\\/10\\\/prefeitura-revoga-portaria-do-ex-prefeito-guilherme\\\/#primaryimage\",\"url\":\"https:\\\/\\\/regiaonews.net.br\\\/2022\\\/wp-content\\\/uploads\\\/2017\\\/09\\\/Prefeitura-Municipal-de-Barretos1.jpg\",\"contentUrl\":\"https:\\\/\\\/regiaonews.net.br\\\/2022\\\/wp-content\\\/uploads\\\/2017\\\/09\\\/Prefeitura-Municipal-de-Barretos1.jpg\",\"width\":620,\"height\":465},{\"@type\":\"BreadcrumbList\",\"@id\":\"https:\\\/\\\/regiaonews.net.br\\\/2022\\\/2021\\\/02\\\/10\\\/prefeitura-revoga-portaria-do-ex-prefeito-guilherme\\\/#breadcrumb\",\"itemListElement\":[{\"@type\":\"ListItem\",\"position\":1,\"name\":\"In\u00edcio\",\"item\":\"https:\\\/\\\/regiaonews.net.br\\\/2022\\\/\"},{\"@type\":\"ListItem\",\"position\":2,\"name\":\"Prefeitura revoga portaria do ex-prefeito Guilherme\"}]},{\"@type\":\"WebSite\",\"@id\":\"https:\\\/\\\/regiaonews.net.br\\\/2022\\\/#website\",\"url\":\"https:\\\/\\\/regiaonews.net.br\\\/2022\\\/\",\"name\":\"Regi\u00e3o News\",\"description\":\"Site de Not\u00edcias de Barretos e regi\u00e3o\",\"publisher\":{\"@id\":\"https:\\\/\\\/regiaonews.net.br\\\/2022\\\/#organization\"},\"potentialAction\":[{\"@type\":\"SearchAction\",\"target\":{\"@type\":\"EntryPoint\",\"urlTemplate\":\"https:\\\/\\\/regiaonews.net.br\\\/2022\\\/?s={search_term_string}\"},\"query-input\":{\"@type\":\"PropertyValueSpecification\",\"valueRequired\":true,\"valueName\":\"search_term_string\"}}],\"inLanguage\":\"pt-BR\"},{\"@type\":\"Organization\",\"@id\":\"https:\\\/\\\/regiaonews.net.br\\\/2022\\\/#organization\",\"name\":\"Regi\u00e3o News\",\"url\":\"https:\\\/\\\/regiaonews.net.br\\\/2022\\\/\",\"logo\":{\"@type\":\"ImageObject\",\"inLanguage\":\"pt-BR\",\"@id\":\"https:\\\/\\\/regiaonews.net.br\\\/2022\\\/#\\\/schema\\\/logo\\\/image\\\/\",\"url\":\"https:\\\/\\\/regiaonews.net.br\\\/2022\\\/wp-content\\\/uploads\\\/2026\\\/03\\\/regiao-13-anos-scaled.jpg\",\"contentUrl\":\"https:\\\/\\\/regiaonews.net.br\\\/2022\\\/wp-content\\\/uploads\\\/2026\\\/03\\\/regiao-13-anos-scaled.jpg\",\"width\":2560,\"height\":635,\"caption\":\"Regi\u00e3o News\"},\"image\":{\"@id\":\"https:\\\/\\\/regiaonews.net.br\\\/2022\\\/#\\\/schema\\\/logo\\\/image\\\/\"}},{\"@type\":\"Person\",\"@id\":\"https:\\\/\\\/regiaonews.net.br\\\/2022\\\/#\\\/schema\\\/person\\\/2d205a608a5aa97ac279d7a5e6d89ad8\",\"name\":\"Roberto\",\"image\":{\"@type\":\"ImageObject\",\"inLanguage\":\"pt-BR\",\"@id\":\"https:\\\/\\\/secure.gravatar.com\\\/avatar\\\/42749d8b712ff9d59ca93dc150494e5b55a44134482993f5baeb97e61b7ecc89?s=96&d=mm&r=g\",\"url\":\"https:\\\/\\\/secure.gravatar.com\\\/avatar\\\/42749d8b712ff9d59ca93dc150494e5b55a44134482993f5baeb97e61b7ecc89?s=96&d=mm&r=g\",\"contentUrl\":\"https:\\\/\\\/secure.gravatar.com\\\/avatar\\\/42749d8b712ff9d59ca93dc150494e5b55a44134482993f5baeb97e61b7ecc89?s=96&d=mm&r=g\",\"caption\":\"Roberto\"},\"url\":\"https:\\\/\\\/regiaonews.net.br\\\/2022\\\/author\\\/roberto\\\/\"}]}<\/script>\n<!-- \/ Yoast SEO plugin. -->","yoast_head_json":{"title":"Prefeitura revoga portaria do ex-prefeito Guilherme - Regi\u00e3o News","robots":{"index":"index","follow":"follow","max-snippet":"max-snippet:-1","max-image-preview":"max-image-preview:large","max-video-preview":"max-video-preview:-1"},"canonical":"https:\/\/regiaonews.net.br\/2022\/2021\/02\/10\/prefeitura-revoga-portaria-do-ex-prefeito-guilherme\/","og_locale":"pt_BR","og_type":"article","og_title":"Prefeitura revoga portaria do ex-prefeito Guilherme - Regi\u00e3o News","og_description":"A Prefeitura de Barretos, esclareceu que a portaria n\u00ba 30.019","og_url":"https:\/\/regiaonews.net.br\/2022\/2021\/02\/10\/prefeitura-revoga-portaria-do-ex-prefeito-guilherme\/","og_site_name":"Regi\u00e3o News","article_published_time":"2021-02-10T12:46:18+00:00","og_image":[{"width":620,"height":465,"url":"https:\/\/regiaonews.net.br\/2022\/wp-content\/uploads\/2017\/09\/Prefeitura-Municipal-de-Barretos1.jpg","type":"image\/jpeg"}],"author":"Roberto","twitter_card":"summary_large_image","twitter_misc":{"Escrito por":"Roberto","Est. tempo de leitura":"1 minuto"},"schema":{"@context":"https:\/\/schema.org","@graph":[{"@type":"Article","@id":"https:\/\/regiaonews.net.br\/2022\/2021\/02\/10\/prefeitura-revoga-portaria-do-ex-prefeito-guilherme\/#article","isPartOf":{"@id":"https:\/\/regiaonews.net.br\/2022\/2021\/02\/10\/prefeitura-revoga-portaria-do-ex-prefeito-guilherme\/"},"author":{"name":"Roberto","@id":"https:\/\/regiaonews.net.br\/2022\/#\/schema\/person\/2d205a608a5aa97ac279d7a5e6d89ad8"},"headline":"Prefeitura revoga portaria do ex-prefeito Guilherme","datePublished":"2021-02-10T12:46:18+00:00","mainEntityOfPage":{"@id":"https:\/\/regiaonews.net.br\/2022\/2021\/02\/10\/prefeitura-revoga-portaria-do-ex-prefeito-guilherme\/"},"wordCount":135,"commentCount":0,"publisher":{"@id":"https:\/\/regiaonews.net.br\/2022\/#organization"},"image":{"@id":"https:\/\/regiaonews.net.br\/2022\/2021\/02\/10\/prefeitura-revoga-portaria-do-ex-prefeito-guilherme\/#primaryimage"},"thumbnailUrl":"https:\/\/regiaonews.net.br\/2022\/wp-content\/uploads\/2017\/09\/Prefeitura-Municipal-de-Barretos1.jpg","articleSection":["Barretos","Cidades"],"inLanguage":"pt-BR","potentialAction":[{"@type":"CommentAction","name":"Comment","target":["https:\/\/regiaonews.net.br\/2022\/2021\/02\/10\/prefeitura-revoga-portaria-do-ex-prefeito-guilherme\/#respond"]}]},{"@type":"WebPage","@id":"https:\/\/regiaonews.net.br\/2022\/2021\/02\/10\/prefeitura-revoga-portaria-do-ex-prefeito-guilherme\/","url":"https:\/\/regiaonews.net.br\/2022\/2021\/02\/10\/prefeitura-revoga-portaria-do-ex-prefeito-guilherme\/","name":"Prefeitura revoga portaria do ex-prefeito Guilherme - Regi\u00e3o News","isPartOf":{"@id":"https:\/\/regiaonews.net.br\/2022\/#website"},"primaryImageOfPage":{"@id":"https:\/\/regiaonews.net.br\/2022\/2021\/02\/10\/prefeitura-revoga-portaria-do-ex-prefeito-guilherme\/#primaryimage"},"image":{"@id":"https:\/\/regiaonews.net.br\/2022\/2021\/02\/10\/prefeitura-revoga-portaria-do-ex-prefeito-guilherme\/#primaryimage"},"thumbnailUrl":"https:\/\/regiaonews.net.br\/2022\/wp-content\/uploads\/2017\/09\/Prefeitura-Municipal-de-Barretos1.jpg","datePublished":"2021-02-10T12:46:18+00:00","breadcrumb":{"@id":"https:\/\/regiaonews.net.br\/2022\/2021\/02\/10\/prefeitura-revoga-portaria-do-ex-prefeito-guilherme\/#breadcrumb"},"inLanguage":"pt-BR","potentialAction":[{"@type":"ReadAction","target":["https:\/\/regiaonews.net.br\/2022\/2021\/02\/10\/prefeitura-revoga-portaria-do-ex-prefeito-guilherme\/"]}]},{"@type":"ImageObject","inLanguage":"pt-BR","@id":"https:\/\/regiaonews.net.br\/2022\/2021\/02\/10\/prefeitura-revoga-portaria-do-ex-prefeito-guilherme\/#primaryimage","url":"https:\/\/regiaonews.net.br\/2022\/wp-content\/uploads\/2017\/09\/Prefeitura-Municipal-de-Barretos1.jpg","contentUrl":"https:\/\/regiaonews.net.br\/2022\/wp-content\/uploads\/2017\/09\/Prefeitura-Municipal-de-Barretos1.jpg","width":620,"height":465},{"@type":"BreadcrumbList","@id":"https:\/\/regiaonews.net.br\/2022\/2021\/02\/10\/prefeitura-revoga-portaria-do-ex-prefeito-guilherme\/#breadcrumb","itemListElement":[{"@type":"ListItem","position":1,"name":"In\u00edcio","item":"https:\/\/regiaonews.net.br\/2022\/"},{"@type":"ListItem","position":2,"name":"Prefeitura revoga portaria do ex-prefeito Guilherme"}]},{"@type":"WebSite","@id":"https:\/\/regiaonews.net.br\/2022\/#website","url":"https:\/\/regiaonews.net.br\/2022\/","name":"Regi\u00e3o News","description":"Site de Not\u00edcias de Barretos e regi\u00e3o","publisher":{"@id":"https:\/\/regiaonews.net.br\/2022\/#organization"},"potentialAction":[{"@type":"SearchAction","target":{"@type":"EntryPoint","urlTemplate":"https:\/\/regiaonews.net.br\/2022\/?s={search_term_string}"},"query-input":{"@type":"PropertyValueSpecification","valueRequired":true,"valueName":"search_term_string"}}],"inLanguage":"pt-BR"},{"@type":"Organization","@id":"https:\/\/regiaonews.net.br\/2022\/#organization","name":"Regi\u00e3o News","url":"https:\/\/regiaonews.net.br\/2022\/","logo":{"@type":"ImageObject","inLanguage":"pt-BR","@id":"https:\/\/regiaonews.net.br\/2022\/#\/schema\/logo\/image\/","url":"https:\/\/regiaonews.net.br\/2022\/wp-content\/uploads\/2026\/03\/regiao-13-anos-scaled.jpg","contentUrl":"https:\/\/regiaonews.net.br\/2022\/wp-content\/uploads\/2026\/03\/regiao-13-anos-scaled.jpg","width":2560,"height":635,"caption":"Regi\u00e3o News"},"image":{"@id":"https:\/\/regiaonews.net.br\/2022\/#\/schema\/logo\/image\/"}},{"@type":"Person","@id":"https:\/\/regiaonews.net.br\/2022\/#\/schema\/person\/2d205a608a5aa97ac279d7a5e6d89ad8","name":"Roberto","image":{"@type":"ImageObject","inLanguage":"pt-BR","@id":"https:\/\/secure.gravatar.com\/avatar\/42749d8b712ff9d59ca93dc150494e5b55a44134482993f5baeb97e61b7ecc89?s=96&d=mm&r=g","url":"https:\/\/secure.gravatar.com\/avatar\/42749d8b712ff9d59ca93dc150494e5b55a44134482993f5baeb97e61b7ecc89?s=96&d=mm&r=g","contentUrl":"https:\/\/secure.gravatar.com\/avatar\/42749d8b712ff9d59ca93dc150494e5b55a44134482993f5baeb97e61b7ecc89?s=96&d=mm&r=g","caption":"Roberto"},"url":"https:\/\/regiaonews.net.br\/2022\/author\/roberto\/"}]}},"publishpress_future_action":{"enabled":false,"date":"2026-05-03 09:22:33","action":"change-status","newStatus":"draft","terms":[],"taxonomy":"category","extraData":[]},"publishpress_future_workflow_manual_trigger":{"enabledWorkflows":[]},"_links":{"self":[{"href":"https:\/\/regiaonews.net.br\/2022\/wp-json\/wp\/v2\/posts\/42890","targetHints":{"allow":["GET"]}}],"collection":[{"href":"https:\/\/regiaonews.net.br\/2022\/wp-json\/wp\/v2\/posts"}],"about":[{"href":"https:\/\/regiaonews.net.br\/2022\/wp-json\/wp\/v2\/types\/post"}],"author":[{"embeddable":true,"href":"https:\/\/regiaonews.net.br\/2022\/wp-json\/wp\/v2\/users\/2"}],"replies":[{"embeddable":true,"href":"https:\/\/regiaonews.net.br\/2022\/wp-json\/wp\/v2\/comments?post=42890"}],"version-history":[{"count":0,"href":"https:\/\/regiaonews.net.br\/2022\/wp-json\/wp\/v2\/posts\/42890\/revisions"}],"wp:featuredmedia":[{"embeddable":true,"href":"https:\/\/regiaonews.net.br\/2022\/wp-json\/wp\/v2\/media\/8056"}],"wp:attachment":[{"href":"https:\/\/regiaonews.net.br\/2022\/wp-json\/wp\/v2\/media?parent=42890"}],"wp:term":[{"taxonomy":"category","embeddable":true,"href":"https:\/\/regiaonews.net.br\/2022\/wp-json\/wp\/v2\/categories?post=42890"},{"taxonomy":"post_tag","embeddable":true,"href":"https:\/\/regiaonews.net.br\/2022\/wp-json\/wp\/v2\/tags?post=42890"}],"curies":[{"name":"wp","href":"https:\/\/api.w.org\/{rel}","templated":true}]}}