{"id":42682,"date":"2021-02-05T10:38:37","date_gmt":"2021-02-05T13:38:37","guid":{"rendered":"https:\/\/regiaonews.net.br\/2022\/?p=42682"},"modified":"2021-02-05T10:38:37","modified_gmt":"2021-02-05T13:38:37","slug":"comerciante-e-detido-por-anunciar-churrasco-gratis-pra-quem-matar-joao-doria-em-restaurante-na-zona-sul-de-sp","status":"publish","type":"post","link":"https:\/\/regiaonews.net.br\/2022\/2021\/02\/05\/comerciante-e-detido-por-anunciar-churrasco-gratis-pra-quem-matar-joao-doria-em-restaurante-na-zona-sul-de-sp\/","title":{"rendered":"Comerciante \u00e9 detido por anunciar &#8216;churrasco gr\u00e1tis pra quem matar Jo\u00e3o Doria&#8217; em restaurante na Zona Sul de SP"},"content":{"rendered":"<div class=\"mc-column content-text active-extra-styles \" data-block-type=\"unstyled\" data-block-weight=\"50\" data-block-id=\"2\">\n<p data-track-category=\"Link no Texto\" data-track-links=\"\"><a href=\"https:\/\/regiaonews.net.br\/2022\/wp-content\/uploads\/2021\/02\/whatsapp-image-2021-02-04-at-20.52.34.jpeg\"><img loading=\"lazy\" decoding=\"async\" class=\"alignnone size-medium wp-image-42683\" src=\"https:\/\/regiaonews.net.br\/2022\/wp-content\/uploads\/2021\/02\/whatsapp-image-2021-02-04-at-20.52.34-300x181.jpeg\" alt=\"\" width=\"300\" height=\"181\" \/><\/a><\/p>\n<p class=\"content-text__container \" data-track-category=\"Link no Texto\" data-track-links=\"\">Um comerciante foi detido nesta quinta-feira (4) em\u00a0<a href=\"https:\/\/g1.globo.com\/sp\/sao-paulo\/\">S\u00e3o Paulo<\/a>\u00a0por anunciar em seu restaurante \u201cum ano de churrasco gr\u00e1tis pra quem matar o Jo\u00e3o Doria Jr\u201d. O an\u00fancio estava em um cartaz na frente da churrascaria La Casa de Parrilla, na Vila Mariana, Zona Sul de S\u00e3o Paulo.<\/p>\n<\/div>\n<div class=\"wall protected-content\">\n<div class=\"mc-column content-text active-extra-styles \" data-block-type=\"unstyled\" data-block-weight=\"48\" data-block-id=\"3\">\n<p class=\"content-text__container \" data-track-category=\"Link no Texto\" data-track-links=\"\">O dono do estabelecimento, um homem de 40 anos, foi levado por policiais para o 96\u00ba Distrito Policial (DP), no Itaim Bibi, onde foi registrado um termo circunstanciado por incita\u00e7\u00e3o ao crime. De acordo com a Secretaria de Seguran\u00e7a P\u00fablica (SSP), o comerciante vai responder em liberdade.<\/p>\n<\/div>\n<div class=\"mc-column content-text active-extra-styles \" data-block-type=\"unstyled\" data-block-weight=\"33\" data-block-id=\"4\">\n<p class=\"content-text__container \" data-track-category=\"Link no Texto\" data-track-links=\"\">&#8220;Ele prestou depoimento e se comprometeu a comparecer em ju\u00edzo. A autoridade policial solicitou per\u00edcia para a lousa e encaminhou o caso ao Juizado Especial Criminal (Jecrim)&#8221;, disse a SSP em nota.<\/p>\n<\/div>\n<div class=\"mc-column content-text active-extra-styles \" data-block-type=\"unstyled\" data-block-weight=\"51\" data-block-id=\"5\">\n<p class=\"content-text__container \" data-track-category=\"Link no Texto\" data-track-links=\"\">A incita\u00e7\u00e3o \u00e0 morte de algu\u00e9m \u00e9 um crime previsto no C\u00f3digo Penal com pena de deten\u00e7\u00e3o de 3 a 6 meses ou multa. Como \u00e9 considerado um crime de pequeno potencial ofensivo, o juiz pode optar por penas alternativas, a pedido do Minist\u00e9rio P\u00fablico, como presta\u00e7\u00e3o de servi\u00e7os \u00e0 comunidade.<\/p>\n<\/div>\n<div class=\"mc-column content-text active-extra-styles \" data-block-type=\"unstyled\" data-block-weight=\"36\" data-block-id=\"6\">\n<p class=\"content-text__container \" data-track-category=\"Link no Texto\" data-track-links=\"\">O governador de S\u00e3o Paulo,\u00a0<a href=\"https:\/\/g1.globo.com\/politica\/politico\/joao-doria\/\">Jo\u00e3o Doria<\/a>\u00a0(PSDB), virou alvo de cr\u00edticas de donos de bares e restaurantes por conta das medidas restritivas impostas pelo<a href=\"https:\/\/g1.globo.com\/sp\/sao-paulo\/noticia\/2021\/01\/23\/entenda-as-fases-do-plano-sao-paulo-que-regulamenta-o-que-pode-funcionar-na-quarentena-em-sp-veja-perguntas-e-respostas.ghtml\">\u00a0Plano S\u00e3o Paulo, que determina as regras da quarentena<\/a>\u00a0estadual.<\/p>\n<\/div>\n<div class=\"content-ads content-ads--reveal\" data-block-type=\"ads\" data-block-id=\"7\"><\/div>\n<div class=\"mc-column content-text active-extra-styles \" data-block-type=\"unstyled\" data-block-weight=\"67\" data-block-id=\"8\">\n<p class=\"content-text__container \" data-track-category=\"Link no Texto\" data-track-links=\"\">O<a href=\"https:\/\/g1.globo.com\/sp\/sao-paulo\/noticia\/2021\/01\/22\/governo-de-sp-coloca-estado-na-fase-vermelha-da-quarentena-aos-finais-de-semana-e-a-partir-das-20h-nos-dias-uteis.ghtml\">\u00a0fechamento de todo o com\u00e9rcio aos finais de semana<\/a>\u00a0foi estabelecido pelo governo em 22 de janeiro, ap\u00f3s uma sequ\u00eancia de aumento nos n\u00fameros de casos e mortes por coronav\u00edrus no estado. A regra valeria at\u00e9 o dia 7 de fevereiro, mas o governo de S\u00e3o Paulo\u00a0<a href=\"https:\/\/g1.globo.com\/sp\/sao-paulo\/noticia\/2021\/02\/03\/governo-de-sp-suspende-endurecimento-da-quarentena-aos-finais-de-semana-e-no-periodo-noturno.ghtml\">suspendeu nesta quarta-feira (3) o decreto e voltou a permitir o funcionamento<\/a>\u00a0de restaurantes aos s\u00e1bados e domingos.<\/p>\n<\/div>\n<div class=\"mc-column content-text active-extra-styles \" data-block-type=\"unstyled\" data-block-weight=\"32\" data-block-id=\"9\">\n<p class=\"content-text__container \" data-track-category=\"Link no Texto\" data-track-links=\"\">Empres\u00e1rios donos de bares e restaurantes ligados \u00e0 Associa\u00e7\u00e3o Brasileira de Bares e Restaurantes (Abrasel) fizeram nesta ter\u00e7a-feira (2)\u00a0<a href=\"https:\/\/g1.globo.com\/sp\/sao-paulo\/noticia\/2021\/02\/02\/donos-de-bares-e-restaurantes-fazem-novo-protesto-contra-fechamento-do-setor-a-noite-e-aos-finais-de-semana-em-sp.ghtml\">um protesto na Avenida Paulista<\/a>\u00a0contra as medidas restritivas impostas ao setor.<\/p>\n<\/div>\n<div class=\"row medium-uncollapsed content-media content-photo\" data-block-type=\"backstage-photo\" data-block-id=\"10\">\n<div class=\"mc-column content-media__container\"><\/div>\n<\/div>\n<\/div>\n","protected":false},"excerpt":{"rendered":"<p>Um comerciante foi detido nesta quinta-feira (4) em\u00a0S\u00e3o Paulo\u00a0por anunciar<\/p>\n","protected":false},"author":2,"featured_media":42683,"comment_status":"open","ping_status":"open","sticky":false,"template":"","format":"standard","meta":{"footnotes":""},"categories":[25,7,23],"tags":[],"class_list":["post-42682","post","type-post","status-publish","format-standard","has-post-thumbnail","hentry","category-cidades","category-estado-de-sao-paulo","category-policia"],"yoast_head":"<!-- This site is optimized with the Yoast SEO plugin v27.4 - https:\/\/yoast.com\/product\/yoast-seo-wordpress\/ -->\n<title>Comerciante \u00e9 detido por anunciar &#039;churrasco gr\u00e1tis pra quem matar Jo\u00e3o Doria&#039; em restaurante na Zona Sul de SP - Regi\u00e3o News<\/title>\n<meta name=\"robots\" content=\"index, follow, max-snippet:-1, max-image-preview:large, max-video-preview:-1\" \/>\n<link rel=\"canonical\" href=\"https:\/\/regiaonews.net.br\/2022\/2021\/02\/05\/comerciante-e-detido-por-anunciar-churrasco-gratis-pra-quem-matar-joao-doria-em-restaurante-na-zona-sul-de-sp\/\" \/>\n<meta property=\"og:locale\" content=\"pt_BR\" \/>\n<meta property=\"og:type\" content=\"article\" \/>\n<meta property=\"og:title\" content=\"Comerciante \u00e9 detido por anunciar &#039;churrasco gr\u00e1tis pra quem matar Jo\u00e3o Doria&#039; em restaurante na Zona Sul de SP - Regi\u00e3o News\" \/>\n<meta property=\"og:description\" content=\"Um comerciante foi detido nesta quinta-feira (4) em\u00a0S\u00e3o Paulo\u00a0por anunciar\" \/>\n<meta property=\"og:url\" content=\"https:\/\/regiaonews.net.br\/2022\/2021\/02\/05\/comerciante-e-detido-por-anunciar-churrasco-gratis-pra-quem-matar-joao-doria-em-restaurante-na-zona-sul-de-sp\/\" \/>\n<meta property=\"og:site_name\" content=\"Regi\u00e3o News\" \/>\n<meta property=\"article:published_time\" content=\"2021-02-05T13:38:37+00:00\" \/>\n<meta property=\"og:image\" content=\"https:\/\/regiaonews.net.br\/2022\/wp-content\/uploads\/2021\/02\/whatsapp-image-2021-02-04-at-20.52.34.jpeg\" \/>\n\t<meta property=\"og:image:width\" content=\"984\" \/>\n\t<meta property=\"og:image:height\" content=\"595\" \/>\n\t<meta property=\"og:image:type\" content=\"image\/jpeg\" \/>\n<meta name=\"author\" content=\"Roberto\" \/>\n<meta name=\"twitter:card\" content=\"summary_large_image\" \/>\n<meta name=\"twitter:label1\" content=\"Escrito por\" \/>\n\t<meta name=\"twitter:data1\" content=\"Roberto\" \/>\n\t<meta name=\"twitter:label2\" content=\"Est. tempo de leitura\" \/>\n\t<meta name=\"twitter:data2\" content=\"2 minutos\" \/>\n<script type=\"application\/ld+json\" class=\"yoast-schema-graph\">{\"@context\":\"https:\\\/\\\/schema.org\",\"@graph\":[{\"@type\":\"Article\",\"@id\":\"https:\\\/\\\/regiaonews.net.br\\\/2022\\\/2021\\\/02\\\/05\\\/comerciante-e-detido-por-anunciar-churrasco-gratis-pra-quem-matar-joao-doria-em-restaurante-na-zona-sul-de-sp\\\/#article\",\"isPartOf\":{\"@id\":\"https:\\\/\\\/regiaonews.net.br\\\/2022\\\/2021\\\/02\\\/05\\\/comerciante-e-detido-por-anunciar-churrasco-gratis-pra-quem-matar-joao-doria-em-restaurante-na-zona-sul-de-sp\\\/\"},\"author\":{\"name\":\"Roberto\",\"@id\":\"https:\\\/\\\/regiaonews.net.br\\\/2022\\\/#\\\/schema\\\/person\\\/2d205a608a5aa97ac279d7a5e6d89ad8\"},\"headline\":\"Comerciante \u00e9 detido por anunciar &#8216;churrasco gr\u00e1tis pra quem matar Jo\u00e3o Doria&#8217; em restaurante na Zona Sul de SP\",\"datePublished\":\"2021-02-05T13:38:37+00:00\",\"mainEntityOfPage\":{\"@id\":\"https:\\\/\\\/regiaonews.net.br\\\/2022\\\/2021\\\/02\\\/05\\\/comerciante-e-detido-por-anunciar-churrasco-gratis-pra-quem-matar-joao-doria-em-restaurante-na-zona-sul-de-sp\\\/\"},\"wordCount\":349,\"commentCount\":0,\"publisher\":{\"@id\":\"https:\\\/\\\/regiaonews.net.br\\\/2022\\\/#organization\"},\"image\":{\"@id\":\"https:\\\/\\\/regiaonews.net.br\\\/2022\\\/2021\\\/02\\\/05\\\/comerciante-e-detido-por-anunciar-churrasco-gratis-pra-quem-matar-joao-doria-em-restaurante-na-zona-sul-de-sp\\\/#primaryimage\"},\"thumbnailUrl\":\"https:\\\/\\\/regiaonews.net.br\\\/2022\\\/wp-content\\\/uploads\\\/2021\\\/02\\\/whatsapp-image-2021-02-04-at-20.52.34.jpeg\",\"articleSection\":[\"Cidades\",\"Estado de S\u00e3o Paulo\",\"Policia\"],\"inLanguage\":\"pt-BR\",\"potentialAction\":[{\"@type\":\"CommentAction\",\"name\":\"Comment\",\"target\":[\"https:\\\/\\\/regiaonews.net.br\\\/2022\\\/2021\\\/02\\\/05\\\/comerciante-e-detido-por-anunciar-churrasco-gratis-pra-quem-matar-joao-doria-em-restaurante-na-zona-sul-de-sp\\\/#respond\"]}]},{\"@type\":\"WebPage\",\"@id\":\"https:\\\/\\\/regiaonews.net.br\\\/2022\\\/2021\\\/02\\\/05\\\/comerciante-e-detido-por-anunciar-churrasco-gratis-pra-quem-matar-joao-doria-em-restaurante-na-zona-sul-de-sp\\\/\",\"url\":\"https:\\\/\\\/regiaonews.net.br\\\/2022\\\/2021\\\/02\\\/05\\\/comerciante-e-detido-por-anunciar-churrasco-gratis-pra-quem-matar-joao-doria-em-restaurante-na-zona-sul-de-sp\\\/\",\"name\":\"Comerciante \u00e9 detido por anunciar 'churrasco gr\u00e1tis pra quem matar Jo\u00e3o Doria' em restaurante na Zona Sul de SP - Regi\u00e3o News\",\"isPartOf\":{\"@id\":\"https:\\\/\\\/regiaonews.net.br\\\/2022\\\/#website\"},\"primaryImageOfPage\":{\"@id\":\"https:\\\/\\\/regiaonews.net.br\\\/2022\\\/2021\\\/02\\\/05\\\/comerciante-e-detido-por-anunciar-churrasco-gratis-pra-quem-matar-joao-doria-em-restaurante-na-zona-sul-de-sp\\\/#primaryimage\"},\"image\":{\"@id\":\"https:\\\/\\\/regiaonews.net.br\\\/2022\\\/2021\\\/02\\\/05\\\/comerciante-e-detido-por-anunciar-churrasco-gratis-pra-quem-matar-joao-doria-em-restaurante-na-zona-sul-de-sp\\\/#primaryimage\"},\"thumbnailUrl\":\"https:\\\/\\\/regiaonews.net.br\\\/2022\\\/wp-content\\\/uploads\\\/2021\\\/02\\\/whatsapp-image-2021-02-04-at-20.52.34.jpeg\",\"datePublished\":\"2021-02-05T13:38:37+00:00\",\"breadcrumb\":{\"@id\":\"https:\\\/\\\/regiaonews.net.br\\\/2022\\\/2021\\\/02\\\/05\\\/comerciante-e-detido-por-anunciar-churrasco-gratis-pra-quem-matar-joao-doria-em-restaurante-na-zona-sul-de-sp\\\/#breadcrumb\"},\"inLanguage\":\"pt-BR\",\"potentialAction\":[{\"@type\":\"ReadAction\",\"target\":[\"https:\\\/\\\/regiaonews.net.br\\\/2022\\\/2021\\\/02\\\/05\\\/comerciante-e-detido-por-anunciar-churrasco-gratis-pra-quem-matar-joao-doria-em-restaurante-na-zona-sul-de-sp\\\/\"]}]},{\"@type\":\"ImageObject\",\"inLanguage\":\"pt-BR\",\"@id\":\"https:\\\/\\\/regiaonews.net.br\\\/2022\\\/2021\\\/02\\\/05\\\/comerciante-e-detido-por-anunciar-churrasco-gratis-pra-quem-matar-joao-doria-em-restaurante-na-zona-sul-de-sp\\\/#primaryimage\",\"url\":\"https:\\\/\\\/regiaonews.net.br\\\/2022\\\/wp-content\\\/uploads\\\/2021\\\/02\\\/whatsapp-image-2021-02-04-at-20.52.34.jpeg\",\"contentUrl\":\"https:\\\/\\\/regiaonews.net.br\\\/2022\\\/wp-content\\\/uploads\\\/2021\\\/02\\\/whatsapp-image-2021-02-04-at-20.52.34.jpeg\",\"width\":984,\"height\":595},{\"@type\":\"BreadcrumbList\",\"@id\":\"https:\\\/\\\/regiaonews.net.br\\\/2022\\\/2021\\\/02\\\/05\\\/comerciante-e-detido-por-anunciar-churrasco-gratis-pra-quem-matar-joao-doria-em-restaurante-na-zona-sul-de-sp\\\/#breadcrumb\",\"itemListElement\":[{\"@type\":\"ListItem\",\"position\":1,\"name\":\"In\u00edcio\",\"item\":\"https:\\\/\\\/regiaonews.net.br\\\/2022\\\/\"},{\"@type\":\"ListItem\",\"position\":2,\"name\":\"Comerciante \u00e9 detido por anunciar &#8216;churrasco gr\u00e1tis pra quem matar Jo\u00e3o Doria&#8217; em restaurante na Zona Sul de SP\"}]},{\"@type\":\"WebSite\",\"@id\":\"https:\\\/\\\/regiaonews.net.br\\\/2022\\\/#website\",\"url\":\"https:\\\/\\\/regiaonews.net.br\\\/2022\\\/\",\"name\":\"Regi\u00e3o News\",\"description\":\"Site de Not\u00edcias de Barretos e regi\u00e3o\",\"publisher\":{\"@id\":\"https:\\\/\\\/regiaonews.net.br\\\/2022\\\/#organization\"},\"potentialAction\":[{\"@type\":\"SearchAction\",\"target\":{\"@type\":\"EntryPoint\",\"urlTemplate\":\"https:\\\/\\\/regiaonews.net.br\\\/2022\\\/?s={search_term_string}\"},\"query-input\":{\"@type\":\"PropertyValueSpecification\",\"valueRequired\":true,\"valueName\":\"search_term_string\"}}],\"inLanguage\":\"pt-BR\"},{\"@type\":\"Organization\",\"@id\":\"https:\\\/\\\/regiaonews.net.br\\\/2022\\\/#organization\",\"name\":\"Regi\u00e3o News\",\"url\":\"https:\\\/\\\/regiaonews.net.br\\\/2022\\\/\",\"logo\":{\"@type\":\"ImageObject\",\"inLanguage\":\"pt-BR\",\"@id\":\"https:\\\/\\\/regiaonews.net.br\\\/2022\\\/#\\\/schema\\\/logo\\\/image\\\/\",\"url\":\"https:\\\/\\\/regiaonews.net.br\\\/2022\\\/wp-content\\\/uploads\\\/2026\\\/03\\\/regiao-13-anos-scaled.jpg\",\"contentUrl\":\"https:\\\/\\\/regiaonews.net.br\\\/2022\\\/wp-content\\\/uploads\\\/2026\\\/03\\\/regiao-13-anos-scaled.jpg\",\"width\":2560,\"height\":635,\"caption\":\"Regi\u00e3o News\"},\"image\":{\"@id\":\"https:\\\/\\\/regiaonews.net.br\\\/2022\\\/#\\\/schema\\\/logo\\\/image\\\/\"}},{\"@type\":\"Person\",\"@id\":\"https:\\\/\\\/regiaonews.net.br\\\/2022\\\/#\\\/schema\\\/person\\\/2d205a608a5aa97ac279d7a5e6d89ad8\",\"name\":\"Roberto\",\"image\":{\"@type\":\"ImageObject\",\"inLanguage\":\"pt-BR\",\"@id\":\"https:\\\/\\\/secure.gravatar.com\\\/avatar\\\/42749d8b712ff9d59ca93dc150494e5b55a44134482993f5baeb97e61b7ecc89?s=96&d=mm&r=g\",\"url\":\"https:\\\/\\\/secure.gravatar.com\\\/avatar\\\/42749d8b712ff9d59ca93dc150494e5b55a44134482993f5baeb97e61b7ecc89?s=96&d=mm&r=g\",\"contentUrl\":\"https:\\\/\\\/secure.gravatar.com\\\/avatar\\\/42749d8b712ff9d59ca93dc150494e5b55a44134482993f5baeb97e61b7ecc89?s=96&d=mm&r=g\",\"caption\":\"Roberto\"},\"url\":\"https:\\\/\\\/regiaonews.net.br\\\/2022\\\/author\\\/roberto\\\/\"}]}<\/script>\n<!-- \/ Yoast SEO plugin. -->","yoast_head_json":{"title":"Comerciante \u00e9 detido por anunciar 'churrasco gr\u00e1tis pra quem matar Jo\u00e3o Doria' em restaurante na Zona Sul de SP - Regi\u00e3o News","robots":{"index":"index","follow":"follow","max-snippet":"max-snippet:-1","max-image-preview":"max-image-preview:large","max-video-preview":"max-video-preview:-1"},"canonical":"https:\/\/regiaonews.net.br\/2022\/2021\/02\/05\/comerciante-e-detido-por-anunciar-churrasco-gratis-pra-quem-matar-joao-doria-em-restaurante-na-zona-sul-de-sp\/","og_locale":"pt_BR","og_type":"article","og_title":"Comerciante \u00e9 detido por anunciar 'churrasco gr\u00e1tis pra quem matar Jo\u00e3o Doria' em restaurante na Zona Sul de SP - Regi\u00e3o News","og_description":"Um comerciante foi detido nesta quinta-feira (4) em\u00a0S\u00e3o Paulo\u00a0por anunciar","og_url":"https:\/\/regiaonews.net.br\/2022\/2021\/02\/05\/comerciante-e-detido-por-anunciar-churrasco-gratis-pra-quem-matar-joao-doria-em-restaurante-na-zona-sul-de-sp\/","og_site_name":"Regi\u00e3o News","article_published_time":"2021-02-05T13:38:37+00:00","og_image":[{"width":984,"height":595,"url":"https:\/\/regiaonews.net.br\/2022\/wp-content\/uploads\/2021\/02\/whatsapp-image-2021-02-04-at-20.52.34.jpeg","type":"image\/jpeg"}],"author":"Roberto","twitter_card":"summary_large_image","twitter_misc":{"Escrito por":"Roberto","Est. tempo de leitura":"2 minutos"},"schema":{"@context":"https:\/\/schema.org","@graph":[{"@type":"Article","@id":"https:\/\/regiaonews.net.br\/2022\/2021\/02\/05\/comerciante-e-detido-por-anunciar-churrasco-gratis-pra-quem-matar-joao-doria-em-restaurante-na-zona-sul-de-sp\/#article","isPartOf":{"@id":"https:\/\/regiaonews.net.br\/2022\/2021\/02\/05\/comerciante-e-detido-por-anunciar-churrasco-gratis-pra-quem-matar-joao-doria-em-restaurante-na-zona-sul-de-sp\/"},"author":{"name":"Roberto","@id":"https:\/\/regiaonews.net.br\/2022\/#\/schema\/person\/2d205a608a5aa97ac279d7a5e6d89ad8"},"headline":"Comerciante \u00e9 detido por anunciar &#8216;churrasco gr\u00e1tis pra quem matar Jo\u00e3o Doria&#8217; em restaurante na Zona Sul de SP","datePublished":"2021-02-05T13:38:37+00:00","mainEntityOfPage":{"@id":"https:\/\/regiaonews.net.br\/2022\/2021\/02\/05\/comerciante-e-detido-por-anunciar-churrasco-gratis-pra-quem-matar-joao-doria-em-restaurante-na-zona-sul-de-sp\/"},"wordCount":349,"commentCount":0,"publisher":{"@id":"https:\/\/regiaonews.net.br\/2022\/#organization"},"image":{"@id":"https:\/\/regiaonews.net.br\/2022\/2021\/02\/05\/comerciante-e-detido-por-anunciar-churrasco-gratis-pra-quem-matar-joao-doria-em-restaurante-na-zona-sul-de-sp\/#primaryimage"},"thumbnailUrl":"https:\/\/regiaonews.net.br\/2022\/wp-content\/uploads\/2021\/02\/whatsapp-image-2021-02-04-at-20.52.34.jpeg","articleSection":["Cidades","Estado de S\u00e3o Paulo","Policia"],"inLanguage":"pt-BR","potentialAction":[{"@type":"CommentAction","name":"Comment","target":["https:\/\/regiaonews.net.br\/2022\/2021\/02\/05\/comerciante-e-detido-por-anunciar-churrasco-gratis-pra-quem-matar-joao-doria-em-restaurante-na-zona-sul-de-sp\/#respond"]}]},{"@type":"WebPage","@id":"https:\/\/regiaonews.net.br\/2022\/2021\/02\/05\/comerciante-e-detido-por-anunciar-churrasco-gratis-pra-quem-matar-joao-doria-em-restaurante-na-zona-sul-de-sp\/","url":"https:\/\/regiaonews.net.br\/2022\/2021\/02\/05\/comerciante-e-detido-por-anunciar-churrasco-gratis-pra-quem-matar-joao-doria-em-restaurante-na-zona-sul-de-sp\/","name":"Comerciante \u00e9 detido por anunciar 'churrasco gr\u00e1tis pra quem matar Jo\u00e3o Doria' em restaurante na Zona Sul de SP - Regi\u00e3o News","isPartOf":{"@id":"https:\/\/regiaonews.net.br\/2022\/#website"},"primaryImageOfPage":{"@id":"https:\/\/regiaonews.net.br\/2022\/2021\/02\/05\/comerciante-e-detido-por-anunciar-churrasco-gratis-pra-quem-matar-joao-doria-em-restaurante-na-zona-sul-de-sp\/#primaryimage"},"image":{"@id":"https:\/\/regiaonews.net.br\/2022\/2021\/02\/05\/comerciante-e-detido-por-anunciar-churrasco-gratis-pra-quem-matar-joao-doria-em-restaurante-na-zona-sul-de-sp\/#primaryimage"},"thumbnailUrl":"https:\/\/regiaonews.net.br\/2022\/wp-content\/uploads\/2021\/02\/whatsapp-image-2021-02-04-at-20.52.34.jpeg","datePublished":"2021-02-05T13:38:37+00:00","breadcrumb":{"@id":"https:\/\/regiaonews.net.br\/2022\/2021\/02\/05\/comerciante-e-detido-por-anunciar-churrasco-gratis-pra-quem-matar-joao-doria-em-restaurante-na-zona-sul-de-sp\/#breadcrumb"},"inLanguage":"pt-BR","potentialAction":[{"@type":"ReadAction","target":["https:\/\/regiaonews.net.br\/2022\/2021\/02\/05\/comerciante-e-detido-por-anunciar-churrasco-gratis-pra-quem-matar-joao-doria-em-restaurante-na-zona-sul-de-sp\/"]}]},{"@type":"ImageObject","inLanguage":"pt-BR","@id":"https:\/\/regiaonews.net.br\/2022\/2021\/02\/05\/comerciante-e-detido-por-anunciar-churrasco-gratis-pra-quem-matar-joao-doria-em-restaurante-na-zona-sul-de-sp\/#primaryimage","url":"https:\/\/regiaonews.net.br\/2022\/wp-content\/uploads\/2021\/02\/whatsapp-image-2021-02-04-at-20.52.34.jpeg","contentUrl":"https:\/\/regiaonews.net.br\/2022\/wp-content\/uploads\/2021\/02\/whatsapp-image-2021-02-04-at-20.52.34.jpeg","width":984,"height":595},{"@type":"BreadcrumbList","@id":"https:\/\/regiaonews.net.br\/2022\/2021\/02\/05\/comerciante-e-detido-por-anunciar-churrasco-gratis-pra-quem-matar-joao-doria-em-restaurante-na-zona-sul-de-sp\/#breadcrumb","itemListElement":[{"@type":"ListItem","position":1,"name":"In\u00edcio","item":"https:\/\/regiaonews.net.br\/2022\/"},{"@type":"ListItem","position":2,"name":"Comerciante \u00e9 detido por anunciar &#8216;churrasco gr\u00e1tis pra quem matar Jo\u00e3o Doria&#8217; em restaurante na Zona Sul de SP"}]},{"@type":"WebSite","@id":"https:\/\/regiaonews.net.br\/2022\/#website","url":"https:\/\/regiaonews.net.br\/2022\/","name":"Regi\u00e3o News","description":"Site de Not\u00edcias de Barretos e regi\u00e3o","publisher":{"@id":"https:\/\/regiaonews.net.br\/2022\/#organization"},"potentialAction":[{"@type":"SearchAction","target":{"@type":"EntryPoint","urlTemplate":"https:\/\/regiaonews.net.br\/2022\/?s={search_term_string}"},"query-input":{"@type":"PropertyValueSpecification","valueRequired":true,"valueName":"search_term_string"}}],"inLanguage":"pt-BR"},{"@type":"Organization","@id":"https:\/\/regiaonews.net.br\/2022\/#organization","name":"Regi\u00e3o News","url":"https:\/\/regiaonews.net.br\/2022\/","logo":{"@type":"ImageObject","inLanguage":"pt-BR","@id":"https:\/\/regiaonews.net.br\/2022\/#\/schema\/logo\/image\/","url":"https:\/\/regiaonews.net.br\/2022\/wp-content\/uploads\/2026\/03\/regiao-13-anos-scaled.jpg","contentUrl":"https:\/\/regiaonews.net.br\/2022\/wp-content\/uploads\/2026\/03\/regiao-13-anos-scaled.jpg","width":2560,"height":635,"caption":"Regi\u00e3o News"},"image":{"@id":"https:\/\/regiaonews.net.br\/2022\/#\/schema\/logo\/image\/"}},{"@type":"Person","@id":"https:\/\/regiaonews.net.br\/2022\/#\/schema\/person\/2d205a608a5aa97ac279d7a5e6d89ad8","name":"Roberto","image":{"@type":"ImageObject","inLanguage":"pt-BR","@id":"https:\/\/secure.gravatar.com\/avatar\/42749d8b712ff9d59ca93dc150494e5b55a44134482993f5baeb97e61b7ecc89?s=96&d=mm&r=g","url":"https:\/\/secure.gravatar.com\/avatar\/42749d8b712ff9d59ca93dc150494e5b55a44134482993f5baeb97e61b7ecc89?s=96&d=mm&r=g","contentUrl":"https:\/\/secure.gravatar.com\/avatar\/42749d8b712ff9d59ca93dc150494e5b55a44134482993f5baeb97e61b7ecc89?s=96&d=mm&r=g","caption":"Roberto"},"url":"https:\/\/regiaonews.net.br\/2022\/author\/roberto\/"}]}},"publishpress_future_action":{"enabled":false,"date":"2026-05-02 05:18:50","action":"change-status","newStatus":"draft","terms":[],"taxonomy":"category","extraData":[]},"publishpress_future_workflow_manual_trigger":{"enabledWorkflows":[]},"_links":{"self":[{"href":"https:\/\/regiaonews.net.br\/2022\/wp-json\/wp\/v2\/posts\/42682","targetHints":{"allow":["GET"]}}],"collection":[{"href":"https:\/\/regiaonews.net.br\/2022\/wp-json\/wp\/v2\/posts"}],"about":[{"href":"https:\/\/regiaonews.net.br\/2022\/wp-json\/wp\/v2\/types\/post"}],"author":[{"embeddable":true,"href":"https:\/\/regiaonews.net.br\/2022\/wp-json\/wp\/v2\/users\/2"}],"replies":[{"embeddable":true,"href":"https:\/\/regiaonews.net.br\/2022\/wp-json\/wp\/v2\/comments?post=42682"}],"version-history":[{"count":0,"href":"https:\/\/regiaonews.net.br\/2022\/wp-json\/wp\/v2\/posts\/42682\/revisions"}],"wp:featuredmedia":[{"embeddable":true,"href":"https:\/\/regiaonews.net.br\/2022\/wp-json\/wp\/v2\/media\/42683"}],"wp:attachment":[{"href":"https:\/\/regiaonews.net.br\/2022\/wp-json\/wp\/v2\/media?parent=42682"}],"wp:term":[{"taxonomy":"category","embeddable":true,"href":"https:\/\/regiaonews.net.br\/2022\/wp-json\/wp\/v2\/categories?post=42682"},{"taxonomy":"post_tag","embeddable":true,"href":"https:\/\/regiaonews.net.br\/2022\/wp-json\/wp\/v2\/tags?post=42682"}],"curies":[{"name":"wp","href":"https:\/\/api.w.org\/{rel}","templated":true}]}}