{"id":42680,"date":"2021-02-05T08:47:02","date_gmt":"2021-02-05T11:47:02","guid":{"rendered":"https:\/\/regiaonews.net.br\/2022\/?p=42680"},"modified":"2021-02-05T11:47:25","modified_gmt":"2021-02-05T14:47:25","slug":"secretario-divulga-cronograma-de-vacinacao-dos-idosos-acima-de-90-anos-a-partir-de-segunda","status":"publish","type":"post","link":"https:\/\/regiaonews.net.br\/2022\/2021\/02\/05\/secretario-divulga-cronograma-de-vacinacao-dos-idosos-acima-de-90-anos-a-partir-de-segunda\/","title":{"rendered":"Secret\u00e1rio divulga cronograma de vacina\u00e7\u00e3o dos idosos acima de 90 anos a partir de segunda"},"content":{"rendered":"<p><a href=\"https:\/\/regiaonews.net.br\/2022\/wp-content\/uploads\/2021\/02\/Kleber-Rosa.jpg\"><img loading=\"lazy\" decoding=\"async\" class=\"alignnone size-medium wp-image-42690\" src=\"https:\/\/regiaonews.net.br\/2022\/wp-content\/uploads\/2021\/02\/Kleber-Rosa-300x225.jpg\" alt=\"\" width=\"300\" height=\"225\" \/><\/a><\/p>\n<p>Foto \u2013 Kleber Rosa, secret\u00e1rio de sa\u00fade, que est\u00e1 na coordena\u00e7\u00e3o da campanha<\/p>\n<p>A partir de segunda (8), tem in\u00edcio a vacina\u00e7\u00e3o dos 730 idosos com idade a partir de 90 anos, na Rede Municipal de Sa\u00fade de Barretos. Segundo o secret\u00e1rio de sa\u00fade, Kleber Rosa, a vacina\u00e7\u00e3o ter\u00e1 uma cronograma especial de vacina\u00e7\u00e3o, incluindo os idosos que est\u00e3o em boas condi\u00e7\u00f5es de sa\u00fade que ser\u00e3o atendidos nas Unidades de Estrat\u00e9gia de Sa\u00fade da Fam\u00edlia, nas UBS (Unidades B\u00e1sicas de Sa\u00fade) ou no Post\u00e3o, enquanto que os acamados ser\u00e3o atendidos nas resid\u00eancias pelas equipes. \u201cN\u00f3s fizemos um fluxo para os idosos acima de 90 anos acamados, sendo que a fam\u00edlia j\u00e1 devem entrar em contato atrav\u00e9s do telefone 98210-2221\u201d, explicou Rosa.<br \/>\nSegundo o secret\u00e1rio, em uma pr\u00f3xima remessa ser\u00e3o vacinados os idosos com idade abaixo dessa inicial e assim respectivamente. \u201cO registro dos acamados j\u00e1 pode ser feito a partir de agora e os demais idosos acamados acima de 60 anos j\u00e1 podem ligar para que seja feito o percurso para assistir os idosos acamados\u201d, afirmou Kleber.<br \/>\nDe acordo com o secret\u00e1rio, Kleber Rosa, o objetivo \u00e9 evitar aglomera\u00e7\u00f5es tendo v\u00e1rios locais para as vacinas serem aplicadas.<\/p>\n","protected":false},"excerpt":{"rendered":"<p>Foto \u2013 Kleber Rosa, secret\u00e1rio de sa\u00fade, que est\u00e1 na<\/p>\n","protected":false},"author":2,"featured_media":42690,"comment_status":"open","ping_status":"open","sticky":false,"template":"","format":"standard","meta":{"footnotes":""},"categories":[14,25],"tags":[],"class_list":["post-42680","post","type-post","status-publish","format-standard","has-post-thumbnail","hentry","category-barretos","category-cidades"],"yoast_head":"<!-- This site is optimized with the Yoast SEO plugin v27.4 - https:\/\/yoast.com\/product\/yoast-seo-wordpress\/ -->\n<title>Secret\u00e1rio divulga cronograma de vacina\u00e7\u00e3o dos idosos acima de 90 anos a partir de segunda - Regi\u00e3o News<\/title>\n<meta name=\"robots\" content=\"index, follow, max-snippet:-1, max-image-preview:large, max-video-preview:-1\" \/>\n<link rel=\"canonical\" href=\"https:\/\/regiaonews.net.br\/2022\/2021\/02\/05\/secretario-divulga-cronograma-de-vacinacao-dos-idosos-acima-de-90-anos-a-partir-de-segunda\/\" \/>\n<meta property=\"og:locale\" content=\"pt_BR\" \/>\n<meta property=\"og:type\" content=\"article\" \/>\n<meta property=\"og:title\" content=\"Secret\u00e1rio divulga cronograma de vacina\u00e7\u00e3o dos idosos acima de 90 anos a partir de segunda - Regi\u00e3o News\" \/>\n<meta property=\"og:description\" content=\"Foto \u2013 Kleber Rosa, secret\u00e1rio de sa\u00fade, que est\u00e1 na\" \/>\n<meta property=\"og:url\" content=\"https:\/\/regiaonews.net.br\/2022\/2021\/02\/05\/secretario-divulga-cronograma-de-vacinacao-dos-idosos-acima-de-90-anos-a-partir-de-segunda\/\" \/>\n<meta property=\"og:site_name\" content=\"Regi\u00e3o News\" \/>\n<meta property=\"article:published_time\" content=\"2021-02-05T11:47:02+00:00\" \/>\n<meta property=\"article:modified_time\" content=\"2021-02-05T14:47:25+00:00\" \/>\n<meta property=\"og:image\" content=\"https:\/\/regiaonews.net.br\/2022\/wp-content\/uploads\/2021\/02\/Kleber-Rosa.jpg\" \/>\n\t<meta property=\"og:image:width\" content=\"893\" \/>\n\t<meta property=\"og:image:height\" content=\"670\" \/>\n\t<meta property=\"og:image:type\" content=\"image\/jpeg\" \/>\n<meta name=\"author\" content=\"Roberto\" \/>\n<meta name=\"twitter:card\" content=\"summary_large_image\" \/>\n<meta name=\"twitter:label1\" content=\"Escrito por\" \/>\n\t<meta name=\"twitter:data1\" content=\"Roberto\" \/>\n\t<meta name=\"twitter:label2\" content=\"Est. tempo de leitura\" \/>\n\t<meta name=\"twitter:data2\" content=\"1 minuto\" \/>\n<script type=\"application\/ld+json\" class=\"yoast-schema-graph\">{\"@context\":\"https:\\\/\\\/schema.org\",\"@graph\":[{\"@type\":\"Article\",\"@id\":\"https:\\\/\\\/regiaonews.net.br\\\/2022\\\/2021\\\/02\\\/05\\\/secretario-divulga-cronograma-de-vacinacao-dos-idosos-acima-de-90-anos-a-partir-de-segunda\\\/#article\",\"isPartOf\":{\"@id\":\"https:\\\/\\\/regiaonews.net.br\\\/2022\\\/2021\\\/02\\\/05\\\/secretario-divulga-cronograma-de-vacinacao-dos-idosos-acima-de-90-anos-a-partir-de-segunda\\\/\"},\"author\":{\"name\":\"Roberto\",\"@id\":\"https:\\\/\\\/regiaonews.net.br\\\/2022\\\/#\\\/schema\\\/person\\\/2d205a608a5aa97ac279d7a5e6d89ad8\"},\"headline\":\"Secret\u00e1rio divulga cronograma de vacina\u00e7\u00e3o dos idosos acima de 90 anos a partir de segunda\",\"datePublished\":\"2021-02-05T11:47:02+00:00\",\"dateModified\":\"2021-02-05T14:47:25+00:00\",\"mainEntityOfPage\":{\"@id\":\"https:\\\/\\\/regiaonews.net.br\\\/2022\\\/2021\\\/02\\\/05\\\/secretario-divulga-cronograma-de-vacinacao-dos-idosos-acima-de-90-anos-a-partir-de-segunda\\\/\"},\"wordCount\":237,\"commentCount\":0,\"publisher\":{\"@id\":\"https:\\\/\\\/regiaonews.net.br\\\/2022\\\/#organization\"},\"image\":{\"@id\":\"https:\\\/\\\/regiaonews.net.br\\\/2022\\\/2021\\\/02\\\/05\\\/secretario-divulga-cronograma-de-vacinacao-dos-idosos-acima-de-90-anos-a-partir-de-segunda\\\/#primaryimage\"},\"thumbnailUrl\":\"https:\\\/\\\/regiaonews.net.br\\\/2022\\\/wp-content\\\/uploads\\\/2021\\\/02\\\/Kleber-Rosa.jpg\",\"articleSection\":[\"Barretos\",\"Cidades\"],\"inLanguage\":\"pt-BR\",\"potentialAction\":[{\"@type\":\"CommentAction\",\"name\":\"Comment\",\"target\":[\"https:\\\/\\\/regiaonews.net.br\\\/2022\\\/2021\\\/02\\\/05\\\/secretario-divulga-cronograma-de-vacinacao-dos-idosos-acima-de-90-anos-a-partir-de-segunda\\\/#respond\"]}]},{\"@type\":\"WebPage\",\"@id\":\"https:\\\/\\\/regiaonews.net.br\\\/2022\\\/2021\\\/02\\\/05\\\/secretario-divulga-cronograma-de-vacinacao-dos-idosos-acima-de-90-anos-a-partir-de-segunda\\\/\",\"url\":\"https:\\\/\\\/regiaonews.net.br\\\/2022\\\/2021\\\/02\\\/05\\\/secretario-divulga-cronograma-de-vacinacao-dos-idosos-acima-de-90-anos-a-partir-de-segunda\\\/\",\"name\":\"Secret\u00e1rio divulga cronograma de vacina\u00e7\u00e3o dos idosos acima de 90 anos a partir de segunda - Regi\u00e3o News\",\"isPartOf\":{\"@id\":\"https:\\\/\\\/regiaonews.net.br\\\/2022\\\/#website\"},\"primaryImageOfPage\":{\"@id\":\"https:\\\/\\\/regiaonews.net.br\\\/2022\\\/2021\\\/02\\\/05\\\/secretario-divulga-cronograma-de-vacinacao-dos-idosos-acima-de-90-anos-a-partir-de-segunda\\\/#primaryimage\"},\"image\":{\"@id\":\"https:\\\/\\\/regiaonews.net.br\\\/2022\\\/2021\\\/02\\\/05\\\/secretario-divulga-cronograma-de-vacinacao-dos-idosos-acima-de-90-anos-a-partir-de-segunda\\\/#primaryimage\"},\"thumbnailUrl\":\"https:\\\/\\\/regiaonews.net.br\\\/2022\\\/wp-content\\\/uploads\\\/2021\\\/02\\\/Kleber-Rosa.jpg\",\"datePublished\":\"2021-02-05T11:47:02+00:00\",\"dateModified\":\"2021-02-05T14:47:25+00:00\",\"breadcrumb\":{\"@id\":\"https:\\\/\\\/regiaonews.net.br\\\/2022\\\/2021\\\/02\\\/05\\\/secretario-divulga-cronograma-de-vacinacao-dos-idosos-acima-de-90-anos-a-partir-de-segunda\\\/#breadcrumb\"},\"inLanguage\":\"pt-BR\",\"potentialAction\":[{\"@type\":\"ReadAction\",\"target\":[\"https:\\\/\\\/regiaonews.net.br\\\/2022\\\/2021\\\/02\\\/05\\\/secretario-divulga-cronograma-de-vacinacao-dos-idosos-acima-de-90-anos-a-partir-de-segunda\\\/\"]}]},{\"@type\":\"ImageObject\",\"inLanguage\":\"pt-BR\",\"@id\":\"https:\\\/\\\/regiaonews.net.br\\\/2022\\\/2021\\\/02\\\/05\\\/secretario-divulga-cronograma-de-vacinacao-dos-idosos-acima-de-90-anos-a-partir-de-segunda\\\/#primaryimage\",\"url\":\"https:\\\/\\\/regiaonews.net.br\\\/2022\\\/wp-content\\\/uploads\\\/2021\\\/02\\\/Kleber-Rosa.jpg\",\"contentUrl\":\"https:\\\/\\\/regiaonews.net.br\\\/2022\\\/wp-content\\\/uploads\\\/2021\\\/02\\\/Kleber-Rosa.jpg\",\"width\":893,\"height\":670},{\"@type\":\"BreadcrumbList\",\"@id\":\"https:\\\/\\\/regiaonews.net.br\\\/2022\\\/2021\\\/02\\\/05\\\/secretario-divulga-cronograma-de-vacinacao-dos-idosos-acima-de-90-anos-a-partir-de-segunda\\\/#breadcrumb\",\"itemListElement\":[{\"@type\":\"ListItem\",\"position\":1,\"name\":\"In\u00edcio\",\"item\":\"https:\\\/\\\/regiaonews.net.br\\\/2022\\\/\"},{\"@type\":\"ListItem\",\"position\":2,\"name\":\"Secret\u00e1rio divulga cronograma de vacina\u00e7\u00e3o dos idosos acima de 90 anos a partir de segunda\"}]},{\"@type\":\"WebSite\",\"@id\":\"https:\\\/\\\/regiaonews.net.br\\\/2022\\\/#website\",\"url\":\"https:\\\/\\\/regiaonews.net.br\\\/2022\\\/\",\"name\":\"Regi\u00e3o News\",\"description\":\"Site de Not\u00edcias de Barretos e regi\u00e3o\",\"publisher\":{\"@id\":\"https:\\\/\\\/regiaonews.net.br\\\/2022\\\/#organization\"},\"potentialAction\":[{\"@type\":\"SearchAction\",\"target\":{\"@type\":\"EntryPoint\",\"urlTemplate\":\"https:\\\/\\\/regiaonews.net.br\\\/2022\\\/?s={search_term_string}\"},\"query-input\":{\"@type\":\"PropertyValueSpecification\",\"valueRequired\":true,\"valueName\":\"search_term_string\"}}],\"inLanguage\":\"pt-BR\"},{\"@type\":\"Organization\",\"@id\":\"https:\\\/\\\/regiaonews.net.br\\\/2022\\\/#organization\",\"name\":\"Regi\u00e3o News\",\"url\":\"https:\\\/\\\/regiaonews.net.br\\\/2022\\\/\",\"logo\":{\"@type\":\"ImageObject\",\"inLanguage\":\"pt-BR\",\"@id\":\"https:\\\/\\\/regiaonews.net.br\\\/2022\\\/#\\\/schema\\\/logo\\\/image\\\/\",\"url\":\"https:\\\/\\\/regiaonews.net.br\\\/2022\\\/wp-content\\\/uploads\\\/2026\\\/03\\\/regiao-13-anos-scaled.jpg\",\"contentUrl\":\"https:\\\/\\\/regiaonews.net.br\\\/2022\\\/wp-content\\\/uploads\\\/2026\\\/03\\\/regiao-13-anos-scaled.jpg\",\"width\":2560,\"height\":635,\"caption\":\"Regi\u00e3o News\"},\"image\":{\"@id\":\"https:\\\/\\\/regiaonews.net.br\\\/2022\\\/#\\\/schema\\\/logo\\\/image\\\/\"}},{\"@type\":\"Person\",\"@id\":\"https:\\\/\\\/regiaonews.net.br\\\/2022\\\/#\\\/schema\\\/person\\\/2d205a608a5aa97ac279d7a5e6d89ad8\",\"name\":\"Roberto\",\"image\":{\"@type\":\"ImageObject\",\"inLanguage\":\"pt-BR\",\"@id\":\"https:\\\/\\\/secure.gravatar.com\\\/avatar\\\/42749d8b712ff9d59ca93dc150494e5b55a44134482993f5baeb97e61b7ecc89?s=96&d=mm&r=g\",\"url\":\"https:\\\/\\\/secure.gravatar.com\\\/avatar\\\/42749d8b712ff9d59ca93dc150494e5b55a44134482993f5baeb97e61b7ecc89?s=96&d=mm&r=g\",\"contentUrl\":\"https:\\\/\\\/secure.gravatar.com\\\/avatar\\\/42749d8b712ff9d59ca93dc150494e5b55a44134482993f5baeb97e61b7ecc89?s=96&d=mm&r=g\",\"caption\":\"Roberto\"},\"url\":\"https:\\\/\\\/regiaonews.net.br\\\/2022\\\/author\\\/roberto\\\/\"}]}<\/script>\n<!-- \/ Yoast SEO plugin. -->","yoast_head_json":{"title":"Secret\u00e1rio divulga cronograma de vacina\u00e7\u00e3o dos idosos acima de 90 anos a partir de segunda - Regi\u00e3o News","robots":{"index":"index","follow":"follow","max-snippet":"max-snippet:-1","max-image-preview":"max-image-preview:large","max-video-preview":"max-video-preview:-1"},"canonical":"https:\/\/regiaonews.net.br\/2022\/2021\/02\/05\/secretario-divulga-cronograma-de-vacinacao-dos-idosos-acima-de-90-anos-a-partir-de-segunda\/","og_locale":"pt_BR","og_type":"article","og_title":"Secret\u00e1rio divulga cronograma de vacina\u00e7\u00e3o dos idosos acima de 90 anos a partir de segunda - Regi\u00e3o News","og_description":"Foto \u2013 Kleber Rosa, secret\u00e1rio de sa\u00fade, que est\u00e1 na","og_url":"https:\/\/regiaonews.net.br\/2022\/2021\/02\/05\/secretario-divulga-cronograma-de-vacinacao-dos-idosos-acima-de-90-anos-a-partir-de-segunda\/","og_site_name":"Regi\u00e3o News","article_published_time":"2021-02-05T11:47:02+00:00","article_modified_time":"2021-02-05T14:47:25+00:00","og_image":[{"width":893,"height":670,"url":"https:\/\/regiaonews.net.br\/2022\/wp-content\/uploads\/2021\/02\/Kleber-Rosa.jpg","type":"image\/jpeg"}],"author":"Roberto","twitter_card":"summary_large_image","twitter_misc":{"Escrito por":"Roberto","Est. tempo de leitura":"1 minuto"},"schema":{"@context":"https:\/\/schema.org","@graph":[{"@type":"Article","@id":"https:\/\/regiaonews.net.br\/2022\/2021\/02\/05\/secretario-divulga-cronograma-de-vacinacao-dos-idosos-acima-de-90-anos-a-partir-de-segunda\/#article","isPartOf":{"@id":"https:\/\/regiaonews.net.br\/2022\/2021\/02\/05\/secretario-divulga-cronograma-de-vacinacao-dos-idosos-acima-de-90-anos-a-partir-de-segunda\/"},"author":{"name":"Roberto","@id":"https:\/\/regiaonews.net.br\/2022\/#\/schema\/person\/2d205a608a5aa97ac279d7a5e6d89ad8"},"headline":"Secret\u00e1rio divulga cronograma de vacina\u00e7\u00e3o dos idosos acima de 90 anos a partir de segunda","datePublished":"2021-02-05T11:47:02+00:00","dateModified":"2021-02-05T14:47:25+00:00","mainEntityOfPage":{"@id":"https:\/\/regiaonews.net.br\/2022\/2021\/02\/05\/secretario-divulga-cronograma-de-vacinacao-dos-idosos-acima-de-90-anos-a-partir-de-segunda\/"},"wordCount":237,"commentCount":0,"publisher":{"@id":"https:\/\/regiaonews.net.br\/2022\/#organization"},"image":{"@id":"https:\/\/regiaonews.net.br\/2022\/2021\/02\/05\/secretario-divulga-cronograma-de-vacinacao-dos-idosos-acima-de-90-anos-a-partir-de-segunda\/#primaryimage"},"thumbnailUrl":"https:\/\/regiaonews.net.br\/2022\/wp-content\/uploads\/2021\/02\/Kleber-Rosa.jpg","articleSection":["Barretos","Cidades"],"inLanguage":"pt-BR","potentialAction":[{"@type":"CommentAction","name":"Comment","target":["https:\/\/regiaonews.net.br\/2022\/2021\/02\/05\/secretario-divulga-cronograma-de-vacinacao-dos-idosos-acima-de-90-anos-a-partir-de-segunda\/#respond"]}]},{"@type":"WebPage","@id":"https:\/\/regiaonews.net.br\/2022\/2021\/02\/05\/secretario-divulga-cronograma-de-vacinacao-dos-idosos-acima-de-90-anos-a-partir-de-segunda\/","url":"https:\/\/regiaonews.net.br\/2022\/2021\/02\/05\/secretario-divulga-cronograma-de-vacinacao-dos-idosos-acima-de-90-anos-a-partir-de-segunda\/","name":"Secret\u00e1rio divulga cronograma de vacina\u00e7\u00e3o dos idosos acima de 90 anos a partir de segunda - Regi\u00e3o News","isPartOf":{"@id":"https:\/\/regiaonews.net.br\/2022\/#website"},"primaryImageOfPage":{"@id":"https:\/\/regiaonews.net.br\/2022\/2021\/02\/05\/secretario-divulga-cronograma-de-vacinacao-dos-idosos-acima-de-90-anos-a-partir-de-segunda\/#primaryimage"},"image":{"@id":"https:\/\/regiaonews.net.br\/2022\/2021\/02\/05\/secretario-divulga-cronograma-de-vacinacao-dos-idosos-acima-de-90-anos-a-partir-de-segunda\/#primaryimage"},"thumbnailUrl":"https:\/\/regiaonews.net.br\/2022\/wp-content\/uploads\/2021\/02\/Kleber-Rosa.jpg","datePublished":"2021-02-05T11:47:02+00:00","dateModified":"2021-02-05T14:47:25+00:00","breadcrumb":{"@id":"https:\/\/regiaonews.net.br\/2022\/2021\/02\/05\/secretario-divulga-cronograma-de-vacinacao-dos-idosos-acima-de-90-anos-a-partir-de-segunda\/#breadcrumb"},"inLanguage":"pt-BR","potentialAction":[{"@type":"ReadAction","target":["https:\/\/regiaonews.net.br\/2022\/2021\/02\/05\/secretario-divulga-cronograma-de-vacinacao-dos-idosos-acima-de-90-anos-a-partir-de-segunda\/"]}]},{"@type":"ImageObject","inLanguage":"pt-BR","@id":"https:\/\/regiaonews.net.br\/2022\/2021\/02\/05\/secretario-divulga-cronograma-de-vacinacao-dos-idosos-acima-de-90-anos-a-partir-de-segunda\/#primaryimage","url":"https:\/\/regiaonews.net.br\/2022\/wp-content\/uploads\/2021\/02\/Kleber-Rosa.jpg","contentUrl":"https:\/\/regiaonews.net.br\/2022\/wp-content\/uploads\/2021\/02\/Kleber-Rosa.jpg","width":893,"height":670},{"@type":"BreadcrumbList","@id":"https:\/\/regiaonews.net.br\/2022\/2021\/02\/05\/secretario-divulga-cronograma-de-vacinacao-dos-idosos-acima-de-90-anos-a-partir-de-segunda\/#breadcrumb","itemListElement":[{"@type":"ListItem","position":1,"name":"In\u00edcio","item":"https:\/\/regiaonews.net.br\/2022\/"},{"@type":"ListItem","position":2,"name":"Secret\u00e1rio divulga cronograma de vacina\u00e7\u00e3o dos idosos acima de 90 anos a partir de segunda"}]},{"@type":"WebSite","@id":"https:\/\/regiaonews.net.br\/2022\/#website","url":"https:\/\/regiaonews.net.br\/2022\/","name":"Regi\u00e3o News","description":"Site de Not\u00edcias de Barretos e regi\u00e3o","publisher":{"@id":"https:\/\/regiaonews.net.br\/2022\/#organization"},"potentialAction":[{"@type":"SearchAction","target":{"@type":"EntryPoint","urlTemplate":"https:\/\/regiaonews.net.br\/2022\/?s={search_term_string}"},"query-input":{"@type":"PropertyValueSpecification","valueRequired":true,"valueName":"search_term_string"}}],"inLanguage":"pt-BR"},{"@type":"Organization","@id":"https:\/\/regiaonews.net.br\/2022\/#organization","name":"Regi\u00e3o News","url":"https:\/\/regiaonews.net.br\/2022\/","logo":{"@type":"ImageObject","inLanguage":"pt-BR","@id":"https:\/\/regiaonews.net.br\/2022\/#\/schema\/logo\/image\/","url":"https:\/\/regiaonews.net.br\/2022\/wp-content\/uploads\/2026\/03\/regiao-13-anos-scaled.jpg","contentUrl":"https:\/\/regiaonews.net.br\/2022\/wp-content\/uploads\/2026\/03\/regiao-13-anos-scaled.jpg","width":2560,"height":635,"caption":"Regi\u00e3o News"},"image":{"@id":"https:\/\/regiaonews.net.br\/2022\/#\/schema\/logo\/image\/"}},{"@type":"Person","@id":"https:\/\/regiaonews.net.br\/2022\/#\/schema\/person\/2d205a608a5aa97ac279d7a5e6d89ad8","name":"Roberto","image":{"@type":"ImageObject","inLanguage":"pt-BR","@id":"https:\/\/secure.gravatar.com\/avatar\/42749d8b712ff9d59ca93dc150494e5b55a44134482993f5baeb97e61b7ecc89?s=96&d=mm&r=g","url":"https:\/\/secure.gravatar.com\/avatar\/42749d8b712ff9d59ca93dc150494e5b55a44134482993f5baeb97e61b7ecc89?s=96&d=mm&r=g","contentUrl":"https:\/\/secure.gravatar.com\/avatar\/42749d8b712ff9d59ca93dc150494e5b55a44134482993f5baeb97e61b7ecc89?s=96&d=mm&r=g","caption":"Roberto"},"url":"https:\/\/regiaonews.net.br\/2022\/author\/roberto\/"}]}},"publishpress_future_action":{"enabled":false,"date":"2026-05-02 03:44:32","action":"change-status","newStatus":"draft","terms":[],"taxonomy":"category","extraData":[]},"publishpress_future_workflow_manual_trigger":{"enabledWorkflows":[]},"_links":{"self":[{"href":"https:\/\/regiaonews.net.br\/2022\/wp-json\/wp\/v2\/posts\/42680","targetHints":{"allow":["GET"]}}],"collection":[{"href":"https:\/\/regiaonews.net.br\/2022\/wp-json\/wp\/v2\/posts"}],"about":[{"href":"https:\/\/regiaonews.net.br\/2022\/wp-json\/wp\/v2\/types\/post"}],"author":[{"embeddable":true,"href":"https:\/\/regiaonews.net.br\/2022\/wp-json\/wp\/v2\/users\/2"}],"replies":[{"embeddable":true,"href":"https:\/\/regiaonews.net.br\/2022\/wp-json\/wp\/v2\/comments?post=42680"}],"version-history":[{"count":0,"href":"https:\/\/regiaonews.net.br\/2022\/wp-json\/wp\/v2\/posts\/42680\/revisions"}],"wp:featuredmedia":[{"embeddable":true,"href":"https:\/\/regiaonews.net.br\/2022\/wp-json\/wp\/v2\/media\/42690"}],"wp:attachment":[{"href":"https:\/\/regiaonews.net.br\/2022\/wp-json\/wp\/v2\/media?parent=42680"}],"wp:term":[{"taxonomy":"category","embeddable":true,"href":"https:\/\/regiaonews.net.br\/2022\/wp-json\/wp\/v2\/categories?post=42680"},{"taxonomy":"post_tag","embeddable":true,"href":"https:\/\/regiaonews.net.br\/2022\/wp-json\/wp\/v2\/tags?post=42680"}],"curies":[{"name":"wp","href":"https:\/\/api.w.org\/{rel}","templated":true}]}}