{"id":42622,"date":"2021-02-03T19:52:17","date_gmt":"2021-02-03T22:52:17","guid":{"rendered":"https:\/\/regiaonews.net.br\/2022\/?p=42622"},"modified":"2021-02-03T19:52:58","modified_gmt":"2021-02-03T22:52:58","slug":"luisao-cacambas-tem-retroescavadeira-furtada-na-zona-rural","status":"publish","type":"post","link":"https:\/\/regiaonews.net.br\/2022\/2021\/02\/03\/luisao-cacambas-tem-retroescavadeira-furtada-na-zona-rural\/","title":{"rendered":"Luiz\u00e3o Ca\u00e7ambas tem retroescavadeira furtada na Zona Rural"},"content":{"rendered":"<p><a href=\"https:\/\/regiaonews.net.br\/2022\/wp-content\/uploads\/2021\/02\/Retroescavadeira.jpg\"><img loading=\"lazy\" decoding=\"async\" class=\"alignnone size-medium wp-image-42623\" src=\"https:\/\/regiaonews.net.br\/2022\/wp-content\/uploads\/2021\/02\/Retroescavadeira-300x155.jpg\" alt=\"\" width=\"300\" height=\"155\" \/><\/a><\/p>\n<p>O empres\u00e1rio Rafael de Oliveira Gomes, afirmou que foi furtado no final de semana, uma m\u00e1quina retroescavadeira modelo Case 580 N, no povoado do Prata, na Zona Rural de Barretos. Segundo ele, o furto ocorreu na noite de s\u00e1bado, dia 30, por volta das 22h.<\/p>\n<p>Qualquer informa\u00e7\u00e3o no telefone 17 99771-2650, na empresa Luiz\u00e3o Ca\u00e7ambas. &#8220;N\u00f3s agradecemos qualquer informa\u00e7\u00e3o a respeito do paradeiro dessa m\u00e1quina&#8221;, afirmou Rafael.<\/p>\n","protected":false},"excerpt":{"rendered":"<p>O empres\u00e1rio Rafael de Oliveira Gomes, afirmou que foi furtado<\/p>\n","protected":false},"author":2,"featured_media":42623,"comment_status":"open","ping_status":"open","sticky":false,"template":"","format":"standard","meta":{"footnotes":""},"categories":[14,25,23],"tags":[],"class_list":["post-42622","post","type-post","status-publish","format-standard","has-post-thumbnail","hentry","category-barretos","category-cidades","category-policia"],"yoast_head":"<!-- This site is optimized with the Yoast SEO plugin v27.4 - https:\/\/yoast.com\/product\/yoast-seo-wordpress\/ -->\n<title>Luiz\u00e3o Ca\u00e7ambas tem retroescavadeira furtada na Zona Rural - Regi\u00e3o News<\/title>\n<meta name=\"robots\" content=\"index, follow, max-snippet:-1, max-image-preview:large, max-video-preview:-1\" \/>\n<link rel=\"canonical\" href=\"https:\/\/regiaonews.net.br\/2022\/2021\/02\/03\/luisao-cacambas-tem-retroescavadeira-furtada-na-zona-rural\/\" \/>\n<meta property=\"og:locale\" content=\"pt_BR\" \/>\n<meta property=\"og:type\" content=\"article\" \/>\n<meta property=\"og:title\" content=\"Luiz\u00e3o Ca\u00e7ambas tem retroescavadeira furtada na Zona Rural - Regi\u00e3o News\" \/>\n<meta property=\"og:description\" content=\"O empres\u00e1rio Rafael de Oliveira Gomes, afirmou que foi furtado\" \/>\n<meta property=\"og:url\" content=\"https:\/\/regiaonews.net.br\/2022\/2021\/02\/03\/luisao-cacambas-tem-retroescavadeira-furtada-na-zona-rural\/\" \/>\n<meta property=\"og:site_name\" content=\"Regi\u00e3o News\" \/>\n<meta property=\"article:published_time\" content=\"2021-02-03T22:52:17+00:00\" \/>\n<meta property=\"article:modified_time\" content=\"2021-02-03T22:52:58+00:00\" \/>\n<meta property=\"og:image\" content=\"https:\/\/regiaonews.net.br\/2022\/wp-content\/uploads\/2021\/02\/Retroescavadeira.jpg\" \/>\n\t<meta property=\"og:image:width\" content=\"909\" \/>\n\t<meta property=\"og:image:height\" content=\"471\" \/>\n\t<meta property=\"og:image:type\" content=\"image\/jpeg\" \/>\n<meta name=\"author\" content=\"Roberto\" \/>\n<meta name=\"twitter:card\" content=\"summary_large_image\" \/>\n<meta name=\"twitter:label1\" content=\"Escrito por\" \/>\n\t<meta name=\"twitter:data1\" content=\"Roberto\" \/>\n<script type=\"application\/ld+json\" class=\"yoast-schema-graph\">{\"@context\":\"https:\\\/\\\/schema.org\",\"@graph\":[{\"@type\":\"Article\",\"@id\":\"https:\\\/\\\/regiaonews.net.br\\\/2022\\\/2021\\\/02\\\/03\\\/luisao-cacambas-tem-retroescavadeira-furtada-na-zona-rural\\\/#article\",\"isPartOf\":{\"@id\":\"https:\\\/\\\/regiaonews.net.br\\\/2022\\\/2021\\\/02\\\/03\\\/luisao-cacambas-tem-retroescavadeira-furtada-na-zona-rural\\\/\"},\"author\":{\"name\":\"Roberto\",\"@id\":\"https:\\\/\\\/regiaonews.net.br\\\/2022\\\/#\\\/schema\\\/person\\\/2d205a608a5aa97ac279d7a5e6d89ad8\"},\"headline\":\"Luiz\u00e3o Ca\u00e7ambas tem retroescavadeira furtada na Zona Rural\",\"datePublished\":\"2021-02-03T22:52:17+00:00\",\"dateModified\":\"2021-02-03T22:52:58+00:00\",\"mainEntityOfPage\":{\"@id\":\"https:\\\/\\\/regiaonews.net.br\\\/2022\\\/2021\\\/02\\\/03\\\/luisao-cacambas-tem-retroescavadeira-furtada-na-zona-rural\\\/\"},\"wordCount\":83,\"commentCount\":0,\"publisher\":{\"@id\":\"https:\\\/\\\/regiaonews.net.br\\\/2022\\\/#organization\"},\"image\":{\"@id\":\"https:\\\/\\\/regiaonews.net.br\\\/2022\\\/2021\\\/02\\\/03\\\/luisao-cacambas-tem-retroescavadeira-furtada-na-zona-rural\\\/#primaryimage\"},\"thumbnailUrl\":\"https:\\\/\\\/regiaonews.net.br\\\/2022\\\/wp-content\\\/uploads\\\/2021\\\/02\\\/Retroescavadeira.jpg\",\"articleSection\":[\"Barretos\",\"Cidades\",\"Policia\"],\"inLanguage\":\"pt-BR\",\"potentialAction\":[{\"@type\":\"CommentAction\",\"name\":\"Comment\",\"target\":[\"https:\\\/\\\/regiaonews.net.br\\\/2022\\\/2021\\\/02\\\/03\\\/luisao-cacambas-tem-retroescavadeira-furtada-na-zona-rural\\\/#respond\"]}]},{\"@type\":\"WebPage\",\"@id\":\"https:\\\/\\\/regiaonews.net.br\\\/2022\\\/2021\\\/02\\\/03\\\/luisao-cacambas-tem-retroescavadeira-furtada-na-zona-rural\\\/\",\"url\":\"https:\\\/\\\/regiaonews.net.br\\\/2022\\\/2021\\\/02\\\/03\\\/luisao-cacambas-tem-retroescavadeira-furtada-na-zona-rural\\\/\",\"name\":\"Luiz\u00e3o Ca\u00e7ambas tem retroescavadeira furtada na Zona Rural - Regi\u00e3o News\",\"isPartOf\":{\"@id\":\"https:\\\/\\\/regiaonews.net.br\\\/2022\\\/#website\"},\"primaryImageOfPage\":{\"@id\":\"https:\\\/\\\/regiaonews.net.br\\\/2022\\\/2021\\\/02\\\/03\\\/luisao-cacambas-tem-retroescavadeira-furtada-na-zona-rural\\\/#primaryimage\"},\"image\":{\"@id\":\"https:\\\/\\\/regiaonews.net.br\\\/2022\\\/2021\\\/02\\\/03\\\/luisao-cacambas-tem-retroescavadeira-furtada-na-zona-rural\\\/#primaryimage\"},\"thumbnailUrl\":\"https:\\\/\\\/regiaonews.net.br\\\/2022\\\/wp-content\\\/uploads\\\/2021\\\/02\\\/Retroescavadeira.jpg\",\"datePublished\":\"2021-02-03T22:52:17+00:00\",\"dateModified\":\"2021-02-03T22:52:58+00:00\",\"breadcrumb\":{\"@id\":\"https:\\\/\\\/regiaonews.net.br\\\/2022\\\/2021\\\/02\\\/03\\\/luisao-cacambas-tem-retroescavadeira-furtada-na-zona-rural\\\/#breadcrumb\"},\"inLanguage\":\"pt-BR\",\"potentialAction\":[{\"@type\":\"ReadAction\",\"target\":[\"https:\\\/\\\/regiaonews.net.br\\\/2022\\\/2021\\\/02\\\/03\\\/luisao-cacambas-tem-retroescavadeira-furtada-na-zona-rural\\\/\"]}]},{\"@type\":\"ImageObject\",\"inLanguage\":\"pt-BR\",\"@id\":\"https:\\\/\\\/regiaonews.net.br\\\/2022\\\/2021\\\/02\\\/03\\\/luisao-cacambas-tem-retroescavadeira-furtada-na-zona-rural\\\/#primaryimage\",\"url\":\"https:\\\/\\\/regiaonews.net.br\\\/2022\\\/wp-content\\\/uploads\\\/2021\\\/02\\\/Retroescavadeira.jpg\",\"contentUrl\":\"https:\\\/\\\/regiaonews.net.br\\\/2022\\\/wp-content\\\/uploads\\\/2021\\\/02\\\/Retroescavadeira.jpg\",\"width\":909,\"height\":471},{\"@type\":\"BreadcrumbList\",\"@id\":\"https:\\\/\\\/regiaonews.net.br\\\/2022\\\/2021\\\/02\\\/03\\\/luisao-cacambas-tem-retroescavadeira-furtada-na-zona-rural\\\/#breadcrumb\",\"itemListElement\":[{\"@type\":\"ListItem\",\"position\":1,\"name\":\"In\u00edcio\",\"item\":\"https:\\\/\\\/regiaonews.net.br\\\/2022\\\/\"},{\"@type\":\"ListItem\",\"position\":2,\"name\":\"Luiz\u00e3o Ca\u00e7ambas tem retroescavadeira furtada na Zona Rural\"}]},{\"@type\":\"WebSite\",\"@id\":\"https:\\\/\\\/regiaonews.net.br\\\/2022\\\/#website\",\"url\":\"https:\\\/\\\/regiaonews.net.br\\\/2022\\\/\",\"name\":\"Regi\u00e3o News\",\"description\":\"Site de Not\u00edcias de Barretos e regi\u00e3o\",\"publisher\":{\"@id\":\"https:\\\/\\\/regiaonews.net.br\\\/2022\\\/#organization\"},\"potentialAction\":[{\"@type\":\"SearchAction\",\"target\":{\"@type\":\"EntryPoint\",\"urlTemplate\":\"https:\\\/\\\/regiaonews.net.br\\\/2022\\\/?s={search_term_string}\"},\"query-input\":{\"@type\":\"PropertyValueSpecification\",\"valueRequired\":true,\"valueName\":\"search_term_string\"}}],\"inLanguage\":\"pt-BR\"},{\"@type\":\"Organization\",\"@id\":\"https:\\\/\\\/regiaonews.net.br\\\/2022\\\/#organization\",\"name\":\"Regi\u00e3o News\",\"url\":\"https:\\\/\\\/regiaonews.net.br\\\/2022\\\/\",\"logo\":{\"@type\":\"ImageObject\",\"inLanguage\":\"pt-BR\",\"@id\":\"https:\\\/\\\/regiaonews.net.br\\\/2022\\\/#\\\/schema\\\/logo\\\/image\\\/\",\"url\":\"https:\\\/\\\/regiaonews.net.br\\\/2022\\\/wp-content\\\/uploads\\\/2026\\\/03\\\/regiao-13-anos-scaled.jpg\",\"contentUrl\":\"https:\\\/\\\/regiaonews.net.br\\\/2022\\\/wp-content\\\/uploads\\\/2026\\\/03\\\/regiao-13-anos-scaled.jpg\",\"width\":2560,\"height\":635,\"caption\":\"Regi\u00e3o News\"},\"image\":{\"@id\":\"https:\\\/\\\/regiaonews.net.br\\\/2022\\\/#\\\/schema\\\/logo\\\/image\\\/\"}},{\"@type\":\"Person\",\"@id\":\"https:\\\/\\\/regiaonews.net.br\\\/2022\\\/#\\\/schema\\\/person\\\/2d205a608a5aa97ac279d7a5e6d89ad8\",\"name\":\"Roberto\",\"image\":{\"@type\":\"ImageObject\",\"inLanguage\":\"pt-BR\",\"@id\":\"https:\\\/\\\/secure.gravatar.com\\\/avatar\\\/42749d8b712ff9d59ca93dc150494e5b55a44134482993f5baeb97e61b7ecc89?s=96&d=mm&r=g\",\"url\":\"https:\\\/\\\/secure.gravatar.com\\\/avatar\\\/42749d8b712ff9d59ca93dc150494e5b55a44134482993f5baeb97e61b7ecc89?s=96&d=mm&r=g\",\"contentUrl\":\"https:\\\/\\\/secure.gravatar.com\\\/avatar\\\/42749d8b712ff9d59ca93dc150494e5b55a44134482993f5baeb97e61b7ecc89?s=96&d=mm&r=g\",\"caption\":\"Roberto\"},\"url\":\"https:\\\/\\\/regiaonews.net.br\\\/2022\\\/author\\\/roberto\\\/\"}]}<\/script>\n<!-- \/ Yoast SEO plugin. -->","yoast_head_json":{"title":"Luiz\u00e3o Ca\u00e7ambas tem retroescavadeira furtada na Zona Rural - Regi\u00e3o News","robots":{"index":"index","follow":"follow","max-snippet":"max-snippet:-1","max-image-preview":"max-image-preview:large","max-video-preview":"max-video-preview:-1"},"canonical":"https:\/\/regiaonews.net.br\/2022\/2021\/02\/03\/luisao-cacambas-tem-retroescavadeira-furtada-na-zona-rural\/","og_locale":"pt_BR","og_type":"article","og_title":"Luiz\u00e3o Ca\u00e7ambas tem retroescavadeira furtada na Zona Rural - Regi\u00e3o News","og_description":"O empres\u00e1rio Rafael de Oliveira Gomes, afirmou que foi furtado","og_url":"https:\/\/regiaonews.net.br\/2022\/2021\/02\/03\/luisao-cacambas-tem-retroescavadeira-furtada-na-zona-rural\/","og_site_name":"Regi\u00e3o News","article_published_time":"2021-02-03T22:52:17+00:00","article_modified_time":"2021-02-03T22:52:58+00:00","og_image":[{"width":909,"height":471,"url":"https:\/\/regiaonews.net.br\/2022\/wp-content\/uploads\/2021\/02\/Retroescavadeira.jpg","type":"image\/jpeg"}],"author":"Roberto","twitter_card":"summary_large_image","twitter_misc":{"Escrito por":"Roberto"},"schema":{"@context":"https:\/\/schema.org","@graph":[{"@type":"Article","@id":"https:\/\/regiaonews.net.br\/2022\/2021\/02\/03\/luisao-cacambas-tem-retroescavadeira-furtada-na-zona-rural\/#article","isPartOf":{"@id":"https:\/\/regiaonews.net.br\/2022\/2021\/02\/03\/luisao-cacambas-tem-retroescavadeira-furtada-na-zona-rural\/"},"author":{"name":"Roberto","@id":"https:\/\/regiaonews.net.br\/2022\/#\/schema\/person\/2d205a608a5aa97ac279d7a5e6d89ad8"},"headline":"Luiz\u00e3o Ca\u00e7ambas tem retroescavadeira furtada na Zona Rural","datePublished":"2021-02-03T22:52:17+00:00","dateModified":"2021-02-03T22:52:58+00:00","mainEntityOfPage":{"@id":"https:\/\/regiaonews.net.br\/2022\/2021\/02\/03\/luisao-cacambas-tem-retroescavadeira-furtada-na-zona-rural\/"},"wordCount":83,"commentCount":0,"publisher":{"@id":"https:\/\/regiaonews.net.br\/2022\/#organization"},"image":{"@id":"https:\/\/regiaonews.net.br\/2022\/2021\/02\/03\/luisao-cacambas-tem-retroescavadeira-furtada-na-zona-rural\/#primaryimage"},"thumbnailUrl":"https:\/\/regiaonews.net.br\/2022\/wp-content\/uploads\/2021\/02\/Retroescavadeira.jpg","articleSection":["Barretos","Cidades","Policia"],"inLanguage":"pt-BR","potentialAction":[{"@type":"CommentAction","name":"Comment","target":["https:\/\/regiaonews.net.br\/2022\/2021\/02\/03\/luisao-cacambas-tem-retroescavadeira-furtada-na-zona-rural\/#respond"]}]},{"@type":"WebPage","@id":"https:\/\/regiaonews.net.br\/2022\/2021\/02\/03\/luisao-cacambas-tem-retroescavadeira-furtada-na-zona-rural\/","url":"https:\/\/regiaonews.net.br\/2022\/2021\/02\/03\/luisao-cacambas-tem-retroescavadeira-furtada-na-zona-rural\/","name":"Luiz\u00e3o Ca\u00e7ambas tem retroescavadeira furtada na Zona Rural - Regi\u00e3o News","isPartOf":{"@id":"https:\/\/regiaonews.net.br\/2022\/#website"},"primaryImageOfPage":{"@id":"https:\/\/regiaonews.net.br\/2022\/2021\/02\/03\/luisao-cacambas-tem-retroescavadeira-furtada-na-zona-rural\/#primaryimage"},"image":{"@id":"https:\/\/regiaonews.net.br\/2022\/2021\/02\/03\/luisao-cacambas-tem-retroescavadeira-furtada-na-zona-rural\/#primaryimage"},"thumbnailUrl":"https:\/\/regiaonews.net.br\/2022\/wp-content\/uploads\/2021\/02\/Retroescavadeira.jpg","datePublished":"2021-02-03T22:52:17+00:00","dateModified":"2021-02-03T22:52:58+00:00","breadcrumb":{"@id":"https:\/\/regiaonews.net.br\/2022\/2021\/02\/03\/luisao-cacambas-tem-retroescavadeira-furtada-na-zona-rural\/#breadcrumb"},"inLanguage":"pt-BR","potentialAction":[{"@type":"ReadAction","target":["https:\/\/regiaonews.net.br\/2022\/2021\/02\/03\/luisao-cacambas-tem-retroescavadeira-furtada-na-zona-rural\/"]}]},{"@type":"ImageObject","inLanguage":"pt-BR","@id":"https:\/\/regiaonews.net.br\/2022\/2021\/02\/03\/luisao-cacambas-tem-retroescavadeira-furtada-na-zona-rural\/#primaryimage","url":"https:\/\/regiaonews.net.br\/2022\/wp-content\/uploads\/2021\/02\/Retroescavadeira.jpg","contentUrl":"https:\/\/regiaonews.net.br\/2022\/wp-content\/uploads\/2021\/02\/Retroescavadeira.jpg","width":909,"height":471},{"@type":"BreadcrumbList","@id":"https:\/\/regiaonews.net.br\/2022\/2021\/02\/03\/luisao-cacambas-tem-retroescavadeira-furtada-na-zona-rural\/#breadcrumb","itemListElement":[{"@type":"ListItem","position":1,"name":"In\u00edcio","item":"https:\/\/regiaonews.net.br\/2022\/"},{"@type":"ListItem","position":2,"name":"Luiz\u00e3o Ca\u00e7ambas tem retroescavadeira furtada na Zona Rural"}]},{"@type":"WebSite","@id":"https:\/\/regiaonews.net.br\/2022\/#website","url":"https:\/\/regiaonews.net.br\/2022\/","name":"Regi\u00e3o News","description":"Site de Not\u00edcias de Barretos e regi\u00e3o","publisher":{"@id":"https:\/\/regiaonews.net.br\/2022\/#organization"},"potentialAction":[{"@type":"SearchAction","target":{"@type":"EntryPoint","urlTemplate":"https:\/\/regiaonews.net.br\/2022\/?s={search_term_string}"},"query-input":{"@type":"PropertyValueSpecification","valueRequired":true,"valueName":"search_term_string"}}],"inLanguage":"pt-BR"},{"@type":"Organization","@id":"https:\/\/regiaonews.net.br\/2022\/#organization","name":"Regi\u00e3o News","url":"https:\/\/regiaonews.net.br\/2022\/","logo":{"@type":"ImageObject","inLanguage":"pt-BR","@id":"https:\/\/regiaonews.net.br\/2022\/#\/schema\/logo\/image\/","url":"https:\/\/regiaonews.net.br\/2022\/wp-content\/uploads\/2026\/03\/regiao-13-anos-scaled.jpg","contentUrl":"https:\/\/regiaonews.net.br\/2022\/wp-content\/uploads\/2026\/03\/regiao-13-anos-scaled.jpg","width":2560,"height":635,"caption":"Regi\u00e3o News"},"image":{"@id":"https:\/\/regiaonews.net.br\/2022\/#\/schema\/logo\/image\/"}},{"@type":"Person","@id":"https:\/\/regiaonews.net.br\/2022\/#\/schema\/person\/2d205a608a5aa97ac279d7a5e6d89ad8","name":"Roberto","image":{"@type":"ImageObject","inLanguage":"pt-BR","@id":"https:\/\/secure.gravatar.com\/avatar\/42749d8b712ff9d59ca93dc150494e5b55a44134482993f5baeb97e61b7ecc89?s=96&d=mm&r=g","url":"https:\/\/secure.gravatar.com\/avatar\/42749d8b712ff9d59ca93dc150494e5b55a44134482993f5baeb97e61b7ecc89?s=96&d=mm&r=g","contentUrl":"https:\/\/secure.gravatar.com\/avatar\/42749d8b712ff9d59ca93dc150494e5b55a44134482993f5baeb97e61b7ecc89?s=96&d=mm&r=g","caption":"Roberto"},"url":"https:\/\/regiaonews.net.br\/2022\/author\/roberto\/"}]}},"publishpress_future_action":{"enabled":false,"date":"2026-05-02 07:01:47","action":"change-status","newStatus":"draft","terms":[],"taxonomy":"category","extraData":[]},"publishpress_future_workflow_manual_trigger":{"enabledWorkflows":[]},"_links":{"self":[{"href":"https:\/\/regiaonews.net.br\/2022\/wp-json\/wp\/v2\/posts\/42622","targetHints":{"allow":["GET"]}}],"collection":[{"href":"https:\/\/regiaonews.net.br\/2022\/wp-json\/wp\/v2\/posts"}],"about":[{"href":"https:\/\/regiaonews.net.br\/2022\/wp-json\/wp\/v2\/types\/post"}],"author":[{"embeddable":true,"href":"https:\/\/regiaonews.net.br\/2022\/wp-json\/wp\/v2\/users\/2"}],"replies":[{"embeddable":true,"href":"https:\/\/regiaonews.net.br\/2022\/wp-json\/wp\/v2\/comments?post=42622"}],"version-history":[{"count":0,"href":"https:\/\/regiaonews.net.br\/2022\/wp-json\/wp\/v2\/posts\/42622\/revisions"}],"wp:featuredmedia":[{"embeddable":true,"href":"https:\/\/regiaonews.net.br\/2022\/wp-json\/wp\/v2\/media\/42623"}],"wp:attachment":[{"href":"https:\/\/regiaonews.net.br\/2022\/wp-json\/wp\/v2\/media?parent=42622"}],"wp:term":[{"taxonomy":"category","embeddable":true,"href":"https:\/\/regiaonews.net.br\/2022\/wp-json\/wp\/v2\/categories?post=42622"},{"taxonomy":"post_tag","embeddable":true,"href":"https:\/\/regiaonews.net.br\/2022\/wp-json\/wp\/v2\/tags?post=42622"}],"curies":[{"name":"wp","href":"https:\/\/api.w.org\/{rel}","templated":true}]}}