{"id":42327,"date":"2021-01-27T20:08:57","date_gmt":"2021-01-27T23:08:57","guid":{"rendered":"https:\/\/regiaonews.net.br\/2022\/?p=42327"},"modified":"2021-01-27T20:29:42","modified_gmt":"2021-01-27T23:29:42","slug":"piloto-e-resgatado-apos-pouso-de-emergencia-com-aeronave-de-pequeno-porte-em-serra-azul-sp","status":"publish","type":"post","link":"https:\/\/regiaonews.net.br\/2022\/2021\/01\/27\/piloto-e-resgatado-apos-pouso-de-emergencia-com-aeronave-de-pequeno-porte-em-serra-azul-sp\/","title":{"rendered":"Piloto \u00e9 resgatado ap\u00f3s pouso de emerg\u00eancia com aeronave de pequeno porte em Serra Azul, SP"},"content":{"rendered":"<p class=\"content-head__subtitle\">V\u00edtima de 33 anos foi encontrada em \u00e1rea pr\u00f3xima \u00e0 Rodovia Abr\u00e3o Assed (SP-333) depois de pane em avi\u00e3o. Piloto teve ferimentos leves e deve ser atendido por hospital particular em Ribeir\u00e3o Preto.<\/p>\n<div class=\"mc-column content-text active-extra-styles active-capital-letter\" data-block-type=\"unstyled\" data-block-weight=\"44\" data-block-id=\"1\">\n<p class=\"content-text__container theme-color-primary-first-letter\" data-track-category=\"Link no Texto\" data-track-links=\"\">Um piloto de 33 anos foi resgatado na tarde desta quarta-feira (27) ap\u00f3s fazer um pouso de emerg\u00eancia com uma aeronave de pequeno porte em uma \u00e1rea pr\u00f3xima \u00e0 Rodovia Abr\u00e3o Assed (SP-333), em Serra Azul (SP). Ele estava sozinho e teve ferimentos leves.<\/p>\n<\/div>\n<div class=\"wall protected-content\">\n<div class=\"mc-column content-text active-extra-styles \" data-block-type=\"unstyled\" data-block-weight=\"9\" data-block-id=\"2\">\n<p class=\"content-text__container \" data-track-category=\"Link no Texto\" data-track-links=\"\">As circunst\u00e2ncias do acidente ser\u00e3o investigadas pela Aeron\u00e1utica.<\/p>\n<\/div>\n<div class=\"mc-column content-text active-extra-styles \" data-block-type=\"unstyled\" data-block-weight=\"38\" data-block-id=\"3\">\n<p class=\"content-text__container \" data-track-category=\"Link no Texto\" data-track-links=\"\">De acordo com o Corpo de Bombeiros, o acidente aconteceu \u00e0s 16h59 pr\u00f3ximo ao quil\u00f4metro 29 da rodovia e do Centro de Deten\u00e7\u00e3o Provis\u00f3ria (CDP). O avi\u00e3o do modelo Cessna Aircraft \u00e9 pertencente ao Aeroclube de Barretos (SP).<\/p>\n<\/div>\n<div class=\"row medium-uncollapsed content-media content-photo\" data-block-type=\"backstage-photo\" data-block-id=\"4\">\n<div class=\"mc-column content-media__container\">\n<figure><img decoding=\"async\" class=\"i-amphtml-fill-content i-amphtml-replaced-content\" src=\"https:\/\/s2.glbimg.com\/fd4CEQTTmc5QjDlKrS2lXC7tXho=\/0x0:1280x958\/984x0\/smart\/filters:strip_icc()\/i.s3.glbimg.com\/v1\/AUTH_59edd422c0c84a879bd37670ae4f538a\/internal_photos\/bs\/2021\/O\/Y\/KojnfbS8SUPZQIbE5kvw\/whatsapp-image-2021-01-27-at-19.37.03.jpeg\" sizes=\"(max-width: 1366px) 648px, 100vw\" srcset=\"https:\/\/s2.glbimg.com\/exSSMQb_2SfhusQ6b-wv87O24oo=\/0x0:1280x958\/1000x0\/smart\/filters:strip_icc()\/i.s3.glbimg.com\/v1\/AUTH_59edd422c0c84a879bd37670ae4f538a\/internal_photos\/bs\/2021\/O\/Y\/KojnfbS8SUPZQIbE5kvw\/whatsapp-image-2021-01-27-at-19.37.03.jpeg 1000w, https:\/\/s2.glbimg.com\/fd4CEQTTmc5QjDlKrS2lXC7tXho=\/0x0:1280x958\/984x0\/smart\/filters:strip_icc()\/i.s3.glbimg.com\/v1\/AUTH_59edd422c0c84a879bd37670ae4f538a\/internal_photos\/bs\/2021\/O\/Y\/KojnfbS8SUPZQIbE5kvw\/whatsapp-image-2021-01-27-at-19.37.03.jpeg 984w, https:\/\/s2.glbimg.com\/zcFHBg2YjqjWT7Vmr4cPvAbTOv4=\/0x0:1280x958\/640x0\/smart\/filters:strip_icc()\/i.s3.glbimg.com\/v1\/AUTH_59edd422c0c84a879bd37670ae4f538a\/internal_photos\/bs\/2021\/O\/Y\/KojnfbS8SUPZQIbE5kvw\/whatsapp-image-2021-01-27-at-19.37.03.jpeg 640w, https:\/\/s2.glbimg.com\/HPWUY-RKhK454kAaxhOxdy17eQo=\/0x0:1280x958\/600x0\/smart\/filters:strip_icc()\/i.s3.glbimg.com\/v1\/AUTH_59edd422c0c84a879bd37670ae4f538a\/internal_photos\/bs\/2021\/O\/Y\/KojnfbS8SUPZQIbE5kvw\/whatsapp-image-2021-01-27-at-19.37.03.jpeg 600w\" alt=\"Avi\u00e3o capota ap\u00f3s pouso for\u00e7ado em Serra Azul, SP; piloto ficou ferido \u2014 Foto: Pol\u00edcia Militar\/Divulga\u00e7\u00e3o\" \/><\/figure>\n<p class=\"content-media__description \">Avi\u00e3o capota ap\u00f3s pouso for\u00e7ado em Serra Azul, SP; piloto ficou ferido \u2014 Foto: Pol\u00edcia Militar\/Divulga\u00e7\u00e3o<\/p>\n<\/div>\n<\/div>\n<div class=\"mc-column content-text active-extra-styles \" data-block-type=\"unstyled\" data-block-weight=\"34\" data-block-id=\"5\">\n<p class=\"content-text__container \" data-track-category=\"Link no Texto\" data-track-links=\"\">Segundo apura\u00e7\u00e3o da\u00a0<em>EPTV<\/em>, afiliada da TV Globo, o piloto precisou pousar o avi\u00e3o por conta de uma pane mec\u00e2nica e, durante a manobra de emerg\u00eancia, o ve\u00edculo &#8220;pilonou&#8221;, ou seja, capotou para frente.<\/p>\n<\/div>\n<div class=\"mc-column content-text active-extra-styles \" data-block-type=\"unstyled\" data-block-weight=\"36\" data-block-id=\"6\">\n<p class=\"content-text__container \" data-track-category=\"Link no Texto\" data-track-links=\"\">A PM foi acionada ap\u00f3s a base a\u00e9rea de Pirassununga (SP) informar ter perdido contato com o piloto. Com apoio de um helic\u00f3ptero, as equipes localizaram a v\u00edtima em cima do avi\u00e3o, sinalizando que estava bem.<\/p>\n<\/div>\n<div class=\"mc-column content-text active-extra-styles \" data-block-type=\"unstyled\" data-block-weight=\"16\" data-block-id=\"7\">\n<p class=\"content-text__container \" data-track-category=\"Link no Texto\" data-track-links=\"\">O piloto quebrou o nariz e foi levado para um hospital particular em Ribeir\u00e3o Preto (SP).<\/p>\n<\/div>\n<div class=\"mc-column content-text active-extra-styles \" data-block-type=\"unstyled\" data-block-weight=\"25\" data-block-id=\"8\">\n<p class=\"content-text__container \" data-track-category=\"Link no Texto\" data-track-links=\"\">A per\u00edcia deve ir ao local do acidente na manh\u00e3 de quinta-feira (28). A retirada da aeronave ficar\u00e1 a cargo da For\u00e7a A\u00e9rea Brasileira (FAB).<\/p>\n<\/div>\n<div class=\"content-ads content-ads--reveal\" data-block-type=\"ads\" data-block-id=\"9\">\n<div id=\"banner_materia2\" class=\"tag-manager-publicidade-container mc-has-reveal mc-has-ad-lazyload tag-manager-publicidade-banner_materia2 tag-manager-publicidade-container--carregado tag-manager-publicidade-container--visivel\" data-id=\"banner_materia2\" data-req=\"true\" data-google-query-id=\"CMjI-aKdve4CFR00uQYdPw4AhQ\" data-cid=\"138337125156\" data-lid=\"5591346933\">\n<div id=\"google_ads_iframe_\/95377733\/tvg_G1\/Sua_Regiao&gt;Sudeste&gt;Sao_Paulo_(Ribeirao_Preto)_3__container__\" style=\"box-sizing: inherit; margin: auto; padding: 0px; border: 0pt none; font: inherit; vertical-align: initial; max-width: 100%; text-align: center;\"><img decoding=\"async\" class=\"i-amphtml-fill-content i-amphtml-replaced-content\" src=\"https:\/\/s2.glbimg.com\/06h-5nBOYpIjiPL4tKkZ3qFpmh0=\/0x0:960x1280\/984x0\/smart\/filters:strip_icc()\/i.s3.glbimg.com\/v1\/AUTH_59edd422c0c84a879bd37670ae4f538a\/internal_photos\/bs\/2021\/I\/F\/sN3VGkQ9uGn7o8wkcKCQ\/whatsapp-image-2021-01-27-at-18.46.20.jpeg\" sizes=\"(max-width: 1366px) 648px, 100vw\" srcset=\"https:\/\/s2.glbimg.com\/bewVqgFWd8CjbNDDUoeQOvvTudw=\/0x0:960x1280\/1000x0\/smart\/filters:strip_icc()\/i.s3.glbimg.com\/v1\/AUTH_59edd422c0c84a879bd37670ae4f538a\/internal_photos\/bs\/2021\/I\/F\/sN3VGkQ9uGn7o8wkcKCQ\/whatsapp-image-2021-01-27-at-18.46.20.jpeg 1000w, https:\/\/s2.glbimg.com\/06h-5nBOYpIjiPL4tKkZ3qFpmh0=\/0x0:960x1280\/984x0\/smart\/filters:strip_icc()\/i.s3.glbimg.com\/v1\/AUTH_59edd422c0c84a879bd37670ae4f538a\/internal_photos\/bs\/2021\/I\/F\/sN3VGkQ9uGn7o8wkcKCQ\/whatsapp-image-2021-01-27-at-18.46.20.jpeg 984w, https:\/\/s2.glbimg.com\/h_xl9n0NqT537JTpbNewVIlp4n8=\/0x0:960x1280\/640x0\/smart\/filters:strip_icc()\/i.s3.glbimg.com\/v1\/AUTH_59edd422c0c84a879bd37670ae4f538a\/internal_photos\/bs\/2021\/I\/F\/sN3VGkQ9uGn7o8wkcKCQ\/whatsapp-image-2021-01-27-at-18.46.20.jpeg 640w, https:\/\/s2.glbimg.com\/QiRxopODUth_KRtE4pkWXNS3T30=\/0x0:960x1280\/600x0\/smart\/filters:strip_icc()\/i.s3.glbimg.com\/v1\/AUTH_59edd422c0c84a879bd37670ae4f538a\/internal_photos\/bs\/2021\/I\/F\/sN3VGkQ9uGn7o8wkcKCQ\/whatsapp-image-2021-01-27-at-18.46.20.jpeg 600w\" alt=\"Acidente a\u00e9reo deixa piloto ferido entre Serra Azul e Serrana, SP \u2014 Foto: Pol\u00edcia Militar\" \/><\/div>\n<\/div>\n<\/div>\n<div class=\"row medium-uncollapsed content-media content-photo\" data-block-type=\"backstage-photo\" data-block-id=\"10\">\n<div class=\"mc-column content-media__container\">\n<p class=\"content-media__description \">Acidente a\u00e9reo deixa piloto ferido entre Serra Azul e Serrana, SP \u2014 Foto: Pol\u00edcia Militar<\/p>\n<p>FONTE : G1<\/p>\n<\/div>\n<\/div>\n<\/div>\n","protected":false},"excerpt":{"rendered":"<p>V\u00edtima de 33 anos foi encontrada em \u00e1rea pr\u00f3xima \u00e0<\/p>\n","protected":false},"author":2,"featured_media":42328,"comment_status":"open","ping_status":"open","sticky":false,"template":"","format":"standard","meta":{"footnotes":""},"categories":[25,23,32],"tags":[],"class_list":["post-42327","post","type-post","status-publish","format-standard","has-post-thumbnail","hentry","category-cidades","category-policia","category-ribeirao-preto"],"yoast_head":"<!-- This site is optimized with the Yoast SEO plugin v27.4 - https:\/\/yoast.com\/product\/yoast-seo-wordpress\/ -->\n<title>Piloto \u00e9 resgatado ap\u00f3s pouso de emerg\u00eancia com aeronave de pequeno porte em Serra Azul, SP - Regi\u00e3o News<\/title>\n<meta name=\"robots\" content=\"index, follow, max-snippet:-1, max-image-preview:large, max-video-preview:-1\" \/>\n<link rel=\"canonical\" href=\"https:\/\/regiaonews.net.br\/2022\/2021\/01\/27\/piloto-e-resgatado-apos-pouso-de-emergencia-com-aeronave-de-pequeno-porte-em-serra-azul-sp\/\" \/>\n<meta property=\"og:locale\" content=\"pt_BR\" \/>\n<meta property=\"og:type\" content=\"article\" \/>\n<meta property=\"og:title\" content=\"Piloto \u00e9 resgatado ap\u00f3s pouso de emerg\u00eancia com aeronave de pequeno porte em Serra Azul, SP - Regi\u00e3o News\" \/>\n<meta property=\"og:description\" content=\"V\u00edtima de 33 anos foi encontrada em \u00e1rea pr\u00f3xima \u00e0\" \/>\n<meta property=\"og:url\" content=\"https:\/\/regiaonews.net.br\/2022\/2021\/01\/27\/piloto-e-resgatado-apos-pouso-de-emergencia-com-aeronave-de-pequeno-porte-em-serra-azul-sp\/\" \/>\n<meta property=\"og:site_name\" content=\"Regi\u00e3o News\" \/>\n<meta property=\"article:published_time\" content=\"2021-01-27T23:08:57+00:00\" \/>\n<meta property=\"article:modified_time\" content=\"2021-01-27T23:29:42+00:00\" \/>\n<meta property=\"og:image\" content=\"https:\/\/regiaonews.net.br\/2022\/wp-content\/uploads\/2021\/01\/whatsapp-image-2021-01-27-at-19.37.03.jpeg\" \/>\n\t<meta property=\"og:image:width\" content=\"984\" \/>\n\t<meta property=\"og:image:height\" content=\"736\" \/>\n\t<meta property=\"og:image:type\" content=\"image\/jpeg\" \/>\n<meta name=\"author\" content=\"Roberto\" \/>\n<meta name=\"twitter:card\" content=\"summary_large_image\" \/>\n<meta name=\"twitter:label1\" content=\"Escrito por\" \/>\n\t<meta name=\"twitter:data1\" content=\"Roberto\" \/>\n\t<meta name=\"twitter:label2\" content=\"Est. tempo de leitura\" \/>\n\t<meta name=\"twitter:data2\" content=\"1 minuto\" \/>\n<script type=\"application\/ld+json\" class=\"yoast-schema-graph\">{\"@context\":\"https:\\\/\\\/schema.org\",\"@graph\":[{\"@type\":\"Article\",\"@id\":\"https:\\\/\\\/regiaonews.net.br\\\/2022\\\/2021\\\/01\\\/27\\\/piloto-e-resgatado-apos-pouso-de-emergencia-com-aeronave-de-pequeno-porte-em-serra-azul-sp\\\/#article\",\"isPartOf\":{\"@id\":\"https:\\\/\\\/regiaonews.net.br\\\/2022\\\/2021\\\/01\\\/27\\\/piloto-e-resgatado-apos-pouso-de-emergencia-com-aeronave-de-pequeno-porte-em-serra-azul-sp\\\/\"},\"author\":{\"name\":\"Roberto\",\"@id\":\"https:\\\/\\\/regiaonews.net.br\\\/2022\\\/#\\\/schema\\\/person\\\/2d205a608a5aa97ac279d7a5e6d89ad8\"},\"headline\":\"Piloto \u00e9 resgatado ap\u00f3s pouso de emerg\u00eancia com aeronave de pequeno porte em Serra Azul, SP\",\"datePublished\":\"2021-01-27T23:08:57+00:00\",\"dateModified\":\"2021-01-27T23:29:42+00:00\",\"mainEntityOfPage\":{\"@id\":\"https:\\\/\\\/regiaonews.net.br\\\/2022\\\/2021\\\/01\\\/27\\\/piloto-e-resgatado-apos-pouso-de-emergencia-com-aeronave-de-pequeno-porte-em-serra-azul-sp\\\/\"},\"wordCount\":313,\"commentCount\":0,\"publisher\":{\"@id\":\"https:\\\/\\\/regiaonews.net.br\\\/2022\\\/#organization\"},\"image\":{\"@id\":\"https:\\\/\\\/regiaonews.net.br\\\/2022\\\/2021\\\/01\\\/27\\\/piloto-e-resgatado-apos-pouso-de-emergencia-com-aeronave-de-pequeno-porte-em-serra-azul-sp\\\/#primaryimage\"},\"thumbnailUrl\":\"https:\\\/\\\/regiaonews.net.br\\\/2022\\\/wp-content\\\/uploads\\\/2021\\\/01\\\/whatsapp-image-2021-01-27-at-19.37.03.jpeg\",\"articleSection\":[\"Cidades\",\"Policia\",\"Ribeir\u00e3o Preto\"],\"inLanguage\":\"pt-BR\",\"potentialAction\":[{\"@type\":\"CommentAction\",\"name\":\"Comment\",\"target\":[\"https:\\\/\\\/regiaonews.net.br\\\/2022\\\/2021\\\/01\\\/27\\\/piloto-e-resgatado-apos-pouso-de-emergencia-com-aeronave-de-pequeno-porte-em-serra-azul-sp\\\/#respond\"]}]},{\"@type\":\"WebPage\",\"@id\":\"https:\\\/\\\/regiaonews.net.br\\\/2022\\\/2021\\\/01\\\/27\\\/piloto-e-resgatado-apos-pouso-de-emergencia-com-aeronave-de-pequeno-porte-em-serra-azul-sp\\\/\",\"url\":\"https:\\\/\\\/regiaonews.net.br\\\/2022\\\/2021\\\/01\\\/27\\\/piloto-e-resgatado-apos-pouso-de-emergencia-com-aeronave-de-pequeno-porte-em-serra-azul-sp\\\/\",\"name\":\"Piloto \u00e9 resgatado ap\u00f3s pouso de emerg\u00eancia com aeronave de pequeno porte em Serra Azul, SP - Regi\u00e3o News\",\"isPartOf\":{\"@id\":\"https:\\\/\\\/regiaonews.net.br\\\/2022\\\/#website\"},\"primaryImageOfPage\":{\"@id\":\"https:\\\/\\\/regiaonews.net.br\\\/2022\\\/2021\\\/01\\\/27\\\/piloto-e-resgatado-apos-pouso-de-emergencia-com-aeronave-de-pequeno-porte-em-serra-azul-sp\\\/#primaryimage\"},\"image\":{\"@id\":\"https:\\\/\\\/regiaonews.net.br\\\/2022\\\/2021\\\/01\\\/27\\\/piloto-e-resgatado-apos-pouso-de-emergencia-com-aeronave-de-pequeno-porte-em-serra-azul-sp\\\/#primaryimage\"},\"thumbnailUrl\":\"https:\\\/\\\/regiaonews.net.br\\\/2022\\\/wp-content\\\/uploads\\\/2021\\\/01\\\/whatsapp-image-2021-01-27-at-19.37.03.jpeg\",\"datePublished\":\"2021-01-27T23:08:57+00:00\",\"dateModified\":\"2021-01-27T23:29:42+00:00\",\"breadcrumb\":{\"@id\":\"https:\\\/\\\/regiaonews.net.br\\\/2022\\\/2021\\\/01\\\/27\\\/piloto-e-resgatado-apos-pouso-de-emergencia-com-aeronave-de-pequeno-porte-em-serra-azul-sp\\\/#breadcrumb\"},\"inLanguage\":\"pt-BR\",\"potentialAction\":[{\"@type\":\"ReadAction\",\"target\":[\"https:\\\/\\\/regiaonews.net.br\\\/2022\\\/2021\\\/01\\\/27\\\/piloto-e-resgatado-apos-pouso-de-emergencia-com-aeronave-de-pequeno-porte-em-serra-azul-sp\\\/\"]}]},{\"@type\":\"ImageObject\",\"inLanguage\":\"pt-BR\",\"@id\":\"https:\\\/\\\/regiaonews.net.br\\\/2022\\\/2021\\\/01\\\/27\\\/piloto-e-resgatado-apos-pouso-de-emergencia-com-aeronave-de-pequeno-porte-em-serra-azul-sp\\\/#primaryimage\",\"url\":\"https:\\\/\\\/regiaonews.net.br\\\/2022\\\/wp-content\\\/uploads\\\/2021\\\/01\\\/whatsapp-image-2021-01-27-at-19.37.03.jpeg\",\"contentUrl\":\"https:\\\/\\\/regiaonews.net.br\\\/2022\\\/wp-content\\\/uploads\\\/2021\\\/01\\\/whatsapp-image-2021-01-27-at-19.37.03.jpeg\",\"width\":984,\"height\":736},{\"@type\":\"BreadcrumbList\",\"@id\":\"https:\\\/\\\/regiaonews.net.br\\\/2022\\\/2021\\\/01\\\/27\\\/piloto-e-resgatado-apos-pouso-de-emergencia-com-aeronave-de-pequeno-porte-em-serra-azul-sp\\\/#breadcrumb\",\"itemListElement\":[{\"@type\":\"ListItem\",\"position\":1,\"name\":\"In\u00edcio\",\"item\":\"https:\\\/\\\/regiaonews.net.br\\\/2022\\\/\"},{\"@type\":\"ListItem\",\"position\":2,\"name\":\"Piloto \u00e9 resgatado ap\u00f3s pouso de emerg\u00eancia com aeronave de pequeno porte em Serra Azul, SP\"}]},{\"@type\":\"WebSite\",\"@id\":\"https:\\\/\\\/regiaonews.net.br\\\/2022\\\/#website\",\"url\":\"https:\\\/\\\/regiaonews.net.br\\\/2022\\\/\",\"name\":\"Regi\u00e3o News\",\"description\":\"Site de Not\u00edcias de Barretos e regi\u00e3o\",\"publisher\":{\"@id\":\"https:\\\/\\\/regiaonews.net.br\\\/2022\\\/#organization\"},\"potentialAction\":[{\"@type\":\"SearchAction\",\"target\":{\"@type\":\"EntryPoint\",\"urlTemplate\":\"https:\\\/\\\/regiaonews.net.br\\\/2022\\\/?s={search_term_string}\"},\"query-input\":{\"@type\":\"PropertyValueSpecification\",\"valueRequired\":true,\"valueName\":\"search_term_string\"}}],\"inLanguage\":\"pt-BR\"},{\"@type\":\"Organization\",\"@id\":\"https:\\\/\\\/regiaonews.net.br\\\/2022\\\/#organization\",\"name\":\"Regi\u00e3o News\",\"url\":\"https:\\\/\\\/regiaonews.net.br\\\/2022\\\/\",\"logo\":{\"@type\":\"ImageObject\",\"inLanguage\":\"pt-BR\",\"@id\":\"https:\\\/\\\/regiaonews.net.br\\\/2022\\\/#\\\/schema\\\/logo\\\/image\\\/\",\"url\":\"https:\\\/\\\/regiaonews.net.br\\\/2022\\\/wp-content\\\/uploads\\\/2026\\\/03\\\/regiao-13-anos-scaled.jpg\",\"contentUrl\":\"https:\\\/\\\/regiaonews.net.br\\\/2022\\\/wp-content\\\/uploads\\\/2026\\\/03\\\/regiao-13-anos-scaled.jpg\",\"width\":2560,\"height\":635,\"caption\":\"Regi\u00e3o News\"},\"image\":{\"@id\":\"https:\\\/\\\/regiaonews.net.br\\\/2022\\\/#\\\/schema\\\/logo\\\/image\\\/\"}},{\"@type\":\"Person\",\"@id\":\"https:\\\/\\\/regiaonews.net.br\\\/2022\\\/#\\\/schema\\\/person\\\/2d205a608a5aa97ac279d7a5e6d89ad8\",\"name\":\"Roberto\",\"image\":{\"@type\":\"ImageObject\",\"inLanguage\":\"pt-BR\",\"@id\":\"https:\\\/\\\/secure.gravatar.com\\\/avatar\\\/42749d8b712ff9d59ca93dc150494e5b55a44134482993f5baeb97e61b7ecc89?s=96&d=mm&r=g\",\"url\":\"https:\\\/\\\/secure.gravatar.com\\\/avatar\\\/42749d8b712ff9d59ca93dc150494e5b55a44134482993f5baeb97e61b7ecc89?s=96&d=mm&r=g\",\"contentUrl\":\"https:\\\/\\\/secure.gravatar.com\\\/avatar\\\/42749d8b712ff9d59ca93dc150494e5b55a44134482993f5baeb97e61b7ecc89?s=96&d=mm&r=g\",\"caption\":\"Roberto\"},\"url\":\"https:\\\/\\\/regiaonews.net.br\\\/2022\\\/author\\\/roberto\\\/\"}]}<\/script>\n<!-- \/ Yoast SEO plugin. -->","yoast_head_json":{"title":"Piloto \u00e9 resgatado ap\u00f3s pouso de emerg\u00eancia com aeronave de pequeno porte em Serra Azul, SP - Regi\u00e3o News","robots":{"index":"index","follow":"follow","max-snippet":"max-snippet:-1","max-image-preview":"max-image-preview:large","max-video-preview":"max-video-preview:-1"},"canonical":"https:\/\/regiaonews.net.br\/2022\/2021\/01\/27\/piloto-e-resgatado-apos-pouso-de-emergencia-com-aeronave-de-pequeno-porte-em-serra-azul-sp\/","og_locale":"pt_BR","og_type":"article","og_title":"Piloto \u00e9 resgatado ap\u00f3s pouso de emerg\u00eancia com aeronave de pequeno porte em Serra Azul, SP - Regi\u00e3o News","og_description":"V\u00edtima de 33 anos foi encontrada em \u00e1rea pr\u00f3xima \u00e0","og_url":"https:\/\/regiaonews.net.br\/2022\/2021\/01\/27\/piloto-e-resgatado-apos-pouso-de-emergencia-com-aeronave-de-pequeno-porte-em-serra-azul-sp\/","og_site_name":"Regi\u00e3o News","article_published_time":"2021-01-27T23:08:57+00:00","article_modified_time":"2021-01-27T23:29:42+00:00","og_image":[{"width":984,"height":736,"url":"https:\/\/regiaonews.net.br\/2022\/wp-content\/uploads\/2021\/01\/whatsapp-image-2021-01-27-at-19.37.03.jpeg","type":"image\/jpeg"}],"author":"Roberto","twitter_card":"summary_large_image","twitter_misc":{"Escrito por":"Roberto","Est. tempo de leitura":"1 minuto"},"schema":{"@context":"https:\/\/schema.org","@graph":[{"@type":"Article","@id":"https:\/\/regiaonews.net.br\/2022\/2021\/01\/27\/piloto-e-resgatado-apos-pouso-de-emergencia-com-aeronave-de-pequeno-porte-em-serra-azul-sp\/#article","isPartOf":{"@id":"https:\/\/regiaonews.net.br\/2022\/2021\/01\/27\/piloto-e-resgatado-apos-pouso-de-emergencia-com-aeronave-de-pequeno-porte-em-serra-azul-sp\/"},"author":{"name":"Roberto","@id":"https:\/\/regiaonews.net.br\/2022\/#\/schema\/person\/2d205a608a5aa97ac279d7a5e6d89ad8"},"headline":"Piloto \u00e9 resgatado ap\u00f3s pouso de emerg\u00eancia com aeronave de pequeno porte em Serra Azul, SP","datePublished":"2021-01-27T23:08:57+00:00","dateModified":"2021-01-27T23:29:42+00:00","mainEntityOfPage":{"@id":"https:\/\/regiaonews.net.br\/2022\/2021\/01\/27\/piloto-e-resgatado-apos-pouso-de-emergencia-com-aeronave-de-pequeno-porte-em-serra-azul-sp\/"},"wordCount":313,"commentCount":0,"publisher":{"@id":"https:\/\/regiaonews.net.br\/2022\/#organization"},"image":{"@id":"https:\/\/regiaonews.net.br\/2022\/2021\/01\/27\/piloto-e-resgatado-apos-pouso-de-emergencia-com-aeronave-de-pequeno-porte-em-serra-azul-sp\/#primaryimage"},"thumbnailUrl":"https:\/\/regiaonews.net.br\/2022\/wp-content\/uploads\/2021\/01\/whatsapp-image-2021-01-27-at-19.37.03.jpeg","articleSection":["Cidades","Policia","Ribeir\u00e3o Preto"],"inLanguage":"pt-BR","potentialAction":[{"@type":"CommentAction","name":"Comment","target":["https:\/\/regiaonews.net.br\/2022\/2021\/01\/27\/piloto-e-resgatado-apos-pouso-de-emergencia-com-aeronave-de-pequeno-porte-em-serra-azul-sp\/#respond"]}]},{"@type":"WebPage","@id":"https:\/\/regiaonews.net.br\/2022\/2021\/01\/27\/piloto-e-resgatado-apos-pouso-de-emergencia-com-aeronave-de-pequeno-porte-em-serra-azul-sp\/","url":"https:\/\/regiaonews.net.br\/2022\/2021\/01\/27\/piloto-e-resgatado-apos-pouso-de-emergencia-com-aeronave-de-pequeno-porte-em-serra-azul-sp\/","name":"Piloto \u00e9 resgatado ap\u00f3s pouso de emerg\u00eancia com aeronave de pequeno porte em Serra Azul, SP - Regi\u00e3o News","isPartOf":{"@id":"https:\/\/regiaonews.net.br\/2022\/#website"},"primaryImageOfPage":{"@id":"https:\/\/regiaonews.net.br\/2022\/2021\/01\/27\/piloto-e-resgatado-apos-pouso-de-emergencia-com-aeronave-de-pequeno-porte-em-serra-azul-sp\/#primaryimage"},"image":{"@id":"https:\/\/regiaonews.net.br\/2022\/2021\/01\/27\/piloto-e-resgatado-apos-pouso-de-emergencia-com-aeronave-de-pequeno-porte-em-serra-azul-sp\/#primaryimage"},"thumbnailUrl":"https:\/\/regiaonews.net.br\/2022\/wp-content\/uploads\/2021\/01\/whatsapp-image-2021-01-27-at-19.37.03.jpeg","datePublished":"2021-01-27T23:08:57+00:00","dateModified":"2021-01-27T23:29:42+00:00","breadcrumb":{"@id":"https:\/\/regiaonews.net.br\/2022\/2021\/01\/27\/piloto-e-resgatado-apos-pouso-de-emergencia-com-aeronave-de-pequeno-porte-em-serra-azul-sp\/#breadcrumb"},"inLanguage":"pt-BR","potentialAction":[{"@type":"ReadAction","target":["https:\/\/regiaonews.net.br\/2022\/2021\/01\/27\/piloto-e-resgatado-apos-pouso-de-emergencia-com-aeronave-de-pequeno-porte-em-serra-azul-sp\/"]}]},{"@type":"ImageObject","inLanguage":"pt-BR","@id":"https:\/\/regiaonews.net.br\/2022\/2021\/01\/27\/piloto-e-resgatado-apos-pouso-de-emergencia-com-aeronave-de-pequeno-porte-em-serra-azul-sp\/#primaryimage","url":"https:\/\/regiaonews.net.br\/2022\/wp-content\/uploads\/2021\/01\/whatsapp-image-2021-01-27-at-19.37.03.jpeg","contentUrl":"https:\/\/regiaonews.net.br\/2022\/wp-content\/uploads\/2021\/01\/whatsapp-image-2021-01-27-at-19.37.03.jpeg","width":984,"height":736},{"@type":"BreadcrumbList","@id":"https:\/\/regiaonews.net.br\/2022\/2021\/01\/27\/piloto-e-resgatado-apos-pouso-de-emergencia-com-aeronave-de-pequeno-porte-em-serra-azul-sp\/#breadcrumb","itemListElement":[{"@type":"ListItem","position":1,"name":"In\u00edcio","item":"https:\/\/regiaonews.net.br\/2022\/"},{"@type":"ListItem","position":2,"name":"Piloto \u00e9 resgatado ap\u00f3s pouso de emerg\u00eancia com aeronave de pequeno porte em Serra Azul, SP"}]},{"@type":"WebSite","@id":"https:\/\/regiaonews.net.br\/2022\/#website","url":"https:\/\/regiaonews.net.br\/2022\/","name":"Regi\u00e3o News","description":"Site de Not\u00edcias de Barretos e regi\u00e3o","publisher":{"@id":"https:\/\/regiaonews.net.br\/2022\/#organization"},"potentialAction":[{"@type":"SearchAction","target":{"@type":"EntryPoint","urlTemplate":"https:\/\/regiaonews.net.br\/2022\/?s={search_term_string}"},"query-input":{"@type":"PropertyValueSpecification","valueRequired":true,"valueName":"search_term_string"}}],"inLanguage":"pt-BR"},{"@type":"Organization","@id":"https:\/\/regiaonews.net.br\/2022\/#organization","name":"Regi\u00e3o News","url":"https:\/\/regiaonews.net.br\/2022\/","logo":{"@type":"ImageObject","inLanguage":"pt-BR","@id":"https:\/\/regiaonews.net.br\/2022\/#\/schema\/logo\/image\/","url":"https:\/\/regiaonews.net.br\/2022\/wp-content\/uploads\/2026\/03\/regiao-13-anos-scaled.jpg","contentUrl":"https:\/\/regiaonews.net.br\/2022\/wp-content\/uploads\/2026\/03\/regiao-13-anos-scaled.jpg","width":2560,"height":635,"caption":"Regi\u00e3o News"},"image":{"@id":"https:\/\/regiaonews.net.br\/2022\/#\/schema\/logo\/image\/"}},{"@type":"Person","@id":"https:\/\/regiaonews.net.br\/2022\/#\/schema\/person\/2d205a608a5aa97ac279d7a5e6d89ad8","name":"Roberto","image":{"@type":"ImageObject","inLanguage":"pt-BR","@id":"https:\/\/secure.gravatar.com\/avatar\/42749d8b712ff9d59ca93dc150494e5b55a44134482993f5baeb97e61b7ecc89?s=96&d=mm&r=g","url":"https:\/\/secure.gravatar.com\/avatar\/42749d8b712ff9d59ca93dc150494e5b55a44134482993f5baeb97e61b7ecc89?s=96&d=mm&r=g","contentUrl":"https:\/\/secure.gravatar.com\/avatar\/42749d8b712ff9d59ca93dc150494e5b55a44134482993f5baeb97e61b7ecc89?s=96&d=mm&r=g","caption":"Roberto"},"url":"https:\/\/regiaonews.net.br\/2022\/author\/roberto\/"}]}},"publishpress_future_action":{"enabled":false,"date":"2026-05-03 14:19:54","action":"change-status","newStatus":"draft","terms":[],"taxonomy":"category","extraData":[]},"publishpress_future_workflow_manual_trigger":{"enabledWorkflows":[]},"_links":{"self":[{"href":"https:\/\/regiaonews.net.br\/2022\/wp-json\/wp\/v2\/posts\/42327","targetHints":{"allow":["GET"]}}],"collection":[{"href":"https:\/\/regiaonews.net.br\/2022\/wp-json\/wp\/v2\/posts"}],"about":[{"href":"https:\/\/regiaonews.net.br\/2022\/wp-json\/wp\/v2\/types\/post"}],"author":[{"embeddable":true,"href":"https:\/\/regiaonews.net.br\/2022\/wp-json\/wp\/v2\/users\/2"}],"replies":[{"embeddable":true,"href":"https:\/\/regiaonews.net.br\/2022\/wp-json\/wp\/v2\/comments?post=42327"}],"version-history":[{"count":0,"href":"https:\/\/regiaonews.net.br\/2022\/wp-json\/wp\/v2\/posts\/42327\/revisions"}],"wp:featuredmedia":[{"embeddable":true,"href":"https:\/\/regiaonews.net.br\/2022\/wp-json\/wp\/v2\/media\/42328"}],"wp:attachment":[{"href":"https:\/\/regiaonews.net.br\/2022\/wp-json\/wp\/v2\/media?parent=42327"}],"wp:term":[{"taxonomy":"category","embeddable":true,"href":"https:\/\/regiaonews.net.br\/2022\/wp-json\/wp\/v2\/categories?post=42327"},{"taxonomy":"post_tag","embeddable":true,"href":"https:\/\/regiaonews.net.br\/2022\/wp-json\/wp\/v2\/tags?post=42327"}],"curies":[{"name":"wp","href":"https:\/\/api.w.org\/{rel}","templated":true}]}}