{"id":42264,"date":"2021-01-26T17:55:38","date_gmt":"2021-01-26T20:55:38","guid":{"rendered":"https:\/\/regiaonews.net.br\/2022\/?p=42264"},"modified":"2021-01-26T17:55:38","modified_gmt":"2021-01-26T20:55:38","slug":"chuva-provoca-danos-na-eta-pereira-e-previsao-e-que-reparo-seja-concluido-ate-as-22h","status":"publish","type":"post","link":"https:\/\/regiaonews.net.br\/2022\/2021\/01\/26\/chuva-provoca-danos-na-eta-pereira-e-previsao-e-que-reparo-seja-concluido-ate-as-22h\/","title":{"rendered":"Chuva provoca danos na ETA Pereira e previs\u00e3o \u00e9 que reparo seja conclu\u00eddo at\u00e9 \u00e0s 22h"},"content":{"rendered":"<p><a href=\"https:\/\/regiaonews.net.br\/2022\/wp-content\/uploads\/2020\/02\/SAAE-BARRETOS.jpg\"><img loading=\"lazy\" decoding=\"async\" class=\"alignnone size-medium wp-image-27946\" src=\"https:\/\/regiaonews.net.br\/2022\/wp-content\/uploads\/2020\/02\/SAAE-BARRETOS-300x200.jpg\" alt=\"\" width=\"300\" height=\"200\" \/><\/a><\/p>\n<p>A forte chuva que caiu nesta tarde, na regi\u00e3o sul de Barretos, ocasionou diversos problemas el\u00e9tricos na ETA Pereira ,e danificou a Softstart, chave que liga e desliga as bombas.<br \/>\nDevido a troca desta chave, talvez haja pontuais falta de \u00e1gua. O superintendente do SAAEB, Waldo Villani Junior, pede a colabora\u00e7\u00e3o da popula\u00e7\u00e3o neste momento para que economizem \u00e1gua, evitando o desabastecimento.<br \/>\nOs bairros que pertencem a \u00e1rea s\u00e3o:<br \/>\nBairros afetados<br \/>\nBaroni<br \/>\nSao jose<br \/>\nCentro<br \/>\nAm\u00e9rica<br \/>\nRamos<br \/>\nBaixo Am\u00e9rica<br \/>\nPaulo Prata<br \/>\nSoares<br \/>\nRios<br \/>\nUniversit\u00e1rio<br \/>\nNogueira<br \/>\nCity Barretos<br \/>\nNova Barretos 1 , 2,<br \/>\nNadir Leman<br \/>\nGrande Horizonte<br \/>\nVale do verde<br \/>\nEmais Prata<br \/>\nNobreville<br \/>\nCidade Jardim<br \/>\nIbirapuera<br \/>\nPereira<br \/>\nCampos do Conde<\/p>\n<p>&nbsp;<\/p>\n","protected":false},"excerpt":{"rendered":"<p>A forte chuva que caiu nesta tarde, na regi\u00e3o sul<\/p>\n","protected":false},"author":2,"featured_media":27946,"comment_status":"open","ping_status":"open","sticky":false,"template":"","format":"standard","meta":{"footnotes":""},"categories":[14,25],"tags":[],"class_list":["post-42264","post","type-post","status-publish","format-standard","has-post-thumbnail","hentry","category-barretos","category-cidades"],"yoast_head":"<!-- This site is optimized with the Yoast SEO plugin v27.4 - https:\/\/yoast.com\/product\/yoast-seo-wordpress\/ -->\n<title>Chuva provoca danos na ETA Pereira e previs\u00e3o \u00e9 que reparo seja conclu\u00eddo at\u00e9 \u00e0s 22h - Regi\u00e3o News<\/title>\n<meta name=\"robots\" content=\"index, follow, max-snippet:-1, max-image-preview:large, max-video-preview:-1\" \/>\n<link rel=\"canonical\" href=\"https:\/\/regiaonews.net.br\/2022\/2021\/01\/26\/chuva-provoca-danos-na-eta-pereira-e-previsao-e-que-reparo-seja-concluido-ate-as-22h\/\" \/>\n<meta property=\"og:locale\" content=\"pt_BR\" \/>\n<meta property=\"og:type\" content=\"article\" \/>\n<meta property=\"og:title\" content=\"Chuva provoca danos na ETA Pereira e previs\u00e3o \u00e9 que reparo seja conclu\u00eddo at\u00e9 \u00e0s 22h - Regi\u00e3o News\" \/>\n<meta property=\"og:description\" content=\"A forte chuva que caiu nesta tarde, na regi\u00e3o sul\" \/>\n<meta property=\"og:url\" content=\"https:\/\/regiaonews.net.br\/2022\/2021\/01\/26\/chuva-provoca-danos-na-eta-pereira-e-previsao-e-que-reparo-seja-concluido-ate-as-22h\/\" \/>\n<meta property=\"og:site_name\" content=\"Regi\u00e3o News\" \/>\n<meta property=\"article:published_time\" content=\"2021-01-26T20:55:38+00:00\" \/>\n<meta property=\"og:image\" content=\"https:\/\/regiaonews.net.br\/2022\/wp-content\/uploads\/2020\/02\/SAAE-BARRETOS.jpg\" \/>\n\t<meta property=\"og:image:width\" content=\"512\" \/>\n\t<meta property=\"og:image:height\" content=\"342\" \/>\n\t<meta property=\"og:image:type\" content=\"image\/jpeg\" \/>\n<meta name=\"author\" content=\"Roberto\" \/>\n<meta name=\"twitter:card\" content=\"summary_large_image\" \/>\n<meta name=\"twitter:label1\" content=\"Escrito por\" \/>\n\t<meta name=\"twitter:data1\" content=\"Roberto\" \/>\n\t<meta name=\"twitter:label2\" content=\"Est. tempo de leitura\" \/>\n\t<meta name=\"twitter:data2\" content=\"1 minuto\" \/>\n<script type=\"application\/ld+json\" class=\"yoast-schema-graph\">{\"@context\":\"https:\\\/\\\/schema.org\",\"@graph\":[{\"@type\":\"Article\",\"@id\":\"https:\\\/\\\/regiaonews.net.br\\\/2022\\\/2021\\\/01\\\/26\\\/chuva-provoca-danos-na-eta-pereira-e-previsao-e-que-reparo-seja-concluido-ate-as-22h\\\/#article\",\"isPartOf\":{\"@id\":\"https:\\\/\\\/regiaonews.net.br\\\/2022\\\/2021\\\/01\\\/26\\\/chuva-provoca-danos-na-eta-pereira-e-previsao-e-que-reparo-seja-concluido-ate-as-22h\\\/\"},\"author\":{\"name\":\"Roberto\",\"@id\":\"https:\\\/\\\/regiaonews.net.br\\\/2022\\\/#\\\/schema\\\/person\\\/2d205a608a5aa97ac279d7a5e6d89ad8\"},\"headline\":\"Chuva provoca danos na ETA Pereira e previs\u00e3o \u00e9 que reparo seja conclu\u00eddo at\u00e9 \u00e0s 22h\",\"datePublished\":\"2021-01-26T20:55:38+00:00\",\"mainEntityOfPage\":{\"@id\":\"https:\\\/\\\/regiaonews.net.br\\\/2022\\\/2021\\\/01\\\/26\\\/chuva-provoca-danos-na-eta-pereira-e-previsao-e-que-reparo-seja-concluido-ate-as-22h\\\/\"},\"wordCount\":132,\"commentCount\":0,\"publisher\":{\"@id\":\"https:\\\/\\\/regiaonews.net.br\\\/2022\\\/#organization\"},\"image\":{\"@id\":\"https:\\\/\\\/regiaonews.net.br\\\/2022\\\/2021\\\/01\\\/26\\\/chuva-provoca-danos-na-eta-pereira-e-previsao-e-que-reparo-seja-concluido-ate-as-22h\\\/#primaryimage\"},\"thumbnailUrl\":\"https:\\\/\\\/regiaonews.net.br\\\/2022\\\/wp-content\\\/uploads\\\/2020\\\/02\\\/SAAE-BARRETOS.jpg\",\"articleSection\":[\"Barretos\",\"Cidades\"],\"inLanguage\":\"pt-BR\",\"potentialAction\":[{\"@type\":\"CommentAction\",\"name\":\"Comment\",\"target\":[\"https:\\\/\\\/regiaonews.net.br\\\/2022\\\/2021\\\/01\\\/26\\\/chuva-provoca-danos-na-eta-pereira-e-previsao-e-que-reparo-seja-concluido-ate-as-22h\\\/#respond\"]}]},{\"@type\":\"WebPage\",\"@id\":\"https:\\\/\\\/regiaonews.net.br\\\/2022\\\/2021\\\/01\\\/26\\\/chuva-provoca-danos-na-eta-pereira-e-previsao-e-que-reparo-seja-concluido-ate-as-22h\\\/\",\"url\":\"https:\\\/\\\/regiaonews.net.br\\\/2022\\\/2021\\\/01\\\/26\\\/chuva-provoca-danos-na-eta-pereira-e-previsao-e-que-reparo-seja-concluido-ate-as-22h\\\/\",\"name\":\"Chuva provoca danos na ETA Pereira e previs\u00e3o \u00e9 que reparo seja conclu\u00eddo at\u00e9 \u00e0s 22h - Regi\u00e3o News\",\"isPartOf\":{\"@id\":\"https:\\\/\\\/regiaonews.net.br\\\/2022\\\/#website\"},\"primaryImageOfPage\":{\"@id\":\"https:\\\/\\\/regiaonews.net.br\\\/2022\\\/2021\\\/01\\\/26\\\/chuva-provoca-danos-na-eta-pereira-e-previsao-e-que-reparo-seja-concluido-ate-as-22h\\\/#primaryimage\"},\"image\":{\"@id\":\"https:\\\/\\\/regiaonews.net.br\\\/2022\\\/2021\\\/01\\\/26\\\/chuva-provoca-danos-na-eta-pereira-e-previsao-e-que-reparo-seja-concluido-ate-as-22h\\\/#primaryimage\"},\"thumbnailUrl\":\"https:\\\/\\\/regiaonews.net.br\\\/2022\\\/wp-content\\\/uploads\\\/2020\\\/02\\\/SAAE-BARRETOS.jpg\",\"datePublished\":\"2021-01-26T20:55:38+00:00\",\"breadcrumb\":{\"@id\":\"https:\\\/\\\/regiaonews.net.br\\\/2022\\\/2021\\\/01\\\/26\\\/chuva-provoca-danos-na-eta-pereira-e-previsao-e-que-reparo-seja-concluido-ate-as-22h\\\/#breadcrumb\"},\"inLanguage\":\"pt-BR\",\"potentialAction\":[{\"@type\":\"ReadAction\",\"target\":[\"https:\\\/\\\/regiaonews.net.br\\\/2022\\\/2021\\\/01\\\/26\\\/chuva-provoca-danos-na-eta-pereira-e-previsao-e-que-reparo-seja-concluido-ate-as-22h\\\/\"]}]},{\"@type\":\"ImageObject\",\"inLanguage\":\"pt-BR\",\"@id\":\"https:\\\/\\\/regiaonews.net.br\\\/2022\\\/2021\\\/01\\\/26\\\/chuva-provoca-danos-na-eta-pereira-e-previsao-e-que-reparo-seja-concluido-ate-as-22h\\\/#primaryimage\",\"url\":\"https:\\\/\\\/regiaonews.net.br\\\/2022\\\/wp-content\\\/uploads\\\/2020\\\/02\\\/SAAE-BARRETOS.jpg\",\"contentUrl\":\"https:\\\/\\\/regiaonews.net.br\\\/2022\\\/wp-content\\\/uploads\\\/2020\\\/02\\\/SAAE-BARRETOS.jpg\",\"width\":512,\"height\":342},{\"@type\":\"BreadcrumbList\",\"@id\":\"https:\\\/\\\/regiaonews.net.br\\\/2022\\\/2021\\\/01\\\/26\\\/chuva-provoca-danos-na-eta-pereira-e-previsao-e-que-reparo-seja-concluido-ate-as-22h\\\/#breadcrumb\",\"itemListElement\":[{\"@type\":\"ListItem\",\"position\":1,\"name\":\"In\u00edcio\",\"item\":\"https:\\\/\\\/regiaonews.net.br\\\/2022\\\/\"},{\"@type\":\"ListItem\",\"position\":2,\"name\":\"Chuva provoca danos na ETA Pereira e previs\u00e3o \u00e9 que reparo seja conclu\u00eddo at\u00e9 \u00e0s 22h\"}]},{\"@type\":\"WebSite\",\"@id\":\"https:\\\/\\\/regiaonews.net.br\\\/2022\\\/#website\",\"url\":\"https:\\\/\\\/regiaonews.net.br\\\/2022\\\/\",\"name\":\"Regi\u00e3o News\",\"description\":\"Site de Not\u00edcias de Barretos e regi\u00e3o\",\"publisher\":{\"@id\":\"https:\\\/\\\/regiaonews.net.br\\\/2022\\\/#organization\"},\"potentialAction\":[{\"@type\":\"SearchAction\",\"target\":{\"@type\":\"EntryPoint\",\"urlTemplate\":\"https:\\\/\\\/regiaonews.net.br\\\/2022\\\/?s={search_term_string}\"},\"query-input\":{\"@type\":\"PropertyValueSpecification\",\"valueRequired\":true,\"valueName\":\"search_term_string\"}}],\"inLanguage\":\"pt-BR\"},{\"@type\":\"Organization\",\"@id\":\"https:\\\/\\\/regiaonews.net.br\\\/2022\\\/#organization\",\"name\":\"Regi\u00e3o News\",\"url\":\"https:\\\/\\\/regiaonews.net.br\\\/2022\\\/\",\"logo\":{\"@type\":\"ImageObject\",\"inLanguage\":\"pt-BR\",\"@id\":\"https:\\\/\\\/regiaonews.net.br\\\/2022\\\/#\\\/schema\\\/logo\\\/image\\\/\",\"url\":\"https:\\\/\\\/regiaonews.net.br\\\/2022\\\/wp-content\\\/uploads\\\/2026\\\/03\\\/regiao-13-anos-scaled.jpg\",\"contentUrl\":\"https:\\\/\\\/regiaonews.net.br\\\/2022\\\/wp-content\\\/uploads\\\/2026\\\/03\\\/regiao-13-anos-scaled.jpg\",\"width\":2560,\"height\":635,\"caption\":\"Regi\u00e3o News\"},\"image\":{\"@id\":\"https:\\\/\\\/regiaonews.net.br\\\/2022\\\/#\\\/schema\\\/logo\\\/image\\\/\"}},{\"@type\":\"Person\",\"@id\":\"https:\\\/\\\/regiaonews.net.br\\\/2022\\\/#\\\/schema\\\/person\\\/2d205a608a5aa97ac279d7a5e6d89ad8\",\"name\":\"Roberto\",\"image\":{\"@type\":\"ImageObject\",\"inLanguage\":\"pt-BR\",\"@id\":\"https:\\\/\\\/secure.gravatar.com\\\/avatar\\\/42749d8b712ff9d59ca93dc150494e5b55a44134482993f5baeb97e61b7ecc89?s=96&d=mm&r=g\",\"url\":\"https:\\\/\\\/secure.gravatar.com\\\/avatar\\\/42749d8b712ff9d59ca93dc150494e5b55a44134482993f5baeb97e61b7ecc89?s=96&d=mm&r=g\",\"contentUrl\":\"https:\\\/\\\/secure.gravatar.com\\\/avatar\\\/42749d8b712ff9d59ca93dc150494e5b55a44134482993f5baeb97e61b7ecc89?s=96&d=mm&r=g\",\"caption\":\"Roberto\"},\"url\":\"https:\\\/\\\/regiaonews.net.br\\\/2022\\\/author\\\/roberto\\\/\"}]}<\/script>\n<!-- \/ Yoast SEO plugin. -->","yoast_head_json":{"title":"Chuva provoca danos na ETA Pereira e previs\u00e3o \u00e9 que reparo seja conclu\u00eddo at\u00e9 \u00e0s 22h - Regi\u00e3o News","robots":{"index":"index","follow":"follow","max-snippet":"max-snippet:-1","max-image-preview":"max-image-preview:large","max-video-preview":"max-video-preview:-1"},"canonical":"https:\/\/regiaonews.net.br\/2022\/2021\/01\/26\/chuva-provoca-danos-na-eta-pereira-e-previsao-e-que-reparo-seja-concluido-ate-as-22h\/","og_locale":"pt_BR","og_type":"article","og_title":"Chuva provoca danos na ETA Pereira e previs\u00e3o \u00e9 que reparo seja conclu\u00eddo at\u00e9 \u00e0s 22h - Regi\u00e3o News","og_description":"A forte chuva que caiu nesta tarde, na regi\u00e3o sul","og_url":"https:\/\/regiaonews.net.br\/2022\/2021\/01\/26\/chuva-provoca-danos-na-eta-pereira-e-previsao-e-que-reparo-seja-concluido-ate-as-22h\/","og_site_name":"Regi\u00e3o News","article_published_time":"2021-01-26T20:55:38+00:00","og_image":[{"width":512,"height":342,"url":"https:\/\/regiaonews.net.br\/2022\/wp-content\/uploads\/2020\/02\/SAAE-BARRETOS.jpg","type":"image\/jpeg"}],"author":"Roberto","twitter_card":"summary_large_image","twitter_misc":{"Escrito por":"Roberto","Est. tempo de leitura":"1 minuto"},"schema":{"@context":"https:\/\/schema.org","@graph":[{"@type":"Article","@id":"https:\/\/regiaonews.net.br\/2022\/2021\/01\/26\/chuva-provoca-danos-na-eta-pereira-e-previsao-e-que-reparo-seja-concluido-ate-as-22h\/#article","isPartOf":{"@id":"https:\/\/regiaonews.net.br\/2022\/2021\/01\/26\/chuva-provoca-danos-na-eta-pereira-e-previsao-e-que-reparo-seja-concluido-ate-as-22h\/"},"author":{"name":"Roberto","@id":"https:\/\/regiaonews.net.br\/2022\/#\/schema\/person\/2d205a608a5aa97ac279d7a5e6d89ad8"},"headline":"Chuva provoca danos na ETA Pereira e previs\u00e3o \u00e9 que reparo seja conclu\u00eddo at\u00e9 \u00e0s 22h","datePublished":"2021-01-26T20:55:38+00:00","mainEntityOfPage":{"@id":"https:\/\/regiaonews.net.br\/2022\/2021\/01\/26\/chuva-provoca-danos-na-eta-pereira-e-previsao-e-que-reparo-seja-concluido-ate-as-22h\/"},"wordCount":132,"commentCount":0,"publisher":{"@id":"https:\/\/regiaonews.net.br\/2022\/#organization"},"image":{"@id":"https:\/\/regiaonews.net.br\/2022\/2021\/01\/26\/chuva-provoca-danos-na-eta-pereira-e-previsao-e-que-reparo-seja-concluido-ate-as-22h\/#primaryimage"},"thumbnailUrl":"https:\/\/regiaonews.net.br\/2022\/wp-content\/uploads\/2020\/02\/SAAE-BARRETOS.jpg","articleSection":["Barretos","Cidades"],"inLanguage":"pt-BR","potentialAction":[{"@type":"CommentAction","name":"Comment","target":["https:\/\/regiaonews.net.br\/2022\/2021\/01\/26\/chuva-provoca-danos-na-eta-pereira-e-previsao-e-que-reparo-seja-concluido-ate-as-22h\/#respond"]}]},{"@type":"WebPage","@id":"https:\/\/regiaonews.net.br\/2022\/2021\/01\/26\/chuva-provoca-danos-na-eta-pereira-e-previsao-e-que-reparo-seja-concluido-ate-as-22h\/","url":"https:\/\/regiaonews.net.br\/2022\/2021\/01\/26\/chuva-provoca-danos-na-eta-pereira-e-previsao-e-que-reparo-seja-concluido-ate-as-22h\/","name":"Chuva provoca danos na ETA Pereira e previs\u00e3o \u00e9 que reparo seja conclu\u00eddo at\u00e9 \u00e0s 22h - Regi\u00e3o News","isPartOf":{"@id":"https:\/\/regiaonews.net.br\/2022\/#website"},"primaryImageOfPage":{"@id":"https:\/\/regiaonews.net.br\/2022\/2021\/01\/26\/chuva-provoca-danos-na-eta-pereira-e-previsao-e-que-reparo-seja-concluido-ate-as-22h\/#primaryimage"},"image":{"@id":"https:\/\/regiaonews.net.br\/2022\/2021\/01\/26\/chuva-provoca-danos-na-eta-pereira-e-previsao-e-que-reparo-seja-concluido-ate-as-22h\/#primaryimage"},"thumbnailUrl":"https:\/\/regiaonews.net.br\/2022\/wp-content\/uploads\/2020\/02\/SAAE-BARRETOS.jpg","datePublished":"2021-01-26T20:55:38+00:00","breadcrumb":{"@id":"https:\/\/regiaonews.net.br\/2022\/2021\/01\/26\/chuva-provoca-danos-na-eta-pereira-e-previsao-e-que-reparo-seja-concluido-ate-as-22h\/#breadcrumb"},"inLanguage":"pt-BR","potentialAction":[{"@type":"ReadAction","target":["https:\/\/regiaonews.net.br\/2022\/2021\/01\/26\/chuva-provoca-danos-na-eta-pereira-e-previsao-e-que-reparo-seja-concluido-ate-as-22h\/"]}]},{"@type":"ImageObject","inLanguage":"pt-BR","@id":"https:\/\/regiaonews.net.br\/2022\/2021\/01\/26\/chuva-provoca-danos-na-eta-pereira-e-previsao-e-que-reparo-seja-concluido-ate-as-22h\/#primaryimage","url":"https:\/\/regiaonews.net.br\/2022\/wp-content\/uploads\/2020\/02\/SAAE-BARRETOS.jpg","contentUrl":"https:\/\/regiaonews.net.br\/2022\/wp-content\/uploads\/2020\/02\/SAAE-BARRETOS.jpg","width":512,"height":342},{"@type":"BreadcrumbList","@id":"https:\/\/regiaonews.net.br\/2022\/2021\/01\/26\/chuva-provoca-danos-na-eta-pereira-e-previsao-e-que-reparo-seja-concluido-ate-as-22h\/#breadcrumb","itemListElement":[{"@type":"ListItem","position":1,"name":"In\u00edcio","item":"https:\/\/regiaonews.net.br\/2022\/"},{"@type":"ListItem","position":2,"name":"Chuva provoca danos na ETA Pereira e previs\u00e3o \u00e9 que reparo seja conclu\u00eddo at\u00e9 \u00e0s 22h"}]},{"@type":"WebSite","@id":"https:\/\/regiaonews.net.br\/2022\/#website","url":"https:\/\/regiaonews.net.br\/2022\/","name":"Regi\u00e3o News","description":"Site de Not\u00edcias de Barretos e regi\u00e3o","publisher":{"@id":"https:\/\/regiaonews.net.br\/2022\/#organization"},"potentialAction":[{"@type":"SearchAction","target":{"@type":"EntryPoint","urlTemplate":"https:\/\/regiaonews.net.br\/2022\/?s={search_term_string}"},"query-input":{"@type":"PropertyValueSpecification","valueRequired":true,"valueName":"search_term_string"}}],"inLanguage":"pt-BR"},{"@type":"Organization","@id":"https:\/\/regiaonews.net.br\/2022\/#organization","name":"Regi\u00e3o News","url":"https:\/\/regiaonews.net.br\/2022\/","logo":{"@type":"ImageObject","inLanguage":"pt-BR","@id":"https:\/\/regiaonews.net.br\/2022\/#\/schema\/logo\/image\/","url":"https:\/\/regiaonews.net.br\/2022\/wp-content\/uploads\/2026\/03\/regiao-13-anos-scaled.jpg","contentUrl":"https:\/\/regiaonews.net.br\/2022\/wp-content\/uploads\/2026\/03\/regiao-13-anos-scaled.jpg","width":2560,"height":635,"caption":"Regi\u00e3o News"},"image":{"@id":"https:\/\/regiaonews.net.br\/2022\/#\/schema\/logo\/image\/"}},{"@type":"Person","@id":"https:\/\/regiaonews.net.br\/2022\/#\/schema\/person\/2d205a608a5aa97ac279d7a5e6d89ad8","name":"Roberto","image":{"@type":"ImageObject","inLanguage":"pt-BR","@id":"https:\/\/secure.gravatar.com\/avatar\/42749d8b712ff9d59ca93dc150494e5b55a44134482993f5baeb97e61b7ecc89?s=96&d=mm&r=g","url":"https:\/\/secure.gravatar.com\/avatar\/42749d8b712ff9d59ca93dc150494e5b55a44134482993f5baeb97e61b7ecc89?s=96&d=mm&r=g","contentUrl":"https:\/\/secure.gravatar.com\/avatar\/42749d8b712ff9d59ca93dc150494e5b55a44134482993f5baeb97e61b7ecc89?s=96&d=mm&r=g","caption":"Roberto"},"url":"https:\/\/regiaonews.net.br\/2022\/author\/roberto\/"}]}},"publishpress_future_action":{"enabled":false,"date":"2026-05-03 16:05:15","action":"change-status","newStatus":"draft","terms":[],"taxonomy":"category","extraData":[]},"publishpress_future_workflow_manual_trigger":{"enabledWorkflows":[]},"_links":{"self":[{"href":"https:\/\/regiaonews.net.br\/2022\/wp-json\/wp\/v2\/posts\/42264","targetHints":{"allow":["GET"]}}],"collection":[{"href":"https:\/\/regiaonews.net.br\/2022\/wp-json\/wp\/v2\/posts"}],"about":[{"href":"https:\/\/regiaonews.net.br\/2022\/wp-json\/wp\/v2\/types\/post"}],"author":[{"embeddable":true,"href":"https:\/\/regiaonews.net.br\/2022\/wp-json\/wp\/v2\/users\/2"}],"replies":[{"embeddable":true,"href":"https:\/\/regiaonews.net.br\/2022\/wp-json\/wp\/v2\/comments?post=42264"}],"version-history":[{"count":0,"href":"https:\/\/regiaonews.net.br\/2022\/wp-json\/wp\/v2\/posts\/42264\/revisions"}],"wp:featuredmedia":[{"embeddable":true,"href":"https:\/\/regiaonews.net.br\/2022\/wp-json\/wp\/v2\/media\/27946"}],"wp:attachment":[{"href":"https:\/\/regiaonews.net.br\/2022\/wp-json\/wp\/v2\/media?parent=42264"}],"wp:term":[{"taxonomy":"category","embeddable":true,"href":"https:\/\/regiaonews.net.br\/2022\/wp-json\/wp\/v2\/categories?post=42264"},{"taxonomy":"post_tag","embeddable":true,"href":"https:\/\/regiaonews.net.br\/2022\/wp-json\/wp\/v2\/tags?post=42264"}],"curies":[{"name":"wp","href":"https:\/\/api.w.org\/{rel}","templated":true}]}}