{"id":42237,"date":"2021-01-25T16:03:43","date_gmt":"2021-01-25T19:03:43","guid":{"rendered":"https:\/\/regiaonews.net.br\/2022\/?p=42237"},"modified":"2021-01-25T16:03:43","modified_gmt":"2021-01-25T19:03:43","slug":"prefeitura-de-bebedouro-e-cpfl-se-unem-para-troca-de-lampadas-residenciais-antigas-pelas-de-led","status":"publish","type":"post","link":"https:\/\/regiaonews.net.br\/2022\/2021\/01\/25\/prefeitura-de-bebedouro-e-cpfl-se-unem-para-troca-de-lampadas-residenciais-antigas-pelas-de-led\/","title":{"rendered":"Prefeitura de Bebedouro e CPFL  se unem para troca de l\u00e2mpadas residenciais antigas pelas de LED\u00a0"},"content":{"rendered":"<p><strong><a href=\"https:\/\/regiaonews.net.br\/2022\/wp-content\/uploads\/2021\/01\/25.01.2021-entrega-de-lampadas-cpfl-53.jpeg\"><img loading=\"lazy\" decoding=\"async\" class=\"alignnone size-medium wp-image-42238\" src=\"https:\/\/regiaonews.net.br\/2022\/wp-content\/uploads\/2021\/01\/25.01.2021-entrega-de-lampadas-cpfl-53-300x200.jpeg\" alt=\"\" width=\"300\" height=\"200\" \/><\/a> <a href=\"https:\/\/regiaonews.net.br\/2022\/wp-content\/uploads\/2021\/01\/25.01.2021-entrega-de-lampadas-cpfl-109.jpeg\"><img loading=\"lazy\" decoding=\"async\" class=\"alignnone size-medium wp-image-42239\" src=\"https:\/\/regiaonews.net.br\/2022\/wp-content\/uploads\/2021\/01\/25.01.2021-entrega-de-lampadas-cpfl-109-300x200.jpeg\" alt=\"\" width=\"300\" height=\"200\" \/><\/a> <a href=\"https:\/\/regiaonews.net.br\/2022\/wp-content\/uploads\/2021\/01\/25.01.2021-entrega-de-lampadas-cpfl-120.jpeg\"><img loading=\"lazy\" decoding=\"async\" class=\"alignnone size-medium wp-image-42240\" src=\"https:\/\/regiaonews.net.br\/2022\/wp-content\/uploads\/2021\/01\/25.01.2021-entrega-de-lampadas-cpfl-120-300x200.jpeg\" alt=\"\" width=\"300\" height=\"200\" \/><\/a> <a href=\"https:\/\/regiaonews.net.br\/2022\/wp-content\/uploads\/2021\/01\/25.01.2021-entrega-de-lampadas-cpfl-130.jpeg\"><img loading=\"lazy\" decoding=\"async\" class=\"alignnone size-medium wp-image-42241\" src=\"https:\/\/regiaonews.net.br\/2022\/wp-content\/uploads\/2021\/01\/25.01.2021-entrega-de-lampadas-cpfl-130-300x200.jpeg\" alt=\"\" width=\"300\" height=\"200\" \/><\/a> <a href=\"https:\/\/regiaonews.net.br\/2022\/wp-content\/uploads\/2021\/01\/25.01.2021-entrega-de-lampadas-cpfl-210.jpeg\"><img loading=\"lazy\" decoding=\"async\" class=\"alignnone size-medium wp-image-42242\" src=\"https:\/\/regiaonews.net.br\/2022\/wp-content\/uploads\/2021\/01\/25.01.2021-entrega-de-lampadas-cpfl-210-300x200.jpeg\" alt=\"\" width=\"300\" height=\"200\" \/><\/a> <a href=\"https:\/\/regiaonews.net.br\/2022\/wp-content\/uploads\/2021\/01\/Cristiane-Carone-Seren-e-Elaine-Lucas.jpeg\"><img loading=\"lazy\" decoding=\"async\" class=\"alignnone size-medium wp-image-42243\" src=\"https:\/\/regiaonews.net.br\/2022\/wp-content\/uploads\/2021\/01\/Cristiane-Carone-Seren-e-Elaine-Lucas-300x200.jpeg\" alt=\"\" width=\"300\" height=\"200\" \/><\/a>\u00a0<\/strong><\/p>\n<p><em><br \/>\nPopula\u00e7\u00e3o carente ter\u00e1 troca gratuita; a\u00e7\u00e3o<br \/>\ncome\u00e7ou nesta segunda-feira (25)\u00a0<\/em><\/p>\n<p>Pensando na sustentabilidade e na economia na conta de energia el\u00e9trica para a popula\u00e7\u00e3o que vive em vulnerabilidade, a Prefeitura de Bebedouro \u2013 Departamento de Assist\u00eancia e Promo\u00e7\u00e3o Social, o Fundo Social de Solidariedade e a CPFL Paulista se uniram para a troca de l\u00e2mpadas em 1 mil resid\u00eancias. As fam\u00edlias que entregarem l\u00e2mpadas antigas de 60w v\u00e3o receber um kit com cinco unidades com a tecnologia <em>led<\/em>, a partir desta segunda-feira (25).<\/p>\n<p>\u201cAs primeiras mil fam\u00edlias que procurem os pontos de troca v\u00e3o receber l\u00e2mpadas mais econ\u00f4micas e duradouras. \u00c9 mais uma a\u00e7\u00e3o para ajudar no or\u00e7amento dom\u00e9stico das fam\u00edlias carentes e ajudar na preserva\u00e7\u00e3o do planeta, j\u00e1 que as l\u00e2mpadas n\u00e3o possuem merc\u00fario em sua composi\u00e7\u00e3o\u201d, informa a presidente do Fundo Social, Cristiane Carone Seren, que completa: \u201cas fam\u00edlias n\u00e3o podem esquecer de entregar l\u00e2mpadas antigas\u201d.<\/p>\n<p>Tatiana da Silva foi a primeira moradora de Bebedouro a garantir seu kit na manh\u00e3 desta segunda-feira (25), no Cras Norte. \u201cVai ajudar bastante no meu dia-a-dia, porque pago valor alto de energia. Tenho crian\u00e7as que sempre deixam l\u00e2mpadas ligadas e a troca trar\u00e1 economia\u201d, comemora.<\/p>\n<p>As fam\u00edlias cadastradas no Cadastro \u00danico, do Minist\u00e9rio da Cidadania, podem solicitar a troca em um dos pontos. \u00c9 necess\u00e1rio apresentar a conta de energia el\u00e9trica e um documento de identifica\u00e7\u00e3o \u2013 RG ou carteira de motorista.<\/p>\n<p><strong><u>Confira os pontos de troca:\u00a0<\/u><\/strong><\/p>\n<ul>\n<li><strong>Fundo Social de Solidariedade\u00a0<\/strong><\/li>\n<\/ul>\n<p>Rua \u00c2ngelo Salvador, 35<br \/>\nVila Paulista<\/p>\n<p>&nbsp;<\/p>\n<ul>\n<li><strong>Promo\u00e7\u00e3o Social\u00a0<\/strong>\n<p>Av Oswaldo Perrone, 489<br \/>\nJardim Progresso<\/li>\n<li><strong>Cras Leste\u00a0<\/strong>\n<p>Rua Ab\u00edlio Fran\u00e7a Valente, 261<br \/>\nJardim de L\u00facia<\/li>\n<li><strong>Cras Sul\u00a0<\/strong>\n<p>Rua Lamartine de Godoy, 601<br \/>\nJardim Uni\u00e3o<\/li>\n<li><strong>Cras Norte\u00a0<\/strong>\n<p>Av Pref Joaquim Alves Guimar\u00e3es, 1610<br \/>\nResidencial Vale do Sol (ao lado da caixa d\u2019\u00e1gua)<\/li>\n<li><strong>CRAM\u00a0<\/strong>\n<p>Av Am\u00e9lia Bernardina Cutrale, 2600<\/p>\n<p>Anel vi\u00e1rio<\/li>\n<\/ul>\n<p>&nbsp;<\/p>\n<p>Mais informa\u00e7\u00f5es pelo telefone (17) 3345-9162.<\/p>\n<p>&nbsp;<\/p>\n","protected":false},"excerpt":{"rendered":"<p>\u00a0 Popula\u00e7\u00e3o carente ter\u00e1 troca gratuita; a\u00e7\u00e3o come\u00e7ou nesta segunda-feira<\/p>\n","protected":false},"author":2,"featured_media":42238,"comment_status":"open","ping_status":"open","sticky":false,"template":"","format":"standard","meta":{"footnotes":""},"categories":[4,25],"tags":[],"class_list":["post-42237","post","type-post","status-publish","format-standard","has-post-thumbnail","hentry","category-bebedouro","category-cidades"],"yoast_head":"<!-- This site is optimized with the Yoast SEO plugin v27.4 - https:\/\/yoast.com\/product\/yoast-seo-wordpress\/ -->\n<title>Prefeitura de Bebedouro e CPFL se unem para troca de l\u00e2mpadas residenciais antigas pelas de LED\u00a0 - Regi\u00e3o News<\/title>\n<meta name=\"robots\" content=\"index, follow, max-snippet:-1, max-image-preview:large, max-video-preview:-1\" \/>\n<link rel=\"canonical\" href=\"https:\/\/regiaonews.net.br\/2022\/2021\/01\/25\/prefeitura-de-bebedouro-e-cpfl-se-unem-para-troca-de-lampadas-residenciais-antigas-pelas-de-led\/\" \/>\n<meta property=\"og:locale\" content=\"pt_BR\" \/>\n<meta property=\"og:type\" content=\"article\" \/>\n<meta property=\"og:title\" content=\"Prefeitura de Bebedouro e CPFL se unem para troca de l\u00e2mpadas residenciais antigas pelas de LED\u00a0 - Regi\u00e3o News\" \/>\n<meta property=\"og:description\" content=\"\u00a0 Popula\u00e7\u00e3o carente ter\u00e1 troca gratuita; a\u00e7\u00e3o come\u00e7ou nesta segunda-feira\" \/>\n<meta property=\"og:url\" content=\"https:\/\/regiaonews.net.br\/2022\/2021\/01\/25\/prefeitura-de-bebedouro-e-cpfl-se-unem-para-troca-de-lampadas-residenciais-antigas-pelas-de-led\/\" \/>\n<meta property=\"og:site_name\" content=\"Regi\u00e3o News\" \/>\n<meta property=\"article:published_time\" content=\"2021-01-25T19:03:43+00:00\" \/>\n<meta property=\"og:image\" content=\"https:\/\/regiaonews.net.br\/2022\/wp-content\/uploads\/2021\/01\/25.01.2021-entrega-de-lampadas-cpfl-53.jpeg\" \/>\n\t<meta property=\"og:image:width\" content=\"1280\" \/>\n\t<meta property=\"og:image:height\" content=\"853\" \/>\n\t<meta property=\"og:image:type\" content=\"image\/jpeg\" \/>\n<meta name=\"author\" content=\"Roberto\" \/>\n<meta name=\"twitter:card\" content=\"summary_large_image\" \/>\n<meta name=\"twitter:label1\" content=\"Escrito por\" \/>\n\t<meta name=\"twitter:data1\" content=\"Roberto\" \/>\n\t<meta name=\"twitter:label2\" content=\"Est. tempo de leitura\" \/>\n\t<meta name=\"twitter:data2\" content=\"2 minutos\" \/>\n<script type=\"application\/ld+json\" class=\"yoast-schema-graph\">{\"@context\":\"https:\\\/\\\/schema.org\",\"@graph\":[{\"@type\":\"Article\",\"@id\":\"https:\\\/\\\/regiaonews.net.br\\\/2022\\\/2021\\\/01\\\/25\\\/prefeitura-de-bebedouro-e-cpfl-se-unem-para-troca-de-lampadas-residenciais-antigas-pelas-de-led\\\/#article\",\"isPartOf\":{\"@id\":\"https:\\\/\\\/regiaonews.net.br\\\/2022\\\/2021\\\/01\\\/25\\\/prefeitura-de-bebedouro-e-cpfl-se-unem-para-troca-de-lampadas-residenciais-antigas-pelas-de-led\\\/\"},\"author\":{\"name\":\"Roberto\",\"@id\":\"https:\\\/\\\/regiaonews.net.br\\\/2022\\\/#\\\/schema\\\/person\\\/2d205a608a5aa97ac279d7a5e6d89ad8\"},\"headline\":\"Prefeitura de Bebedouro e CPFL se unem para troca de l\u00e2mpadas residenciais antigas pelas de LED\u00a0\",\"datePublished\":\"2021-01-25T19:03:43+00:00\",\"mainEntityOfPage\":{\"@id\":\"https:\\\/\\\/regiaonews.net.br\\\/2022\\\/2021\\\/01\\\/25\\\/prefeitura-de-bebedouro-e-cpfl-se-unem-para-troca-de-lampadas-residenciais-antigas-pelas-de-led\\\/\"},\"wordCount\":354,\"commentCount\":0,\"publisher\":{\"@id\":\"https:\\\/\\\/regiaonews.net.br\\\/2022\\\/#organization\"},\"image\":{\"@id\":\"https:\\\/\\\/regiaonews.net.br\\\/2022\\\/2021\\\/01\\\/25\\\/prefeitura-de-bebedouro-e-cpfl-se-unem-para-troca-de-lampadas-residenciais-antigas-pelas-de-led\\\/#primaryimage\"},\"thumbnailUrl\":\"https:\\\/\\\/regiaonews.net.br\\\/2022\\\/wp-content\\\/uploads\\\/2021\\\/01\\\/25.01.2021-entrega-de-lampadas-cpfl-53.jpeg\",\"articleSection\":[\"Bebedouro\",\"Cidades\"],\"inLanguage\":\"pt-BR\",\"potentialAction\":[{\"@type\":\"CommentAction\",\"name\":\"Comment\",\"target\":[\"https:\\\/\\\/regiaonews.net.br\\\/2022\\\/2021\\\/01\\\/25\\\/prefeitura-de-bebedouro-e-cpfl-se-unem-para-troca-de-lampadas-residenciais-antigas-pelas-de-led\\\/#respond\"]}]},{\"@type\":\"WebPage\",\"@id\":\"https:\\\/\\\/regiaonews.net.br\\\/2022\\\/2021\\\/01\\\/25\\\/prefeitura-de-bebedouro-e-cpfl-se-unem-para-troca-de-lampadas-residenciais-antigas-pelas-de-led\\\/\",\"url\":\"https:\\\/\\\/regiaonews.net.br\\\/2022\\\/2021\\\/01\\\/25\\\/prefeitura-de-bebedouro-e-cpfl-se-unem-para-troca-de-lampadas-residenciais-antigas-pelas-de-led\\\/\",\"name\":\"Prefeitura de Bebedouro e CPFL se unem para troca de l\u00e2mpadas residenciais antigas pelas de LED\u00a0 - Regi\u00e3o News\",\"isPartOf\":{\"@id\":\"https:\\\/\\\/regiaonews.net.br\\\/2022\\\/#website\"},\"primaryImageOfPage\":{\"@id\":\"https:\\\/\\\/regiaonews.net.br\\\/2022\\\/2021\\\/01\\\/25\\\/prefeitura-de-bebedouro-e-cpfl-se-unem-para-troca-de-lampadas-residenciais-antigas-pelas-de-led\\\/#primaryimage\"},\"image\":{\"@id\":\"https:\\\/\\\/regiaonews.net.br\\\/2022\\\/2021\\\/01\\\/25\\\/prefeitura-de-bebedouro-e-cpfl-se-unem-para-troca-de-lampadas-residenciais-antigas-pelas-de-led\\\/#primaryimage\"},\"thumbnailUrl\":\"https:\\\/\\\/regiaonews.net.br\\\/2022\\\/wp-content\\\/uploads\\\/2021\\\/01\\\/25.01.2021-entrega-de-lampadas-cpfl-53.jpeg\",\"datePublished\":\"2021-01-25T19:03:43+00:00\",\"breadcrumb\":{\"@id\":\"https:\\\/\\\/regiaonews.net.br\\\/2022\\\/2021\\\/01\\\/25\\\/prefeitura-de-bebedouro-e-cpfl-se-unem-para-troca-de-lampadas-residenciais-antigas-pelas-de-led\\\/#breadcrumb\"},\"inLanguage\":\"pt-BR\",\"potentialAction\":[{\"@type\":\"ReadAction\",\"target\":[\"https:\\\/\\\/regiaonews.net.br\\\/2022\\\/2021\\\/01\\\/25\\\/prefeitura-de-bebedouro-e-cpfl-se-unem-para-troca-de-lampadas-residenciais-antigas-pelas-de-led\\\/\"]}]},{\"@type\":\"ImageObject\",\"inLanguage\":\"pt-BR\",\"@id\":\"https:\\\/\\\/regiaonews.net.br\\\/2022\\\/2021\\\/01\\\/25\\\/prefeitura-de-bebedouro-e-cpfl-se-unem-para-troca-de-lampadas-residenciais-antigas-pelas-de-led\\\/#primaryimage\",\"url\":\"https:\\\/\\\/regiaonews.net.br\\\/2022\\\/wp-content\\\/uploads\\\/2021\\\/01\\\/25.01.2021-entrega-de-lampadas-cpfl-53.jpeg\",\"contentUrl\":\"https:\\\/\\\/regiaonews.net.br\\\/2022\\\/wp-content\\\/uploads\\\/2021\\\/01\\\/25.01.2021-entrega-de-lampadas-cpfl-53.jpeg\",\"width\":1280,\"height\":853},{\"@type\":\"BreadcrumbList\",\"@id\":\"https:\\\/\\\/regiaonews.net.br\\\/2022\\\/2021\\\/01\\\/25\\\/prefeitura-de-bebedouro-e-cpfl-se-unem-para-troca-de-lampadas-residenciais-antigas-pelas-de-led\\\/#breadcrumb\",\"itemListElement\":[{\"@type\":\"ListItem\",\"position\":1,\"name\":\"In\u00edcio\",\"item\":\"https:\\\/\\\/regiaonews.net.br\\\/2022\\\/\"},{\"@type\":\"ListItem\",\"position\":2,\"name\":\"Prefeitura de Bebedouro e CPFL se unem para troca de l\u00e2mpadas residenciais antigas pelas de LED\u00a0\"}]},{\"@type\":\"WebSite\",\"@id\":\"https:\\\/\\\/regiaonews.net.br\\\/2022\\\/#website\",\"url\":\"https:\\\/\\\/regiaonews.net.br\\\/2022\\\/\",\"name\":\"Regi\u00e3o News\",\"description\":\"Site de Not\u00edcias de Barretos e regi\u00e3o\",\"publisher\":{\"@id\":\"https:\\\/\\\/regiaonews.net.br\\\/2022\\\/#organization\"},\"potentialAction\":[{\"@type\":\"SearchAction\",\"target\":{\"@type\":\"EntryPoint\",\"urlTemplate\":\"https:\\\/\\\/regiaonews.net.br\\\/2022\\\/?s={search_term_string}\"},\"query-input\":{\"@type\":\"PropertyValueSpecification\",\"valueRequired\":true,\"valueName\":\"search_term_string\"}}],\"inLanguage\":\"pt-BR\"},{\"@type\":\"Organization\",\"@id\":\"https:\\\/\\\/regiaonews.net.br\\\/2022\\\/#organization\",\"name\":\"Regi\u00e3o News\",\"url\":\"https:\\\/\\\/regiaonews.net.br\\\/2022\\\/\",\"logo\":{\"@type\":\"ImageObject\",\"inLanguage\":\"pt-BR\",\"@id\":\"https:\\\/\\\/regiaonews.net.br\\\/2022\\\/#\\\/schema\\\/logo\\\/image\\\/\",\"url\":\"https:\\\/\\\/regiaonews.net.br\\\/2022\\\/wp-content\\\/uploads\\\/2026\\\/03\\\/regiao-13-anos-scaled.jpg\",\"contentUrl\":\"https:\\\/\\\/regiaonews.net.br\\\/2022\\\/wp-content\\\/uploads\\\/2026\\\/03\\\/regiao-13-anos-scaled.jpg\",\"width\":2560,\"height\":635,\"caption\":\"Regi\u00e3o News\"},\"image\":{\"@id\":\"https:\\\/\\\/regiaonews.net.br\\\/2022\\\/#\\\/schema\\\/logo\\\/image\\\/\"}},{\"@type\":\"Person\",\"@id\":\"https:\\\/\\\/regiaonews.net.br\\\/2022\\\/#\\\/schema\\\/person\\\/2d205a608a5aa97ac279d7a5e6d89ad8\",\"name\":\"Roberto\",\"image\":{\"@type\":\"ImageObject\",\"inLanguage\":\"pt-BR\",\"@id\":\"https:\\\/\\\/secure.gravatar.com\\\/avatar\\\/42749d8b712ff9d59ca93dc150494e5b55a44134482993f5baeb97e61b7ecc89?s=96&d=mm&r=g\",\"url\":\"https:\\\/\\\/secure.gravatar.com\\\/avatar\\\/42749d8b712ff9d59ca93dc150494e5b55a44134482993f5baeb97e61b7ecc89?s=96&d=mm&r=g\",\"contentUrl\":\"https:\\\/\\\/secure.gravatar.com\\\/avatar\\\/42749d8b712ff9d59ca93dc150494e5b55a44134482993f5baeb97e61b7ecc89?s=96&d=mm&r=g\",\"caption\":\"Roberto\"},\"url\":\"https:\\\/\\\/regiaonews.net.br\\\/2022\\\/author\\\/roberto\\\/\"}]}<\/script>\n<!-- \/ Yoast SEO plugin. -->","yoast_head_json":{"title":"Prefeitura de Bebedouro e CPFL se unem para troca de l\u00e2mpadas residenciais antigas pelas de LED\u00a0 - Regi\u00e3o News","robots":{"index":"index","follow":"follow","max-snippet":"max-snippet:-1","max-image-preview":"max-image-preview:large","max-video-preview":"max-video-preview:-1"},"canonical":"https:\/\/regiaonews.net.br\/2022\/2021\/01\/25\/prefeitura-de-bebedouro-e-cpfl-se-unem-para-troca-de-lampadas-residenciais-antigas-pelas-de-led\/","og_locale":"pt_BR","og_type":"article","og_title":"Prefeitura de Bebedouro e CPFL se unem para troca de l\u00e2mpadas residenciais antigas pelas de LED\u00a0 - Regi\u00e3o News","og_description":"\u00a0 Popula\u00e7\u00e3o carente ter\u00e1 troca gratuita; a\u00e7\u00e3o come\u00e7ou nesta segunda-feira","og_url":"https:\/\/regiaonews.net.br\/2022\/2021\/01\/25\/prefeitura-de-bebedouro-e-cpfl-se-unem-para-troca-de-lampadas-residenciais-antigas-pelas-de-led\/","og_site_name":"Regi\u00e3o News","article_published_time":"2021-01-25T19:03:43+00:00","og_image":[{"width":1280,"height":853,"url":"https:\/\/regiaonews.net.br\/2022\/wp-content\/uploads\/2021\/01\/25.01.2021-entrega-de-lampadas-cpfl-53.jpeg","type":"image\/jpeg"}],"author":"Roberto","twitter_card":"summary_large_image","twitter_misc":{"Escrito por":"Roberto","Est. tempo de leitura":"2 minutos"},"schema":{"@context":"https:\/\/schema.org","@graph":[{"@type":"Article","@id":"https:\/\/regiaonews.net.br\/2022\/2021\/01\/25\/prefeitura-de-bebedouro-e-cpfl-se-unem-para-troca-de-lampadas-residenciais-antigas-pelas-de-led\/#article","isPartOf":{"@id":"https:\/\/regiaonews.net.br\/2022\/2021\/01\/25\/prefeitura-de-bebedouro-e-cpfl-se-unem-para-troca-de-lampadas-residenciais-antigas-pelas-de-led\/"},"author":{"name":"Roberto","@id":"https:\/\/regiaonews.net.br\/2022\/#\/schema\/person\/2d205a608a5aa97ac279d7a5e6d89ad8"},"headline":"Prefeitura de Bebedouro e CPFL se unem para troca de l\u00e2mpadas residenciais antigas pelas de LED\u00a0","datePublished":"2021-01-25T19:03:43+00:00","mainEntityOfPage":{"@id":"https:\/\/regiaonews.net.br\/2022\/2021\/01\/25\/prefeitura-de-bebedouro-e-cpfl-se-unem-para-troca-de-lampadas-residenciais-antigas-pelas-de-led\/"},"wordCount":354,"commentCount":0,"publisher":{"@id":"https:\/\/regiaonews.net.br\/2022\/#organization"},"image":{"@id":"https:\/\/regiaonews.net.br\/2022\/2021\/01\/25\/prefeitura-de-bebedouro-e-cpfl-se-unem-para-troca-de-lampadas-residenciais-antigas-pelas-de-led\/#primaryimage"},"thumbnailUrl":"https:\/\/regiaonews.net.br\/2022\/wp-content\/uploads\/2021\/01\/25.01.2021-entrega-de-lampadas-cpfl-53.jpeg","articleSection":["Bebedouro","Cidades"],"inLanguage":"pt-BR","potentialAction":[{"@type":"CommentAction","name":"Comment","target":["https:\/\/regiaonews.net.br\/2022\/2021\/01\/25\/prefeitura-de-bebedouro-e-cpfl-se-unem-para-troca-de-lampadas-residenciais-antigas-pelas-de-led\/#respond"]}]},{"@type":"WebPage","@id":"https:\/\/regiaonews.net.br\/2022\/2021\/01\/25\/prefeitura-de-bebedouro-e-cpfl-se-unem-para-troca-de-lampadas-residenciais-antigas-pelas-de-led\/","url":"https:\/\/regiaonews.net.br\/2022\/2021\/01\/25\/prefeitura-de-bebedouro-e-cpfl-se-unem-para-troca-de-lampadas-residenciais-antigas-pelas-de-led\/","name":"Prefeitura de Bebedouro e CPFL se unem para troca de l\u00e2mpadas residenciais antigas pelas de LED\u00a0 - Regi\u00e3o News","isPartOf":{"@id":"https:\/\/regiaonews.net.br\/2022\/#website"},"primaryImageOfPage":{"@id":"https:\/\/regiaonews.net.br\/2022\/2021\/01\/25\/prefeitura-de-bebedouro-e-cpfl-se-unem-para-troca-de-lampadas-residenciais-antigas-pelas-de-led\/#primaryimage"},"image":{"@id":"https:\/\/regiaonews.net.br\/2022\/2021\/01\/25\/prefeitura-de-bebedouro-e-cpfl-se-unem-para-troca-de-lampadas-residenciais-antigas-pelas-de-led\/#primaryimage"},"thumbnailUrl":"https:\/\/regiaonews.net.br\/2022\/wp-content\/uploads\/2021\/01\/25.01.2021-entrega-de-lampadas-cpfl-53.jpeg","datePublished":"2021-01-25T19:03:43+00:00","breadcrumb":{"@id":"https:\/\/regiaonews.net.br\/2022\/2021\/01\/25\/prefeitura-de-bebedouro-e-cpfl-se-unem-para-troca-de-lampadas-residenciais-antigas-pelas-de-led\/#breadcrumb"},"inLanguage":"pt-BR","potentialAction":[{"@type":"ReadAction","target":["https:\/\/regiaonews.net.br\/2022\/2021\/01\/25\/prefeitura-de-bebedouro-e-cpfl-se-unem-para-troca-de-lampadas-residenciais-antigas-pelas-de-led\/"]}]},{"@type":"ImageObject","inLanguage":"pt-BR","@id":"https:\/\/regiaonews.net.br\/2022\/2021\/01\/25\/prefeitura-de-bebedouro-e-cpfl-se-unem-para-troca-de-lampadas-residenciais-antigas-pelas-de-led\/#primaryimage","url":"https:\/\/regiaonews.net.br\/2022\/wp-content\/uploads\/2021\/01\/25.01.2021-entrega-de-lampadas-cpfl-53.jpeg","contentUrl":"https:\/\/regiaonews.net.br\/2022\/wp-content\/uploads\/2021\/01\/25.01.2021-entrega-de-lampadas-cpfl-53.jpeg","width":1280,"height":853},{"@type":"BreadcrumbList","@id":"https:\/\/regiaonews.net.br\/2022\/2021\/01\/25\/prefeitura-de-bebedouro-e-cpfl-se-unem-para-troca-de-lampadas-residenciais-antigas-pelas-de-led\/#breadcrumb","itemListElement":[{"@type":"ListItem","position":1,"name":"In\u00edcio","item":"https:\/\/regiaonews.net.br\/2022\/"},{"@type":"ListItem","position":2,"name":"Prefeitura de Bebedouro e CPFL se unem para troca de l\u00e2mpadas residenciais antigas pelas de LED\u00a0"}]},{"@type":"WebSite","@id":"https:\/\/regiaonews.net.br\/2022\/#website","url":"https:\/\/regiaonews.net.br\/2022\/","name":"Regi\u00e3o News","description":"Site de Not\u00edcias de Barretos e regi\u00e3o","publisher":{"@id":"https:\/\/regiaonews.net.br\/2022\/#organization"},"potentialAction":[{"@type":"SearchAction","target":{"@type":"EntryPoint","urlTemplate":"https:\/\/regiaonews.net.br\/2022\/?s={search_term_string}"},"query-input":{"@type":"PropertyValueSpecification","valueRequired":true,"valueName":"search_term_string"}}],"inLanguage":"pt-BR"},{"@type":"Organization","@id":"https:\/\/regiaonews.net.br\/2022\/#organization","name":"Regi\u00e3o News","url":"https:\/\/regiaonews.net.br\/2022\/","logo":{"@type":"ImageObject","inLanguage":"pt-BR","@id":"https:\/\/regiaonews.net.br\/2022\/#\/schema\/logo\/image\/","url":"https:\/\/regiaonews.net.br\/2022\/wp-content\/uploads\/2026\/03\/regiao-13-anos-scaled.jpg","contentUrl":"https:\/\/regiaonews.net.br\/2022\/wp-content\/uploads\/2026\/03\/regiao-13-anos-scaled.jpg","width":2560,"height":635,"caption":"Regi\u00e3o News"},"image":{"@id":"https:\/\/regiaonews.net.br\/2022\/#\/schema\/logo\/image\/"}},{"@type":"Person","@id":"https:\/\/regiaonews.net.br\/2022\/#\/schema\/person\/2d205a608a5aa97ac279d7a5e6d89ad8","name":"Roberto","image":{"@type":"ImageObject","inLanguage":"pt-BR","@id":"https:\/\/secure.gravatar.com\/avatar\/42749d8b712ff9d59ca93dc150494e5b55a44134482993f5baeb97e61b7ecc89?s=96&d=mm&r=g","url":"https:\/\/secure.gravatar.com\/avatar\/42749d8b712ff9d59ca93dc150494e5b55a44134482993f5baeb97e61b7ecc89?s=96&d=mm&r=g","contentUrl":"https:\/\/secure.gravatar.com\/avatar\/42749d8b712ff9d59ca93dc150494e5b55a44134482993f5baeb97e61b7ecc89?s=96&d=mm&r=g","caption":"Roberto"},"url":"https:\/\/regiaonews.net.br\/2022\/author\/roberto\/"}]}},"publishpress_future_action":{"enabled":false,"date":"2026-05-03 19:19:37","action":"change-status","newStatus":"draft","terms":[],"taxonomy":"category","extraData":[]},"publishpress_future_workflow_manual_trigger":{"enabledWorkflows":[]},"_links":{"self":[{"href":"https:\/\/regiaonews.net.br\/2022\/wp-json\/wp\/v2\/posts\/42237","targetHints":{"allow":["GET"]}}],"collection":[{"href":"https:\/\/regiaonews.net.br\/2022\/wp-json\/wp\/v2\/posts"}],"about":[{"href":"https:\/\/regiaonews.net.br\/2022\/wp-json\/wp\/v2\/types\/post"}],"author":[{"embeddable":true,"href":"https:\/\/regiaonews.net.br\/2022\/wp-json\/wp\/v2\/users\/2"}],"replies":[{"embeddable":true,"href":"https:\/\/regiaonews.net.br\/2022\/wp-json\/wp\/v2\/comments?post=42237"}],"version-history":[{"count":0,"href":"https:\/\/regiaonews.net.br\/2022\/wp-json\/wp\/v2\/posts\/42237\/revisions"}],"wp:featuredmedia":[{"embeddable":true,"href":"https:\/\/regiaonews.net.br\/2022\/wp-json\/wp\/v2\/media\/42238"}],"wp:attachment":[{"href":"https:\/\/regiaonews.net.br\/2022\/wp-json\/wp\/v2\/media?parent=42237"}],"wp:term":[{"taxonomy":"category","embeddable":true,"href":"https:\/\/regiaonews.net.br\/2022\/wp-json\/wp\/v2\/categories?post=42237"},{"taxonomy":"post_tag","embeddable":true,"href":"https:\/\/regiaonews.net.br\/2022\/wp-json\/wp\/v2\/tags?post=42237"}],"curies":[{"name":"wp","href":"https:\/\/api.w.org\/{rel}","templated":true}]}}