{"id":42225,"date":"2021-01-25T11:40:24","date_gmt":"2021-01-25T14:40:24","guid":{"rendered":"https:\/\/regiaonews.net.br\/2022\/?p=42225"},"modified":"2021-01-25T11:40:24","modified_gmt":"2021-01-25T14:40:24","slug":"secretario-deixa-a-pasta-da-cultura-por-motivos-pessoais","status":"publish","type":"post","link":"https:\/\/regiaonews.net.br\/2022\/2021\/01\/25\/secretario-deixa-a-pasta-da-cultura-por-motivos-pessoais\/","title":{"rendered":"Secret\u00e1rio deixa a pasta da Cultura por motivos pessoais"},"content":{"rendered":"<p><a href=\"https:\/\/regiaonews.net.br\/2022\/wp-content\/uploads\/2021\/01\/8293b4fc-1f37-44b1-9d9b-598d4d2bbcfa.jpg\"><img loading=\"lazy\" decoding=\"async\" class=\"alignnone size-medium wp-image-42226\" src=\"https:\/\/regiaonews.net.br\/2022\/wp-content\/uploads\/2021\/01\/8293b4fc-1f37-44b1-9d9b-598d4d2bbcfa-300x300.jpg\" alt=\"\" width=\"300\" height=\"300\" \/><\/a><\/p>\n<p>Foto \u2013 Cl\u00e9ber Teixeira, que deixou a Secret\u00e1ria de Cultura<\/p>\n<p>O governo da prefeita Paula Lemos, sofreu mais uma baixa neste in\u00edcio de gest\u00e3o. Nesta semana, deixou o governo o secret\u00e1rio de Cultura, Cleber Teixeira, antes mesmo de ter ocorrido a sua nomea\u00e7\u00e3o. Segundo informa\u00e7\u00f5es da Secretaria de Comunica\u00e7\u00e3o da Prefeitura, o secret\u00e1rio n\u00e3o pode ocupar o cargo, por quest\u00f5es pessoais. Procurado, Cl\u00e9ber Teixeira, afirmou que surgiram motivos pessoais que o impediram de continuar. \u201cFiquei muito honrado com o convite da Paula, ela foi muito gentil e entendeu minha situa\u00e7\u00e3o. Infelizmente n\u00e3o deu, quem sabe numa pr\u00f3xima e boa sorte para o novo secret\u00e1rio\u201d, afirmou.<br \/>\nO primeiro nome a sair da atual gest\u00e3o, foi Tarcisio Scannavino, que tamb\u00e9m n\u00e3o foi nomeado para o Instituto de Previd\u00eancia.<\/p>\n","protected":false},"excerpt":{"rendered":"<p>Foto \u2013 Cl\u00e9ber Teixeira, que deixou a Secret\u00e1ria de Cultura<\/p>\n","protected":false},"author":2,"featured_media":42226,"comment_status":"open","ping_status":"open","sticky":false,"template":"","format":"standard","meta":{"footnotes":""},"categories":[14,25],"tags":[],"class_list":["post-42225","post","type-post","status-publish","format-standard","has-post-thumbnail","hentry","category-barretos","category-cidades"],"yoast_head":"<!-- This site is optimized with the Yoast SEO plugin v27.4 - https:\/\/yoast.com\/product\/yoast-seo-wordpress\/ -->\n<title>Secret\u00e1rio deixa a pasta da Cultura por motivos pessoais - Regi\u00e3o News<\/title>\n<meta name=\"robots\" content=\"index, follow, max-snippet:-1, max-image-preview:large, max-video-preview:-1\" \/>\n<link rel=\"canonical\" href=\"https:\/\/regiaonews.net.br\/2022\/2021\/01\/25\/secretario-deixa-a-pasta-da-cultura-por-motivos-pessoais\/\" \/>\n<meta property=\"og:locale\" content=\"pt_BR\" \/>\n<meta property=\"og:type\" content=\"article\" \/>\n<meta property=\"og:title\" content=\"Secret\u00e1rio deixa a pasta da Cultura por motivos pessoais - Regi\u00e3o News\" \/>\n<meta property=\"og:description\" content=\"Foto \u2013 Cl\u00e9ber Teixeira, que deixou a Secret\u00e1ria de Cultura\" \/>\n<meta property=\"og:url\" content=\"https:\/\/regiaonews.net.br\/2022\/2021\/01\/25\/secretario-deixa-a-pasta-da-cultura-por-motivos-pessoais\/\" \/>\n<meta property=\"og:site_name\" content=\"Regi\u00e3o News\" \/>\n<meta property=\"article:published_time\" content=\"2021-01-25T14:40:24+00:00\" \/>\n<meta property=\"og:image\" content=\"https:\/\/regiaonews.net.br\/2022\/wp-content\/uploads\/2021\/01\/8293b4fc-1f37-44b1-9d9b-598d4d2bbcfa.jpg\" \/>\n\t<meta property=\"og:image:width\" content=\"800\" \/>\n\t<meta property=\"og:image:height\" content=\"800\" \/>\n\t<meta property=\"og:image:type\" content=\"image\/jpeg\" \/>\n<meta name=\"author\" content=\"Roberto\" \/>\n<meta name=\"twitter:card\" content=\"summary_large_image\" \/>\n<meta name=\"twitter:label1\" content=\"Escrito por\" \/>\n\t<meta name=\"twitter:data1\" content=\"Roberto\" \/>\n\t<meta name=\"twitter:label2\" content=\"Est. tempo de leitura\" \/>\n\t<meta name=\"twitter:data2\" content=\"1 minuto\" \/>\n<script type=\"application\/ld+json\" class=\"yoast-schema-graph\">{\"@context\":\"https:\\\/\\\/schema.org\",\"@graph\":[{\"@type\":\"Article\",\"@id\":\"https:\\\/\\\/regiaonews.net.br\\\/2022\\\/2021\\\/01\\\/25\\\/secretario-deixa-a-pasta-da-cultura-por-motivos-pessoais\\\/#article\",\"isPartOf\":{\"@id\":\"https:\\\/\\\/regiaonews.net.br\\\/2022\\\/2021\\\/01\\\/25\\\/secretario-deixa-a-pasta-da-cultura-por-motivos-pessoais\\\/\"},\"author\":{\"name\":\"Roberto\",\"@id\":\"https:\\\/\\\/regiaonews.net.br\\\/2022\\\/#\\\/schema\\\/person\\\/2d205a608a5aa97ac279d7a5e6d89ad8\"},\"headline\":\"Secret\u00e1rio deixa a pasta da Cultura por motivos pessoais\",\"datePublished\":\"2021-01-25T14:40:24+00:00\",\"mainEntityOfPage\":{\"@id\":\"https:\\\/\\\/regiaonews.net.br\\\/2022\\\/2021\\\/01\\\/25\\\/secretario-deixa-a-pasta-da-cultura-por-motivos-pessoais\\\/\"},\"wordCount\":155,\"commentCount\":0,\"publisher\":{\"@id\":\"https:\\\/\\\/regiaonews.net.br\\\/2022\\\/#organization\"},\"image\":{\"@id\":\"https:\\\/\\\/regiaonews.net.br\\\/2022\\\/2021\\\/01\\\/25\\\/secretario-deixa-a-pasta-da-cultura-por-motivos-pessoais\\\/#primaryimage\"},\"thumbnailUrl\":\"https:\\\/\\\/regiaonews.net.br\\\/2022\\\/wp-content\\\/uploads\\\/2021\\\/01\\\/8293b4fc-1f37-44b1-9d9b-598d4d2bbcfa.jpg\",\"articleSection\":[\"Barretos\",\"Cidades\"],\"inLanguage\":\"pt-BR\",\"potentialAction\":[{\"@type\":\"CommentAction\",\"name\":\"Comment\",\"target\":[\"https:\\\/\\\/regiaonews.net.br\\\/2022\\\/2021\\\/01\\\/25\\\/secretario-deixa-a-pasta-da-cultura-por-motivos-pessoais\\\/#respond\"]}]},{\"@type\":\"WebPage\",\"@id\":\"https:\\\/\\\/regiaonews.net.br\\\/2022\\\/2021\\\/01\\\/25\\\/secretario-deixa-a-pasta-da-cultura-por-motivos-pessoais\\\/\",\"url\":\"https:\\\/\\\/regiaonews.net.br\\\/2022\\\/2021\\\/01\\\/25\\\/secretario-deixa-a-pasta-da-cultura-por-motivos-pessoais\\\/\",\"name\":\"Secret\u00e1rio deixa a pasta da Cultura por motivos pessoais - Regi\u00e3o News\",\"isPartOf\":{\"@id\":\"https:\\\/\\\/regiaonews.net.br\\\/2022\\\/#website\"},\"primaryImageOfPage\":{\"@id\":\"https:\\\/\\\/regiaonews.net.br\\\/2022\\\/2021\\\/01\\\/25\\\/secretario-deixa-a-pasta-da-cultura-por-motivos-pessoais\\\/#primaryimage\"},\"image\":{\"@id\":\"https:\\\/\\\/regiaonews.net.br\\\/2022\\\/2021\\\/01\\\/25\\\/secretario-deixa-a-pasta-da-cultura-por-motivos-pessoais\\\/#primaryimage\"},\"thumbnailUrl\":\"https:\\\/\\\/regiaonews.net.br\\\/2022\\\/wp-content\\\/uploads\\\/2021\\\/01\\\/8293b4fc-1f37-44b1-9d9b-598d4d2bbcfa.jpg\",\"datePublished\":\"2021-01-25T14:40:24+00:00\",\"breadcrumb\":{\"@id\":\"https:\\\/\\\/regiaonews.net.br\\\/2022\\\/2021\\\/01\\\/25\\\/secretario-deixa-a-pasta-da-cultura-por-motivos-pessoais\\\/#breadcrumb\"},\"inLanguage\":\"pt-BR\",\"potentialAction\":[{\"@type\":\"ReadAction\",\"target\":[\"https:\\\/\\\/regiaonews.net.br\\\/2022\\\/2021\\\/01\\\/25\\\/secretario-deixa-a-pasta-da-cultura-por-motivos-pessoais\\\/\"]}]},{\"@type\":\"ImageObject\",\"inLanguage\":\"pt-BR\",\"@id\":\"https:\\\/\\\/regiaonews.net.br\\\/2022\\\/2021\\\/01\\\/25\\\/secretario-deixa-a-pasta-da-cultura-por-motivos-pessoais\\\/#primaryimage\",\"url\":\"https:\\\/\\\/regiaonews.net.br\\\/2022\\\/wp-content\\\/uploads\\\/2021\\\/01\\\/8293b4fc-1f37-44b1-9d9b-598d4d2bbcfa.jpg\",\"contentUrl\":\"https:\\\/\\\/regiaonews.net.br\\\/2022\\\/wp-content\\\/uploads\\\/2021\\\/01\\\/8293b4fc-1f37-44b1-9d9b-598d4d2bbcfa.jpg\",\"width\":800,\"height\":800},{\"@type\":\"BreadcrumbList\",\"@id\":\"https:\\\/\\\/regiaonews.net.br\\\/2022\\\/2021\\\/01\\\/25\\\/secretario-deixa-a-pasta-da-cultura-por-motivos-pessoais\\\/#breadcrumb\",\"itemListElement\":[{\"@type\":\"ListItem\",\"position\":1,\"name\":\"In\u00edcio\",\"item\":\"https:\\\/\\\/regiaonews.net.br\\\/2022\\\/\"},{\"@type\":\"ListItem\",\"position\":2,\"name\":\"Secret\u00e1rio deixa a pasta da Cultura por motivos pessoais\"}]},{\"@type\":\"WebSite\",\"@id\":\"https:\\\/\\\/regiaonews.net.br\\\/2022\\\/#website\",\"url\":\"https:\\\/\\\/regiaonews.net.br\\\/2022\\\/\",\"name\":\"Regi\u00e3o News\",\"description\":\"Site de Not\u00edcias de Barretos e regi\u00e3o\",\"publisher\":{\"@id\":\"https:\\\/\\\/regiaonews.net.br\\\/2022\\\/#organization\"},\"potentialAction\":[{\"@type\":\"SearchAction\",\"target\":{\"@type\":\"EntryPoint\",\"urlTemplate\":\"https:\\\/\\\/regiaonews.net.br\\\/2022\\\/?s={search_term_string}\"},\"query-input\":{\"@type\":\"PropertyValueSpecification\",\"valueRequired\":true,\"valueName\":\"search_term_string\"}}],\"inLanguage\":\"pt-BR\"},{\"@type\":\"Organization\",\"@id\":\"https:\\\/\\\/regiaonews.net.br\\\/2022\\\/#organization\",\"name\":\"Regi\u00e3o News\",\"url\":\"https:\\\/\\\/regiaonews.net.br\\\/2022\\\/\",\"logo\":{\"@type\":\"ImageObject\",\"inLanguage\":\"pt-BR\",\"@id\":\"https:\\\/\\\/regiaonews.net.br\\\/2022\\\/#\\\/schema\\\/logo\\\/image\\\/\",\"url\":\"https:\\\/\\\/regiaonews.net.br\\\/2022\\\/wp-content\\\/uploads\\\/2026\\\/03\\\/regiao-13-anos-scaled.jpg\",\"contentUrl\":\"https:\\\/\\\/regiaonews.net.br\\\/2022\\\/wp-content\\\/uploads\\\/2026\\\/03\\\/regiao-13-anos-scaled.jpg\",\"width\":2560,\"height\":635,\"caption\":\"Regi\u00e3o News\"},\"image\":{\"@id\":\"https:\\\/\\\/regiaonews.net.br\\\/2022\\\/#\\\/schema\\\/logo\\\/image\\\/\"}},{\"@type\":\"Person\",\"@id\":\"https:\\\/\\\/regiaonews.net.br\\\/2022\\\/#\\\/schema\\\/person\\\/2d205a608a5aa97ac279d7a5e6d89ad8\",\"name\":\"Roberto\",\"image\":{\"@type\":\"ImageObject\",\"inLanguage\":\"pt-BR\",\"@id\":\"https:\\\/\\\/secure.gravatar.com\\\/avatar\\\/42749d8b712ff9d59ca93dc150494e5b55a44134482993f5baeb97e61b7ecc89?s=96&d=mm&r=g\",\"url\":\"https:\\\/\\\/secure.gravatar.com\\\/avatar\\\/42749d8b712ff9d59ca93dc150494e5b55a44134482993f5baeb97e61b7ecc89?s=96&d=mm&r=g\",\"contentUrl\":\"https:\\\/\\\/secure.gravatar.com\\\/avatar\\\/42749d8b712ff9d59ca93dc150494e5b55a44134482993f5baeb97e61b7ecc89?s=96&d=mm&r=g\",\"caption\":\"Roberto\"},\"url\":\"https:\\\/\\\/regiaonews.net.br\\\/2022\\\/author\\\/roberto\\\/\"}]}<\/script>\n<!-- \/ Yoast SEO plugin. -->","yoast_head_json":{"title":"Secret\u00e1rio deixa a pasta da Cultura por motivos pessoais - Regi\u00e3o News","robots":{"index":"index","follow":"follow","max-snippet":"max-snippet:-1","max-image-preview":"max-image-preview:large","max-video-preview":"max-video-preview:-1"},"canonical":"https:\/\/regiaonews.net.br\/2022\/2021\/01\/25\/secretario-deixa-a-pasta-da-cultura-por-motivos-pessoais\/","og_locale":"pt_BR","og_type":"article","og_title":"Secret\u00e1rio deixa a pasta da Cultura por motivos pessoais - Regi\u00e3o News","og_description":"Foto \u2013 Cl\u00e9ber Teixeira, que deixou a Secret\u00e1ria de Cultura","og_url":"https:\/\/regiaonews.net.br\/2022\/2021\/01\/25\/secretario-deixa-a-pasta-da-cultura-por-motivos-pessoais\/","og_site_name":"Regi\u00e3o News","article_published_time":"2021-01-25T14:40:24+00:00","og_image":[{"width":800,"height":800,"url":"https:\/\/regiaonews.net.br\/2022\/wp-content\/uploads\/2021\/01\/8293b4fc-1f37-44b1-9d9b-598d4d2bbcfa.jpg","type":"image\/jpeg"}],"author":"Roberto","twitter_card":"summary_large_image","twitter_misc":{"Escrito por":"Roberto","Est. tempo de leitura":"1 minuto"},"schema":{"@context":"https:\/\/schema.org","@graph":[{"@type":"Article","@id":"https:\/\/regiaonews.net.br\/2022\/2021\/01\/25\/secretario-deixa-a-pasta-da-cultura-por-motivos-pessoais\/#article","isPartOf":{"@id":"https:\/\/regiaonews.net.br\/2022\/2021\/01\/25\/secretario-deixa-a-pasta-da-cultura-por-motivos-pessoais\/"},"author":{"name":"Roberto","@id":"https:\/\/regiaonews.net.br\/2022\/#\/schema\/person\/2d205a608a5aa97ac279d7a5e6d89ad8"},"headline":"Secret\u00e1rio deixa a pasta da Cultura por motivos pessoais","datePublished":"2021-01-25T14:40:24+00:00","mainEntityOfPage":{"@id":"https:\/\/regiaonews.net.br\/2022\/2021\/01\/25\/secretario-deixa-a-pasta-da-cultura-por-motivos-pessoais\/"},"wordCount":155,"commentCount":0,"publisher":{"@id":"https:\/\/regiaonews.net.br\/2022\/#organization"},"image":{"@id":"https:\/\/regiaonews.net.br\/2022\/2021\/01\/25\/secretario-deixa-a-pasta-da-cultura-por-motivos-pessoais\/#primaryimage"},"thumbnailUrl":"https:\/\/regiaonews.net.br\/2022\/wp-content\/uploads\/2021\/01\/8293b4fc-1f37-44b1-9d9b-598d4d2bbcfa.jpg","articleSection":["Barretos","Cidades"],"inLanguage":"pt-BR","potentialAction":[{"@type":"CommentAction","name":"Comment","target":["https:\/\/regiaonews.net.br\/2022\/2021\/01\/25\/secretario-deixa-a-pasta-da-cultura-por-motivos-pessoais\/#respond"]}]},{"@type":"WebPage","@id":"https:\/\/regiaonews.net.br\/2022\/2021\/01\/25\/secretario-deixa-a-pasta-da-cultura-por-motivos-pessoais\/","url":"https:\/\/regiaonews.net.br\/2022\/2021\/01\/25\/secretario-deixa-a-pasta-da-cultura-por-motivos-pessoais\/","name":"Secret\u00e1rio deixa a pasta da Cultura por motivos pessoais - Regi\u00e3o News","isPartOf":{"@id":"https:\/\/regiaonews.net.br\/2022\/#website"},"primaryImageOfPage":{"@id":"https:\/\/regiaonews.net.br\/2022\/2021\/01\/25\/secretario-deixa-a-pasta-da-cultura-por-motivos-pessoais\/#primaryimage"},"image":{"@id":"https:\/\/regiaonews.net.br\/2022\/2021\/01\/25\/secretario-deixa-a-pasta-da-cultura-por-motivos-pessoais\/#primaryimage"},"thumbnailUrl":"https:\/\/regiaonews.net.br\/2022\/wp-content\/uploads\/2021\/01\/8293b4fc-1f37-44b1-9d9b-598d4d2bbcfa.jpg","datePublished":"2021-01-25T14:40:24+00:00","breadcrumb":{"@id":"https:\/\/regiaonews.net.br\/2022\/2021\/01\/25\/secretario-deixa-a-pasta-da-cultura-por-motivos-pessoais\/#breadcrumb"},"inLanguage":"pt-BR","potentialAction":[{"@type":"ReadAction","target":["https:\/\/regiaonews.net.br\/2022\/2021\/01\/25\/secretario-deixa-a-pasta-da-cultura-por-motivos-pessoais\/"]}]},{"@type":"ImageObject","inLanguage":"pt-BR","@id":"https:\/\/regiaonews.net.br\/2022\/2021\/01\/25\/secretario-deixa-a-pasta-da-cultura-por-motivos-pessoais\/#primaryimage","url":"https:\/\/regiaonews.net.br\/2022\/wp-content\/uploads\/2021\/01\/8293b4fc-1f37-44b1-9d9b-598d4d2bbcfa.jpg","contentUrl":"https:\/\/regiaonews.net.br\/2022\/wp-content\/uploads\/2021\/01\/8293b4fc-1f37-44b1-9d9b-598d4d2bbcfa.jpg","width":800,"height":800},{"@type":"BreadcrumbList","@id":"https:\/\/regiaonews.net.br\/2022\/2021\/01\/25\/secretario-deixa-a-pasta-da-cultura-por-motivos-pessoais\/#breadcrumb","itemListElement":[{"@type":"ListItem","position":1,"name":"In\u00edcio","item":"https:\/\/regiaonews.net.br\/2022\/"},{"@type":"ListItem","position":2,"name":"Secret\u00e1rio deixa a pasta da Cultura por motivos pessoais"}]},{"@type":"WebSite","@id":"https:\/\/regiaonews.net.br\/2022\/#website","url":"https:\/\/regiaonews.net.br\/2022\/","name":"Regi\u00e3o News","description":"Site de Not\u00edcias de Barretos e regi\u00e3o","publisher":{"@id":"https:\/\/regiaonews.net.br\/2022\/#organization"},"potentialAction":[{"@type":"SearchAction","target":{"@type":"EntryPoint","urlTemplate":"https:\/\/regiaonews.net.br\/2022\/?s={search_term_string}"},"query-input":{"@type":"PropertyValueSpecification","valueRequired":true,"valueName":"search_term_string"}}],"inLanguage":"pt-BR"},{"@type":"Organization","@id":"https:\/\/regiaonews.net.br\/2022\/#organization","name":"Regi\u00e3o News","url":"https:\/\/regiaonews.net.br\/2022\/","logo":{"@type":"ImageObject","inLanguage":"pt-BR","@id":"https:\/\/regiaonews.net.br\/2022\/#\/schema\/logo\/image\/","url":"https:\/\/regiaonews.net.br\/2022\/wp-content\/uploads\/2026\/03\/regiao-13-anos-scaled.jpg","contentUrl":"https:\/\/regiaonews.net.br\/2022\/wp-content\/uploads\/2026\/03\/regiao-13-anos-scaled.jpg","width":2560,"height":635,"caption":"Regi\u00e3o News"},"image":{"@id":"https:\/\/regiaonews.net.br\/2022\/#\/schema\/logo\/image\/"}},{"@type":"Person","@id":"https:\/\/regiaonews.net.br\/2022\/#\/schema\/person\/2d205a608a5aa97ac279d7a5e6d89ad8","name":"Roberto","image":{"@type":"ImageObject","inLanguage":"pt-BR","@id":"https:\/\/secure.gravatar.com\/avatar\/42749d8b712ff9d59ca93dc150494e5b55a44134482993f5baeb97e61b7ecc89?s=96&d=mm&r=g","url":"https:\/\/secure.gravatar.com\/avatar\/42749d8b712ff9d59ca93dc150494e5b55a44134482993f5baeb97e61b7ecc89?s=96&d=mm&r=g","contentUrl":"https:\/\/secure.gravatar.com\/avatar\/42749d8b712ff9d59ca93dc150494e5b55a44134482993f5baeb97e61b7ecc89?s=96&d=mm&r=g","caption":"Roberto"},"url":"https:\/\/regiaonews.net.br\/2022\/author\/roberto\/"}]}},"publishpress_future_action":{"enabled":false,"date":"2026-05-03 17:23:53","action":"change-status","newStatus":"draft","terms":[],"taxonomy":"category","extraData":[]},"publishpress_future_workflow_manual_trigger":{"enabledWorkflows":[]},"_links":{"self":[{"href":"https:\/\/regiaonews.net.br\/2022\/wp-json\/wp\/v2\/posts\/42225","targetHints":{"allow":["GET"]}}],"collection":[{"href":"https:\/\/regiaonews.net.br\/2022\/wp-json\/wp\/v2\/posts"}],"about":[{"href":"https:\/\/regiaonews.net.br\/2022\/wp-json\/wp\/v2\/types\/post"}],"author":[{"embeddable":true,"href":"https:\/\/regiaonews.net.br\/2022\/wp-json\/wp\/v2\/users\/2"}],"replies":[{"embeddable":true,"href":"https:\/\/regiaonews.net.br\/2022\/wp-json\/wp\/v2\/comments?post=42225"}],"version-history":[{"count":0,"href":"https:\/\/regiaonews.net.br\/2022\/wp-json\/wp\/v2\/posts\/42225\/revisions"}],"wp:featuredmedia":[{"embeddable":true,"href":"https:\/\/regiaonews.net.br\/2022\/wp-json\/wp\/v2\/media\/42226"}],"wp:attachment":[{"href":"https:\/\/regiaonews.net.br\/2022\/wp-json\/wp\/v2\/media?parent=42225"}],"wp:term":[{"taxonomy":"category","embeddable":true,"href":"https:\/\/regiaonews.net.br\/2022\/wp-json\/wp\/v2\/categories?post=42225"},{"taxonomy":"post_tag","embeddable":true,"href":"https:\/\/regiaonews.net.br\/2022\/wp-json\/wp\/v2\/tags?post=42225"}],"curies":[{"name":"wp","href":"https:\/\/api.w.org\/{rel}","templated":true}]}}