{"id":42201,"date":"2021-01-24T13:09:59","date_gmt":"2021-01-24T16:09:59","guid":{"rendered":"https:\/\/regiaonews.net.br\/2022\/?p=42201"},"modified":"2021-01-24T17:00:59","modified_gmt":"2021-01-24T20:00:59","slug":"queda-de-aviao-tira-a-vida-do-presidente-e-quatro-jogadores-do-palmas","status":"publish","type":"post","link":"https:\/\/regiaonews.net.br\/2022\/2021\/01\/24\/queda-de-aviao-tira-a-vida-do-presidente-e-quatro-jogadores-do-palmas\/","title":{"rendered":"Queda de avi\u00e3o tira a vida do presidente e quatro jogadores do Palmas, entre eles, o barretense Guilherme No\u00e9"},"content":{"rendered":"<blockquote><p><a href=\"https:\/\/regiaonews.net.br\/2022\/wp-content\/uploads\/2021\/01\/whatsapp-image-2021-01-24-at-10.11.13-am.jpeg\"><img loading=\"lazy\" decoding=\"async\" class=\"alignnone size-medium wp-image-42206\" src=\"https:\/\/regiaonews.net.br\/2022\/wp-content\/uploads\/2021\/01\/whatsapp-image-2021-01-24-at-10.11.13-am-225x300.jpeg\" alt=\"\" width=\"225\" height=\"300\" \/><\/a><a href=\"https:\/\/regiaonews.net.br\/2022\/wp-content\/uploads\/2021\/01\/IMG-20210124-WA0109.jpg\"><img loading=\"lazy\" decoding=\"async\" class=\"alignnone size-medium wp-image-42202\" src=\"https:\/\/regiaonews.net.br\/2022\/wp-content\/uploads\/2021\/01\/IMG-20210124-WA0109-269x300.jpg\" alt=\"\" width=\"269\" height=\"300\" \/><\/a><\/p>\n<p>Gulherme No\u00e9<\/p><\/blockquote>\n<p>&nbsp;<\/p>\n<div class=\"mc-column content-text active-extra-styles \" data-block-type=\"unstyled\" data-block-weight=\"66\" data-block-id=\"2\">\n<p class=\"content-text__container \" data-track-category=\"Link no Texto\" data-track-links=\"\">Um avi\u00e3o com parte da equipe do Palmas Futebol e Regatas, time da S\u00e9rie D, caiu na manh\u00e3 deste domingo (24), pouco ap\u00f3s decolar, no distrito de Luzimangues, em Porto Nacional (TO). Um v\u00eddeo feito no local do acidente mostra<a href=\"https:\/\/g1.globo.com\/to\/tocantins\/noticia\/2021\/01\/24\/video-mostra-aviao-que-levava-parte-do-time-do-palmas-pegando-fogo-logo-apos-cair.ghtml\">\u00a0a aeronave em chamas logo ap\u00f3s a queda<\/a>. Quatro jogadores, o presidente da agremia\u00e7\u00e3o, Lucas Meira, de 32 anos, e o piloto da aeronave morreram.<\/p>\n<\/div>\n<div class=\"wall protected-content\">\n<div class=\"mc-column content-text active-extra-styles \" data-block-type=\"unstyled\" data-block-weight=\"32\" data-block-id=\"3\">\n<p class=\"content-text__container \" data-track-category=\"Link no Texto\" data-track-links=\"\">Os atletas que morreram s\u00e3o Lucas Praxedes, de 23 anos; Guilherme No\u00e9, de 28 anos, que \u00e9 de Barretos e tem fam\u00edlia que reside no Christiano Carvalho; Ranule, de 27 anos e Marcus Molinari, de 23 anos. O piloto foi identificado como Comandante Wagner.<\/p>\n<\/div>\n<div class=\"mc-column content-text active-extra-styles \" data-block-type=\"unstyled\" data-block-weight=\"37\" data-block-id=\"5\">\n<p class=\"content-text__container \" data-track-category=\"Link no Texto\" data-track-links=\"\">A equipe enfrentaria o Vila Nova pela Copa Verde em Goi\u00e2nia. A partida estava programada para esta segunda-feira (25). O Vila Nova emitiu nota lamentando o acidente e informando que vai colaborar para o adiamento da partida.<\/p>\n<\/div>\n<div class=\"row medium-uncollapsed content-media content-photo\" data-block-type=\"backstage-photo\" data-block-id=\"6\">\n<div class=\"mc-column content-media__container\">\n<figure><img decoding=\"async\" class=\"i-amphtml-fill-content i-amphtml-replaced-content\" src=\"https:\/\/s2.glbimg.com\/_UmW51xr2kQciMKjWW1xyMVJ2HA=\/0x0:1346x755\/984x0\/smart\/filters:strip_icc()\/i.s3.glbimg.com\/v1\/AUTH_59edd422c0c84a879bd37670ae4f538a\/internal_photos\/bs\/2021\/R\/Q\/KozbhXTeAtdDc4GLEhdA\/acidente.png\" sizes=\"(max-width: 376px) 312px, 100vw\" srcset=\"https:\/\/s2.glbimg.com\/laBnh9uub76bhZcXlbFA6nZQB0s=\/0x0:1346x755\/1000x0\/smart\/filters:strip_icc()\/i.s3.glbimg.com\/v1\/AUTH_59edd422c0c84a879bd37670ae4f538a\/internal_photos\/bs\/2021\/R\/Q\/KozbhXTeAtdDc4GLEhdA\/acidente.png 1000w, https:\/\/s2.glbimg.com\/_UmW51xr2kQciMKjWW1xyMVJ2HA=\/0x0:1346x755\/984x0\/smart\/filters:strip_icc()\/i.s3.glbimg.com\/v1\/AUTH_59edd422c0c84a879bd37670ae4f538a\/internal_photos\/bs\/2021\/R\/Q\/KozbhXTeAtdDc4GLEhdA\/acidente.png 984w, https:\/\/s2.glbimg.com\/U0o5NqiFKpbuzIvwXOJ3CxknSxw=\/0x0:1346x755\/640x0\/smart\/filters:strip_icc()\/i.s3.glbimg.com\/v1\/AUTH_59edd422c0c84a879bd37670ae4f538a\/internal_photos\/bs\/2021\/R\/Q\/KozbhXTeAtdDc4GLEhdA\/acidente.png 640w, https:\/\/s2.glbimg.com\/imD1r2VczJhfTKjcV2Su4fOgu5M=\/0x0:1346x755\/600x0\/smart\/filters:strip_icc()\/i.s3.glbimg.com\/v1\/AUTH_59edd422c0c84a879bd37670ae4f538a\/internal_photos\/bs\/2021\/R\/Q\/KozbhXTeAtdDc4GLEhdA\/acidente.png 600w\" alt=\"Avi\u00e3o caiu logo ap\u00f3s a cabeceira da pista \u2014 Foto: Rodrigo Noleto\/Divulga\u00e7\u00e3o\" \/><\/figure>\n<p class=\"content-media__description \">Avi\u00e3o caiu logo ap\u00f3s a cabeceira da pista \u2014 Foto: Rodrigo Noleto\/Divulga\u00e7\u00e3o<\/p>\n<\/div>\n<\/div>\n<div class=\"mc-column content-text active-extra-styles \" data-block-type=\"unstyled\" data-block-weight=\"29\" data-block-id=\"8\">\n<p class=\"content-text__container \" data-track-category=\"Link no Texto\" data-track-links=\"\">Imagens feitas no local mostram que a aeronave ficou completamente destru\u00edda com o choque. Al\u00e9m do IML e dos Bombeiros, equipes da Pol\u00edcia Militar est\u00e3o no local prestando apoio.<\/p>\n<\/div>\n<div class=\"mc-column content-text active-extra-styles \" data-block-type=\"unstyled\" data-block-weight=\"44\" data-block-id=\"9\">\n<p class=\"content-text__container \" data-track-category=\"Link no Texto\" data-track-links=\"\">O presidente do time, Lucas Meira, chegou a ser candidato a vice-prefeito de Palmas na chapa da vencedora das elei\u00e7\u00f5es Cinthia Ribeiro (PSDB). Ele acabou deixando a coliga\u00e7\u00e3o alegando motivos pessoais. A prefeita emitiu nota lamentando o acidente e se solidarizando com as fam\u00edlias.<\/p>\n<\/div>\n<div class=\"mc-column content-text active-extra-styles \" data-block-type=\"unstyled\" data-block-weight=\"9\" data-block-id=\"11\">\n<p class=\"content-text__container \" data-track-category=\"Link no Texto\" data-track-links=\"\">Veja a nota divulgada pelo Palmas Futebol e Regatas:<\/p>\n<\/div>\n<div class=\"mc-column content-text active-extra-styles \" data-block-type=\"unstyled\" data-block-weight=\"118\" data-block-id=\"12\">\n<p class=\"content-text__container \" data-track-category=\"Link no Texto\" data-track-links=\"\"><em>O Palmas Futebol e Regatas vem por meio desta informar que por volta das 8h15 da manh\u00e3 deste domingo, 24, ocorreu um acidente a\u00e9reo envolvendo o presidente do clube Lucas Meira, quando decolava para Goi\u00e2nia, para a partida entre Vila Nova x Palmas nesta segunda, 25, v\u00e1lida pela Copa Verde. O avi\u00e3o em que Lucas estava junto com o comandante Wagner e os atletas Lucas Praxedes, Guilherme No\u00e9, Ranule e Marcus Molinari, decolou e caiu no final da pista da Associa\u00e7\u00e3o Tocantinense de Avia\u00e7\u00e3o. Lamentamos informar que n\u00e3o h\u00e1 sobreviventes. Neste momento de dor e consterna\u00e7\u00e3o, o clube pede ora\u00e7\u00f5es pelos familiares aos quais prestar\u00e1 os devidos apoios, e ressalta que no momento oportuno voltar\u00e1 a se pronunciar<\/em><\/p>\n<\/div>\n<div class=\"mc-column\" data-block-type=\"ads\" data-block-id=\"13\">\n<div class=\"content-ads\">\n<div id=\"banner_materia__e639279f-e16a-45a7-9839-a86df3889176\" class=\"tag-manager-publicidade-container mc-has-ad-lazyload tag-manager-publicidade-banner_materia__e639279f-e16a-45a7-9839-a86df3889176 tag-manager-publicidade-container--carregado tag-manager-publicidade-container--visivel\" data-id=\"banner_materia__e639279f-e16a-45a7-9839-a86df3889176\" data-req=\"true\" data-google-query-id=\"COGfvdr6tO4CFUsHuQYddvsIrg\" data-cid=\"138337955371\" data-lid=\"5595459997\">Fonte &#8211; G1<\/div>\n<\/div>\n<\/div>\n<\/div>\n<p>&nbsp;<\/p>\n","protected":false},"excerpt":{"rendered":"<p>Gulherme No\u00e9 &nbsp; Um avi\u00e3o com parte da equipe do<\/p>\n","protected":false},"author":2,"featured_media":42206,"comment_status":"open","ping_status":"open","sticky":false,"template":"","format":"standard","meta":{"footnotes":""},"categories":[24,25,23],"tags":[],"class_list":["post-42201","post","type-post","status-publish","format-standard","has-post-thumbnail","hentry","category-brasil","category-cidades","category-policia"],"yoast_head":"<!-- This site is optimized with the Yoast SEO plugin v27.4 - https:\/\/yoast.com\/product\/yoast-seo-wordpress\/ -->\n<title>Queda de avi\u00e3o tira a vida do presidente e quatro jogadores do Palmas, entre eles, o barretense Guilherme No\u00e9 - Regi\u00e3o News<\/title>\n<meta name=\"robots\" content=\"index, follow, max-snippet:-1, max-image-preview:large, max-video-preview:-1\" \/>\n<link rel=\"canonical\" href=\"https:\/\/regiaonews.net.br\/2022\/2021\/01\/24\/queda-de-aviao-tira-a-vida-do-presidente-e-quatro-jogadores-do-palmas\/\" \/>\n<meta property=\"og:locale\" content=\"pt_BR\" \/>\n<meta property=\"og:type\" content=\"article\" \/>\n<meta property=\"og:title\" content=\"Queda de avi\u00e3o tira a vida do presidente e quatro jogadores do Palmas, entre eles, o barretense Guilherme No\u00e9 - Regi\u00e3o News\" \/>\n<meta property=\"og:description\" content=\"Gulherme No\u00e9 &nbsp; Um avi\u00e3o com parte da equipe do\" \/>\n<meta property=\"og:url\" content=\"https:\/\/regiaonews.net.br\/2022\/2021\/01\/24\/queda-de-aviao-tira-a-vida-do-presidente-e-quatro-jogadores-do-palmas\/\" \/>\n<meta property=\"og:site_name\" content=\"Regi\u00e3o News\" \/>\n<meta property=\"article:published_time\" content=\"2021-01-24T16:09:59+00:00\" \/>\n<meta property=\"article:modified_time\" content=\"2021-01-24T20:00:59+00:00\" \/>\n<meta property=\"og:image\" content=\"https:\/\/regiaonews.net.br\/2022\/wp-content\/uploads\/2021\/01\/whatsapp-image-2021-01-24-at-10.11.13-am.jpeg\" \/>\n\t<meta property=\"og:image:width\" content=\"984\" \/>\n\t<meta property=\"og:image:height\" content=\"1312\" \/>\n\t<meta property=\"og:image:type\" content=\"image\/jpeg\" \/>\n<meta name=\"author\" content=\"Roberto\" \/>\n<meta name=\"twitter:card\" content=\"summary_large_image\" \/>\n<meta name=\"twitter:label1\" content=\"Escrito por\" \/>\n\t<meta name=\"twitter:data1\" content=\"Roberto\" \/>\n\t<meta name=\"twitter:label2\" content=\"Est. tempo de leitura\" \/>\n\t<meta name=\"twitter:data2\" content=\"2 minutos\" \/>\n<script type=\"application\/ld+json\" class=\"yoast-schema-graph\">{\"@context\":\"https:\\\/\\\/schema.org\",\"@graph\":[{\"@type\":\"Article\",\"@id\":\"https:\\\/\\\/regiaonews.net.br\\\/2022\\\/2021\\\/01\\\/24\\\/queda-de-aviao-tira-a-vida-do-presidente-e-quatro-jogadores-do-palmas\\\/#article\",\"isPartOf\":{\"@id\":\"https:\\\/\\\/regiaonews.net.br\\\/2022\\\/2021\\\/01\\\/24\\\/queda-de-aviao-tira-a-vida-do-presidente-e-quatro-jogadores-do-palmas\\\/\"},\"author\":{\"name\":\"Roberto\",\"@id\":\"https:\\\/\\\/regiaonews.net.br\\\/2022\\\/#\\\/schema\\\/person\\\/2d205a608a5aa97ac279d7a5e6d89ad8\"},\"headline\":\"Queda de avi\u00e3o tira a vida do presidente e quatro jogadores do Palmas, entre eles, o barretense Guilherme No\u00e9\",\"datePublished\":\"2021-01-24T16:09:59+00:00\",\"dateModified\":\"2021-01-24T20:00:59+00:00\",\"mainEntityOfPage\":{\"@id\":\"https:\\\/\\\/regiaonews.net.br\\\/2022\\\/2021\\\/01\\\/24\\\/queda-de-aviao-tira-a-vida-do-presidente-e-quatro-jogadores-do-palmas\\\/\"},\"wordCount\":403,\"commentCount\":0,\"publisher\":{\"@id\":\"https:\\\/\\\/regiaonews.net.br\\\/2022\\\/#organization\"},\"image\":{\"@id\":\"https:\\\/\\\/regiaonews.net.br\\\/2022\\\/2021\\\/01\\\/24\\\/queda-de-aviao-tira-a-vida-do-presidente-e-quatro-jogadores-do-palmas\\\/#primaryimage\"},\"thumbnailUrl\":\"https:\\\/\\\/regiaonews.net.br\\\/2022\\\/wp-content\\\/uploads\\\/2021\\\/01\\\/whatsapp-image-2021-01-24-at-10.11.13-am.jpeg\",\"articleSection\":[\"Brasil\",\"Cidades\",\"Policia\"],\"inLanguage\":\"pt-BR\",\"potentialAction\":[{\"@type\":\"CommentAction\",\"name\":\"Comment\",\"target\":[\"https:\\\/\\\/regiaonews.net.br\\\/2022\\\/2021\\\/01\\\/24\\\/queda-de-aviao-tira-a-vida-do-presidente-e-quatro-jogadores-do-palmas\\\/#respond\"]}]},{\"@type\":\"WebPage\",\"@id\":\"https:\\\/\\\/regiaonews.net.br\\\/2022\\\/2021\\\/01\\\/24\\\/queda-de-aviao-tira-a-vida-do-presidente-e-quatro-jogadores-do-palmas\\\/\",\"url\":\"https:\\\/\\\/regiaonews.net.br\\\/2022\\\/2021\\\/01\\\/24\\\/queda-de-aviao-tira-a-vida-do-presidente-e-quatro-jogadores-do-palmas\\\/\",\"name\":\"Queda de avi\u00e3o tira a vida do presidente e quatro jogadores do Palmas, entre eles, o barretense Guilherme No\u00e9 - Regi\u00e3o News\",\"isPartOf\":{\"@id\":\"https:\\\/\\\/regiaonews.net.br\\\/2022\\\/#website\"},\"primaryImageOfPage\":{\"@id\":\"https:\\\/\\\/regiaonews.net.br\\\/2022\\\/2021\\\/01\\\/24\\\/queda-de-aviao-tira-a-vida-do-presidente-e-quatro-jogadores-do-palmas\\\/#primaryimage\"},\"image\":{\"@id\":\"https:\\\/\\\/regiaonews.net.br\\\/2022\\\/2021\\\/01\\\/24\\\/queda-de-aviao-tira-a-vida-do-presidente-e-quatro-jogadores-do-palmas\\\/#primaryimage\"},\"thumbnailUrl\":\"https:\\\/\\\/regiaonews.net.br\\\/2022\\\/wp-content\\\/uploads\\\/2021\\\/01\\\/whatsapp-image-2021-01-24-at-10.11.13-am.jpeg\",\"datePublished\":\"2021-01-24T16:09:59+00:00\",\"dateModified\":\"2021-01-24T20:00:59+00:00\",\"breadcrumb\":{\"@id\":\"https:\\\/\\\/regiaonews.net.br\\\/2022\\\/2021\\\/01\\\/24\\\/queda-de-aviao-tira-a-vida-do-presidente-e-quatro-jogadores-do-palmas\\\/#breadcrumb\"},\"inLanguage\":\"pt-BR\",\"potentialAction\":[{\"@type\":\"ReadAction\",\"target\":[\"https:\\\/\\\/regiaonews.net.br\\\/2022\\\/2021\\\/01\\\/24\\\/queda-de-aviao-tira-a-vida-do-presidente-e-quatro-jogadores-do-palmas\\\/\"]}]},{\"@type\":\"ImageObject\",\"inLanguage\":\"pt-BR\",\"@id\":\"https:\\\/\\\/regiaonews.net.br\\\/2022\\\/2021\\\/01\\\/24\\\/queda-de-aviao-tira-a-vida-do-presidente-e-quatro-jogadores-do-palmas\\\/#primaryimage\",\"url\":\"https:\\\/\\\/regiaonews.net.br\\\/2022\\\/wp-content\\\/uploads\\\/2021\\\/01\\\/whatsapp-image-2021-01-24-at-10.11.13-am.jpeg\",\"contentUrl\":\"https:\\\/\\\/regiaonews.net.br\\\/2022\\\/wp-content\\\/uploads\\\/2021\\\/01\\\/whatsapp-image-2021-01-24-at-10.11.13-am.jpeg\",\"width\":984,\"height\":1312},{\"@type\":\"BreadcrumbList\",\"@id\":\"https:\\\/\\\/regiaonews.net.br\\\/2022\\\/2021\\\/01\\\/24\\\/queda-de-aviao-tira-a-vida-do-presidente-e-quatro-jogadores-do-palmas\\\/#breadcrumb\",\"itemListElement\":[{\"@type\":\"ListItem\",\"position\":1,\"name\":\"In\u00edcio\",\"item\":\"https:\\\/\\\/regiaonews.net.br\\\/2022\\\/\"},{\"@type\":\"ListItem\",\"position\":2,\"name\":\"Queda de avi\u00e3o tira a vida do presidente e quatro jogadores do Palmas, entre eles, o barretense Guilherme No\u00e9\"}]},{\"@type\":\"WebSite\",\"@id\":\"https:\\\/\\\/regiaonews.net.br\\\/2022\\\/#website\",\"url\":\"https:\\\/\\\/regiaonews.net.br\\\/2022\\\/\",\"name\":\"Regi\u00e3o News\",\"description\":\"Site de Not\u00edcias de Barretos e regi\u00e3o\",\"publisher\":{\"@id\":\"https:\\\/\\\/regiaonews.net.br\\\/2022\\\/#organization\"},\"potentialAction\":[{\"@type\":\"SearchAction\",\"target\":{\"@type\":\"EntryPoint\",\"urlTemplate\":\"https:\\\/\\\/regiaonews.net.br\\\/2022\\\/?s={search_term_string}\"},\"query-input\":{\"@type\":\"PropertyValueSpecification\",\"valueRequired\":true,\"valueName\":\"search_term_string\"}}],\"inLanguage\":\"pt-BR\"},{\"@type\":\"Organization\",\"@id\":\"https:\\\/\\\/regiaonews.net.br\\\/2022\\\/#organization\",\"name\":\"Regi\u00e3o News\",\"url\":\"https:\\\/\\\/regiaonews.net.br\\\/2022\\\/\",\"logo\":{\"@type\":\"ImageObject\",\"inLanguage\":\"pt-BR\",\"@id\":\"https:\\\/\\\/regiaonews.net.br\\\/2022\\\/#\\\/schema\\\/logo\\\/image\\\/\",\"url\":\"https:\\\/\\\/regiaonews.net.br\\\/2022\\\/wp-content\\\/uploads\\\/2026\\\/03\\\/regiao-13-anos-scaled.jpg\",\"contentUrl\":\"https:\\\/\\\/regiaonews.net.br\\\/2022\\\/wp-content\\\/uploads\\\/2026\\\/03\\\/regiao-13-anos-scaled.jpg\",\"width\":2560,\"height\":635,\"caption\":\"Regi\u00e3o News\"},\"image\":{\"@id\":\"https:\\\/\\\/regiaonews.net.br\\\/2022\\\/#\\\/schema\\\/logo\\\/image\\\/\"}},{\"@type\":\"Person\",\"@id\":\"https:\\\/\\\/regiaonews.net.br\\\/2022\\\/#\\\/schema\\\/person\\\/2d205a608a5aa97ac279d7a5e6d89ad8\",\"name\":\"Roberto\",\"image\":{\"@type\":\"ImageObject\",\"inLanguage\":\"pt-BR\",\"@id\":\"https:\\\/\\\/secure.gravatar.com\\\/avatar\\\/42749d8b712ff9d59ca93dc150494e5b55a44134482993f5baeb97e61b7ecc89?s=96&d=mm&r=g\",\"url\":\"https:\\\/\\\/secure.gravatar.com\\\/avatar\\\/42749d8b712ff9d59ca93dc150494e5b55a44134482993f5baeb97e61b7ecc89?s=96&d=mm&r=g\",\"contentUrl\":\"https:\\\/\\\/secure.gravatar.com\\\/avatar\\\/42749d8b712ff9d59ca93dc150494e5b55a44134482993f5baeb97e61b7ecc89?s=96&d=mm&r=g\",\"caption\":\"Roberto\"},\"url\":\"https:\\\/\\\/regiaonews.net.br\\\/2022\\\/author\\\/roberto\\\/\"}]}<\/script>\n<!-- \/ Yoast SEO plugin. -->","yoast_head_json":{"title":"Queda de avi\u00e3o tira a vida do presidente e quatro jogadores do Palmas, entre eles, o barretense Guilherme No\u00e9 - Regi\u00e3o News","robots":{"index":"index","follow":"follow","max-snippet":"max-snippet:-1","max-image-preview":"max-image-preview:large","max-video-preview":"max-video-preview:-1"},"canonical":"https:\/\/regiaonews.net.br\/2022\/2021\/01\/24\/queda-de-aviao-tira-a-vida-do-presidente-e-quatro-jogadores-do-palmas\/","og_locale":"pt_BR","og_type":"article","og_title":"Queda de avi\u00e3o tira a vida do presidente e quatro jogadores do Palmas, entre eles, o barretense Guilherme No\u00e9 - Regi\u00e3o News","og_description":"Gulherme No\u00e9 &nbsp; Um avi\u00e3o com parte da equipe do","og_url":"https:\/\/regiaonews.net.br\/2022\/2021\/01\/24\/queda-de-aviao-tira-a-vida-do-presidente-e-quatro-jogadores-do-palmas\/","og_site_name":"Regi\u00e3o News","article_published_time":"2021-01-24T16:09:59+00:00","article_modified_time":"2021-01-24T20:00:59+00:00","og_image":[{"width":984,"height":1312,"url":"https:\/\/regiaonews.net.br\/2022\/wp-content\/uploads\/2021\/01\/whatsapp-image-2021-01-24-at-10.11.13-am.jpeg","type":"image\/jpeg"}],"author":"Roberto","twitter_card":"summary_large_image","twitter_misc":{"Escrito por":"Roberto","Est. tempo de leitura":"2 minutos"},"schema":{"@context":"https:\/\/schema.org","@graph":[{"@type":"Article","@id":"https:\/\/regiaonews.net.br\/2022\/2021\/01\/24\/queda-de-aviao-tira-a-vida-do-presidente-e-quatro-jogadores-do-palmas\/#article","isPartOf":{"@id":"https:\/\/regiaonews.net.br\/2022\/2021\/01\/24\/queda-de-aviao-tira-a-vida-do-presidente-e-quatro-jogadores-do-palmas\/"},"author":{"name":"Roberto","@id":"https:\/\/regiaonews.net.br\/2022\/#\/schema\/person\/2d205a608a5aa97ac279d7a5e6d89ad8"},"headline":"Queda de avi\u00e3o tira a vida do presidente e quatro jogadores do Palmas, entre eles, o barretense Guilherme No\u00e9","datePublished":"2021-01-24T16:09:59+00:00","dateModified":"2021-01-24T20:00:59+00:00","mainEntityOfPage":{"@id":"https:\/\/regiaonews.net.br\/2022\/2021\/01\/24\/queda-de-aviao-tira-a-vida-do-presidente-e-quatro-jogadores-do-palmas\/"},"wordCount":403,"commentCount":0,"publisher":{"@id":"https:\/\/regiaonews.net.br\/2022\/#organization"},"image":{"@id":"https:\/\/regiaonews.net.br\/2022\/2021\/01\/24\/queda-de-aviao-tira-a-vida-do-presidente-e-quatro-jogadores-do-palmas\/#primaryimage"},"thumbnailUrl":"https:\/\/regiaonews.net.br\/2022\/wp-content\/uploads\/2021\/01\/whatsapp-image-2021-01-24-at-10.11.13-am.jpeg","articleSection":["Brasil","Cidades","Policia"],"inLanguage":"pt-BR","potentialAction":[{"@type":"CommentAction","name":"Comment","target":["https:\/\/regiaonews.net.br\/2022\/2021\/01\/24\/queda-de-aviao-tira-a-vida-do-presidente-e-quatro-jogadores-do-palmas\/#respond"]}]},{"@type":"WebPage","@id":"https:\/\/regiaonews.net.br\/2022\/2021\/01\/24\/queda-de-aviao-tira-a-vida-do-presidente-e-quatro-jogadores-do-palmas\/","url":"https:\/\/regiaonews.net.br\/2022\/2021\/01\/24\/queda-de-aviao-tira-a-vida-do-presidente-e-quatro-jogadores-do-palmas\/","name":"Queda de avi\u00e3o tira a vida do presidente e quatro jogadores do Palmas, entre eles, o barretense Guilherme No\u00e9 - Regi\u00e3o News","isPartOf":{"@id":"https:\/\/regiaonews.net.br\/2022\/#website"},"primaryImageOfPage":{"@id":"https:\/\/regiaonews.net.br\/2022\/2021\/01\/24\/queda-de-aviao-tira-a-vida-do-presidente-e-quatro-jogadores-do-palmas\/#primaryimage"},"image":{"@id":"https:\/\/regiaonews.net.br\/2022\/2021\/01\/24\/queda-de-aviao-tira-a-vida-do-presidente-e-quatro-jogadores-do-palmas\/#primaryimage"},"thumbnailUrl":"https:\/\/regiaonews.net.br\/2022\/wp-content\/uploads\/2021\/01\/whatsapp-image-2021-01-24-at-10.11.13-am.jpeg","datePublished":"2021-01-24T16:09:59+00:00","dateModified":"2021-01-24T20:00:59+00:00","breadcrumb":{"@id":"https:\/\/regiaonews.net.br\/2022\/2021\/01\/24\/queda-de-aviao-tira-a-vida-do-presidente-e-quatro-jogadores-do-palmas\/#breadcrumb"},"inLanguage":"pt-BR","potentialAction":[{"@type":"ReadAction","target":["https:\/\/regiaonews.net.br\/2022\/2021\/01\/24\/queda-de-aviao-tira-a-vida-do-presidente-e-quatro-jogadores-do-palmas\/"]}]},{"@type":"ImageObject","inLanguage":"pt-BR","@id":"https:\/\/regiaonews.net.br\/2022\/2021\/01\/24\/queda-de-aviao-tira-a-vida-do-presidente-e-quatro-jogadores-do-palmas\/#primaryimage","url":"https:\/\/regiaonews.net.br\/2022\/wp-content\/uploads\/2021\/01\/whatsapp-image-2021-01-24-at-10.11.13-am.jpeg","contentUrl":"https:\/\/regiaonews.net.br\/2022\/wp-content\/uploads\/2021\/01\/whatsapp-image-2021-01-24-at-10.11.13-am.jpeg","width":984,"height":1312},{"@type":"BreadcrumbList","@id":"https:\/\/regiaonews.net.br\/2022\/2021\/01\/24\/queda-de-aviao-tira-a-vida-do-presidente-e-quatro-jogadores-do-palmas\/#breadcrumb","itemListElement":[{"@type":"ListItem","position":1,"name":"In\u00edcio","item":"https:\/\/regiaonews.net.br\/2022\/"},{"@type":"ListItem","position":2,"name":"Queda de avi\u00e3o tira a vida do presidente e quatro jogadores do Palmas, entre eles, o barretense Guilherme No\u00e9"}]},{"@type":"WebSite","@id":"https:\/\/regiaonews.net.br\/2022\/#website","url":"https:\/\/regiaonews.net.br\/2022\/","name":"Regi\u00e3o News","description":"Site de Not\u00edcias de Barretos e regi\u00e3o","publisher":{"@id":"https:\/\/regiaonews.net.br\/2022\/#organization"},"potentialAction":[{"@type":"SearchAction","target":{"@type":"EntryPoint","urlTemplate":"https:\/\/regiaonews.net.br\/2022\/?s={search_term_string}"},"query-input":{"@type":"PropertyValueSpecification","valueRequired":true,"valueName":"search_term_string"}}],"inLanguage":"pt-BR"},{"@type":"Organization","@id":"https:\/\/regiaonews.net.br\/2022\/#organization","name":"Regi\u00e3o News","url":"https:\/\/regiaonews.net.br\/2022\/","logo":{"@type":"ImageObject","inLanguage":"pt-BR","@id":"https:\/\/regiaonews.net.br\/2022\/#\/schema\/logo\/image\/","url":"https:\/\/regiaonews.net.br\/2022\/wp-content\/uploads\/2026\/03\/regiao-13-anos-scaled.jpg","contentUrl":"https:\/\/regiaonews.net.br\/2022\/wp-content\/uploads\/2026\/03\/regiao-13-anos-scaled.jpg","width":2560,"height":635,"caption":"Regi\u00e3o News"},"image":{"@id":"https:\/\/regiaonews.net.br\/2022\/#\/schema\/logo\/image\/"}},{"@type":"Person","@id":"https:\/\/regiaonews.net.br\/2022\/#\/schema\/person\/2d205a608a5aa97ac279d7a5e6d89ad8","name":"Roberto","image":{"@type":"ImageObject","inLanguage":"pt-BR","@id":"https:\/\/secure.gravatar.com\/avatar\/42749d8b712ff9d59ca93dc150494e5b55a44134482993f5baeb97e61b7ecc89?s=96&d=mm&r=g","url":"https:\/\/secure.gravatar.com\/avatar\/42749d8b712ff9d59ca93dc150494e5b55a44134482993f5baeb97e61b7ecc89?s=96&d=mm&r=g","contentUrl":"https:\/\/secure.gravatar.com\/avatar\/42749d8b712ff9d59ca93dc150494e5b55a44134482993f5baeb97e61b7ecc89?s=96&d=mm&r=g","caption":"Roberto"},"url":"https:\/\/regiaonews.net.br\/2022\/author\/roberto\/"}]}},"publishpress_future_action":{"enabled":false,"date":"2026-05-03 13:52:32","action":"change-status","newStatus":"draft","terms":[],"taxonomy":"category","extraData":[]},"publishpress_future_workflow_manual_trigger":{"enabledWorkflows":[]},"_links":{"self":[{"href":"https:\/\/regiaonews.net.br\/2022\/wp-json\/wp\/v2\/posts\/42201","targetHints":{"allow":["GET"]}}],"collection":[{"href":"https:\/\/regiaonews.net.br\/2022\/wp-json\/wp\/v2\/posts"}],"about":[{"href":"https:\/\/regiaonews.net.br\/2022\/wp-json\/wp\/v2\/types\/post"}],"author":[{"embeddable":true,"href":"https:\/\/regiaonews.net.br\/2022\/wp-json\/wp\/v2\/users\/2"}],"replies":[{"embeddable":true,"href":"https:\/\/regiaonews.net.br\/2022\/wp-json\/wp\/v2\/comments?post=42201"}],"version-history":[{"count":0,"href":"https:\/\/regiaonews.net.br\/2022\/wp-json\/wp\/v2\/posts\/42201\/revisions"}],"wp:featuredmedia":[{"embeddable":true,"href":"https:\/\/regiaonews.net.br\/2022\/wp-json\/wp\/v2\/media\/42206"}],"wp:attachment":[{"href":"https:\/\/regiaonews.net.br\/2022\/wp-json\/wp\/v2\/media?parent=42201"}],"wp:term":[{"taxonomy":"category","embeddable":true,"href":"https:\/\/regiaonews.net.br\/2022\/wp-json\/wp\/v2\/categories?post=42201"},{"taxonomy":"post_tag","embeddable":true,"href":"https:\/\/regiaonews.net.br\/2022\/wp-json\/wp\/v2\/tags?post=42201"}],"curies":[{"name":"wp","href":"https:\/\/api.w.org\/{rel}","templated":true}]}}