{"id":42005,"date":"2021-01-19T13:40:30","date_gmt":"2021-01-19T16:40:30","guid":{"rendered":"https:\/\/regiaonews.net.br\/2022\/?p=42005"},"modified":"2021-01-19T13:40:30","modified_gmt":"2021-01-19T16:40:30","slug":"operacao-interior-mais-seguro-detem-172-pessoas-e-apreende-1916-kg-de-drogas","status":"publish","type":"post","link":"https:\/\/regiaonews.net.br\/2022\/2021\/01\/19\/operacao-interior-mais-seguro-detem-172-pessoas-e-apreende-1916-kg-de-drogas\/","title":{"rendered":"Opera\u00e7\u00e3o Interior Mais Seguro det\u00e9m 172 pessoas e apreende 191,6 kg de drogas"},"content":{"rendered":"<div>\n<h1 class=\"chapeu2 ng-binding\"><a href=\"https:\/\/regiaonews.net.br\/2022\/wp-content\/uploads\/2020\/09\/policia-militar-brasil-sao-paulo-bandeiras-de-mesa-panoplia-scaled.jpg\"><img loading=\"lazy\" decoding=\"async\" class=\"alignnone size-medium wp-image-37718\" src=\"https:\/\/regiaonews.net.br\/2022\/wp-content\/uploads\/2020\/09\/policia-militar-brasil-sao-paulo-bandeiras-de-mesa-panoplia-300x225.jpg\" alt=\"\" width=\"300\" height=\"225\" \/><\/a><\/h1>\n<h2 class=\"titulopreto ng-binding\">Vig\u00e9sima oitava edi\u00e7\u00e3o da a\u00e7\u00e3o contou com 14,5 mil PMs distribu\u00eddos em mais de 1,1 mil pontos<\/h2>\n<p><center><\/p>\n<h2 class=\"titulopreto ng-binding\"><span style=\"font-size: 16px;\">A Pol\u00edcia Militar desencadeou, nesta segunda-feira (18), a Opera\u00e7\u00e3o Interior Mais Seguro em todo o Estado de S\u00e3o Paulo, nas regi\u00f5es em que h\u00e1 \u00e1reas rurais, com a finalidade de garantir a continuidade da redu\u00e7\u00e3o dos indicadores criminais, aumentando a presen\u00e7a ostensiva para melhorar a percep\u00e7\u00e3o de seguran\u00e7a das pessoas e combater o crime.\u00a0 A a\u00e7\u00e3o se estendeu at\u00e9 a manh\u00e3 desta ter\u00e7a-feira (19).<\/span><\/h2>\n<p><\/center><\/div>\n<div id=\"notCorpo\" class=\"ng-binding\">\n<p>A opera\u00e7\u00e3o, que est\u00e1 em sua 28\u00aa edi\u00e7\u00e3o, contou com a mobiliza\u00e7\u00e3o de 14.509 policiais militares, com o emprego de 6.286 viaturas e 11 helic\u00f3pteros, distribu\u00eddos em 1.151 pontos. As equipes permaneceram em locais estrat\u00e9gicos nas \u00e1reas rurais, apontados pelo servi\u00e7o de intelig\u00eancia da PM, para sufocar poss\u00edveis a\u00e7\u00f5es de criminosos.<\/p>\n<p>Al\u00e9m do policiamento preventivo, tamb\u00e9m atuaram com foco em receber das comunidades rurais informa\u00e7\u00f5es que apontem melhorias da seguran\u00e7a local bem como os policiais militares foram agentes estimuladores do Programa Vizinhan\u00e7a Solid\u00e1ria.<\/p>\n<p>A a\u00e7\u00e3o resultou em 20.279 abordagens, sendo 122 pessoas presas e\/ou apreendidas e 50 foragidos capturados. Tamb\u00e9m houve a apreens\u00e3o de 191,6 quilos drogas. Mais de 9,2 mil ve\u00edculos foram vistoriados e 90 motoristas autuados por consumo de \u00e1lcool, recusa ao teste do baf\u00f4metro e embriaguez ao volante. A PM tamb\u00e9m recuperou 30 ve\u00edculos produtos de roubo ou furto e retirou das ruas 11 armas de fogo ilegais.<\/p>\n<\/div>\n","protected":false},"excerpt":{"rendered":"<p>Vig\u00e9sima oitava edi\u00e7\u00e3o da a\u00e7\u00e3o contou com 14,5 mil PMs<\/p>\n","protected":false},"author":2,"featured_media":37939,"comment_status":"open","ping_status":"open","sticky":false,"template":"","format":"standard","meta":{"footnotes":""},"categories":[25,7],"tags":[],"class_list":["post-42005","post","type-post","status-publish","format-standard","has-post-thumbnail","hentry","category-cidades","category-estado-de-sao-paulo"],"yoast_head":"<!-- This site is optimized with the Yoast SEO plugin v27.4 - https:\/\/yoast.com\/product\/yoast-seo-wordpress\/ -->\n<title>Opera\u00e7\u00e3o Interior Mais Seguro det\u00e9m 172 pessoas e apreende 191,6 kg de drogas - Regi\u00e3o News<\/title>\n<meta name=\"robots\" content=\"index, follow, max-snippet:-1, max-image-preview:large, max-video-preview:-1\" \/>\n<link rel=\"canonical\" href=\"https:\/\/regiaonews.net.br\/2022\/2021\/01\/19\/operacao-interior-mais-seguro-detem-172-pessoas-e-apreende-1916-kg-de-drogas\/\" \/>\n<meta property=\"og:locale\" content=\"pt_BR\" \/>\n<meta property=\"og:type\" content=\"article\" \/>\n<meta property=\"og:title\" content=\"Opera\u00e7\u00e3o Interior Mais Seguro det\u00e9m 172 pessoas e apreende 191,6 kg de drogas - Regi\u00e3o News\" \/>\n<meta property=\"og:description\" content=\"Vig\u00e9sima oitava edi\u00e7\u00e3o da a\u00e7\u00e3o contou com 14,5 mil PMs\" \/>\n<meta property=\"og:url\" content=\"https:\/\/regiaonews.net.br\/2022\/2021\/01\/19\/operacao-interior-mais-seguro-detem-172-pessoas-e-apreende-1916-kg-de-drogas\/\" \/>\n<meta property=\"og:site_name\" content=\"Regi\u00e3o News\" \/>\n<meta property=\"article:published_time\" content=\"2021-01-19T16:40:30+00:00\" \/>\n<meta property=\"og:image\" content=\"https:\/\/regiaonews.net.br\/2022\/wp-content\/uploads\/2020\/09\/Opera\u00e7\u00e3o-Policia-Militar.jpg\" \/>\n\t<meta property=\"og:image:width\" content=\"1200\" \/>\n\t<meta property=\"og:image:height\" content=\"600\" \/>\n\t<meta property=\"og:image:type\" content=\"image\/jpeg\" \/>\n<meta name=\"author\" content=\"Roberto\" \/>\n<meta name=\"twitter:card\" content=\"summary_large_image\" \/>\n<meta name=\"twitter:label1\" content=\"Escrito por\" \/>\n\t<meta name=\"twitter:data1\" content=\"Roberto\" \/>\n\t<meta name=\"twitter:label2\" content=\"Est. tempo de leitura\" \/>\n\t<meta name=\"twitter:data2\" content=\"1 minuto\" \/>\n<script type=\"application\/ld+json\" class=\"yoast-schema-graph\">{\"@context\":\"https:\\\/\\\/schema.org\",\"@graph\":[{\"@type\":\"Article\",\"@id\":\"https:\\\/\\\/regiaonews.net.br\\\/2022\\\/2021\\\/01\\\/19\\\/operacao-interior-mais-seguro-detem-172-pessoas-e-apreende-1916-kg-de-drogas\\\/#article\",\"isPartOf\":{\"@id\":\"https:\\\/\\\/regiaonews.net.br\\\/2022\\\/2021\\\/01\\\/19\\\/operacao-interior-mais-seguro-detem-172-pessoas-e-apreende-1916-kg-de-drogas\\\/\"},\"author\":{\"name\":\"Roberto\",\"@id\":\"https:\\\/\\\/regiaonews.net.br\\\/2022\\\/#\\\/schema\\\/person\\\/2d205a608a5aa97ac279d7a5e6d89ad8\"},\"headline\":\"Opera\u00e7\u00e3o Interior Mais Seguro det\u00e9m 172 pessoas e apreende 191,6 kg de drogas\",\"datePublished\":\"2021-01-19T16:40:30+00:00\",\"mainEntityOfPage\":{\"@id\":\"https:\\\/\\\/regiaonews.net.br\\\/2022\\\/2021\\\/01\\\/19\\\/operacao-interior-mais-seguro-detem-172-pessoas-e-apreende-1916-kg-de-drogas\\\/\"},\"wordCount\":266,\"commentCount\":0,\"publisher\":{\"@id\":\"https:\\\/\\\/regiaonews.net.br\\\/2022\\\/#organization\"},\"image\":{\"@id\":\"https:\\\/\\\/regiaonews.net.br\\\/2022\\\/2021\\\/01\\\/19\\\/operacao-interior-mais-seguro-detem-172-pessoas-e-apreende-1916-kg-de-drogas\\\/#primaryimage\"},\"thumbnailUrl\":\"https:\\\/\\\/regiaonews.net.br\\\/2022\\\/wp-content\\\/uploads\\\/2020\\\/09\\\/Opera\u00e7\u00e3o-Policia-Militar.jpg\",\"articleSection\":[\"Cidades\",\"Estado de S\u00e3o Paulo\"],\"inLanguage\":\"pt-BR\",\"potentialAction\":[{\"@type\":\"CommentAction\",\"name\":\"Comment\",\"target\":[\"https:\\\/\\\/regiaonews.net.br\\\/2022\\\/2021\\\/01\\\/19\\\/operacao-interior-mais-seguro-detem-172-pessoas-e-apreende-1916-kg-de-drogas\\\/#respond\"]}]},{\"@type\":\"WebPage\",\"@id\":\"https:\\\/\\\/regiaonews.net.br\\\/2022\\\/2021\\\/01\\\/19\\\/operacao-interior-mais-seguro-detem-172-pessoas-e-apreende-1916-kg-de-drogas\\\/\",\"url\":\"https:\\\/\\\/regiaonews.net.br\\\/2022\\\/2021\\\/01\\\/19\\\/operacao-interior-mais-seguro-detem-172-pessoas-e-apreende-1916-kg-de-drogas\\\/\",\"name\":\"Opera\u00e7\u00e3o Interior Mais Seguro det\u00e9m 172 pessoas e apreende 191,6 kg de drogas - Regi\u00e3o News\",\"isPartOf\":{\"@id\":\"https:\\\/\\\/regiaonews.net.br\\\/2022\\\/#website\"},\"primaryImageOfPage\":{\"@id\":\"https:\\\/\\\/regiaonews.net.br\\\/2022\\\/2021\\\/01\\\/19\\\/operacao-interior-mais-seguro-detem-172-pessoas-e-apreende-1916-kg-de-drogas\\\/#primaryimage\"},\"image\":{\"@id\":\"https:\\\/\\\/regiaonews.net.br\\\/2022\\\/2021\\\/01\\\/19\\\/operacao-interior-mais-seguro-detem-172-pessoas-e-apreende-1916-kg-de-drogas\\\/#primaryimage\"},\"thumbnailUrl\":\"https:\\\/\\\/regiaonews.net.br\\\/2022\\\/wp-content\\\/uploads\\\/2020\\\/09\\\/Opera\u00e7\u00e3o-Policia-Militar.jpg\",\"datePublished\":\"2021-01-19T16:40:30+00:00\",\"breadcrumb\":{\"@id\":\"https:\\\/\\\/regiaonews.net.br\\\/2022\\\/2021\\\/01\\\/19\\\/operacao-interior-mais-seguro-detem-172-pessoas-e-apreende-1916-kg-de-drogas\\\/#breadcrumb\"},\"inLanguage\":\"pt-BR\",\"potentialAction\":[{\"@type\":\"ReadAction\",\"target\":[\"https:\\\/\\\/regiaonews.net.br\\\/2022\\\/2021\\\/01\\\/19\\\/operacao-interior-mais-seguro-detem-172-pessoas-e-apreende-1916-kg-de-drogas\\\/\"]}]},{\"@type\":\"ImageObject\",\"inLanguage\":\"pt-BR\",\"@id\":\"https:\\\/\\\/regiaonews.net.br\\\/2022\\\/2021\\\/01\\\/19\\\/operacao-interior-mais-seguro-detem-172-pessoas-e-apreende-1916-kg-de-drogas\\\/#primaryimage\",\"url\":\"https:\\\/\\\/regiaonews.net.br\\\/2022\\\/wp-content\\\/uploads\\\/2020\\\/09\\\/Opera\u00e7\u00e3o-Policia-Militar.jpg\",\"contentUrl\":\"https:\\\/\\\/regiaonews.net.br\\\/2022\\\/wp-content\\\/uploads\\\/2020\\\/09\\\/Opera\u00e7\u00e3o-Policia-Militar.jpg\",\"width\":1200,\"height\":600},{\"@type\":\"BreadcrumbList\",\"@id\":\"https:\\\/\\\/regiaonews.net.br\\\/2022\\\/2021\\\/01\\\/19\\\/operacao-interior-mais-seguro-detem-172-pessoas-e-apreende-1916-kg-de-drogas\\\/#breadcrumb\",\"itemListElement\":[{\"@type\":\"ListItem\",\"position\":1,\"name\":\"In\u00edcio\",\"item\":\"https:\\\/\\\/regiaonews.net.br\\\/2022\\\/\"},{\"@type\":\"ListItem\",\"position\":2,\"name\":\"Opera\u00e7\u00e3o Interior Mais Seguro det\u00e9m 172 pessoas e apreende 191,6 kg de drogas\"}]},{\"@type\":\"WebSite\",\"@id\":\"https:\\\/\\\/regiaonews.net.br\\\/2022\\\/#website\",\"url\":\"https:\\\/\\\/regiaonews.net.br\\\/2022\\\/\",\"name\":\"Regi\u00e3o News\",\"description\":\"Site de Not\u00edcias de Barretos e regi\u00e3o\",\"publisher\":{\"@id\":\"https:\\\/\\\/regiaonews.net.br\\\/2022\\\/#organization\"},\"potentialAction\":[{\"@type\":\"SearchAction\",\"target\":{\"@type\":\"EntryPoint\",\"urlTemplate\":\"https:\\\/\\\/regiaonews.net.br\\\/2022\\\/?s={search_term_string}\"},\"query-input\":{\"@type\":\"PropertyValueSpecification\",\"valueRequired\":true,\"valueName\":\"search_term_string\"}}],\"inLanguage\":\"pt-BR\"},{\"@type\":\"Organization\",\"@id\":\"https:\\\/\\\/regiaonews.net.br\\\/2022\\\/#organization\",\"name\":\"Regi\u00e3o News\",\"url\":\"https:\\\/\\\/regiaonews.net.br\\\/2022\\\/\",\"logo\":{\"@type\":\"ImageObject\",\"inLanguage\":\"pt-BR\",\"@id\":\"https:\\\/\\\/regiaonews.net.br\\\/2022\\\/#\\\/schema\\\/logo\\\/image\\\/\",\"url\":\"https:\\\/\\\/regiaonews.net.br\\\/2022\\\/wp-content\\\/uploads\\\/2026\\\/03\\\/regiao-13-anos-scaled.jpg\",\"contentUrl\":\"https:\\\/\\\/regiaonews.net.br\\\/2022\\\/wp-content\\\/uploads\\\/2026\\\/03\\\/regiao-13-anos-scaled.jpg\",\"width\":2560,\"height\":635,\"caption\":\"Regi\u00e3o News\"},\"image\":{\"@id\":\"https:\\\/\\\/regiaonews.net.br\\\/2022\\\/#\\\/schema\\\/logo\\\/image\\\/\"}},{\"@type\":\"Person\",\"@id\":\"https:\\\/\\\/regiaonews.net.br\\\/2022\\\/#\\\/schema\\\/person\\\/2d205a608a5aa97ac279d7a5e6d89ad8\",\"name\":\"Roberto\",\"image\":{\"@type\":\"ImageObject\",\"inLanguage\":\"pt-BR\",\"@id\":\"https:\\\/\\\/secure.gravatar.com\\\/avatar\\\/42749d8b712ff9d59ca93dc150494e5b55a44134482993f5baeb97e61b7ecc89?s=96&d=mm&r=g\",\"url\":\"https:\\\/\\\/secure.gravatar.com\\\/avatar\\\/42749d8b712ff9d59ca93dc150494e5b55a44134482993f5baeb97e61b7ecc89?s=96&d=mm&r=g\",\"contentUrl\":\"https:\\\/\\\/secure.gravatar.com\\\/avatar\\\/42749d8b712ff9d59ca93dc150494e5b55a44134482993f5baeb97e61b7ecc89?s=96&d=mm&r=g\",\"caption\":\"Roberto\"},\"url\":\"https:\\\/\\\/regiaonews.net.br\\\/2022\\\/author\\\/roberto\\\/\"}]}<\/script>\n<!-- \/ Yoast SEO plugin. -->","yoast_head_json":{"title":"Opera\u00e7\u00e3o Interior Mais Seguro det\u00e9m 172 pessoas e apreende 191,6 kg de drogas - Regi\u00e3o News","robots":{"index":"index","follow":"follow","max-snippet":"max-snippet:-1","max-image-preview":"max-image-preview:large","max-video-preview":"max-video-preview:-1"},"canonical":"https:\/\/regiaonews.net.br\/2022\/2021\/01\/19\/operacao-interior-mais-seguro-detem-172-pessoas-e-apreende-1916-kg-de-drogas\/","og_locale":"pt_BR","og_type":"article","og_title":"Opera\u00e7\u00e3o Interior Mais Seguro det\u00e9m 172 pessoas e apreende 191,6 kg de drogas - Regi\u00e3o News","og_description":"Vig\u00e9sima oitava edi\u00e7\u00e3o da a\u00e7\u00e3o contou com 14,5 mil PMs","og_url":"https:\/\/regiaonews.net.br\/2022\/2021\/01\/19\/operacao-interior-mais-seguro-detem-172-pessoas-e-apreende-1916-kg-de-drogas\/","og_site_name":"Regi\u00e3o News","article_published_time":"2021-01-19T16:40:30+00:00","og_image":[{"width":1200,"height":600,"url":"https:\/\/regiaonews.net.br\/2022\/wp-content\/uploads\/2020\/09\/Opera\u00e7\u00e3o-Policia-Militar.jpg","type":"image\/jpeg"}],"author":"Roberto","twitter_card":"summary_large_image","twitter_misc":{"Escrito por":"Roberto","Est. tempo de leitura":"1 minuto"},"schema":{"@context":"https:\/\/schema.org","@graph":[{"@type":"Article","@id":"https:\/\/regiaonews.net.br\/2022\/2021\/01\/19\/operacao-interior-mais-seguro-detem-172-pessoas-e-apreende-1916-kg-de-drogas\/#article","isPartOf":{"@id":"https:\/\/regiaonews.net.br\/2022\/2021\/01\/19\/operacao-interior-mais-seguro-detem-172-pessoas-e-apreende-1916-kg-de-drogas\/"},"author":{"name":"Roberto","@id":"https:\/\/regiaonews.net.br\/2022\/#\/schema\/person\/2d205a608a5aa97ac279d7a5e6d89ad8"},"headline":"Opera\u00e7\u00e3o Interior Mais Seguro det\u00e9m 172 pessoas e apreende 191,6 kg de drogas","datePublished":"2021-01-19T16:40:30+00:00","mainEntityOfPage":{"@id":"https:\/\/regiaonews.net.br\/2022\/2021\/01\/19\/operacao-interior-mais-seguro-detem-172-pessoas-e-apreende-1916-kg-de-drogas\/"},"wordCount":266,"commentCount":0,"publisher":{"@id":"https:\/\/regiaonews.net.br\/2022\/#organization"},"image":{"@id":"https:\/\/regiaonews.net.br\/2022\/2021\/01\/19\/operacao-interior-mais-seguro-detem-172-pessoas-e-apreende-1916-kg-de-drogas\/#primaryimage"},"thumbnailUrl":"https:\/\/regiaonews.net.br\/2022\/wp-content\/uploads\/2020\/09\/Opera\u00e7\u00e3o-Policia-Militar.jpg","articleSection":["Cidades","Estado de S\u00e3o Paulo"],"inLanguage":"pt-BR","potentialAction":[{"@type":"CommentAction","name":"Comment","target":["https:\/\/regiaonews.net.br\/2022\/2021\/01\/19\/operacao-interior-mais-seguro-detem-172-pessoas-e-apreende-1916-kg-de-drogas\/#respond"]}]},{"@type":"WebPage","@id":"https:\/\/regiaonews.net.br\/2022\/2021\/01\/19\/operacao-interior-mais-seguro-detem-172-pessoas-e-apreende-1916-kg-de-drogas\/","url":"https:\/\/regiaonews.net.br\/2022\/2021\/01\/19\/operacao-interior-mais-seguro-detem-172-pessoas-e-apreende-1916-kg-de-drogas\/","name":"Opera\u00e7\u00e3o Interior Mais Seguro det\u00e9m 172 pessoas e apreende 191,6 kg de drogas - Regi\u00e3o News","isPartOf":{"@id":"https:\/\/regiaonews.net.br\/2022\/#website"},"primaryImageOfPage":{"@id":"https:\/\/regiaonews.net.br\/2022\/2021\/01\/19\/operacao-interior-mais-seguro-detem-172-pessoas-e-apreende-1916-kg-de-drogas\/#primaryimage"},"image":{"@id":"https:\/\/regiaonews.net.br\/2022\/2021\/01\/19\/operacao-interior-mais-seguro-detem-172-pessoas-e-apreende-1916-kg-de-drogas\/#primaryimage"},"thumbnailUrl":"https:\/\/regiaonews.net.br\/2022\/wp-content\/uploads\/2020\/09\/Opera\u00e7\u00e3o-Policia-Militar.jpg","datePublished":"2021-01-19T16:40:30+00:00","breadcrumb":{"@id":"https:\/\/regiaonews.net.br\/2022\/2021\/01\/19\/operacao-interior-mais-seguro-detem-172-pessoas-e-apreende-1916-kg-de-drogas\/#breadcrumb"},"inLanguage":"pt-BR","potentialAction":[{"@type":"ReadAction","target":["https:\/\/regiaonews.net.br\/2022\/2021\/01\/19\/operacao-interior-mais-seguro-detem-172-pessoas-e-apreende-1916-kg-de-drogas\/"]}]},{"@type":"ImageObject","inLanguage":"pt-BR","@id":"https:\/\/regiaonews.net.br\/2022\/2021\/01\/19\/operacao-interior-mais-seguro-detem-172-pessoas-e-apreende-1916-kg-de-drogas\/#primaryimage","url":"https:\/\/regiaonews.net.br\/2022\/wp-content\/uploads\/2020\/09\/Opera\u00e7\u00e3o-Policia-Militar.jpg","contentUrl":"https:\/\/regiaonews.net.br\/2022\/wp-content\/uploads\/2020\/09\/Opera\u00e7\u00e3o-Policia-Militar.jpg","width":1200,"height":600},{"@type":"BreadcrumbList","@id":"https:\/\/regiaonews.net.br\/2022\/2021\/01\/19\/operacao-interior-mais-seguro-detem-172-pessoas-e-apreende-1916-kg-de-drogas\/#breadcrumb","itemListElement":[{"@type":"ListItem","position":1,"name":"In\u00edcio","item":"https:\/\/regiaonews.net.br\/2022\/"},{"@type":"ListItem","position":2,"name":"Opera\u00e7\u00e3o Interior Mais Seguro det\u00e9m 172 pessoas e apreende 191,6 kg de drogas"}]},{"@type":"WebSite","@id":"https:\/\/regiaonews.net.br\/2022\/#website","url":"https:\/\/regiaonews.net.br\/2022\/","name":"Regi\u00e3o News","description":"Site de Not\u00edcias de Barretos e regi\u00e3o","publisher":{"@id":"https:\/\/regiaonews.net.br\/2022\/#organization"},"potentialAction":[{"@type":"SearchAction","target":{"@type":"EntryPoint","urlTemplate":"https:\/\/regiaonews.net.br\/2022\/?s={search_term_string}"},"query-input":{"@type":"PropertyValueSpecification","valueRequired":true,"valueName":"search_term_string"}}],"inLanguage":"pt-BR"},{"@type":"Organization","@id":"https:\/\/regiaonews.net.br\/2022\/#organization","name":"Regi\u00e3o News","url":"https:\/\/regiaonews.net.br\/2022\/","logo":{"@type":"ImageObject","inLanguage":"pt-BR","@id":"https:\/\/regiaonews.net.br\/2022\/#\/schema\/logo\/image\/","url":"https:\/\/regiaonews.net.br\/2022\/wp-content\/uploads\/2026\/03\/regiao-13-anos-scaled.jpg","contentUrl":"https:\/\/regiaonews.net.br\/2022\/wp-content\/uploads\/2026\/03\/regiao-13-anos-scaled.jpg","width":2560,"height":635,"caption":"Regi\u00e3o News"},"image":{"@id":"https:\/\/regiaonews.net.br\/2022\/#\/schema\/logo\/image\/"}},{"@type":"Person","@id":"https:\/\/regiaonews.net.br\/2022\/#\/schema\/person\/2d205a608a5aa97ac279d7a5e6d89ad8","name":"Roberto","image":{"@type":"ImageObject","inLanguage":"pt-BR","@id":"https:\/\/secure.gravatar.com\/avatar\/42749d8b712ff9d59ca93dc150494e5b55a44134482993f5baeb97e61b7ecc89?s=96&d=mm&r=g","url":"https:\/\/secure.gravatar.com\/avatar\/42749d8b712ff9d59ca93dc150494e5b55a44134482993f5baeb97e61b7ecc89?s=96&d=mm&r=g","contentUrl":"https:\/\/secure.gravatar.com\/avatar\/42749d8b712ff9d59ca93dc150494e5b55a44134482993f5baeb97e61b7ecc89?s=96&d=mm&r=g","caption":"Roberto"},"url":"https:\/\/regiaonews.net.br\/2022\/author\/roberto\/"}]}},"publishpress_future_action":{"enabled":false,"date":"2026-05-02 02:33:47","action":"change-status","newStatus":"draft","terms":[],"taxonomy":"category","extraData":[]},"publishpress_future_workflow_manual_trigger":{"enabledWorkflows":[]},"_links":{"self":[{"href":"https:\/\/regiaonews.net.br\/2022\/wp-json\/wp\/v2\/posts\/42005","targetHints":{"allow":["GET"]}}],"collection":[{"href":"https:\/\/regiaonews.net.br\/2022\/wp-json\/wp\/v2\/posts"}],"about":[{"href":"https:\/\/regiaonews.net.br\/2022\/wp-json\/wp\/v2\/types\/post"}],"author":[{"embeddable":true,"href":"https:\/\/regiaonews.net.br\/2022\/wp-json\/wp\/v2\/users\/2"}],"replies":[{"embeddable":true,"href":"https:\/\/regiaonews.net.br\/2022\/wp-json\/wp\/v2\/comments?post=42005"}],"version-history":[{"count":0,"href":"https:\/\/regiaonews.net.br\/2022\/wp-json\/wp\/v2\/posts\/42005\/revisions"}],"wp:featuredmedia":[{"embeddable":true,"href":"https:\/\/regiaonews.net.br\/2022\/wp-json\/wp\/v2\/media\/37939"}],"wp:attachment":[{"href":"https:\/\/regiaonews.net.br\/2022\/wp-json\/wp\/v2\/media?parent=42005"}],"wp:term":[{"taxonomy":"category","embeddable":true,"href":"https:\/\/regiaonews.net.br\/2022\/wp-json\/wp\/v2\/categories?post=42005"},{"taxonomy":"post_tag","embeddable":true,"href":"https:\/\/regiaonews.net.br\/2022\/wp-json\/wp\/v2\/tags?post=42005"}],"curies":[{"name":"wp","href":"https:\/\/api.w.org\/{rel}","templated":true}]}}