{"id":42002,"date":"2021-01-19T13:35:00","date_gmt":"2021-01-19T16:35:00","guid":{"rendered":"https:\/\/regiaonews.net.br\/2022\/?p=42002"},"modified":"2021-01-19T13:35:00","modified_gmt":"2021-01-19T16:35:00","slug":"deic-de-ribeirao-preto-detem-irmaos-e-apreende-59-tijolos-de-maconha","status":"publish","type":"post","link":"https:\/\/regiaonews.net.br\/2022\/2021\/01\/19\/deic-de-ribeirao-preto-detem-irmaos-e-apreende-59-tijolos-de-maconha\/","title":{"rendered":"Deic de Ribeir\u00e3o Preto det\u00e9m irm\u00e3os e apreende 59 tijolos de maconha"},"content":{"rendered":"<div>\n<h1 class=\"chapeu2 ng-binding\"><a href=\"https:\/\/regiaonews.net.br\/2022\/wp-content\/uploads\/2021\/01\/00043684.jpeg\"><img loading=\"lazy\" decoding=\"async\" class=\"alignnone size-medium wp-image-42003\" src=\"https:\/\/regiaonews.net.br\/2022\/wp-content\/uploads\/2021\/01\/00043684-300x224.jpeg\" alt=\"\" width=\"300\" height=\"224\" \/><\/a><\/h1>\n<h2 class=\"titulopreto ng-binding\">Os tabletes foram encontrados no fundo falso do assoalho de um carro<\/h2>\n<p><center><\/p>\n<h2 class=\"titulopreto ng-binding\"><span style=\"font-size: 16px;\">A Pol\u00edcia Civil prendeu, na tarde desta segunda-feira (18), um homem, de 35 anos, e uma mulher, de 23, que foram flagrados com 59 tijolos de maconha, na Rua Julio Ribeiro, no Parque Ribeir\u00e3o Preto, no interior do Estado.<\/span><\/h2>\n<p><\/center><\/div>\n<div id=\"notCorpo\" class=\"ng-binding\">\n<p>A a\u00e7\u00e3o foi deflagrada por agentes da 2\u00b0 Delegacia de Investiga\u00e7\u00f5es sobre Entorpecentes (Dise), da Divis\u00e3o Especializada de Investiga\u00e7\u00f5es Criminais (Deic) da cidade, que souberam que uma mulher estaria chegando no munic\u00edpio com drogas.<\/p>\n<p>Durante as apura\u00e7\u00f5es, os policiais descobriram que o irm\u00e3o da investigada possu\u00eda uma ch\u00e1cara na regi\u00e3o e se deslocaram para verificar, onde ent\u00e3o localizaram o ve\u00edculo Renault\/Sandero que tamb\u00e9m era alvo de investiga\u00e7\u00e3o.<\/p>\n<p>Ap\u00f3s um tempo de vigil\u00e2ncia velada, os agentes viram um rapaz mexendo pr\u00f3ximo ao banco com uma chave de fenda. Em seguida, ele dirigiu o autom\u00f3vel at\u00e9 uma casa pr\u00f3ximo, onde a mulher estava aguardando.<\/p>\n<p>Foi ent\u00e3o realizada abordagem, momento em que a mulher afirmou que era a respons\u00e1vel pelo ve\u00edculo e imediatamente admitiu que haveria drogas em seu compartimento oculto, onde foram encontrados 59 tijolos de maconha.<\/p>\n<p>O irm\u00e3o da indiciada foi abordado e confessou que o ve\u00edculo ficou guardado em sua casa desde domingo e o transportou at\u00e9 a casa de sua irm\u00e3. Dentro da casa da mulher foram apreendidos mais dois peda\u00e7os da mesma droga.<\/p>\n<p>Al\u00e9m do entorpecente, ainda foi recolhida uma balan\u00e7a de precis\u00e3o. Os materiais foram apreendidos e encaminhados \u00e0 per\u00edcia. Os dois suspeitos foram presos em flagrante e indiciados por tr\u00e1fico de drogas.<\/p>\n<\/div>\n","protected":false},"excerpt":{"rendered":"<p>Os tabletes foram encontrados no fundo falso do assoalho de<\/p>\n","protected":false},"author":2,"featured_media":42003,"comment_status":"open","ping_status":"open","sticky":false,"template":"","format":"standard","meta":{"footnotes":""},"categories":[25,23,32],"tags":[],"class_list":["post-42002","post","type-post","status-publish","format-standard","has-post-thumbnail","hentry","category-cidades","category-policia","category-ribeirao-preto"],"yoast_head":"<!-- This site is optimized with the Yoast SEO plugin v27.4 - https:\/\/yoast.com\/product\/yoast-seo-wordpress\/ -->\n<title>Deic de Ribeir\u00e3o Preto det\u00e9m irm\u00e3os e apreende 59 tijolos de maconha - Regi\u00e3o News<\/title>\n<meta name=\"robots\" content=\"index, follow, max-snippet:-1, max-image-preview:large, max-video-preview:-1\" \/>\n<link rel=\"canonical\" href=\"https:\/\/regiaonews.net.br\/2022\/2021\/01\/19\/deic-de-ribeirao-preto-detem-irmaos-e-apreende-59-tijolos-de-maconha\/\" \/>\n<meta property=\"og:locale\" content=\"pt_BR\" \/>\n<meta property=\"og:type\" content=\"article\" \/>\n<meta property=\"og:title\" content=\"Deic de Ribeir\u00e3o Preto det\u00e9m irm\u00e3os e apreende 59 tijolos de maconha - Regi\u00e3o News\" \/>\n<meta property=\"og:description\" content=\"Os tabletes foram encontrados no fundo falso do assoalho de\" \/>\n<meta property=\"og:url\" content=\"https:\/\/regiaonews.net.br\/2022\/2021\/01\/19\/deic-de-ribeirao-preto-detem-irmaos-e-apreende-59-tijolos-de-maconha\/\" \/>\n<meta property=\"og:site_name\" content=\"Regi\u00e3o News\" \/>\n<meta property=\"article:published_time\" content=\"2021-01-19T16:35:00+00:00\" \/>\n<meta property=\"og:image\" content=\"https:\/\/regiaonews.net.br\/2022\/wp-content\/uploads\/2021\/01\/00043684.jpeg\" \/>\n\t<meta property=\"og:image:width\" content=\"1024\" \/>\n\t<meta property=\"og:image:height\" content=\"766\" \/>\n\t<meta property=\"og:image:type\" content=\"image\/jpeg\" \/>\n<meta name=\"author\" content=\"Roberto\" \/>\n<meta name=\"twitter:card\" content=\"summary_large_image\" \/>\n<meta name=\"twitter:label1\" content=\"Escrito por\" \/>\n\t<meta name=\"twitter:data1\" content=\"Roberto\" \/>\n\t<meta name=\"twitter:label2\" content=\"Est. tempo de leitura\" \/>\n\t<meta name=\"twitter:data2\" content=\"1 minuto\" \/>\n<script type=\"application\/ld+json\" class=\"yoast-schema-graph\">{\"@context\":\"https:\\\/\\\/schema.org\",\"@graph\":[{\"@type\":\"Article\",\"@id\":\"https:\\\/\\\/regiaonews.net.br\\\/2022\\\/2021\\\/01\\\/19\\\/deic-de-ribeirao-preto-detem-irmaos-e-apreende-59-tijolos-de-maconha\\\/#article\",\"isPartOf\":{\"@id\":\"https:\\\/\\\/regiaonews.net.br\\\/2022\\\/2021\\\/01\\\/19\\\/deic-de-ribeirao-preto-detem-irmaos-e-apreende-59-tijolos-de-maconha\\\/\"},\"author\":{\"name\":\"Roberto\",\"@id\":\"https:\\\/\\\/regiaonews.net.br\\\/2022\\\/#\\\/schema\\\/person\\\/2d205a608a5aa97ac279d7a5e6d89ad8\"},\"headline\":\"Deic de Ribeir\u00e3o Preto det\u00e9m irm\u00e3os e apreende 59 tijolos de maconha\",\"datePublished\":\"2021-01-19T16:35:00+00:00\",\"mainEntityOfPage\":{\"@id\":\"https:\\\/\\\/regiaonews.net.br\\\/2022\\\/2021\\\/01\\\/19\\\/deic-de-ribeirao-preto-detem-irmaos-e-apreende-59-tijolos-de-maconha\\\/\"},\"wordCount\":297,\"commentCount\":0,\"publisher\":{\"@id\":\"https:\\\/\\\/regiaonews.net.br\\\/2022\\\/#organization\"},\"image\":{\"@id\":\"https:\\\/\\\/regiaonews.net.br\\\/2022\\\/2021\\\/01\\\/19\\\/deic-de-ribeirao-preto-detem-irmaos-e-apreende-59-tijolos-de-maconha\\\/#primaryimage\"},\"thumbnailUrl\":\"https:\\\/\\\/regiaonews.net.br\\\/2022\\\/wp-content\\\/uploads\\\/2021\\\/01\\\/00043684.jpeg\",\"articleSection\":[\"Cidades\",\"Policia\",\"Ribeir\u00e3o Preto\"],\"inLanguage\":\"pt-BR\",\"potentialAction\":[{\"@type\":\"CommentAction\",\"name\":\"Comment\",\"target\":[\"https:\\\/\\\/regiaonews.net.br\\\/2022\\\/2021\\\/01\\\/19\\\/deic-de-ribeirao-preto-detem-irmaos-e-apreende-59-tijolos-de-maconha\\\/#respond\"]}]},{\"@type\":\"WebPage\",\"@id\":\"https:\\\/\\\/regiaonews.net.br\\\/2022\\\/2021\\\/01\\\/19\\\/deic-de-ribeirao-preto-detem-irmaos-e-apreende-59-tijolos-de-maconha\\\/\",\"url\":\"https:\\\/\\\/regiaonews.net.br\\\/2022\\\/2021\\\/01\\\/19\\\/deic-de-ribeirao-preto-detem-irmaos-e-apreende-59-tijolos-de-maconha\\\/\",\"name\":\"Deic de Ribeir\u00e3o Preto det\u00e9m irm\u00e3os e apreende 59 tijolos de maconha - Regi\u00e3o News\",\"isPartOf\":{\"@id\":\"https:\\\/\\\/regiaonews.net.br\\\/2022\\\/#website\"},\"primaryImageOfPage\":{\"@id\":\"https:\\\/\\\/regiaonews.net.br\\\/2022\\\/2021\\\/01\\\/19\\\/deic-de-ribeirao-preto-detem-irmaos-e-apreende-59-tijolos-de-maconha\\\/#primaryimage\"},\"image\":{\"@id\":\"https:\\\/\\\/regiaonews.net.br\\\/2022\\\/2021\\\/01\\\/19\\\/deic-de-ribeirao-preto-detem-irmaos-e-apreende-59-tijolos-de-maconha\\\/#primaryimage\"},\"thumbnailUrl\":\"https:\\\/\\\/regiaonews.net.br\\\/2022\\\/wp-content\\\/uploads\\\/2021\\\/01\\\/00043684.jpeg\",\"datePublished\":\"2021-01-19T16:35:00+00:00\",\"breadcrumb\":{\"@id\":\"https:\\\/\\\/regiaonews.net.br\\\/2022\\\/2021\\\/01\\\/19\\\/deic-de-ribeirao-preto-detem-irmaos-e-apreende-59-tijolos-de-maconha\\\/#breadcrumb\"},\"inLanguage\":\"pt-BR\",\"potentialAction\":[{\"@type\":\"ReadAction\",\"target\":[\"https:\\\/\\\/regiaonews.net.br\\\/2022\\\/2021\\\/01\\\/19\\\/deic-de-ribeirao-preto-detem-irmaos-e-apreende-59-tijolos-de-maconha\\\/\"]}]},{\"@type\":\"ImageObject\",\"inLanguage\":\"pt-BR\",\"@id\":\"https:\\\/\\\/regiaonews.net.br\\\/2022\\\/2021\\\/01\\\/19\\\/deic-de-ribeirao-preto-detem-irmaos-e-apreende-59-tijolos-de-maconha\\\/#primaryimage\",\"url\":\"https:\\\/\\\/regiaonews.net.br\\\/2022\\\/wp-content\\\/uploads\\\/2021\\\/01\\\/00043684.jpeg\",\"contentUrl\":\"https:\\\/\\\/regiaonews.net.br\\\/2022\\\/wp-content\\\/uploads\\\/2021\\\/01\\\/00043684.jpeg\",\"width\":1024,\"height\":766},{\"@type\":\"BreadcrumbList\",\"@id\":\"https:\\\/\\\/regiaonews.net.br\\\/2022\\\/2021\\\/01\\\/19\\\/deic-de-ribeirao-preto-detem-irmaos-e-apreende-59-tijolos-de-maconha\\\/#breadcrumb\",\"itemListElement\":[{\"@type\":\"ListItem\",\"position\":1,\"name\":\"In\u00edcio\",\"item\":\"https:\\\/\\\/regiaonews.net.br\\\/2022\\\/\"},{\"@type\":\"ListItem\",\"position\":2,\"name\":\"Deic de Ribeir\u00e3o Preto det\u00e9m irm\u00e3os e apreende 59 tijolos de maconha\"}]},{\"@type\":\"WebSite\",\"@id\":\"https:\\\/\\\/regiaonews.net.br\\\/2022\\\/#website\",\"url\":\"https:\\\/\\\/regiaonews.net.br\\\/2022\\\/\",\"name\":\"Regi\u00e3o News\",\"description\":\"Site de Not\u00edcias de Barretos e regi\u00e3o\",\"publisher\":{\"@id\":\"https:\\\/\\\/regiaonews.net.br\\\/2022\\\/#organization\"},\"potentialAction\":[{\"@type\":\"SearchAction\",\"target\":{\"@type\":\"EntryPoint\",\"urlTemplate\":\"https:\\\/\\\/regiaonews.net.br\\\/2022\\\/?s={search_term_string}\"},\"query-input\":{\"@type\":\"PropertyValueSpecification\",\"valueRequired\":true,\"valueName\":\"search_term_string\"}}],\"inLanguage\":\"pt-BR\"},{\"@type\":\"Organization\",\"@id\":\"https:\\\/\\\/regiaonews.net.br\\\/2022\\\/#organization\",\"name\":\"Regi\u00e3o News\",\"url\":\"https:\\\/\\\/regiaonews.net.br\\\/2022\\\/\",\"logo\":{\"@type\":\"ImageObject\",\"inLanguage\":\"pt-BR\",\"@id\":\"https:\\\/\\\/regiaonews.net.br\\\/2022\\\/#\\\/schema\\\/logo\\\/image\\\/\",\"url\":\"https:\\\/\\\/regiaonews.net.br\\\/2022\\\/wp-content\\\/uploads\\\/2026\\\/03\\\/regiao-13-anos-scaled.jpg\",\"contentUrl\":\"https:\\\/\\\/regiaonews.net.br\\\/2022\\\/wp-content\\\/uploads\\\/2026\\\/03\\\/regiao-13-anos-scaled.jpg\",\"width\":2560,\"height\":635,\"caption\":\"Regi\u00e3o News\"},\"image\":{\"@id\":\"https:\\\/\\\/regiaonews.net.br\\\/2022\\\/#\\\/schema\\\/logo\\\/image\\\/\"}},{\"@type\":\"Person\",\"@id\":\"https:\\\/\\\/regiaonews.net.br\\\/2022\\\/#\\\/schema\\\/person\\\/2d205a608a5aa97ac279d7a5e6d89ad8\",\"name\":\"Roberto\",\"image\":{\"@type\":\"ImageObject\",\"inLanguage\":\"pt-BR\",\"@id\":\"https:\\\/\\\/secure.gravatar.com\\\/avatar\\\/42749d8b712ff9d59ca93dc150494e5b55a44134482993f5baeb97e61b7ecc89?s=96&d=mm&r=g\",\"url\":\"https:\\\/\\\/secure.gravatar.com\\\/avatar\\\/42749d8b712ff9d59ca93dc150494e5b55a44134482993f5baeb97e61b7ecc89?s=96&d=mm&r=g\",\"contentUrl\":\"https:\\\/\\\/secure.gravatar.com\\\/avatar\\\/42749d8b712ff9d59ca93dc150494e5b55a44134482993f5baeb97e61b7ecc89?s=96&d=mm&r=g\",\"caption\":\"Roberto\"},\"url\":\"https:\\\/\\\/regiaonews.net.br\\\/2022\\\/author\\\/roberto\\\/\"}]}<\/script>\n<!-- \/ Yoast SEO plugin. -->","yoast_head_json":{"title":"Deic de Ribeir\u00e3o Preto det\u00e9m irm\u00e3os e apreende 59 tijolos de maconha - Regi\u00e3o News","robots":{"index":"index","follow":"follow","max-snippet":"max-snippet:-1","max-image-preview":"max-image-preview:large","max-video-preview":"max-video-preview:-1"},"canonical":"https:\/\/regiaonews.net.br\/2022\/2021\/01\/19\/deic-de-ribeirao-preto-detem-irmaos-e-apreende-59-tijolos-de-maconha\/","og_locale":"pt_BR","og_type":"article","og_title":"Deic de Ribeir\u00e3o Preto det\u00e9m irm\u00e3os e apreende 59 tijolos de maconha - Regi\u00e3o News","og_description":"Os tabletes foram encontrados no fundo falso do assoalho de","og_url":"https:\/\/regiaonews.net.br\/2022\/2021\/01\/19\/deic-de-ribeirao-preto-detem-irmaos-e-apreende-59-tijolos-de-maconha\/","og_site_name":"Regi\u00e3o News","article_published_time":"2021-01-19T16:35:00+00:00","og_image":[{"width":1024,"height":766,"url":"https:\/\/regiaonews.net.br\/2022\/wp-content\/uploads\/2021\/01\/00043684.jpeg","type":"image\/jpeg"}],"author":"Roberto","twitter_card":"summary_large_image","twitter_misc":{"Escrito por":"Roberto","Est. tempo de leitura":"1 minuto"},"schema":{"@context":"https:\/\/schema.org","@graph":[{"@type":"Article","@id":"https:\/\/regiaonews.net.br\/2022\/2021\/01\/19\/deic-de-ribeirao-preto-detem-irmaos-e-apreende-59-tijolos-de-maconha\/#article","isPartOf":{"@id":"https:\/\/regiaonews.net.br\/2022\/2021\/01\/19\/deic-de-ribeirao-preto-detem-irmaos-e-apreende-59-tijolos-de-maconha\/"},"author":{"name":"Roberto","@id":"https:\/\/regiaonews.net.br\/2022\/#\/schema\/person\/2d205a608a5aa97ac279d7a5e6d89ad8"},"headline":"Deic de Ribeir\u00e3o Preto det\u00e9m irm\u00e3os e apreende 59 tijolos de maconha","datePublished":"2021-01-19T16:35:00+00:00","mainEntityOfPage":{"@id":"https:\/\/regiaonews.net.br\/2022\/2021\/01\/19\/deic-de-ribeirao-preto-detem-irmaos-e-apreende-59-tijolos-de-maconha\/"},"wordCount":297,"commentCount":0,"publisher":{"@id":"https:\/\/regiaonews.net.br\/2022\/#organization"},"image":{"@id":"https:\/\/regiaonews.net.br\/2022\/2021\/01\/19\/deic-de-ribeirao-preto-detem-irmaos-e-apreende-59-tijolos-de-maconha\/#primaryimage"},"thumbnailUrl":"https:\/\/regiaonews.net.br\/2022\/wp-content\/uploads\/2021\/01\/00043684.jpeg","articleSection":["Cidades","Policia","Ribeir\u00e3o Preto"],"inLanguage":"pt-BR","potentialAction":[{"@type":"CommentAction","name":"Comment","target":["https:\/\/regiaonews.net.br\/2022\/2021\/01\/19\/deic-de-ribeirao-preto-detem-irmaos-e-apreende-59-tijolos-de-maconha\/#respond"]}]},{"@type":"WebPage","@id":"https:\/\/regiaonews.net.br\/2022\/2021\/01\/19\/deic-de-ribeirao-preto-detem-irmaos-e-apreende-59-tijolos-de-maconha\/","url":"https:\/\/regiaonews.net.br\/2022\/2021\/01\/19\/deic-de-ribeirao-preto-detem-irmaos-e-apreende-59-tijolos-de-maconha\/","name":"Deic de Ribeir\u00e3o Preto det\u00e9m irm\u00e3os e apreende 59 tijolos de maconha - Regi\u00e3o News","isPartOf":{"@id":"https:\/\/regiaonews.net.br\/2022\/#website"},"primaryImageOfPage":{"@id":"https:\/\/regiaonews.net.br\/2022\/2021\/01\/19\/deic-de-ribeirao-preto-detem-irmaos-e-apreende-59-tijolos-de-maconha\/#primaryimage"},"image":{"@id":"https:\/\/regiaonews.net.br\/2022\/2021\/01\/19\/deic-de-ribeirao-preto-detem-irmaos-e-apreende-59-tijolos-de-maconha\/#primaryimage"},"thumbnailUrl":"https:\/\/regiaonews.net.br\/2022\/wp-content\/uploads\/2021\/01\/00043684.jpeg","datePublished":"2021-01-19T16:35:00+00:00","breadcrumb":{"@id":"https:\/\/regiaonews.net.br\/2022\/2021\/01\/19\/deic-de-ribeirao-preto-detem-irmaos-e-apreende-59-tijolos-de-maconha\/#breadcrumb"},"inLanguage":"pt-BR","potentialAction":[{"@type":"ReadAction","target":["https:\/\/regiaonews.net.br\/2022\/2021\/01\/19\/deic-de-ribeirao-preto-detem-irmaos-e-apreende-59-tijolos-de-maconha\/"]}]},{"@type":"ImageObject","inLanguage":"pt-BR","@id":"https:\/\/regiaonews.net.br\/2022\/2021\/01\/19\/deic-de-ribeirao-preto-detem-irmaos-e-apreende-59-tijolos-de-maconha\/#primaryimage","url":"https:\/\/regiaonews.net.br\/2022\/wp-content\/uploads\/2021\/01\/00043684.jpeg","contentUrl":"https:\/\/regiaonews.net.br\/2022\/wp-content\/uploads\/2021\/01\/00043684.jpeg","width":1024,"height":766},{"@type":"BreadcrumbList","@id":"https:\/\/regiaonews.net.br\/2022\/2021\/01\/19\/deic-de-ribeirao-preto-detem-irmaos-e-apreende-59-tijolos-de-maconha\/#breadcrumb","itemListElement":[{"@type":"ListItem","position":1,"name":"In\u00edcio","item":"https:\/\/regiaonews.net.br\/2022\/"},{"@type":"ListItem","position":2,"name":"Deic de Ribeir\u00e3o Preto det\u00e9m irm\u00e3os e apreende 59 tijolos de maconha"}]},{"@type":"WebSite","@id":"https:\/\/regiaonews.net.br\/2022\/#website","url":"https:\/\/regiaonews.net.br\/2022\/","name":"Regi\u00e3o News","description":"Site de Not\u00edcias de Barretos e regi\u00e3o","publisher":{"@id":"https:\/\/regiaonews.net.br\/2022\/#organization"},"potentialAction":[{"@type":"SearchAction","target":{"@type":"EntryPoint","urlTemplate":"https:\/\/regiaonews.net.br\/2022\/?s={search_term_string}"},"query-input":{"@type":"PropertyValueSpecification","valueRequired":true,"valueName":"search_term_string"}}],"inLanguage":"pt-BR"},{"@type":"Organization","@id":"https:\/\/regiaonews.net.br\/2022\/#organization","name":"Regi\u00e3o News","url":"https:\/\/regiaonews.net.br\/2022\/","logo":{"@type":"ImageObject","inLanguage":"pt-BR","@id":"https:\/\/regiaonews.net.br\/2022\/#\/schema\/logo\/image\/","url":"https:\/\/regiaonews.net.br\/2022\/wp-content\/uploads\/2026\/03\/regiao-13-anos-scaled.jpg","contentUrl":"https:\/\/regiaonews.net.br\/2022\/wp-content\/uploads\/2026\/03\/regiao-13-anos-scaled.jpg","width":2560,"height":635,"caption":"Regi\u00e3o News"},"image":{"@id":"https:\/\/regiaonews.net.br\/2022\/#\/schema\/logo\/image\/"}},{"@type":"Person","@id":"https:\/\/regiaonews.net.br\/2022\/#\/schema\/person\/2d205a608a5aa97ac279d7a5e6d89ad8","name":"Roberto","image":{"@type":"ImageObject","inLanguage":"pt-BR","@id":"https:\/\/secure.gravatar.com\/avatar\/42749d8b712ff9d59ca93dc150494e5b55a44134482993f5baeb97e61b7ecc89?s=96&d=mm&r=g","url":"https:\/\/secure.gravatar.com\/avatar\/42749d8b712ff9d59ca93dc150494e5b55a44134482993f5baeb97e61b7ecc89?s=96&d=mm&r=g","contentUrl":"https:\/\/secure.gravatar.com\/avatar\/42749d8b712ff9d59ca93dc150494e5b55a44134482993f5baeb97e61b7ecc89?s=96&d=mm&r=g","caption":"Roberto"},"url":"https:\/\/regiaonews.net.br\/2022\/author\/roberto\/"}]}},"publishpress_future_action":{"enabled":false,"date":"2026-05-02 04:11:58","action":"change-status","newStatus":"draft","terms":[],"taxonomy":"category","extraData":[]},"publishpress_future_workflow_manual_trigger":{"enabledWorkflows":[]},"_links":{"self":[{"href":"https:\/\/regiaonews.net.br\/2022\/wp-json\/wp\/v2\/posts\/42002","targetHints":{"allow":["GET"]}}],"collection":[{"href":"https:\/\/regiaonews.net.br\/2022\/wp-json\/wp\/v2\/posts"}],"about":[{"href":"https:\/\/regiaonews.net.br\/2022\/wp-json\/wp\/v2\/types\/post"}],"author":[{"embeddable":true,"href":"https:\/\/regiaonews.net.br\/2022\/wp-json\/wp\/v2\/users\/2"}],"replies":[{"embeddable":true,"href":"https:\/\/regiaonews.net.br\/2022\/wp-json\/wp\/v2\/comments?post=42002"}],"version-history":[{"count":0,"href":"https:\/\/regiaonews.net.br\/2022\/wp-json\/wp\/v2\/posts\/42002\/revisions"}],"wp:featuredmedia":[{"embeddable":true,"href":"https:\/\/regiaonews.net.br\/2022\/wp-json\/wp\/v2\/media\/42003"}],"wp:attachment":[{"href":"https:\/\/regiaonews.net.br\/2022\/wp-json\/wp\/v2\/media?parent=42002"}],"wp:term":[{"taxonomy":"category","embeddable":true,"href":"https:\/\/regiaonews.net.br\/2022\/wp-json\/wp\/v2\/categories?post=42002"},{"taxonomy":"post_tag","embeddable":true,"href":"https:\/\/regiaonews.net.br\/2022\/wp-json\/wp\/v2\/tags?post=42002"}],"curies":[{"name":"wp","href":"https:\/\/api.w.org\/{rel}","templated":true}]}}