{"id":41922,"date":"2021-01-17T19:18:46","date_gmt":"2021-01-17T22:18:46","guid":{"rendered":"https:\/\/regiaonews.net.br\/2022\/?p=41922"},"modified":"2021-01-17T19:18:46","modified_gmt":"2021-01-17T22:18:46","slug":"enfermeira-de-sao-paulo-e-primeira-brasileira-vacinada-contra-covid-19","status":"publish","type":"post","link":"https:\/\/regiaonews.net.br\/2022\/2021\/01\/17\/enfermeira-de-sao-paulo-e-primeira-brasileira-vacinada-contra-covid-19\/","title":{"rendered":"Enfermeira de S\u00e3o Paulo \u00e9 primeira brasileira vacinada contra covid-19"},"content":{"rendered":"<p>Logo ap\u00f3s a Ag\u00eancia Nacional de Vigil\u00e2ncia Sanit\u00e1ria (Anvisa) ter aprovado o uso emergencial da CoronaVac, vacina contra o novo coronav\u00edrus produzida pelo Instituto Butantan em parceria com a farmac\u00eautica chinesa Sinovac, o governo paulista aplicou a primeira dose no pa\u00eds.\u00a0<img decoding=\"async\" src=\"https:\/\/agenciabrasil.ebc.com.br\/ebc.png?id=1398908&amp;o=node\" \/><img decoding=\"async\" src=\"https:\/\/agenciabrasil.ebc.com.br\/ebc.gif?id=1398908&amp;o=node\" \/><\/p>\n<p>A primeira pessoa vacinada fora dos estudos cl\u00ednicos foi M\u00f4nica Calazans, de 54 anos, enfermeira, negra e moradora da zona leste da capital. Ela, que atua na linha de frente contra a covid-19 no Instituto de Infectologia Em\u00edlio Ribas, foi vacinada no fim\u00a0da tarde no Instituto Butantan. At\u00e9 ent\u00e3o, as \u00fanicas pessoas do pa\u00eds que haviam tomado a\u00a0vacina faziam parte dos testes cl\u00ednicos.<\/p>\n<p>M\u00f4nica tem perfil de alto risco para a covid-19. Al\u00e9m de trabalhar diretamente na linha de frente, ela \u00e9 obesa, hipertensa e diab\u00e9tica. \u00c9 vi\u00fava\u00a0e mora com o filho, de 30 anos. Nenhum dos dois, at\u00e9 este momento, se infectou com a doen\u00e7a, mas o seu irm\u00e3o ca\u00e7ula, um auxiliar de enfermagem de 44 anos, chegou a ficar internado por 20 dias. Antes de ser vacinada, M\u00f4nica chorou, emocionada, e agradeceu.<\/p>\n<div class=\"dnd-widget-wrapper context-grande_6colunas type-image atom-align-left\">\n<div class=\"dnd-atom-rendered\">\n<div class=\"shadow overflow-hidden rounded-lg d-block zoom-on-hover-sm shadow-hover w-100\"><img decoding=\"async\" class=\"flex-fill img-cover\" title=\"Governo de S\u00e3o Paulo\" src=\"https:\/\/imagens.ebc.com.br\/MVC5dLvtT9nvqZGfALAgrG1dIzM=\/463x0\/smart\/https:\/\/agenciabrasil.ebc.com.br\/sites\/default\/files\/thumbnails\/image\/whatsapp_image_2021-01-17_at_17.10.18.jpeg?itok=RckzFAdM\" alt=\"Vacina, enfermeira , s\u00e3o paulo\" \/><\/div>\n<\/div>\n<div class=\"dnd-caption-wrapper\">\n<h6 class=\"meta\">Enfermeira \u00e9 vacinada em SP-\u00a0<strong>Governo de S\u00e3o Paulo<\/strong><\/h6>\n<\/div>\n<\/div>\n<p>M\u00f4nica foi vacinada por J\u00e9ssica Pires de Camargo, 30 anos, enfermeira de Controle de Doen\u00e7as e Mestre de Sa\u00fade Coletiva pela Santa Casa de S\u00e3o Paulo. Ap\u00f3s ser vacinada, M\u00f4nica recebeu um selo simb\u00f3lico onde estava escrito &#8220;Estou Vacinado pelo Butantan&#8221; e uma pulseira com a frase &#8220;Eu me Vacinei&#8221;.<\/p>\n<p>Em entrevista coletiva, a enfermeira disse que est\u00e1 feliz por ter tomado a vacina. \u201cHoje fui a primeira a ser vacinada. E tenho muito orgulho disso, dessa grande oportunidade. E, como brasileira, eu falo, vamos nos vacinar!\u00a0N\u00e3o tenham medo. \u00c9 isso que estamos precisando, que a gente estava esperando, a vacina, para a gente poder voltar \u00e0 vida normal\u201d.<\/p>\n<p>\u201cChegou a grande chance do povo brasileiro. N\u00e3o tenham medo. Sou pessoa comum, profissional da sa\u00fade.E estou [trabalhando] na pandemia h\u00e1 10 meses, trabalhando incansavelmente em dois hospitais. Falo com seguran\u00e7a e propriedade: n\u00e3o tenham medo. \u00c9 a grande chance que a gente tem de salvar mais vidas\u201d, acrescentou.<\/p>\n<p>Al\u00e9m de M\u00f4nica, o governo paulista tamb\u00e9m vacinou, antes da campanha nacional, uma ind\u00edgena. Vanuzia Costa Santos, 50 anos, moradora da aldeia Filhos Dessa Terra, em Guarulhos, foi a primeira ind\u00edgena vacinada do pa\u00eds. Vanuzia \u00e9 t\u00e9cnica de enfermagem e assistente social e presidente do Conselho do Povo Kaimb\u00e9. Ela teve covid em maio, sentindo sintomas severos como dor no corpo, tosse, falta de ar e aus\u00eancia de paladar e de olfato que persistem at\u00e9 hoje. &#8220;Fiquei muito feliz de participar desse momento. Sou defensora da vida, de outras vacinas, da preven\u00e7\u00e3o, da sa\u00fade&#8221;, disse ela.<\/p>\n<p>O Instituto Butantan\u00a0tem 6\u00a0milh\u00f5es de doses da vacina\u00a0prontas para aplica\u00e7\u00e3o. O governo paulista informou, durante coletiva, que aproximadamente 4,6 milh\u00f5es de doses ir\u00e3o para o\u00a0governo federal, mantendo cerca de 1,3 milh\u00e3o de doses no estado.<\/p>\n<p>O uso emergencial da CoronaVac foi\u00a0<a href=\"https:\/\/agenciabrasil.ebc.com.br\/saude\/noticia\/2021-01\/por-unanimidade-anvisa-aprova-uso-emergencial-de-vacinas-contra-covid\" target=\"_blank\" rel=\"noopener noreferrer\">avaliado hoje<\/a>\u00a0pela Anvisa e aprovado por diretores do \u00f3rg\u00e3o por unanimidade.<\/p>\n<h2>A vacina<\/h2>\n<p>O\u00a0<a href=\"http:\/\/agenciabrasil.ebc.com.br\/saude\/noticia\/2020-09\/governo-de-sp-assina-contrato-com-sinovac-e-preve-vacina-para-dezembro\" target=\"_blank\" rel=\"noopener noreferrer\">governo paulista<\/a>, por meio do Instituto Butantan, tem parceria com a farmac\u00eautica chinesa Sinovac para a produ\u00e7\u00e3o da vacina CoronaVac. Por meio desse acordo, o governo paulista j\u00e1 vem recebendo doses da vacina. O acordo tamb\u00e9m prev\u00ea transfer\u00eancia de tecnologia para o Butantan, o que significa que o imunizante\u00a0tamb\u00e9m ser\u00e1 produzido\u00a0no Brasil, na f\u00e1brica do Butantan. Essas doses foram depois adquiridas pelo Minist\u00e9rio da Sa\u00fade, que deve utiliz\u00e1-las no Programa Nacional de Imuniza\u00e7\u00e3o.<\/p>\n<p>Para uma vacina ser utilizada na popula\u00e7\u00e3o, ela passa por uma fase de estudos em laborat\u00f3rio, uma fase pr\u00e9-cl\u00ednica de testes em animais e tr\u00eas etapas cl\u00ednicas de testes em volunt\u00e1rios humanos, que avaliam a produ\u00e7\u00e3o de anticorpos, a sua seguran\u00e7a e a sua efic\u00e1cia.\u00a0<a href=\"https:\/\/agenciabrasil.ebc.com.br\/saude\/noticia\/2020-09\/covid-19-estudo-com-50-mil-pessoas-aponta-seguranca-da-vacina-chinesa\" target=\"_blank\" rel=\"noopener noreferrer\">Estudos de fases 1 e 2<\/a>\u00a0da vacina, realizados na China, j\u00e1 haviam demonstrado que ela \u00e9 segura, ou seja, n\u00e3o provoca efeitos colaterais graves.\u00a0<a href=\"https:\/\/agenciabrasil.ebc.com.br\/saude\/noticia\/2020-10\/coronavac-e-vacina-em-teste-mais-segura-contra-covid-19\" target=\"_blank\" rel=\"noopener noreferrer\">Estudo feito com volunt\u00e1rios no Brasil<\/a>\u00a0tamb\u00e9m comprovou que a vacina \u00e9 segura.<\/p>\n<p>J\u00e1 os testes de efic\u00e1cia, feitos no Brasil com volunt\u00e1rios da \u00e1rea da sa\u00fade, revelaram que ela tem\u00a0<a href=\"https:\/\/agenciabrasil.ebc.com.br\/saude\/noticia\/2021-01\/taxa-de-eficacia-geral-da-coronavac-e-de-5038\" target=\"_blank\" rel=\"noopener noreferrer\">50,38% de efic\u00e1cia<\/a>, pouco acima do m\u00ednimo dos par\u00e2metros m\u00ednimos exigidos pela Organiza\u00e7\u00e3o Mundial da Sa\u00fade (OMS) e pela Ag\u00eancia Nacional de Vigil\u00e2ncia Sanit\u00e1ria (Anvisa). A taxa m\u00ednima de efic\u00e1cia recomendada \u00e9 de 50% como par\u00e2metro de prote\u00e7\u00e3o.<\/p>\n<h2>Produ\u00e7\u00e3o<\/h2>\n<p>O governo de S\u00e3o Paulo j\u00e1 recebeu, da Sinovac, 10,8 milh\u00f5es de doses da vacina. Desse total, 6 milh\u00f5es de doses j\u00e1 est\u00e3o prontas.Pelo termo de compromisso assinado no fim\u00a0de setembro com a Sinovac, o Butantan vai receber um total de 46 milh\u00f5es de doses da coronaVac. A vacina \u00e9 aplicada em duas doses, com intervalo de 14 dias entre elas.<\/p>\n","protected":false},"excerpt":{"rendered":"<p>Logo ap\u00f3s a Ag\u00eancia Nacional de Vigil\u00e2ncia Sanit\u00e1ria (Anvisa) ter<\/p>\n","protected":false},"author":2,"featured_media":41923,"comment_status":"open","ping_status":"open","sticky":false,"template":"","format":"standard","meta":{"footnotes":""},"categories":[25,7],"tags":[],"class_list":["post-41922","post","type-post","status-publish","format-standard","has-post-thumbnail","hentry","category-cidades","category-estado-de-sao-paulo"],"yoast_head":"<!-- This site is optimized with the Yoast SEO plugin v27.4 - https:\/\/yoast.com\/product\/yoast-seo-wordpress\/ -->\n<title>Enfermeira de S\u00e3o Paulo \u00e9 primeira brasileira vacinada contra covid-19 - Regi\u00e3o News<\/title>\n<meta name=\"robots\" content=\"index, follow, max-snippet:-1, max-image-preview:large, max-video-preview:-1\" \/>\n<link rel=\"canonical\" href=\"https:\/\/regiaonews.net.br\/2022\/2021\/01\/17\/enfermeira-de-sao-paulo-e-primeira-brasileira-vacinada-contra-covid-19\/\" \/>\n<meta property=\"og:locale\" content=\"pt_BR\" \/>\n<meta property=\"og:type\" content=\"article\" \/>\n<meta property=\"og:title\" content=\"Enfermeira de S\u00e3o Paulo \u00e9 primeira brasileira vacinada contra covid-19 - Regi\u00e3o News\" \/>\n<meta property=\"og:description\" content=\"Logo ap\u00f3s a Ag\u00eancia Nacional de Vigil\u00e2ncia Sanit\u00e1ria (Anvisa) ter\" \/>\n<meta property=\"og:url\" content=\"https:\/\/regiaonews.net.br\/2022\/2021\/01\/17\/enfermeira-de-sao-paulo-e-primeira-brasileira-vacinada-contra-covid-19\/\" \/>\n<meta property=\"og:site_name\" content=\"Regi\u00e3o News\" \/>\n<meta property=\"article:published_time\" content=\"2021-01-17T22:18:46+00:00\" \/>\n<meta property=\"og:image\" content=\"https:\/\/regiaonews.net.br\/2022\/wp-content\/uploads\/2021\/01\/whatsapp_image_2021-01-17_at_17.10.18.jpeg\" \/>\n\t<meta property=\"og:image:width\" content=\"463\" \/>\n\t<meta property=\"og:image:height\" content=\"309\" \/>\n\t<meta property=\"og:image:type\" content=\"image\/jpeg\" \/>\n<meta name=\"author\" content=\"Roberto\" \/>\n<meta name=\"twitter:card\" content=\"summary_large_image\" \/>\n<meta name=\"twitter:label1\" content=\"Escrito por\" \/>\n\t<meta name=\"twitter:data1\" content=\"Roberto\" \/>\n\t<meta name=\"twitter:label2\" content=\"Est. tempo de leitura\" \/>\n\t<meta name=\"twitter:data2\" content=\"4 minutos\" \/>\n<script type=\"application\/ld+json\" class=\"yoast-schema-graph\">{\"@context\":\"https:\\\/\\\/schema.org\",\"@graph\":[{\"@type\":\"Article\",\"@id\":\"https:\\\/\\\/regiaonews.net.br\\\/2022\\\/2021\\\/01\\\/17\\\/enfermeira-de-sao-paulo-e-primeira-brasileira-vacinada-contra-covid-19\\\/#article\",\"isPartOf\":{\"@id\":\"https:\\\/\\\/regiaonews.net.br\\\/2022\\\/2021\\\/01\\\/17\\\/enfermeira-de-sao-paulo-e-primeira-brasileira-vacinada-contra-covid-19\\\/\"},\"author\":{\"name\":\"Roberto\",\"@id\":\"https:\\\/\\\/regiaonews.net.br\\\/2022\\\/#\\\/schema\\\/person\\\/2d205a608a5aa97ac279d7a5e6d89ad8\"},\"headline\":\"Enfermeira de S\u00e3o Paulo \u00e9 primeira brasileira vacinada contra covid-19\",\"datePublished\":\"2021-01-17T22:18:46+00:00\",\"mainEntityOfPage\":{\"@id\":\"https:\\\/\\\/regiaonews.net.br\\\/2022\\\/2021\\\/01\\\/17\\\/enfermeira-de-sao-paulo-e-primeira-brasileira-vacinada-contra-covid-19\\\/\"},\"wordCount\":858,\"commentCount\":0,\"publisher\":{\"@id\":\"https:\\\/\\\/regiaonews.net.br\\\/2022\\\/#organization\"},\"image\":{\"@id\":\"https:\\\/\\\/regiaonews.net.br\\\/2022\\\/2021\\\/01\\\/17\\\/enfermeira-de-sao-paulo-e-primeira-brasileira-vacinada-contra-covid-19\\\/#primaryimage\"},\"thumbnailUrl\":\"https:\\\/\\\/regiaonews.net.br\\\/2022\\\/wp-content\\\/uploads\\\/2021\\\/01\\\/whatsapp_image_2021-01-17_at_17.10.18.jpeg\",\"articleSection\":[\"Cidades\",\"Estado de S\u00e3o Paulo\"],\"inLanguage\":\"pt-BR\",\"potentialAction\":[{\"@type\":\"CommentAction\",\"name\":\"Comment\",\"target\":[\"https:\\\/\\\/regiaonews.net.br\\\/2022\\\/2021\\\/01\\\/17\\\/enfermeira-de-sao-paulo-e-primeira-brasileira-vacinada-contra-covid-19\\\/#respond\"]}]},{\"@type\":\"WebPage\",\"@id\":\"https:\\\/\\\/regiaonews.net.br\\\/2022\\\/2021\\\/01\\\/17\\\/enfermeira-de-sao-paulo-e-primeira-brasileira-vacinada-contra-covid-19\\\/\",\"url\":\"https:\\\/\\\/regiaonews.net.br\\\/2022\\\/2021\\\/01\\\/17\\\/enfermeira-de-sao-paulo-e-primeira-brasileira-vacinada-contra-covid-19\\\/\",\"name\":\"Enfermeira de S\u00e3o Paulo \u00e9 primeira brasileira vacinada contra covid-19 - Regi\u00e3o News\",\"isPartOf\":{\"@id\":\"https:\\\/\\\/regiaonews.net.br\\\/2022\\\/#website\"},\"primaryImageOfPage\":{\"@id\":\"https:\\\/\\\/regiaonews.net.br\\\/2022\\\/2021\\\/01\\\/17\\\/enfermeira-de-sao-paulo-e-primeira-brasileira-vacinada-contra-covid-19\\\/#primaryimage\"},\"image\":{\"@id\":\"https:\\\/\\\/regiaonews.net.br\\\/2022\\\/2021\\\/01\\\/17\\\/enfermeira-de-sao-paulo-e-primeira-brasileira-vacinada-contra-covid-19\\\/#primaryimage\"},\"thumbnailUrl\":\"https:\\\/\\\/regiaonews.net.br\\\/2022\\\/wp-content\\\/uploads\\\/2021\\\/01\\\/whatsapp_image_2021-01-17_at_17.10.18.jpeg\",\"datePublished\":\"2021-01-17T22:18:46+00:00\",\"breadcrumb\":{\"@id\":\"https:\\\/\\\/regiaonews.net.br\\\/2022\\\/2021\\\/01\\\/17\\\/enfermeira-de-sao-paulo-e-primeira-brasileira-vacinada-contra-covid-19\\\/#breadcrumb\"},\"inLanguage\":\"pt-BR\",\"potentialAction\":[{\"@type\":\"ReadAction\",\"target\":[\"https:\\\/\\\/regiaonews.net.br\\\/2022\\\/2021\\\/01\\\/17\\\/enfermeira-de-sao-paulo-e-primeira-brasileira-vacinada-contra-covid-19\\\/\"]}]},{\"@type\":\"ImageObject\",\"inLanguage\":\"pt-BR\",\"@id\":\"https:\\\/\\\/regiaonews.net.br\\\/2022\\\/2021\\\/01\\\/17\\\/enfermeira-de-sao-paulo-e-primeira-brasileira-vacinada-contra-covid-19\\\/#primaryimage\",\"url\":\"https:\\\/\\\/regiaonews.net.br\\\/2022\\\/wp-content\\\/uploads\\\/2021\\\/01\\\/whatsapp_image_2021-01-17_at_17.10.18.jpeg\",\"contentUrl\":\"https:\\\/\\\/regiaonews.net.br\\\/2022\\\/wp-content\\\/uploads\\\/2021\\\/01\\\/whatsapp_image_2021-01-17_at_17.10.18.jpeg\",\"width\":463,\"height\":309},{\"@type\":\"BreadcrumbList\",\"@id\":\"https:\\\/\\\/regiaonews.net.br\\\/2022\\\/2021\\\/01\\\/17\\\/enfermeira-de-sao-paulo-e-primeira-brasileira-vacinada-contra-covid-19\\\/#breadcrumb\",\"itemListElement\":[{\"@type\":\"ListItem\",\"position\":1,\"name\":\"In\u00edcio\",\"item\":\"https:\\\/\\\/regiaonews.net.br\\\/2022\\\/\"},{\"@type\":\"ListItem\",\"position\":2,\"name\":\"Enfermeira de S\u00e3o Paulo \u00e9 primeira brasileira vacinada contra covid-19\"}]},{\"@type\":\"WebSite\",\"@id\":\"https:\\\/\\\/regiaonews.net.br\\\/2022\\\/#website\",\"url\":\"https:\\\/\\\/regiaonews.net.br\\\/2022\\\/\",\"name\":\"Regi\u00e3o News\",\"description\":\"Site de Not\u00edcias de Barretos e regi\u00e3o\",\"publisher\":{\"@id\":\"https:\\\/\\\/regiaonews.net.br\\\/2022\\\/#organization\"},\"potentialAction\":[{\"@type\":\"SearchAction\",\"target\":{\"@type\":\"EntryPoint\",\"urlTemplate\":\"https:\\\/\\\/regiaonews.net.br\\\/2022\\\/?s={search_term_string}\"},\"query-input\":{\"@type\":\"PropertyValueSpecification\",\"valueRequired\":true,\"valueName\":\"search_term_string\"}}],\"inLanguage\":\"pt-BR\"},{\"@type\":\"Organization\",\"@id\":\"https:\\\/\\\/regiaonews.net.br\\\/2022\\\/#organization\",\"name\":\"Regi\u00e3o News\",\"url\":\"https:\\\/\\\/regiaonews.net.br\\\/2022\\\/\",\"logo\":{\"@type\":\"ImageObject\",\"inLanguage\":\"pt-BR\",\"@id\":\"https:\\\/\\\/regiaonews.net.br\\\/2022\\\/#\\\/schema\\\/logo\\\/image\\\/\",\"url\":\"https:\\\/\\\/regiaonews.net.br\\\/2022\\\/wp-content\\\/uploads\\\/2026\\\/03\\\/regiao-13-anos-scaled.jpg\",\"contentUrl\":\"https:\\\/\\\/regiaonews.net.br\\\/2022\\\/wp-content\\\/uploads\\\/2026\\\/03\\\/regiao-13-anos-scaled.jpg\",\"width\":2560,\"height\":635,\"caption\":\"Regi\u00e3o News\"},\"image\":{\"@id\":\"https:\\\/\\\/regiaonews.net.br\\\/2022\\\/#\\\/schema\\\/logo\\\/image\\\/\"}},{\"@type\":\"Person\",\"@id\":\"https:\\\/\\\/regiaonews.net.br\\\/2022\\\/#\\\/schema\\\/person\\\/2d205a608a5aa97ac279d7a5e6d89ad8\",\"name\":\"Roberto\",\"image\":{\"@type\":\"ImageObject\",\"inLanguage\":\"pt-BR\",\"@id\":\"https:\\\/\\\/secure.gravatar.com\\\/avatar\\\/42749d8b712ff9d59ca93dc150494e5b55a44134482993f5baeb97e61b7ecc89?s=96&d=mm&r=g\",\"url\":\"https:\\\/\\\/secure.gravatar.com\\\/avatar\\\/42749d8b712ff9d59ca93dc150494e5b55a44134482993f5baeb97e61b7ecc89?s=96&d=mm&r=g\",\"contentUrl\":\"https:\\\/\\\/secure.gravatar.com\\\/avatar\\\/42749d8b712ff9d59ca93dc150494e5b55a44134482993f5baeb97e61b7ecc89?s=96&d=mm&r=g\",\"caption\":\"Roberto\"},\"url\":\"https:\\\/\\\/regiaonews.net.br\\\/2022\\\/author\\\/roberto\\\/\"}]}<\/script>\n<!-- \/ Yoast SEO plugin. -->","yoast_head_json":{"title":"Enfermeira de S\u00e3o Paulo \u00e9 primeira brasileira vacinada contra covid-19 - Regi\u00e3o News","robots":{"index":"index","follow":"follow","max-snippet":"max-snippet:-1","max-image-preview":"max-image-preview:large","max-video-preview":"max-video-preview:-1"},"canonical":"https:\/\/regiaonews.net.br\/2022\/2021\/01\/17\/enfermeira-de-sao-paulo-e-primeira-brasileira-vacinada-contra-covid-19\/","og_locale":"pt_BR","og_type":"article","og_title":"Enfermeira de S\u00e3o Paulo \u00e9 primeira brasileira vacinada contra covid-19 - Regi\u00e3o News","og_description":"Logo ap\u00f3s a Ag\u00eancia Nacional de Vigil\u00e2ncia Sanit\u00e1ria (Anvisa) ter","og_url":"https:\/\/regiaonews.net.br\/2022\/2021\/01\/17\/enfermeira-de-sao-paulo-e-primeira-brasileira-vacinada-contra-covid-19\/","og_site_name":"Regi\u00e3o News","article_published_time":"2021-01-17T22:18:46+00:00","og_image":[{"width":463,"height":309,"url":"https:\/\/regiaonews.net.br\/2022\/wp-content\/uploads\/2021\/01\/whatsapp_image_2021-01-17_at_17.10.18.jpeg","type":"image\/jpeg"}],"author":"Roberto","twitter_card":"summary_large_image","twitter_misc":{"Escrito por":"Roberto","Est. tempo de leitura":"4 minutos"},"schema":{"@context":"https:\/\/schema.org","@graph":[{"@type":"Article","@id":"https:\/\/regiaonews.net.br\/2022\/2021\/01\/17\/enfermeira-de-sao-paulo-e-primeira-brasileira-vacinada-contra-covid-19\/#article","isPartOf":{"@id":"https:\/\/regiaonews.net.br\/2022\/2021\/01\/17\/enfermeira-de-sao-paulo-e-primeira-brasileira-vacinada-contra-covid-19\/"},"author":{"name":"Roberto","@id":"https:\/\/regiaonews.net.br\/2022\/#\/schema\/person\/2d205a608a5aa97ac279d7a5e6d89ad8"},"headline":"Enfermeira de S\u00e3o Paulo \u00e9 primeira brasileira vacinada contra covid-19","datePublished":"2021-01-17T22:18:46+00:00","mainEntityOfPage":{"@id":"https:\/\/regiaonews.net.br\/2022\/2021\/01\/17\/enfermeira-de-sao-paulo-e-primeira-brasileira-vacinada-contra-covid-19\/"},"wordCount":858,"commentCount":0,"publisher":{"@id":"https:\/\/regiaonews.net.br\/2022\/#organization"},"image":{"@id":"https:\/\/regiaonews.net.br\/2022\/2021\/01\/17\/enfermeira-de-sao-paulo-e-primeira-brasileira-vacinada-contra-covid-19\/#primaryimage"},"thumbnailUrl":"https:\/\/regiaonews.net.br\/2022\/wp-content\/uploads\/2021\/01\/whatsapp_image_2021-01-17_at_17.10.18.jpeg","articleSection":["Cidades","Estado de S\u00e3o Paulo"],"inLanguage":"pt-BR","potentialAction":[{"@type":"CommentAction","name":"Comment","target":["https:\/\/regiaonews.net.br\/2022\/2021\/01\/17\/enfermeira-de-sao-paulo-e-primeira-brasileira-vacinada-contra-covid-19\/#respond"]}]},{"@type":"WebPage","@id":"https:\/\/regiaonews.net.br\/2022\/2021\/01\/17\/enfermeira-de-sao-paulo-e-primeira-brasileira-vacinada-contra-covid-19\/","url":"https:\/\/regiaonews.net.br\/2022\/2021\/01\/17\/enfermeira-de-sao-paulo-e-primeira-brasileira-vacinada-contra-covid-19\/","name":"Enfermeira de S\u00e3o Paulo \u00e9 primeira brasileira vacinada contra covid-19 - Regi\u00e3o News","isPartOf":{"@id":"https:\/\/regiaonews.net.br\/2022\/#website"},"primaryImageOfPage":{"@id":"https:\/\/regiaonews.net.br\/2022\/2021\/01\/17\/enfermeira-de-sao-paulo-e-primeira-brasileira-vacinada-contra-covid-19\/#primaryimage"},"image":{"@id":"https:\/\/regiaonews.net.br\/2022\/2021\/01\/17\/enfermeira-de-sao-paulo-e-primeira-brasileira-vacinada-contra-covid-19\/#primaryimage"},"thumbnailUrl":"https:\/\/regiaonews.net.br\/2022\/wp-content\/uploads\/2021\/01\/whatsapp_image_2021-01-17_at_17.10.18.jpeg","datePublished":"2021-01-17T22:18:46+00:00","breadcrumb":{"@id":"https:\/\/regiaonews.net.br\/2022\/2021\/01\/17\/enfermeira-de-sao-paulo-e-primeira-brasileira-vacinada-contra-covid-19\/#breadcrumb"},"inLanguage":"pt-BR","potentialAction":[{"@type":"ReadAction","target":["https:\/\/regiaonews.net.br\/2022\/2021\/01\/17\/enfermeira-de-sao-paulo-e-primeira-brasileira-vacinada-contra-covid-19\/"]}]},{"@type":"ImageObject","inLanguage":"pt-BR","@id":"https:\/\/regiaonews.net.br\/2022\/2021\/01\/17\/enfermeira-de-sao-paulo-e-primeira-brasileira-vacinada-contra-covid-19\/#primaryimage","url":"https:\/\/regiaonews.net.br\/2022\/wp-content\/uploads\/2021\/01\/whatsapp_image_2021-01-17_at_17.10.18.jpeg","contentUrl":"https:\/\/regiaonews.net.br\/2022\/wp-content\/uploads\/2021\/01\/whatsapp_image_2021-01-17_at_17.10.18.jpeg","width":463,"height":309},{"@type":"BreadcrumbList","@id":"https:\/\/regiaonews.net.br\/2022\/2021\/01\/17\/enfermeira-de-sao-paulo-e-primeira-brasileira-vacinada-contra-covid-19\/#breadcrumb","itemListElement":[{"@type":"ListItem","position":1,"name":"In\u00edcio","item":"https:\/\/regiaonews.net.br\/2022\/"},{"@type":"ListItem","position":2,"name":"Enfermeira de S\u00e3o Paulo \u00e9 primeira brasileira vacinada contra covid-19"}]},{"@type":"WebSite","@id":"https:\/\/regiaonews.net.br\/2022\/#website","url":"https:\/\/regiaonews.net.br\/2022\/","name":"Regi\u00e3o News","description":"Site de Not\u00edcias de Barretos e regi\u00e3o","publisher":{"@id":"https:\/\/regiaonews.net.br\/2022\/#organization"},"potentialAction":[{"@type":"SearchAction","target":{"@type":"EntryPoint","urlTemplate":"https:\/\/regiaonews.net.br\/2022\/?s={search_term_string}"},"query-input":{"@type":"PropertyValueSpecification","valueRequired":true,"valueName":"search_term_string"}}],"inLanguage":"pt-BR"},{"@type":"Organization","@id":"https:\/\/regiaonews.net.br\/2022\/#organization","name":"Regi\u00e3o News","url":"https:\/\/regiaonews.net.br\/2022\/","logo":{"@type":"ImageObject","inLanguage":"pt-BR","@id":"https:\/\/regiaonews.net.br\/2022\/#\/schema\/logo\/image\/","url":"https:\/\/regiaonews.net.br\/2022\/wp-content\/uploads\/2026\/03\/regiao-13-anos-scaled.jpg","contentUrl":"https:\/\/regiaonews.net.br\/2022\/wp-content\/uploads\/2026\/03\/regiao-13-anos-scaled.jpg","width":2560,"height":635,"caption":"Regi\u00e3o News"},"image":{"@id":"https:\/\/regiaonews.net.br\/2022\/#\/schema\/logo\/image\/"}},{"@type":"Person","@id":"https:\/\/regiaonews.net.br\/2022\/#\/schema\/person\/2d205a608a5aa97ac279d7a5e6d89ad8","name":"Roberto","image":{"@type":"ImageObject","inLanguage":"pt-BR","@id":"https:\/\/secure.gravatar.com\/avatar\/42749d8b712ff9d59ca93dc150494e5b55a44134482993f5baeb97e61b7ecc89?s=96&d=mm&r=g","url":"https:\/\/secure.gravatar.com\/avatar\/42749d8b712ff9d59ca93dc150494e5b55a44134482993f5baeb97e61b7ecc89?s=96&d=mm&r=g","contentUrl":"https:\/\/secure.gravatar.com\/avatar\/42749d8b712ff9d59ca93dc150494e5b55a44134482993f5baeb97e61b7ecc89?s=96&d=mm&r=g","caption":"Roberto"},"url":"https:\/\/regiaonews.net.br\/2022\/author\/roberto\/"}]}},"publishpress_future_action":{"enabled":false,"date":"2026-05-03 05:11:35","action":"change-status","newStatus":"draft","terms":[],"taxonomy":"category","extraData":[]},"publishpress_future_workflow_manual_trigger":{"enabledWorkflows":[]},"_links":{"self":[{"href":"https:\/\/regiaonews.net.br\/2022\/wp-json\/wp\/v2\/posts\/41922","targetHints":{"allow":["GET"]}}],"collection":[{"href":"https:\/\/regiaonews.net.br\/2022\/wp-json\/wp\/v2\/posts"}],"about":[{"href":"https:\/\/regiaonews.net.br\/2022\/wp-json\/wp\/v2\/types\/post"}],"author":[{"embeddable":true,"href":"https:\/\/regiaonews.net.br\/2022\/wp-json\/wp\/v2\/users\/2"}],"replies":[{"embeddable":true,"href":"https:\/\/regiaonews.net.br\/2022\/wp-json\/wp\/v2\/comments?post=41922"}],"version-history":[{"count":0,"href":"https:\/\/regiaonews.net.br\/2022\/wp-json\/wp\/v2\/posts\/41922\/revisions"}],"wp:featuredmedia":[{"embeddable":true,"href":"https:\/\/regiaonews.net.br\/2022\/wp-json\/wp\/v2\/media\/41923"}],"wp:attachment":[{"href":"https:\/\/regiaonews.net.br\/2022\/wp-json\/wp\/v2\/media?parent=41922"}],"wp:term":[{"taxonomy":"category","embeddable":true,"href":"https:\/\/regiaonews.net.br\/2022\/wp-json\/wp\/v2\/categories?post=41922"},{"taxonomy":"post_tag","embeddable":true,"href":"https:\/\/regiaonews.net.br\/2022\/wp-json\/wp\/v2\/tags?post=41922"}],"curies":[{"name":"wp","href":"https:\/\/api.w.org\/{rel}","templated":true}]}}