{"id":41919,"date":"2021-01-17T19:15:05","date_gmt":"2021-01-17T22:15:05","guid":{"rendered":"https:\/\/regiaonews.net.br\/2022\/?p=41919"},"modified":"2021-01-17T19:15:05","modified_gmt":"2021-01-17T22:15:05","slug":"vacinacao-contra-covid-19-comeca-na-quarta-feira-anuncia-pazuello","status":"publish","type":"post","link":"https:\/\/regiaonews.net.br\/2022\/2021\/01\/17\/vacinacao-contra-covid-19-comeca-na-quarta-feira-anuncia-pazuello\/","title":{"rendered":"Vacina\u00e7\u00e3o contra covid-19 come\u00e7a na quarta-feira, anuncia Pazuello"},"content":{"rendered":"<p>A vacina\u00e7\u00e3o contra a covid-19 come\u00e7a na pr\u00f3xima quarta-feira (20), \u00e0s 10h, em todo o pa\u00eds, para os grupos priorit\u00e1rios. O an\u00fancio foi feito neste domingo (17), pelo ministro da Sa\u00fade, Eduardo Pazuello, durante coletiva no Rio de Janeiro.\u00a0<img decoding=\"async\" src=\"https:\/\/agenciabrasil.ebc.com.br\/ebc.png?id=1398897&amp;o=node\" \/><img decoding=\"async\" src=\"https:\/\/agenciabrasil.ebc.com.br\/ebc.gif?id=1398897&amp;o=node\" \/><\/p>\n<p>Segundo o ministro, ser\u00e3o inicialmente 3 milh\u00f5es de pessoas a serem vacinadas, com duas doses cada uma, totalizando 6 milh\u00f5es de doses da CoronaVac, produzida pela empresa chinesa Sinovac e o Instituto Butantan. O uso emergencial da CoronaVac\u00a0<a href=\"https:\/\/agenciabrasil.ebc.com.br\/saude\/noticia\/2021-01\/por-unanimidade-anvisa-aprova-uso-emergencial-de-vacinas-contra-covid\" target=\"_blank\" rel=\"noopener noreferrer\">foi aprovado hoje<\/a>\u00a0(17) pela Ag\u00eancia Nacional de Vigil\u00e2ncia Sanit\u00e1ria (Anvisa).<\/p>\n<p>O ministro abriu a coletiva se solidarizando com as fam\u00edlias das v\u00edtimas e agradecendo aos profissionais de sa\u00fade na linha de frente da pandemia.<\/p>\n<div class=\"dnd-widget-wrapper context-cheio_8colunas type-image\">\n<div class=\"dnd-atom-rendered\">\n<div class=\"shadow overflow-hidden rounded-lg d-block zoom-on-hover-sm shadow-hover w-100\"><img decoding=\"async\" class=\"flex-fill img-cover\" title=\"T\u00e2nia R\u00eago\/Ag\u00eancia Brasil\" src=\"https:\/\/imagens.ebc.com.br\/uNJm6WO6GfgnJriLRrOLBCETEwM=\/754x0\/smart\/https:\/\/agenciabrasil.ebc.com.br\/sites\/default\/files\/thumbnails\/image\/saude_eduardo_pazuello_instituto_de_traumatologia_e_ortopedia_tnrgo_abr_17012101034_0.jpg?itok=L60Y8V_H\" alt=\"O ministro da Sa\u00fade, Eduardo Pazuello, concede entrevista, para falar sobre a vacina\u00e7\u00e3o contra a covid-19 no pa\u00eds, Instituto Nacional de Traumatologia e Ortopedia (Into)\" \/><\/div>\n<\/div>\n<div class=\"dnd-caption-wrapper\">\n<h6 class=\"meta\">O ministro da Sa\u00fade, Eduardo Pazuello, concede entrevista, para falar sobre a vacina\u00e7\u00e3o contra a covid-19 no pa\u00eds, Instituto Nacional de Traumatologia e Ortopedia (Into) &#8211;\u00a0<strong>T\u00e2nia R\u00eago\/Ag\u00eancia Brasil<\/strong><\/h6>\n<\/div>\n<\/div>\n<blockquote><p>\u201cQuero come\u00e7ar me solidarizando com cada fam\u00edlia que perdeu um ente querido. J\u00e1 passamos de 200 mil mortes em nosso pa\u00eds. E agradecer a todos os profissionais de sa\u00fade, que j\u00e1 salvaram mais de 7 milh\u00f5es de pessoas v\u00edtimas da covid-19. Hoje o Brasil passa por um momento de grande avan\u00e7o, esperan\u00e7a e conforto aos brasileiros, que aguardavam por esta not\u00edcia. Est\u00e1 dado o primeiro passo para a maior campanha de vacina\u00e7\u00e3o do mundo contra o coronav\u00edrus\u201d, disse Pazuello.<\/p><\/blockquote>\n<p>O ministro afirmou que o importante \u00e9 garantir a todos os estados as doses da vacina, em igualdade de condi\u00e7\u00f5es, respeitando a quest\u00e3o da gravidade local.<\/p>\n<p>\u201cO Minist\u00e9rio da Sa\u00fade tem em m\u00e3os, neste instante, as vacinas, tanto do Butantan quanto da AstraZeneca [em parceria com a Fiocruz]. E n\u00f3s poder\u00edamos, num ato simb\u00f3lico, ou numa jogada de marketing, iniciar a primeira dose em uma pessoa. Mas em respeito a todos os governadores, prefeitos e todos os brasileiros, o Minist\u00e9rio da Sa\u00fade n\u00e3o far\u00e1 isso\u201d, frisou o ministro.<\/p>\n<p>Pazzuelo destacou que existe um pacto federativo hist\u00f3rico entre a Uni\u00e3o e os estados, que dever\u00e1 ser respeitado, com a sa\u00fade da popula\u00e7\u00e3o colocada acima de tudo.<\/p>\n<p>\u201cQuebrar essa pactua\u00e7\u00e3o \u00e9 desprezar a igualdade entre os estados e todos os brasileiros. \u00c9 desprezar a lealdade federativa. Senhores governadores, n\u00e3o permitam movimentos pol\u00edticos eleitoreiros se aproveitando da vacina\u00e7\u00e3o nos seus estados. O \u00fanico objetivo, neste momento, tem que ser o de salvar mais vidas e n\u00e3o fazer propaganda pr\u00f3pria\u201d, destacou o ministro.<\/p>\n<p>Em S\u00e3o Paulo, o\u00a0<a href=\"https:\/\/agenciabrasil.ebc.com.br\/saude\/noticia\/2021-01\/enfermeira-de-sao-paulo-e-primeira-brasileira-vacinada-contra-covid-19\" target=\"_blank\" rel=\"noopener noreferrer\">governo estadual iniciou hoje a vacina\u00e7\u00e3o<\/a>\u00a0contra o novo coronav\u00edrus, imunizando uma enfermeira que trabalha na linha de frente contra o v\u00edrus.<\/p>\n<h2>Distribui\u00e7\u00e3o<\/h2>\n<p>Pazuello comentou como dever\u00e1 ser o processo de vacina\u00e7\u00e3o, a partir de quarta-feira, sendo que a responsabilidade da opera\u00e7\u00e3o log\u00edstica ser\u00e1 dos munic\u00edpios, definindo quem s\u00e3o os grupos priorit\u00e1rios a receberem as primeiras doses. Segundo o ministro, as doses come\u00e7ar\u00e3o a ser entregues aos estados a partir das 7h desta\u00a0segunda-feira (18), com apoio do Minist\u00e9rio da Defesa, com deslocamento a\u00e9reo.<\/p>\n<p>\u201cOs grupos priorit\u00e1rios s\u00e3o mais controlados. Idosos em instala\u00e7\u00f5es de longa dura\u00e7\u00e3o, que a vacina vai at\u00e9 eles, profissionais de sa\u00fade que est\u00e3o na linha de frente, em que forma de comunica\u00e7\u00e3o \u00e9 em outro n\u00edvel, vai no aplicativo Conecte SUS, onde faz a inscri\u00e7\u00e3o para a vacina\u00e7\u00e3o, os \u00edndios aldeados, [que a vacina\u00e7\u00e3o] vai at\u00e9 a aldeia. Ent\u00e3o esses grupos iniciais s\u00e3o mais simples de serem trabalhados. Isso vai dando tempo para a estrutura se organizar para os p\u00fablicos maiores. Neste momento, os priorit\u00e1rios s\u00e3o muito mais simples de se fazer. E isso est\u00e1 no plano de execu\u00e7\u00e3o do munic\u00edpio, que executa a vacina\u00e7\u00e3o\u201d, explicou o ministro.<\/p>\n<p>Assista a entrevista coletiva:<\/p>\n<div class=\"embed-container\"><iframe src=\"https:\/\/www.youtube.com\/embed\/4SP1sGGoCN4\" frameborder=\"0\" allowfullscreen=\"allowfullscreen\" data-mce-fragment=\"1\"><\/iframe><\/div>\n<p>Neste domingo (17), a Ag\u00eancia Nacional de Vigil\u00e2ncia Sanit\u00e1ria (Anvisa) recomendou o uso emergencial no pa\u00eds das vacinas CoronaVac, do Instituto Butantan, em parceria com a farmac\u00eautica chinesa Sinovac, e da AstraZeneca, da Funda\u00e7\u00e3o Oswaldo Cruz (Fiocruz), em parceria com o cons\u00f3rcio Astrazeneca\/Oxford.\u00a0A\u00a0reuni\u00e3o durou cerca de cinco horas.<\/p>\n<p>No caso da CoronaVac, a\u00a0taxa de sucesso na preven\u00e7\u00e3o da doen\u00e7a em rela\u00e7\u00e3o ao grupo que tomou placebo (medicamento in\u00f3cuo)\u00a0atingiu 50,39%, segundo a ag\u00eancia. Para a AstraZeneca, a\u00a0Anvisa confirmou a efic\u00e1cia global do imunizante em 70,42%.<\/p>\n","protected":false},"excerpt":{"rendered":"<p>A vacina\u00e7\u00e3o contra a covid-19 come\u00e7a na pr\u00f3xima quarta-feira (20),<\/p>\n","protected":false},"author":2,"featured_media":41920,"comment_status":"open","ping_status":"open","sticky":false,"template":"","format":"standard","meta":{"footnotes":""},"categories":[24,25],"tags":[],"class_list":["post-41919","post","type-post","status-publish","format-standard","has-post-thumbnail","hentry","category-brasil","category-cidades"],"yoast_head":"<!-- This site is optimized with the Yoast SEO plugin v27.4 - https:\/\/yoast.com\/product\/yoast-seo-wordpress\/ -->\n<title>Vacina\u00e7\u00e3o contra covid-19 come\u00e7a na quarta-feira, anuncia Pazuello - Regi\u00e3o News<\/title>\n<meta name=\"robots\" content=\"index, follow, max-snippet:-1, max-image-preview:large, max-video-preview:-1\" \/>\n<link rel=\"canonical\" href=\"https:\/\/regiaonews.net.br\/2022\/2021\/01\/17\/vacinacao-contra-covid-19-comeca-na-quarta-feira-anuncia-pazuello\/\" \/>\n<meta property=\"og:locale\" content=\"pt_BR\" \/>\n<meta property=\"og:type\" content=\"article\" \/>\n<meta property=\"og:title\" content=\"Vacina\u00e7\u00e3o contra covid-19 come\u00e7a na quarta-feira, anuncia Pazuello - Regi\u00e3o News\" \/>\n<meta property=\"og:description\" content=\"A vacina\u00e7\u00e3o contra a covid-19 come\u00e7a na pr\u00f3xima quarta-feira (20),\" \/>\n<meta property=\"og:url\" content=\"https:\/\/regiaonews.net.br\/2022\/2021\/01\/17\/vacinacao-contra-covid-19-comeca-na-quarta-feira-anuncia-pazuello\/\" \/>\n<meta property=\"og:site_name\" content=\"Regi\u00e3o News\" \/>\n<meta property=\"article:published_time\" content=\"2021-01-17T22:15:05+00:00\" \/>\n<meta property=\"og:image\" content=\"https:\/\/regiaonews.net.br\/2022\/wp-content\/uploads\/2021\/01\/saude_eduardo_pazuello_instituto_de_traumatologia_e_ortopedia_tnrgo_abr_17012101040_0.jpg\" \/>\n\t<meta property=\"og:image:width\" content=\"1170\" \/>\n\t<meta property=\"og:image:height\" content=\"700\" \/>\n\t<meta property=\"og:image:type\" content=\"image\/jpeg\" \/>\n<meta name=\"author\" content=\"Roberto\" \/>\n<meta name=\"twitter:card\" content=\"summary_large_image\" \/>\n<meta name=\"twitter:label1\" content=\"Escrito por\" \/>\n\t<meta name=\"twitter:data1\" content=\"Roberto\" \/>\n\t<meta name=\"twitter:label2\" content=\"Est. tempo de leitura\" \/>\n\t<meta name=\"twitter:data2\" content=\"4 minutos\" \/>\n<script type=\"application\/ld+json\" class=\"yoast-schema-graph\">{\"@context\":\"https:\\\/\\\/schema.org\",\"@graph\":[{\"@type\":\"Article\",\"@id\":\"https:\\\/\\\/regiaonews.net.br\\\/2022\\\/2021\\\/01\\\/17\\\/vacinacao-contra-covid-19-comeca-na-quarta-feira-anuncia-pazuello\\\/#article\",\"isPartOf\":{\"@id\":\"https:\\\/\\\/regiaonews.net.br\\\/2022\\\/2021\\\/01\\\/17\\\/vacinacao-contra-covid-19-comeca-na-quarta-feira-anuncia-pazuello\\\/\"},\"author\":{\"name\":\"Roberto\",\"@id\":\"https:\\\/\\\/regiaonews.net.br\\\/2022\\\/#\\\/schema\\\/person\\\/2d205a608a5aa97ac279d7a5e6d89ad8\"},\"headline\":\"Vacina\u00e7\u00e3o contra covid-19 come\u00e7a na quarta-feira, anuncia Pazuello\",\"datePublished\":\"2021-01-17T22:15:05+00:00\",\"mainEntityOfPage\":{\"@id\":\"https:\\\/\\\/regiaonews.net.br\\\/2022\\\/2021\\\/01\\\/17\\\/vacinacao-contra-covid-19-comeca-na-quarta-feira-anuncia-pazuello\\\/\"},\"wordCount\":777,\"commentCount\":0,\"publisher\":{\"@id\":\"https:\\\/\\\/regiaonews.net.br\\\/2022\\\/#organization\"},\"image\":{\"@id\":\"https:\\\/\\\/regiaonews.net.br\\\/2022\\\/2021\\\/01\\\/17\\\/vacinacao-contra-covid-19-comeca-na-quarta-feira-anuncia-pazuello\\\/#primaryimage\"},\"thumbnailUrl\":\"https:\\\/\\\/regiaonews.net.br\\\/2022\\\/wp-content\\\/uploads\\\/2021\\\/01\\\/saude_eduardo_pazuello_instituto_de_traumatologia_e_ortopedia_tnrgo_abr_17012101040_0.jpg\",\"articleSection\":[\"Brasil\",\"Cidades\"],\"inLanguage\":\"pt-BR\",\"potentialAction\":[{\"@type\":\"CommentAction\",\"name\":\"Comment\",\"target\":[\"https:\\\/\\\/regiaonews.net.br\\\/2022\\\/2021\\\/01\\\/17\\\/vacinacao-contra-covid-19-comeca-na-quarta-feira-anuncia-pazuello\\\/#respond\"]}]},{\"@type\":\"WebPage\",\"@id\":\"https:\\\/\\\/regiaonews.net.br\\\/2022\\\/2021\\\/01\\\/17\\\/vacinacao-contra-covid-19-comeca-na-quarta-feira-anuncia-pazuello\\\/\",\"url\":\"https:\\\/\\\/regiaonews.net.br\\\/2022\\\/2021\\\/01\\\/17\\\/vacinacao-contra-covid-19-comeca-na-quarta-feira-anuncia-pazuello\\\/\",\"name\":\"Vacina\u00e7\u00e3o contra covid-19 come\u00e7a na quarta-feira, anuncia Pazuello - Regi\u00e3o News\",\"isPartOf\":{\"@id\":\"https:\\\/\\\/regiaonews.net.br\\\/2022\\\/#website\"},\"primaryImageOfPage\":{\"@id\":\"https:\\\/\\\/regiaonews.net.br\\\/2022\\\/2021\\\/01\\\/17\\\/vacinacao-contra-covid-19-comeca-na-quarta-feira-anuncia-pazuello\\\/#primaryimage\"},\"image\":{\"@id\":\"https:\\\/\\\/regiaonews.net.br\\\/2022\\\/2021\\\/01\\\/17\\\/vacinacao-contra-covid-19-comeca-na-quarta-feira-anuncia-pazuello\\\/#primaryimage\"},\"thumbnailUrl\":\"https:\\\/\\\/regiaonews.net.br\\\/2022\\\/wp-content\\\/uploads\\\/2021\\\/01\\\/saude_eduardo_pazuello_instituto_de_traumatologia_e_ortopedia_tnrgo_abr_17012101040_0.jpg\",\"datePublished\":\"2021-01-17T22:15:05+00:00\",\"breadcrumb\":{\"@id\":\"https:\\\/\\\/regiaonews.net.br\\\/2022\\\/2021\\\/01\\\/17\\\/vacinacao-contra-covid-19-comeca-na-quarta-feira-anuncia-pazuello\\\/#breadcrumb\"},\"inLanguage\":\"pt-BR\",\"potentialAction\":[{\"@type\":\"ReadAction\",\"target\":[\"https:\\\/\\\/regiaonews.net.br\\\/2022\\\/2021\\\/01\\\/17\\\/vacinacao-contra-covid-19-comeca-na-quarta-feira-anuncia-pazuello\\\/\"]}]},{\"@type\":\"ImageObject\",\"inLanguage\":\"pt-BR\",\"@id\":\"https:\\\/\\\/regiaonews.net.br\\\/2022\\\/2021\\\/01\\\/17\\\/vacinacao-contra-covid-19-comeca-na-quarta-feira-anuncia-pazuello\\\/#primaryimage\",\"url\":\"https:\\\/\\\/regiaonews.net.br\\\/2022\\\/wp-content\\\/uploads\\\/2021\\\/01\\\/saude_eduardo_pazuello_instituto_de_traumatologia_e_ortopedia_tnrgo_abr_17012101040_0.jpg\",\"contentUrl\":\"https:\\\/\\\/regiaonews.net.br\\\/2022\\\/wp-content\\\/uploads\\\/2021\\\/01\\\/saude_eduardo_pazuello_instituto_de_traumatologia_e_ortopedia_tnrgo_abr_17012101040_0.jpg\",\"width\":1170,\"height\":700,\"caption\":\"O ministro da Sa\u00fade, Eduardo Pazuello, em entrevista coletiva no Instituto de Traumatologia e Ortopedia (Into) no Rio de Janeiro.\"},{\"@type\":\"BreadcrumbList\",\"@id\":\"https:\\\/\\\/regiaonews.net.br\\\/2022\\\/2021\\\/01\\\/17\\\/vacinacao-contra-covid-19-comeca-na-quarta-feira-anuncia-pazuello\\\/#breadcrumb\",\"itemListElement\":[{\"@type\":\"ListItem\",\"position\":1,\"name\":\"In\u00edcio\",\"item\":\"https:\\\/\\\/regiaonews.net.br\\\/2022\\\/\"},{\"@type\":\"ListItem\",\"position\":2,\"name\":\"Vacina\u00e7\u00e3o contra covid-19 come\u00e7a na quarta-feira, anuncia Pazuello\"}]},{\"@type\":\"WebSite\",\"@id\":\"https:\\\/\\\/regiaonews.net.br\\\/2022\\\/#website\",\"url\":\"https:\\\/\\\/regiaonews.net.br\\\/2022\\\/\",\"name\":\"Regi\u00e3o News\",\"description\":\"Site de Not\u00edcias de Barretos e regi\u00e3o\",\"publisher\":{\"@id\":\"https:\\\/\\\/regiaonews.net.br\\\/2022\\\/#organization\"},\"potentialAction\":[{\"@type\":\"SearchAction\",\"target\":{\"@type\":\"EntryPoint\",\"urlTemplate\":\"https:\\\/\\\/regiaonews.net.br\\\/2022\\\/?s={search_term_string}\"},\"query-input\":{\"@type\":\"PropertyValueSpecification\",\"valueRequired\":true,\"valueName\":\"search_term_string\"}}],\"inLanguage\":\"pt-BR\"},{\"@type\":\"Organization\",\"@id\":\"https:\\\/\\\/regiaonews.net.br\\\/2022\\\/#organization\",\"name\":\"Regi\u00e3o News\",\"url\":\"https:\\\/\\\/regiaonews.net.br\\\/2022\\\/\",\"logo\":{\"@type\":\"ImageObject\",\"inLanguage\":\"pt-BR\",\"@id\":\"https:\\\/\\\/regiaonews.net.br\\\/2022\\\/#\\\/schema\\\/logo\\\/image\\\/\",\"url\":\"https:\\\/\\\/regiaonews.net.br\\\/2022\\\/wp-content\\\/uploads\\\/2026\\\/03\\\/regiao-13-anos-scaled.jpg\",\"contentUrl\":\"https:\\\/\\\/regiaonews.net.br\\\/2022\\\/wp-content\\\/uploads\\\/2026\\\/03\\\/regiao-13-anos-scaled.jpg\",\"width\":2560,\"height\":635,\"caption\":\"Regi\u00e3o News\"},\"image\":{\"@id\":\"https:\\\/\\\/regiaonews.net.br\\\/2022\\\/#\\\/schema\\\/logo\\\/image\\\/\"}},{\"@type\":\"Person\",\"@id\":\"https:\\\/\\\/regiaonews.net.br\\\/2022\\\/#\\\/schema\\\/person\\\/2d205a608a5aa97ac279d7a5e6d89ad8\",\"name\":\"Roberto\",\"image\":{\"@type\":\"ImageObject\",\"inLanguage\":\"pt-BR\",\"@id\":\"https:\\\/\\\/secure.gravatar.com\\\/avatar\\\/42749d8b712ff9d59ca93dc150494e5b55a44134482993f5baeb97e61b7ecc89?s=96&d=mm&r=g\",\"url\":\"https:\\\/\\\/secure.gravatar.com\\\/avatar\\\/42749d8b712ff9d59ca93dc150494e5b55a44134482993f5baeb97e61b7ecc89?s=96&d=mm&r=g\",\"contentUrl\":\"https:\\\/\\\/secure.gravatar.com\\\/avatar\\\/42749d8b712ff9d59ca93dc150494e5b55a44134482993f5baeb97e61b7ecc89?s=96&d=mm&r=g\",\"caption\":\"Roberto\"},\"url\":\"https:\\\/\\\/regiaonews.net.br\\\/2022\\\/author\\\/roberto\\\/\"}]}<\/script>\n<!-- \/ Yoast SEO plugin. -->","yoast_head_json":{"title":"Vacina\u00e7\u00e3o contra covid-19 come\u00e7a na quarta-feira, anuncia Pazuello - Regi\u00e3o News","robots":{"index":"index","follow":"follow","max-snippet":"max-snippet:-1","max-image-preview":"max-image-preview:large","max-video-preview":"max-video-preview:-1"},"canonical":"https:\/\/regiaonews.net.br\/2022\/2021\/01\/17\/vacinacao-contra-covid-19-comeca-na-quarta-feira-anuncia-pazuello\/","og_locale":"pt_BR","og_type":"article","og_title":"Vacina\u00e7\u00e3o contra covid-19 come\u00e7a na quarta-feira, anuncia Pazuello - Regi\u00e3o News","og_description":"A vacina\u00e7\u00e3o contra a covid-19 come\u00e7a na pr\u00f3xima quarta-feira (20),","og_url":"https:\/\/regiaonews.net.br\/2022\/2021\/01\/17\/vacinacao-contra-covid-19-comeca-na-quarta-feira-anuncia-pazuello\/","og_site_name":"Regi\u00e3o News","article_published_time":"2021-01-17T22:15:05+00:00","og_image":[{"width":1170,"height":700,"url":"https:\/\/regiaonews.net.br\/2022\/wp-content\/uploads\/2021\/01\/saude_eduardo_pazuello_instituto_de_traumatologia_e_ortopedia_tnrgo_abr_17012101040_0.jpg","type":"image\/jpeg"}],"author":"Roberto","twitter_card":"summary_large_image","twitter_misc":{"Escrito por":"Roberto","Est. tempo de leitura":"4 minutos"},"schema":{"@context":"https:\/\/schema.org","@graph":[{"@type":"Article","@id":"https:\/\/regiaonews.net.br\/2022\/2021\/01\/17\/vacinacao-contra-covid-19-comeca-na-quarta-feira-anuncia-pazuello\/#article","isPartOf":{"@id":"https:\/\/regiaonews.net.br\/2022\/2021\/01\/17\/vacinacao-contra-covid-19-comeca-na-quarta-feira-anuncia-pazuello\/"},"author":{"name":"Roberto","@id":"https:\/\/regiaonews.net.br\/2022\/#\/schema\/person\/2d205a608a5aa97ac279d7a5e6d89ad8"},"headline":"Vacina\u00e7\u00e3o contra covid-19 come\u00e7a na quarta-feira, anuncia Pazuello","datePublished":"2021-01-17T22:15:05+00:00","mainEntityOfPage":{"@id":"https:\/\/regiaonews.net.br\/2022\/2021\/01\/17\/vacinacao-contra-covid-19-comeca-na-quarta-feira-anuncia-pazuello\/"},"wordCount":777,"commentCount":0,"publisher":{"@id":"https:\/\/regiaonews.net.br\/2022\/#organization"},"image":{"@id":"https:\/\/regiaonews.net.br\/2022\/2021\/01\/17\/vacinacao-contra-covid-19-comeca-na-quarta-feira-anuncia-pazuello\/#primaryimage"},"thumbnailUrl":"https:\/\/regiaonews.net.br\/2022\/wp-content\/uploads\/2021\/01\/saude_eduardo_pazuello_instituto_de_traumatologia_e_ortopedia_tnrgo_abr_17012101040_0.jpg","articleSection":["Brasil","Cidades"],"inLanguage":"pt-BR","potentialAction":[{"@type":"CommentAction","name":"Comment","target":["https:\/\/regiaonews.net.br\/2022\/2021\/01\/17\/vacinacao-contra-covid-19-comeca-na-quarta-feira-anuncia-pazuello\/#respond"]}]},{"@type":"WebPage","@id":"https:\/\/regiaonews.net.br\/2022\/2021\/01\/17\/vacinacao-contra-covid-19-comeca-na-quarta-feira-anuncia-pazuello\/","url":"https:\/\/regiaonews.net.br\/2022\/2021\/01\/17\/vacinacao-contra-covid-19-comeca-na-quarta-feira-anuncia-pazuello\/","name":"Vacina\u00e7\u00e3o contra covid-19 come\u00e7a na quarta-feira, anuncia Pazuello - Regi\u00e3o News","isPartOf":{"@id":"https:\/\/regiaonews.net.br\/2022\/#website"},"primaryImageOfPage":{"@id":"https:\/\/regiaonews.net.br\/2022\/2021\/01\/17\/vacinacao-contra-covid-19-comeca-na-quarta-feira-anuncia-pazuello\/#primaryimage"},"image":{"@id":"https:\/\/regiaonews.net.br\/2022\/2021\/01\/17\/vacinacao-contra-covid-19-comeca-na-quarta-feira-anuncia-pazuello\/#primaryimage"},"thumbnailUrl":"https:\/\/regiaonews.net.br\/2022\/wp-content\/uploads\/2021\/01\/saude_eduardo_pazuello_instituto_de_traumatologia_e_ortopedia_tnrgo_abr_17012101040_0.jpg","datePublished":"2021-01-17T22:15:05+00:00","breadcrumb":{"@id":"https:\/\/regiaonews.net.br\/2022\/2021\/01\/17\/vacinacao-contra-covid-19-comeca-na-quarta-feira-anuncia-pazuello\/#breadcrumb"},"inLanguage":"pt-BR","potentialAction":[{"@type":"ReadAction","target":["https:\/\/regiaonews.net.br\/2022\/2021\/01\/17\/vacinacao-contra-covid-19-comeca-na-quarta-feira-anuncia-pazuello\/"]}]},{"@type":"ImageObject","inLanguage":"pt-BR","@id":"https:\/\/regiaonews.net.br\/2022\/2021\/01\/17\/vacinacao-contra-covid-19-comeca-na-quarta-feira-anuncia-pazuello\/#primaryimage","url":"https:\/\/regiaonews.net.br\/2022\/wp-content\/uploads\/2021\/01\/saude_eduardo_pazuello_instituto_de_traumatologia_e_ortopedia_tnrgo_abr_17012101040_0.jpg","contentUrl":"https:\/\/regiaonews.net.br\/2022\/wp-content\/uploads\/2021\/01\/saude_eduardo_pazuello_instituto_de_traumatologia_e_ortopedia_tnrgo_abr_17012101040_0.jpg","width":1170,"height":700,"caption":"O ministro da Sa\u00fade, Eduardo Pazuello, em entrevista coletiva no Instituto de Traumatologia e Ortopedia (Into) no Rio de Janeiro."},{"@type":"BreadcrumbList","@id":"https:\/\/regiaonews.net.br\/2022\/2021\/01\/17\/vacinacao-contra-covid-19-comeca-na-quarta-feira-anuncia-pazuello\/#breadcrumb","itemListElement":[{"@type":"ListItem","position":1,"name":"In\u00edcio","item":"https:\/\/regiaonews.net.br\/2022\/"},{"@type":"ListItem","position":2,"name":"Vacina\u00e7\u00e3o contra covid-19 come\u00e7a na quarta-feira, anuncia Pazuello"}]},{"@type":"WebSite","@id":"https:\/\/regiaonews.net.br\/2022\/#website","url":"https:\/\/regiaonews.net.br\/2022\/","name":"Regi\u00e3o News","description":"Site de Not\u00edcias de Barretos e regi\u00e3o","publisher":{"@id":"https:\/\/regiaonews.net.br\/2022\/#organization"},"potentialAction":[{"@type":"SearchAction","target":{"@type":"EntryPoint","urlTemplate":"https:\/\/regiaonews.net.br\/2022\/?s={search_term_string}"},"query-input":{"@type":"PropertyValueSpecification","valueRequired":true,"valueName":"search_term_string"}}],"inLanguage":"pt-BR"},{"@type":"Organization","@id":"https:\/\/regiaonews.net.br\/2022\/#organization","name":"Regi\u00e3o News","url":"https:\/\/regiaonews.net.br\/2022\/","logo":{"@type":"ImageObject","inLanguage":"pt-BR","@id":"https:\/\/regiaonews.net.br\/2022\/#\/schema\/logo\/image\/","url":"https:\/\/regiaonews.net.br\/2022\/wp-content\/uploads\/2026\/03\/regiao-13-anos-scaled.jpg","contentUrl":"https:\/\/regiaonews.net.br\/2022\/wp-content\/uploads\/2026\/03\/regiao-13-anos-scaled.jpg","width":2560,"height":635,"caption":"Regi\u00e3o News"},"image":{"@id":"https:\/\/regiaonews.net.br\/2022\/#\/schema\/logo\/image\/"}},{"@type":"Person","@id":"https:\/\/regiaonews.net.br\/2022\/#\/schema\/person\/2d205a608a5aa97ac279d7a5e6d89ad8","name":"Roberto","image":{"@type":"ImageObject","inLanguage":"pt-BR","@id":"https:\/\/secure.gravatar.com\/avatar\/42749d8b712ff9d59ca93dc150494e5b55a44134482993f5baeb97e61b7ecc89?s=96&d=mm&r=g","url":"https:\/\/secure.gravatar.com\/avatar\/42749d8b712ff9d59ca93dc150494e5b55a44134482993f5baeb97e61b7ecc89?s=96&d=mm&r=g","contentUrl":"https:\/\/secure.gravatar.com\/avatar\/42749d8b712ff9d59ca93dc150494e5b55a44134482993f5baeb97e61b7ecc89?s=96&d=mm&r=g","caption":"Roberto"},"url":"https:\/\/regiaonews.net.br\/2022\/author\/roberto\/"}]}},"publishpress_future_action":{"enabled":false,"date":"2026-05-03 06:47:15","action":"change-status","newStatus":"draft","terms":[],"taxonomy":"category","extraData":[]},"publishpress_future_workflow_manual_trigger":{"enabledWorkflows":[]},"_links":{"self":[{"href":"https:\/\/regiaonews.net.br\/2022\/wp-json\/wp\/v2\/posts\/41919","targetHints":{"allow":["GET"]}}],"collection":[{"href":"https:\/\/regiaonews.net.br\/2022\/wp-json\/wp\/v2\/posts"}],"about":[{"href":"https:\/\/regiaonews.net.br\/2022\/wp-json\/wp\/v2\/types\/post"}],"author":[{"embeddable":true,"href":"https:\/\/regiaonews.net.br\/2022\/wp-json\/wp\/v2\/users\/2"}],"replies":[{"embeddable":true,"href":"https:\/\/regiaonews.net.br\/2022\/wp-json\/wp\/v2\/comments?post=41919"}],"version-history":[{"count":0,"href":"https:\/\/regiaonews.net.br\/2022\/wp-json\/wp\/v2\/posts\/41919\/revisions"}],"wp:featuredmedia":[{"embeddable":true,"href":"https:\/\/regiaonews.net.br\/2022\/wp-json\/wp\/v2\/media\/41920"}],"wp:attachment":[{"href":"https:\/\/regiaonews.net.br\/2022\/wp-json\/wp\/v2\/media?parent=41919"}],"wp:term":[{"taxonomy":"category","embeddable":true,"href":"https:\/\/regiaonews.net.br\/2022\/wp-json\/wp\/v2\/categories?post=41919"},{"taxonomy":"post_tag","embeddable":true,"href":"https:\/\/regiaonews.net.br\/2022\/wp-json\/wp\/v2\/tags?post=41919"}],"curies":[{"name":"wp","href":"https:\/\/api.w.org\/{rel}","templated":true}]}}