{"id":41867,"date":"2021-01-16T09:18:32","date_gmt":"2021-01-16T12:18:32","guid":{"rendered":"https:\/\/regiaonews.net.br\/2022\/?p=41867"},"modified":"2021-01-16T09:18:32","modified_gmt":"2021-01-16T12:18:32","slug":"prefeitura-mantem-notificacao-extrajudicial-de-empresa-do-transporte-coletivo-e-empresa-se-manifesta","status":"publish","type":"post","link":"https:\/\/regiaonews.net.br\/2022\/2021\/01\/16\/prefeitura-mantem-notificacao-extrajudicial-de-empresa-do-transporte-coletivo-e-empresa-se-manifesta\/","title":{"rendered":"Prefeitura mant\u00e9m notifica\u00e7\u00e3o extrajudicial de empresa do transporte coletivo e empresa se manifesta"},"content":{"rendered":"<p><a href=\"https:\/\/regiaonews.net.br\/2022\/wp-content\/uploads\/2021\/01\/Reuni\u00e3o.jpg\"><img loading=\"lazy\" decoding=\"async\" class=\"alignnone size-medium wp-image-41868\" src=\"https:\/\/regiaonews.net.br\/2022\/wp-content\/uploads\/2021\/01\/Reuni\u00e3o-300x200.jpg\" alt=\"\" width=\"300\" height=\"200\" \/><\/a><a href=\"https:\/\/regiaonews.net.br\/2022\/wp-content\/uploads\/2021\/01\/Reuni\u00e3o-Prefeitura.jpg\"><img loading=\"lazy\" decoding=\"async\" class=\"alignnone size-medium wp-image-41869\" src=\"https:\/\/regiaonews.net.br\/2022\/wp-content\/uploads\/2021\/01\/Reuni\u00e3o-Prefeitura-300x200.jpg\" alt=\"\" width=\"300\" height=\"200\" \/><\/a><\/p>\n<p><strong>Foto \u2013 Reuni\u00e3o na Prefeitura entre autoridades e funcion\u00e1rios <\/strong><\/p>\n<p>&nbsp;<\/p>\n<p>Em reuni\u00e3o com funcion\u00e1rios da empresa Viasa e do Sindicato dos Condutores, juntamente com a prefeita, secret\u00e1rios e vereadores foi tratado na tarde de ontem, a situa\u00e7\u00e3o do transporte coletivo na cidade de Barretos, que tem greve agendada a partir de segunda (18), a meia noite.\u00a0 No encontro, a chefe do executivo de Barretos, Paula Lemos esclareceu mais uma vez as condi\u00e7\u00f5es jur\u00eddicas e a impossibilidade de qualquer solu\u00e7\u00e3o por parte da municipalidade, especialmente na quest\u00e3o da ilegalidade do subs\u00eddio e da veda\u00e7\u00e3o da Lei Complementar Federal n\u00ba 173\/2020. \u201cSabemos da import\u00e2ncia do servi\u00e7o, mas na atual circunstancia, n\u00e3o h\u00e1 o que se pode fazer dentro da legalidade. E meu governo s\u00f3 atuar\u00e1 dentro dos estritos limites da lei\u201d, concluiu.<\/p>\n<p>O advogado do sindicato dos condutores, Helmut Aguiar, explicou que a reuni\u00e3o foi muito esclarecedora para a classe. \u201cA prefeita explanou o que est\u00e1 dentro dos princ\u00edpios legais. Vamos conversar agora com o presidente da empresa para saber a posi\u00e7\u00e3o dele. Sabemos da notifica\u00e7\u00e3o feita \u00e0 Viasa pela Prefeitura para cumprimento dos seus deveres em rela\u00e7\u00e3o ao pagamento da classe, conforme est\u00e1 no contrato de concess\u00e3o, e acreditamos que a melhor solu\u00e7\u00e3o \u00e9 uma rescis\u00e3o amig\u00e1vel para ajudar os funcion\u00e1rios e suas fam\u00edlias\u201d, apontou.<\/p>\n<p>O funcion\u00e1rio da empresa, Emiliano de Paula, que participou da reuni\u00e3o representando os demais colegas da Viasa, \u00a0afirmou que dos 28 \u00f4nibus previstos para circula\u00e7\u00e3o, conforme o contrato, apenas sete est\u00e3o no servi\u00e7o devido \u00e0 situa\u00e7\u00e3o pela qual passa a empresa. \u201cTemos a\u00ed a possibilidade de greve, vamos conversar com o dirigente da empresa para resolver a quest\u00e3o que n\u00e3o podemos deixar para amanh\u00e3, tem que ser hoje. Vamos buscar a melhor forma, explicar para ele as dificuldades que est\u00e3o passando os funcion\u00e1rios e suas fam\u00edlias. Entendemos o lado da Prefeitura, as quest\u00f5es legais e n\u00e3o vejo outro caminho sen\u00e3o uma rescis\u00e3o amig\u00e1vel, colocando um ponto final\u201d, salientou.<\/p>\n<p>Empresa<\/p>\n<p>Ap\u00f3s a reuni\u00e3o na Prefeitura na tarde de ontem,\u00a0 a reportagem do JBR manteve contato com os representantes da empresa Viasa, e o departamento jur\u00eddico da empresa, se manifestou afirmando que a empresa \u00a0segue tentando faturar para cumprir as suas obriga\u00e7\u00f5es com seus funcion\u00e1rios. \u201cEntregar a concess\u00e3o n\u00e3o resolve a situa\u00e7\u00e3o, pelo contr\u00e1rio, intensifica, \u00a0pois n\u00e3o haver\u00e1 mais faturamento, \u00a0e al\u00e9m de n\u00e3o receberem o 13 sal\u00e1rio e o sal\u00e1rio de dezembro, \u00a0ter\u00e3o que ser demitidos e tamb\u00e9m n\u00e3o receber\u00e3o a sua rescis\u00e3o\u201d, afirmou o advogado Lucas Meirelles de Souza.<\/p>\n<p>Para ele, tanto a Chefe do Executivo quanto os representantes do \u00a0Legislativo n\u00e3o se preocuparam com essas quest\u00f5es, o que confirma mais uma vez a aus\u00eancia de politicas voltadas para as empresas barretenses, neste caso, ainda, uma empresa prestadora de um servi\u00e7o p\u00fablico. \u201cO descaso com os funcion\u00e1rios que ter\u00e3o os seus contratos rescindidos e que mesmo com as imposi\u00e7\u00f5es tanto do Poder Executivo quanto o Legislativo, inerente \u00e0s gratuidades e o enfrentamento da calamidade p\u00fablica, imposta pelo Covid-19, se recusam a criar pol\u00edticas a exemplo do que vem ocorrendo em outras cidades de todo o pa\u00eds, no que tange o transporte p\u00fablico\u201d, finalizou Lucas.<\/p>\n<p>&nbsp;<\/p>\n","protected":false},"excerpt":{"rendered":"<p>Foto \u2013 Reuni\u00e3o na Prefeitura entre autoridades e funcion\u00e1rios &nbsp;<\/p>\n","protected":false},"author":2,"featured_media":41869,"comment_status":"open","ping_status":"open","sticky":false,"template":"","format":"standard","meta":{"footnotes":""},"categories":[14,25],"tags":[],"class_list":["post-41867","post","type-post","status-publish","format-standard","has-post-thumbnail","hentry","category-barretos","category-cidades"],"yoast_head":"<!-- This site is optimized with the Yoast SEO plugin v27.4 - https:\/\/yoast.com\/product\/yoast-seo-wordpress\/ -->\n<title>Prefeitura mant\u00e9m notifica\u00e7\u00e3o extrajudicial de empresa do transporte coletivo e empresa se manifesta - Regi\u00e3o News<\/title>\n<meta name=\"robots\" content=\"index, follow, max-snippet:-1, max-image-preview:large, max-video-preview:-1\" \/>\n<link rel=\"canonical\" href=\"https:\/\/regiaonews.net.br\/2022\/2021\/01\/16\/prefeitura-mantem-notificacao-extrajudicial-de-empresa-do-transporte-coletivo-e-empresa-se-manifesta\/\" \/>\n<meta property=\"og:locale\" content=\"pt_BR\" \/>\n<meta property=\"og:type\" content=\"article\" \/>\n<meta property=\"og:title\" content=\"Prefeitura mant\u00e9m notifica\u00e7\u00e3o extrajudicial de empresa do transporte coletivo e empresa se manifesta - Regi\u00e3o News\" \/>\n<meta property=\"og:description\" content=\"Foto \u2013 Reuni\u00e3o na Prefeitura entre autoridades e funcion\u00e1rios &nbsp;\" \/>\n<meta property=\"og:url\" content=\"https:\/\/regiaonews.net.br\/2022\/2021\/01\/16\/prefeitura-mantem-notificacao-extrajudicial-de-empresa-do-transporte-coletivo-e-empresa-se-manifesta\/\" \/>\n<meta property=\"og:site_name\" content=\"Regi\u00e3o News\" \/>\n<meta property=\"article:published_time\" content=\"2021-01-16T12:18:32+00:00\" \/>\n<meta property=\"og:image\" content=\"https:\/\/regiaonews.net.br\/2022\/wp-content\/uploads\/2021\/01\/Reuni\u00e3o-Prefeitura.jpg\" \/>\n\t<meta property=\"og:image:width\" content=\"624\" \/>\n\t<meta property=\"og:image:height\" content=\"416\" \/>\n\t<meta property=\"og:image:type\" content=\"image\/jpeg\" \/>\n<meta name=\"author\" content=\"Roberto\" \/>\n<meta name=\"twitter:card\" content=\"summary_large_image\" \/>\n<meta name=\"twitter:label1\" content=\"Escrito por\" \/>\n\t<meta name=\"twitter:data1\" content=\"Roberto\" \/>\n\t<meta name=\"twitter:label2\" content=\"Est. tempo de leitura\" \/>\n\t<meta name=\"twitter:data2\" content=\"3 minutos\" \/>\n<script type=\"application\/ld+json\" class=\"yoast-schema-graph\">{\"@context\":\"https:\\\/\\\/schema.org\",\"@graph\":[{\"@type\":\"Article\",\"@id\":\"https:\\\/\\\/regiaonews.net.br\\\/2022\\\/2021\\\/01\\\/16\\\/prefeitura-mantem-notificacao-extrajudicial-de-empresa-do-transporte-coletivo-e-empresa-se-manifesta\\\/#article\",\"isPartOf\":{\"@id\":\"https:\\\/\\\/regiaonews.net.br\\\/2022\\\/2021\\\/01\\\/16\\\/prefeitura-mantem-notificacao-extrajudicial-de-empresa-do-transporte-coletivo-e-empresa-se-manifesta\\\/\"},\"author\":{\"name\":\"Roberto\",\"@id\":\"https:\\\/\\\/regiaonews.net.br\\\/2022\\\/#\\\/schema\\\/person\\\/2d205a608a5aa97ac279d7a5e6d89ad8\"},\"headline\":\"Prefeitura mant\u00e9m notifica\u00e7\u00e3o extrajudicial de empresa do transporte coletivo e empresa se manifesta\",\"datePublished\":\"2021-01-16T12:18:32+00:00\",\"mainEntityOfPage\":{\"@id\":\"https:\\\/\\\/regiaonews.net.br\\\/2022\\\/2021\\\/01\\\/16\\\/prefeitura-mantem-notificacao-extrajudicial-de-empresa-do-transporte-coletivo-e-empresa-se-manifesta\\\/\"},\"wordCount\":599,\"commentCount\":0,\"publisher\":{\"@id\":\"https:\\\/\\\/regiaonews.net.br\\\/2022\\\/#organization\"},\"image\":{\"@id\":\"https:\\\/\\\/regiaonews.net.br\\\/2022\\\/2021\\\/01\\\/16\\\/prefeitura-mantem-notificacao-extrajudicial-de-empresa-do-transporte-coletivo-e-empresa-se-manifesta\\\/#primaryimage\"},\"thumbnailUrl\":\"https:\\\/\\\/regiaonews.net.br\\\/2022\\\/wp-content\\\/uploads\\\/2021\\\/01\\\/Reuni\u00e3o-Prefeitura.jpg\",\"articleSection\":[\"Barretos\",\"Cidades\"],\"inLanguage\":\"pt-BR\",\"potentialAction\":[{\"@type\":\"CommentAction\",\"name\":\"Comment\",\"target\":[\"https:\\\/\\\/regiaonews.net.br\\\/2022\\\/2021\\\/01\\\/16\\\/prefeitura-mantem-notificacao-extrajudicial-de-empresa-do-transporte-coletivo-e-empresa-se-manifesta\\\/#respond\"]}]},{\"@type\":\"WebPage\",\"@id\":\"https:\\\/\\\/regiaonews.net.br\\\/2022\\\/2021\\\/01\\\/16\\\/prefeitura-mantem-notificacao-extrajudicial-de-empresa-do-transporte-coletivo-e-empresa-se-manifesta\\\/\",\"url\":\"https:\\\/\\\/regiaonews.net.br\\\/2022\\\/2021\\\/01\\\/16\\\/prefeitura-mantem-notificacao-extrajudicial-de-empresa-do-transporte-coletivo-e-empresa-se-manifesta\\\/\",\"name\":\"Prefeitura mant\u00e9m notifica\u00e7\u00e3o extrajudicial de empresa do transporte coletivo e empresa se manifesta - Regi\u00e3o News\",\"isPartOf\":{\"@id\":\"https:\\\/\\\/regiaonews.net.br\\\/2022\\\/#website\"},\"primaryImageOfPage\":{\"@id\":\"https:\\\/\\\/regiaonews.net.br\\\/2022\\\/2021\\\/01\\\/16\\\/prefeitura-mantem-notificacao-extrajudicial-de-empresa-do-transporte-coletivo-e-empresa-se-manifesta\\\/#primaryimage\"},\"image\":{\"@id\":\"https:\\\/\\\/regiaonews.net.br\\\/2022\\\/2021\\\/01\\\/16\\\/prefeitura-mantem-notificacao-extrajudicial-de-empresa-do-transporte-coletivo-e-empresa-se-manifesta\\\/#primaryimage\"},\"thumbnailUrl\":\"https:\\\/\\\/regiaonews.net.br\\\/2022\\\/wp-content\\\/uploads\\\/2021\\\/01\\\/Reuni\u00e3o-Prefeitura.jpg\",\"datePublished\":\"2021-01-16T12:18:32+00:00\",\"breadcrumb\":{\"@id\":\"https:\\\/\\\/regiaonews.net.br\\\/2022\\\/2021\\\/01\\\/16\\\/prefeitura-mantem-notificacao-extrajudicial-de-empresa-do-transporte-coletivo-e-empresa-se-manifesta\\\/#breadcrumb\"},\"inLanguage\":\"pt-BR\",\"potentialAction\":[{\"@type\":\"ReadAction\",\"target\":[\"https:\\\/\\\/regiaonews.net.br\\\/2022\\\/2021\\\/01\\\/16\\\/prefeitura-mantem-notificacao-extrajudicial-de-empresa-do-transporte-coletivo-e-empresa-se-manifesta\\\/\"]}]},{\"@type\":\"ImageObject\",\"inLanguage\":\"pt-BR\",\"@id\":\"https:\\\/\\\/regiaonews.net.br\\\/2022\\\/2021\\\/01\\\/16\\\/prefeitura-mantem-notificacao-extrajudicial-de-empresa-do-transporte-coletivo-e-empresa-se-manifesta\\\/#primaryimage\",\"url\":\"https:\\\/\\\/regiaonews.net.br\\\/2022\\\/wp-content\\\/uploads\\\/2021\\\/01\\\/Reuni\u00e3o-Prefeitura.jpg\",\"contentUrl\":\"https:\\\/\\\/regiaonews.net.br\\\/2022\\\/wp-content\\\/uploads\\\/2021\\\/01\\\/Reuni\u00e3o-Prefeitura.jpg\",\"width\":624,\"height\":416},{\"@type\":\"BreadcrumbList\",\"@id\":\"https:\\\/\\\/regiaonews.net.br\\\/2022\\\/2021\\\/01\\\/16\\\/prefeitura-mantem-notificacao-extrajudicial-de-empresa-do-transporte-coletivo-e-empresa-se-manifesta\\\/#breadcrumb\",\"itemListElement\":[{\"@type\":\"ListItem\",\"position\":1,\"name\":\"In\u00edcio\",\"item\":\"https:\\\/\\\/regiaonews.net.br\\\/2022\\\/\"},{\"@type\":\"ListItem\",\"position\":2,\"name\":\"Prefeitura mant\u00e9m notifica\u00e7\u00e3o extrajudicial de empresa do transporte coletivo e empresa se manifesta\"}]},{\"@type\":\"WebSite\",\"@id\":\"https:\\\/\\\/regiaonews.net.br\\\/2022\\\/#website\",\"url\":\"https:\\\/\\\/regiaonews.net.br\\\/2022\\\/\",\"name\":\"Regi\u00e3o News\",\"description\":\"Site de Not\u00edcias de Barretos e regi\u00e3o\",\"publisher\":{\"@id\":\"https:\\\/\\\/regiaonews.net.br\\\/2022\\\/#organization\"},\"potentialAction\":[{\"@type\":\"SearchAction\",\"target\":{\"@type\":\"EntryPoint\",\"urlTemplate\":\"https:\\\/\\\/regiaonews.net.br\\\/2022\\\/?s={search_term_string}\"},\"query-input\":{\"@type\":\"PropertyValueSpecification\",\"valueRequired\":true,\"valueName\":\"search_term_string\"}}],\"inLanguage\":\"pt-BR\"},{\"@type\":\"Organization\",\"@id\":\"https:\\\/\\\/regiaonews.net.br\\\/2022\\\/#organization\",\"name\":\"Regi\u00e3o News\",\"url\":\"https:\\\/\\\/regiaonews.net.br\\\/2022\\\/\",\"logo\":{\"@type\":\"ImageObject\",\"inLanguage\":\"pt-BR\",\"@id\":\"https:\\\/\\\/regiaonews.net.br\\\/2022\\\/#\\\/schema\\\/logo\\\/image\\\/\",\"url\":\"https:\\\/\\\/regiaonews.net.br\\\/2022\\\/wp-content\\\/uploads\\\/2026\\\/03\\\/regiao-13-anos-scaled.jpg\",\"contentUrl\":\"https:\\\/\\\/regiaonews.net.br\\\/2022\\\/wp-content\\\/uploads\\\/2026\\\/03\\\/regiao-13-anos-scaled.jpg\",\"width\":2560,\"height\":635,\"caption\":\"Regi\u00e3o News\"},\"image\":{\"@id\":\"https:\\\/\\\/regiaonews.net.br\\\/2022\\\/#\\\/schema\\\/logo\\\/image\\\/\"}},{\"@type\":\"Person\",\"@id\":\"https:\\\/\\\/regiaonews.net.br\\\/2022\\\/#\\\/schema\\\/person\\\/2d205a608a5aa97ac279d7a5e6d89ad8\",\"name\":\"Roberto\",\"image\":{\"@type\":\"ImageObject\",\"inLanguage\":\"pt-BR\",\"@id\":\"https:\\\/\\\/secure.gravatar.com\\\/avatar\\\/42749d8b712ff9d59ca93dc150494e5b55a44134482993f5baeb97e61b7ecc89?s=96&d=mm&r=g\",\"url\":\"https:\\\/\\\/secure.gravatar.com\\\/avatar\\\/42749d8b712ff9d59ca93dc150494e5b55a44134482993f5baeb97e61b7ecc89?s=96&d=mm&r=g\",\"contentUrl\":\"https:\\\/\\\/secure.gravatar.com\\\/avatar\\\/42749d8b712ff9d59ca93dc150494e5b55a44134482993f5baeb97e61b7ecc89?s=96&d=mm&r=g\",\"caption\":\"Roberto\"},\"url\":\"https:\\\/\\\/regiaonews.net.br\\\/2022\\\/author\\\/roberto\\\/\"}]}<\/script>\n<!-- \/ Yoast SEO plugin. -->","yoast_head_json":{"title":"Prefeitura mant\u00e9m notifica\u00e7\u00e3o extrajudicial de empresa do transporte coletivo e empresa se manifesta - Regi\u00e3o News","robots":{"index":"index","follow":"follow","max-snippet":"max-snippet:-1","max-image-preview":"max-image-preview:large","max-video-preview":"max-video-preview:-1"},"canonical":"https:\/\/regiaonews.net.br\/2022\/2021\/01\/16\/prefeitura-mantem-notificacao-extrajudicial-de-empresa-do-transporte-coletivo-e-empresa-se-manifesta\/","og_locale":"pt_BR","og_type":"article","og_title":"Prefeitura mant\u00e9m notifica\u00e7\u00e3o extrajudicial de empresa do transporte coletivo e empresa se manifesta - Regi\u00e3o News","og_description":"Foto \u2013 Reuni\u00e3o na Prefeitura entre autoridades e funcion\u00e1rios &nbsp;","og_url":"https:\/\/regiaonews.net.br\/2022\/2021\/01\/16\/prefeitura-mantem-notificacao-extrajudicial-de-empresa-do-transporte-coletivo-e-empresa-se-manifesta\/","og_site_name":"Regi\u00e3o News","article_published_time":"2021-01-16T12:18:32+00:00","og_image":[{"width":624,"height":416,"url":"https:\/\/regiaonews.net.br\/2022\/wp-content\/uploads\/2021\/01\/Reuni\u00e3o-Prefeitura.jpg","type":"image\/jpeg"}],"author":"Roberto","twitter_card":"summary_large_image","twitter_misc":{"Escrito por":"Roberto","Est. tempo de leitura":"3 minutos"},"schema":{"@context":"https:\/\/schema.org","@graph":[{"@type":"Article","@id":"https:\/\/regiaonews.net.br\/2022\/2021\/01\/16\/prefeitura-mantem-notificacao-extrajudicial-de-empresa-do-transporte-coletivo-e-empresa-se-manifesta\/#article","isPartOf":{"@id":"https:\/\/regiaonews.net.br\/2022\/2021\/01\/16\/prefeitura-mantem-notificacao-extrajudicial-de-empresa-do-transporte-coletivo-e-empresa-se-manifesta\/"},"author":{"name":"Roberto","@id":"https:\/\/regiaonews.net.br\/2022\/#\/schema\/person\/2d205a608a5aa97ac279d7a5e6d89ad8"},"headline":"Prefeitura mant\u00e9m notifica\u00e7\u00e3o extrajudicial de empresa do transporte coletivo e empresa se manifesta","datePublished":"2021-01-16T12:18:32+00:00","mainEntityOfPage":{"@id":"https:\/\/regiaonews.net.br\/2022\/2021\/01\/16\/prefeitura-mantem-notificacao-extrajudicial-de-empresa-do-transporte-coletivo-e-empresa-se-manifesta\/"},"wordCount":599,"commentCount":0,"publisher":{"@id":"https:\/\/regiaonews.net.br\/2022\/#organization"},"image":{"@id":"https:\/\/regiaonews.net.br\/2022\/2021\/01\/16\/prefeitura-mantem-notificacao-extrajudicial-de-empresa-do-transporte-coletivo-e-empresa-se-manifesta\/#primaryimage"},"thumbnailUrl":"https:\/\/regiaonews.net.br\/2022\/wp-content\/uploads\/2021\/01\/Reuni\u00e3o-Prefeitura.jpg","articleSection":["Barretos","Cidades"],"inLanguage":"pt-BR","potentialAction":[{"@type":"CommentAction","name":"Comment","target":["https:\/\/regiaonews.net.br\/2022\/2021\/01\/16\/prefeitura-mantem-notificacao-extrajudicial-de-empresa-do-transporte-coletivo-e-empresa-se-manifesta\/#respond"]}]},{"@type":"WebPage","@id":"https:\/\/regiaonews.net.br\/2022\/2021\/01\/16\/prefeitura-mantem-notificacao-extrajudicial-de-empresa-do-transporte-coletivo-e-empresa-se-manifesta\/","url":"https:\/\/regiaonews.net.br\/2022\/2021\/01\/16\/prefeitura-mantem-notificacao-extrajudicial-de-empresa-do-transporte-coletivo-e-empresa-se-manifesta\/","name":"Prefeitura mant\u00e9m notifica\u00e7\u00e3o extrajudicial de empresa do transporte coletivo e empresa se manifesta - Regi\u00e3o News","isPartOf":{"@id":"https:\/\/regiaonews.net.br\/2022\/#website"},"primaryImageOfPage":{"@id":"https:\/\/regiaonews.net.br\/2022\/2021\/01\/16\/prefeitura-mantem-notificacao-extrajudicial-de-empresa-do-transporte-coletivo-e-empresa-se-manifesta\/#primaryimage"},"image":{"@id":"https:\/\/regiaonews.net.br\/2022\/2021\/01\/16\/prefeitura-mantem-notificacao-extrajudicial-de-empresa-do-transporte-coletivo-e-empresa-se-manifesta\/#primaryimage"},"thumbnailUrl":"https:\/\/regiaonews.net.br\/2022\/wp-content\/uploads\/2021\/01\/Reuni\u00e3o-Prefeitura.jpg","datePublished":"2021-01-16T12:18:32+00:00","breadcrumb":{"@id":"https:\/\/regiaonews.net.br\/2022\/2021\/01\/16\/prefeitura-mantem-notificacao-extrajudicial-de-empresa-do-transporte-coletivo-e-empresa-se-manifesta\/#breadcrumb"},"inLanguage":"pt-BR","potentialAction":[{"@type":"ReadAction","target":["https:\/\/regiaonews.net.br\/2022\/2021\/01\/16\/prefeitura-mantem-notificacao-extrajudicial-de-empresa-do-transporte-coletivo-e-empresa-se-manifesta\/"]}]},{"@type":"ImageObject","inLanguage":"pt-BR","@id":"https:\/\/regiaonews.net.br\/2022\/2021\/01\/16\/prefeitura-mantem-notificacao-extrajudicial-de-empresa-do-transporte-coletivo-e-empresa-se-manifesta\/#primaryimage","url":"https:\/\/regiaonews.net.br\/2022\/wp-content\/uploads\/2021\/01\/Reuni\u00e3o-Prefeitura.jpg","contentUrl":"https:\/\/regiaonews.net.br\/2022\/wp-content\/uploads\/2021\/01\/Reuni\u00e3o-Prefeitura.jpg","width":624,"height":416},{"@type":"BreadcrumbList","@id":"https:\/\/regiaonews.net.br\/2022\/2021\/01\/16\/prefeitura-mantem-notificacao-extrajudicial-de-empresa-do-transporte-coletivo-e-empresa-se-manifesta\/#breadcrumb","itemListElement":[{"@type":"ListItem","position":1,"name":"In\u00edcio","item":"https:\/\/regiaonews.net.br\/2022\/"},{"@type":"ListItem","position":2,"name":"Prefeitura mant\u00e9m notifica\u00e7\u00e3o extrajudicial de empresa do transporte coletivo e empresa se manifesta"}]},{"@type":"WebSite","@id":"https:\/\/regiaonews.net.br\/2022\/#website","url":"https:\/\/regiaonews.net.br\/2022\/","name":"Regi\u00e3o News","description":"Site de Not\u00edcias de Barretos e regi\u00e3o","publisher":{"@id":"https:\/\/regiaonews.net.br\/2022\/#organization"},"potentialAction":[{"@type":"SearchAction","target":{"@type":"EntryPoint","urlTemplate":"https:\/\/regiaonews.net.br\/2022\/?s={search_term_string}"},"query-input":{"@type":"PropertyValueSpecification","valueRequired":true,"valueName":"search_term_string"}}],"inLanguage":"pt-BR"},{"@type":"Organization","@id":"https:\/\/regiaonews.net.br\/2022\/#organization","name":"Regi\u00e3o News","url":"https:\/\/regiaonews.net.br\/2022\/","logo":{"@type":"ImageObject","inLanguage":"pt-BR","@id":"https:\/\/regiaonews.net.br\/2022\/#\/schema\/logo\/image\/","url":"https:\/\/regiaonews.net.br\/2022\/wp-content\/uploads\/2026\/03\/regiao-13-anos-scaled.jpg","contentUrl":"https:\/\/regiaonews.net.br\/2022\/wp-content\/uploads\/2026\/03\/regiao-13-anos-scaled.jpg","width":2560,"height":635,"caption":"Regi\u00e3o News"},"image":{"@id":"https:\/\/regiaonews.net.br\/2022\/#\/schema\/logo\/image\/"}},{"@type":"Person","@id":"https:\/\/regiaonews.net.br\/2022\/#\/schema\/person\/2d205a608a5aa97ac279d7a5e6d89ad8","name":"Roberto","image":{"@type":"ImageObject","inLanguage":"pt-BR","@id":"https:\/\/secure.gravatar.com\/avatar\/42749d8b712ff9d59ca93dc150494e5b55a44134482993f5baeb97e61b7ecc89?s=96&d=mm&r=g","url":"https:\/\/secure.gravatar.com\/avatar\/42749d8b712ff9d59ca93dc150494e5b55a44134482993f5baeb97e61b7ecc89?s=96&d=mm&r=g","contentUrl":"https:\/\/secure.gravatar.com\/avatar\/42749d8b712ff9d59ca93dc150494e5b55a44134482993f5baeb97e61b7ecc89?s=96&d=mm&r=g","caption":"Roberto"},"url":"https:\/\/regiaonews.net.br\/2022\/author\/roberto\/"}]}},"publishpress_future_action":{"enabled":false,"date":"2026-05-03 10:52:56","action":"change-status","newStatus":"draft","terms":[],"taxonomy":"category","extraData":[]},"publishpress_future_workflow_manual_trigger":{"enabledWorkflows":[]},"_links":{"self":[{"href":"https:\/\/regiaonews.net.br\/2022\/wp-json\/wp\/v2\/posts\/41867","targetHints":{"allow":["GET"]}}],"collection":[{"href":"https:\/\/regiaonews.net.br\/2022\/wp-json\/wp\/v2\/posts"}],"about":[{"href":"https:\/\/regiaonews.net.br\/2022\/wp-json\/wp\/v2\/types\/post"}],"author":[{"embeddable":true,"href":"https:\/\/regiaonews.net.br\/2022\/wp-json\/wp\/v2\/users\/2"}],"replies":[{"embeddable":true,"href":"https:\/\/regiaonews.net.br\/2022\/wp-json\/wp\/v2\/comments?post=41867"}],"version-history":[{"count":0,"href":"https:\/\/regiaonews.net.br\/2022\/wp-json\/wp\/v2\/posts\/41867\/revisions"}],"wp:featuredmedia":[{"embeddable":true,"href":"https:\/\/regiaonews.net.br\/2022\/wp-json\/wp\/v2\/media\/41869"}],"wp:attachment":[{"href":"https:\/\/regiaonews.net.br\/2022\/wp-json\/wp\/v2\/media?parent=41867"}],"wp:term":[{"taxonomy":"category","embeddable":true,"href":"https:\/\/regiaonews.net.br\/2022\/wp-json\/wp\/v2\/categories?post=41867"},{"taxonomy":"post_tag","embeddable":true,"href":"https:\/\/regiaonews.net.br\/2022\/wp-json\/wp\/v2\/tags?post=41867"}],"curies":[{"name":"wp","href":"https:\/\/api.w.org\/{rel}","templated":true}]}}