{"id":41866,"date":"2021-01-16T09:22:31","date_gmt":"2021-01-16T12:22:31","guid":{"rendered":"https:\/\/regiaonews.net.br\/2022\/?p=41866"},"modified":"2021-01-16T09:22:31","modified_gmt":"2021-01-16T12:22:31","slug":"doria-e-bolsonaro-trocam-acusacoes-sobre-colapso-em-manaus","status":"publish","type":"post","link":"https:\/\/regiaonews.net.br\/2022\/2021\/01\/16\/doria-e-bolsonaro-trocam-acusacoes-sobre-colapso-em-manaus\/","title":{"rendered":"Doria e Bolsonaro trocam acusa\u00e7\u00f5es sobre colapso em Manaus"},"content":{"rendered":"<h2><a href=\"https:\/\/regiaonews.net.br\/2022\/wp-content\/uploads\/2021\/01\/bolsodoria.gif\"><img loading=\"lazy\" decoding=\"async\" class=\"alignnone size-medium wp-image-41871\" src=\"https:\/\/regiaonews.net.br\/2022\/wp-content\/uploads\/2021\/01\/bolsodoria-300x200.gif\" alt=\"\" width=\"300\" height=\"200\" \/><\/a><\/h2>\n<h2 class=\"content-head__subtitle\">Em coletiva em SP, governador paulista falou em &#8216;genoc\u00eddio&#8217; e pediu rea\u00e7\u00e3o do Congresso contra o presidente na condu\u00e7\u00e3o da pandemia de Covid-19. Em entrevista \u00e0 Band, Bolsonaro chamou Doria de &#8216;moleque&#8217;.<\/h2>\n<div class=\"mc-column content-text active-extra-styles \" data-block-type=\"unstyled\" data-block-weight=\"56\" data-block-id=\"2\">\n<p class=\"content-text__container \" data-track-category=\"Link no Texto\" data-track-links=\"\">O governador de S\u00e3o Paulo,\u00a0<a href=\"https:\/\/g1.globo.com\/politica\/politico\/joao-doria\/\">Jo\u00e3o Doria<\/a>\u00a0(PSDB), e o presidente\u00a0<a href=\"https:\/\/g1.globo.com\/politica\/politico\/jair-bolsonaro\/\">Jair Bolsonaro<\/a>\u00a0(sem partido)\u00a0<span class=\"highlight highlighted\">trocaram acusa\u00e7\u00f5es nesta quinta-feira (15)<\/span>\u00a0a respeito da crise de sa\u00fade p\u00fablica enfrentada por Manaus por causa da pandemia de\u00a0<a href=\"https:\/\/g1.globo.com\/bemestar\/coronavirus\/\">Covid-19<\/a>. A capital do Amazonas\u00a0<a href=\"https:\/\/g1.globo.com\/am\/amazonas\/noticia\/2021\/01\/14\/covid-19-manaus-vive-colapso-com-hospitais-sem-oxigenio-doentes-levados-a-outros-estados-cemiterios-sem-vagas-e-toque-de-recolher.ghtml\">entrou em colapso<\/a>, com hospitais sem oxig\u00eanio, doentes levados a outros estados e cemit\u00e9rios sem vagas.<\/p>\n<\/div>\n<div class=\"wall protected-content\">\n<div class=\"mc-column content-text active-extra-styles \" data-block-type=\"unstyled\" data-block-weight=\"51\" data-block-id=\"3\">\n<p class=\"content-text__container \" data-track-category=\"Link no Texto\" data-track-links=\"\">Doria afirmou que\u00a0<span class=\"highlight highlighted\">o\u00a0<\/span><a href=\"https:\/\/g1.globo.com\/tudo-sobre\/congresso-nacional\/\"><span class=\"highlight highlighted\">Congresso Nacional<\/span><\/a><span class=\"highlight highlighted\">\u00a0e a sociedade civil devem reagir<\/span>\u00a0ao modo como Bolsonaro tem conduzido as a\u00e7\u00f5es diante da pandemia. Ao se referir aos mais de 205 mil brasileiros que morreram por causa da doen\u00e7a,\u00a0<span class=\"highlight highlighted\">o governador paulista falou em &#8220;genoc\u00eddio&#8221; por parte do presidente da Rep\u00fablica<\/span>.<\/p>\n<\/div>\n<div class=\"mc-column content-text active-extra-styles \" data-block-type=\"unstyled\" data-block-weight=\"26\" data-block-id=\"4\">\n<p class=\"content-text__container \" data-track-category=\"Link no Texto\" data-track-links=\"\"><span class=\"highlight highlighted\">Bolsonaro reagiu, chamando o advers\u00e1rio pol\u00edtico de &#8220;moleque&#8221;<\/span>\u00a0e dizendo que ele e outros governadores &#8220;querem quebrar a economia do Brasil para botar na minha conta&#8221;.<\/p>\n<\/div>\n<div class=\"mc-column content-text active-extra-styles\" data-block-type=\"raw\" data-block-weight=\"19\" data-block-id=\"5\">\n<ul class=\"content-unordered-list\">\n<li><strong>COLAPSO:<\/strong>\u00a0<a href=\"https:\/\/g1.globo.com\/am\/amazonas\/noticia\/2021\/01\/14\/covid-19-manaus-vive-colapso-com-hospitais-sem-oxigenio-doentes-levados-a-outros-estados-cemiterios-sem-vagas-e-toque-de-recolher.ghtml\">Manaus tem hospitais sem oxig\u00eanio e cemit\u00e9rios sem vagas<\/a><\/li>\n<li><strong>RELATOS:<\/strong>\u00a0<a href=\"https:\/\/g1.globo.com\/am\/amazonas\/noticia\/2021\/01\/14\/pacientes-e-medicos-relatam-colapso-em-manaus-leia-relatos.ghtml\">m\u00e9dicos e familiares descrevem caos em Manaus; leia<\/a><\/li>\n<\/ul>\n<\/div>\n<div class=\"mc-column content-text active-extra-styles \" data-block-type=\"unstyled\" data-block-weight=\"28\" data-block-id=\"6\">\n<p class=\"content-text__container \" data-track-category=\"Link no Texto\" data-track-links=\"\">As declara\u00e7\u00f5es de Doria foram dadas em entrevista coletiva no Pal\u00e1cio dos Bandeirantes, sede do governo paulista, na qual ele responsabilizou o presidente pela crise no Amazonas.<\/p>\n<\/div>\n<div class=\"mc-column content-text active-extra-styles\" data-block-type=\"raw\" data-block-weight=\"47\" data-block-id=\"7\">\n<blockquote class=\"content-blockquote theme-border-color-primary-before\"><p>&#8220;Li uma manifesta\u00e7\u00e3o do presidente Jair Bolsonaro dizendo: &#8216;Fiz tudo o que estava ao meu alcance, o problema agora \u00e9 do estado do Amazonas e da Prefeitura de Manaus&#8217;. Inacredit\u00e1vel. Inacredit\u00e1vel. Em outro pa\u00eds, isso talvez fosse classificado como genoc\u00eddio. \u00c9 um abandono aos brasileiros&#8221;, afirmou Doria.<\/p><\/blockquote>\n<\/div>\n<div class=\"content-ads content-ads--reveal\" data-block-type=\"ads\" data-block-id=\"8\">\n<div id=\"banner_materia2\" class=\"tag-manager-publicidade-container mc-has-reveal mc-has-ad-lazyload tag-manager-publicidade-banner_materia2 tag-manager-publicidade-container--carregado tag-manager-publicidade-container--visivel\" data-id=\"banner_materia2\" data-req=\"true\" data-google-query-id=\"CPWPgIW3oO4CFSEwuQYdFn0IBA\" data-cid=\"138336046368\" data-lid=\"5580432906\">\n<div id=\"google_ads_iframe_\/95377733\/tvg_G1\/Sua_Regiao&gt;Sudeste&gt;Sao_Paulo_3__container__\" style=\"box-sizing: inherit; margin: auto; padding: 0px; border: 0pt none; font: inherit; vertical-align: initial; max-width: 100%; text-align: center;\"><\/div>\n<\/div>\n<\/div>\n<div class=\"mc-column content-text active-extra-styles \" data-block-type=\"unstyled\" data-block-weight=\"56\" data-block-id=\"9\">\n<p class=\"content-text__container \" data-track-category=\"Link no Texto\" data-track-links=\"\">&#8220;Est\u00e1 na hora de termos uma rea\u00e7\u00e3o a isso. Da sociedade civil, dos brasileiros, da popula\u00e7\u00e3o do Brasil, da imprensa, do Congresso Nacional de quem puder ajudar. Ou vamos assistir a isso? Ou vamos assistir a isso por meses e achar que \u00e9 isso normal, que faz parte e que a ideologia do negacionismo \u00e9 aceit\u00e1vel?&#8221;<\/p>\n<\/div>\n<div class=\"row medium-uncollapsed content-media content-photo\" data-block-type=\"backstage-photo\" data-block-id=\"10\">\n<div class=\"mc-column content-media__container\">\n<figure><img decoding=\"async\" class=\"i-amphtml-fill-content i-amphtml-replaced-content\" src=\"https:\/\/s2.glbimg.com\/nNpg-pLC_TNP_teabJmZgQd0bYQ=\/0x0:3000x2000\/984x0\/smart\/filters:strip_icc()\/i.s3.glbimg.com\/v1\/AUTH_59edd422c0c84a879bd37670ae4f538a\/internal_photos\/bs\/2021\/u\/8\/Py8lKhRdqIKzd8I0dgag\/af820210115012.jpg\" sizes=\"(max-width: 1366px) 648px, 100vw\" srcset=\"https:\/\/s2.glbimg.com\/5x_p7NKsvGySGZmWe717QQD3y4c=\/0x0:3000x2000\/1000x0\/smart\/filters:strip_icc()\/i.s3.glbimg.com\/v1\/AUTH_59edd422c0c84a879bd37670ae4f538a\/internal_photos\/bs\/2021\/u\/8\/Py8lKhRdqIKzd8I0dgag\/af820210115012.jpg 1000w, https:\/\/s2.glbimg.com\/nNpg-pLC_TNP_teabJmZgQd0bYQ=\/0x0:3000x2000\/984x0\/smart\/filters:strip_icc()\/i.s3.glbimg.com\/v1\/AUTH_59edd422c0c84a879bd37670ae4f538a\/internal_photos\/bs\/2021\/u\/8\/Py8lKhRdqIKzd8I0dgag\/af820210115012.jpg 984w, https:\/\/s2.glbimg.com\/Qs7ptAvK8CBGdQXBEyvcsvWLW8U=\/0x0:3000x2000\/640x0\/smart\/filters:strip_icc()\/i.s3.glbimg.com\/v1\/AUTH_59edd422c0c84a879bd37670ae4f538a\/internal_photos\/bs\/2021\/u\/8\/Py8lKhRdqIKzd8I0dgag\/af820210115012.jpg 640w, https:\/\/s2.glbimg.com\/3N7ziJ2G4FcUhtsFzVskp8RcXlk=\/0x0:3000x2000\/600x0\/smart\/filters:strip_icc()\/i.s3.glbimg.com\/v1\/AUTH_59edd422c0c84a879bd37670ae4f538a\/internal_photos\/bs\/2021\/u\/8\/Py8lKhRdqIKzd8I0dgag\/af820210115012.jpg 600w\" alt=\" O governador de S\u00e3o Paulo, Jo\u00e3o Doria (PSDB), anunciou nesta sexta-feira, 15, durante coletiva de imprensa no Pal\u00e1cio dos Bandeirantes, na zona sul da capital paulista, o endurecimento das regras de quarentena no Estado a fim de conter o avan\u00e7o da covid-19. \u2014 Foto: VINICIUS NUNES\/AG\u00caNCIA F8\/ESTAD\u00c3O CONTE\u00daDO\" \/><\/figure>\n<p class=\"content-media__description \">O governador de S\u00e3o Paulo, Jo\u00e3o Doria (PSDB), anunciou nesta sexta-feira, 15, durante coletiva de imprensa no Pal\u00e1cio dos Bandeirantes, na zona sul da capital paulista, o endurecimento das regras de quarentena no Estado a fim de conter o avan\u00e7o da covid-19. \u2014 Foto: VINICIUS NUNES\/AG\u00caNCIA F8\/ESTAD\u00c3O CONTE\u00daDO<\/p>\n<\/div>\n<\/div>\n<div class=\"mc-column content-text active-extra-styles \" data-block-type=\"unstyled\" data-block-weight=\"10\" data-block-id=\"11\">\n<p class=\"content-text__container \" data-track-category=\"Link no Texto\" data-track-links=\"\">Mais tarde, em entrevista \u00e0 Band, Bolsonaro disse:<\/p>\n<\/div>\n<div class=\"mc-column content-text active-extra-styles\" data-block-type=\"raw\" data-block-weight=\"46\" data-block-id=\"12\">\n<blockquote class=\"content-blockquote theme-border-color-primary-before\"><p>&#8220;Agora, vem esse moleque, governador de S\u00e3o Paulo, me acusar de fac\u00ednora. Seja homem, cara. \u00c9 duro mexer com quem tem um comportamento como esse cara. [&#8230;] Em S\u00e3o Paulo, [h\u00e1] um governador med\u00edocre, que n\u00e3o sai na rua. Se sair, vai ser linchado&#8221;, afirmou Bolsonaro.<\/p><\/blockquote>\n<\/div>\n<div class=\"mc-column content-text active-extra-styles \" data-block-type=\"unstyled\" data-block-weight=\"45\" data-block-id=\"13\">\n<p class=\"content-text__container \" data-track-category=\"Link no Texto\" data-track-links=\"\">&#8220;O tempo todo querendo acusar a mim, achar um respons\u00e1vel pelo seu insucesso em S\u00e3o Paulo. E parece que est\u00e1 organizando inclusive hoje uma manifesta\u00e7\u00e3o, um panela\u00e7o contra minha pessoa. Baseado no qu\u00ea? Est\u00e1 faltando coragem, seriedade para esse governador&#8221;, continuou o presidente.<\/p>\n<\/div>\n<div class=\"mc-column content-text active-extra-styles\" data-block-type=\"raw\" data-block-weight=\"3\" data-block-id=\"14\">\n<div class=\"content-intertitle\">\n<h2>Doria acuso.<\/h2>\n<h2>u &#8216;negacionismo&#8217;<\/h2>\n<\/div>\n<\/div>\n<div class=\"mc-column content-text active-extra-styles \" data-block-type=\"unstyled\" data-block-weight=\"40\" data-block-id=\"15\">\n<p class=\"content-text__container \" data-track-category=\"Link no Texto\" data-track-links=\"\">Antes da coletiva de Doria nesta sexta, em coment\u00e1rio dirigido a apoiadores na sa\u00edda da resid\u00eancia oficial do Pal\u00e1cio da Alvorada, Bolsonaro afirmou que\u00a0<a href=\"https:\/\/g1.globo.com\/politica\/noticia\/2021\/01\/15\/terrivel-o-problema-em-manaus-agora-agora-nos-fizemos-nossa-parte-diz-bolsonaro-sobre-caos-nos-hospitais-do-am.ghtml\">o governo federal fez a sua parte para ajudar o Amazonas<\/a><\/p>\n<div class=\"mc-column content-text active-extra-styles \" data-block-type=\"unstyled\" data-block-weight=\"57\" data-block-id=\"18\">\n<p class=\"content-text__container \" data-track-category=\"Link no Texto\" data-track-links=\"\">Na entrevista coletiva no Pal\u00e1cio dos Bandeirantes, o governo de SP\u00a0<a href=\"https:\/\/g1.globo.com\/am\/amazonas\/noticia\/2021\/01\/15\/governo-de-sp-diz-que-vai-disponibilizar-leitos-para-receber-bebes-prematuros-e-gestantes-do-amazonas.ghtml\">ofereceu leitos para a transfer\u00eancia de beb\u00eas prematuros que est\u00e3o sem oxig\u00eanio<\/a>\u00a0nos hospitais amazonenses. Doria disse ainda que a falta de oxig\u00eanio para pacientes internados com Covid-19 em Manaus decorre da &#8220;op\u00e7\u00e3o pelo negacionismo&#8221; e da &#8220;pol\u00edtica ca\u00f3tica&#8221; do governo federal em rela\u00e7\u00e3o \u00e0 pandemia.<\/p>\n<\/div>\n<div class=\"mc-column content-text active-extra-styles \" data-block-type=\"unstyled\" data-block-weight=\"33\" data-block-id=\"19\">\n<p class=\"content-text__container \" data-track-category=\"Link no Texto\" data-track-links=\"\">&#8220;O negacionismo [est\u00e1] dominando o pa\u00eds no governo federal. Um mar de fracasso, colocando como v\u00edtimas milhares de brasileiros que perderam a sua vida e outros milhares que podem perder&#8221;, disse o governador.<\/p>\n<\/div>\n<div class=\"mc-column content-text active-extra-styles \" data-block-type=\"unstyled\" data-block-weight=\"58\" data-block-id=\"20\">\n<p class=\"content-text__container \" data-track-category=\"Link no Texto\" data-track-links=\"\">Doria tamb\u00e9m afirmou: &#8220;Tenho a sensa\u00e7\u00e3o de que o governo Bolsonaro gosta do cheiro da morte, e n\u00e3o de celebrar a vida, pois se quisesse celebrar a vida j\u00e1 teria contribu\u00eddo com o estado do Amazonas para oferecer condi\u00e7\u00f5es m\u00ednimas de atendimento aos brasileiros que l\u00e1 vivem. N\u00e3o ter\u00edamos assistido \u00e0s cenas dram\u00e1ticas que vimos ontem na TV&#8221;.<\/p>\n<p data-track-category=\"Link no Texto\" data-track-links=\"\">FONTE : G1<\/p>\n<\/div>\n<\/div>\n<\/div>\n","protected":false},"excerpt":{"rendered":"<p>Em coletiva em SP, governador paulista falou em &#8216;genoc\u00eddio&#8217; e<\/p>\n","protected":false},"author":2,"featured_media":41872,"comment_status":"open","ping_status":"open","sticky":false,"template":"","format":"standard","meta":{"footnotes":""},"categories":[24,25,7],"tags":[],"class_list":["post-41866","post","type-post","status-publish","format-standard","has-post-thumbnail","hentry","category-brasil","category-cidades","category-estado-de-sao-paulo"],"yoast_head":"<!-- This site is optimized with the Yoast SEO plugin v27.4 - https:\/\/yoast.com\/product\/yoast-seo-wordpress\/ -->\n<title>Doria e Bolsonaro trocam acusa\u00e7\u00f5es sobre colapso em Manaus - Regi\u00e3o News<\/title>\n<meta name=\"robots\" content=\"index, follow, max-snippet:-1, max-image-preview:large, max-video-preview:-1\" \/>\n<link rel=\"canonical\" href=\"https:\/\/regiaonews.net.br\/2022\/2021\/01\/16\/doria-e-bolsonaro-trocam-acusacoes-sobre-colapso-em-manaus\/\" \/>\n<meta property=\"og:locale\" content=\"pt_BR\" \/>\n<meta property=\"og:type\" content=\"article\" \/>\n<meta property=\"og:title\" content=\"Doria e Bolsonaro trocam acusa\u00e7\u00f5es sobre colapso em Manaus - Regi\u00e3o News\" \/>\n<meta property=\"og:description\" content=\"Em coletiva em SP, governador paulista falou em &#8216;genoc\u00eddio&#8217; e\" \/>\n<meta property=\"og:url\" content=\"https:\/\/regiaonews.net.br\/2022\/2021\/01\/16\/doria-e-bolsonaro-trocam-acusacoes-sobre-colapso-em-manaus\/\" \/>\n<meta property=\"og:site_name\" content=\"Regi\u00e3o News\" \/>\n<meta property=\"article:published_time\" content=\"2021-01-16T12:22:31+00:00\" \/>\n<meta property=\"og:image\" content=\"https:\/\/regiaonews.net.br\/2022\/wp-content\/uploads\/2021\/01\/7nov2018-joao-doria-governador-de-sao-paulo-se-reune-com-jair-bolsonaro-psl-em-brasilia-1541621147135_v2_1280x960.jpg\" \/>\n\t<meta property=\"og:image:width\" content=\"1280\" \/>\n\t<meta property=\"og:image:height\" content=\"960\" \/>\n\t<meta property=\"og:image:type\" content=\"image\/jpeg\" \/>\n<meta name=\"author\" content=\"Roberto\" \/>\n<meta name=\"twitter:card\" content=\"summary_large_image\" \/>\n<meta name=\"twitter:label1\" content=\"Escrito por\" \/>\n\t<meta name=\"twitter:data1\" content=\"Roberto\" \/>\n\t<meta name=\"twitter:label2\" content=\"Est. tempo de leitura\" \/>\n\t<meta name=\"twitter:data2\" content=\"4 minutos\" \/>\n<script type=\"application\/ld+json\" class=\"yoast-schema-graph\">{\"@context\":\"https:\\\/\\\/schema.org\",\"@graph\":[{\"@type\":\"Article\",\"@id\":\"https:\\\/\\\/regiaonews.net.br\\\/2022\\\/2021\\\/01\\\/16\\\/doria-e-bolsonaro-trocam-acusacoes-sobre-colapso-em-manaus\\\/#article\",\"isPartOf\":{\"@id\":\"https:\\\/\\\/regiaonews.net.br\\\/2022\\\/2021\\\/01\\\/16\\\/doria-e-bolsonaro-trocam-acusacoes-sobre-colapso-em-manaus\\\/\"},\"author\":{\"name\":\"Roberto\",\"@id\":\"https:\\\/\\\/regiaonews.net.br\\\/2022\\\/#\\\/schema\\\/person\\\/2d205a608a5aa97ac279d7a5e6d89ad8\"},\"headline\":\"Doria e Bolsonaro trocam acusa\u00e7\u00f5es sobre colapso em Manaus\",\"datePublished\":\"2021-01-16T12:22:31+00:00\",\"mainEntityOfPage\":{\"@id\":\"https:\\\/\\\/regiaonews.net.br\\\/2022\\\/2021\\\/01\\\/16\\\/doria-e-bolsonaro-trocam-acusacoes-sobre-colapso-em-manaus\\\/\"},\"wordCount\":716,\"commentCount\":0,\"publisher\":{\"@id\":\"https:\\\/\\\/regiaonews.net.br\\\/2022\\\/#organization\"},\"image\":{\"@id\":\"https:\\\/\\\/regiaonews.net.br\\\/2022\\\/2021\\\/01\\\/16\\\/doria-e-bolsonaro-trocam-acusacoes-sobre-colapso-em-manaus\\\/#primaryimage\"},\"thumbnailUrl\":\"https:\\\/\\\/regiaonews.net.br\\\/2022\\\/wp-content\\\/uploads\\\/2021\\\/01\\\/7nov2018-joao-doria-governador-de-sao-paulo-se-reune-com-jair-bolsonaro-psl-em-brasilia-1541621147135_v2_1280x960.jpg\",\"articleSection\":[\"Brasil\",\"Cidades\",\"Estado de S\u00e3o Paulo\"],\"inLanguage\":\"pt-BR\",\"potentialAction\":[{\"@type\":\"CommentAction\",\"name\":\"Comment\",\"target\":[\"https:\\\/\\\/regiaonews.net.br\\\/2022\\\/2021\\\/01\\\/16\\\/doria-e-bolsonaro-trocam-acusacoes-sobre-colapso-em-manaus\\\/#respond\"]}]},{\"@type\":\"WebPage\",\"@id\":\"https:\\\/\\\/regiaonews.net.br\\\/2022\\\/2021\\\/01\\\/16\\\/doria-e-bolsonaro-trocam-acusacoes-sobre-colapso-em-manaus\\\/\",\"url\":\"https:\\\/\\\/regiaonews.net.br\\\/2022\\\/2021\\\/01\\\/16\\\/doria-e-bolsonaro-trocam-acusacoes-sobre-colapso-em-manaus\\\/\",\"name\":\"Doria e Bolsonaro trocam acusa\u00e7\u00f5es sobre colapso em Manaus - Regi\u00e3o News\",\"isPartOf\":{\"@id\":\"https:\\\/\\\/regiaonews.net.br\\\/2022\\\/#website\"},\"primaryImageOfPage\":{\"@id\":\"https:\\\/\\\/regiaonews.net.br\\\/2022\\\/2021\\\/01\\\/16\\\/doria-e-bolsonaro-trocam-acusacoes-sobre-colapso-em-manaus\\\/#primaryimage\"},\"image\":{\"@id\":\"https:\\\/\\\/regiaonews.net.br\\\/2022\\\/2021\\\/01\\\/16\\\/doria-e-bolsonaro-trocam-acusacoes-sobre-colapso-em-manaus\\\/#primaryimage\"},\"thumbnailUrl\":\"https:\\\/\\\/regiaonews.net.br\\\/2022\\\/wp-content\\\/uploads\\\/2021\\\/01\\\/7nov2018-joao-doria-governador-de-sao-paulo-se-reune-com-jair-bolsonaro-psl-em-brasilia-1541621147135_v2_1280x960.jpg\",\"datePublished\":\"2021-01-16T12:22:31+00:00\",\"breadcrumb\":{\"@id\":\"https:\\\/\\\/regiaonews.net.br\\\/2022\\\/2021\\\/01\\\/16\\\/doria-e-bolsonaro-trocam-acusacoes-sobre-colapso-em-manaus\\\/#breadcrumb\"},\"inLanguage\":\"pt-BR\",\"potentialAction\":[{\"@type\":\"ReadAction\",\"target\":[\"https:\\\/\\\/regiaonews.net.br\\\/2022\\\/2021\\\/01\\\/16\\\/doria-e-bolsonaro-trocam-acusacoes-sobre-colapso-em-manaus\\\/\"]}]},{\"@type\":\"ImageObject\",\"inLanguage\":\"pt-BR\",\"@id\":\"https:\\\/\\\/regiaonews.net.br\\\/2022\\\/2021\\\/01\\\/16\\\/doria-e-bolsonaro-trocam-acusacoes-sobre-colapso-em-manaus\\\/#primaryimage\",\"url\":\"https:\\\/\\\/regiaonews.net.br\\\/2022\\\/wp-content\\\/uploads\\\/2021\\\/01\\\/7nov2018-joao-doria-governador-de-sao-paulo-se-reune-com-jair-bolsonaro-psl-em-brasilia-1541621147135_v2_1280x960.jpg\",\"contentUrl\":\"https:\\\/\\\/regiaonews.net.br\\\/2022\\\/wp-content\\\/uploads\\\/2021\\\/01\\\/7nov2018-joao-doria-governador-de-sao-paulo-se-reune-com-jair-bolsonaro-psl-em-brasilia-1541621147135_v2_1280x960.jpg\",\"width\":1280,\"height\":960},{\"@type\":\"BreadcrumbList\",\"@id\":\"https:\\\/\\\/regiaonews.net.br\\\/2022\\\/2021\\\/01\\\/16\\\/doria-e-bolsonaro-trocam-acusacoes-sobre-colapso-em-manaus\\\/#breadcrumb\",\"itemListElement\":[{\"@type\":\"ListItem\",\"position\":1,\"name\":\"In\u00edcio\",\"item\":\"https:\\\/\\\/regiaonews.net.br\\\/2022\\\/\"},{\"@type\":\"ListItem\",\"position\":2,\"name\":\"Doria e Bolsonaro trocam acusa\u00e7\u00f5es sobre colapso em Manaus\"}]},{\"@type\":\"WebSite\",\"@id\":\"https:\\\/\\\/regiaonews.net.br\\\/2022\\\/#website\",\"url\":\"https:\\\/\\\/regiaonews.net.br\\\/2022\\\/\",\"name\":\"Regi\u00e3o News\",\"description\":\"Site de Not\u00edcias de Barretos e regi\u00e3o\",\"publisher\":{\"@id\":\"https:\\\/\\\/regiaonews.net.br\\\/2022\\\/#organization\"},\"potentialAction\":[{\"@type\":\"SearchAction\",\"target\":{\"@type\":\"EntryPoint\",\"urlTemplate\":\"https:\\\/\\\/regiaonews.net.br\\\/2022\\\/?s={search_term_string}\"},\"query-input\":{\"@type\":\"PropertyValueSpecification\",\"valueRequired\":true,\"valueName\":\"search_term_string\"}}],\"inLanguage\":\"pt-BR\"},{\"@type\":\"Organization\",\"@id\":\"https:\\\/\\\/regiaonews.net.br\\\/2022\\\/#organization\",\"name\":\"Regi\u00e3o News\",\"url\":\"https:\\\/\\\/regiaonews.net.br\\\/2022\\\/\",\"logo\":{\"@type\":\"ImageObject\",\"inLanguage\":\"pt-BR\",\"@id\":\"https:\\\/\\\/regiaonews.net.br\\\/2022\\\/#\\\/schema\\\/logo\\\/image\\\/\",\"url\":\"https:\\\/\\\/regiaonews.net.br\\\/2022\\\/wp-content\\\/uploads\\\/2026\\\/03\\\/regiao-13-anos-scaled.jpg\",\"contentUrl\":\"https:\\\/\\\/regiaonews.net.br\\\/2022\\\/wp-content\\\/uploads\\\/2026\\\/03\\\/regiao-13-anos-scaled.jpg\",\"width\":2560,\"height\":635,\"caption\":\"Regi\u00e3o News\"},\"image\":{\"@id\":\"https:\\\/\\\/regiaonews.net.br\\\/2022\\\/#\\\/schema\\\/logo\\\/image\\\/\"}},{\"@type\":\"Person\",\"@id\":\"https:\\\/\\\/regiaonews.net.br\\\/2022\\\/#\\\/schema\\\/person\\\/2d205a608a5aa97ac279d7a5e6d89ad8\",\"name\":\"Roberto\",\"image\":{\"@type\":\"ImageObject\",\"inLanguage\":\"pt-BR\",\"@id\":\"https:\\\/\\\/secure.gravatar.com\\\/avatar\\\/42749d8b712ff9d59ca93dc150494e5b55a44134482993f5baeb97e61b7ecc89?s=96&d=mm&r=g\",\"url\":\"https:\\\/\\\/secure.gravatar.com\\\/avatar\\\/42749d8b712ff9d59ca93dc150494e5b55a44134482993f5baeb97e61b7ecc89?s=96&d=mm&r=g\",\"contentUrl\":\"https:\\\/\\\/secure.gravatar.com\\\/avatar\\\/42749d8b712ff9d59ca93dc150494e5b55a44134482993f5baeb97e61b7ecc89?s=96&d=mm&r=g\",\"caption\":\"Roberto\"},\"url\":\"https:\\\/\\\/regiaonews.net.br\\\/2022\\\/author\\\/roberto\\\/\"}]}<\/script>\n<!-- \/ Yoast SEO plugin. -->","yoast_head_json":{"title":"Doria e Bolsonaro trocam acusa\u00e7\u00f5es sobre colapso em Manaus - Regi\u00e3o News","robots":{"index":"index","follow":"follow","max-snippet":"max-snippet:-1","max-image-preview":"max-image-preview:large","max-video-preview":"max-video-preview:-1"},"canonical":"https:\/\/regiaonews.net.br\/2022\/2021\/01\/16\/doria-e-bolsonaro-trocam-acusacoes-sobre-colapso-em-manaus\/","og_locale":"pt_BR","og_type":"article","og_title":"Doria e Bolsonaro trocam acusa\u00e7\u00f5es sobre colapso em Manaus - Regi\u00e3o News","og_description":"Em coletiva em SP, governador paulista falou em &#8216;genoc\u00eddio&#8217; e","og_url":"https:\/\/regiaonews.net.br\/2022\/2021\/01\/16\/doria-e-bolsonaro-trocam-acusacoes-sobre-colapso-em-manaus\/","og_site_name":"Regi\u00e3o News","article_published_time":"2021-01-16T12:22:31+00:00","og_image":[{"width":1280,"height":960,"url":"https:\/\/regiaonews.net.br\/2022\/wp-content\/uploads\/2021\/01\/7nov2018-joao-doria-governador-de-sao-paulo-se-reune-com-jair-bolsonaro-psl-em-brasilia-1541621147135_v2_1280x960.jpg","type":"image\/jpeg"}],"author":"Roberto","twitter_card":"summary_large_image","twitter_misc":{"Escrito por":"Roberto","Est. tempo de leitura":"4 minutos"},"schema":{"@context":"https:\/\/schema.org","@graph":[{"@type":"Article","@id":"https:\/\/regiaonews.net.br\/2022\/2021\/01\/16\/doria-e-bolsonaro-trocam-acusacoes-sobre-colapso-em-manaus\/#article","isPartOf":{"@id":"https:\/\/regiaonews.net.br\/2022\/2021\/01\/16\/doria-e-bolsonaro-trocam-acusacoes-sobre-colapso-em-manaus\/"},"author":{"name":"Roberto","@id":"https:\/\/regiaonews.net.br\/2022\/#\/schema\/person\/2d205a608a5aa97ac279d7a5e6d89ad8"},"headline":"Doria e Bolsonaro trocam acusa\u00e7\u00f5es sobre colapso em Manaus","datePublished":"2021-01-16T12:22:31+00:00","mainEntityOfPage":{"@id":"https:\/\/regiaonews.net.br\/2022\/2021\/01\/16\/doria-e-bolsonaro-trocam-acusacoes-sobre-colapso-em-manaus\/"},"wordCount":716,"commentCount":0,"publisher":{"@id":"https:\/\/regiaonews.net.br\/2022\/#organization"},"image":{"@id":"https:\/\/regiaonews.net.br\/2022\/2021\/01\/16\/doria-e-bolsonaro-trocam-acusacoes-sobre-colapso-em-manaus\/#primaryimage"},"thumbnailUrl":"https:\/\/regiaonews.net.br\/2022\/wp-content\/uploads\/2021\/01\/7nov2018-joao-doria-governador-de-sao-paulo-se-reune-com-jair-bolsonaro-psl-em-brasilia-1541621147135_v2_1280x960.jpg","articleSection":["Brasil","Cidades","Estado de S\u00e3o Paulo"],"inLanguage":"pt-BR","potentialAction":[{"@type":"CommentAction","name":"Comment","target":["https:\/\/regiaonews.net.br\/2022\/2021\/01\/16\/doria-e-bolsonaro-trocam-acusacoes-sobre-colapso-em-manaus\/#respond"]}]},{"@type":"WebPage","@id":"https:\/\/regiaonews.net.br\/2022\/2021\/01\/16\/doria-e-bolsonaro-trocam-acusacoes-sobre-colapso-em-manaus\/","url":"https:\/\/regiaonews.net.br\/2022\/2021\/01\/16\/doria-e-bolsonaro-trocam-acusacoes-sobre-colapso-em-manaus\/","name":"Doria e Bolsonaro trocam acusa\u00e7\u00f5es sobre colapso em Manaus - Regi\u00e3o News","isPartOf":{"@id":"https:\/\/regiaonews.net.br\/2022\/#website"},"primaryImageOfPage":{"@id":"https:\/\/regiaonews.net.br\/2022\/2021\/01\/16\/doria-e-bolsonaro-trocam-acusacoes-sobre-colapso-em-manaus\/#primaryimage"},"image":{"@id":"https:\/\/regiaonews.net.br\/2022\/2021\/01\/16\/doria-e-bolsonaro-trocam-acusacoes-sobre-colapso-em-manaus\/#primaryimage"},"thumbnailUrl":"https:\/\/regiaonews.net.br\/2022\/wp-content\/uploads\/2021\/01\/7nov2018-joao-doria-governador-de-sao-paulo-se-reune-com-jair-bolsonaro-psl-em-brasilia-1541621147135_v2_1280x960.jpg","datePublished":"2021-01-16T12:22:31+00:00","breadcrumb":{"@id":"https:\/\/regiaonews.net.br\/2022\/2021\/01\/16\/doria-e-bolsonaro-trocam-acusacoes-sobre-colapso-em-manaus\/#breadcrumb"},"inLanguage":"pt-BR","potentialAction":[{"@type":"ReadAction","target":["https:\/\/regiaonews.net.br\/2022\/2021\/01\/16\/doria-e-bolsonaro-trocam-acusacoes-sobre-colapso-em-manaus\/"]}]},{"@type":"ImageObject","inLanguage":"pt-BR","@id":"https:\/\/regiaonews.net.br\/2022\/2021\/01\/16\/doria-e-bolsonaro-trocam-acusacoes-sobre-colapso-em-manaus\/#primaryimage","url":"https:\/\/regiaonews.net.br\/2022\/wp-content\/uploads\/2021\/01\/7nov2018-joao-doria-governador-de-sao-paulo-se-reune-com-jair-bolsonaro-psl-em-brasilia-1541621147135_v2_1280x960.jpg","contentUrl":"https:\/\/regiaonews.net.br\/2022\/wp-content\/uploads\/2021\/01\/7nov2018-joao-doria-governador-de-sao-paulo-se-reune-com-jair-bolsonaro-psl-em-brasilia-1541621147135_v2_1280x960.jpg","width":1280,"height":960},{"@type":"BreadcrumbList","@id":"https:\/\/regiaonews.net.br\/2022\/2021\/01\/16\/doria-e-bolsonaro-trocam-acusacoes-sobre-colapso-em-manaus\/#breadcrumb","itemListElement":[{"@type":"ListItem","position":1,"name":"In\u00edcio","item":"https:\/\/regiaonews.net.br\/2022\/"},{"@type":"ListItem","position":2,"name":"Doria e Bolsonaro trocam acusa\u00e7\u00f5es sobre colapso em Manaus"}]},{"@type":"WebSite","@id":"https:\/\/regiaonews.net.br\/2022\/#website","url":"https:\/\/regiaonews.net.br\/2022\/","name":"Regi\u00e3o News","description":"Site de Not\u00edcias de Barretos e regi\u00e3o","publisher":{"@id":"https:\/\/regiaonews.net.br\/2022\/#organization"},"potentialAction":[{"@type":"SearchAction","target":{"@type":"EntryPoint","urlTemplate":"https:\/\/regiaonews.net.br\/2022\/?s={search_term_string}"},"query-input":{"@type":"PropertyValueSpecification","valueRequired":true,"valueName":"search_term_string"}}],"inLanguage":"pt-BR"},{"@type":"Organization","@id":"https:\/\/regiaonews.net.br\/2022\/#organization","name":"Regi\u00e3o News","url":"https:\/\/regiaonews.net.br\/2022\/","logo":{"@type":"ImageObject","inLanguage":"pt-BR","@id":"https:\/\/regiaonews.net.br\/2022\/#\/schema\/logo\/image\/","url":"https:\/\/regiaonews.net.br\/2022\/wp-content\/uploads\/2026\/03\/regiao-13-anos-scaled.jpg","contentUrl":"https:\/\/regiaonews.net.br\/2022\/wp-content\/uploads\/2026\/03\/regiao-13-anos-scaled.jpg","width":2560,"height":635,"caption":"Regi\u00e3o News"},"image":{"@id":"https:\/\/regiaonews.net.br\/2022\/#\/schema\/logo\/image\/"}},{"@type":"Person","@id":"https:\/\/regiaonews.net.br\/2022\/#\/schema\/person\/2d205a608a5aa97ac279d7a5e6d89ad8","name":"Roberto","image":{"@type":"ImageObject","inLanguage":"pt-BR","@id":"https:\/\/secure.gravatar.com\/avatar\/42749d8b712ff9d59ca93dc150494e5b55a44134482993f5baeb97e61b7ecc89?s=96&d=mm&r=g","url":"https:\/\/secure.gravatar.com\/avatar\/42749d8b712ff9d59ca93dc150494e5b55a44134482993f5baeb97e61b7ecc89?s=96&d=mm&r=g","contentUrl":"https:\/\/secure.gravatar.com\/avatar\/42749d8b712ff9d59ca93dc150494e5b55a44134482993f5baeb97e61b7ecc89?s=96&d=mm&r=g","caption":"Roberto"},"url":"https:\/\/regiaonews.net.br\/2022\/author\/roberto\/"}]}},"publishpress_future_action":{"enabled":false,"date":"2026-05-03 12:34:57","action":"change-status","newStatus":"draft","terms":[],"taxonomy":"category","extraData":[]},"publishpress_future_workflow_manual_trigger":{"enabledWorkflows":[]},"_links":{"self":[{"href":"https:\/\/regiaonews.net.br\/2022\/wp-json\/wp\/v2\/posts\/41866","targetHints":{"allow":["GET"]}}],"collection":[{"href":"https:\/\/regiaonews.net.br\/2022\/wp-json\/wp\/v2\/posts"}],"about":[{"href":"https:\/\/regiaonews.net.br\/2022\/wp-json\/wp\/v2\/types\/post"}],"author":[{"embeddable":true,"href":"https:\/\/regiaonews.net.br\/2022\/wp-json\/wp\/v2\/users\/2"}],"replies":[{"embeddable":true,"href":"https:\/\/regiaonews.net.br\/2022\/wp-json\/wp\/v2\/comments?post=41866"}],"version-history":[{"count":0,"href":"https:\/\/regiaonews.net.br\/2022\/wp-json\/wp\/v2\/posts\/41866\/revisions"}],"wp:featuredmedia":[{"embeddable":true,"href":"https:\/\/regiaonews.net.br\/2022\/wp-json\/wp\/v2\/media\/41872"}],"wp:attachment":[{"href":"https:\/\/regiaonews.net.br\/2022\/wp-json\/wp\/v2\/media?parent=41866"}],"wp:term":[{"taxonomy":"category","embeddable":true,"href":"https:\/\/regiaonews.net.br\/2022\/wp-json\/wp\/v2\/categories?post=41866"},{"taxonomy":"post_tag","embeddable":true,"href":"https:\/\/regiaonews.net.br\/2022\/wp-json\/wp\/v2\/tags?post=41866"}],"curies":[{"name":"wp","href":"https:\/\/api.w.org\/{rel}","templated":true}]}}