{"id":41855,"date":"2021-01-15T16:39:06","date_gmt":"2021-01-15T19:39:06","guid":{"rendered":"https:\/\/regiaonews.net.br\/2022\/?p=41855"},"modified":"2021-01-15T16:39:06","modified_gmt":"2021-01-15T19:39:06","slug":"barretos-permanece-na-fase-amarela-do-plano-sao-paulo","status":"publish","type":"post","link":"https:\/\/regiaonews.net.br\/2022\/2021\/01\/15\/barretos-permanece-na-fase-amarela-do-plano-sao-paulo\/","title":{"rendered":"Barretos permanece na fase amarela do Plano S\u00e3o Paulo"},"content":{"rendered":"<h2 class=\"content-head__subtitle\">Na laranja, bares fecham as portas para os clientes. Os demais servi\u00e7os podem funcionar, com restri\u00e7\u00f5es de hor\u00e1rio e capacidade. Cidades no entorno de Barretos (SP) continuam na etapa amarela.<\/h2>\n<div class=\"mc-column content-text active-extra-styles \" data-block-type=\"unstyled\" data-block-weight=\"42\" data-block-id=\"2\">\n<p data-track-category=\"Link no Texto\" data-track-links=\"\"><a href=\"https:\/\/regiaonews.net.br\/2022\/wp-content\/uploads\/2021\/01\/whatsapp-image-2021-01-15-at-12.50.50.jpeg\"><img loading=\"lazy\" decoding=\"async\" class=\"alignnone size-medium wp-image-41856\" src=\"https:\/\/regiaonews.net.br\/2022\/wp-content\/uploads\/2021\/01\/whatsapp-image-2021-01-15-at-12.50.50-300x161.jpeg\" alt=\"\" width=\"300\" height=\"161\" \/><\/a><\/p>\n<p class=\"content-text__container \" data-track-category=\"Link no Texto\" data-track-links=\"\">As regi\u00f5es de Ribeir\u00e3o Preto (SP) e Franca (SP)\u00a0<a href=\"https:\/\/g1.globo.com\/sp\/ribeirao-preto-franca\/noticia\/2021\/01\/08\/governo-de-sp-mantem-ribeirao-preto-franca-e-barretos-na-fase-amarela-do-plano-sao-paulo.ghtml\">foram rebaixadas \u00e0 fase laranja do Plano S\u00e3o Paulo<\/a>\u00a0e a de Barretos (SP) continuou na amarela, segundo informou o governador Jo\u00e3o Doria (PSDB) em coletiva de imprensa na tarde desta sexta-feira (15).<\/p>\n<\/div>\n<div class=\"wall protected-content\">\n<div class=\"mc-column content-text active-extra-styles \" data-block-type=\"unstyled\" data-block-weight=\"44\" data-block-id=\"3\">\n<p class=\"content-text__container \" data-track-category=\"Link no Texto\" data-track-links=\"\">As regress\u00f5es ocorrem ap\u00f3s a piora dos \u00edndices no estado, em raz\u00e3o das aglomera\u00e7\u00f5es registradas no fim de 2020, de acordo com o secret\u00e1rio estadual de Sa\u00fade, Jean Gorinchteyen. Antes, a reclassifica\u00e7\u00e3o do plano estava prevista para acontecer no dia 5 de fevereiro.<\/p>\n<\/div>\n<div class=\"mc-column content-text active-extra-styles \" data-block-type=\"unstyled\" data-block-weight=\"29\" data-block-id=\"4\">\n<p class=\"content-text__container \" data-track-category=\"Link no Texto\" data-track-links=\"\">&#8220;Precisamos restringir mais hor\u00e1rios e servi\u00e7os. S\u00f3 assim reduziremos o n\u00famero de casos, o n\u00famero de pessoas que se agravam e precisam de atendimento na terapia intensiva&#8221;, afirmou.<\/p>\n<\/div>\n<div class=\"mc-column content-text active-extra-styles \" data-block-type=\"unstyled\" data-block-weight=\"25\" data-block-id=\"5\">\n<p class=\"content-text__container \" data-track-category=\"Link no Texto\" data-track-links=\"\">De acordo com o governador Jo\u00e3o Doria (PSDB), os prefeitos que n\u00e3o respeitarem as regras ser\u00e3o acionados pelo Minist\u00e9rio P\u00fablico e poder\u00e3o responder judicialmente.<\/p>\n<\/div>\n<div class=\"mc-column content-text active-extra-styles\" data-block-type=\"raw\" data-block-weight=\"5\" data-block-id=\"6\">\n<div class=\"content-intertitle\">\n<h2>Piora na ocupa\u00e7\u00e3o de leitos<\/h2>\n<\/div>\n<\/div>\n<div class=\"mc-column content-text active-extra-styles \" data-block-type=\"unstyled\" data-block-weight=\"47\" data-block-id=\"7\">\n<p class=\"content-text__container \" data-track-category=\"Link no Texto\" data-track-links=\"\">Segundo boletim da Funda\u00e7\u00e3o Seade, usado pelo estado como par\u00e2metro de an\u00e1lise do Plano S\u00e3o Paulo, as cidades da Diretoria Regional de Sa\u00fade 13,<strong>\u00a0com sede em Ribeir\u00e3o Preto<\/strong>, est\u00e3o com ocupa\u00e7\u00e3o de 70,9% em leitos de Unidade de Terapia Intensiva (UTI).\u00a0<a href=\"https:\/\/g1.globo.com\/sp\/ribeirao-preto-franca\/noticia\/2021\/01\/08\/governo-de-sp-mantem-ribeirao-preto-franca-e-barretos-na-fase-amarela-do-plano-sao-paulo.ghtml\">Na semana passada era 57,2%.<\/a><\/p>\n<\/div>\n<div class=\"mc-column content-text active-extra-styles \" data-block-type=\"unstyled\" data-block-weight=\"24\" data-block-id=\"8\">\n<p class=\"content-text__container \" data-track-category=\"Link no Texto\" data-track-links=\"\">O secret\u00e1rio de Desenvolvimento Regional, Marco Vinholi, informou que a regi\u00e3o de Ribeir\u00e3o Preto receber\u00e1 33 respiradores nos pr\u00f3ximos dias para amplia\u00e7\u00e3o de vagas.<\/p>\n<\/div>\n<div class=\"content-ads content-ads--reveal\" data-block-type=\"ads\" data-block-id=\"9\">\n<div id=\"banner_materia2\" class=\"tag-manager-publicidade-container mc-has-reveal mc-has-ad-lazyload tag-manager-publicidade-banner_materia2 tag-manager-publicidade-container--carregado tag-manager-publicidade-container--visivel\" data-id=\"banner_materia2\" data-req=\"true\" data-google-query-id=\"CN6f89TXnu4CFZ0AuQYdMUgOxQ\" data-cid=\"138336046368\" data-lid=\"5580432906\">\n<div id=\"google_ads_iframe_\/95377733\/tvg_G1\/Sua_Regiao&gt;Sudeste&gt;Sao_Paulo_(Ribeirao_Preto)_3__container__\" style=\"box-sizing: inherit; margin: auto; padding: 0px; border: 0pt none; font: inherit; vertical-align: initial; max-width: 100%; text-align: center;\"><\/div>\n<\/div>\n<\/div>\n<div class=\"mc-column content-text active-extra-styles \" data-block-type=\"unstyled\" data-block-weight=\"29\" data-block-id=\"10\">\n<p class=\"content-text__container \" data-track-category=\"Link no Texto\" data-track-links=\"\"><strong>Na regi\u00e3o de Franca<\/strong>, onde est\u00e1 a Diretoria Regional de Sa\u00fade 8, a ocupa\u00e7\u00e3o nas UTIs est\u00e1 em 70,2%. Na atualiza\u00e7\u00e3o da semana passada,\u00a0<a href=\"https:\/\/g1.globo.com\/sp\/ribeirao-preto-franca\/noticia\/2021\/01\/08\/governo-de-sp-mantem-ribeirao-preto-franca-e-barretos-na-fase-amarela-do-plano-sao-paulo.ghtml\">o \u00edndice estava em 49,9%.<\/a><\/p>\n<\/div>\n<div class=\"mc-column content-text active-extra-styles \" data-block-type=\"unstyled\" data-block-weight=\"42\" data-block-id=\"11\">\n<p class=\"content-text__container \" data-track-category=\"Link no Texto\" data-track-links=\"\"><strong>A regi\u00e3o de Barretos<\/strong>, que pertence \u00e0 Diretoria Regional de Sa\u00fade 5, tamb\u00e9m aumentou a ocupa\u00e7\u00e3o nas UTIs, mas ainda manteve-se na fase amarela porque o \u00edndice n\u00e3o passou dos 70%.\u00a0<a href=\"https:\/\/g1.globo.com\/sp\/ribeirao-preto-franca\/noticia\/2021\/01\/08\/governo-de-sp-mantem-ribeirao-preto-franca-e-barretos-na-fase-amarela-do-plano-sao-paulo.ghtml\">Na semana passada, 47,4% das vagas estavam preenchidas<\/a>. Agora, s\u00e3o 55,8.<\/p>\n<\/div>\n<div class=\"row medium-uncollapsed content-media content-photo\" data-block-type=\"backstage-photo\" data-block-id=\"12\">\n<div class=\"mc-column content-media__container\">\n<figure><img decoding=\"async\" class=\"i-amphtml-fill-content i-amphtml-replaced-content\" src=\"https:\/\/s2.glbimg.com\/G-Ur6VvR0TpgoiISHf6FvC3NB4A=\/0x0:1122x626\/984x0\/smart\/filters:strip_icc()\/i.s3.glbimg.com\/v1\/AUTH_59edd422c0c84a879bd37670ae4f538a\/internal_photos\/bs\/2020\/n\/8\/HKhLeZT1SRmkDgDQ17YQ\/natal-2.jpg\" sizes=\"(max-width: 1366px) 648px, 100vw\" srcset=\"https:\/\/s2.glbimg.com\/qavz2Tkl5DSzM2jrHLIbzo9fvm4=\/0x0:1122x626\/1000x0\/smart\/filters:strip_icc()\/i.s3.glbimg.com\/v1\/AUTH_59edd422c0c84a879bd37670ae4f538a\/internal_photos\/bs\/2020\/n\/8\/HKhLeZT1SRmkDgDQ17YQ\/natal-2.jpg 1000w, https:\/\/s2.glbimg.com\/G-Ur6VvR0TpgoiISHf6FvC3NB4A=\/0x0:1122x626\/984x0\/smart\/filters:strip_icc()\/i.s3.glbimg.com\/v1\/AUTH_59edd422c0c84a879bd37670ae4f538a\/internal_photos\/bs\/2020\/n\/8\/HKhLeZT1SRmkDgDQ17YQ\/natal-2.jpg 984w, https:\/\/s2.glbimg.com\/SZVVYYOT3MVa0DnQD03z4Ku-0GY=\/0x0:1122x626\/640x0\/smart\/filters:strip_icc()\/i.s3.glbimg.com\/v1\/AUTH_59edd422c0c84a879bd37670ae4f538a\/internal_photos\/bs\/2020\/n\/8\/HKhLeZT1SRmkDgDQ17YQ\/natal-2.jpg 640w, https:\/\/s2.glbimg.com\/Gp8ZLtgt3AgNVpAum9ucu7UtnI0=\/0x0:1122x626\/600x0\/smart\/filters:strip_icc()\/i.s3.glbimg.com\/v1\/AUTH_59edd422c0c84a879bd37670ae4f538a\/internal_photos\/bs\/2020\/n\/8\/HKhLeZT1SRmkDgDQ17YQ\/natal-2.jpg 600w\" alt=\"Na fase laranja, lojas podem funcionar 8 horas por dia, com 40% da capacidade \u2014 Foto: Chico Escolano\/EPTV\" \/><\/figure>\n<p class=\"content-media__description \">Na fase laranja, lojas podem funcionar 8 horas por dia, com 40% da capacidade \u2014 Foto: Chico Escolano\/EPTV<\/p>\n<\/div>\n<\/div>\n<div class=\"mc-column content-text active-extra-styles\" data-block-type=\"raw\" data-block-weight=\"6\" data-block-id=\"13\">\n<div class=\"content-intertitle\">\n<h2>\u00cdndices por crit\u00e9rio do Plano SP<\/h2>\n<\/div>\n<\/div>\n<div class=\"mc-column content-text active-extra-styles \" data-block-type=\"unstyled\" data-block-weight=\"46\" data-block-id=\"14\">\n<p class=\"content-text__container \" data-track-category=\"Link no Texto\" data-track-links=\"\">A secret\u00e1ria de Desenvolvimento, Patr\u00edcia Ellen, disse que o aumento significativo dos \u00edndices \u00e9 percebido em todo o estado, mas com destaque para a sete regi\u00f5es que foram reclassificadas nesta sexta-feira. A regi\u00e3o de Mar\u00edlia passou da fase laranja para a vermelha, a mais restrita.<\/p>\n<\/div>\n<div class=\"mc-column content-text active-extra-styles \" data-block-type=\"unstyled\" data-block-weight=\"93\" data-block-id=\"15\">\n<p class=\"content-text__container \" data-track-category=\"Link no Texto\" data-track-links=\"\">\u201cN\u00f3s temos um aumento da taxa de ocupa\u00e7\u00e3o de leitos em todo o estado, agora com uma m\u00e9dia de 67,5%. Tivemos tamb\u00e9m um aumento nas interna\u00e7\u00f5es na m\u00e9dia de 14 dias a cada 100 mil habitantes, estamos em 49,3, e um aumento no n\u00famero de \u00f3bitos, para 5,8 a cada 100 mil habitantes. Em gostaria de relembrar com destaque que houve um aumento significativo de casos na regi\u00e3o de Ara\u00e7atuba, aumento significativo de ocupa\u00e7\u00e3o de leitos em bauru, Franca, Mar\u00edlia, Presidente Prudente, Ribeir\u00e3o Preto, S\u00e3o Jos\u00e9 do Rio Preto, Sorocaba e Taubat\u00e9.\u201d<\/p>\n<\/div>\n<div class=\"content-ads content-ads--reveal\" data-block-type=\"ads\" data-block-id=\"16\"><\/div>\n<div class=\"mc-column content-text active-extra-styles \" data-block-type=\"unstyled\" data-block-weight=\"30\" data-block-id=\"17\">\n<p class=\"content-text__container \" data-track-category=\"Link no Texto\" data-track-links=\"\">Veja abaixo a evolu\u00e7\u00e3o dos \u00edndices analisados pelo Comit\u00ea de Enfrentamento \u00e0 Covid-19 do Estado de S\u00e3o Paulo, com\u00a0<strong>base nos dados de 7 de janeiro e 14 de janeiro<\/strong>.<\/p>\n<\/div>\n<div class=\"mc-column content-text active-extra-styles \" data-block-type=\"unstyled\" data-block-weight=\"2\" data-block-id=\"18\">\n<p class=\"content-text__container \" data-track-category=\"Link no Texto\" data-track-links=\"\"><strong>Ribeir\u00e3o Preto<\/strong><\/p>\n<\/div>\n<div class=\"mc-column content-text active-extra-styles\" data-block-type=\"raw\" data-block-weight=\"72\" data-block-id=\"19\">\n<ul class=\"content-unordered-list\">\n<li><strong>ocupa\u00e7\u00e3o de leitos de UTI:<\/strong>\u00a0passou de 57,2 (verde) para 70,9 (laranja)<\/li>\n<li><strong>n\u00famero de leitos para cada 100 mil habitantes:\u00a0<\/strong>passou de 11,8 (verde) para 13,4 (verde)<\/li>\n<li><strong>n\u00famero de novos casos por 100 mil habitantes:<\/strong>\u00a0passou de 181,4 (amarelo) para 251,7 (amarelo)<\/li>\n<li><strong>n\u00famero de novas interna\u00e7\u00f5es por 100 mil habitantes:<\/strong>\u00a0passou de 36,7 (amarelo) para 47 (amarelo)<\/li>\n<li><strong>n\u00famero de novos \u00f3bitos por 100 mil habitantes:<\/strong>\u00a0passou de 3,6 (amarelo) para 4,5 (amarelo)<\/li>\n<\/ul>\n<\/div>\n<div class=\"mc-column content-text active-extra-styles \" data-block-type=\"unstyled\" data-block-weight=\"1\" data-block-id=\"20\">\n<p class=\"content-text__container \" data-track-category=\"Link no Texto\" data-track-links=\"\"><strong>Franca<\/strong><\/p>\n<\/div>\n<div class=\"mc-column content-text active-extra-styles\" data-block-type=\"raw\" data-block-weight=\"70\" data-block-id=\"21\">\n<ul class=\"content-unordered-list\">\n<li><strong>ocupa\u00e7\u00e3o de leitos de UTI:<\/strong>\u00a0passou de 49,9 (verde) para 70,2 (laranja)<\/li>\n<li><strong>n\u00famero de novos casos por 100 mil habitantes:<\/strong>\u00a0passou de 182,7 (amarelo) para 292,2 (amarelo)<\/li>\n<li><strong>n\u00famero de leitos para cada 100 mil habitantes:<\/strong>\u00a0se manteve em 12,5 (verde)<\/li>\n<li><strong>n\u00famero de novas interna\u00e7\u00f5es por 100 mil habitantes:<\/strong>\u00a0passou de 23,4 (verde) para 34,6 (amarelo)<\/li>\n<li><strong>n\u00famero de novos \u00f3bitos por 100 mil habitantes:<\/strong>\u00a0passou de 2,6 (verde) para 2,4 (verde)<\/li>\n<\/ul>\n<\/div>\n<div class=\"mc-column content-text active-extra-styles \" data-block-type=\"unstyled\" data-block-weight=\"2\" data-block-id=\"22\">\n<p class=\"content-text__container \" data-track-category=\"Link no Texto\" data-track-links=\"\"><strong>Barretos<\/strong><\/p>\n<\/div>\n<div class=\"mc-column content-text active-extra-styles\" data-block-type=\"raw\" data-block-weight=\"71\" data-block-id=\"23\">\n<ul class=\"content-unordered-list\">\n<li><strong>ocupa\u00e7\u00e3o de leitos de UTI:<\/strong>\u00a0passou de 47,4 (verde) para 55,8 (verde)<\/li>\n<li><strong>n\u00famero de novas interna\u00e7\u00f5es por 100 mil habitantes:<\/strong>\u00a0passou de 46,8 (amarelo) para 51,5 (amarelo)<\/li>\n<li><strong>n\u00famero de leitos para cada 100 mil habitantes:<\/strong>\u00a0se manteve em 21,7 (verde)<\/li>\n<li><strong>n\u00famero de novos casos por 100 mil habitantes:<\/strong>\u00a0passou de 174,1 9 (verde) para 305,1 (amarelo)<\/li>\n<li><strong>n\u00famero de novos \u00f3bitos por 100 mil habitantes:<\/strong>\u00a0passou de 0,9 (verde) para 2,8 (verde)<\/li>\n<\/ul>\n<\/div>\n<div class=\"mc-column content-text active-extra-styles\" data-block-type=\"raw\" data-block-weight=\"5\" data-block-id=\"24\">\n<div class=\"content-intertitle\">\n<h2>Como fica a Fase Laranja<\/h2>\n<\/div>\n<\/div>\n<div class=\"mc-column content-text active-extra-styles \" data-block-type=\"unstyled\" data-block-weight=\"23\" data-block-id=\"25\">\n<p class=\"content-text__container \" data-track-category=\"Link no Texto\" data-track-links=\"\">Na semana passada, o estado alterou o regramento da fase laranja. Com a mudan\u00e7a, apenas os bares permanecem fechados aos clientes.<\/p>\n<\/div>\n<div class=\"mc-column content-text active-extra-styles \" data-block-type=\"unstyled\" data-block-weight=\"15\" data-block-id=\"26\">\n<p class=\"content-text__container \" data-track-category=\"Link no Texto\" data-track-links=\"\">Setores que antes eram proibidos, como sal\u00f5es de beleza, academias e parques, agora podem funcionar.<\/p>\n<\/div>\n<div class=\"mc-column content-text active-extra-styles\" data-block-type=\"raw\" data-block-weight=\"67\" data-block-id=\"27\">\n<ul class=\"content-unordered-list\">\n<li>Todos os setores de com\u00e9rcio e servi\u00e7os passam a ser permitidos. A exce\u00e7\u00e3o \u00e9 o atendimento presencial em bares, que continua proibido.<\/li>\n<li>Capacidade de ocupa\u00e7\u00e3o: antes era de 20% e vai para 40% em todos os setores.<\/li>\n<li>Funcionamento m\u00e1ximo: ampliado de 4 para 8 horas por dia.<\/li>\n<li>Hor\u00e1rio de fechamento: atendimento presencial s\u00f3 poder\u00e1 ser feito at\u00e9 20h.<\/li>\n<li>Parques estaduais, sal\u00f5es de beleza e academias: poder\u00e3o abrir.<\/li>\n<\/ul>\n<\/div>\n<div class=\"content-ads content-ads--reveal\" data-block-type=\"ads\" data-block-id=\"28\"><\/div>\n<div class=\"mc-column content-text active-extra-styles\" data-block-type=\"raw\" data-block-weight=\"5\" data-block-id=\"29\">\n<div class=\"content-intertitle\">\n<h2>Como fica a fase amarela<\/h2>\n<\/div>\n<\/div>\n<div class=\"mc-column content-text active-extra-styles\" data-block-type=\"raw\" data-block-weight=\"70\" data-block-id=\"30\">\n<ul class=\"content-unordered-list\">\n<li>Capacidade m\u00e1xima limitada a 40% de ocupa\u00e7\u00e3o para todos os setores. At\u00e9 o final do ano passado, o percentual variava por setor.<\/li>\n<li>Atendimento presencial ao p\u00fablico pode ser feito at\u00e9 as 22h, em todos os setores, exceto no setor de bares, que pode funcionar at\u00e9 as 20h.<\/li>\n<li>Hor\u00e1rio de funcionamento limitado a 12 horas por dia para todos os setores, exceto restaurantes, que devem respeitar o limite de 10 horas.<\/li>\n<\/ul>\n<\/div>\n<div class=\"row medium-uncollapsed content-media content-photo\" data-block-type=\"backstage-photo\" data-block-id=\"31\">\n<div class=\"mc-column content-media__container\">\n<figure><img decoding=\"async\" class=\"i-amphtml-fill-content i-amphtml-replaced-content\" src=\"https:\/\/s2.glbimg.com\/KADjRG3fjNIfcJZ_4zRossuPNX4=\/0x0:1080x587\/984x0\/smart\/filters:strip_icc()\/i.s3.glbimg.com\/v1\/AUTH_59edd422c0c84a879bd37670ae4f538a\/internal_photos\/bs\/2021\/K\/c\/SJINADRc23gf2XopP6Vw\/whatsapp-image-2021-01-15-at-12.10.56.jpeg\" sizes=\"(max-width: 1366px) 648px, 100vw\" srcset=\"https:\/\/s2.glbimg.com\/rb2A_ti-hSzhXout0nUIAhkGg6Y=\/0x0:1080x587\/1000x0\/smart\/filters:strip_icc()\/i.s3.glbimg.com\/v1\/AUTH_59edd422c0c84a879bd37670ae4f538a\/internal_photos\/bs\/2021\/K\/c\/SJINADRc23gf2XopP6Vw\/whatsapp-image-2021-01-15-at-12.10.56.jpeg 1000w, https:\/\/s2.glbimg.com\/KADjRG3fjNIfcJZ_4zRossuPNX4=\/0x0:1080x587\/984x0\/smart\/filters:strip_icc()\/i.s3.glbimg.com\/v1\/AUTH_59edd422c0c84a879bd37670ae4f538a\/internal_photos\/bs\/2021\/K\/c\/SJINADRc23gf2XopP6Vw\/whatsapp-image-2021-01-15-at-12.10.56.jpeg 984w, https:\/\/s2.glbimg.com\/SBMvpxzqdBmqvc58kBw_BevCUGE=\/0x0:1080x587\/640x0\/smart\/filters:strip_icc()\/i.s3.glbimg.com\/v1\/AUTH_59edd422c0c84a879bd37670ae4f538a\/internal_photos\/bs\/2021\/K\/c\/SJINADRc23gf2XopP6Vw\/whatsapp-image-2021-01-15-at-12.10.56.jpeg 640w, https:\/\/s2.glbimg.com\/j_JNzLCF9xk44FFDIP7PpQ4kqWQ=\/0x0:1080x587\/600x0\/smart\/filters:strip_icc()\/i.s3.glbimg.com\/v1\/AUTH_59edd422c0c84a879bd37670ae4f538a\/internal_photos\/bs\/2021\/K\/c\/SJINADRc23gf2XopP6Vw\/whatsapp-image-2021-01-15-at-12.10.56.jpeg 600w\" alt=\"Regras das fases laranja e amarela do Plano SP \u2014 Foto: Reprodu\u00e7\u00e3o\" \/><\/figure>\n<p class=\"content-media__description \">Regras das fases laranja e amarela do Plano SP \u2014 Foto: Reprodu\u00e7\u00e3o<\/p>\n<\/div>\n<\/div>\n<div class=\"mc-column content-text active-extra-styles\" data-block-type=\"raw\" data-block-weight=\"8\" data-block-id=\"32\">\n<div class=\"content-intertitle\">\n<h2>Cidades da regi\u00e3o por Diretoria Regional de Sa\u00fade<\/h2>\n<\/div>\n<\/div>\n<div class=\"mc-column content-text active-extra-styles \" data-block-type=\"unstyled\" data-block-weight=\"4\" data-block-id=\"33\">\n<p class=\"content-text__container \" data-track-category=\"Link no Texto\" data-track-links=\"\"><strong>Ribeir\u00e3o Preto (DRS 13)<\/strong><\/p>\n<\/div>\n<div class=\"mc-column content-text active-extra-styles\" data-block-type=\"raw\" data-block-weight=\"41\" data-block-id=\"34\">\n<ul class=\"content-unordered-list\">\n<li>Altin\u00f3polis<\/li>\n<li>Barrinha<\/li>\n<li>Batatais<\/li>\n<li>Brodowski<\/li>\n<li>Cajuru<\/li>\n<li>C\u00e1ssia dos Coqueiros<\/li>\n<li>Cravinhos<\/li>\n<li>Dumont<\/li>\n<li>Guariba<\/li>\n<li>Guatapar\u00e1<\/li>\n<li>Jaboticabal<\/li>\n<li>Jardin\u00f3polis<\/li>\n<li>Luis Ant\u00f4nio<\/li>\n<li>Monte Alto<\/li>\n<li>Pitangueiras<\/li>\n<li>Pontal<\/li>\n<li>Prad\u00f3polis<\/li>\n<li>Ribeir\u00e3o Preto<\/li>\n<li>Santa Cruz da Esperan\u00e7a<\/li>\n<li>Santa Rosa de Viterbo<\/li>\n<li>Santo Ant\u00f4nio da Alegria<\/li>\n<li>S\u00e3o Sim\u00e3o<\/li>\n<li>Serra Azul<\/li>\n<li>Serrana<\/li>\n<li>Sert\u00e3ozinho<\/li>\n<\/ul>\n<\/div>\n<div class=\"mc-column content-text active-extra-styles\" data-block-type=\"raw\" data-block-weight=\"3\" data-block-id=\"35\">\n<div class=\"content-intertitle\">\n<h2>Franca (DRS 8)<\/h2>\n<\/div>\n<\/div>\n<div class=\"mc-column content-text active-extra-styles\" data-block-type=\"raw\" data-block-weight=\"34\" data-block-id=\"36\">\n<ul class=\"content-unordered-list\">\n<li>Aramina<\/li>\n<li>Buritizal<\/li>\n<li>Cristais Paulista<\/li>\n<li>Franca<\/li>\n<li>Guar\u00e1<\/li>\n<li>Igarapava<\/li>\n<li>Ipu\u00e3<\/li>\n<li>Itirapu\u00e3<\/li>\n<li>Ituverava<\/li>\n<li>Jeriquara<\/li>\n<li>Miguel\u00f3polis<\/li>\n<li>Morro Agudo<\/li>\n<li>Nuporanga<\/li>\n<li>Orl\u00e2ndia<\/li>\n<li>Patroc\u00ednio Paulista<\/li>\n<li>Pedregulho<\/li>\n<li>Restinga<\/li>\n<li>Ribeir\u00e3o Corrente<\/li>\n<li>Rifaina<\/li>\n<li>Sales Oliveira<\/li>\n<li>S\u00e3o Joaquim da Barra<\/li>\n<li>S\u00e3o Jos\u00e9 da Bela Vista<\/li>\n<\/ul>\n<\/div>\n<div class=\"mc-column content-text active-extra-styles \" data-block-type=\"unstyled\" data-block-weight=\"3\" data-block-id=\"37\">\n<p class=\"content-text__container \" data-track-category=\"Link no Texto\" data-track-links=\"\"><strong>Barretos (DRS 5)<\/strong><\/p>\n<\/div>\n<div class=\"mc-column content-text active-extra-styles\" data-block-type=\"raw\" data-block-weight=\"19\" data-block-id=\"38\">\n<ul class=\"content-unordered-list\">\n<li>Barretos<\/li>\n<li>Bebedouro<\/li>\n<li>Colina<\/li>\n<li>Col\u00f4mbia<\/li>\n<li>Gua\u00edra<\/li>\n<li>Jaborandi<\/li>\n<li>Monte Azul Paulista<\/li>\n<li>Taia\u00e7u<\/li>\n<li>Tai\u00fava<\/li>\n<li>Taquaral<\/li>\n<li>Terra Roxa<\/li>\n<li>Viradouro<\/li>\n<li>Vista Alegre do Alto<\/li>\n<\/ul>\n<\/div>\n<div class=\"mc-column content-text active-extra-styles \" data-block-type=\"unstyled\" data-block-weight=\"5\" data-block-id=\"39\">\n<p class=\"content-text__container \" data-track-category=\"Link no Texto\" data-track-links=\"\"><em>FONTE :G1<\/em><\/p>\n<\/div>\n<div class=\"content-ads content-ads--reveal\" data-block-type=\"ads\" data-block-id=\"41\"><\/div>\n<div data-track-category=\"multicontent\" data-track-action=\"ultimo chunk conteudo\" data-track-noninteraction=\"false\" data-track-scroll=\"view\">\n<div class=\"block-podcast\"><\/div>\n<\/div>\n<\/div>\n","protected":false},"excerpt":{"rendered":"<p>Na laranja, bares fecham as portas para os clientes. Os<\/p>\n","protected":false},"author":2,"featured_media":41856,"comment_status":"open","ping_status":"open","sticky":false,"template":"","format":"standard","meta":{"footnotes":""},"categories":[25,30],"tags":[],"class_list":["post-41855","post","type-post","status-publish","format-standard","has-post-thumbnail","hentry","category-cidades","category-regiao"],"yoast_head":"<!-- This site is optimized with the Yoast SEO plugin v27.4 - https:\/\/yoast.com\/product\/yoast-seo-wordpress\/ -->\n<title>Barretos permanece na fase amarela do Plano S\u00e3o Paulo - Regi\u00e3o News<\/title>\n<meta name=\"robots\" content=\"index, follow, max-snippet:-1, max-image-preview:large, max-video-preview:-1\" \/>\n<link rel=\"canonical\" href=\"https:\/\/regiaonews.net.br\/2022\/2021\/01\/15\/barretos-permanece-na-fase-amarela-do-plano-sao-paulo\/\" \/>\n<meta property=\"og:locale\" content=\"pt_BR\" \/>\n<meta property=\"og:type\" content=\"article\" \/>\n<meta property=\"og:title\" content=\"Barretos permanece na fase amarela do Plano S\u00e3o Paulo - Regi\u00e3o News\" \/>\n<meta property=\"og:description\" content=\"Na laranja, bares fecham as portas para os clientes. Os\" \/>\n<meta property=\"og:url\" content=\"https:\/\/regiaonews.net.br\/2022\/2021\/01\/15\/barretos-permanece-na-fase-amarela-do-plano-sao-paulo\/\" \/>\n<meta property=\"og:site_name\" content=\"Regi\u00e3o News\" \/>\n<meta property=\"article:published_time\" content=\"2021-01-15T19:39:06+00:00\" \/>\n<meta property=\"og:image\" content=\"https:\/\/regiaonews.net.br\/2022\/wp-content\/uploads\/2021\/01\/whatsapp-image-2021-01-15-at-12.50.50.jpeg\" \/>\n\t<meta property=\"og:image:width\" content=\"1000\" \/>\n\t<meta property=\"og:image:height\" content=\"535\" \/>\n\t<meta property=\"og:image:type\" content=\"image\/jpeg\" \/>\n<meta name=\"author\" content=\"Roberto\" \/>\n<meta name=\"twitter:card\" content=\"summary_large_image\" \/>\n<meta name=\"twitter:label1\" content=\"Escrito por\" \/>\n\t<meta name=\"twitter:data1\" content=\"Roberto\" \/>\n\t<meta name=\"twitter:label2\" content=\"Est. tempo de leitura\" \/>\n\t<meta name=\"twitter:data2\" content=\"5 minutos\" \/>\n<script type=\"application\/ld+json\" class=\"yoast-schema-graph\">{\"@context\":\"https:\\\/\\\/schema.org\",\"@graph\":[{\"@type\":\"Article\",\"@id\":\"https:\\\/\\\/regiaonews.net.br\\\/2022\\\/2021\\\/01\\\/15\\\/barretos-permanece-na-fase-amarela-do-plano-sao-paulo\\\/#article\",\"isPartOf\":{\"@id\":\"https:\\\/\\\/regiaonews.net.br\\\/2022\\\/2021\\\/01\\\/15\\\/barretos-permanece-na-fase-amarela-do-plano-sao-paulo\\\/\"},\"author\":{\"name\":\"Roberto\",\"@id\":\"https:\\\/\\\/regiaonews.net.br\\\/2022\\\/#\\\/schema\\\/person\\\/2d205a608a5aa97ac279d7a5e6d89ad8\"},\"headline\":\"Barretos permanece na fase amarela do Plano S\u00e3o Paulo\",\"datePublished\":\"2021-01-15T19:39:06+00:00\",\"mainEntityOfPage\":{\"@id\":\"https:\\\/\\\/regiaonews.net.br\\\/2022\\\/2021\\\/01\\\/15\\\/barretos-permanece-na-fase-amarela-do-plano-sao-paulo\\\/\"},\"wordCount\":1087,\"commentCount\":0,\"publisher\":{\"@id\":\"https:\\\/\\\/regiaonews.net.br\\\/2022\\\/#organization\"},\"image\":{\"@id\":\"https:\\\/\\\/regiaonews.net.br\\\/2022\\\/2021\\\/01\\\/15\\\/barretos-permanece-na-fase-amarela-do-plano-sao-paulo\\\/#primaryimage\"},\"thumbnailUrl\":\"https:\\\/\\\/regiaonews.net.br\\\/2022\\\/wp-content\\\/uploads\\\/2021\\\/01\\\/whatsapp-image-2021-01-15-at-12.50.50.jpeg\",\"articleSection\":[\"Cidades\",\"Regi\u00e3o\"],\"inLanguage\":\"pt-BR\",\"potentialAction\":[{\"@type\":\"CommentAction\",\"name\":\"Comment\",\"target\":[\"https:\\\/\\\/regiaonews.net.br\\\/2022\\\/2021\\\/01\\\/15\\\/barretos-permanece-na-fase-amarela-do-plano-sao-paulo\\\/#respond\"]}]},{\"@type\":\"WebPage\",\"@id\":\"https:\\\/\\\/regiaonews.net.br\\\/2022\\\/2021\\\/01\\\/15\\\/barretos-permanece-na-fase-amarela-do-plano-sao-paulo\\\/\",\"url\":\"https:\\\/\\\/regiaonews.net.br\\\/2022\\\/2021\\\/01\\\/15\\\/barretos-permanece-na-fase-amarela-do-plano-sao-paulo\\\/\",\"name\":\"Barretos permanece na fase amarela do Plano S\u00e3o Paulo - Regi\u00e3o News\",\"isPartOf\":{\"@id\":\"https:\\\/\\\/regiaonews.net.br\\\/2022\\\/#website\"},\"primaryImageOfPage\":{\"@id\":\"https:\\\/\\\/regiaonews.net.br\\\/2022\\\/2021\\\/01\\\/15\\\/barretos-permanece-na-fase-amarela-do-plano-sao-paulo\\\/#primaryimage\"},\"image\":{\"@id\":\"https:\\\/\\\/regiaonews.net.br\\\/2022\\\/2021\\\/01\\\/15\\\/barretos-permanece-na-fase-amarela-do-plano-sao-paulo\\\/#primaryimage\"},\"thumbnailUrl\":\"https:\\\/\\\/regiaonews.net.br\\\/2022\\\/wp-content\\\/uploads\\\/2021\\\/01\\\/whatsapp-image-2021-01-15-at-12.50.50.jpeg\",\"datePublished\":\"2021-01-15T19:39:06+00:00\",\"breadcrumb\":{\"@id\":\"https:\\\/\\\/regiaonews.net.br\\\/2022\\\/2021\\\/01\\\/15\\\/barretos-permanece-na-fase-amarela-do-plano-sao-paulo\\\/#breadcrumb\"},\"inLanguage\":\"pt-BR\",\"potentialAction\":[{\"@type\":\"ReadAction\",\"target\":[\"https:\\\/\\\/regiaonews.net.br\\\/2022\\\/2021\\\/01\\\/15\\\/barretos-permanece-na-fase-amarela-do-plano-sao-paulo\\\/\"]}]},{\"@type\":\"ImageObject\",\"inLanguage\":\"pt-BR\",\"@id\":\"https:\\\/\\\/regiaonews.net.br\\\/2022\\\/2021\\\/01\\\/15\\\/barretos-permanece-na-fase-amarela-do-plano-sao-paulo\\\/#primaryimage\",\"url\":\"https:\\\/\\\/regiaonews.net.br\\\/2022\\\/wp-content\\\/uploads\\\/2021\\\/01\\\/whatsapp-image-2021-01-15-at-12.50.50.jpeg\",\"contentUrl\":\"https:\\\/\\\/regiaonews.net.br\\\/2022\\\/wp-content\\\/uploads\\\/2021\\\/01\\\/whatsapp-image-2021-01-15-at-12.50.50.jpeg\",\"width\":1000,\"height\":535},{\"@type\":\"BreadcrumbList\",\"@id\":\"https:\\\/\\\/regiaonews.net.br\\\/2022\\\/2021\\\/01\\\/15\\\/barretos-permanece-na-fase-amarela-do-plano-sao-paulo\\\/#breadcrumb\",\"itemListElement\":[{\"@type\":\"ListItem\",\"position\":1,\"name\":\"In\u00edcio\",\"item\":\"https:\\\/\\\/regiaonews.net.br\\\/2022\\\/\"},{\"@type\":\"ListItem\",\"position\":2,\"name\":\"Barretos permanece na fase amarela do Plano S\u00e3o Paulo\"}]},{\"@type\":\"WebSite\",\"@id\":\"https:\\\/\\\/regiaonews.net.br\\\/2022\\\/#website\",\"url\":\"https:\\\/\\\/regiaonews.net.br\\\/2022\\\/\",\"name\":\"Regi\u00e3o News\",\"description\":\"Site de Not\u00edcias de Barretos e regi\u00e3o\",\"publisher\":{\"@id\":\"https:\\\/\\\/regiaonews.net.br\\\/2022\\\/#organization\"},\"potentialAction\":[{\"@type\":\"SearchAction\",\"target\":{\"@type\":\"EntryPoint\",\"urlTemplate\":\"https:\\\/\\\/regiaonews.net.br\\\/2022\\\/?s={search_term_string}\"},\"query-input\":{\"@type\":\"PropertyValueSpecification\",\"valueRequired\":true,\"valueName\":\"search_term_string\"}}],\"inLanguage\":\"pt-BR\"},{\"@type\":\"Organization\",\"@id\":\"https:\\\/\\\/regiaonews.net.br\\\/2022\\\/#organization\",\"name\":\"Regi\u00e3o News\",\"url\":\"https:\\\/\\\/regiaonews.net.br\\\/2022\\\/\",\"logo\":{\"@type\":\"ImageObject\",\"inLanguage\":\"pt-BR\",\"@id\":\"https:\\\/\\\/regiaonews.net.br\\\/2022\\\/#\\\/schema\\\/logo\\\/image\\\/\",\"url\":\"https:\\\/\\\/regiaonews.net.br\\\/2022\\\/wp-content\\\/uploads\\\/2026\\\/03\\\/regiao-13-anos-scaled.jpg\",\"contentUrl\":\"https:\\\/\\\/regiaonews.net.br\\\/2022\\\/wp-content\\\/uploads\\\/2026\\\/03\\\/regiao-13-anos-scaled.jpg\",\"width\":2560,\"height\":635,\"caption\":\"Regi\u00e3o News\"},\"image\":{\"@id\":\"https:\\\/\\\/regiaonews.net.br\\\/2022\\\/#\\\/schema\\\/logo\\\/image\\\/\"}},{\"@type\":\"Person\",\"@id\":\"https:\\\/\\\/regiaonews.net.br\\\/2022\\\/#\\\/schema\\\/person\\\/2d205a608a5aa97ac279d7a5e6d89ad8\",\"name\":\"Roberto\",\"image\":{\"@type\":\"ImageObject\",\"inLanguage\":\"pt-BR\",\"@id\":\"https:\\\/\\\/secure.gravatar.com\\\/avatar\\\/42749d8b712ff9d59ca93dc150494e5b55a44134482993f5baeb97e61b7ecc89?s=96&d=mm&r=g\",\"url\":\"https:\\\/\\\/secure.gravatar.com\\\/avatar\\\/42749d8b712ff9d59ca93dc150494e5b55a44134482993f5baeb97e61b7ecc89?s=96&d=mm&r=g\",\"contentUrl\":\"https:\\\/\\\/secure.gravatar.com\\\/avatar\\\/42749d8b712ff9d59ca93dc150494e5b55a44134482993f5baeb97e61b7ecc89?s=96&d=mm&r=g\",\"caption\":\"Roberto\"},\"url\":\"https:\\\/\\\/regiaonews.net.br\\\/2022\\\/author\\\/roberto\\\/\"}]}<\/script>\n<!-- \/ Yoast SEO plugin. -->","yoast_head_json":{"title":"Barretos permanece na fase amarela do Plano S\u00e3o Paulo - Regi\u00e3o News","robots":{"index":"index","follow":"follow","max-snippet":"max-snippet:-1","max-image-preview":"max-image-preview:large","max-video-preview":"max-video-preview:-1"},"canonical":"https:\/\/regiaonews.net.br\/2022\/2021\/01\/15\/barretos-permanece-na-fase-amarela-do-plano-sao-paulo\/","og_locale":"pt_BR","og_type":"article","og_title":"Barretos permanece na fase amarela do Plano S\u00e3o Paulo - Regi\u00e3o News","og_description":"Na laranja, bares fecham as portas para os clientes. Os","og_url":"https:\/\/regiaonews.net.br\/2022\/2021\/01\/15\/barretos-permanece-na-fase-amarela-do-plano-sao-paulo\/","og_site_name":"Regi\u00e3o News","article_published_time":"2021-01-15T19:39:06+00:00","og_image":[{"width":1000,"height":535,"url":"https:\/\/regiaonews.net.br\/2022\/wp-content\/uploads\/2021\/01\/whatsapp-image-2021-01-15-at-12.50.50.jpeg","type":"image\/jpeg"}],"author":"Roberto","twitter_card":"summary_large_image","twitter_misc":{"Escrito por":"Roberto","Est. tempo de leitura":"5 minutos"},"schema":{"@context":"https:\/\/schema.org","@graph":[{"@type":"Article","@id":"https:\/\/regiaonews.net.br\/2022\/2021\/01\/15\/barretos-permanece-na-fase-amarela-do-plano-sao-paulo\/#article","isPartOf":{"@id":"https:\/\/regiaonews.net.br\/2022\/2021\/01\/15\/barretos-permanece-na-fase-amarela-do-plano-sao-paulo\/"},"author":{"name":"Roberto","@id":"https:\/\/regiaonews.net.br\/2022\/#\/schema\/person\/2d205a608a5aa97ac279d7a5e6d89ad8"},"headline":"Barretos permanece na fase amarela do Plano S\u00e3o Paulo","datePublished":"2021-01-15T19:39:06+00:00","mainEntityOfPage":{"@id":"https:\/\/regiaonews.net.br\/2022\/2021\/01\/15\/barretos-permanece-na-fase-amarela-do-plano-sao-paulo\/"},"wordCount":1087,"commentCount":0,"publisher":{"@id":"https:\/\/regiaonews.net.br\/2022\/#organization"},"image":{"@id":"https:\/\/regiaonews.net.br\/2022\/2021\/01\/15\/barretos-permanece-na-fase-amarela-do-plano-sao-paulo\/#primaryimage"},"thumbnailUrl":"https:\/\/regiaonews.net.br\/2022\/wp-content\/uploads\/2021\/01\/whatsapp-image-2021-01-15-at-12.50.50.jpeg","articleSection":["Cidades","Regi\u00e3o"],"inLanguage":"pt-BR","potentialAction":[{"@type":"CommentAction","name":"Comment","target":["https:\/\/regiaonews.net.br\/2022\/2021\/01\/15\/barretos-permanece-na-fase-amarela-do-plano-sao-paulo\/#respond"]}]},{"@type":"WebPage","@id":"https:\/\/regiaonews.net.br\/2022\/2021\/01\/15\/barretos-permanece-na-fase-amarela-do-plano-sao-paulo\/","url":"https:\/\/regiaonews.net.br\/2022\/2021\/01\/15\/barretos-permanece-na-fase-amarela-do-plano-sao-paulo\/","name":"Barretos permanece na fase amarela do Plano S\u00e3o Paulo - Regi\u00e3o News","isPartOf":{"@id":"https:\/\/regiaonews.net.br\/2022\/#website"},"primaryImageOfPage":{"@id":"https:\/\/regiaonews.net.br\/2022\/2021\/01\/15\/barretos-permanece-na-fase-amarela-do-plano-sao-paulo\/#primaryimage"},"image":{"@id":"https:\/\/regiaonews.net.br\/2022\/2021\/01\/15\/barretos-permanece-na-fase-amarela-do-plano-sao-paulo\/#primaryimage"},"thumbnailUrl":"https:\/\/regiaonews.net.br\/2022\/wp-content\/uploads\/2021\/01\/whatsapp-image-2021-01-15-at-12.50.50.jpeg","datePublished":"2021-01-15T19:39:06+00:00","breadcrumb":{"@id":"https:\/\/regiaonews.net.br\/2022\/2021\/01\/15\/barretos-permanece-na-fase-amarela-do-plano-sao-paulo\/#breadcrumb"},"inLanguage":"pt-BR","potentialAction":[{"@type":"ReadAction","target":["https:\/\/regiaonews.net.br\/2022\/2021\/01\/15\/barretos-permanece-na-fase-amarela-do-plano-sao-paulo\/"]}]},{"@type":"ImageObject","inLanguage":"pt-BR","@id":"https:\/\/regiaonews.net.br\/2022\/2021\/01\/15\/barretos-permanece-na-fase-amarela-do-plano-sao-paulo\/#primaryimage","url":"https:\/\/regiaonews.net.br\/2022\/wp-content\/uploads\/2021\/01\/whatsapp-image-2021-01-15-at-12.50.50.jpeg","contentUrl":"https:\/\/regiaonews.net.br\/2022\/wp-content\/uploads\/2021\/01\/whatsapp-image-2021-01-15-at-12.50.50.jpeg","width":1000,"height":535},{"@type":"BreadcrumbList","@id":"https:\/\/regiaonews.net.br\/2022\/2021\/01\/15\/barretos-permanece-na-fase-amarela-do-plano-sao-paulo\/#breadcrumb","itemListElement":[{"@type":"ListItem","position":1,"name":"In\u00edcio","item":"https:\/\/regiaonews.net.br\/2022\/"},{"@type":"ListItem","position":2,"name":"Barretos permanece na fase amarela do Plano S\u00e3o Paulo"}]},{"@type":"WebSite","@id":"https:\/\/regiaonews.net.br\/2022\/#website","url":"https:\/\/regiaonews.net.br\/2022\/","name":"Regi\u00e3o News","description":"Site de Not\u00edcias de Barretos e regi\u00e3o","publisher":{"@id":"https:\/\/regiaonews.net.br\/2022\/#organization"},"potentialAction":[{"@type":"SearchAction","target":{"@type":"EntryPoint","urlTemplate":"https:\/\/regiaonews.net.br\/2022\/?s={search_term_string}"},"query-input":{"@type":"PropertyValueSpecification","valueRequired":true,"valueName":"search_term_string"}}],"inLanguage":"pt-BR"},{"@type":"Organization","@id":"https:\/\/regiaonews.net.br\/2022\/#organization","name":"Regi\u00e3o News","url":"https:\/\/regiaonews.net.br\/2022\/","logo":{"@type":"ImageObject","inLanguage":"pt-BR","@id":"https:\/\/regiaonews.net.br\/2022\/#\/schema\/logo\/image\/","url":"https:\/\/regiaonews.net.br\/2022\/wp-content\/uploads\/2026\/03\/regiao-13-anos-scaled.jpg","contentUrl":"https:\/\/regiaonews.net.br\/2022\/wp-content\/uploads\/2026\/03\/regiao-13-anos-scaled.jpg","width":2560,"height":635,"caption":"Regi\u00e3o News"},"image":{"@id":"https:\/\/regiaonews.net.br\/2022\/#\/schema\/logo\/image\/"}},{"@type":"Person","@id":"https:\/\/regiaonews.net.br\/2022\/#\/schema\/person\/2d205a608a5aa97ac279d7a5e6d89ad8","name":"Roberto","image":{"@type":"ImageObject","inLanguage":"pt-BR","@id":"https:\/\/secure.gravatar.com\/avatar\/42749d8b712ff9d59ca93dc150494e5b55a44134482993f5baeb97e61b7ecc89?s=96&d=mm&r=g","url":"https:\/\/secure.gravatar.com\/avatar\/42749d8b712ff9d59ca93dc150494e5b55a44134482993f5baeb97e61b7ecc89?s=96&d=mm&r=g","contentUrl":"https:\/\/secure.gravatar.com\/avatar\/42749d8b712ff9d59ca93dc150494e5b55a44134482993f5baeb97e61b7ecc89?s=96&d=mm&r=g","caption":"Roberto"},"url":"https:\/\/regiaonews.net.br\/2022\/author\/roberto\/"}]}},"publishpress_future_action":{"enabled":false,"date":"2026-05-03 05:50:29","action":"change-status","newStatus":"draft","terms":[],"taxonomy":"category","extraData":[]},"publishpress_future_workflow_manual_trigger":{"enabledWorkflows":[]},"_links":{"self":[{"href":"https:\/\/regiaonews.net.br\/2022\/wp-json\/wp\/v2\/posts\/41855","targetHints":{"allow":["GET"]}}],"collection":[{"href":"https:\/\/regiaonews.net.br\/2022\/wp-json\/wp\/v2\/posts"}],"about":[{"href":"https:\/\/regiaonews.net.br\/2022\/wp-json\/wp\/v2\/types\/post"}],"author":[{"embeddable":true,"href":"https:\/\/regiaonews.net.br\/2022\/wp-json\/wp\/v2\/users\/2"}],"replies":[{"embeddable":true,"href":"https:\/\/regiaonews.net.br\/2022\/wp-json\/wp\/v2\/comments?post=41855"}],"version-history":[{"count":0,"href":"https:\/\/regiaonews.net.br\/2022\/wp-json\/wp\/v2\/posts\/41855\/revisions"}],"wp:featuredmedia":[{"embeddable":true,"href":"https:\/\/regiaonews.net.br\/2022\/wp-json\/wp\/v2\/media\/41856"}],"wp:attachment":[{"href":"https:\/\/regiaonews.net.br\/2022\/wp-json\/wp\/v2\/media?parent=41855"}],"wp:term":[{"taxonomy":"category","embeddable":true,"href":"https:\/\/regiaonews.net.br\/2022\/wp-json\/wp\/v2\/categories?post=41855"},{"taxonomy":"post_tag","embeddable":true,"href":"https:\/\/regiaonews.net.br\/2022\/wp-json\/wp\/v2\/tags?post=41855"}],"curies":[{"name":"wp","href":"https:\/\/api.w.org\/{rel}","templated":true}]}}