{"id":41790,"date":"2021-01-14T16:40:21","date_gmt":"2021-01-14T19:40:21","guid":{"rendered":"https:\/\/regiaonews.net.br\/2022\/?p=41790"},"modified":"2021-01-14T16:42:43","modified_gmt":"2021-01-14T19:42:43","slug":"covid-19-manaus-vive-colapso-com-hospitais-sem-oxigenio-doentes-levados-a-outros-estados-cemiterios-sem-vagas-e-toque-de-recolher","status":"publish","type":"post","link":"https:\/\/regiaonews.net.br\/2022\/2021\/01\/14\/covid-19-manaus-vive-colapso-com-hospitais-sem-oxigenio-doentes-levados-a-outros-estados-cemiterios-sem-vagas-e-toque-de-recolher\/","title":{"rendered":"Covid-19: Manaus vive colapso com hospitais sem oxig\u00eanio, doentes levados a outros estados, cemit\u00e9rios sem vagas e toque de recolher"},"content":{"rendered":"<h2 class=\"content-head__subtitle\">A m\u00e9dia m\u00f3vel de mortes no estado cresceu 183% nos \u00faltimos sete dias. O envio de oxig\u00eanio ao estado n\u00e3o est\u00e1 sendo suficiente para suprir a demanda, e o governo est\u00e1 transferindo pacientes a outros estados.<\/h2>\n<p>\u00c0 beira de um colapso na sa\u00fade, o estado do Amazonas vai transferir pacientes de covid-19 a outros estados, al\u00e9m de decretar toque de recolher a partir das 19h at\u00e9 as 6h. As medidas foram anunciadas hoje pelo governador Wilson Lima (PSC) e t\u00eam como objetivo conter a dissemina\u00e7\u00e3o do coronav\u00edrus no estado. O primeiro a receber pacientes do Amazonas ser\u00e1 Goi\u00e1s, com dois hospitais: o HUGO (Hospital Estadual de Urg\u00eancias de Goi\u00e2nia Dr. Valdemiro Cruz) e o HGG (Hospital Estadual Geral de Goi\u00e2nia Dr. Alberto Rassi). Depois, ser\u00e1 a vez de Piau\u00ed, Maranh\u00e3o, Para\u00edba e Rio Grande do Norte, al\u00e9m do Distrito Federal \u2014 mais especificamente, Bras\u00edlia.<\/p>\n<p>A data e a ordem dessas transfer\u00eancias ainda n\u00e3o foram divulgadas pelo governo amazonense. Segundo o secret\u00e1rio de Aten\u00e7\u00e3o Especializada em Sa\u00fade do Minist\u00e9rio da Sa\u00fade, coronel Franco Duarte, os pacientes transferidos t\u00eam estado cl\u00ednico considerado moderado. Eles ainda dependem de oxig\u00eanio, mas podem ser aerotransportados com &#8220;toda seguran\u00e7a&#8221;. &#8220;O paciente do Amazonas que subir na aeronave ter\u00e1 toda a seguran\u00e7a e assist\u00eancia, com cobertura de assistentes psicossociais, para que n\u00e3o haja falha nenhuma. Todos [os profissionais] voltados para o paciente, para que ele chegue no destino com toda seguran\u00e7a e acolhimento que nosso doente tem que ter&#8221;, explicou o secret\u00e1rio durante coletiva .<\/p>\n<p>Franco Duarte ainda afirmou que a escolha pelos destinos foi feita com base em estudos, feitos &#8220;madrugada adentro&#8221;, de maneira a prestar assist\u00eancia aos pacientes do Amazonas sem sobrecarregar o sistema de sa\u00fade de outros estados. A decis\u00e3o, segundo ele, teve crit\u00e9rios &#8220;cl\u00ednicos e objetivos&#8221;. A bordo do avi\u00e3o, ainda de acordo com o secret\u00e1rio, estar\u00e3o duas equipes formadas por m\u00e9dicos e enfermeiros, com 20 profissionais. A escolta dos pacientes ser\u00e1 feita pelo Minist\u00e9rio da Defesa, e o retorno ao Amazonas deve ser feito em aeronaves da Gol.<\/p>\n<div class=\"mc-column content-text active-extra-styles \" data-block-type=\"unstyled\" data-block-weight=\"69\" data-block-id=\"2\">\n<p class=\"content-text__container \" data-track-category=\"Link no Texto\" data-track-links=\"\">Manaus vive uma crise sem precedentes com o avan\u00e7o dos casos de Covid-19. Com interna\u00e7\u00f5es batendo recordes,\u00a0<a href=\"https:\/\/g1.globo.com\/am\/amazonas\/noticia\/2021\/01\/14\/mulher-denuncia-falta-de-oxigen[%E2%80%A6]entes-no-hospital-universitario-getulio-vargas-em-manaus.ghtml\">unidades de sa\u00fade ficaram sem oxig\u00eanio<\/a>. O estado est\u00e1 sendo obrigado a\u00a0<a href=\"https:\/\/g1.globo.com\/am\/amazonas\/noticia\/2021\/01\/14\/secretario-de-saude-do-am-fala-que-estado-vive-colapso-do-plano-logistico.ghtml\">enviar pacientes para outros estados<\/a>. Os\u00a0<a href=\"https:\/\/g1.globo.com\/am\/amazonas\/noticia\/2021\/01\/13\/prefeitura-de-manaus-amplia-horario-de-funcionamento-dos-cemiterios.ghtml\">cemit\u00e9rios tamb\u00e9m est\u00e3o lotados<\/a>, tiveram o hor\u00e1rio de funcionamento ampliado e devem instalar c\u00e2maras frigor\u00edficas. Para frear o v\u00edrus, o<a href=\"https:\/\/g1.globo.com\/am\/amazonas\/noticia\/2021\/01\/14\/governador-anuncia-decreto-que-proibe-circulacao-de-pessoas-entre-19h-e-6h-em-manaus.ghtml\">\u00a0governo decidiu proibir a circula\u00e7\u00e3o de pessoas entre 19h e 6h<\/a>\u00a0em Manaus.<\/p>\n<\/div>\n<div class=\"wall protected-content\">\n<div class=\"mc-column content-text active-extra-styles\" data-block-type=\"raw\" data-block-weight=\"30\" data-block-id=\"3\">\n<ul class=\"content-unordered-list\">\n<li><strong>COLAPSO:\u00a0<\/strong><a href=\"https:\/\/g1.globo.com\/am\/amazonas\/noticia\/2021\/01\/14\/spa-do-alvorada-em-manaus-fecha-as-portas-apos-atingir-capacidade-de-atendimento.ghtml\">Com pacientes do lado de fora, unidade fecha as portas<\/a><\/li>\n<li><strong>ENEM:<\/strong>\u00a0<a href=\"https:\/\/g1.globo.com\/am\/amazonas\/noticia\/2021\/01\/13\/justica-federal-suspende-provas-do-enem-no-amazonas.ghtml\">Justi\u00e7a Federal suspende provas no Amazonas<\/a><\/li>\n<li><strong>NOVA VARIANTE:<\/strong>\u00a0<a href=\"https:\/\/g1.globo.com\/am\/amazonas\/noticia\/2021\/01\/14\/mutacao-do-virus-no-amazonas-o-que-se-sabe-ate-agora.ghtml\">o que se sabe sobre a muta\u00e7\u00e3o encontrada no AM<\/a><\/li>\n<\/ul>\n<\/div>\n<div class=\"mc-column content-text active-extra-styles \" data-block-type=\"unstyled\" data-block-weight=\"41\" data-block-id=\"4\">\n<p class=\"content-text__container \" data-track-category=\"Link no Texto\" data-track-links=\"\">A m\u00e9dia m\u00f3vel de mortes<a href=\"https:\/\/g1.globo.com\/bemestar\/coronavirus\/noticia\/2021\/01\/14\/casos-e-mortes-por-coronavirus-no-brasil-em-14-de-janeiro-segundo-consorcio-de-veiculos-de-imprensa.ghtml\">\u00a0cresceu 183% no Amazonas nos \u00faltimos 7 dias<\/a>. At\u00e9 esta quarta-feira (13),\u00a0<a href=\"https:\/\/g1.globo.com\/am\/amazonas\/noticia\/2021\/01\/13\/am-registra-1474-novos-casos-de-covid-e-41-mortes-nas-ultimas-24-horas.ghtml\">mais de 219 mil pessoas haviam sido infectadas pela Covid<\/a>\u00a0em todo o estado, e mais de 5,8 mil morreram com a doen\u00e7a.<\/p>\n<\/div>\n<div class=\"mc-column content-text active-extra-styles \" data-block-type=\"unstyled\" data-block-weight=\"51\" data-block-id=\"5\">\n<p class=\"content-text__container \" data-track-category=\"Link no Texto\" data-track-links=\"\">O n\u00famero de interna\u00e7\u00f5es pela doen\u00e7a em Manaus chegou a\u00a0<strong>2.221, de 1\u00ba a 12 de janeiro<\/strong>. No pico da doen\u00e7a no estado, em abril do ano passado, foram internados 2.128. O ministro da Sa\u00fade, Eduardo Pazuello, visitou o Amazonas nesta semana e afirmou que\u00a0<a href=\"https:\/\/g1.globo.com\/am\/amazonas\/noticia\/2021\/01\/13\/manaus-e-a-prioridade-nacional-neste-momento-afirma-ministro-da-saude.ghtml\">Manaus \u00e9 &#8220;prioridade nacional neste momento&#8221;<\/a>.<\/p>\n<\/div>\n<div class=\"mc-column content-text active-extra-styles \" data-block-type=\"unstyled\" data-block-weight=\"33\" data-block-id=\"6\">\n<p class=\"content-text__container \" data-track-category=\"Link no Texto\" data-track-links=\"\">Na ter\u00e7a-feira, a Fiocruz divulgou que uma\u00a0<a href=\"https:\/\/g1.globo.com\/am\/amazonas\/noticia\/2021\/01\/14\/mutacao-do-virus-no-amazonas-o-que-se-sabe-ate-agora.ghtml\">nova variante do coronav\u00edrus que causa a Covid-19 foi encontrada no Amazonas<\/a>. Trata-se da mesma variante que chegou ao Jap\u00e3o ap\u00f3s viajantes passarem pelo estado.<\/p>\n<div class=\"mc-column content-text active-extra-styles \" data-block-type=\"unstyled\" data-block-weight=\"82\" data-block-id=\"12\">\n<p class=\"content-text__container \" data-track-category=\"Link no Texto\" data-track-links=\"\">Uma das raz\u00f5es para o colapso do sistema de sa\u00fade \u00e9 o\u00a0<span class=\"highlight highlighted\">consumo de oxig\u00eanio por pacientes de leitos cl\u00ednicos<\/span>, segundo o Coronel Franco Duarte, representante do Minist\u00e9rio da Sa\u00fade. &#8220;Aquele paciente que n\u00e3o est\u00e1 no leito de UTI \u00e9 o que consome mais, porque ele fica ao lado do regulador de oxig\u00eanio. A sensa\u00e7\u00e3o \u00e9 de falta de ar, e voc\u00ea abrindo o acesso ao oxig\u00eanio, voc\u00ea tem a sensa\u00e7\u00e3o de bem-estar, mas, em contrapartida, aumenta muito essa demanda&#8221;, disse Duarte.<\/p>\n<\/div>\n<div class=\"content-ads content-ads--reveal\" data-block-type=\"ads\" data-block-id=\"13\">\n<div id=\"banner_materia__88526bdb-d733-4d78-ad31-463297e0a63b\" class=\"tag-manager-publicidade-container mc-has-reveal mc-has-ad-lazyload tag-manager-publicidade-banner_materia__88526bdb-d733-4d78-ad31-463297e0a63b tag-manager-publicidade-container--carregado tag-manager-publicidade-container--visivel\" data-id=\"banner_materia__88526bdb-d733-4d78-ad31-463297e0a63b\" data-req=\"true\" data-google-query-id=\"CKau9oSWnO4CFcA0uQYdjN8AxA\" data-cid=\"138336046368\" data-lid=\"5580432906\">\n<div id=\"google_ads_iframe_\/95377733\/tvg_G1\/Sua_Regiao&gt;Norte&gt;Amazonas_4__container__\" style=\"box-sizing: inherit; margin: auto; padding: 0px; border: 0pt none; font: inherit; vertical-align: initial; max-width: 100%; text-align: center;\"><\/div>\n<\/div>\n<\/div>\n<div class=\"mc-column content-text active-extra-styles \" data-block-type=\"unstyled\" data-block-weight=\"66\" data-block-id=\"14\">\n<p class=\"content-text__container \" data-track-category=\"Link no Texto\" data-track-links=\"\">O Secret\u00e1rio da Sa\u00fade do Amazonas, Marcellus Camp\u00ealo, afirmou nesta quinta feira (14) que o estado passa por\u00a0<span class=\"highlight highlighted\">uma crise no abastecimento de oxig\u00eanio<\/span>. Camp\u00ealo disse que o Minist\u00e9rio da Sa\u00fade, o governo do Amazonas e as For\u00e7as Armadas est\u00e3o trabalhando no apoio log\u00edstico para a entrega de oxig\u00eanio para a rede estadual de sa\u00fade, com o transporte do g\u00e1s de outros estados para o Amazonas.<\/p>\n<\/div>\n<div class=\"mc-column content-text active-extra-styles\" data-block-type=\"raw\" data-block-weight=\"45\" data-block-id=\"15\">\n<blockquote class=\"content-blockquote theme-border-color-primary-before\"><p>&#8220;Tivemos um pico de fornecimento e aumento da demanda acima do esperado. Fomos comunicados ontem [quarta-feira] \u00e0 noite do colapso do plano log\u00edstico em rela\u00e7\u00e3o a algumas entregas, o que causar\u00e1 a interrup\u00e7\u00e3o da programa\u00e7\u00e3o por algumas horas&#8221;, afirmou Camp\u00ealo, referindo-se ao recebimento do g\u00e1s.<\/p><\/blockquote>\n<\/div>\n<div class=\"mc-column content-text active-extra-styles \" data-block-type=\"unstyled\" data-block-weight=\"18\" data-block-id=\"16\">\n<p class=\"content-text__container \" data-track-category=\"Link no Texto\" data-track-links=\"\">Segundo ele, a alta demanda surpreendeu um dos maiores conglomerados de g\u00e1s do mundo, a empresa White Martins.<\/p>\n<\/div>\n<div class=\"row medium-uncollapsed content-media content-photo\" data-block-type=\"backstage-photo\" data-block-id=\"17\">\n<div class=\"mc-column content-media__container\">fonte : G1<\/div>\n<\/div>\n<\/div>\n<\/div>\n","protected":false},"excerpt":{"rendered":"<p>A m\u00e9dia m\u00f3vel de mortes no estado cresceu 183% nos<\/p>\n","protected":false},"author":2,"featured_media":41791,"comment_status":"open","ping_status":"open","sticky":false,"template":"","format":"standard","meta":{"footnotes":""},"categories":[24,25],"tags":[],"class_list":["post-41790","post","type-post","status-publish","format-standard","has-post-thumbnail","hentry","category-brasil","category-cidades"],"yoast_head":"<!-- This site is optimized with the Yoast SEO plugin v27.4 - https:\/\/yoast.com\/product\/yoast-seo-wordpress\/ -->\n<title>Covid-19: Manaus vive colapso com hospitais sem oxig\u00eanio, doentes levados a outros estados, cemit\u00e9rios sem vagas e toque de recolher - Regi\u00e3o News<\/title>\n<meta name=\"robots\" content=\"index, follow, max-snippet:-1, max-image-preview:large, max-video-preview:-1\" \/>\n<link rel=\"canonical\" href=\"https:\/\/regiaonews.net.br\/2022\/2021\/01\/14\/covid-19-manaus-vive-colapso-com-hospitais-sem-oxigenio-doentes-levados-a-outros-estados-cemiterios-sem-vagas-e-toque-de-recolher\/\" \/>\n<meta property=\"og:locale\" content=\"pt_BR\" \/>\n<meta property=\"og:type\" content=\"article\" \/>\n<meta property=\"og:title\" content=\"Covid-19: Manaus vive colapso com hospitais sem oxig\u00eanio, doentes levados a outros estados, cemit\u00e9rios sem vagas e toque de recolher - Regi\u00e3o News\" \/>\n<meta property=\"og:description\" content=\"A m\u00e9dia m\u00f3vel de mortes no estado cresceu 183% nos\" \/>\n<meta property=\"og:url\" content=\"https:\/\/regiaonews.net.br\/2022\/2021\/01\/14\/covid-19-manaus-vive-colapso-com-hospitais-sem-oxigenio-doentes-levados-a-outros-estados-cemiterios-sem-vagas-e-toque-de-recolher\/\" \/>\n<meta property=\"og:site_name\" content=\"Regi\u00e3o News\" \/>\n<meta property=\"article:published_time\" content=\"2021-01-14T19:40:21+00:00\" \/>\n<meta property=\"article:modified_time\" content=\"2021-01-14T19:42:43+00:00\" \/>\n<meta property=\"og:image\" content=\"https:\/\/regiaonews.net.br\/2022\/wp-content\/uploads\/2021\/01\/whatsapp-image-2021-01-14-at-09.52.39-1-.jpeg\" \/>\n\t<meta property=\"og:image:width\" content=\"1000\" \/>\n\t<meta property=\"og:image:height\" content=\"563\" \/>\n\t<meta property=\"og:image:type\" content=\"image\/jpeg\" \/>\n<meta name=\"author\" content=\"Roberto\" \/>\n<meta name=\"twitter:card\" content=\"summary_large_image\" \/>\n<meta name=\"twitter:label1\" content=\"Escrito por\" \/>\n\t<meta name=\"twitter:data1\" content=\"Roberto\" \/>\n\t<meta name=\"twitter:label2\" content=\"Est. tempo de leitura\" \/>\n\t<meta name=\"twitter:data2\" content=\"4 minutos\" \/>\n<script type=\"application\/ld+json\" class=\"yoast-schema-graph\">{\"@context\":\"https:\\\/\\\/schema.org\",\"@graph\":[{\"@type\":\"Article\",\"@id\":\"https:\\\/\\\/regiaonews.net.br\\\/2022\\\/2021\\\/01\\\/14\\\/covid-19-manaus-vive-colapso-com-hospitais-sem-oxigenio-doentes-levados-a-outros-estados-cemiterios-sem-vagas-e-toque-de-recolher\\\/#article\",\"isPartOf\":{\"@id\":\"https:\\\/\\\/regiaonews.net.br\\\/2022\\\/2021\\\/01\\\/14\\\/covid-19-manaus-vive-colapso-com-hospitais-sem-oxigenio-doentes-levados-a-outros-estados-cemiterios-sem-vagas-e-toque-de-recolher\\\/\"},\"author\":{\"name\":\"Roberto\",\"@id\":\"https:\\\/\\\/regiaonews.net.br\\\/2022\\\/#\\\/schema\\\/person\\\/2d205a608a5aa97ac279d7a5e6d89ad8\"},\"headline\":\"Covid-19: Manaus vive colapso com hospitais sem oxig\u00eanio, doentes levados a outros estados, cemit\u00e9rios sem vagas e toque de recolher\",\"datePublished\":\"2021-01-14T19:40:21+00:00\",\"dateModified\":\"2021-01-14T19:42:43+00:00\",\"mainEntityOfPage\":{\"@id\":\"https:\\\/\\\/regiaonews.net.br\\\/2022\\\/2021\\\/01\\\/14\\\/covid-19-manaus-vive-colapso-com-hospitais-sem-oxigenio-doentes-levados-a-outros-estados-cemiterios-sem-vagas-e-toque-de-recolher\\\/\"},\"wordCount\":872,\"commentCount\":0,\"publisher\":{\"@id\":\"https:\\\/\\\/regiaonews.net.br\\\/2022\\\/#organization\"},\"image\":{\"@id\":\"https:\\\/\\\/regiaonews.net.br\\\/2022\\\/2021\\\/01\\\/14\\\/covid-19-manaus-vive-colapso-com-hospitais-sem-oxigenio-doentes-levados-a-outros-estados-cemiterios-sem-vagas-e-toque-de-recolher\\\/#primaryimage\"},\"thumbnailUrl\":\"https:\\\/\\\/regiaonews.net.br\\\/2022\\\/wp-content\\\/uploads\\\/2021\\\/01\\\/whatsapp-image-2021-01-14-at-09.52.39-1-.jpeg\",\"articleSection\":[\"Brasil\",\"Cidades\"],\"inLanguage\":\"pt-BR\",\"potentialAction\":[{\"@type\":\"CommentAction\",\"name\":\"Comment\",\"target\":[\"https:\\\/\\\/regiaonews.net.br\\\/2022\\\/2021\\\/01\\\/14\\\/covid-19-manaus-vive-colapso-com-hospitais-sem-oxigenio-doentes-levados-a-outros-estados-cemiterios-sem-vagas-e-toque-de-recolher\\\/#respond\"]}]},{\"@type\":\"WebPage\",\"@id\":\"https:\\\/\\\/regiaonews.net.br\\\/2022\\\/2021\\\/01\\\/14\\\/covid-19-manaus-vive-colapso-com-hospitais-sem-oxigenio-doentes-levados-a-outros-estados-cemiterios-sem-vagas-e-toque-de-recolher\\\/\",\"url\":\"https:\\\/\\\/regiaonews.net.br\\\/2022\\\/2021\\\/01\\\/14\\\/covid-19-manaus-vive-colapso-com-hospitais-sem-oxigenio-doentes-levados-a-outros-estados-cemiterios-sem-vagas-e-toque-de-recolher\\\/\",\"name\":\"Covid-19: Manaus vive colapso com hospitais sem oxig\u00eanio, doentes levados a outros estados, cemit\u00e9rios sem vagas e toque de recolher - Regi\u00e3o News\",\"isPartOf\":{\"@id\":\"https:\\\/\\\/regiaonews.net.br\\\/2022\\\/#website\"},\"primaryImageOfPage\":{\"@id\":\"https:\\\/\\\/regiaonews.net.br\\\/2022\\\/2021\\\/01\\\/14\\\/covid-19-manaus-vive-colapso-com-hospitais-sem-oxigenio-doentes-levados-a-outros-estados-cemiterios-sem-vagas-e-toque-de-recolher\\\/#primaryimage\"},\"image\":{\"@id\":\"https:\\\/\\\/regiaonews.net.br\\\/2022\\\/2021\\\/01\\\/14\\\/covid-19-manaus-vive-colapso-com-hospitais-sem-oxigenio-doentes-levados-a-outros-estados-cemiterios-sem-vagas-e-toque-de-recolher\\\/#primaryimage\"},\"thumbnailUrl\":\"https:\\\/\\\/regiaonews.net.br\\\/2022\\\/wp-content\\\/uploads\\\/2021\\\/01\\\/whatsapp-image-2021-01-14-at-09.52.39-1-.jpeg\",\"datePublished\":\"2021-01-14T19:40:21+00:00\",\"dateModified\":\"2021-01-14T19:42:43+00:00\",\"breadcrumb\":{\"@id\":\"https:\\\/\\\/regiaonews.net.br\\\/2022\\\/2021\\\/01\\\/14\\\/covid-19-manaus-vive-colapso-com-hospitais-sem-oxigenio-doentes-levados-a-outros-estados-cemiterios-sem-vagas-e-toque-de-recolher\\\/#breadcrumb\"},\"inLanguage\":\"pt-BR\",\"potentialAction\":[{\"@type\":\"ReadAction\",\"target\":[\"https:\\\/\\\/regiaonews.net.br\\\/2022\\\/2021\\\/01\\\/14\\\/covid-19-manaus-vive-colapso-com-hospitais-sem-oxigenio-doentes-levados-a-outros-estados-cemiterios-sem-vagas-e-toque-de-recolher\\\/\"]}]},{\"@type\":\"ImageObject\",\"inLanguage\":\"pt-BR\",\"@id\":\"https:\\\/\\\/regiaonews.net.br\\\/2022\\\/2021\\\/01\\\/14\\\/covid-19-manaus-vive-colapso-com-hospitais-sem-oxigenio-doentes-levados-a-outros-estados-cemiterios-sem-vagas-e-toque-de-recolher\\\/#primaryimage\",\"url\":\"https:\\\/\\\/regiaonews.net.br\\\/2022\\\/wp-content\\\/uploads\\\/2021\\\/01\\\/whatsapp-image-2021-01-14-at-09.52.39-1-.jpeg\",\"contentUrl\":\"https:\\\/\\\/regiaonews.net.br\\\/2022\\\/wp-content\\\/uploads\\\/2021\\\/01\\\/whatsapp-image-2021-01-14-at-09.52.39-1-.jpeg\",\"width\":1000,\"height\":563},{\"@type\":\"BreadcrumbList\",\"@id\":\"https:\\\/\\\/regiaonews.net.br\\\/2022\\\/2021\\\/01\\\/14\\\/covid-19-manaus-vive-colapso-com-hospitais-sem-oxigenio-doentes-levados-a-outros-estados-cemiterios-sem-vagas-e-toque-de-recolher\\\/#breadcrumb\",\"itemListElement\":[{\"@type\":\"ListItem\",\"position\":1,\"name\":\"In\u00edcio\",\"item\":\"https:\\\/\\\/regiaonews.net.br\\\/2022\\\/\"},{\"@type\":\"ListItem\",\"position\":2,\"name\":\"Covid-19: Manaus vive colapso com hospitais sem oxig\u00eanio, doentes levados a outros estados, cemit\u00e9rios sem vagas e toque de recolher\"}]},{\"@type\":\"WebSite\",\"@id\":\"https:\\\/\\\/regiaonews.net.br\\\/2022\\\/#website\",\"url\":\"https:\\\/\\\/regiaonews.net.br\\\/2022\\\/\",\"name\":\"Regi\u00e3o News\",\"description\":\"Site de Not\u00edcias de Barretos e regi\u00e3o\",\"publisher\":{\"@id\":\"https:\\\/\\\/regiaonews.net.br\\\/2022\\\/#organization\"},\"potentialAction\":[{\"@type\":\"SearchAction\",\"target\":{\"@type\":\"EntryPoint\",\"urlTemplate\":\"https:\\\/\\\/regiaonews.net.br\\\/2022\\\/?s={search_term_string}\"},\"query-input\":{\"@type\":\"PropertyValueSpecification\",\"valueRequired\":true,\"valueName\":\"search_term_string\"}}],\"inLanguage\":\"pt-BR\"},{\"@type\":\"Organization\",\"@id\":\"https:\\\/\\\/regiaonews.net.br\\\/2022\\\/#organization\",\"name\":\"Regi\u00e3o News\",\"url\":\"https:\\\/\\\/regiaonews.net.br\\\/2022\\\/\",\"logo\":{\"@type\":\"ImageObject\",\"inLanguage\":\"pt-BR\",\"@id\":\"https:\\\/\\\/regiaonews.net.br\\\/2022\\\/#\\\/schema\\\/logo\\\/image\\\/\",\"url\":\"https:\\\/\\\/regiaonews.net.br\\\/2022\\\/wp-content\\\/uploads\\\/2026\\\/03\\\/regiao-13-anos-scaled.jpg\",\"contentUrl\":\"https:\\\/\\\/regiaonews.net.br\\\/2022\\\/wp-content\\\/uploads\\\/2026\\\/03\\\/regiao-13-anos-scaled.jpg\",\"width\":2560,\"height\":635,\"caption\":\"Regi\u00e3o News\"},\"image\":{\"@id\":\"https:\\\/\\\/regiaonews.net.br\\\/2022\\\/#\\\/schema\\\/logo\\\/image\\\/\"}},{\"@type\":\"Person\",\"@id\":\"https:\\\/\\\/regiaonews.net.br\\\/2022\\\/#\\\/schema\\\/person\\\/2d205a608a5aa97ac279d7a5e6d89ad8\",\"name\":\"Roberto\",\"image\":{\"@type\":\"ImageObject\",\"inLanguage\":\"pt-BR\",\"@id\":\"https:\\\/\\\/secure.gravatar.com\\\/avatar\\\/42749d8b712ff9d59ca93dc150494e5b55a44134482993f5baeb97e61b7ecc89?s=96&d=mm&r=g\",\"url\":\"https:\\\/\\\/secure.gravatar.com\\\/avatar\\\/42749d8b712ff9d59ca93dc150494e5b55a44134482993f5baeb97e61b7ecc89?s=96&d=mm&r=g\",\"contentUrl\":\"https:\\\/\\\/secure.gravatar.com\\\/avatar\\\/42749d8b712ff9d59ca93dc150494e5b55a44134482993f5baeb97e61b7ecc89?s=96&d=mm&r=g\",\"caption\":\"Roberto\"},\"url\":\"https:\\\/\\\/regiaonews.net.br\\\/2022\\\/author\\\/roberto\\\/\"}]}<\/script>\n<!-- \/ Yoast SEO plugin. -->","yoast_head_json":{"title":"Covid-19: Manaus vive colapso com hospitais sem oxig\u00eanio, doentes levados a outros estados, cemit\u00e9rios sem vagas e toque de recolher - Regi\u00e3o News","robots":{"index":"index","follow":"follow","max-snippet":"max-snippet:-1","max-image-preview":"max-image-preview:large","max-video-preview":"max-video-preview:-1"},"canonical":"https:\/\/regiaonews.net.br\/2022\/2021\/01\/14\/covid-19-manaus-vive-colapso-com-hospitais-sem-oxigenio-doentes-levados-a-outros-estados-cemiterios-sem-vagas-e-toque-de-recolher\/","og_locale":"pt_BR","og_type":"article","og_title":"Covid-19: Manaus vive colapso com hospitais sem oxig\u00eanio, doentes levados a outros estados, cemit\u00e9rios sem vagas e toque de recolher - Regi\u00e3o News","og_description":"A m\u00e9dia m\u00f3vel de mortes no estado cresceu 183% nos","og_url":"https:\/\/regiaonews.net.br\/2022\/2021\/01\/14\/covid-19-manaus-vive-colapso-com-hospitais-sem-oxigenio-doentes-levados-a-outros-estados-cemiterios-sem-vagas-e-toque-de-recolher\/","og_site_name":"Regi\u00e3o News","article_published_time":"2021-01-14T19:40:21+00:00","article_modified_time":"2021-01-14T19:42:43+00:00","og_image":[{"width":1000,"height":563,"url":"https:\/\/regiaonews.net.br\/2022\/wp-content\/uploads\/2021\/01\/whatsapp-image-2021-01-14-at-09.52.39-1-.jpeg","type":"image\/jpeg"}],"author":"Roberto","twitter_card":"summary_large_image","twitter_misc":{"Escrito por":"Roberto","Est. tempo de leitura":"4 minutos"},"schema":{"@context":"https:\/\/schema.org","@graph":[{"@type":"Article","@id":"https:\/\/regiaonews.net.br\/2022\/2021\/01\/14\/covid-19-manaus-vive-colapso-com-hospitais-sem-oxigenio-doentes-levados-a-outros-estados-cemiterios-sem-vagas-e-toque-de-recolher\/#article","isPartOf":{"@id":"https:\/\/regiaonews.net.br\/2022\/2021\/01\/14\/covid-19-manaus-vive-colapso-com-hospitais-sem-oxigenio-doentes-levados-a-outros-estados-cemiterios-sem-vagas-e-toque-de-recolher\/"},"author":{"name":"Roberto","@id":"https:\/\/regiaonews.net.br\/2022\/#\/schema\/person\/2d205a608a5aa97ac279d7a5e6d89ad8"},"headline":"Covid-19: Manaus vive colapso com hospitais sem oxig\u00eanio, doentes levados a outros estados, cemit\u00e9rios sem vagas e toque de recolher","datePublished":"2021-01-14T19:40:21+00:00","dateModified":"2021-01-14T19:42:43+00:00","mainEntityOfPage":{"@id":"https:\/\/regiaonews.net.br\/2022\/2021\/01\/14\/covid-19-manaus-vive-colapso-com-hospitais-sem-oxigenio-doentes-levados-a-outros-estados-cemiterios-sem-vagas-e-toque-de-recolher\/"},"wordCount":872,"commentCount":0,"publisher":{"@id":"https:\/\/regiaonews.net.br\/2022\/#organization"},"image":{"@id":"https:\/\/regiaonews.net.br\/2022\/2021\/01\/14\/covid-19-manaus-vive-colapso-com-hospitais-sem-oxigenio-doentes-levados-a-outros-estados-cemiterios-sem-vagas-e-toque-de-recolher\/#primaryimage"},"thumbnailUrl":"https:\/\/regiaonews.net.br\/2022\/wp-content\/uploads\/2021\/01\/whatsapp-image-2021-01-14-at-09.52.39-1-.jpeg","articleSection":["Brasil","Cidades"],"inLanguage":"pt-BR","potentialAction":[{"@type":"CommentAction","name":"Comment","target":["https:\/\/regiaonews.net.br\/2022\/2021\/01\/14\/covid-19-manaus-vive-colapso-com-hospitais-sem-oxigenio-doentes-levados-a-outros-estados-cemiterios-sem-vagas-e-toque-de-recolher\/#respond"]}]},{"@type":"WebPage","@id":"https:\/\/regiaonews.net.br\/2022\/2021\/01\/14\/covid-19-manaus-vive-colapso-com-hospitais-sem-oxigenio-doentes-levados-a-outros-estados-cemiterios-sem-vagas-e-toque-de-recolher\/","url":"https:\/\/regiaonews.net.br\/2022\/2021\/01\/14\/covid-19-manaus-vive-colapso-com-hospitais-sem-oxigenio-doentes-levados-a-outros-estados-cemiterios-sem-vagas-e-toque-de-recolher\/","name":"Covid-19: Manaus vive colapso com hospitais sem oxig\u00eanio, doentes levados a outros estados, cemit\u00e9rios sem vagas e toque de recolher - Regi\u00e3o News","isPartOf":{"@id":"https:\/\/regiaonews.net.br\/2022\/#website"},"primaryImageOfPage":{"@id":"https:\/\/regiaonews.net.br\/2022\/2021\/01\/14\/covid-19-manaus-vive-colapso-com-hospitais-sem-oxigenio-doentes-levados-a-outros-estados-cemiterios-sem-vagas-e-toque-de-recolher\/#primaryimage"},"image":{"@id":"https:\/\/regiaonews.net.br\/2022\/2021\/01\/14\/covid-19-manaus-vive-colapso-com-hospitais-sem-oxigenio-doentes-levados-a-outros-estados-cemiterios-sem-vagas-e-toque-de-recolher\/#primaryimage"},"thumbnailUrl":"https:\/\/regiaonews.net.br\/2022\/wp-content\/uploads\/2021\/01\/whatsapp-image-2021-01-14-at-09.52.39-1-.jpeg","datePublished":"2021-01-14T19:40:21+00:00","dateModified":"2021-01-14T19:42:43+00:00","breadcrumb":{"@id":"https:\/\/regiaonews.net.br\/2022\/2021\/01\/14\/covid-19-manaus-vive-colapso-com-hospitais-sem-oxigenio-doentes-levados-a-outros-estados-cemiterios-sem-vagas-e-toque-de-recolher\/#breadcrumb"},"inLanguage":"pt-BR","potentialAction":[{"@type":"ReadAction","target":["https:\/\/regiaonews.net.br\/2022\/2021\/01\/14\/covid-19-manaus-vive-colapso-com-hospitais-sem-oxigenio-doentes-levados-a-outros-estados-cemiterios-sem-vagas-e-toque-de-recolher\/"]}]},{"@type":"ImageObject","inLanguage":"pt-BR","@id":"https:\/\/regiaonews.net.br\/2022\/2021\/01\/14\/covid-19-manaus-vive-colapso-com-hospitais-sem-oxigenio-doentes-levados-a-outros-estados-cemiterios-sem-vagas-e-toque-de-recolher\/#primaryimage","url":"https:\/\/regiaonews.net.br\/2022\/wp-content\/uploads\/2021\/01\/whatsapp-image-2021-01-14-at-09.52.39-1-.jpeg","contentUrl":"https:\/\/regiaonews.net.br\/2022\/wp-content\/uploads\/2021\/01\/whatsapp-image-2021-01-14-at-09.52.39-1-.jpeg","width":1000,"height":563},{"@type":"BreadcrumbList","@id":"https:\/\/regiaonews.net.br\/2022\/2021\/01\/14\/covid-19-manaus-vive-colapso-com-hospitais-sem-oxigenio-doentes-levados-a-outros-estados-cemiterios-sem-vagas-e-toque-de-recolher\/#breadcrumb","itemListElement":[{"@type":"ListItem","position":1,"name":"In\u00edcio","item":"https:\/\/regiaonews.net.br\/2022\/"},{"@type":"ListItem","position":2,"name":"Covid-19: Manaus vive colapso com hospitais sem oxig\u00eanio, doentes levados a outros estados, cemit\u00e9rios sem vagas e toque de recolher"}]},{"@type":"WebSite","@id":"https:\/\/regiaonews.net.br\/2022\/#website","url":"https:\/\/regiaonews.net.br\/2022\/","name":"Regi\u00e3o News","description":"Site de Not\u00edcias de Barretos e regi\u00e3o","publisher":{"@id":"https:\/\/regiaonews.net.br\/2022\/#organization"},"potentialAction":[{"@type":"SearchAction","target":{"@type":"EntryPoint","urlTemplate":"https:\/\/regiaonews.net.br\/2022\/?s={search_term_string}"},"query-input":{"@type":"PropertyValueSpecification","valueRequired":true,"valueName":"search_term_string"}}],"inLanguage":"pt-BR"},{"@type":"Organization","@id":"https:\/\/regiaonews.net.br\/2022\/#organization","name":"Regi\u00e3o News","url":"https:\/\/regiaonews.net.br\/2022\/","logo":{"@type":"ImageObject","inLanguage":"pt-BR","@id":"https:\/\/regiaonews.net.br\/2022\/#\/schema\/logo\/image\/","url":"https:\/\/regiaonews.net.br\/2022\/wp-content\/uploads\/2026\/03\/regiao-13-anos-scaled.jpg","contentUrl":"https:\/\/regiaonews.net.br\/2022\/wp-content\/uploads\/2026\/03\/regiao-13-anos-scaled.jpg","width":2560,"height":635,"caption":"Regi\u00e3o News"},"image":{"@id":"https:\/\/regiaonews.net.br\/2022\/#\/schema\/logo\/image\/"}},{"@type":"Person","@id":"https:\/\/regiaonews.net.br\/2022\/#\/schema\/person\/2d205a608a5aa97ac279d7a5e6d89ad8","name":"Roberto","image":{"@type":"ImageObject","inLanguage":"pt-BR","@id":"https:\/\/secure.gravatar.com\/avatar\/42749d8b712ff9d59ca93dc150494e5b55a44134482993f5baeb97e61b7ecc89?s=96&d=mm&r=g","url":"https:\/\/secure.gravatar.com\/avatar\/42749d8b712ff9d59ca93dc150494e5b55a44134482993f5baeb97e61b7ecc89?s=96&d=mm&r=g","contentUrl":"https:\/\/secure.gravatar.com\/avatar\/42749d8b712ff9d59ca93dc150494e5b55a44134482993f5baeb97e61b7ecc89?s=96&d=mm&r=g","caption":"Roberto"},"url":"https:\/\/regiaonews.net.br\/2022\/author\/roberto\/"}]}},"publishpress_future_action":{"enabled":false,"date":"2026-05-02 04:03:37","action":"change-status","newStatus":"draft","terms":[],"taxonomy":"category","extraData":[]},"publishpress_future_workflow_manual_trigger":{"enabledWorkflows":[]},"_links":{"self":[{"href":"https:\/\/regiaonews.net.br\/2022\/wp-json\/wp\/v2\/posts\/41790","targetHints":{"allow":["GET"]}}],"collection":[{"href":"https:\/\/regiaonews.net.br\/2022\/wp-json\/wp\/v2\/posts"}],"about":[{"href":"https:\/\/regiaonews.net.br\/2022\/wp-json\/wp\/v2\/types\/post"}],"author":[{"embeddable":true,"href":"https:\/\/regiaonews.net.br\/2022\/wp-json\/wp\/v2\/users\/2"}],"replies":[{"embeddable":true,"href":"https:\/\/regiaonews.net.br\/2022\/wp-json\/wp\/v2\/comments?post=41790"}],"version-history":[{"count":0,"href":"https:\/\/regiaonews.net.br\/2022\/wp-json\/wp\/v2\/posts\/41790\/revisions"}],"wp:featuredmedia":[{"embeddable":true,"href":"https:\/\/regiaonews.net.br\/2022\/wp-json\/wp\/v2\/media\/41791"}],"wp:attachment":[{"href":"https:\/\/regiaonews.net.br\/2022\/wp-json\/wp\/v2\/media?parent=41790"}],"wp:term":[{"taxonomy":"category","embeddable":true,"href":"https:\/\/regiaonews.net.br\/2022\/wp-json\/wp\/v2\/categories?post=41790"},{"taxonomy":"post_tag","embeddable":true,"href":"https:\/\/regiaonews.net.br\/2022\/wp-json\/wp\/v2\/tags?post=41790"}],"curies":[{"name":"wp","href":"https:\/\/api.w.org\/{rel}","templated":true}]}}