{"id":41583,"date":"2021-01-09T19:33:42","date_gmt":"2021-01-09T22:33:42","guid":{"rendered":"https:\/\/regiaonews.net.br\/2022\/?p=41583"},"modified":"2021-01-09T19:34:41","modified_gmt":"2021-01-09T22:34:41","slug":"41583","status":"publish","type":"post","link":"https:\/\/regiaonews.net.br\/2022\/2021\/01\/09\/41583\/","title":{"rendered":"Novo edital para 2,7 mil soldados PM de 2\u00aa classe \u00e9 lan\u00e7ado"},"content":{"rendered":"<div>\n<h1><a href=\"https:\/\/regiaonews.net.br\/2022\/wp-content\/uploads\/2020\/08\/pm-1.png\"><img loading=\"lazy\" decoding=\"async\" class=\"alignnone size-full wp-image-36012\" src=\"https:\/\/regiaonews.net.br\/2022\/wp-content\/uploads\/2020\/08\/pm-1.png\" alt=\"\" width=\"247\" height=\"204\" \/><\/a><\/h1>\n<h2 class=\"titulopreto ng-binding\">Interessados poder\u00e3o se inscrever a partir do dia 14 deste m\u00eas; sal\u00e1rio inicial \u00e9 de R$ 3.318,53<\/h2>\n<p>Foi publicado no DOE (Di\u00e1rio Oficial do Estado), deste s\u00e1bado (9), o edital para selecionar 2.700 soldados de 2\u00aa classe que ir\u00e3o atuar nas unidades da PMESP (Pol\u00edcia Militar do Estado de S\u00e3o Paulo). O curso de forma\u00e7\u00e3o tem dura\u00e7\u00e3o m\u00e9dia de um ano e \u00e9 realizado na Escola Superior de Soldados \u201cCoronel PM Eduardo Assump\u00e7\u00e3o\u201d, na zona norte da Capital, e nos n\u00facleos de forma\u00e7\u00e3o no interior, \u00e0 ela subordinados.<\/p>\n<\/div>\n<div id=\"notCorpo\" class=\"ng-binding\">\n<div><\/div>\n<div>A abertura deste concurso p\u00fablico foi autorizada pelo despacho do governador Jo\u00e3o Doria publicado no DOE, de 25 de janeiro de 2020.<\/div>\n<div><\/div>\n<div>O edital na \u00edntegra poder\u00e1 ser conferido no site da\u00a0<a href=\"https:\/\/www.imprensaoficial.com.br\/#09\/01\/2021\">Imprensa Oficial<\/a>, no caderno Executivo I &#8211; se\u00e7\u00e3o Concursos P\u00fablicos, a partir da p\u00e1gina 197.<\/div>\n<div><b>\u00a0<\/b><\/div>\n<div><b>Inscri\u00e7\u00f5es<\/b><\/div>\n<div><b>\u00a0<\/b><\/div>\n<div>Os interessados na sele\u00e7\u00e3o poder\u00e3o se inscrever das 10h de 14 de janeiro at\u00e9 \u00e0s 23h59 de 25 de fevereiro deste ano, exclusivamente pelo site da Funda\u00e7\u00e3o para o Vestibular da Universidade Estadual Paulista \u201cJ\u00falio de Mesquita Filho\u201d &#8211; Funda\u00e7\u00e3o VUNESP, pagando uma taxa de R$ 57. O pagamento da taxa dever\u00e1 ser feito, no m\u00e1ximo, at\u00e9 o 1\u00ba dia \u00fatil subsequente ao t\u00e9rmino do per\u00edodo das inscri\u00e7\u00f5es.<\/div>\n<div><\/div>\n<div><i>Principais requisitos\u00a0\u00a0<\/i><\/div>\n<div><i>\u00a0<\/i><\/div>\n<div>Os candidatos precisam ser brasileiros e ter entre 17 e 30 anos, exceto para aqueles que j\u00e1 pertencem aos quadros da PM paulista. \u00c9 necess\u00e1rio estar em dia com suas obriga\u00e7\u00f5es eleitorais e militares e ser habilitado para condu\u00e7\u00e3o de ve\u00edculo motorizado entre as categorias \u201cB\u201d e \u201cE&#8221;. Tatuagens s\u00e3o permitidas, desde que n\u00e3o fa\u00e7a alus\u00e3o \u00e0 discrimina\u00e7\u00e3o, viol\u00eancia ou seja ofensiva \u00e0 PM ou aos direitos humanos. As mulheres interessadas necessitam de altura m\u00ednima de 1,55 metro e os homens, de 1,60 m.<\/div>\n<div><\/div>\n<div>Para ser um futuro soldado da PM, o participante precisa ter conclu\u00eddo o ensino m\u00e9dio ou equivalente e passar em todas as etapas do concurso dentro do n\u00famero e vagas.<\/div>\n<div><i>\u00a0<\/i><\/div>\n<div><i>Sal\u00e1rio e atribui\u00e7\u00f5es\u00a0<\/i><\/div>\n<div><i>\u00a0<\/i><\/div>\n<div>A remunera\u00e7\u00e3o inicial do aluno-oficial \u00e9 de R$ 3.318,53, incluindo o sal\u00e1rio-base, o Regime Especial de Trabalho Policial (RETP) e o valor de insalubridade.<\/div>\n<div><\/div>\n<div>As atribui\u00e7\u00f5es do cargo de Soldado PM de 2\u00aa classe s\u00e3o o\u00a0 policiamento ostensivo e a preserva\u00e7\u00e3o da ordem p\u00fablica.<\/div>\n<div><\/div>\n<\/div>\n","protected":false},"excerpt":{"rendered":"<p>Interessados poder\u00e3o se inscrever a partir do dia 14 deste<\/p>\n","protected":false},"author":2,"featured_media":8864,"comment_status":"open","ping_status":"open","sticky":false,"template":"","format":"standard","meta":{"footnotes":""},"categories":[25,7],"tags":[],"class_list":["post-41583","post","type-post","status-publish","format-standard","has-post-thumbnail","hentry","category-cidades","category-estado-de-sao-paulo"],"yoast_head":"<!-- This site is optimized with the Yoast SEO plugin v27.4 - https:\/\/yoast.com\/product\/yoast-seo-wordpress\/ -->\n<title>Novo edital para 2,7 mil soldados PM de 2\u00aa classe \u00e9 lan\u00e7ado - Regi\u00e3o News<\/title>\n<meta name=\"robots\" content=\"index, follow, max-snippet:-1, max-image-preview:large, max-video-preview:-1\" \/>\n<link rel=\"canonical\" href=\"https:\/\/regiaonews.net.br\/2022\/2021\/01\/09\/41583\/\" \/>\n<meta property=\"og:locale\" content=\"pt_BR\" \/>\n<meta property=\"og:type\" content=\"article\" \/>\n<meta property=\"og:title\" content=\"Novo edital para 2,7 mil soldados PM de 2\u00aa classe \u00e9 lan\u00e7ado - Regi\u00e3o News\" \/>\n<meta property=\"og:description\" content=\"Interessados poder\u00e3o se inscrever a partir do dia 14 deste\" \/>\n<meta property=\"og:url\" content=\"https:\/\/regiaonews.net.br\/2022\/2021\/01\/09\/41583\/\" \/>\n<meta property=\"og:site_name\" content=\"Regi\u00e3o News\" \/>\n<meta property=\"article:published_time\" content=\"2021-01-09T22:33:42+00:00\" \/>\n<meta property=\"article:modified_time\" content=\"2021-01-09T22:34:41+00:00\" \/>\n<meta property=\"og:image\" content=\"https:\/\/regiaonews.net.br\/2022\/wp-content\/uploads\/2017\/11\/soldados-PM.jpg\" \/>\n\t<meta property=\"og:image:width\" content=\"1999\" \/>\n\t<meta property=\"og:image:height\" content=\"1332\" \/>\n\t<meta property=\"og:image:type\" content=\"image\/jpeg\" \/>\n<meta name=\"author\" content=\"Roberto\" \/>\n<meta name=\"twitter:card\" content=\"summary_large_image\" \/>\n<meta name=\"twitter:label1\" content=\"Escrito por\" \/>\n\t<meta name=\"twitter:data1\" content=\"Roberto\" \/>\n\t<meta name=\"twitter:label2\" content=\"Est. tempo de leitura\" \/>\n\t<meta name=\"twitter:data2\" content=\"2 minutos\" \/>\n<script type=\"application\/ld+json\" class=\"yoast-schema-graph\">{\"@context\":\"https:\\\/\\\/schema.org\",\"@graph\":[{\"@type\":\"Article\",\"@id\":\"https:\\\/\\\/regiaonews.net.br\\\/2022\\\/2021\\\/01\\\/09\\\/41583\\\/#article\",\"isPartOf\":{\"@id\":\"https:\\\/\\\/regiaonews.net.br\\\/2022\\\/2021\\\/01\\\/09\\\/41583\\\/\"},\"author\":{\"name\":\"Roberto\",\"@id\":\"https:\\\/\\\/regiaonews.net.br\\\/2022\\\/#\\\/schema\\\/person\\\/2d205a608a5aa97ac279d7a5e6d89ad8\"},\"headline\":\"Novo edital para 2,7 mil soldados PM de 2\u00aa classe \u00e9 lan\u00e7ado\",\"datePublished\":\"2021-01-09T22:33:42+00:00\",\"dateModified\":\"2021-01-09T22:34:41+00:00\",\"mainEntityOfPage\":{\"@id\":\"https:\\\/\\\/regiaonews.net.br\\\/2022\\\/2021\\\/01\\\/09\\\/41583\\\/\"},\"wordCount\":403,\"commentCount\":0,\"publisher\":{\"@id\":\"https:\\\/\\\/regiaonews.net.br\\\/2022\\\/#organization\"},\"image\":{\"@id\":\"https:\\\/\\\/regiaonews.net.br\\\/2022\\\/2021\\\/01\\\/09\\\/41583\\\/#primaryimage\"},\"thumbnailUrl\":\"https:\\\/\\\/regiaonews.net.br\\\/2022\\\/wp-content\\\/uploads\\\/2017\\\/11\\\/soldados-PM.jpg\",\"articleSection\":[\"Cidades\",\"Estado de S\u00e3o Paulo\"],\"inLanguage\":\"pt-BR\",\"potentialAction\":[{\"@type\":\"CommentAction\",\"name\":\"Comment\",\"target\":[\"https:\\\/\\\/regiaonews.net.br\\\/2022\\\/2021\\\/01\\\/09\\\/41583\\\/#respond\"]}]},{\"@type\":\"WebPage\",\"@id\":\"https:\\\/\\\/regiaonews.net.br\\\/2022\\\/2021\\\/01\\\/09\\\/41583\\\/\",\"url\":\"https:\\\/\\\/regiaonews.net.br\\\/2022\\\/2021\\\/01\\\/09\\\/41583\\\/\",\"name\":\"Novo edital para 2,7 mil soldados PM de 2\u00aa classe \u00e9 lan\u00e7ado - Regi\u00e3o News\",\"isPartOf\":{\"@id\":\"https:\\\/\\\/regiaonews.net.br\\\/2022\\\/#website\"},\"primaryImageOfPage\":{\"@id\":\"https:\\\/\\\/regiaonews.net.br\\\/2022\\\/2021\\\/01\\\/09\\\/41583\\\/#primaryimage\"},\"image\":{\"@id\":\"https:\\\/\\\/regiaonews.net.br\\\/2022\\\/2021\\\/01\\\/09\\\/41583\\\/#primaryimage\"},\"thumbnailUrl\":\"https:\\\/\\\/regiaonews.net.br\\\/2022\\\/wp-content\\\/uploads\\\/2017\\\/11\\\/soldados-PM.jpg\",\"datePublished\":\"2021-01-09T22:33:42+00:00\",\"dateModified\":\"2021-01-09T22:34:41+00:00\",\"breadcrumb\":{\"@id\":\"https:\\\/\\\/regiaonews.net.br\\\/2022\\\/2021\\\/01\\\/09\\\/41583\\\/#breadcrumb\"},\"inLanguage\":\"pt-BR\",\"potentialAction\":[{\"@type\":\"ReadAction\",\"target\":[\"https:\\\/\\\/regiaonews.net.br\\\/2022\\\/2021\\\/01\\\/09\\\/41583\\\/\"]}]},{\"@type\":\"ImageObject\",\"inLanguage\":\"pt-BR\",\"@id\":\"https:\\\/\\\/regiaonews.net.br\\\/2022\\\/2021\\\/01\\\/09\\\/41583\\\/#primaryimage\",\"url\":\"https:\\\/\\\/regiaonews.net.br\\\/2022\\\/wp-content\\\/uploads\\\/2017\\\/11\\\/soldados-PM.jpg\",\"contentUrl\":\"https:\\\/\\\/regiaonews.net.br\\\/2022\\\/wp-content\\\/uploads\\\/2017\\\/11\\\/soldados-PM.jpg\",\"width\":1999,\"height\":1332},{\"@type\":\"BreadcrumbList\",\"@id\":\"https:\\\/\\\/regiaonews.net.br\\\/2022\\\/2021\\\/01\\\/09\\\/41583\\\/#breadcrumb\",\"itemListElement\":[{\"@type\":\"ListItem\",\"position\":1,\"name\":\"In\u00edcio\",\"item\":\"https:\\\/\\\/regiaonews.net.br\\\/2022\\\/\"},{\"@type\":\"ListItem\",\"position\":2,\"name\":\"Novo edital para 2,7 mil soldados PM de 2\u00aa classe \u00e9 lan\u00e7ado\"}]},{\"@type\":\"WebSite\",\"@id\":\"https:\\\/\\\/regiaonews.net.br\\\/2022\\\/#website\",\"url\":\"https:\\\/\\\/regiaonews.net.br\\\/2022\\\/\",\"name\":\"Regi\u00e3o News\",\"description\":\"Site de Not\u00edcias de Barretos e regi\u00e3o\",\"publisher\":{\"@id\":\"https:\\\/\\\/regiaonews.net.br\\\/2022\\\/#organization\"},\"potentialAction\":[{\"@type\":\"SearchAction\",\"target\":{\"@type\":\"EntryPoint\",\"urlTemplate\":\"https:\\\/\\\/regiaonews.net.br\\\/2022\\\/?s={search_term_string}\"},\"query-input\":{\"@type\":\"PropertyValueSpecification\",\"valueRequired\":true,\"valueName\":\"search_term_string\"}}],\"inLanguage\":\"pt-BR\"},{\"@type\":\"Organization\",\"@id\":\"https:\\\/\\\/regiaonews.net.br\\\/2022\\\/#organization\",\"name\":\"Regi\u00e3o News\",\"url\":\"https:\\\/\\\/regiaonews.net.br\\\/2022\\\/\",\"logo\":{\"@type\":\"ImageObject\",\"inLanguage\":\"pt-BR\",\"@id\":\"https:\\\/\\\/regiaonews.net.br\\\/2022\\\/#\\\/schema\\\/logo\\\/image\\\/\",\"url\":\"https:\\\/\\\/regiaonews.net.br\\\/2022\\\/wp-content\\\/uploads\\\/2026\\\/03\\\/regiao-13-anos-scaled.jpg\",\"contentUrl\":\"https:\\\/\\\/regiaonews.net.br\\\/2022\\\/wp-content\\\/uploads\\\/2026\\\/03\\\/regiao-13-anos-scaled.jpg\",\"width\":2560,\"height\":635,\"caption\":\"Regi\u00e3o News\"},\"image\":{\"@id\":\"https:\\\/\\\/regiaonews.net.br\\\/2022\\\/#\\\/schema\\\/logo\\\/image\\\/\"}},{\"@type\":\"Person\",\"@id\":\"https:\\\/\\\/regiaonews.net.br\\\/2022\\\/#\\\/schema\\\/person\\\/2d205a608a5aa97ac279d7a5e6d89ad8\",\"name\":\"Roberto\",\"image\":{\"@type\":\"ImageObject\",\"inLanguage\":\"pt-BR\",\"@id\":\"https:\\\/\\\/secure.gravatar.com\\\/avatar\\\/42749d8b712ff9d59ca93dc150494e5b55a44134482993f5baeb97e61b7ecc89?s=96&d=mm&r=g\",\"url\":\"https:\\\/\\\/secure.gravatar.com\\\/avatar\\\/42749d8b712ff9d59ca93dc150494e5b55a44134482993f5baeb97e61b7ecc89?s=96&d=mm&r=g\",\"contentUrl\":\"https:\\\/\\\/secure.gravatar.com\\\/avatar\\\/42749d8b712ff9d59ca93dc150494e5b55a44134482993f5baeb97e61b7ecc89?s=96&d=mm&r=g\",\"caption\":\"Roberto\"},\"url\":\"https:\\\/\\\/regiaonews.net.br\\\/2022\\\/author\\\/roberto\\\/\"}]}<\/script>\n<!-- \/ Yoast SEO plugin. -->","yoast_head_json":{"title":"Novo edital para 2,7 mil soldados PM de 2\u00aa classe \u00e9 lan\u00e7ado - Regi\u00e3o News","robots":{"index":"index","follow":"follow","max-snippet":"max-snippet:-1","max-image-preview":"max-image-preview:large","max-video-preview":"max-video-preview:-1"},"canonical":"https:\/\/regiaonews.net.br\/2022\/2021\/01\/09\/41583\/","og_locale":"pt_BR","og_type":"article","og_title":"Novo edital para 2,7 mil soldados PM de 2\u00aa classe \u00e9 lan\u00e7ado - Regi\u00e3o News","og_description":"Interessados poder\u00e3o se inscrever a partir do dia 14 deste","og_url":"https:\/\/regiaonews.net.br\/2022\/2021\/01\/09\/41583\/","og_site_name":"Regi\u00e3o News","article_published_time":"2021-01-09T22:33:42+00:00","article_modified_time":"2021-01-09T22:34:41+00:00","og_image":[{"width":1999,"height":1332,"url":"https:\/\/regiaonews.net.br\/2022\/wp-content\/uploads\/2017\/11\/soldados-PM.jpg","type":"image\/jpeg"}],"author":"Roberto","twitter_card":"summary_large_image","twitter_misc":{"Escrito por":"Roberto","Est. tempo de leitura":"2 minutos"},"schema":{"@context":"https:\/\/schema.org","@graph":[{"@type":"Article","@id":"https:\/\/regiaonews.net.br\/2022\/2021\/01\/09\/41583\/#article","isPartOf":{"@id":"https:\/\/regiaonews.net.br\/2022\/2021\/01\/09\/41583\/"},"author":{"name":"Roberto","@id":"https:\/\/regiaonews.net.br\/2022\/#\/schema\/person\/2d205a608a5aa97ac279d7a5e6d89ad8"},"headline":"Novo edital para 2,7 mil soldados PM de 2\u00aa classe \u00e9 lan\u00e7ado","datePublished":"2021-01-09T22:33:42+00:00","dateModified":"2021-01-09T22:34:41+00:00","mainEntityOfPage":{"@id":"https:\/\/regiaonews.net.br\/2022\/2021\/01\/09\/41583\/"},"wordCount":403,"commentCount":0,"publisher":{"@id":"https:\/\/regiaonews.net.br\/2022\/#organization"},"image":{"@id":"https:\/\/regiaonews.net.br\/2022\/2021\/01\/09\/41583\/#primaryimage"},"thumbnailUrl":"https:\/\/regiaonews.net.br\/2022\/wp-content\/uploads\/2017\/11\/soldados-PM.jpg","articleSection":["Cidades","Estado de S\u00e3o Paulo"],"inLanguage":"pt-BR","potentialAction":[{"@type":"CommentAction","name":"Comment","target":["https:\/\/regiaonews.net.br\/2022\/2021\/01\/09\/41583\/#respond"]}]},{"@type":"WebPage","@id":"https:\/\/regiaonews.net.br\/2022\/2021\/01\/09\/41583\/","url":"https:\/\/regiaonews.net.br\/2022\/2021\/01\/09\/41583\/","name":"Novo edital para 2,7 mil soldados PM de 2\u00aa classe \u00e9 lan\u00e7ado - Regi\u00e3o News","isPartOf":{"@id":"https:\/\/regiaonews.net.br\/2022\/#website"},"primaryImageOfPage":{"@id":"https:\/\/regiaonews.net.br\/2022\/2021\/01\/09\/41583\/#primaryimage"},"image":{"@id":"https:\/\/regiaonews.net.br\/2022\/2021\/01\/09\/41583\/#primaryimage"},"thumbnailUrl":"https:\/\/regiaonews.net.br\/2022\/wp-content\/uploads\/2017\/11\/soldados-PM.jpg","datePublished":"2021-01-09T22:33:42+00:00","dateModified":"2021-01-09T22:34:41+00:00","breadcrumb":{"@id":"https:\/\/regiaonews.net.br\/2022\/2021\/01\/09\/41583\/#breadcrumb"},"inLanguage":"pt-BR","potentialAction":[{"@type":"ReadAction","target":["https:\/\/regiaonews.net.br\/2022\/2021\/01\/09\/41583\/"]}]},{"@type":"ImageObject","inLanguage":"pt-BR","@id":"https:\/\/regiaonews.net.br\/2022\/2021\/01\/09\/41583\/#primaryimage","url":"https:\/\/regiaonews.net.br\/2022\/wp-content\/uploads\/2017\/11\/soldados-PM.jpg","contentUrl":"https:\/\/regiaonews.net.br\/2022\/wp-content\/uploads\/2017\/11\/soldados-PM.jpg","width":1999,"height":1332},{"@type":"BreadcrumbList","@id":"https:\/\/regiaonews.net.br\/2022\/2021\/01\/09\/41583\/#breadcrumb","itemListElement":[{"@type":"ListItem","position":1,"name":"In\u00edcio","item":"https:\/\/regiaonews.net.br\/2022\/"},{"@type":"ListItem","position":2,"name":"Novo edital para 2,7 mil soldados PM de 2\u00aa classe \u00e9 lan\u00e7ado"}]},{"@type":"WebSite","@id":"https:\/\/regiaonews.net.br\/2022\/#website","url":"https:\/\/regiaonews.net.br\/2022\/","name":"Regi\u00e3o News","description":"Site de Not\u00edcias de Barretos e regi\u00e3o","publisher":{"@id":"https:\/\/regiaonews.net.br\/2022\/#organization"},"potentialAction":[{"@type":"SearchAction","target":{"@type":"EntryPoint","urlTemplate":"https:\/\/regiaonews.net.br\/2022\/?s={search_term_string}"},"query-input":{"@type":"PropertyValueSpecification","valueRequired":true,"valueName":"search_term_string"}}],"inLanguage":"pt-BR"},{"@type":"Organization","@id":"https:\/\/regiaonews.net.br\/2022\/#organization","name":"Regi\u00e3o News","url":"https:\/\/regiaonews.net.br\/2022\/","logo":{"@type":"ImageObject","inLanguage":"pt-BR","@id":"https:\/\/regiaonews.net.br\/2022\/#\/schema\/logo\/image\/","url":"https:\/\/regiaonews.net.br\/2022\/wp-content\/uploads\/2026\/03\/regiao-13-anos-scaled.jpg","contentUrl":"https:\/\/regiaonews.net.br\/2022\/wp-content\/uploads\/2026\/03\/regiao-13-anos-scaled.jpg","width":2560,"height":635,"caption":"Regi\u00e3o News"},"image":{"@id":"https:\/\/regiaonews.net.br\/2022\/#\/schema\/logo\/image\/"}},{"@type":"Person","@id":"https:\/\/regiaonews.net.br\/2022\/#\/schema\/person\/2d205a608a5aa97ac279d7a5e6d89ad8","name":"Roberto","image":{"@type":"ImageObject","inLanguage":"pt-BR","@id":"https:\/\/secure.gravatar.com\/avatar\/42749d8b712ff9d59ca93dc150494e5b55a44134482993f5baeb97e61b7ecc89?s=96&d=mm&r=g","url":"https:\/\/secure.gravatar.com\/avatar\/42749d8b712ff9d59ca93dc150494e5b55a44134482993f5baeb97e61b7ecc89?s=96&d=mm&r=g","contentUrl":"https:\/\/secure.gravatar.com\/avatar\/42749d8b712ff9d59ca93dc150494e5b55a44134482993f5baeb97e61b7ecc89?s=96&d=mm&r=g","caption":"Roberto"},"url":"https:\/\/regiaonews.net.br\/2022\/author\/roberto\/"}]}},"publishpress_future_action":{"enabled":false,"date":"2026-05-02 01:09:22","action":"change-status","newStatus":"draft","terms":[],"taxonomy":"category","extraData":[]},"publishpress_future_workflow_manual_trigger":{"enabledWorkflows":[]},"_links":{"self":[{"href":"https:\/\/regiaonews.net.br\/2022\/wp-json\/wp\/v2\/posts\/41583","targetHints":{"allow":["GET"]}}],"collection":[{"href":"https:\/\/regiaonews.net.br\/2022\/wp-json\/wp\/v2\/posts"}],"about":[{"href":"https:\/\/regiaonews.net.br\/2022\/wp-json\/wp\/v2\/types\/post"}],"author":[{"embeddable":true,"href":"https:\/\/regiaonews.net.br\/2022\/wp-json\/wp\/v2\/users\/2"}],"replies":[{"embeddable":true,"href":"https:\/\/regiaonews.net.br\/2022\/wp-json\/wp\/v2\/comments?post=41583"}],"version-history":[{"count":0,"href":"https:\/\/regiaonews.net.br\/2022\/wp-json\/wp\/v2\/posts\/41583\/revisions"}],"wp:featuredmedia":[{"embeddable":true,"href":"https:\/\/regiaonews.net.br\/2022\/wp-json\/wp\/v2\/media\/8864"}],"wp:attachment":[{"href":"https:\/\/regiaonews.net.br\/2022\/wp-json\/wp\/v2\/media?parent=41583"}],"wp:term":[{"taxonomy":"category","embeddable":true,"href":"https:\/\/regiaonews.net.br\/2022\/wp-json\/wp\/v2\/categories?post=41583"},{"taxonomy":"post_tag","embeddable":true,"href":"https:\/\/regiaonews.net.br\/2022\/wp-json\/wp\/v2\/tags?post=41583"}],"curies":[{"name":"wp","href":"https:\/\/api.w.org\/{rel}","templated":true}]}}