{"id":41580,"date":"2021-01-09T17:53:17","date_gmt":"2021-01-09T20:53:17","guid":{"rendered":"https:\/\/regiaonews.net.br\/2022\/?p=41580"},"modified":"2021-01-09T17:53:17","modified_gmt":"2021-01-09T20:53:17","slug":"governo-da-indonesia-confirma-queda-de-aviao-com-62-pessoas","status":"publish","type":"post","link":"https:\/\/regiaonews.net.br\/2022\/2021\/01\/09\/governo-da-indonesia-confirma-queda-de-aviao-com-62-pessoas\/","title":{"rendered":"Governo da Indon\u00e9sia confirma queda de avi\u00e3o com 62 pessoas."},"content":{"rendered":"<p><iframe loading=\"lazy\" title=\"Acidente na Indon\u00e9sia: governo confirma queda de avi\u00e3o com 62 pessoas\" width=\"640\" height=\"360\" src=\"https:\/\/www.youtube.com\/embed\/zMqDttEywf4?feature=oembed\" frameborder=\"0\" allow=\"accelerometer; autoplay; clipboard-write; encrypted-media; gyroscope; picture-in-picture; web-share\" referrerpolicy=\"strict-origin-when-cross-origin\" allowfullscreen><\/iframe><\/p>\n<p>Governo da Indon\u00e9sia confirma queda de avi\u00e3o com 62 pessoas Do UOL*, em S\u00e3o Paulo 09\/01\/2021 09h14Atualizada em 09\/01\/2021 16h29 O governo da Indon\u00e9sia confirmou a queda do avi\u00e3o da Sriwijaya Air no mar neste s\u00e1bado (09). A aeronave levava 62 pessoas a bordo, sendo seis tripulantes. A aeronave perdeu contato pouco ap\u00f3s decolar do aeroporto de Jacarta, capital da Indon\u00e9sia. A empresa diz ainda investigar o que aconteceu. Sites que fazem o monitoramento de radares mostram que o avi\u00e3o deixou de aparecer no monitoramento ap\u00f3s a decola do aeroporto de Jacarta, capital da Indon\u00e9sia. A empresa diz ainda investigar o que aconteceu. Sites que fazem o monitoramento de radares mostram que o avi\u00e3o deixou de aparecer no monitoramento ap\u00f3s a decolagem, \u00e0s 14h40, no hor\u00e1rio local \u20144h40 em Bras\u00edlia\u2014, quando j\u00e1 sobrevoava o mar de Java<\/p>\n<p>O ministro dos Transportes da Indon\u00e9sia, Budi Karya Sumadi, disse que a aeronave pareceu se desviar de sua rota pouco antes de desaparecer. Segundo o Flightradar24, o avi\u00e3o perdeu 10 mil p\u00e9s de altitude em menos de um minuto. Testemunhas relataram \u00e0 m\u00eddia local que viram a aeronave cair no mar<\/p>\n<p>Um porta-voz da Defesa Civil disse que equipes de busca da Indon\u00e9sia encontraram &#8220;destro\u00e7os suspeitos&#8221; do avi\u00e3o da Sriwijaya Air. O voo tinha como destino a cidade de Pontianak, tamb\u00e9m na Indon\u00e9sia. Esse \u00e9 um trajeto que leva cerca de uma hora e meia de dura\u00e7\u00e3o.<\/p>\n<p>O avi\u00e3o utilizado no voo era um Boeing 737-500, que tem capacidade para 130 pessoas. Segundo o site da emissora de televis\u00e3o Al Jazzeara, a aeronave foi fabricada h\u00e1 27 anos. A Sriwijawa Air \u00e9 dona de cerca de 19 Boeings que voam para destinos na Indon\u00e9sia e no resto do Sudeste Asi\u00e1tico Apreens\u00e3o O local para onde as equipes de resgate foram enviadas fica perto de algumas ilhas tur\u00edsticas, na costa da capital indon\u00e9sia. &#8220;Tenho quatro membros da minha fam\u00edlia no avi\u00e3o &#8211; minha esposa e meus tr\u00eas filhos&#8221;, contou Yaman Zai, que os esperava no aeroporto de Pontianak, em l\u00e1grimas. &#8220;Minha esposa me enviou uma foto do beb\u00ea hoje&#8230; Como meu cora\u00e7\u00e3o n\u00e3o poderia estar em peda\u00e7os?&#8221;<\/p>\n<p>O setor de avia\u00e7\u00e3o civil na Indon\u00e9sia passou por v\u00e1rias trag\u00e9dias nos \u00faltimos anos, e muitas companhias a\u00e9reas indon\u00e9sias foram proibidas de operar na Europa e nos Estados Unidos no passado. (Com AFP e Ansa).<\/p>\n<p>FONTE : UOL<\/p>\n","protected":false},"excerpt":{"rendered":"<p>Governo da Indon\u00e9sia confirma queda de avi\u00e3o com 62 pessoas<\/p>\n","protected":false},"author":2,"featured_media":41581,"comment_status":"open","ping_status":"open","sticky":false,"template":"","format":"standard","meta":{"footnotes":""},"categories":[31],"tags":[],"class_list":["post-41580","post","type-post","status-publish","format-standard","has-post-thumbnail","hentry","category-internacional"],"yoast_head":"<!-- This site is optimized with the Yoast SEO plugin v27.4 - https:\/\/yoast.com\/product\/yoast-seo-wordpress\/ -->\n<title>Governo da Indon\u00e9sia confirma queda de avi\u00e3o com 62 pessoas. - Regi\u00e3o News<\/title>\n<meta name=\"robots\" content=\"index, follow, max-snippet:-1, max-image-preview:large, max-video-preview:-1\" \/>\n<link rel=\"canonical\" href=\"https:\/\/regiaonews.net.br\/2022\/2021\/01\/09\/governo-da-indonesia-confirma-queda-de-aviao-com-62-pessoas\/\" \/>\n<meta property=\"og:locale\" content=\"pt_BR\" \/>\n<meta property=\"og:type\" content=\"article\" \/>\n<meta property=\"og:title\" content=\"Governo da Indon\u00e9sia confirma queda de avi\u00e3o com 62 pessoas. - Regi\u00e3o News\" \/>\n<meta property=\"og:description\" content=\"Governo da Indon\u00e9sia confirma queda de avi\u00e3o com 62 pessoas\" \/>\n<meta property=\"og:url\" content=\"https:\/\/regiaonews.net.br\/2022\/2021\/01\/09\/governo-da-indonesia-confirma-queda-de-aviao-com-62-pessoas\/\" \/>\n<meta property=\"og:site_name\" content=\"Regi\u00e3o News\" \/>\n<meta property=\"article:published_time\" content=\"2021-01-09T20:53:17+00:00\" \/>\n<meta property=\"og:image\" content=\"https:\/\/regiaonews.net.br\/2022\/wp-content\/uploads\/2021\/01\/9jan2021-parentes-de-passageiros-a-bordo-de-aeronave-que-desapareceu-da-sriwijaya-air-esperam-por-noticias-no-aeroporto-de-pontianak-na-indonesia-1610194704634_v2_750x421.jpg\" \/>\n\t<meta property=\"og:image:width\" content=\"750\" \/>\n\t<meta property=\"og:image:height\" content=\"421\" \/>\n\t<meta property=\"og:image:type\" content=\"image\/jpeg\" \/>\n<meta name=\"author\" content=\"Roberto\" \/>\n<meta name=\"twitter:card\" content=\"summary_large_image\" \/>\n<meta name=\"twitter:label1\" content=\"Escrito por\" \/>\n\t<meta name=\"twitter:data1\" content=\"Roberto\" \/>\n\t<meta name=\"twitter:label2\" content=\"Est. tempo de leitura\" \/>\n\t<meta name=\"twitter:data2\" content=\"2 minutos\" \/>\n<script type=\"application\/ld+json\" class=\"yoast-schema-graph\">{\"@context\":\"https:\\\/\\\/schema.org\",\"@graph\":[{\"@type\":\"Article\",\"@id\":\"https:\\\/\\\/regiaonews.net.br\\\/2022\\\/2021\\\/01\\\/09\\\/governo-da-indonesia-confirma-queda-de-aviao-com-62-pessoas\\\/#article\",\"isPartOf\":{\"@id\":\"https:\\\/\\\/regiaonews.net.br\\\/2022\\\/2021\\\/01\\\/09\\\/governo-da-indonesia-confirma-queda-de-aviao-com-62-pessoas\\\/\"},\"author\":{\"name\":\"Roberto\",\"@id\":\"https:\\\/\\\/regiaonews.net.br\\\/2022\\\/#\\\/schema\\\/person\\\/2d205a608a5aa97ac279d7a5e6d89ad8\"},\"headline\":\"Governo da Indon\u00e9sia confirma queda de avi\u00e3o com 62 pessoas.\",\"datePublished\":\"2021-01-09T20:53:17+00:00\",\"mainEntityOfPage\":{\"@id\":\"https:\\\/\\\/regiaonews.net.br\\\/2022\\\/2021\\\/01\\\/09\\\/governo-da-indonesia-confirma-queda-de-aviao-com-62-pessoas\\\/\"},\"wordCount\":446,\"commentCount\":0,\"publisher\":{\"@id\":\"https:\\\/\\\/regiaonews.net.br\\\/2022\\\/#organization\"},\"image\":{\"@id\":\"https:\\\/\\\/regiaonews.net.br\\\/2022\\\/2021\\\/01\\\/09\\\/governo-da-indonesia-confirma-queda-de-aviao-com-62-pessoas\\\/#primaryimage\"},\"thumbnailUrl\":\"https:\\\/\\\/regiaonews.net.br\\\/2022\\\/wp-content\\\/uploads\\\/2021\\\/01\\\/9jan2021-parentes-de-passageiros-a-bordo-de-aeronave-que-desapareceu-da-sriwijaya-air-esperam-por-noticias-no-aeroporto-de-pontianak-na-indonesia-1610194704634_v2_750x421.jpg\",\"articleSection\":[\"Internacional\"],\"inLanguage\":\"pt-BR\",\"potentialAction\":[{\"@type\":\"CommentAction\",\"name\":\"Comment\",\"target\":[\"https:\\\/\\\/regiaonews.net.br\\\/2022\\\/2021\\\/01\\\/09\\\/governo-da-indonesia-confirma-queda-de-aviao-com-62-pessoas\\\/#respond\"]}]},{\"@type\":\"WebPage\",\"@id\":\"https:\\\/\\\/regiaonews.net.br\\\/2022\\\/2021\\\/01\\\/09\\\/governo-da-indonesia-confirma-queda-de-aviao-com-62-pessoas\\\/\",\"url\":\"https:\\\/\\\/regiaonews.net.br\\\/2022\\\/2021\\\/01\\\/09\\\/governo-da-indonesia-confirma-queda-de-aviao-com-62-pessoas\\\/\",\"name\":\"Governo da Indon\u00e9sia confirma queda de avi\u00e3o com 62 pessoas. - Regi\u00e3o News\",\"isPartOf\":{\"@id\":\"https:\\\/\\\/regiaonews.net.br\\\/2022\\\/#website\"},\"primaryImageOfPage\":{\"@id\":\"https:\\\/\\\/regiaonews.net.br\\\/2022\\\/2021\\\/01\\\/09\\\/governo-da-indonesia-confirma-queda-de-aviao-com-62-pessoas\\\/#primaryimage\"},\"image\":{\"@id\":\"https:\\\/\\\/regiaonews.net.br\\\/2022\\\/2021\\\/01\\\/09\\\/governo-da-indonesia-confirma-queda-de-aviao-com-62-pessoas\\\/#primaryimage\"},\"thumbnailUrl\":\"https:\\\/\\\/regiaonews.net.br\\\/2022\\\/wp-content\\\/uploads\\\/2021\\\/01\\\/9jan2021-parentes-de-passageiros-a-bordo-de-aeronave-que-desapareceu-da-sriwijaya-air-esperam-por-noticias-no-aeroporto-de-pontianak-na-indonesia-1610194704634_v2_750x421.jpg\",\"datePublished\":\"2021-01-09T20:53:17+00:00\",\"breadcrumb\":{\"@id\":\"https:\\\/\\\/regiaonews.net.br\\\/2022\\\/2021\\\/01\\\/09\\\/governo-da-indonesia-confirma-queda-de-aviao-com-62-pessoas\\\/#breadcrumb\"},\"inLanguage\":\"pt-BR\",\"potentialAction\":[{\"@type\":\"ReadAction\",\"target\":[\"https:\\\/\\\/regiaonews.net.br\\\/2022\\\/2021\\\/01\\\/09\\\/governo-da-indonesia-confirma-queda-de-aviao-com-62-pessoas\\\/\"]}]},{\"@type\":\"ImageObject\",\"inLanguage\":\"pt-BR\",\"@id\":\"https:\\\/\\\/regiaonews.net.br\\\/2022\\\/2021\\\/01\\\/09\\\/governo-da-indonesia-confirma-queda-de-aviao-com-62-pessoas\\\/#primaryimage\",\"url\":\"https:\\\/\\\/regiaonews.net.br\\\/2022\\\/wp-content\\\/uploads\\\/2021\\\/01\\\/9jan2021-parentes-de-passageiros-a-bordo-de-aeronave-que-desapareceu-da-sriwijaya-air-esperam-por-noticias-no-aeroporto-de-pontianak-na-indonesia-1610194704634_v2_750x421.jpg\",\"contentUrl\":\"https:\\\/\\\/regiaonews.net.br\\\/2022\\\/wp-content\\\/uploads\\\/2021\\\/01\\\/9jan2021-parentes-de-passageiros-a-bordo-de-aeronave-que-desapareceu-da-sriwijaya-air-esperam-por-noticias-no-aeroporto-de-pontianak-na-indonesia-1610194704634_v2_750x421.jpg\",\"width\":750,\"height\":421},{\"@type\":\"BreadcrumbList\",\"@id\":\"https:\\\/\\\/regiaonews.net.br\\\/2022\\\/2021\\\/01\\\/09\\\/governo-da-indonesia-confirma-queda-de-aviao-com-62-pessoas\\\/#breadcrumb\",\"itemListElement\":[{\"@type\":\"ListItem\",\"position\":1,\"name\":\"In\u00edcio\",\"item\":\"https:\\\/\\\/regiaonews.net.br\\\/2022\\\/\"},{\"@type\":\"ListItem\",\"position\":2,\"name\":\"Governo da Indon\u00e9sia confirma queda de avi\u00e3o com 62 pessoas.\"}]},{\"@type\":\"WebSite\",\"@id\":\"https:\\\/\\\/regiaonews.net.br\\\/2022\\\/#website\",\"url\":\"https:\\\/\\\/regiaonews.net.br\\\/2022\\\/\",\"name\":\"Regi\u00e3o News\",\"description\":\"Site de Not\u00edcias de Barretos e regi\u00e3o\",\"publisher\":{\"@id\":\"https:\\\/\\\/regiaonews.net.br\\\/2022\\\/#organization\"},\"potentialAction\":[{\"@type\":\"SearchAction\",\"target\":{\"@type\":\"EntryPoint\",\"urlTemplate\":\"https:\\\/\\\/regiaonews.net.br\\\/2022\\\/?s={search_term_string}\"},\"query-input\":{\"@type\":\"PropertyValueSpecification\",\"valueRequired\":true,\"valueName\":\"search_term_string\"}}],\"inLanguage\":\"pt-BR\"},{\"@type\":\"Organization\",\"@id\":\"https:\\\/\\\/regiaonews.net.br\\\/2022\\\/#organization\",\"name\":\"Regi\u00e3o News\",\"url\":\"https:\\\/\\\/regiaonews.net.br\\\/2022\\\/\",\"logo\":{\"@type\":\"ImageObject\",\"inLanguage\":\"pt-BR\",\"@id\":\"https:\\\/\\\/regiaonews.net.br\\\/2022\\\/#\\\/schema\\\/logo\\\/image\\\/\",\"url\":\"https:\\\/\\\/regiaonews.net.br\\\/2022\\\/wp-content\\\/uploads\\\/2026\\\/03\\\/regiao-13-anos-scaled.jpg\",\"contentUrl\":\"https:\\\/\\\/regiaonews.net.br\\\/2022\\\/wp-content\\\/uploads\\\/2026\\\/03\\\/regiao-13-anos-scaled.jpg\",\"width\":2560,\"height\":635,\"caption\":\"Regi\u00e3o News\"},\"image\":{\"@id\":\"https:\\\/\\\/regiaonews.net.br\\\/2022\\\/#\\\/schema\\\/logo\\\/image\\\/\"}},{\"@type\":\"Person\",\"@id\":\"https:\\\/\\\/regiaonews.net.br\\\/2022\\\/#\\\/schema\\\/person\\\/2d205a608a5aa97ac279d7a5e6d89ad8\",\"name\":\"Roberto\",\"image\":{\"@type\":\"ImageObject\",\"inLanguage\":\"pt-BR\",\"@id\":\"https:\\\/\\\/secure.gravatar.com\\\/avatar\\\/42749d8b712ff9d59ca93dc150494e5b55a44134482993f5baeb97e61b7ecc89?s=96&d=mm&r=g\",\"url\":\"https:\\\/\\\/secure.gravatar.com\\\/avatar\\\/42749d8b712ff9d59ca93dc150494e5b55a44134482993f5baeb97e61b7ecc89?s=96&d=mm&r=g\",\"contentUrl\":\"https:\\\/\\\/secure.gravatar.com\\\/avatar\\\/42749d8b712ff9d59ca93dc150494e5b55a44134482993f5baeb97e61b7ecc89?s=96&d=mm&r=g\",\"caption\":\"Roberto\"},\"url\":\"https:\\\/\\\/regiaonews.net.br\\\/2022\\\/author\\\/roberto\\\/\"}]}<\/script>\n<!-- \/ Yoast SEO plugin. -->","yoast_head_json":{"title":"Governo da Indon\u00e9sia confirma queda de avi\u00e3o com 62 pessoas. - Regi\u00e3o News","robots":{"index":"index","follow":"follow","max-snippet":"max-snippet:-1","max-image-preview":"max-image-preview:large","max-video-preview":"max-video-preview:-1"},"canonical":"https:\/\/regiaonews.net.br\/2022\/2021\/01\/09\/governo-da-indonesia-confirma-queda-de-aviao-com-62-pessoas\/","og_locale":"pt_BR","og_type":"article","og_title":"Governo da Indon\u00e9sia confirma queda de avi\u00e3o com 62 pessoas. - Regi\u00e3o News","og_description":"Governo da Indon\u00e9sia confirma queda de avi\u00e3o com 62 pessoas","og_url":"https:\/\/regiaonews.net.br\/2022\/2021\/01\/09\/governo-da-indonesia-confirma-queda-de-aviao-com-62-pessoas\/","og_site_name":"Regi\u00e3o News","article_published_time":"2021-01-09T20:53:17+00:00","og_image":[{"width":750,"height":421,"url":"https:\/\/regiaonews.net.br\/2022\/wp-content\/uploads\/2021\/01\/9jan2021-parentes-de-passageiros-a-bordo-de-aeronave-que-desapareceu-da-sriwijaya-air-esperam-por-noticias-no-aeroporto-de-pontianak-na-indonesia-1610194704634_v2_750x421.jpg","type":"image\/jpeg"}],"author":"Roberto","twitter_card":"summary_large_image","twitter_misc":{"Escrito por":"Roberto","Est. tempo de leitura":"2 minutos"},"schema":{"@context":"https:\/\/schema.org","@graph":[{"@type":"Article","@id":"https:\/\/regiaonews.net.br\/2022\/2021\/01\/09\/governo-da-indonesia-confirma-queda-de-aviao-com-62-pessoas\/#article","isPartOf":{"@id":"https:\/\/regiaonews.net.br\/2022\/2021\/01\/09\/governo-da-indonesia-confirma-queda-de-aviao-com-62-pessoas\/"},"author":{"name":"Roberto","@id":"https:\/\/regiaonews.net.br\/2022\/#\/schema\/person\/2d205a608a5aa97ac279d7a5e6d89ad8"},"headline":"Governo da Indon\u00e9sia confirma queda de avi\u00e3o com 62 pessoas.","datePublished":"2021-01-09T20:53:17+00:00","mainEntityOfPage":{"@id":"https:\/\/regiaonews.net.br\/2022\/2021\/01\/09\/governo-da-indonesia-confirma-queda-de-aviao-com-62-pessoas\/"},"wordCount":446,"commentCount":0,"publisher":{"@id":"https:\/\/regiaonews.net.br\/2022\/#organization"},"image":{"@id":"https:\/\/regiaonews.net.br\/2022\/2021\/01\/09\/governo-da-indonesia-confirma-queda-de-aviao-com-62-pessoas\/#primaryimage"},"thumbnailUrl":"https:\/\/regiaonews.net.br\/2022\/wp-content\/uploads\/2021\/01\/9jan2021-parentes-de-passageiros-a-bordo-de-aeronave-que-desapareceu-da-sriwijaya-air-esperam-por-noticias-no-aeroporto-de-pontianak-na-indonesia-1610194704634_v2_750x421.jpg","articleSection":["Internacional"],"inLanguage":"pt-BR","potentialAction":[{"@type":"CommentAction","name":"Comment","target":["https:\/\/regiaonews.net.br\/2022\/2021\/01\/09\/governo-da-indonesia-confirma-queda-de-aviao-com-62-pessoas\/#respond"]}]},{"@type":"WebPage","@id":"https:\/\/regiaonews.net.br\/2022\/2021\/01\/09\/governo-da-indonesia-confirma-queda-de-aviao-com-62-pessoas\/","url":"https:\/\/regiaonews.net.br\/2022\/2021\/01\/09\/governo-da-indonesia-confirma-queda-de-aviao-com-62-pessoas\/","name":"Governo da Indon\u00e9sia confirma queda de avi\u00e3o com 62 pessoas. - Regi\u00e3o News","isPartOf":{"@id":"https:\/\/regiaonews.net.br\/2022\/#website"},"primaryImageOfPage":{"@id":"https:\/\/regiaonews.net.br\/2022\/2021\/01\/09\/governo-da-indonesia-confirma-queda-de-aviao-com-62-pessoas\/#primaryimage"},"image":{"@id":"https:\/\/regiaonews.net.br\/2022\/2021\/01\/09\/governo-da-indonesia-confirma-queda-de-aviao-com-62-pessoas\/#primaryimage"},"thumbnailUrl":"https:\/\/regiaonews.net.br\/2022\/wp-content\/uploads\/2021\/01\/9jan2021-parentes-de-passageiros-a-bordo-de-aeronave-que-desapareceu-da-sriwijaya-air-esperam-por-noticias-no-aeroporto-de-pontianak-na-indonesia-1610194704634_v2_750x421.jpg","datePublished":"2021-01-09T20:53:17+00:00","breadcrumb":{"@id":"https:\/\/regiaonews.net.br\/2022\/2021\/01\/09\/governo-da-indonesia-confirma-queda-de-aviao-com-62-pessoas\/#breadcrumb"},"inLanguage":"pt-BR","potentialAction":[{"@type":"ReadAction","target":["https:\/\/regiaonews.net.br\/2022\/2021\/01\/09\/governo-da-indonesia-confirma-queda-de-aviao-com-62-pessoas\/"]}]},{"@type":"ImageObject","inLanguage":"pt-BR","@id":"https:\/\/regiaonews.net.br\/2022\/2021\/01\/09\/governo-da-indonesia-confirma-queda-de-aviao-com-62-pessoas\/#primaryimage","url":"https:\/\/regiaonews.net.br\/2022\/wp-content\/uploads\/2021\/01\/9jan2021-parentes-de-passageiros-a-bordo-de-aeronave-que-desapareceu-da-sriwijaya-air-esperam-por-noticias-no-aeroporto-de-pontianak-na-indonesia-1610194704634_v2_750x421.jpg","contentUrl":"https:\/\/regiaonews.net.br\/2022\/wp-content\/uploads\/2021\/01\/9jan2021-parentes-de-passageiros-a-bordo-de-aeronave-que-desapareceu-da-sriwijaya-air-esperam-por-noticias-no-aeroporto-de-pontianak-na-indonesia-1610194704634_v2_750x421.jpg","width":750,"height":421},{"@type":"BreadcrumbList","@id":"https:\/\/regiaonews.net.br\/2022\/2021\/01\/09\/governo-da-indonesia-confirma-queda-de-aviao-com-62-pessoas\/#breadcrumb","itemListElement":[{"@type":"ListItem","position":1,"name":"In\u00edcio","item":"https:\/\/regiaonews.net.br\/2022\/"},{"@type":"ListItem","position":2,"name":"Governo da Indon\u00e9sia confirma queda de avi\u00e3o com 62 pessoas."}]},{"@type":"WebSite","@id":"https:\/\/regiaonews.net.br\/2022\/#website","url":"https:\/\/regiaonews.net.br\/2022\/","name":"Regi\u00e3o News","description":"Site de Not\u00edcias de Barretos e regi\u00e3o","publisher":{"@id":"https:\/\/regiaonews.net.br\/2022\/#organization"},"potentialAction":[{"@type":"SearchAction","target":{"@type":"EntryPoint","urlTemplate":"https:\/\/regiaonews.net.br\/2022\/?s={search_term_string}"},"query-input":{"@type":"PropertyValueSpecification","valueRequired":true,"valueName":"search_term_string"}}],"inLanguage":"pt-BR"},{"@type":"Organization","@id":"https:\/\/regiaonews.net.br\/2022\/#organization","name":"Regi\u00e3o News","url":"https:\/\/regiaonews.net.br\/2022\/","logo":{"@type":"ImageObject","inLanguage":"pt-BR","@id":"https:\/\/regiaonews.net.br\/2022\/#\/schema\/logo\/image\/","url":"https:\/\/regiaonews.net.br\/2022\/wp-content\/uploads\/2026\/03\/regiao-13-anos-scaled.jpg","contentUrl":"https:\/\/regiaonews.net.br\/2022\/wp-content\/uploads\/2026\/03\/regiao-13-anos-scaled.jpg","width":2560,"height":635,"caption":"Regi\u00e3o News"},"image":{"@id":"https:\/\/regiaonews.net.br\/2022\/#\/schema\/logo\/image\/"}},{"@type":"Person","@id":"https:\/\/regiaonews.net.br\/2022\/#\/schema\/person\/2d205a608a5aa97ac279d7a5e6d89ad8","name":"Roberto","image":{"@type":"ImageObject","inLanguage":"pt-BR","@id":"https:\/\/secure.gravatar.com\/avatar\/42749d8b712ff9d59ca93dc150494e5b55a44134482993f5baeb97e61b7ecc89?s=96&d=mm&r=g","url":"https:\/\/secure.gravatar.com\/avatar\/42749d8b712ff9d59ca93dc150494e5b55a44134482993f5baeb97e61b7ecc89?s=96&d=mm&r=g","contentUrl":"https:\/\/secure.gravatar.com\/avatar\/42749d8b712ff9d59ca93dc150494e5b55a44134482993f5baeb97e61b7ecc89?s=96&d=mm&r=g","caption":"Roberto"},"url":"https:\/\/regiaonews.net.br\/2022\/author\/roberto\/"}]}},"publishpress_future_action":{"enabled":false,"date":"2026-05-02 03:45:12","action":"change-status","newStatus":"draft","terms":[],"taxonomy":"category","extraData":[]},"publishpress_future_workflow_manual_trigger":{"enabledWorkflows":[]},"_links":{"self":[{"href":"https:\/\/regiaonews.net.br\/2022\/wp-json\/wp\/v2\/posts\/41580","targetHints":{"allow":["GET"]}}],"collection":[{"href":"https:\/\/regiaonews.net.br\/2022\/wp-json\/wp\/v2\/posts"}],"about":[{"href":"https:\/\/regiaonews.net.br\/2022\/wp-json\/wp\/v2\/types\/post"}],"author":[{"embeddable":true,"href":"https:\/\/regiaonews.net.br\/2022\/wp-json\/wp\/v2\/users\/2"}],"replies":[{"embeddable":true,"href":"https:\/\/regiaonews.net.br\/2022\/wp-json\/wp\/v2\/comments?post=41580"}],"version-history":[{"count":0,"href":"https:\/\/regiaonews.net.br\/2022\/wp-json\/wp\/v2\/posts\/41580\/revisions"}],"wp:featuredmedia":[{"embeddable":true,"href":"https:\/\/regiaonews.net.br\/2022\/wp-json\/wp\/v2\/media\/41581"}],"wp:attachment":[{"href":"https:\/\/regiaonews.net.br\/2022\/wp-json\/wp\/v2\/media?parent=41580"}],"wp:term":[{"taxonomy":"category","embeddable":true,"href":"https:\/\/regiaonews.net.br\/2022\/wp-json\/wp\/v2\/categories?post=41580"},{"taxonomy":"post_tag","embeddable":true,"href":"https:\/\/regiaonews.net.br\/2022\/wp-json\/wp\/v2\/tags?post=41580"}],"curies":[{"name":"wp","href":"https:\/\/api.w.org\/{rel}","templated":true}]}}