{"id":41186,"date":"2020-12-29T15:29:17","date_gmt":"2020-12-29T18:29:17","guid":{"rendered":"https:\/\/regiaonews.net.br\/2022\/?p=41186"},"modified":"2020-12-29T15:29:17","modified_gmt":"2020-12-29T18:29:17","slug":"programa-de-reducao-de-salario-e-suspensao-de-contratos-de-trabalho-termina-nesta-quinta-dia-31","status":"publish","type":"post","link":"https:\/\/regiaonews.net.br\/2022\/2020\/12\/29\/programa-de-reducao-de-salario-e-suspensao-de-contratos-de-trabalho-termina-nesta-quinta-dia-31\/","title":{"rendered":"Programa de redu\u00e7\u00e3o de sal\u00e1rio e suspens\u00e3o de contratos de trabalho termina nesta quinta, dia 31"},"content":{"rendered":"<p><a href=\"https:\/\/regiaonews.net.br\/2022\/wp-content\/uploads\/2017\/07\/empregos-pais.jpg\"><img loading=\"lazy\" decoding=\"async\" class=\"alignnone size-medium wp-image-6228\" src=\"https:\/\/regiaonews.net.br\/2022\/wp-content\/uploads\/2017\/07\/empregos-pais-300x176.jpg\" alt=\"\" width=\"300\" height=\"176\" \/><\/a><\/p>\n<p>O chamado Benef\u00edcio Emergencial de Preserva\u00e7\u00e3o do Emprego e da Renda (BEm), que entrou em vigor em abril, termina nesta quinta-feira (31). Desta forma, as empresas devem encerrar os acordos feitos com os funcion\u00e1rios, seja de redu\u00e7\u00e3o de jornada e sal\u00e1rio ou suspens\u00e3o dos contratos.<br \/>\nDe acordo com advogados trabalhistas, as empresas ter\u00e3o que voltar \u00e0 jornada normal a partir do dia 1\u00ba de janeiro, a n\u00e3o ser que o programa seja prorrogado pelo governo federal.<\/p>\n<p>Segundo especialistas da \u00e1rea do direito trabalhista, os empregados que tiveram o contrato suspenso ou o sal\u00e1rio reduzido t\u00eam direito \u00e0 estabilidade no emprego pelo mesmo per\u00edodo em que tiveram o contrato suspenso ou a redu\u00e7\u00e3o de sal\u00e1rio \u2013 a n\u00e3o ser que sejam demitidos por justa causa. Um trabalhador que teve o contrato suspenso por 60 dias: neste caso, ele teve o direito de permanecer no emprego durante esse prazo e ter\u00e1 mais 60 dias ap\u00f3s o restabelecimento da rela\u00e7\u00e3o contratual. Se houver uma redu\u00e7\u00e3o de jornada durante 3 meses, o trabalhador tem direito de continuar na empresa por mais 3 meses.<\/p>\n","protected":false},"excerpt":{"rendered":"<p>O chamado Benef\u00edcio Emergencial de Preserva\u00e7\u00e3o do Emprego e da<\/p>\n","protected":false},"author":2,"featured_media":6228,"comment_status":"open","ping_status":"open","sticky":false,"template":"","format":"standard","meta":{"footnotes":""},"categories":[24,25,64],"tags":[],"class_list":["post-41186","post","type-post","status-publish","format-standard","has-post-thumbnail","hentry","category-brasil","category-cidades","category-emprego"],"yoast_head":"<!-- This site is optimized with the Yoast SEO plugin v27.4 - https:\/\/yoast.com\/product\/yoast-seo-wordpress\/ -->\n<title>Programa de redu\u00e7\u00e3o de sal\u00e1rio e suspens\u00e3o de contratos de trabalho termina nesta quinta, dia 31 - Regi\u00e3o News<\/title>\n<meta name=\"robots\" content=\"index, follow, max-snippet:-1, max-image-preview:large, max-video-preview:-1\" \/>\n<link rel=\"canonical\" href=\"https:\/\/regiaonews.net.br\/2022\/2020\/12\/29\/programa-de-reducao-de-salario-e-suspensao-de-contratos-de-trabalho-termina-nesta-quinta-dia-31\/\" \/>\n<meta property=\"og:locale\" content=\"pt_BR\" \/>\n<meta property=\"og:type\" content=\"article\" \/>\n<meta property=\"og:title\" content=\"Programa de redu\u00e7\u00e3o de sal\u00e1rio e suspens\u00e3o de contratos de trabalho termina nesta quinta, dia 31 - Regi\u00e3o News\" \/>\n<meta property=\"og:description\" content=\"O chamado Benef\u00edcio Emergencial de Preserva\u00e7\u00e3o do Emprego e da\" \/>\n<meta property=\"og:url\" content=\"https:\/\/regiaonews.net.br\/2022\/2020\/12\/29\/programa-de-reducao-de-salario-e-suspensao-de-contratos-de-trabalho-termina-nesta-quinta-dia-31\/\" \/>\n<meta property=\"og:site_name\" content=\"Regi\u00e3o News\" \/>\n<meta property=\"article:published_time\" content=\"2020-12-29T18:29:17+00:00\" \/>\n<meta property=\"og:image\" content=\"https:\/\/regiaonews.net.br\/2022\/wp-content\/uploads\/2017\/07\/empregos-pais.jpg\" \/>\n\t<meta property=\"og:image:width\" content=\"1280\" \/>\n\t<meta property=\"og:image:height\" content=\"752\" \/>\n\t<meta property=\"og:image:type\" content=\"image\/jpeg\" \/>\n<meta name=\"author\" content=\"Roberto\" \/>\n<meta name=\"twitter:card\" content=\"summary_large_image\" \/>\n<meta name=\"twitter:label1\" content=\"Escrito por\" \/>\n\t<meta name=\"twitter:data1\" content=\"Roberto\" \/>\n\t<meta name=\"twitter:label2\" content=\"Est. tempo de leitura\" \/>\n\t<meta name=\"twitter:data2\" content=\"1 minuto\" \/>\n<script type=\"application\/ld+json\" class=\"yoast-schema-graph\">{\"@context\":\"https:\\\/\\\/schema.org\",\"@graph\":[{\"@type\":\"Article\",\"@id\":\"https:\\\/\\\/regiaonews.net.br\\\/2022\\\/2020\\\/12\\\/29\\\/programa-de-reducao-de-salario-e-suspensao-de-contratos-de-trabalho-termina-nesta-quinta-dia-31\\\/#article\",\"isPartOf\":{\"@id\":\"https:\\\/\\\/regiaonews.net.br\\\/2022\\\/2020\\\/12\\\/29\\\/programa-de-reducao-de-salario-e-suspensao-de-contratos-de-trabalho-termina-nesta-quinta-dia-31\\\/\"},\"author\":{\"name\":\"Roberto\",\"@id\":\"https:\\\/\\\/regiaonews.net.br\\\/2022\\\/#\\\/schema\\\/person\\\/2d205a608a5aa97ac279d7a5e6d89ad8\"},\"headline\":\"Programa de redu\u00e7\u00e3o de sal\u00e1rio e suspens\u00e3o de contratos de trabalho termina nesta quinta, dia 31\",\"datePublished\":\"2020-12-29T18:29:17+00:00\",\"mainEntityOfPage\":{\"@id\":\"https:\\\/\\\/regiaonews.net.br\\\/2022\\\/2020\\\/12\\\/29\\\/programa-de-reducao-de-salario-e-suspensao-de-contratos-de-trabalho-termina-nesta-quinta-dia-31\\\/\"},\"wordCount\":205,\"commentCount\":0,\"publisher\":{\"@id\":\"https:\\\/\\\/regiaonews.net.br\\\/2022\\\/#organization\"},\"image\":{\"@id\":\"https:\\\/\\\/regiaonews.net.br\\\/2022\\\/2020\\\/12\\\/29\\\/programa-de-reducao-de-salario-e-suspensao-de-contratos-de-trabalho-termina-nesta-quinta-dia-31\\\/#primaryimage\"},\"thumbnailUrl\":\"https:\\\/\\\/regiaonews.net.br\\\/2022\\\/wp-content\\\/uploads\\\/2017\\\/07\\\/empregos-pais.jpg\",\"articleSection\":[\"Brasil\",\"Cidades\",\"Emprego\"],\"inLanguage\":\"pt-BR\",\"potentialAction\":[{\"@type\":\"CommentAction\",\"name\":\"Comment\",\"target\":[\"https:\\\/\\\/regiaonews.net.br\\\/2022\\\/2020\\\/12\\\/29\\\/programa-de-reducao-de-salario-e-suspensao-de-contratos-de-trabalho-termina-nesta-quinta-dia-31\\\/#respond\"]}]},{\"@type\":\"WebPage\",\"@id\":\"https:\\\/\\\/regiaonews.net.br\\\/2022\\\/2020\\\/12\\\/29\\\/programa-de-reducao-de-salario-e-suspensao-de-contratos-de-trabalho-termina-nesta-quinta-dia-31\\\/\",\"url\":\"https:\\\/\\\/regiaonews.net.br\\\/2022\\\/2020\\\/12\\\/29\\\/programa-de-reducao-de-salario-e-suspensao-de-contratos-de-trabalho-termina-nesta-quinta-dia-31\\\/\",\"name\":\"Programa de redu\u00e7\u00e3o de sal\u00e1rio e suspens\u00e3o de contratos de trabalho termina nesta quinta, dia 31 - Regi\u00e3o News\",\"isPartOf\":{\"@id\":\"https:\\\/\\\/regiaonews.net.br\\\/2022\\\/#website\"},\"primaryImageOfPage\":{\"@id\":\"https:\\\/\\\/regiaonews.net.br\\\/2022\\\/2020\\\/12\\\/29\\\/programa-de-reducao-de-salario-e-suspensao-de-contratos-de-trabalho-termina-nesta-quinta-dia-31\\\/#primaryimage\"},\"image\":{\"@id\":\"https:\\\/\\\/regiaonews.net.br\\\/2022\\\/2020\\\/12\\\/29\\\/programa-de-reducao-de-salario-e-suspensao-de-contratos-de-trabalho-termina-nesta-quinta-dia-31\\\/#primaryimage\"},\"thumbnailUrl\":\"https:\\\/\\\/regiaonews.net.br\\\/2022\\\/wp-content\\\/uploads\\\/2017\\\/07\\\/empregos-pais.jpg\",\"datePublished\":\"2020-12-29T18:29:17+00:00\",\"breadcrumb\":{\"@id\":\"https:\\\/\\\/regiaonews.net.br\\\/2022\\\/2020\\\/12\\\/29\\\/programa-de-reducao-de-salario-e-suspensao-de-contratos-de-trabalho-termina-nesta-quinta-dia-31\\\/#breadcrumb\"},\"inLanguage\":\"pt-BR\",\"potentialAction\":[{\"@type\":\"ReadAction\",\"target\":[\"https:\\\/\\\/regiaonews.net.br\\\/2022\\\/2020\\\/12\\\/29\\\/programa-de-reducao-de-salario-e-suspensao-de-contratos-de-trabalho-termina-nesta-quinta-dia-31\\\/\"]}]},{\"@type\":\"ImageObject\",\"inLanguage\":\"pt-BR\",\"@id\":\"https:\\\/\\\/regiaonews.net.br\\\/2022\\\/2020\\\/12\\\/29\\\/programa-de-reducao-de-salario-e-suspensao-de-contratos-de-trabalho-termina-nesta-quinta-dia-31\\\/#primaryimage\",\"url\":\"https:\\\/\\\/regiaonews.net.br\\\/2022\\\/wp-content\\\/uploads\\\/2017\\\/07\\\/empregos-pais.jpg\",\"contentUrl\":\"https:\\\/\\\/regiaonews.net.br\\\/2022\\\/wp-content\\\/uploads\\\/2017\\\/07\\\/empregos-pais.jpg\",\"width\":1280,\"height\":752},{\"@type\":\"BreadcrumbList\",\"@id\":\"https:\\\/\\\/regiaonews.net.br\\\/2022\\\/2020\\\/12\\\/29\\\/programa-de-reducao-de-salario-e-suspensao-de-contratos-de-trabalho-termina-nesta-quinta-dia-31\\\/#breadcrumb\",\"itemListElement\":[{\"@type\":\"ListItem\",\"position\":1,\"name\":\"In\u00edcio\",\"item\":\"https:\\\/\\\/regiaonews.net.br\\\/2022\\\/\"},{\"@type\":\"ListItem\",\"position\":2,\"name\":\"Programa de redu\u00e7\u00e3o de sal\u00e1rio e suspens\u00e3o de contratos de trabalho termina nesta quinta, dia 31\"}]},{\"@type\":\"WebSite\",\"@id\":\"https:\\\/\\\/regiaonews.net.br\\\/2022\\\/#website\",\"url\":\"https:\\\/\\\/regiaonews.net.br\\\/2022\\\/\",\"name\":\"Regi\u00e3o News\",\"description\":\"Site de Not\u00edcias de Barretos e regi\u00e3o\",\"publisher\":{\"@id\":\"https:\\\/\\\/regiaonews.net.br\\\/2022\\\/#organization\"},\"potentialAction\":[{\"@type\":\"SearchAction\",\"target\":{\"@type\":\"EntryPoint\",\"urlTemplate\":\"https:\\\/\\\/regiaonews.net.br\\\/2022\\\/?s={search_term_string}\"},\"query-input\":{\"@type\":\"PropertyValueSpecification\",\"valueRequired\":true,\"valueName\":\"search_term_string\"}}],\"inLanguage\":\"pt-BR\"},{\"@type\":\"Organization\",\"@id\":\"https:\\\/\\\/regiaonews.net.br\\\/2022\\\/#organization\",\"name\":\"Regi\u00e3o News\",\"url\":\"https:\\\/\\\/regiaonews.net.br\\\/2022\\\/\",\"logo\":{\"@type\":\"ImageObject\",\"inLanguage\":\"pt-BR\",\"@id\":\"https:\\\/\\\/regiaonews.net.br\\\/2022\\\/#\\\/schema\\\/logo\\\/image\\\/\",\"url\":\"https:\\\/\\\/regiaonews.net.br\\\/2022\\\/wp-content\\\/uploads\\\/2026\\\/03\\\/regiao-13-anos-scaled.jpg\",\"contentUrl\":\"https:\\\/\\\/regiaonews.net.br\\\/2022\\\/wp-content\\\/uploads\\\/2026\\\/03\\\/regiao-13-anos-scaled.jpg\",\"width\":2560,\"height\":635,\"caption\":\"Regi\u00e3o News\"},\"image\":{\"@id\":\"https:\\\/\\\/regiaonews.net.br\\\/2022\\\/#\\\/schema\\\/logo\\\/image\\\/\"}},{\"@type\":\"Person\",\"@id\":\"https:\\\/\\\/regiaonews.net.br\\\/2022\\\/#\\\/schema\\\/person\\\/2d205a608a5aa97ac279d7a5e6d89ad8\",\"name\":\"Roberto\",\"image\":{\"@type\":\"ImageObject\",\"inLanguage\":\"pt-BR\",\"@id\":\"https:\\\/\\\/secure.gravatar.com\\\/avatar\\\/42749d8b712ff9d59ca93dc150494e5b55a44134482993f5baeb97e61b7ecc89?s=96&d=mm&r=g\",\"url\":\"https:\\\/\\\/secure.gravatar.com\\\/avatar\\\/42749d8b712ff9d59ca93dc150494e5b55a44134482993f5baeb97e61b7ecc89?s=96&d=mm&r=g\",\"contentUrl\":\"https:\\\/\\\/secure.gravatar.com\\\/avatar\\\/42749d8b712ff9d59ca93dc150494e5b55a44134482993f5baeb97e61b7ecc89?s=96&d=mm&r=g\",\"caption\":\"Roberto\"},\"url\":\"https:\\\/\\\/regiaonews.net.br\\\/2022\\\/author\\\/roberto\\\/\"}]}<\/script>\n<!-- \/ Yoast SEO plugin. -->","yoast_head_json":{"title":"Programa de redu\u00e7\u00e3o de sal\u00e1rio e suspens\u00e3o de contratos de trabalho termina nesta quinta, dia 31 - Regi\u00e3o News","robots":{"index":"index","follow":"follow","max-snippet":"max-snippet:-1","max-image-preview":"max-image-preview:large","max-video-preview":"max-video-preview:-1"},"canonical":"https:\/\/regiaonews.net.br\/2022\/2020\/12\/29\/programa-de-reducao-de-salario-e-suspensao-de-contratos-de-trabalho-termina-nesta-quinta-dia-31\/","og_locale":"pt_BR","og_type":"article","og_title":"Programa de redu\u00e7\u00e3o de sal\u00e1rio e suspens\u00e3o de contratos de trabalho termina nesta quinta, dia 31 - Regi\u00e3o News","og_description":"O chamado Benef\u00edcio Emergencial de Preserva\u00e7\u00e3o do Emprego e da","og_url":"https:\/\/regiaonews.net.br\/2022\/2020\/12\/29\/programa-de-reducao-de-salario-e-suspensao-de-contratos-de-trabalho-termina-nesta-quinta-dia-31\/","og_site_name":"Regi\u00e3o News","article_published_time":"2020-12-29T18:29:17+00:00","og_image":[{"width":1280,"height":752,"url":"https:\/\/regiaonews.net.br\/2022\/wp-content\/uploads\/2017\/07\/empregos-pais.jpg","type":"image\/jpeg"}],"author":"Roberto","twitter_card":"summary_large_image","twitter_misc":{"Escrito por":"Roberto","Est. tempo de leitura":"1 minuto"},"schema":{"@context":"https:\/\/schema.org","@graph":[{"@type":"Article","@id":"https:\/\/regiaonews.net.br\/2022\/2020\/12\/29\/programa-de-reducao-de-salario-e-suspensao-de-contratos-de-trabalho-termina-nesta-quinta-dia-31\/#article","isPartOf":{"@id":"https:\/\/regiaonews.net.br\/2022\/2020\/12\/29\/programa-de-reducao-de-salario-e-suspensao-de-contratos-de-trabalho-termina-nesta-quinta-dia-31\/"},"author":{"name":"Roberto","@id":"https:\/\/regiaonews.net.br\/2022\/#\/schema\/person\/2d205a608a5aa97ac279d7a5e6d89ad8"},"headline":"Programa de redu\u00e7\u00e3o de sal\u00e1rio e suspens\u00e3o de contratos de trabalho termina nesta quinta, dia 31","datePublished":"2020-12-29T18:29:17+00:00","mainEntityOfPage":{"@id":"https:\/\/regiaonews.net.br\/2022\/2020\/12\/29\/programa-de-reducao-de-salario-e-suspensao-de-contratos-de-trabalho-termina-nesta-quinta-dia-31\/"},"wordCount":205,"commentCount":0,"publisher":{"@id":"https:\/\/regiaonews.net.br\/2022\/#organization"},"image":{"@id":"https:\/\/regiaonews.net.br\/2022\/2020\/12\/29\/programa-de-reducao-de-salario-e-suspensao-de-contratos-de-trabalho-termina-nesta-quinta-dia-31\/#primaryimage"},"thumbnailUrl":"https:\/\/regiaonews.net.br\/2022\/wp-content\/uploads\/2017\/07\/empregos-pais.jpg","articleSection":["Brasil","Cidades","Emprego"],"inLanguage":"pt-BR","potentialAction":[{"@type":"CommentAction","name":"Comment","target":["https:\/\/regiaonews.net.br\/2022\/2020\/12\/29\/programa-de-reducao-de-salario-e-suspensao-de-contratos-de-trabalho-termina-nesta-quinta-dia-31\/#respond"]}]},{"@type":"WebPage","@id":"https:\/\/regiaonews.net.br\/2022\/2020\/12\/29\/programa-de-reducao-de-salario-e-suspensao-de-contratos-de-trabalho-termina-nesta-quinta-dia-31\/","url":"https:\/\/regiaonews.net.br\/2022\/2020\/12\/29\/programa-de-reducao-de-salario-e-suspensao-de-contratos-de-trabalho-termina-nesta-quinta-dia-31\/","name":"Programa de redu\u00e7\u00e3o de sal\u00e1rio e suspens\u00e3o de contratos de trabalho termina nesta quinta, dia 31 - Regi\u00e3o News","isPartOf":{"@id":"https:\/\/regiaonews.net.br\/2022\/#website"},"primaryImageOfPage":{"@id":"https:\/\/regiaonews.net.br\/2022\/2020\/12\/29\/programa-de-reducao-de-salario-e-suspensao-de-contratos-de-trabalho-termina-nesta-quinta-dia-31\/#primaryimage"},"image":{"@id":"https:\/\/regiaonews.net.br\/2022\/2020\/12\/29\/programa-de-reducao-de-salario-e-suspensao-de-contratos-de-trabalho-termina-nesta-quinta-dia-31\/#primaryimage"},"thumbnailUrl":"https:\/\/regiaonews.net.br\/2022\/wp-content\/uploads\/2017\/07\/empregos-pais.jpg","datePublished":"2020-12-29T18:29:17+00:00","breadcrumb":{"@id":"https:\/\/regiaonews.net.br\/2022\/2020\/12\/29\/programa-de-reducao-de-salario-e-suspensao-de-contratos-de-trabalho-termina-nesta-quinta-dia-31\/#breadcrumb"},"inLanguage":"pt-BR","potentialAction":[{"@type":"ReadAction","target":["https:\/\/regiaonews.net.br\/2022\/2020\/12\/29\/programa-de-reducao-de-salario-e-suspensao-de-contratos-de-trabalho-termina-nesta-quinta-dia-31\/"]}]},{"@type":"ImageObject","inLanguage":"pt-BR","@id":"https:\/\/regiaonews.net.br\/2022\/2020\/12\/29\/programa-de-reducao-de-salario-e-suspensao-de-contratos-de-trabalho-termina-nesta-quinta-dia-31\/#primaryimage","url":"https:\/\/regiaonews.net.br\/2022\/wp-content\/uploads\/2017\/07\/empregos-pais.jpg","contentUrl":"https:\/\/regiaonews.net.br\/2022\/wp-content\/uploads\/2017\/07\/empregos-pais.jpg","width":1280,"height":752},{"@type":"BreadcrumbList","@id":"https:\/\/regiaonews.net.br\/2022\/2020\/12\/29\/programa-de-reducao-de-salario-e-suspensao-de-contratos-de-trabalho-termina-nesta-quinta-dia-31\/#breadcrumb","itemListElement":[{"@type":"ListItem","position":1,"name":"In\u00edcio","item":"https:\/\/regiaonews.net.br\/2022\/"},{"@type":"ListItem","position":2,"name":"Programa de redu\u00e7\u00e3o de sal\u00e1rio e suspens\u00e3o de contratos de trabalho termina nesta quinta, dia 31"}]},{"@type":"WebSite","@id":"https:\/\/regiaonews.net.br\/2022\/#website","url":"https:\/\/regiaonews.net.br\/2022\/","name":"Regi\u00e3o News","description":"Site de Not\u00edcias de Barretos e regi\u00e3o","publisher":{"@id":"https:\/\/regiaonews.net.br\/2022\/#organization"},"potentialAction":[{"@type":"SearchAction","target":{"@type":"EntryPoint","urlTemplate":"https:\/\/regiaonews.net.br\/2022\/?s={search_term_string}"},"query-input":{"@type":"PropertyValueSpecification","valueRequired":true,"valueName":"search_term_string"}}],"inLanguage":"pt-BR"},{"@type":"Organization","@id":"https:\/\/regiaonews.net.br\/2022\/#organization","name":"Regi\u00e3o News","url":"https:\/\/regiaonews.net.br\/2022\/","logo":{"@type":"ImageObject","inLanguage":"pt-BR","@id":"https:\/\/regiaonews.net.br\/2022\/#\/schema\/logo\/image\/","url":"https:\/\/regiaonews.net.br\/2022\/wp-content\/uploads\/2026\/03\/regiao-13-anos-scaled.jpg","contentUrl":"https:\/\/regiaonews.net.br\/2022\/wp-content\/uploads\/2026\/03\/regiao-13-anos-scaled.jpg","width":2560,"height":635,"caption":"Regi\u00e3o News"},"image":{"@id":"https:\/\/regiaonews.net.br\/2022\/#\/schema\/logo\/image\/"}},{"@type":"Person","@id":"https:\/\/regiaonews.net.br\/2022\/#\/schema\/person\/2d205a608a5aa97ac279d7a5e6d89ad8","name":"Roberto","image":{"@type":"ImageObject","inLanguage":"pt-BR","@id":"https:\/\/secure.gravatar.com\/avatar\/42749d8b712ff9d59ca93dc150494e5b55a44134482993f5baeb97e61b7ecc89?s=96&d=mm&r=g","url":"https:\/\/secure.gravatar.com\/avatar\/42749d8b712ff9d59ca93dc150494e5b55a44134482993f5baeb97e61b7ecc89?s=96&d=mm&r=g","contentUrl":"https:\/\/secure.gravatar.com\/avatar\/42749d8b712ff9d59ca93dc150494e5b55a44134482993f5baeb97e61b7ecc89?s=96&d=mm&r=g","caption":"Roberto"},"url":"https:\/\/regiaonews.net.br\/2022\/author\/roberto\/"}]}},"publishpress_future_action":{"enabled":false,"date":"2026-05-03 12:34:29","action":"change-status","newStatus":"draft","terms":[],"taxonomy":"category","extraData":[]},"publishpress_future_workflow_manual_trigger":{"enabledWorkflows":[]},"_links":{"self":[{"href":"https:\/\/regiaonews.net.br\/2022\/wp-json\/wp\/v2\/posts\/41186","targetHints":{"allow":["GET"]}}],"collection":[{"href":"https:\/\/regiaonews.net.br\/2022\/wp-json\/wp\/v2\/posts"}],"about":[{"href":"https:\/\/regiaonews.net.br\/2022\/wp-json\/wp\/v2\/types\/post"}],"author":[{"embeddable":true,"href":"https:\/\/regiaonews.net.br\/2022\/wp-json\/wp\/v2\/users\/2"}],"replies":[{"embeddable":true,"href":"https:\/\/regiaonews.net.br\/2022\/wp-json\/wp\/v2\/comments?post=41186"}],"version-history":[{"count":0,"href":"https:\/\/regiaonews.net.br\/2022\/wp-json\/wp\/v2\/posts\/41186\/revisions"}],"wp:featuredmedia":[{"embeddable":true,"href":"https:\/\/regiaonews.net.br\/2022\/wp-json\/wp\/v2\/media\/6228"}],"wp:attachment":[{"href":"https:\/\/regiaonews.net.br\/2022\/wp-json\/wp\/v2\/media?parent=41186"}],"wp:term":[{"taxonomy":"category","embeddable":true,"href":"https:\/\/regiaonews.net.br\/2022\/wp-json\/wp\/v2\/categories?post=41186"},{"taxonomy":"post_tag","embeddable":true,"href":"https:\/\/regiaonews.net.br\/2022\/wp-json\/wp\/v2\/tags?post=41186"}],"curies":[{"name":"wp","href":"https:\/\/api.w.org\/{rel}","templated":true}]}}