{"id":41162,"date":"2020-12-28T11:48:10","date_gmt":"2020-12-28T14:48:10","guid":{"rendered":"https:\/\/regiaonews.net.br\/2022\/?p=41162"},"modified":"2020-12-28T11:48:10","modified_gmt":"2020-12-28T14:48:10","slug":"mourao-faz-balanco-de-acoes-na-amazonia-e-poe-inovacao-nas-prioridades","status":"publish","type":"post","link":"https:\/\/regiaonews.net.br\/2022\/2020\/12\/28\/mourao-faz-balanco-de-acoes-na-amazonia-e-poe-inovacao-nas-prioridades\/","title":{"rendered":"Mour\u00e3o faz balan\u00e7o de a\u00e7\u00f5es na Amaz\u00f4nia e p\u00f5e inova\u00e7\u00e3o nas prioridades"},"content":{"rendered":"<div class=\"col-lg-12 mb-3\">\n<div class=\"row\">\n<h2 class=\"col-10 offset-1 animated fadeInDown dealy-750 display-6 display-md-4 display-lg-5 font-weight-bold alt-font text-center my-1\"><\/h2>\n<h3><\/h3>\n<h3><\/h3>\n<h3 class=\"col-10 offset-1 animated fadeInDown dealy-900 display-8 display-md-8 alt-font font-italic my-1 text-center\">Vice-presidente diz que Amaz\u00f4nia sofria aus\u00eancia do Estado<\/h3>\n<\/div>\n<figure id=\"attachment_41163\" aria-describedby=\"caption-attachment-41163\" style=\"width: 300px\" class=\"wp-caption alignnone\"><a href=\"https:\/\/regiaonews.net.br\/2022\/wp-content\/uploads\/2020\/12\/pzzb7965.jpg\"><img loading=\"lazy\" decoding=\"async\" class=\"size-medium wp-image-41163\" src=\"https:\/\/regiaonews.net.br\/2022\/wp-content\/uploads\/2020\/12\/pzzb7965-300x179.jpg\" alt=\"\" width=\"300\" height=\"179\" \/><\/a><figcaption id=\"caption-attachment-41163\" class=\"wp-caption-text\">O vice-presidente da Rep\u00fablica e presidente do Conselho Nacional da Amaz\u00f4nia Legal, Hamilton Mour\u00e3o, fala \u00e0 imprensa, ap\u00f3s a terceira reuni\u00e3o do colegiado, no Pal\u00e1cio Itamaraty em Bras\u00edlia<\/figcaption><\/figure>\n<ul class=\"divider social-icons si-border round si-colored-bg-on-hover my-3\">Publicado em 27\/12\/2020 &#8211; 17:59 Por Ag\u00eancia Brasil &#8211; Bras\u00edlia<\/ul>\n<\/div>\n<div class=\"col-xl-7 offset-xl-1 col-lg-8 offset-lg-0 col-md-10 offset-md-1 mb-3\">\n<div class=\"post-item alt-font\">\n<div class=\"post-item-wrap\">\n<p>O vice-presidente Hamilton Mour\u00e3o fez hoje (27)\u00a0um\u00a0<a href=\"https:\/\/www.gov.br\/planalto\/pt-br\/conheca-a-vice-presidencia\/discursos-pronunciamentos-artigos\/tudo-pela-amazonia\" target=\"_blank\" rel=\"noopener noreferrer\">balan\u00e7o da atua\u00e7\u00e3o do governo<\/a>\u00a0na Amaz\u00f4nia Legal desde o in\u00edcio de sua gest\u00e3o e elencou o que o aguarda ano que vem. Segundo Mour\u00e3o, em 2021 as prioridades para a\u00a0regi\u00e3o ser\u00e3o o monitoramento e combate a crimes ambientais e fundi\u00e1rios; fortalecimento das ag\u00eancias ambientais; incremento de fontes de financiamento; regulariza\u00e7\u00e3o fundi\u00e1ria e ordenamento territorial; e est\u00edmulo \u00e0 inova\u00e7\u00e3o e \u00e0 bioeconomia.<img decoding=\"async\" src=\"https:\/\/agenciabrasil.ebc.com.br\/ebc.png?id=1397421&amp;o=node\" \/><img decoding=\"async\" src=\"https:\/\/agenciabrasil.ebc.com.br\/ebc.gif?id=1397421&amp;o=node\" \/><\/p>\n<p>\u201cA Amaz\u00f4nia sofria com aus\u00eancia do Estado, projetos inconsistentes e cren\u00e7as ambientais equivocadas que, por anos, foram deliberadamente plantadas e cultivadas na mente dos brasileiros como verdadeiras. Por ser uma regi\u00e3o distante e de dif\u00edcil acesso que poucas pessoas de fato conheciam, muitas acabaram aceitando essas verdades criadas por especialistas de suas vontades, plantadas como \u201cboas sementes\u201d e cuidadosamente regadas at\u00e9 criarem ra\u00edzes\u201d, argumentou o vice-presidente.<\/p>\n<p>Mour\u00e3o destacou a recria\u00e7\u00e3o do Conselho Nacional da Amaz\u00f4nia Legal (CNAL) em fevereiro deste ano e a sua atua\u00e7\u00e3o na presid\u00eancia do conselho.<\/p>\n<p>\u201cCom exce\u00e7\u00e3o do Tocantins, visitei todos os estados da Amaz\u00f4nia Legal para conhecer as suas realidades, ouvir as preocupa\u00e7\u00f5es e demandas dos governadores e sociedade e alinhar a\u00e7\u00f5es. Apresentei a embaixadores estrangeiros os verdadeiros \u00edndices brasileiros de preserva\u00e7\u00e3o ambiental (84% da vegeta\u00e7\u00e3o nativa na Amaz\u00f4nia e 66% em todo o territ\u00f3rio nacional) e os levei para verificar in loco a complexidade, desafios, oportunidades e projetos da regi\u00e3o\u201d, destacou.<\/p>\n<p>O vice-presidente ressaltou ainda a atua\u00e7\u00e3o diante do Comit\u00ea Interministerial sobre Mudan\u00e7a do Clima, com a cria\u00e7\u00e3o da Comiss\u00e3o Brasileira da Organiza\u00e7\u00e3o do Tratado de Coopera\u00e7\u00e3o Amaz\u00f4nica como comiss\u00e3o permanente do CNAL.<\/p>\n<p>Outra linha de atua\u00e7\u00e3o destacada por Mour\u00e3o foi a\u00a0<a href=\"https:\/\/agenciabrasil.ebc.com.br\/tags\/operacao-verde-brasil-2\" target=\"_blank\" rel=\"noopener noreferrer\">Opera\u00e7\u00e3o Verde Brasil 2<\/a>, realizada em parceria com as For\u00e7as Armadas em apoio aos \u00f3rg\u00e3os de seguran\u00e7a e fiscaliza\u00e7\u00e3o estaduais e federais.<\/p>\n<p>\u201cAvan\u00e7amos no combate a crimes ambientais e outros il\u00edcitos, obtendo resultados expressivos, como na apreens\u00e3o de madeira ilegal (187,147 m3), embarca\u00e7\u00f5es (1.518), minerais (154.050.045 kg), drogas (392 kg), tratores (261); e nos \u00edndices de desmatamento, que est\u00e3o em queda desde junho, na faixa de 20% a 30%, com exce\u00e7\u00e3o de outubro que teve um pico, mas voltando a cair 44% em novembro em rela\u00e7\u00e3o ao mesmo per\u00edodo de 2019\u201d, afirmou.<\/p>\n<p>fonte : Ag\u00eancia Brasil<\/p>\n<\/div>\n<\/div>\n<\/div>\n","protected":false},"excerpt":{"rendered":"<p>Vice-presidente diz que Amaz\u00f4nia sofria aus\u00eancia do Estado Publicado em<\/p>\n","protected":false},"author":2,"featured_media":41163,"comment_status":"open","ping_status":"open","sticky":false,"template":"","format":"standard","meta":{"footnotes":""},"categories":[24,25],"tags":[],"class_list":["post-41162","post","type-post","status-publish","format-standard","has-post-thumbnail","hentry","category-brasil","category-cidades"],"yoast_head":"<!-- This site is optimized with the Yoast SEO plugin v27.4 - https:\/\/yoast.com\/product\/yoast-seo-wordpress\/ -->\n<title>Mour\u00e3o faz balan\u00e7o de a\u00e7\u00f5es na Amaz\u00f4nia e p\u00f5e inova\u00e7\u00e3o nas prioridades - Regi\u00e3o News<\/title>\n<meta name=\"robots\" content=\"index, follow, max-snippet:-1, max-image-preview:large, max-video-preview:-1\" \/>\n<link rel=\"canonical\" href=\"https:\/\/regiaonews.net.br\/2022\/2020\/12\/28\/mourao-faz-balanco-de-acoes-na-amazonia-e-poe-inovacao-nas-prioridades\/\" \/>\n<meta property=\"og:locale\" content=\"pt_BR\" \/>\n<meta property=\"og:type\" content=\"article\" \/>\n<meta property=\"og:title\" content=\"Mour\u00e3o faz balan\u00e7o de a\u00e7\u00f5es na Amaz\u00f4nia e p\u00f5e inova\u00e7\u00e3o nas prioridades - Regi\u00e3o News\" \/>\n<meta property=\"og:description\" content=\"Vice-presidente diz que Amaz\u00f4nia sofria aus\u00eancia do Estado Publicado em\" \/>\n<meta property=\"og:url\" content=\"https:\/\/regiaonews.net.br\/2022\/2020\/12\/28\/mourao-faz-balanco-de-acoes-na-amazonia-e-poe-inovacao-nas-prioridades\/\" \/>\n<meta property=\"og:site_name\" content=\"Regi\u00e3o News\" \/>\n<meta property=\"article:published_time\" content=\"2020-12-28T14:48:10+00:00\" \/>\n<meta property=\"og:image\" content=\"https:\/\/regiaonews.net.br\/2022\/wp-content\/uploads\/2020\/12\/pzzb7965.jpg\" \/>\n\t<meta property=\"og:image:width\" content=\"1170\" \/>\n\t<meta property=\"og:image:height\" content=\"700\" \/>\n\t<meta property=\"og:image:type\" content=\"image\/jpeg\" \/>\n<meta name=\"author\" content=\"Roberto\" \/>\n<meta name=\"twitter:card\" content=\"summary_large_image\" \/>\n<meta name=\"twitter:label1\" content=\"Escrito por\" \/>\n\t<meta name=\"twitter:data1\" content=\"Roberto\" \/>\n\t<meta name=\"twitter:label2\" content=\"Est. tempo de leitura\" \/>\n\t<meta name=\"twitter:data2\" content=\"2 minutos\" \/>\n<script type=\"application\/ld+json\" class=\"yoast-schema-graph\">{\"@context\":\"https:\\\/\\\/schema.org\",\"@graph\":[{\"@type\":\"Article\",\"@id\":\"https:\\\/\\\/regiaonews.net.br\\\/2022\\\/2020\\\/12\\\/28\\\/mourao-faz-balanco-de-acoes-na-amazonia-e-poe-inovacao-nas-prioridades\\\/#article\",\"isPartOf\":{\"@id\":\"https:\\\/\\\/regiaonews.net.br\\\/2022\\\/2020\\\/12\\\/28\\\/mourao-faz-balanco-de-acoes-na-amazonia-e-poe-inovacao-nas-prioridades\\\/\"},\"author\":{\"name\":\"Roberto\",\"@id\":\"https:\\\/\\\/regiaonews.net.br\\\/2022\\\/#\\\/schema\\\/person\\\/2d205a608a5aa97ac279d7a5e6d89ad8\"},\"headline\":\"Mour\u00e3o faz balan\u00e7o de a\u00e7\u00f5es na Amaz\u00f4nia e p\u00f5e inova\u00e7\u00e3o nas prioridades\",\"datePublished\":\"2020-12-28T14:48:10+00:00\",\"mainEntityOfPage\":{\"@id\":\"https:\\\/\\\/regiaonews.net.br\\\/2022\\\/2020\\\/12\\\/28\\\/mourao-faz-balanco-de-acoes-na-amazonia-e-poe-inovacao-nas-prioridades\\\/\"},\"wordCount\":486,\"commentCount\":0,\"publisher\":{\"@id\":\"https:\\\/\\\/regiaonews.net.br\\\/2022\\\/#organization\"},\"image\":{\"@id\":\"https:\\\/\\\/regiaonews.net.br\\\/2022\\\/2020\\\/12\\\/28\\\/mourao-faz-balanco-de-acoes-na-amazonia-e-poe-inovacao-nas-prioridades\\\/#primaryimage\"},\"thumbnailUrl\":\"https:\\\/\\\/regiaonews.net.br\\\/2022\\\/wp-content\\\/uploads\\\/2020\\\/12\\\/pzzb7965.jpg\",\"articleSection\":[\"Brasil\",\"Cidades\"],\"inLanguage\":\"pt-BR\",\"potentialAction\":[{\"@type\":\"CommentAction\",\"name\":\"Comment\",\"target\":[\"https:\\\/\\\/regiaonews.net.br\\\/2022\\\/2020\\\/12\\\/28\\\/mourao-faz-balanco-de-acoes-na-amazonia-e-poe-inovacao-nas-prioridades\\\/#respond\"]}]},{\"@type\":\"WebPage\",\"@id\":\"https:\\\/\\\/regiaonews.net.br\\\/2022\\\/2020\\\/12\\\/28\\\/mourao-faz-balanco-de-acoes-na-amazonia-e-poe-inovacao-nas-prioridades\\\/\",\"url\":\"https:\\\/\\\/regiaonews.net.br\\\/2022\\\/2020\\\/12\\\/28\\\/mourao-faz-balanco-de-acoes-na-amazonia-e-poe-inovacao-nas-prioridades\\\/\",\"name\":\"Mour\u00e3o faz balan\u00e7o de a\u00e7\u00f5es na Amaz\u00f4nia e p\u00f5e inova\u00e7\u00e3o nas prioridades - Regi\u00e3o News\",\"isPartOf\":{\"@id\":\"https:\\\/\\\/regiaonews.net.br\\\/2022\\\/#website\"},\"primaryImageOfPage\":{\"@id\":\"https:\\\/\\\/regiaonews.net.br\\\/2022\\\/2020\\\/12\\\/28\\\/mourao-faz-balanco-de-acoes-na-amazonia-e-poe-inovacao-nas-prioridades\\\/#primaryimage\"},\"image\":{\"@id\":\"https:\\\/\\\/regiaonews.net.br\\\/2022\\\/2020\\\/12\\\/28\\\/mourao-faz-balanco-de-acoes-na-amazonia-e-poe-inovacao-nas-prioridades\\\/#primaryimage\"},\"thumbnailUrl\":\"https:\\\/\\\/regiaonews.net.br\\\/2022\\\/wp-content\\\/uploads\\\/2020\\\/12\\\/pzzb7965.jpg\",\"datePublished\":\"2020-12-28T14:48:10+00:00\",\"breadcrumb\":{\"@id\":\"https:\\\/\\\/regiaonews.net.br\\\/2022\\\/2020\\\/12\\\/28\\\/mourao-faz-balanco-de-acoes-na-amazonia-e-poe-inovacao-nas-prioridades\\\/#breadcrumb\"},\"inLanguage\":\"pt-BR\",\"potentialAction\":[{\"@type\":\"ReadAction\",\"target\":[\"https:\\\/\\\/regiaonews.net.br\\\/2022\\\/2020\\\/12\\\/28\\\/mourao-faz-balanco-de-acoes-na-amazonia-e-poe-inovacao-nas-prioridades\\\/\"]}]},{\"@type\":\"ImageObject\",\"inLanguage\":\"pt-BR\",\"@id\":\"https:\\\/\\\/regiaonews.net.br\\\/2022\\\/2020\\\/12\\\/28\\\/mourao-faz-balanco-de-acoes-na-amazonia-e-poe-inovacao-nas-prioridades\\\/#primaryimage\",\"url\":\"https:\\\/\\\/regiaonews.net.br\\\/2022\\\/wp-content\\\/uploads\\\/2020\\\/12\\\/pzzb7965.jpg\",\"contentUrl\":\"https:\\\/\\\/regiaonews.net.br\\\/2022\\\/wp-content\\\/uploads\\\/2020\\\/12\\\/pzzb7965.jpg\",\"width\":1170,\"height\":700,\"caption\":\"O vice-presidente da Rep\u00fablica e presidente do Conselho Nacional da Amaz\u00f4nia Legal, Hamilton Mour\u00e3o, fala \u00e0 imprensa, ap\u00f3s a terceira reuni\u00e3o do colegiado, no Pal\u00e1cio Itamaraty em Bras\u00edlia\"},{\"@type\":\"BreadcrumbList\",\"@id\":\"https:\\\/\\\/regiaonews.net.br\\\/2022\\\/2020\\\/12\\\/28\\\/mourao-faz-balanco-de-acoes-na-amazonia-e-poe-inovacao-nas-prioridades\\\/#breadcrumb\",\"itemListElement\":[{\"@type\":\"ListItem\",\"position\":1,\"name\":\"In\u00edcio\",\"item\":\"https:\\\/\\\/regiaonews.net.br\\\/2022\\\/\"},{\"@type\":\"ListItem\",\"position\":2,\"name\":\"Mour\u00e3o faz balan\u00e7o de a\u00e7\u00f5es na Amaz\u00f4nia e p\u00f5e inova\u00e7\u00e3o nas prioridades\"}]},{\"@type\":\"WebSite\",\"@id\":\"https:\\\/\\\/regiaonews.net.br\\\/2022\\\/#website\",\"url\":\"https:\\\/\\\/regiaonews.net.br\\\/2022\\\/\",\"name\":\"Regi\u00e3o News\",\"description\":\"Site de Not\u00edcias de Barretos e regi\u00e3o\",\"publisher\":{\"@id\":\"https:\\\/\\\/regiaonews.net.br\\\/2022\\\/#organization\"},\"potentialAction\":[{\"@type\":\"SearchAction\",\"target\":{\"@type\":\"EntryPoint\",\"urlTemplate\":\"https:\\\/\\\/regiaonews.net.br\\\/2022\\\/?s={search_term_string}\"},\"query-input\":{\"@type\":\"PropertyValueSpecification\",\"valueRequired\":true,\"valueName\":\"search_term_string\"}}],\"inLanguage\":\"pt-BR\"},{\"@type\":\"Organization\",\"@id\":\"https:\\\/\\\/regiaonews.net.br\\\/2022\\\/#organization\",\"name\":\"Regi\u00e3o News\",\"url\":\"https:\\\/\\\/regiaonews.net.br\\\/2022\\\/\",\"logo\":{\"@type\":\"ImageObject\",\"inLanguage\":\"pt-BR\",\"@id\":\"https:\\\/\\\/regiaonews.net.br\\\/2022\\\/#\\\/schema\\\/logo\\\/image\\\/\",\"url\":\"https:\\\/\\\/regiaonews.net.br\\\/2022\\\/wp-content\\\/uploads\\\/2026\\\/03\\\/regiao-13-anos-scaled.jpg\",\"contentUrl\":\"https:\\\/\\\/regiaonews.net.br\\\/2022\\\/wp-content\\\/uploads\\\/2026\\\/03\\\/regiao-13-anos-scaled.jpg\",\"width\":2560,\"height\":635,\"caption\":\"Regi\u00e3o News\"},\"image\":{\"@id\":\"https:\\\/\\\/regiaonews.net.br\\\/2022\\\/#\\\/schema\\\/logo\\\/image\\\/\"}},{\"@type\":\"Person\",\"@id\":\"https:\\\/\\\/regiaonews.net.br\\\/2022\\\/#\\\/schema\\\/person\\\/2d205a608a5aa97ac279d7a5e6d89ad8\",\"name\":\"Roberto\",\"image\":{\"@type\":\"ImageObject\",\"inLanguage\":\"pt-BR\",\"@id\":\"https:\\\/\\\/secure.gravatar.com\\\/avatar\\\/42749d8b712ff9d59ca93dc150494e5b55a44134482993f5baeb97e61b7ecc89?s=96&d=mm&r=g\",\"url\":\"https:\\\/\\\/secure.gravatar.com\\\/avatar\\\/42749d8b712ff9d59ca93dc150494e5b55a44134482993f5baeb97e61b7ecc89?s=96&d=mm&r=g\",\"contentUrl\":\"https:\\\/\\\/secure.gravatar.com\\\/avatar\\\/42749d8b712ff9d59ca93dc150494e5b55a44134482993f5baeb97e61b7ecc89?s=96&d=mm&r=g\",\"caption\":\"Roberto\"},\"url\":\"https:\\\/\\\/regiaonews.net.br\\\/2022\\\/author\\\/roberto\\\/\"}]}<\/script>\n<!-- \/ Yoast SEO plugin. -->","yoast_head_json":{"title":"Mour\u00e3o faz balan\u00e7o de a\u00e7\u00f5es na Amaz\u00f4nia e p\u00f5e inova\u00e7\u00e3o nas prioridades - Regi\u00e3o News","robots":{"index":"index","follow":"follow","max-snippet":"max-snippet:-1","max-image-preview":"max-image-preview:large","max-video-preview":"max-video-preview:-1"},"canonical":"https:\/\/regiaonews.net.br\/2022\/2020\/12\/28\/mourao-faz-balanco-de-acoes-na-amazonia-e-poe-inovacao-nas-prioridades\/","og_locale":"pt_BR","og_type":"article","og_title":"Mour\u00e3o faz balan\u00e7o de a\u00e7\u00f5es na Amaz\u00f4nia e p\u00f5e inova\u00e7\u00e3o nas prioridades - Regi\u00e3o News","og_description":"Vice-presidente diz que Amaz\u00f4nia sofria aus\u00eancia do Estado Publicado em","og_url":"https:\/\/regiaonews.net.br\/2022\/2020\/12\/28\/mourao-faz-balanco-de-acoes-na-amazonia-e-poe-inovacao-nas-prioridades\/","og_site_name":"Regi\u00e3o News","article_published_time":"2020-12-28T14:48:10+00:00","og_image":[{"width":1170,"height":700,"url":"https:\/\/regiaonews.net.br\/2022\/wp-content\/uploads\/2020\/12\/pzzb7965.jpg","type":"image\/jpeg"}],"author":"Roberto","twitter_card":"summary_large_image","twitter_misc":{"Escrito por":"Roberto","Est. tempo de leitura":"2 minutos"},"schema":{"@context":"https:\/\/schema.org","@graph":[{"@type":"Article","@id":"https:\/\/regiaonews.net.br\/2022\/2020\/12\/28\/mourao-faz-balanco-de-acoes-na-amazonia-e-poe-inovacao-nas-prioridades\/#article","isPartOf":{"@id":"https:\/\/regiaonews.net.br\/2022\/2020\/12\/28\/mourao-faz-balanco-de-acoes-na-amazonia-e-poe-inovacao-nas-prioridades\/"},"author":{"name":"Roberto","@id":"https:\/\/regiaonews.net.br\/2022\/#\/schema\/person\/2d205a608a5aa97ac279d7a5e6d89ad8"},"headline":"Mour\u00e3o faz balan\u00e7o de a\u00e7\u00f5es na Amaz\u00f4nia e p\u00f5e inova\u00e7\u00e3o nas prioridades","datePublished":"2020-12-28T14:48:10+00:00","mainEntityOfPage":{"@id":"https:\/\/regiaonews.net.br\/2022\/2020\/12\/28\/mourao-faz-balanco-de-acoes-na-amazonia-e-poe-inovacao-nas-prioridades\/"},"wordCount":486,"commentCount":0,"publisher":{"@id":"https:\/\/regiaonews.net.br\/2022\/#organization"},"image":{"@id":"https:\/\/regiaonews.net.br\/2022\/2020\/12\/28\/mourao-faz-balanco-de-acoes-na-amazonia-e-poe-inovacao-nas-prioridades\/#primaryimage"},"thumbnailUrl":"https:\/\/regiaonews.net.br\/2022\/wp-content\/uploads\/2020\/12\/pzzb7965.jpg","articleSection":["Brasil","Cidades"],"inLanguage":"pt-BR","potentialAction":[{"@type":"CommentAction","name":"Comment","target":["https:\/\/regiaonews.net.br\/2022\/2020\/12\/28\/mourao-faz-balanco-de-acoes-na-amazonia-e-poe-inovacao-nas-prioridades\/#respond"]}]},{"@type":"WebPage","@id":"https:\/\/regiaonews.net.br\/2022\/2020\/12\/28\/mourao-faz-balanco-de-acoes-na-amazonia-e-poe-inovacao-nas-prioridades\/","url":"https:\/\/regiaonews.net.br\/2022\/2020\/12\/28\/mourao-faz-balanco-de-acoes-na-amazonia-e-poe-inovacao-nas-prioridades\/","name":"Mour\u00e3o faz balan\u00e7o de a\u00e7\u00f5es na Amaz\u00f4nia e p\u00f5e inova\u00e7\u00e3o nas prioridades - Regi\u00e3o News","isPartOf":{"@id":"https:\/\/regiaonews.net.br\/2022\/#website"},"primaryImageOfPage":{"@id":"https:\/\/regiaonews.net.br\/2022\/2020\/12\/28\/mourao-faz-balanco-de-acoes-na-amazonia-e-poe-inovacao-nas-prioridades\/#primaryimage"},"image":{"@id":"https:\/\/regiaonews.net.br\/2022\/2020\/12\/28\/mourao-faz-balanco-de-acoes-na-amazonia-e-poe-inovacao-nas-prioridades\/#primaryimage"},"thumbnailUrl":"https:\/\/regiaonews.net.br\/2022\/wp-content\/uploads\/2020\/12\/pzzb7965.jpg","datePublished":"2020-12-28T14:48:10+00:00","breadcrumb":{"@id":"https:\/\/regiaonews.net.br\/2022\/2020\/12\/28\/mourao-faz-balanco-de-acoes-na-amazonia-e-poe-inovacao-nas-prioridades\/#breadcrumb"},"inLanguage":"pt-BR","potentialAction":[{"@type":"ReadAction","target":["https:\/\/regiaonews.net.br\/2022\/2020\/12\/28\/mourao-faz-balanco-de-acoes-na-amazonia-e-poe-inovacao-nas-prioridades\/"]}]},{"@type":"ImageObject","inLanguage":"pt-BR","@id":"https:\/\/regiaonews.net.br\/2022\/2020\/12\/28\/mourao-faz-balanco-de-acoes-na-amazonia-e-poe-inovacao-nas-prioridades\/#primaryimage","url":"https:\/\/regiaonews.net.br\/2022\/wp-content\/uploads\/2020\/12\/pzzb7965.jpg","contentUrl":"https:\/\/regiaonews.net.br\/2022\/wp-content\/uploads\/2020\/12\/pzzb7965.jpg","width":1170,"height":700,"caption":"O vice-presidente da Rep\u00fablica e presidente do Conselho Nacional da Amaz\u00f4nia Legal, Hamilton Mour\u00e3o, fala \u00e0 imprensa, ap\u00f3s a terceira reuni\u00e3o do colegiado, no Pal\u00e1cio Itamaraty em Bras\u00edlia"},{"@type":"BreadcrumbList","@id":"https:\/\/regiaonews.net.br\/2022\/2020\/12\/28\/mourao-faz-balanco-de-acoes-na-amazonia-e-poe-inovacao-nas-prioridades\/#breadcrumb","itemListElement":[{"@type":"ListItem","position":1,"name":"In\u00edcio","item":"https:\/\/regiaonews.net.br\/2022\/"},{"@type":"ListItem","position":2,"name":"Mour\u00e3o faz balan\u00e7o de a\u00e7\u00f5es na Amaz\u00f4nia e p\u00f5e inova\u00e7\u00e3o nas prioridades"}]},{"@type":"WebSite","@id":"https:\/\/regiaonews.net.br\/2022\/#website","url":"https:\/\/regiaonews.net.br\/2022\/","name":"Regi\u00e3o News","description":"Site de Not\u00edcias de Barretos e regi\u00e3o","publisher":{"@id":"https:\/\/regiaonews.net.br\/2022\/#organization"},"potentialAction":[{"@type":"SearchAction","target":{"@type":"EntryPoint","urlTemplate":"https:\/\/regiaonews.net.br\/2022\/?s={search_term_string}"},"query-input":{"@type":"PropertyValueSpecification","valueRequired":true,"valueName":"search_term_string"}}],"inLanguage":"pt-BR"},{"@type":"Organization","@id":"https:\/\/regiaonews.net.br\/2022\/#organization","name":"Regi\u00e3o News","url":"https:\/\/regiaonews.net.br\/2022\/","logo":{"@type":"ImageObject","inLanguage":"pt-BR","@id":"https:\/\/regiaonews.net.br\/2022\/#\/schema\/logo\/image\/","url":"https:\/\/regiaonews.net.br\/2022\/wp-content\/uploads\/2026\/03\/regiao-13-anos-scaled.jpg","contentUrl":"https:\/\/regiaonews.net.br\/2022\/wp-content\/uploads\/2026\/03\/regiao-13-anos-scaled.jpg","width":2560,"height":635,"caption":"Regi\u00e3o News"},"image":{"@id":"https:\/\/regiaonews.net.br\/2022\/#\/schema\/logo\/image\/"}},{"@type":"Person","@id":"https:\/\/regiaonews.net.br\/2022\/#\/schema\/person\/2d205a608a5aa97ac279d7a5e6d89ad8","name":"Roberto","image":{"@type":"ImageObject","inLanguage":"pt-BR","@id":"https:\/\/secure.gravatar.com\/avatar\/42749d8b712ff9d59ca93dc150494e5b55a44134482993f5baeb97e61b7ecc89?s=96&d=mm&r=g","url":"https:\/\/secure.gravatar.com\/avatar\/42749d8b712ff9d59ca93dc150494e5b55a44134482993f5baeb97e61b7ecc89?s=96&d=mm&r=g","contentUrl":"https:\/\/secure.gravatar.com\/avatar\/42749d8b712ff9d59ca93dc150494e5b55a44134482993f5baeb97e61b7ecc89?s=96&d=mm&r=g","caption":"Roberto"},"url":"https:\/\/regiaonews.net.br\/2022\/author\/roberto\/"}]}},"publishpress_future_action":{"enabled":false,"date":"2026-05-03 03:43:26","action":"change-status","newStatus":"draft","terms":[],"taxonomy":"category","extraData":[]},"publishpress_future_workflow_manual_trigger":{"enabledWorkflows":[]},"_links":{"self":[{"href":"https:\/\/regiaonews.net.br\/2022\/wp-json\/wp\/v2\/posts\/41162","targetHints":{"allow":["GET"]}}],"collection":[{"href":"https:\/\/regiaonews.net.br\/2022\/wp-json\/wp\/v2\/posts"}],"about":[{"href":"https:\/\/regiaonews.net.br\/2022\/wp-json\/wp\/v2\/types\/post"}],"author":[{"embeddable":true,"href":"https:\/\/regiaonews.net.br\/2022\/wp-json\/wp\/v2\/users\/2"}],"replies":[{"embeddable":true,"href":"https:\/\/regiaonews.net.br\/2022\/wp-json\/wp\/v2\/comments?post=41162"}],"version-history":[{"count":0,"href":"https:\/\/regiaonews.net.br\/2022\/wp-json\/wp\/v2\/posts\/41162\/revisions"}],"wp:featuredmedia":[{"embeddable":true,"href":"https:\/\/regiaonews.net.br\/2022\/wp-json\/wp\/v2\/media\/41163"}],"wp:attachment":[{"href":"https:\/\/regiaonews.net.br\/2022\/wp-json\/wp\/v2\/media?parent=41162"}],"wp:term":[{"taxonomy":"category","embeddable":true,"href":"https:\/\/regiaonews.net.br\/2022\/wp-json\/wp\/v2\/categories?post=41162"},{"taxonomy":"post_tag","embeddable":true,"href":"https:\/\/regiaonews.net.br\/2022\/wp-json\/wp\/v2\/tags?post=41162"}],"curies":[{"name":"wp","href":"https:\/\/api.w.org\/{rel}","templated":true}]}}