{"id":41159,"date":"2020-12-28T11:36:40","date_gmt":"2020-12-28T14:36:40","guid":{"rendered":"https:\/\/regiaonews.net.br\/2022\/?p=41159"},"modified":"2020-12-28T11:37:05","modified_gmt":"2020-12-28T14:37:05","slug":"governo-do-estado-anuncia-contratacao-de-2-500-novas-cameras-corporais-para-a-policia-militar","status":"publish","type":"post","link":"https:\/\/regiaonews.net.br\/2022\/2020\/12\/28\/governo-do-estado-anuncia-contratacao-de-2-500-novas-cameras-corporais-para-a-policia-militar\/","title":{"rendered":"Governo do Estado anuncia contrata\u00e7\u00e3o de 2.500 novas c\u00e2meras corporais para a Pol\u00edcia Militar"},"content":{"rendered":"<div>\n<p><a href=\"https:\/\/regiaonews.net.br\/2022\/wp-content\/uploads\/2017\/10\/oficial-pm-sp.jpg\"><img loading=\"lazy\" decoding=\"async\" class=\"size-medium wp-image-8219\" src=\"https:\/\/regiaonews.net.br\/2022\/wp-content\/uploads\/2017\/10\/oficial-pm-sp-300x200.jpg\" alt=\"\" width=\"300\" height=\"200\" \/><\/a><\/p>\n<h2 class=\"titulopreto ng-binding\">Um novo edital para a contrata\u00e7\u00e3o de mais sete mil equipamentos ser\u00e1 lan\u00e7ado em janeiro; objetivo do Governo \u00e9 ter 10 mil bodycams em opera\u00e7\u00e3o j\u00e1 em 2021<\/h2>\n<p>&nbsp;<\/p>\n<h2 class=\"titulopreto ng-binding\"><\/h2>\n<p>&nbsp;<\/p>\n<\/div>\n<div id=\"notCorpo\" class=\"ng-binding\">\n<p>O Governador Jo\u00e3o Doria anunciou nesta segunda-feira (21) a contrata\u00e7\u00e3o de 2.500 novas c\u00e2meras corporais para a Pol\u00edcia Militar do Estado de S\u00e3o Paulo. O novo sistema ter\u00e1 tecnologia para acionamento remoto, localiza\u00e7\u00e3o imediata por GPS, grava\u00e7\u00e3o ininterrupta do turno de servi\u00e7o, com armazenamento do conte\u00fado em nuvem e transmiss\u00e3o das imagens em tempo real para centrais espec\u00edficas, como o Centro de Opera\u00e7\u00f5es da PM (COPOM), garantindo assim o acompanhamento instant\u00e2neo das a\u00e7\u00f5es policiais em diferentes regi\u00f5es do Estado e a sincroniza\u00e7\u00e3o dos fatos com as evid\u00eancias gravadas.<\/p>\n<p>\u201c\u00c9 a mais moderna e atual tecnologia do mundo dispon\u00edvel aqui para a Pol\u00edcia Militar do Estado de S\u00e3o Paulo, que vai permitir o acompanhamento instant\u00e2neo das a\u00e7\u00f5es dos policiais em qualquer regi\u00e3o do Estado. Com isso, melhoramos a qualidade do atendimento das a\u00e7\u00f5es de pronta resposta da pol\u00edcia, garantindo transpar\u00eancia, maior prote\u00e7\u00e3o \u00e0 popula\u00e7\u00e3o e tamb\u00e9m a convic\u00e7\u00e3o de que estaremos, com isso, atendendo a maioria expressiva dos bons policiais que estar\u00e3o utilizando as suas c\u00e2meras corporais para defender vidas\u201d, afirmou Doria.<\/p>\n<p>A expectativa \u00e9 que as novas c\u00e2meras entrem em opera\u00e7\u00e3o j\u00e1 no primeiro trimestre de 2021. O contrato de presta\u00e7\u00e3o de servi\u00e7o ter\u00e1 dura\u00e7\u00e3o prevista de 30 meses e a estimativa \u00e9 que o Governo do Estado invista cerca de R$ 1,2 milh\u00e3o ao m\u00eas na opera\u00e7\u00e3o e gest\u00e3o completa do sistema. J\u00e1 no in\u00edcio do pr\u00f3ximo ano, ser\u00e1 lan\u00e7ado um novo edital para a contrata\u00e7\u00e3o de mais sete mil bodycams. A meta do governo paulista \u00e9 alcan\u00e7ar a marca de 10 mil c\u00e2meras corporais em opera\u00e7\u00e3o at\u00e9 o fim de 2021.<\/p>\n<p>Com capacidade para captar som e imagem, as novas c\u00e2meras corporais contribuem decisivamente para fortalecer a produ\u00e7\u00e3o de provas judiciais durante as mais diversas atividades policiais. Paralelamente, as imagens tamb\u00e9m t\u00eam a fun\u00e7\u00e3o de garantir os direitos individuais dos cidad\u00e3os e preservar a atua\u00e7\u00e3o dos policiais, garantindo mais transpar\u00eancia e legitimidade \u00e0s a\u00e7\u00f5es.<\/p>\n<p>Atualmente, a Pol\u00edcia Militar do Estado de S\u00e3o Paulo j\u00e1 conta com 585 c\u00e2meras port\u00e1teis em opera\u00e7\u00e3o. Essas unidades foram obtidas em parceira com a iniciativa privada e est\u00e3o em uso desde agosto deste ano nas regi\u00f5es central e sul da capital paulista. Neste per\u00edodo, mais de 240 mil v\u00eddeos foram registrados pelas bodycams, incluindo abordagens, salvamentos, entre outros.<\/p>\n<p>\u201cA seguran\u00e7a continua avan\u00e7ando no Estado de S\u00e3o Paulo. Temos os melhores indicadores do Brasil, fruto das opera\u00e7\u00f5es que tem trazido bons resultados, gra\u00e7as aos nossos policiais que est\u00e3o na ponta da linha executando os servi\u00e7os\u201d, disse o Coronel \u00c1lvaro Batista Camilo, secret\u00e1rio executivo da Pol\u00edcia Militar do Estado de S\u00e3o Paulo.<\/p>\n<p><b>Como funciona<\/b><\/p>\n<p>As c\u00e2meras port\u00e1teis s\u00e3o acopladas aos uniformes dos policiais militares e gravam automaticamente todas as atividades policiais durante o turno de servi\u00e7o. Ou seja, todas as abordagens, fiscaliza\u00e7\u00f5es, buscas, varreduras, acidentes e demais intera\u00e7\u00f5es com o p\u00fablico s\u00e3o registradas independentemente da a\u00e7\u00e3o policial. Os dados s\u00e3o transmitidos em tempo real por meio de live streaming ou armazenados na nuvem para serem acessados remotamente por autoridades de seguran\u00e7a e judiciais sempre que necess\u00e1rio.<\/p>\n<p>O recurso do posicionamento global por sat\u00e9lite (GPS) traz um ganho tanto para a produ\u00e7\u00e3o de provas, uma vez que agiliza a sincroniza\u00e7\u00e3o das evid\u00eancias com os fatos, como para a seguran\u00e7a dos policiais. Com o equipamento acoplado ao corpo, o policial pode ter sua posi\u00e7\u00e3o facilmente rastreada e informada com exatid\u00e3o aos demais colegas em servi\u00e7o em situa\u00e7\u00e3o na qual ele precise de apoio.<\/p>\n<p><b>Experi\u00eancia internacional<\/b><\/p>\n<p>H\u00e1 sete anos, a PM de S\u00e3o Paulo desenvolve estudos para o uso das c\u00e2meras corporais durante o patrulhamento. A partir de 2016, a corpora\u00e7\u00e3o passou a promover testes com a tecnologia, al\u00e9m de interc\u00e2mbios com for\u00e7as de seguran\u00e7a de Nova Iorque, Los Angeles, Londres, Chile e Alemanha. A troca de experi\u00eancias com institui\u00e7\u00f5es internacionais contribuiu para a defini\u00e7\u00e3o dos protocolos de uso e da metodologia de implementa\u00e7\u00e3o do sistema em S\u00e3o Paulo.<\/p>\n<\/div>\n<div class=\"clearfix\"><\/div>\n<div class=\"clearfix\"><\/div>\n<div class=\"col-lg-12 col-md-12 col-sm-12 col-xs-12 rightText espacovertical\"><span class=\"ng-binding\">Portal Governo do Estado<\/span><\/div>\n","protected":false},"excerpt":{"rendered":"<p>Um novo edital para a contrata\u00e7\u00e3o de mais sete mil<\/p>\n","protected":false},"author":2,"featured_media":37939,"comment_status":"open","ping_status":"open","sticky":false,"template":"","format":"standard","meta":{"footnotes":""},"categories":[25,7,23],"tags":[],"class_list":["post-41159","post","type-post","status-publish","format-standard","has-post-thumbnail","hentry","category-cidades","category-estado-de-sao-paulo","category-policia"],"yoast_head":"<!-- This site is optimized with the Yoast SEO plugin v27.4 - https:\/\/yoast.com\/product\/yoast-seo-wordpress\/ -->\n<title>Governo do Estado anuncia contrata\u00e7\u00e3o de 2.500 novas c\u00e2meras corporais para a Pol\u00edcia Militar - Regi\u00e3o News<\/title>\n<meta name=\"robots\" content=\"index, follow, max-snippet:-1, max-image-preview:large, max-video-preview:-1\" \/>\n<link rel=\"canonical\" href=\"https:\/\/regiaonews.net.br\/2022\/2020\/12\/28\/governo-do-estado-anuncia-contratacao-de-2-500-novas-cameras-corporais-para-a-policia-militar\/\" \/>\n<meta property=\"og:locale\" content=\"pt_BR\" \/>\n<meta property=\"og:type\" content=\"article\" \/>\n<meta property=\"og:title\" content=\"Governo do Estado anuncia contrata\u00e7\u00e3o de 2.500 novas c\u00e2meras corporais para a Pol\u00edcia Militar - Regi\u00e3o News\" \/>\n<meta property=\"og:description\" content=\"Um novo edital para a contrata\u00e7\u00e3o de mais sete mil\" \/>\n<meta property=\"og:url\" content=\"https:\/\/regiaonews.net.br\/2022\/2020\/12\/28\/governo-do-estado-anuncia-contratacao-de-2-500-novas-cameras-corporais-para-a-policia-militar\/\" \/>\n<meta property=\"og:site_name\" content=\"Regi\u00e3o News\" \/>\n<meta property=\"article:published_time\" content=\"2020-12-28T14:36:40+00:00\" \/>\n<meta property=\"article:modified_time\" content=\"2020-12-28T14:37:05+00:00\" \/>\n<meta property=\"og:image\" content=\"https:\/\/regiaonews.net.br\/2022\/wp-content\/uploads\/2020\/09\/Opera\u00e7\u00e3o-Policia-Militar.jpg\" \/>\n\t<meta property=\"og:image:width\" content=\"1200\" \/>\n\t<meta property=\"og:image:height\" content=\"600\" \/>\n\t<meta property=\"og:image:type\" content=\"image\/jpeg\" \/>\n<meta name=\"author\" content=\"Roberto\" \/>\n<meta name=\"twitter:card\" content=\"summary_large_image\" \/>\n<meta name=\"twitter:label1\" content=\"Escrito por\" \/>\n\t<meta name=\"twitter:data1\" content=\"Roberto\" \/>\n\t<meta name=\"twitter:label2\" content=\"Est. tempo de leitura\" \/>\n\t<meta name=\"twitter:data2\" content=\"4 minutos\" \/>\n<script type=\"application\/ld+json\" class=\"yoast-schema-graph\">{\"@context\":\"https:\\\/\\\/schema.org\",\"@graph\":[{\"@type\":\"Article\",\"@id\":\"https:\\\/\\\/regiaonews.net.br\\\/2022\\\/2020\\\/12\\\/28\\\/governo-do-estado-anuncia-contratacao-de-2-500-novas-cameras-corporais-para-a-policia-militar\\\/#article\",\"isPartOf\":{\"@id\":\"https:\\\/\\\/regiaonews.net.br\\\/2022\\\/2020\\\/12\\\/28\\\/governo-do-estado-anuncia-contratacao-de-2-500-novas-cameras-corporais-para-a-policia-militar\\\/\"},\"author\":{\"name\":\"Roberto\",\"@id\":\"https:\\\/\\\/regiaonews.net.br\\\/2022\\\/#\\\/schema\\\/person\\\/2d205a608a5aa97ac279d7a5e6d89ad8\"},\"headline\":\"Governo do Estado anuncia contrata\u00e7\u00e3o de 2.500 novas c\u00e2meras corporais para a Pol\u00edcia Militar\",\"datePublished\":\"2020-12-28T14:36:40+00:00\",\"dateModified\":\"2020-12-28T14:37:05+00:00\",\"mainEntityOfPage\":{\"@id\":\"https:\\\/\\\/regiaonews.net.br\\\/2022\\\/2020\\\/12\\\/28\\\/governo-do-estado-anuncia-contratacao-de-2-500-novas-cameras-corporais-para-a-policia-militar\\\/\"},\"wordCount\":786,\"commentCount\":0,\"publisher\":{\"@id\":\"https:\\\/\\\/regiaonews.net.br\\\/2022\\\/#organization\"},\"image\":{\"@id\":\"https:\\\/\\\/regiaonews.net.br\\\/2022\\\/2020\\\/12\\\/28\\\/governo-do-estado-anuncia-contratacao-de-2-500-novas-cameras-corporais-para-a-policia-militar\\\/#primaryimage\"},\"thumbnailUrl\":\"https:\\\/\\\/regiaonews.net.br\\\/2022\\\/wp-content\\\/uploads\\\/2020\\\/09\\\/Opera\u00e7\u00e3o-Policia-Militar.jpg\",\"articleSection\":[\"Cidades\",\"Estado de S\u00e3o Paulo\",\"Policia\"],\"inLanguage\":\"pt-BR\",\"potentialAction\":[{\"@type\":\"CommentAction\",\"name\":\"Comment\",\"target\":[\"https:\\\/\\\/regiaonews.net.br\\\/2022\\\/2020\\\/12\\\/28\\\/governo-do-estado-anuncia-contratacao-de-2-500-novas-cameras-corporais-para-a-policia-militar\\\/#respond\"]}]},{\"@type\":\"WebPage\",\"@id\":\"https:\\\/\\\/regiaonews.net.br\\\/2022\\\/2020\\\/12\\\/28\\\/governo-do-estado-anuncia-contratacao-de-2-500-novas-cameras-corporais-para-a-policia-militar\\\/\",\"url\":\"https:\\\/\\\/regiaonews.net.br\\\/2022\\\/2020\\\/12\\\/28\\\/governo-do-estado-anuncia-contratacao-de-2-500-novas-cameras-corporais-para-a-policia-militar\\\/\",\"name\":\"Governo do Estado anuncia contrata\u00e7\u00e3o de 2.500 novas c\u00e2meras corporais para a Pol\u00edcia Militar - Regi\u00e3o News\",\"isPartOf\":{\"@id\":\"https:\\\/\\\/regiaonews.net.br\\\/2022\\\/#website\"},\"primaryImageOfPage\":{\"@id\":\"https:\\\/\\\/regiaonews.net.br\\\/2022\\\/2020\\\/12\\\/28\\\/governo-do-estado-anuncia-contratacao-de-2-500-novas-cameras-corporais-para-a-policia-militar\\\/#primaryimage\"},\"image\":{\"@id\":\"https:\\\/\\\/regiaonews.net.br\\\/2022\\\/2020\\\/12\\\/28\\\/governo-do-estado-anuncia-contratacao-de-2-500-novas-cameras-corporais-para-a-policia-militar\\\/#primaryimage\"},\"thumbnailUrl\":\"https:\\\/\\\/regiaonews.net.br\\\/2022\\\/wp-content\\\/uploads\\\/2020\\\/09\\\/Opera\u00e7\u00e3o-Policia-Militar.jpg\",\"datePublished\":\"2020-12-28T14:36:40+00:00\",\"dateModified\":\"2020-12-28T14:37:05+00:00\",\"breadcrumb\":{\"@id\":\"https:\\\/\\\/regiaonews.net.br\\\/2022\\\/2020\\\/12\\\/28\\\/governo-do-estado-anuncia-contratacao-de-2-500-novas-cameras-corporais-para-a-policia-militar\\\/#breadcrumb\"},\"inLanguage\":\"pt-BR\",\"potentialAction\":[{\"@type\":\"ReadAction\",\"target\":[\"https:\\\/\\\/regiaonews.net.br\\\/2022\\\/2020\\\/12\\\/28\\\/governo-do-estado-anuncia-contratacao-de-2-500-novas-cameras-corporais-para-a-policia-militar\\\/\"]}]},{\"@type\":\"ImageObject\",\"inLanguage\":\"pt-BR\",\"@id\":\"https:\\\/\\\/regiaonews.net.br\\\/2022\\\/2020\\\/12\\\/28\\\/governo-do-estado-anuncia-contratacao-de-2-500-novas-cameras-corporais-para-a-policia-militar\\\/#primaryimage\",\"url\":\"https:\\\/\\\/regiaonews.net.br\\\/2022\\\/wp-content\\\/uploads\\\/2020\\\/09\\\/Opera\u00e7\u00e3o-Policia-Militar.jpg\",\"contentUrl\":\"https:\\\/\\\/regiaonews.net.br\\\/2022\\\/wp-content\\\/uploads\\\/2020\\\/09\\\/Opera\u00e7\u00e3o-Policia-Militar.jpg\",\"width\":1200,\"height\":600},{\"@type\":\"BreadcrumbList\",\"@id\":\"https:\\\/\\\/regiaonews.net.br\\\/2022\\\/2020\\\/12\\\/28\\\/governo-do-estado-anuncia-contratacao-de-2-500-novas-cameras-corporais-para-a-policia-militar\\\/#breadcrumb\",\"itemListElement\":[{\"@type\":\"ListItem\",\"position\":1,\"name\":\"In\u00edcio\",\"item\":\"https:\\\/\\\/regiaonews.net.br\\\/2022\\\/\"},{\"@type\":\"ListItem\",\"position\":2,\"name\":\"Governo do Estado anuncia contrata\u00e7\u00e3o de 2.500 novas c\u00e2meras corporais para a Pol\u00edcia Militar\"}]},{\"@type\":\"WebSite\",\"@id\":\"https:\\\/\\\/regiaonews.net.br\\\/2022\\\/#website\",\"url\":\"https:\\\/\\\/regiaonews.net.br\\\/2022\\\/\",\"name\":\"Regi\u00e3o News\",\"description\":\"Site de Not\u00edcias de Barretos e regi\u00e3o\",\"publisher\":{\"@id\":\"https:\\\/\\\/regiaonews.net.br\\\/2022\\\/#organization\"},\"potentialAction\":[{\"@type\":\"SearchAction\",\"target\":{\"@type\":\"EntryPoint\",\"urlTemplate\":\"https:\\\/\\\/regiaonews.net.br\\\/2022\\\/?s={search_term_string}\"},\"query-input\":{\"@type\":\"PropertyValueSpecification\",\"valueRequired\":true,\"valueName\":\"search_term_string\"}}],\"inLanguage\":\"pt-BR\"},{\"@type\":\"Organization\",\"@id\":\"https:\\\/\\\/regiaonews.net.br\\\/2022\\\/#organization\",\"name\":\"Regi\u00e3o News\",\"url\":\"https:\\\/\\\/regiaonews.net.br\\\/2022\\\/\",\"logo\":{\"@type\":\"ImageObject\",\"inLanguage\":\"pt-BR\",\"@id\":\"https:\\\/\\\/regiaonews.net.br\\\/2022\\\/#\\\/schema\\\/logo\\\/image\\\/\",\"url\":\"https:\\\/\\\/regiaonews.net.br\\\/2022\\\/wp-content\\\/uploads\\\/2026\\\/03\\\/regiao-13-anos-scaled.jpg\",\"contentUrl\":\"https:\\\/\\\/regiaonews.net.br\\\/2022\\\/wp-content\\\/uploads\\\/2026\\\/03\\\/regiao-13-anos-scaled.jpg\",\"width\":2560,\"height\":635,\"caption\":\"Regi\u00e3o News\"},\"image\":{\"@id\":\"https:\\\/\\\/regiaonews.net.br\\\/2022\\\/#\\\/schema\\\/logo\\\/image\\\/\"}},{\"@type\":\"Person\",\"@id\":\"https:\\\/\\\/regiaonews.net.br\\\/2022\\\/#\\\/schema\\\/person\\\/2d205a608a5aa97ac279d7a5e6d89ad8\",\"name\":\"Roberto\",\"image\":{\"@type\":\"ImageObject\",\"inLanguage\":\"pt-BR\",\"@id\":\"https:\\\/\\\/secure.gravatar.com\\\/avatar\\\/42749d8b712ff9d59ca93dc150494e5b55a44134482993f5baeb97e61b7ecc89?s=96&d=mm&r=g\",\"url\":\"https:\\\/\\\/secure.gravatar.com\\\/avatar\\\/42749d8b712ff9d59ca93dc150494e5b55a44134482993f5baeb97e61b7ecc89?s=96&d=mm&r=g\",\"contentUrl\":\"https:\\\/\\\/secure.gravatar.com\\\/avatar\\\/42749d8b712ff9d59ca93dc150494e5b55a44134482993f5baeb97e61b7ecc89?s=96&d=mm&r=g\",\"caption\":\"Roberto\"},\"url\":\"https:\\\/\\\/regiaonews.net.br\\\/2022\\\/author\\\/roberto\\\/\"}]}<\/script>\n<!-- \/ Yoast SEO plugin. -->","yoast_head_json":{"title":"Governo do Estado anuncia contrata\u00e7\u00e3o de 2.500 novas c\u00e2meras corporais para a Pol\u00edcia Militar - Regi\u00e3o News","robots":{"index":"index","follow":"follow","max-snippet":"max-snippet:-1","max-image-preview":"max-image-preview:large","max-video-preview":"max-video-preview:-1"},"canonical":"https:\/\/regiaonews.net.br\/2022\/2020\/12\/28\/governo-do-estado-anuncia-contratacao-de-2-500-novas-cameras-corporais-para-a-policia-militar\/","og_locale":"pt_BR","og_type":"article","og_title":"Governo do Estado anuncia contrata\u00e7\u00e3o de 2.500 novas c\u00e2meras corporais para a Pol\u00edcia Militar - Regi\u00e3o News","og_description":"Um novo edital para a contrata\u00e7\u00e3o de mais sete mil","og_url":"https:\/\/regiaonews.net.br\/2022\/2020\/12\/28\/governo-do-estado-anuncia-contratacao-de-2-500-novas-cameras-corporais-para-a-policia-militar\/","og_site_name":"Regi\u00e3o News","article_published_time":"2020-12-28T14:36:40+00:00","article_modified_time":"2020-12-28T14:37:05+00:00","og_image":[{"width":1200,"height":600,"url":"https:\/\/regiaonews.net.br\/2022\/wp-content\/uploads\/2020\/09\/Opera\u00e7\u00e3o-Policia-Militar.jpg","type":"image\/jpeg"}],"author":"Roberto","twitter_card":"summary_large_image","twitter_misc":{"Escrito por":"Roberto","Est. tempo de leitura":"4 minutos"},"schema":{"@context":"https:\/\/schema.org","@graph":[{"@type":"Article","@id":"https:\/\/regiaonews.net.br\/2022\/2020\/12\/28\/governo-do-estado-anuncia-contratacao-de-2-500-novas-cameras-corporais-para-a-policia-militar\/#article","isPartOf":{"@id":"https:\/\/regiaonews.net.br\/2022\/2020\/12\/28\/governo-do-estado-anuncia-contratacao-de-2-500-novas-cameras-corporais-para-a-policia-militar\/"},"author":{"name":"Roberto","@id":"https:\/\/regiaonews.net.br\/2022\/#\/schema\/person\/2d205a608a5aa97ac279d7a5e6d89ad8"},"headline":"Governo do Estado anuncia contrata\u00e7\u00e3o de 2.500 novas c\u00e2meras corporais para a Pol\u00edcia Militar","datePublished":"2020-12-28T14:36:40+00:00","dateModified":"2020-12-28T14:37:05+00:00","mainEntityOfPage":{"@id":"https:\/\/regiaonews.net.br\/2022\/2020\/12\/28\/governo-do-estado-anuncia-contratacao-de-2-500-novas-cameras-corporais-para-a-policia-militar\/"},"wordCount":786,"commentCount":0,"publisher":{"@id":"https:\/\/regiaonews.net.br\/2022\/#organization"},"image":{"@id":"https:\/\/regiaonews.net.br\/2022\/2020\/12\/28\/governo-do-estado-anuncia-contratacao-de-2-500-novas-cameras-corporais-para-a-policia-militar\/#primaryimage"},"thumbnailUrl":"https:\/\/regiaonews.net.br\/2022\/wp-content\/uploads\/2020\/09\/Opera\u00e7\u00e3o-Policia-Militar.jpg","articleSection":["Cidades","Estado de S\u00e3o Paulo","Policia"],"inLanguage":"pt-BR","potentialAction":[{"@type":"CommentAction","name":"Comment","target":["https:\/\/regiaonews.net.br\/2022\/2020\/12\/28\/governo-do-estado-anuncia-contratacao-de-2-500-novas-cameras-corporais-para-a-policia-militar\/#respond"]}]},{"@type":"WebPage","@id":"https:\/\/regiaonews.net.br\/2022\/2020\/12\/28\/governo-do-estado-anuncia-contratacao-de-2-500-novas-cameras-corporais-para-a-policia-militar\/","url":"https:\/\/regiaonews.net.br\/2022\/2020\/12\/28\/governo-do-estado-anuncia-contratacao-de-2-500-novas-cameras-corporais-para-a-policia-militar\/","name":"Governo do Estado anuncia contrata\u00e7\u00e3o de 2.500 novas c\u00e2meras corporais para a Pol\u00edcia Militar - Regi\u00e3o News","isPartOf":{"@id":"https:\/\/regiaonews.net.br\/2022\/#website"},"primaryImageOfPage":{"@id":"https:\/\/regiaonews.net.br\/2022\/2020\/12\/28\/governo-do-estado-anuncia-contratacao-de-2-500-novas-cameras-corporais-para-a-policia-militar\/#primaryimage"},"image":{"@id":"https:\/\/regiaonews.net.br\/2022\/2020\/12\/28\/governo-do-estado-anuncia-contratacao-de-2-500-novas-cameras-corporais-para-a-policia-militar\/#primaryimage"},"thumbnailUrl":"https:\/\/regiaonews.net.br\/2022\/wp-content\/uploads\/2020\/09\/Opera\u00e7\u00e3o-Policia-Militar.jpg","datePublished":"2020-12-28T14:36:40+00:00","dateModified":"2020-12-28T14:37:05+00:00","breadcrumb":{"@id":"https:\/\/regiaonews.net.br\/2022\/2020\/12\/28\/governo-do-estado-anuncia-contratacao-de-2-500-novas-cameras-corporais-para-a-policia-militar\/#breadcrumb"},"inLanguage":"pt-BR","potentialAction":[{"@type":"ReadAction","target":["https:\/\/regiaonews.net.br\/2022\/2020\/12\/28\/governo-do-estado-anuncia-contratacao-de-2-500-novas-cameras-corporais-para-a-policia-militar\/"]}]},{"@type":"ImageObject","inLanguage":"pt-BR","@id":"https:\/\/regiaonews.net.br\/2022\/2020\/12\/28\/governo-do-estado-anuncia-contratacao-de-2-500-novas-cameras-corporais-para-a-policia-militar\/#primaryimage","url":"https:\/\/regiaonews.net.br\/2022\/wp-content\/uploads\/2020\/09\/Opera\u00e7\u00e3o-Policia-Militar.jpg","contentUrl":"https:\/\/regiaonews.net.br\/2022\/wp-content\/uploads\/2020\/09\/Opera\u00e7\u00e3o-Policia-Militar.jpg","width":1200,"height":600},{"@type":"BreadcrumbList","@id":"https:\/\/regiaonews.net.br\/2022\/2020\/12\/28\/governo-do-estado-anuncia-contratacao-de-2-500-novas-cameras-corporais-para-a-policia-militar\/#breadcrumb","itemListElement":[{"@type":"ListItem","position":1,"name":"In\u00edcio","item":"https:\/\/regiaonews.net.br\/2022\/"},{"@type":"ListItem","position":2,"name":"Governo do Estado anuncia contrata\u00e7\u00e3o de 2.500 novas c\u00e2meras corporais para a Pol\u00edcia Militar"}]},{"@type":"WebSite","@id":"https:\/\/regiaonews.net.br\/2022\/#website","url":"https:\/\/regiaonews.net.br\/2022\/","name":"Regi\u00e3o News","description":"Site de Not\u00edcias de Barretos e regi\u00e3o","publisher":{"@id":"https:\/\/regiaonews.net.br\/2022\/#organization"},"potentialAction":[{"@type":"SearchAction","target":{"@type":"EntryPoint","urlTemplate":"https:\/\/regiaonews.net.br\/2022\/?s={search_term_string}"},"query-input":{"@type":"PropertyValueSpecification","valueRequired":true,"valueName":"search_term_string"}}],"inLanguage":"pt-BR"},{"@type":"Organization","@id":"https:\/\/regiaonews.net.br\/2022\/#organization","name":"Regi\u00e3o News","url":"https:\/\/regiaonews.net.br\/2022\/","logo":{"@type":"ImageObject","inLanguage":"pt-BR","@id":"https:\/\/regiaonews.net.br\/2022\/#\/schema\/logo\/image\/","url":"https:\/\/regiaonews.net.br\/2022\/wp-content\/uploads\/2026\/03\/regiao-13-anos-scaled.jpg","contentUrl":"https:\/\/regiaonews.net.br\/2022\/wp-content\/uploads\/2026\/03\/regiao-13-anos-scaled.jpg","width":2560,"height":635,"caption":"Regi\u00e3o News"},"image":{"@id":"https:\/\/regiaonews.net.br\/2022\/#\/schema\/logo\/image\/"}},{"@type":"Person","@id":"https:\/\/regiaonews.net.br\/2022\/#\/schema\/person\/2d205a608a5aa97ac279d7a5e6d89ad8","name":"Roberto","image":{"@type":"ImageObject","inLanguage":"pt-BR","@id":"https:\/\/secure.gravatar.com\/avatar\/42749d8b712ff9d59ca93dc150494e5b55a44134482993f5baeb97e61b7ecc89?s=96&d=mm&r=g","url":"https:\/\/secure.gravatar.com\/avatar\/42749d8b712ff9d59ca93dc150494e5b55a44134482993f5baeb97e61b7ecc89?s=96&d=mm&r=g","contentUrl":"https:\/\/secure.gravatar.com\/avatar\/42749d8b712ff9d59ca93dc150494e5b55a44134482993f5baeb97e61b7ecc89?s=96&d=mm&r=g","caption":"Roberto"},"url":"https:\/\/regiaonews.net.br\/2022\/author\/roberto\/"}]}},"publishpress_future_action":{"enabled":false,"date":"2026-05-03 02:10:46","action":"change-status","newStatus":"draft","terms":[],"taxonomy":"category","extraData":[]},"publishpress_future_workflow_manual_trigger":{"enabledWorkflows":[]},"_links":{"self":[{"href":"https:\/\/regiaonews.net.br\/2022\/wp-json\/wp\/v2\/posts\/41159","targetHints":{"allow":["GET"]}}],"collection":[{"href":"https:\/\/regiaonews.net.br\/2022\/wp-json\/wp\/v2\/posts"}],"about":[{"href":"https:\/\/regiaonews.net.br\/2022\/wp-json\/wp\/v2\/types\/post"}],"author":[{"embeddable":true,"href":"https:\/\/regiaonews.net.br\/2022\/wp-json\/wp\/v2\/users\/2"}],"replies":[{"embeddable":true,"href":"https:\/\/regiaonews.net.br\/2022\/wp-json\/wp\/v2\/comments?post=41159"}],"version-history":[{"count":0,"href":"https:\/\/regiaonews.net.br\/2022\/wp-json\/wp\/v2\/posts\/41159\/revisions"}],"wp:featuredmedia":[{"embeddable":true,"href":"https:\/\/regiaonews.net.br\/2022\/wp-json\/wp\/v2\/media\/37939"}],"wp:attachment":[{"href":"https:\/\/regiaonews.net.br\/2022\/wp-json\/wp\/v2\/media?parent=41159"}],"wp:term":[{"taxonomy":"category","embeddable":true,"href":"https:\/\/regiaonews.net.br\/2022\/wp-json\/wp\/v2\/categories?post=41159"},{"taxonomy":"post_tag","embeddable":true,"href":"https:\/\/regiaonews.net.br\/2022\/wp-json\/wp\/v2\/tags?post=41159"}],"curies":[{"name":"wp","href":"https:\/\/api.w.org\/{rel}","templated":true}]}}