{"id":41107,"date":"2020-12-26T09:44:04","date_gmt":"2020-12-26T12:44:04","guid":{"rendered":"https:\/\/regiaonews.net.br\/2022\/?p=41107"},"modified":"2020-12-26T09:44:04","modified_gmt":"2020-12-26T12:44:04","slug":"prefeito-em-exercicio-confirma-entrega-de-obras-e-pagamentos-no-final-da-atual-gestao","status":"publish","type":"post","link":"https:\/\/regiaonews.net.br\/2022\/2020\/12\/26\/prefeito-em-exercicio-confirma-entrega-de-obras-e-pagamentos-no-final-da-atual-gestao\/","title":{"rendered":"Prefeito em exerc\u00edcio confirma entrega de \u00a0  obras e pagamentos no final da atual gest\u00e3o \u00a0"},"content":{"rendered":"<p>&nbsp;<\/p>\n<p><strong>\u00a0<\/strong><\/p>\n<p>&nbsp;<\/p>\n<p><a href=\"https:\/\/regiaonews.net.br\/2022\/wp-content\/uploads\/2018\/05\/Vagner-Chiapetti.jpg\"><img loading=\"lazy\" decoding=\"async\" class=\"alignnone size-medium wp-image-12379\" src=\"https:\/\/regiaonews.net.br\/2022\/wp-content\/uploads\/2018\/05\/Vagner-Chiapetti-300x205.jpg\" alt=\"\" width=\"300\" height=\"205\" \/><\/a><\/p>\n<p>Foto \u2013 O prefeito em exerc\u00edcio, Dr. na Prefeitura de Barretos<\/p>\n<p><strong>\u00a0<\/strong><\/p>\n<p>Faltando 8 dias, para o encerramento da atual administra\u00e7\u00e3o, o prefeito em exerc\u00edcio, o m\u00e9dico Vagner Chiapetti (Republicanos), segue conduzindo os trabalhos administrativos frente a Prefeitura de Barretos, com o afastamento do prefeito Guilherme \u00c1vila das fun\u00e7\u00f5es pelo Tribunal de Justi\u00e7a. Em entrevista, o chefe do executivo, confirmou que estar\u00e1 realizando as\u00a0 inaugura\u00e7\u00f5es do Cemup do Ibitu, al\u00e9m da reforma da Pra\u00e7a Francisco Barreto e da expans\u00e3o do\u00a0 Centro Municipal de Reabilita\u00e7\u00e3o, em datas e hor\u00e1rios a serem confirmados.<\/p>\n<p>Segundo o\u00a0 prefeito em exerc\u00edcio, diariamente est\u00e1 despachando em seu gabinete de\u00a0 vice-prefeito, e neste per\u00edodo vem tomando algumas medidas importantes, com a exonera\u00e7\u00e3o de secret\u00e1rios, chefe de gabinetes e assessores que j\u00e1 tinham uma diminui\u00e7\u00e3o das atividades e geraram\u00a0 economia para o munic\u00edpio, sendo\u00a0 mantidas as \u00e1reas de administra\u00e7\u00e3o, controladoria e finan\u00e7as. \u201cEstaremos aqui at\u00e9 o dia 30 de dezembro, eu, junto com os secret\u00e1rios para fechar as contas e saldar d\u00edvidas, preparando a Prefeitura para a gest\u00e3o da nova prefeita. Estamos finalizando de algumas obras, temos empenhos a serem feitas, emendas que est\u00e3o chegando e decis\u00f5es que precisamos tomar neste final de ano.\u00a0 S\u00e3o atos administrativos que s\u00e3o muito importantes\u00a0 para a condu\u00e7\u00e3o do munic\u00edpio, e precisamos estar aqui trabalhando at\u00e9 o \u00faltimo momento\u201d, afirmou Chiapetti.<\/p>\n<p>A Prefeitura estar\u00e1 fechada no per\u00edodo de 24 a 31 de dezembro, contudo as \u00e1reas ess\u00eancias estar\u00e3o funcionando entre o dia 28 a 30 de dezembro, como o\u00a0 Departamento de Receita, D\u00edvida Ativa e o CEAF (Centro de Execu\u00e7\u00e3o e Agiliza\u00e7\u00e3o Fiscal), o hor\u00e1rio de atendimento ao p\u00fablico\u00a0 ser\u00e1 realizado, excepcionalmente das 8h \u00e0s 16h, sendo reservado o hor\u00e1rio das 16h \u00e0s 17h para conclus\u00e3o dos trabalhos internos. \u201cN\u00f3s iremos continuar trabalhando internamente at\u00e9 a passagem para a nova prefeita\u201d, explicou Chiapetti.<\/p>\n<p>Segundo Chipetti, os sal\u00e1rios dos funcion\u00e1rios de dezembro que s\u00e3o pagos em janeiro, ser\u00e3o pagos neste m\u00eas, conforme j\u00e1 havia sido anunciado pelo prefeito Guilherme. \u201cCompromisso assumido, vou honrar e os nossos servidores municipais ter\u00e3o o sal\u00e1rio de janeiro pago ainda neste ano\u201d, finalizou.<\/p>\n<p>&nbsp;<\/p>\n","protected":false},"excerpt":{"rendered":"<p>&nbsp; \u00a0 &nbsp; Foto \u2013 O prefeito em exerc\u00edcio, Dr.<\/p>\n","protected":false},"author":2,"featured_media":12379,"comment_status":"open","ping_status":"open","sticky":false,"template":"","format":"standard","meta":{"footnotes":""},"categories":[14,25,22],"tags":[],"class_list":["post-41107","post","type-post","status-publish","format-standard","has-post-thumbnail","hentry","category-barretos","category-cidades","category-politica"],"yoast_head":"<!-- This site is optimized with the Yoast SEO plugin v27.4 - https:\/\/yoast.com\/product\/yoast-seo-wordpress\/ -->\n<title>Prefeito em exerc\u00edcio confirma entrega de \u00a0 obras e pagamentos no final da atual gest\u00e3o \u00a0 - Regi\u00e3o News<\/title>\n<meta name=\"robots\" content=\"index, follow, max-snippet:-1, max-image-preview:large, max-video-preview:-1\" \/>\n<link rel=\"canonical\" href=\"https:\/\/regiaonews.net.br\/2022\/2020\/12\/26\/prefeito-em-exercicio-confirma-entrega-de-obras-e-pagamentos-no-final-da-atual-gestao\/\" \/>\n<meta property=\"og:locale\" content=\"pt_BR\" \/>\n<meta property=\"og:type\" content=\"article\" \/>\n<meta property=\"og:title\" content=\"Prefeito em exerc\u00edcio confirma entrega de \u00a0 obras e pagamentos no final da atual gest\u00e3o \u00a0 - Regi\u00e3o News\" \/>\n<meta property=\"og:description\" content=\"&nbsp; \u00a0 &nbsp; Foto \u2013 O prefeito em exerc\u00edcio, Dr.\" \/>\n<meta property=\"og:url\" content=\"https:\/\/regiaonews.net.br\/2022\/2020\/12\/26\/prefeito-em-exercicio-confirma-entrega-de-obras-e-pagamentos-no-final-da-atual-gestao\/\" \/>\n<meta property=\"og:site_name\" content=\"Regi\u00e3o News\" \/>\n<meta property=\"article:published_time\" content=\"2020-12-26T12:44:04+00:00\" \/>\n<meta property=\"og:image\" content=\"https:\/\/regiaonews.net.br\/2022\/wp-content\/uploads\/2018\/05\/Vagner-Chiapetti.jpg\" \/>\n\t<meta property=\"og:image:width\" content=\"765\" \/>\n\t<meta property=\"og:image:height\" content=\"524\" \/>\n\t<meta property=\"og:image:type\" content=\"image\/jpeg\" \/>\n<meta name=\"author\" content=\"Roberto\" \/>\n<meta name=\"twitter:card\" content=\"summary_large_image\" \/>\n<meta name=\"twitter:label1\" content=\"Escrito por\" \/>\n\t<meta name=\"twitter:data1\" content=\"Roberto\" \/>\n\t<meta name=\"twitter:label2\" content=\"Est. tempo de leitura\" \/>\n\t<meta name=\"twitter:data2\" content=\"2 minutos\" \/>\n<script type=\"application\/ld+json\" class=\"yoast-schema-graph\">{\"@context\":\"https:\\\/\\\/schema.org\",\"@graph\":[{\"@type\":\"Article\",\"@id\":\"https:\\\/\\\/regiaonews.net.br\\\/2022\\\/2020\\\/12\\\/26\\\/prefeito-em-exercicio-confirma-entrega-de-obras-e-pagamentos-no-final-da-atual-gestao\\\/#article\",\"isPartOf\":{\"@id\":\"https:\\\/\\\/regiaonews.net.br\\\/2022\\\/2020\\\/12\\\/26\\\/prefeito-em-exercicio-confirma-entrega-de-obras-e-pagamentos-no-final-da-atual-gestao\\\/\"},\"author\":{\"name\":\"Roberto\",\"@id\":\"https:\\\/\\\/regiaonews.net.br\\\/2022\\\/#\\\/schema\\\/person\\\/2d205a608a5aa97ac279d7a5e6d89ad8\"},\"headline\":\"Prefeito em exerc\u00edcio confirma entrega de \u00a0 obras e pagamentos no final da atual gest\u00e3o \u00a0\",\"datePublished\":\"2020-12-26T12:44:04+00:00\",\"mainEntityOfPage\":{\"@id\":\"https:\\\/\\\/regiaonews.net.br\\\/2022\\\/2020\\\/12\\\/26\\\/prefeito-em-exercicio-confirma-entrega-de-obras-e-pagamentos-no-final-da-atual-gestao\\\/\"},\"wordCount\":403,\"commentCount\":0,\"publisher\":{\"@id\":\"https:\\\/\\\/regiaonews.net.br\\\/2022\\\/#organization\"},\"image\":{\"@id\":\"https:\\\/\\\/regiaonews.net.br\\\/2022\\\/2020\\\/12\\\/26\\\/prefeito-em-exercicio-confirma-entrega-de-obras-e-pagamentos-no-final-da-atual-gestao\\\/#primaryimage\"},\"thumbnailUrl\":\"https:\\\/\\\/regiaonews.net.br\\\/2022\\\/wp-content\\\/uploads\\\/2018\\\/05\\\/Vagner-Chiapetti.jpg\",\"articleSection\":[\"Barretos\",\"Cidades\",\"Pol\u00edtica\"],\"inLanguage\":\"pt-BR\",\"potentialAction\":[{\"@type\":\"CommentAction\",\"name\":\"Comment\",\"target\":[\"https:\\\/\\\/regiaonews.net.br\\\/2022\\\/2020\\\/12\\\/26\\\/prefeito-em-exercicio-confirma-entrega-de-obras-e-pagamentos-no-final-da-atual-gestao\\\/#respond\"]}]},{\"@type\":\"WebPage\",\"@id\":\"https:\\\/\\\/regiaonews.net.br\\\/2022\\\/2020\\\/12\\\/26\\\/prefeito-em-exercicio-confirma-entrega-de-obras-e-pagamentos-no-final-da-atual-gestao\\\/\",\"url\":\"https:\\\/\\\/regiaonews.net.br\\\/2022\\\/2020\\\/12\\\/26\\\/prefeito-em-exercicio-confirma-entrega-de-obras-e-pagamentos-no-final-da-atual-gestao\\\/\",\"name\":\"Prefeito em exerc\u00edcio confirma entrega de \u00a0 obras e pagamentos no final da atual gest\u00e3o \u00a0 - Regi\u00e3o News\",\"isPartOf\":{\"@id\":\"https:\\\/\\\/regiaonews.net.br\\\/2022\\\/#website\"},\"primaryImageOfPage\":{\"@id\":\"https:\\\/\\\/regiaonews.net.br\\\/2022\\\/2020\\\/12\\\/26\\\/prefeito-em-exercicio-confirma-entrega-de-obras-e-pagamentos-no-final-da-atual-gestao\\\/#primaryimage\"},\"image\":{\"@id\":\"https:\\\/\\\/regiaonews.net.br\\\/2022\\\/2020\\\/12\\\/26\\\/prefeito-em-exercicio-confirma-entrega-de-obras-e-pagamentos-no-final-da-atual-gestao\\\/#primaryimage\"},\"thumbnailUrl\":\"https:\\\/\\\/regiaonews.net.br\\\/2022\\\/wp-content\\\/uploads\\\/2018\\\/05\\\/Vagner-Chiapetti.jpg\",\"datePublished\":\"2020-12-26T12:44:04+00:00\",\"breadcrumb\":{\"@id\":\"https:\\\/\\\/regiaonews.net.br\\\/2022\\\/2020\\\/12\\\/26\\\/prefeito-em-exercicio-confirma-entrega-de-obras-e-pagamentos-no-final-da-atual-gestao\\\/#breadcrumb\"},\"inLanguage\":\"pt-BR\",\"potentialAction\":[{\"@type\":\"ReadAction\",\"target\":[\"https:\\\/\\\/regiaonews.net.br\\\/2022\\\/2020\\\/12\\\/26\\\/prefeito-em-exercicio-confirma-entrega-de-obras-e-pagamentos-no-final-da-atual-gestao\\\/\"]}]},{\"@type\":\"ImageObject\",\"inLanguage\":\"pt-BR\",\"@id\":\"https:\\\/\\\/regiaonews.net.br\\\/2022\\\/2020\\\/12\\\/26\\\/prefeito-em-exercicio-confirma-entrega-de-obras-e-pagamentos-no-final-da-atual-gestao\\\/#primaryimage\",\"url\":\"https:\\\/\\\/regiaonews.net.br\\\/2022\\\/wp-content\\\/uploads\\\/2018\\\/05\\\/Vagner-Chiapetti.jpg\",\"contentUrl\":\"https:\\\/\\\/regiaonews.net.br\\\/2022\\\/wp-content\\\/uploads\\\/2018\\\/05\\\/Vagner-Chiapetti.jpg\",\"width\":765,\"height\":524},{\"@type\":\"BreadcrumbList\",\"@id\":\"https:\\\/\\\/regiaonews.net.br\\\/2022\\\/2020\\\/12\\\/26\\\/prefeito-em-exercicio-confirma-entrega-de-obras-e-pagamentos-no-final-da-atual-gestao\\\/#breadcrumb\",\"itemListElement\":[{\"@type\":\"ListItem\",\"position\":1,\"name\":\"In\u00edcio\",\"item\":\"https:\\\/\\\/regiaonews.net.br\\\/2022\\\/\"},{\"@type\":\"ListItem\",\"position\":2,\"name\":\"Prefeito em exerc\u00edcio confirma entrega de \u00a0 obras e pagamentos no final da atual gest\u00e3o \u00a0\"}]},{\"@type\":\"WebSite\",\"@id\":\"https:\\\/\\\/regiaonews.net.br\\\/2022\\\/#website\",\"url\":\"https:\\\/\\\/regiaonews.net.br\\\/2022\\\/\",\"name\":\"Regi\u00e3o News\",\"description\":\"Site de Not\u00edcias de Barretos e regi\u00e3o\",\"publisher\":{\"@id\":\"https:\\\/\\\/regiaonews.net.br\\\/2022\\\/#organization\"},\"potentialAction\":[{\"@type\":\"SearchAction\",\"target\":{\"@type\":\"EntryPoint\",\"urlTemplate\":\"https:\\\/\\\/regiaonews.net.br\\\/2022\\\/?s={search_term_string}\"},\"query-input\":{\"@type\":\"PropertyValueSpecification\",\"valueRequired\":true,\"valueName\":\"search_term_string\"}}],\"inLanguage\":\"pt-BR\"},{\"@type\":\"Organization\",\"@id\":\"https:\\\/\\\/regiaonews.net.br\\\/2022\\\/#organization\",\"name\":\"Regi\u00e3o News\",\"url\":\"https:\\\/\\\/regiaonews.net.br\\\/2022\\\/\",\"logo\":{\"@type\":\"ImageObject\",\"inLanguage\":\"pt-BR\",\"@id\":\"https:\\\/\\\/regiaonews.net.br\\\/2022\\\/#\\\/schema\\\/logo\\\/image\\\/\",\"url\":\"https:\\\/\\\/regiaonews.net.br\\\/2022\\\/wp-content\\\/uploads\\\/2026\\\/03\\\/regiao-13-anos-scaled.jpg\",\"contentUrl\":\"https:\\\/\\\/regiaonews.net.br\\\/2022\\\/wp-content\\\/uploads\\\/2026\\\/03\\\/regiao-13-anos-scaled.jpg\",\"width\":2560,\"height\":635,\"caption\":\"Regi\u00e3o News\"},\"image\":{\"@id\":\"https:\\\/\\\/regiaonews.net.br\\\/2022\\\/#\\\/schema\\\/logo\\\/image\\\/\"}},{\"@type\":\"Person\",\"@id\":\"https:\\\/\\\/regiaonews.net.br\\\/2022\\\/#\\\/schema\\\/person\\\/2d205a608a5aa97ac279d7a5e6d89ad8\",\"name\":\"Roberto\",\"image\":{\"@type\":\"ImageObject\",\"inLanguage\":\"pt-BR\",\"@id\":\"https:\\\/\\\/secure.gravatar.com\\\/avatar\\\/42749d8b712ff9d59ca93dc150494e5b55a44134482993f5baeb97e61b7ecc89?s=96&d=mm&r=g\",\"url\":\"https:\\\/\\\/secure.gravatar.com\\\/avatar\\\/42749d8b712ff9d59ca93dc150494e5b55a44134482993f5baeb97e61b7ecc89?s=96&d=mm&r=g\",\"contentUrl\":\"https:\\\/\\\/secure.gravatar.com\\\/avatar\\\/42749d8b712ff9d59ca93dc150494e5b55a44134482993f5baeb97e61b7ecc89?s=96&d=mm&r=g\",\"caption\":\"Roberto\"},\"url\":\"https:\\\/\\\/regiaonews.net.br\\\/2022\\\/author\\\/roberto\\\/\"}]}<\/script>\n<!-- \/ Yoast SEO plugin. -->","yoast_head_json":{"title":"Prefeito em exerc\u00edcio confirma entrega de \u00a0 obras e pagamentos no final da atual gest\u00e3o \u00a0 - Regi\u00e3o News","robots":{"index":"index","follow":"follow","max-snippet":"max-snippet:-1","max-image-preview":"max-image-preview:large","max-video-preview":"max-video-preview:-1"},"canonical":"https:\/\/regiaonews.net.br\/2022\/2020\/12\/26\/prefeito-em-exercicio-confirma-entrega-de-obras-e-pagamentos-no-final-da-atual-gestao\/","og_locale":"pt_BR","og_type":"article","og_title":"Prefeito em exerc\u00edcio confirma entrega de \u00a0 obras e pagamentos no final da atual gest\u00e3o \u00a0 - Regi\u00e3o News","og_description":"&nbsp; \u00a0 &nbsp; Foto \u2013 O prefeito em exerc\u00edcio, Dr.","og_url":"https:\/\/regiaonews.net.br\/2022\/2020\/12\/26\/prefeito-em-exercicio-confirma-entrega-de-obras-e-pagamentos-no-final-da-atual-gestao\/","og_site_name":"Regi\u00e3o News","article_published_time":"2020-12-26T12:44:04+00:00","og_image":[{"width":765,"height":524,"url":"https:\/\/regiaonews.net.br\/2022\/wp-content\/uploads\/2018\/05\/Vagner-Chiapetti.jpg","type":"image\/jpeg"}],"author":"Roberto","twitter_card":"summary_large_image","twitter_misc":{"Escrito por":"Roberto","Est. tempo de leitura":"2 minutos"},"schema":{"@context":"https:\/\/schema.org","@graph":[{"@type":"Article","@id":"https:\/\/regiaonews.net.br\/2022\/2020\/12\/26\/prefeito-em-exercicio-confirma-entrega-de-obras-e-pagamentos-no-final-da-atual-gestao\/#article","isPartOf":{"@id":"https:\/\/regiaonews.net.br\/2022\/2020\/12\/26\/prefeito-em-exercicio-confirma-entrega-de-obras-e-pagamentos-no-final-da-atual-gestao\/"},"author":{"name":"Roberto","@id":"https:\/\/regiaonews.net.br\/2022\/#\/schema\/person\/2d205a608a5aa97ac279d7a5e6d89ad8"},"headline":"Prefeito em exerc\u00edcio confirma entrega de \u00a0 obras e pagamentos no final da atual gest\u00e3o \u00a0","datePublished":"2020-12-26T12:44:04+00:00","mainEntityOfPage":{"@id":"https:\/\/regiaonews.net.br\/2022\/2020\/12\/26\/prefeito-em-exercicio-confirma-entrega-de-obras-e-pagamentos-no-final-da-atual-gestao\/"},"wordCount":403,"commentCount":0,"publisher":{"@id":"https:\/\/regiaonews.net.br\/2022\/#organization"},"image":{"@id":"https:\/\/regiaonews.net.br\/2022\/2020\/12\/26\/prefeito-em-exercicio-confirma-entrega-de-obras-e-pagamentos-no-final-da-atual-gestao\/#primaryimage"},"thumbnailUrl":"https:\/\/regiaonews.net.br\/2022\/wp-content\/uploads\/2018\/05\/Vagner-Chiapetti.jpg","articleSection":["Barretos","Cidades","Pol\u00edtica"],"inLanguage":"pt-BR","potentialAction":[{"@type":"CommentAction","name":"Comment","target":["https:\/\/regiaonews.net.br\/2022\/2020\/12\/26\/prefeito-em-exercicio-confirma-entrega-de-obras-e-pagamentos-no-final-da-atual-gestao\/#respond"]}]},{"@type":"WebPage","@id":"https:\/\/regiaonews.net.br\/2022\/2020\/12\/26\/prefeito-em-exercicio-confirma-entrega-de-obras-e-pagamentos-no-final-da-atual-gestao\/","url":"https:\/\/regiaonews.net.br\/2022\/2020\/12\/26\/prefeito-em-exercicio-confirma-entrega-de-obras-e-pagamentos-no-final-da-atual-gestao\/","name":"Prefeito em exerc\u00edcio confirma entrega de \u00a0 obras e pagamentos no final da atual gest\u00e3o \u00a0 - Regi\u00e3o News","isPartOf":{"@id":"https:\/\/regiaonews.net.br\/2022\/#website"},"primaryImageOfPage":{"@id":"https:\/\/regiaonews.net.br\/2022\/2020\/12\/26\/prefeito-em-exercicio-confirma-entrega-de-obras-e-pagamentos-no-final-da-atual-gestao\/#primaryimage"},"image":{"@id":"https:\/\/regiaonews.net.br\/2022\/2020\/12\/26\/prefeito-em-exercicio-confirma-entrega-de-obras-e-pagamentos-no-final-da-atual-gestao\/#primaryimage"},"thumbnailUrl":"https:\/\/regiaonews.net.br\/2022\/wp-content\/uploads\/2018\/05\/Vagner-Chiapetti.jpg","datePublished":"2020-12-26T12:44:04+00:00","breadcrumb":{"@id":"https:\/\/regiaonews.net.br\/2022\/2020\/12\/26\/prefeito-em-exercicio-confirma-entrega-de-obras-e-pagamentos-no-final-da-atual-gestao\/#breadcrumb"},"inLanguage":"pt-BR","potentialAction":[{"@type":"ReadAction","target":["https:\/\/regiaonews.net.br\/2022\/2020\/12\/26\/prefeito-em-exercicio-confirma-entrega-de-obras-e-pagamentos-no-final-da-atual-gestao\/"]}]},{"@type":"ImageObject","inLanguage":"pt-BR","@id":"https:\/\/regiaonews.net.br\/2022\/2020\/12\/26\/prefeito-em-exercicio-confirma-entrega-de-obras-e-pagamentos-no-final-da-atual-gestao\/#primaryimage","url":"https:\/\/regiaonews.net.br\/2022\/wp-content\/uploads\/2018\/05\/Vagner-Chiapetti.jpg","contentUrl":"https:\/\/regiaonews.net.br\/2022\/wp-content\/uploads\/2018\/05\/Vagner-Chiapetti.jpg","width":765,"height":524},{"@type":"BreadcrumbList","@id":"https:\/\/regiaonews.net.br\/2022\/2020\/12\/26\/prefeito-em-exercicio-confirma-entrega-de-obras-e-pagamentos-no-final-da-atual-gestao\/#breadcrumb","itemListElement":[{"@type":"ListItem","position":1,"name":"In\u00edcio","item":"https:\/\/regiaonews.net.br\/2022\/"},{"@type":"ListItem","position":2,"name":"Prefeito em exerc\u00edcio confirma entrega de \u00a0 obras e pagamentos no final da atual gest\u00e3o \u00a0"}]},{"@type":"WebSite","@id":"https:\/\/regiaonews.net.br\/2022\/#website","url":"https:\/\/regiaonews.net.br\/2022\/","name":"Regi\u00e3o News","description":"Site de Not\u00edcias de Barretos e regi\u00e3o","publisher":{"@id":"https:\/\/regiaonews.net.br\/2022\/#organization"},"potentialAction":[{"@type":"SearchAction","target":{"@type":"EntryPoint","urlTemplate":"https:\/\/regiaonews.net.br\/2022\/?s={search_term_string}"},"query-input":{"@type":"PropertyValueSpecification","valueRequired":true,"valueName":"search_term_string"}}],"inLanguage":"pt-BR"},{"@type":"Organization","@id":"https:\/\/regiaonews.net.br\/2022\/#organization","name":"Regi\u00e3o News","url":"https:\/\/regiaonews.net.br\/2022\/","logo":{"@type":"ImageObject","inLanguage":"pt-BR","@id":"https:\/\/regiaonews.net.br\/2022\/#\/schema\/logo\/image\/","url":"https:\/\/regiaonews.net.br\/2022\/wp-content\/uploads\/2026\/03\/regiao-13-anos-scaled.jpg","contentUrl":"https:\/\/regiaonews.net.br\/2022\/wp-content\/uploads\/2026\/03\/regiao-13-anos-scaled.jpg","width":2560,"height":635,"caption":"Regi\u00e3o News"},"image":{"@id":"https:\/\/regiaonews.net.br\/2022\/#\/schema\/logo\/image\/"}},{"@type":"Person","@id":"https:\/\/regiaonews.net.br\/2022\/#\/schema\/person\/2d205a608a5aa97ac279d7a5e6d89ad8","name":"Roberto","image":{"@type":"ImageObject","inLanguage":"pt-BR","@id":"https:\/\/secure.gravatar.com\/avatar\/42749d8b712ff9d59ca93dc150494e5b55a44134482993f5baeb97e61b7ecc89?s=96&d=mm&r=g","url":"https:\/\/secure.gravatar.com\/avatar\/42749d8b712ff9d59ca93dc150494e5b55a44134482993f5baeb97e61b7ecc89?s=96&d=mm&r=g","contentUrl":"https:\/\/secure.gravatar.com\/avatar\/42749d8b712ff9d59ca93dc150494e5b55a44134482993f5baeb97e61b7ecc89?s=96&d=mm&r=g","caption":"Roberto"},"url":"https:\/\/regiaonews.net.br\/2022\/author\/roberto\/"}]}},"publishpress_future_action":{"enabled":false,"date":"2026-05-02 02:23:58","action":"change-status","newStatus":"draft","terms":[],"taxonomy":"category","extraData":[]},"publishpress_future_workflow_manual_trigger":{"enabledWorkflows":[]},"_links":{"self":[{"href":"https:\/\/regiaonews.net.br\/2022\/wp-json\/wp\/v2\/posts\/41107","targetHints":{"allow":["GET"]}}],"collection":[{"href":"https:\/\/regiaonews.net.br\/2022\/wp-json\/wp\/v2\/posts"}],"about":[{"href":"https:\/\/regiaonews.net.br\/2022\/wp-json\/wp\/v2\/types\/post"}],"author":[{"embeddable":true,"href":"https:\/\/regiaonews.net.br\/2022\/wp-json\/wp\/v2\/users\/2"}],"replies":[{"embeddable":true,"href":"https:\/\/regiaonews.net.br\/2022\/wp-json\/wp\/v2\/comments?post=41107"}],"version-history":[{"count":0,"href":"https:\/\/regiaonews.net.br\/2022\/wp-json\/wp\/v2\/posts\/41107\/revisions"}],"wp:featuredmedia":[{"embeddable":true,"href":"https:\/\/regiaonews.net.br\/2022\/wp-json\/wp\/v2\/media\/12379"}],"wp:attachment":[{"href":"https:\/\/regiaonews.net.br\/2022\/wp-json\/wp\/v2\/media?parent=41107"}],"wp:term":[{"taxonomy":"category","embeddable":true,"href":"https:\/\/regiaonews.net.br\/2022\/wp-json\/wp\/v2\/categories?post=41107"},{"taxonomy":"post_tag","embeddable":true,"href":"https:\/\/regiaonews.net.br\/2022\/wp-json\/wp\/v2\/tags?post=41107"}],"curies":[{"name":"wp","href":"https:\/\/api.w.org\/{rel}","templated":true}]}}