{"id":41102,"date":"2020-12-25T12:29:55","date_gmt":"2020-12-25T15:29:55","guid":{"rendered":"https:\/\/regiaonews.net.br\/2022\/?p=41102"},"modified":"2020-12-25T12:29:55","modified_gmt":"2020-12-25T15:29:55","slug":"policia-ambiental-registra-maus-tratos-guaira-e-aplica-multa-de-30-mil","status":"publish","type":"post","link":"https:\/\/regiaonews.net.br\/2022\/2020\/12\/25\/policia-ambiental-registra-maus-tratos-guaira-e-aplica-multa-de-30-mil\/","title":{"rendered":"Pol\u00edcia Ambiental registra maus tratos  Gua\u00edra e aplica multa de 30 mil"},"content":{"rendered":"<p><a href=\"https:\/\/regiaonews.net.br\/2022\/wp-content\/uploads\/2020\/12\/IMG-20201222-WA0335.jpg\"><img loading=\"lazy\" decoding=\"async\" class=\"alignnone size-medium wp-image-41103\" src=\"https:\/\/regiaonews.net.br\/2022\/wp-content\/uploads\/2020\/12\/IMG-20201222-WA0335-300x169.jpg\" alt=\"\" width=\"300\" height=\"169\" \/><\/a> <a href=\"https:\/\/regiaonews.net.br\/2022\/wp-content\/uploads\/2020\/12\/IMG-20201222-WA0334.jpg\"><img loading=\"lazy\" decoding=\"async\" class=\"alignnone size-medium wp-image-41104\" src=\"https:\/\/regiaonews.net.br\/2022\/wp-content\/uploads\/2020\/12\/IMG-20201222-WA0334-300x169.jpg\" alt=\"\" width=\"300\" height=\"169\" \/><\/a> <a href=\"https:\/\/regiaonews.net.br\/2022\/wp-content\/uploads\/2020\/12\/IMG-20201222-WA0338.jpg\"><img loading=\"lazy\" decoding=\"async\" class=\"alignnone size-medium wp-image-41105\" src=\"https:\/\/regiaonews.net.br\/2022\/wp-content\/uploads\/2020\/12\/IMG-20201222-WA0338-300x169.jpg\" alt=\"\" width=\"300\" height=\"169\" \/><\/a><\/p>\n<p>&nbsp;<\/p>\n<p>Durante atendimento a den\u00fancia, em Gua\u00edra, sobre maus tratos em animais dom\u00e9sticos, os policiais ambientais, se deslocaram\u00a0 ao local dos fatos, onde constatou a exist\u00eancia de 10 cachorros, sendo 01 da ra\u00e7a americana e 09 de ra\u00e7a n\u00e3o indefinida, todos confinados em um cercado pequeno e energizado co Choque, expostos ao sol e chuva, sem comida, com \u00e1gua exposta ao sol, desnutridos, com ectoparasitas, al\u00e9m do lugar estar insalubre com acumulo fezes por toda parte.<br \/>\nPerante ao exposto, a ocorr\u00eancia foi apresentada junto \u00e0 autoridade de pol\u00edcia judici\u00e1ria do munic\u00edpio, onde foi elaborado o RDO n\u00b0 1068\/2020 &#8211; praticar ato de abuso a animais, artigo 32 \u00a7 1\u00ba, A da Lei 96p5\/98, permanecendo o infrator preso em flagrante, recolhido e encaminhado para o sistema prisional.<br \/>\nNa esfera administrativa foi elaborado o auto de infra\u00e7\u00e3o ambiental n\u00ba 11242-1, com san\u00e7\u00e3o se multa simples de R$ 30.000,00 por infringir artigo 29 da resolu\u00e7\u00e3o SMA 48\/2014.<br \/>\nOs animais foram apreendidos pela policia judiciaria e depositados para a genitora do infrator.<br \/>\nFoi elaborado laudo por profissional habilitado confirmando os maus tratos.<\/p>\n","protected":false},"excerpt":{"rendered":"<p>&nbsp; Durante atendimento a den\u00fancia, em Gua\u00edra, sobre maus tratos<\/p>\n","protected":false},"author":2,"featured_media":41105,"comment_status":"open","ping_status":"open","sticky":false,"template":"","format":"standard","meta":{"footnotes":""},"categories":[25,8,23],"tags":[],"class_list":["post-41102","post","type-post","status-publish","format-standard","has-post-thumbnail","hentry","category-cidades","category-guaira","category-policia"],"yoast_head":"<!-- This site is optimized with the Yoast SEO plugin v27.4 - https:\/\/yoast.com\/product\/yoast-seo-wordpress\/ -->\n<title>Pol\u00edcia Ambiental registra maus tratos Gua\u00edra e aplica multa de 30 mil - Regi\u00e3o News<\/title>\n<meta name=\"robots\" content=\"index, follow, max-snippet:-1, max-image-preview:large, max-video-preview:-1\" \/>\n<link rel=\"canonical\" href=\"https:\/\/regiaonews.net.br\/2022\/2020\/12\/25\/policia-ambiental-registra-maus-tratos-guaira-e-aplica-multa-de-30-mil\/\" \/>\n<meta property=\"og:locale\" content=\"pt_BR\" \/>\n<meta property=\"og:type\" content=\"article\" \/>\n<meta property=\"og:title\" content=\"Pol\u00edcia Ambiental registra maus tratos Gua\u00edra e aplica multa de 30 mil - Regi\u00e3o News\" \/>\n<meta property=\"og:description\" content=\"&nbsp; Durante atendimento a den\u00fancia, em Gua\u00edra, sobre maus tratos\" \/>\n<meta property=\"og:url\" content=\"https:\/\/regiaonews.net.br\/2022\/2020\/12\/25\/policia-ambiental-registra-maus-tratos-guaira-e-aplica-multa-de-30-mil\/\" \/>\n<meta property=\"og:site_name\" content=\"Regi\u00e3o News\" \/>\n<meta property=\"article:published_time\" content=\"2020-12-25T15:29:55+00:00\" \/>\n<meta property=\"og:image\" content=\"https:\/\/regiaonews.net.br\/2022\/wp-content\/uploads\/2020\/12\/IMG-20201222-WA0338.jpg\" \/>\n\t<meta property=\"og:image:width\" content=\"1280\" \/>\n\t<meta property=\"og:image:height\" content=\"720\" \/>\n\t<meta property=\"og:image:type\" content=\"image\/jpeg\" \/>\n<meta name=\"author\" content=\"Roberto\" \/>\n<meta name=\"twitter:card\" content=\"summary_large_image\" \/>\n<meta name=\"twitter:label1\" content=\"Escrito por\" \/>\n\t<meta name=\"twitter:data1\" content=\"Roberto\" \/>\n\t<meta name=\"twitter:label2\" content=\"Est. tempo de leitura\" \/>\n\t<meta name=\"twitter:data2\" content=\"1 minuto\" \/>\n<script type=\"application\/ld+json\" class=\"yoast-schema-graph\">{\"@context\":\"https:\\\/\\\/schema.org\",\"@graph\":[{\"@type\":\"Article\",\"@id\":\"https:\\\/\\\/regiaonews.net.br\\\/2022\\\/2020\\\/12\\\/25\\\/policia-ambiental-registra-maus-tratos-guaira-e-aplica-multa-de-30-mil\\\/#article\",\"isPartOf\":{\"@id\":\"https:\\\/\\\/regiaonews.net.br\\\/2022\\\/2020\\\/12\\\/25\\\/policia-ambiental-registra-maus-tratos-guaira-e-aplica-multa-de-30-mil\\\/\"},\"author\":{\"name\":\"Roberto\",\"@id\":\"https:\\\/\\\/regiaonews.net.br\\\/2022\\\/#\\\/schema\\\/person\\\/2d205a608a5aa97ac279d7a5e6d89ad8\"},\"headline\":\"Pol\u00edcia Ambiental registra maus tratos Gua\u00edra e aplica multa de 30 mil\",\"datePublished\":\"2020-12-25T15:29:55+00:00\",\"mainEntityOfPage\":{\"@id\":\"https:\\\/\\\/regiaonews.net.br\\\/2022\\\/2020\\\/12\\\/25\\\/policia-ambiental-registra-maus-tratos-guaira-e-aplica-multa-de-30-mil\\\/\"},\"wordCount\":195,\"commentCount\":0,\"publisher\":{\"@id\":\"https:\\\/\\\/regiaonews.net.br\\\/2022\\\/#organization\"},\"image\":{\"@id\":\"https:\\\/\\\/regiaonews.net.br\\\/2022\\\/2020\\\/12\\\/25\\\/policia-ambiental-registra-maus-tratos-guaira-e-aplica-multa-de-30-mil\\\/#primaryimage\"},\"thumbnailUrl\":\"https:\\\/\\\/regiaonews.net.br\\\/2022\\\/wp-content\\\/uploads\\\/2020\\\/12\\\/IMG-20201222-WA0338.jpg\",\"articleSection\":[\"Cidades\",\"Gua\u00edra\",\"Policia\"],\"inLanguage\":\"pt-BR\",\"potentialAction\":[{\"@type\":\"CommentAction\",\"name\":\"Comment\",\"target\":[\"https:\\\/\\\/regiaonews.net.br\\\/2022\\\/2020\\\/12\\\/25\\\/policia-ambiental-registra-maus-tratos-guaira-e-aplica-multa-de-30-mil\\\/#respond\"]}]},{\"@type\":\"WebPage\",\"@id\":\"https:\\\/\\\/regiaonews.net.br\\\/2022\\\/2020\\\/12\\\/25\\\/policia-ambiental-registra-maus-tratos-guaira-e-aplica-multa-de-30-mil\\\/\",\"url\":\"https:\\\/\\\/regiaonews.net.br\\\/2022\\\/2020\\\/12\\\/25\\\/policia-ambiental-registra-maus-tratos-guaira-e-aplica-multa-de-30-mil\\\/\",\"name\":\"Pol\u00edcia Ambiental registra maus tratos Gua\u00edra e aplica multa de 30 mil - Regi\u00e3o News\",\"isPartOf\":{\"@id\":\"https:\\\/\\\/regiaonews.net.br\\\/2022\\\/#website\"},\"primaryImageOfPage\":{\"@id\":\"https:\\\/\\\/regiaonews.net.br\\\/2022\\\/2020\\\/12\\\/25\\\/policia-ambiental-registra-maus-tratos-guaira-e-aplica-multa-de-30-mil\\\/#primaryimage\"},\"image\":{\"@id\":\"https:\\\/\\\/regiaonews.net.br\\\/2022\\\/2020\\\/12\\\/25\\\/policia-ambiental-registra-maus-tratos-guaira-e-aplica-multa-de-30-mil\\\/#primaryimage\"},\"thumbnailUrl\":\"https:\\\/\\\/regiaonews.net.br\\\/2022\\\/wp-content\\\/uploads\\\/2020\\\/12\\\/IMG-20201222-WA0338.jpg\",\"datePublished\":\"2020-12-25T15:29:55+00:00\",\"breadcrumb\":{\"@id\":\"https:\\\/\\\/regiaonews.net.br\\\/2022\\\/2020\\\/12\\\/25\\\/policia-ambiental-registra-maus-tratos-guaira-e-aplica-multa-de-30-mil\\\/#breadcrumb\"},\"inLanguage\":\"pt-BR\",\"potentialAction\":[{\"@type\":\"ReadAction\",\"target\":[\"https:\\\/\\\/regiaonews.net.br\\\/2022\\\/2020\\\/12\\\/25\\\/policia-ambiental-registra-maus-tratos-guaira-e-aplica-multa-de-30-mil\\\/\"]}]},{\"@type\":\"ImageObject\",\"inLanguage\":\"pt-BR\",\"@id\":\"https:\\\/\\\/regiaonews.net.br\\\/2022\\\/2020\\\/12\\\/25\\\/policia-ambiental-registra-maus-tratos-guaira-e-aplica-multa-de-30-mil\\\/#primaryimage\",\"url\":\"https:\\\/\\\/regiaonews.net.br\\\/2022\\\/wp-content\\\/uploads\\\/2020\\\/12\\\/IMG-20201222-WA0338.jpg\",\"contentUrl\":\"https:\\\/\\\/regiaonews.net.br\\\/2022\\\/wp-content\\\/uploads\\\/2020\\\/12\\\/IMG-20201222-WA0338.jpg\",\"width\":1280,\"height\":720},{\"@type\":\"BreadcrumbList\",\"@id\":\"https:\\\/\\\/regiaonews.net.br\\\/2022\\\/2020\\\/12\\\/25\\\/policia-ambiental-registra-maus-tratos-guaira-e-aplica-multa-de-30-mil\\\/#breadcrumb\",\"itemListElement\":[{\"@type\":\"ListItem\",\"position\":1,\"name\":\"In\u00edcio\",\"item\":\"https:\\\/\\\/regiaonews.net.br\\\/2022\\\/\"},{\"@type\":\"ListItem\",\"position\":2,\"name\":\"Pol\u00edcia Ambiental registra maus tratos Gua\u00edra e aplica multa de 30 mil\"}]},{\"@type\":\"WebSite\",\"@id\":\"https:\\\/\\\/regiaonews.net.br\\\/2022\\\/#website\",\"url\":\"https:\\\/\\\/regiaonews.net.br\\\/2022\\\/\",\"name\":\"Regi\u00e3o News\",\"description\":\"Site de Not\u00edcias de Barretos e regi\u00e3o\",\"publisher\":{\"@id\":\"https:\\\/\\\/regiaonews.net.br\\\/2022\\\/#organization\"},\"potentialAction\":[{\"@type\":\"SearchAction\",\"target\":{\"@type\":\"EntryPoint\",\"urlTemplate\":\"https:\\\/\\\/regiaonews.net.br\\\/2022\\\/?s={search_term_string}\"},\"query-input\":{\"@type\":\"PropertyValueSpecification\",\"valueRequired\":true,\"valueName\":\"search_term_string\"}}],\"inLanguage\":\"pt-BR\"},{\"@type\":\"Organization\",\"@id\":\"https:\\\/\\\/regiaonews.net.br\\\/2022\\\/#organization\",\"name\":\"Regi\u00e3o News\",\"url\":\"https:\\\/\\\/regiaonews.net.br\\\/2022\\\/\",\"logo\":{\"@type\":\"ImageObject\",\"inLanguage\":\"pt-BR\",\"@id\":\"https:\\\/\\\/regiaonews.net.br\\\/2022\\\/#\\\/schema\\\/logo\\\/image\\\/\",\"url\":\"https:\\\/\\\/regiaonews.net.br\\\/2022\\\/wp-content\\\/uploads\\\/2026\\\/03\\\/regiao-13-anos-scaled.jpg\",\"contentUrl\":\"https:\\\/\\\/regiaonews.net.br\\\/2022\\\/wp-content\\\/uploads\\\/2026\\\/03\\\/regiao-13-anos-scaled.jpg\",\"width\":2560,\"height\":635,\"caption\":\"Regi\u00e3o News\"},\"image\":{\"@id\":\"https:\\\/\\\/regiaonews.net.br\\\/2022\\\/#\\\/schema\\\/logo\\\/image\\\/\"}},{\"@type\":\"Person\",\"@id\":\"https:\\\/\\\/regiaonews.net.br\\\/2022\\\/#\\\/schema\\\/person\\\/2d205a608a5aa97ac279d7a5e6d89ad8\",\"name\":\"Roberto\",\"image\":{\"@type\":\"ImageObject\",\"inLanguage\":\"pt-BR\",\"@id\":\"https:\\\/\\\/secure.gravatar.com\\\/avatar\\\/42749d8b712ff9d59ca93dc150494e5b55a44134482993f5baeb97e61b7ecc89?s=96&d=mm&r=g\",\"url\":\"https:\\\/\\\/secure.gravatar.com\\\/avatar\\\/42749d8b712ff9d59ca93dc150494e5b55a44134482993f5baeb97e61b7ecc89?s=96&d=mm&r=g\",\"contentUrl\":\"https:\\\/\\\/secure.gravatar.com\\\/avatar\\\/42749d8b712ff9d59ca93dc150494e5b55a44134482993f5baeb97e61b7ecc89?s=96&d=mm&r=g\",\"caption\":\"Roberto\"},\"url\":\"https:\\\/\\\/regiaonews.net.br\\\/2022\\\/author\\\/roberto\\\/\"}]}<\/script>\n<!-- \/ Yoast SEO plugin. -->","yoast_head_json":{"title":"Pol\u00edcia Ambiental registra maus tratos Gua\u00edra e aplica multa de 30 mil - Regi\u00e3o News","robots":{"index":"index","follow":"follow","max-snippet":"max-snippet:-1","max-image-preview":"max-image-preview:large","max-video-preview":"max-video-preview:-1"},"canonical":"https:\/\/regiaonews.net.br\/2022\/2020\/12\/25\/policia-ambiental-registra-maus-tratos-guaira-e-aplica-multa-de-30-mil\/","og_locale":"pt_BR","og_type":"article","og_title":"Pol\u00edcia Ambiental registra maus tratos Gua\u00edra e aplica multa de 30 mil - Regi\u00e3o News","og_description":"&nbsp; Durante atendimento a den\u00fancia, em Gua\u00edra, sobre maus tratos","og_url":"https:\/\/regiaonews.net.br\/2022\/2020\/12\/25\/policia-ambiental-registra-maus-tratos-guaira-e-aplica-multa-de-30-mil\/","og_site_name":"Regi\u00e3o News","article_published_time":"2020-12-25T15:29:55+00:00","og_image":[{"width":1280,"height":720,"url":"https:\/\/regiaonews.net.br\/2022\/wp-content\/uploads\/2020\/12\/IMG-20201222-WA0338.jpg","type":"image\/jpeg"}],"author":"Roberto","twitter_card":"summary_large_image","twitter_misc":{"Escrito por":"Roberto","Est. tempo de leitura":"1 minuto"},"schema":{"@context":"https:\/\/schema.org","@graph":[{"@type":"Article","@id":"https:\/\/regiaonews.net.br\/2022\/2020\/12\/25\/policia-ambiental-registra-maus-tratos-guaira-e-aplica-multa-de-30-mil\/#article","isPartOf":{"@id":"https:\/\/regiaonews.net.br\/2022\/2020\/12\/25\/policia-ambiental-registra-maus-tratos-guaira-e-aplica-multa-de-30-mil\/"},"author":{"name":"Roberto","@id":"https:\/\/regiaonews.net.br\/2022\/#\/schema\/person\/2d205a608a5aa97ac279d7a5e6d89ad8"},"headline":"Pol\u00edcia Ambiental registra maus tratos Gua\u00edra e aplica multa de 30 mil","datePublished":"2020-12-25T15:29:55+00:00","mainEntityOfPage":{"@id":"https:\/\/regiaonews.net.br\/2022\/2020\/12\/25\/policia-ambiental-registra-maus-tratos-guaira-e-aplica-multa-de-30-mil\/"},"wordCount":195,"commentCount":0,"publisher":{"@id":"https:\/\/regiaonews.net.br\/2022\/#organization"},"image":{"@id":"https:\/\/regiaonews.net.br\/2022\/2020\/12\/25\/policia-ambiental-registra-maus-tratos-guaira-e-aplica-multa-de-30-mil\/#primaryimage"},"thumbnailUrl":"https:\/\/regiaonews.net.br\/2022\/wp-content\/uploads\/2020\/12\/IMG-20201222-WA0338.jpg","articleSection":["Cidades","Gua\u00edra","Policia"],"inLanguage":"pt-BR","potentialAction":[{"@type":"CommentAction","name":"Comment","target":["https:\/\/regiaonews.net.br\/2022\/2020\/12\/25\/policia-ambiental-registra-maus-tratos-guaira-e-aplica-multa-de-30-mil\/#respond"]}]},{"@type":"WebPage","@id":"https:\/\/regiaonews.net.br\/2022\/2020\/12\/25\/policia-ambiental-registra-maus-tratos-guaira-e-aplica-multa-de-30-mil\/","url":"https:\/\/regiaonews.net.br\/2022\/2020\/12\/25\/policia-ambiental-registra-maus-tratos-guaira-e-aplica-multa-de-30-mil\/","name":"Pol\u00edcia Ambiental registra maus tratos Gua\u00edra e aplica multa de 30 mil - Regi\u00e3o News","isPartOf":{"@id":"https:\/\/regiaonews.net.br\/2022\/#website"},"primaryImageOfPage":{"@id":"https:\/\/regiaonews.net.br\/2022\/2020\/12\/25\/policia-ambiental-registra-maus-tratos-guaira-e-aplica-multa-de-30-mil\/#primaryimage"},"image":{"@id":"https:\/\/regiaonews.net.br\/2022\/2020\/12\/25\/policia-ambiental-registra-maus-tratos-guaira-e-aplica-multa-de-30-mil\/#primaryimage"},"thumbnailUrl":"https:\/\/regiaonews.net.br\/2022\/wp-content\/uploads\/2020\/12\/IMG-20201222-WA0338.jpg","datePublished":"2020-12-25T15:29:55+00:00","breadcrumb":{"@id":"https:\/\/regiaonews.net.br\/2022\/2020\/12\/25\/policia-ambiental-registra-maus-tratos-guaira-e-aplica-multa-de-30-mil\/#breadcrumb"},"inLanguage":"pt-BR","potentialAction":[{"@type":"ReadAction","target":["https:\/\/regiaonews.net.br\/2022\/2020\/12\/25\/policia-ambiental-registra-maus-tratos-guaira-e-aplica-multa-de-30-mil\/"]}]},{"@type":"ImageObject","inLanguage":"pt-BR","@id":"https:\/\/regiaonews.net.br\/2022\/2020\/12\/25\/policia-ambiental-registra-maus-tratos-guaira-e-aplica-multa-de-30-mil\/#primaryimage","url":"https:\/\/regiaonews.net.br\/2022\/wp-content\/uploads\/2020\/12\/IMG-20201222-WA0338.jpg","contentUrl":"https:\/\/regiaonews.net.br\/2022\/wp-content\/uploads\/2020\/12\/IMG-20201222-WA0338.jpg","width":1280,"height":720},{"@type":"BreadcrumbList","@id":"https:\/\/regiaonews.net.br\/2022\/2020\/12\/25\/policia-ambiental-registra-maus-tratos-guaira-e-aplica-multa-de-30-mil\/#breadcrumb","itemListElement":[{"@type":"ListItem","position":1,"name":"In\u00edcio","item":"https:\/\/regiaonews.net.br\/2022\/"},{"@type":"ListItem","position":2,"name":"Pol\u00edcia Ambiental registra maus tratos Gua\u00edra e aplica multa de 30 mil"}]},{"@type":"WebSite","@id":"https:\/\/regiaonews.net.br\/2022\/#website","url":"https:\/\/regiaonews.net.br\/2022\/","name":"Regi\u00e3o News","description":"Site de Not\u00edcias de Barretos e regi\u00e3o","publisher":{"@id":"https:\/\/regiaonews.net.br\/2022\/#organization"},"potentialAction":[{"@type":"SearchAction","target":{"@type":"EntryPoint","urlTemplate":"https:\/\/regiaonews.net.br\/2022\/?s={search_term_string}"},"query-input":{"@type":"PropertyValueSpecification","valueRequired":true,"valueName":"search_term_string"}}],"inLanguage":"pt-BR"},{"@type":"Organization","@id":"https:\/\/regiaonews.net.br\/2022\/#organization","name":"Regi\u00e3o News","url":"https:\/\/regiaonews.net.br\/2022\/","logo":{"@type":"ImageObject","inLanguage":"pt-BR","@id":"https:\/\/regiaonews.net.br\/2022\/#\/schema\/logo\/image\/","url":"https:\/\/regiaonews.net.br\/2022\/wp-content\/uploads\/2026\/03\/regiao-13-anos-scaled.jpg","contentUrl":"https:\/\/regiaonews.net.br\/2022\/wp-content\/uploads\/2026\/03\/regiao-13-anos-scaled.jpg","width":2560,"height":635,"caption":"Regi\u00e3o News"},"image":{"@id":"https:\/\/regiaonews.net.br\/2022\/#\/schema\/logo\/image\/"}},{"@type":"Person","@id":"https:\/\/regiaonews.net.br\/2022\/#\/schema\/person\/2d205a608a5aa97ac279d7a5e6d89ad8","name":"Roberto","image":{"@type":"ImageObject","inLanguage":"pt-BR","@id":"https:\/\/secure.gravatar.com\/avatar\/42749d8b712ff9d59ca93dc150494e5b55a44134482993f5baeb97e61b7ecc89?s=96&d=mm&r=g","url":"https:\/\/secure.gravatar.com\/avatar\/42749d8b712ff9d59ca93dc150494e5b55a44134482993f5baeb97e61b7ecc89?s=96&d=mm&r=g","contentUrl":"https:\/\/secure.gravatar.com\/avatar\/42749d8b712ff9d59ca93dc150494e5b55a44134482993f5baeb97e61b7ecc89?s=96&d=mm&r=g","caption":"Roberto"},"url":"https:\/\/regiaonews.net.br\/2022\/author\/roberto\/"}]}},"publishpress_future_action":{"enabled":false,"date":"2026-05-02 01:09:21","action":"change-status","newStatus":"draft","terms":[],"taxonomy":"category","extraData":[]},"publishpress_future_workflow_manual_trigger":{"enabledWorkflows":[]},"_links":{"self":[{"href":"https:\/\/regiaonews.net.br\/2022\/wp-json\/wp\/v2\/posts\/41102","targetHints":{"allow":["GET"]}}],"collection":[{"href":"https:\/\/regiaonews.net.br\/2022\/wp-json\/wp\/v2\/posts"}],"about":[{"href":"https:\/\/regiaonews.net.br\/2022\/wp-json\/wp\/v2\/types\/post"}],"author":[{"embeddable":true,"href":"https:\/\/regiaonews.net.br\/2022\/wp-json\/wp\/v2\/users\/2"}],"replies":[{"embeddable":true,"href":"https:\/\/regiaonews.net.br\/2022\/wp-json\/wp\/v2\/comments?post=41102"}],"version-history":[{"count":0,"href":"https:\/\/regiaonews.net.br\/2022\/wp-json\/wp\/v2\/posts\/41102\/revisions"}],"wp:featuredmedia":[{"embeddable":true,"href":"https:\/\/regiaonews.net.br\/2022\/wp-json\/wp\/v2\/media\/41105"}],"wp:attachment":[{"href":"https:\/\/regiaonews.net.br\/2022\/wp-json\/wp\/v2\/media?parent=41102"}],"wp:term":[{"taxonomy":"category","embeddable":true,"href":"https:\/\/regiaonews.net.br\/2022\/wp-json\/wp\/v2\/categories?post=41102"},{"taxonomy":"post_tag","embeddable":true,"href":"https:\/\/regiaonews.net.br\/2022\/wp-json\/wp\/v2\/tags?post=41102"}],"curies":[{"name":"wp","href":"https:\/\/api.w.org\/{rel}","templated":true}]}}