{"id":41028,"date":"2020-12-22T16:33:38","date_gmt":"2020-12-22T19:33:38","guid":{"rendered":"https:\/\/regiaonews.net.br\/2022\/?p=41028"},"modified":"2020-12-22T16:33:38","modified_gmt":"2020-12-22T19:33:38","slug":"tomografo-chega-a-santa-casa-de-guaira","status":"publish","type":"post","link":"https:\/\/regiaonews.net.br\/2022\/2020\/12\/22\/tomografo-chega-a-santa-casa-de-guaira\/","title":{"rendered":"Tom\u00f3grafo chega \u00e0 Santa Casa de Gua\u00edra"},"content":{"rendered":"<p class=\"xmsonormal\" style=\"margin-bottom: 10.0pt; line-height: 115%;\"><a href=\"https:\/\/regiaonews.net.br\/2022\/wp-content\/uploads\/2020\/12\/tomografo-chega-2.jpg\"><img loading=\"lazy\" decoding=\"async\" class=\"alignnone size-medium wp-image-41029\" src=\"https:\/\/regiaonews.net.br\/2022\/wp-content\/uploads\/2020\/12\/tomografo-chega-2-300x143.jpg\" alt=\"\" width=\"300\" height=\"143\" \/><\/a> <a href=\"https:\/\/regiaonews.net.br\/2022\/wp-content\/uploads\/2020\/12\/tomografo-chega-3.jpeg\"><img loading=\"lazy\" decoding=\"async\" class=\"alignnone size-medium wp-image-41030\" src=\"https:\/\/regiaonews.net.br\/2022\/wp-content\/uploads\/2020\/12\/tomografo-chega-3-300x169.jpeg\" alt=\"\" width=\"300\" height=\"169\" \/><\/a> <a href=\"https:\/\/regiaonews.net.br\/2022\/wp-content\/uploads\/2020\/12\/tomografo-chega-4.jpeg\"><img loading=\"lazy\" decoding=\"async\" class=\"alignnone size-medium wp-image-41031\" src=\"https:\/\/regiaonews.net.br\/2022\/wp-content\/uploads\/2020\/12\/tomografo-chega-4-300x169.jpeg\" alt=\"\" width=\"300\" height=\"169\" \/><\/a> <a href=\"https:\/\/regiaonews.net.br\/2022\/wp-content\/uploads\/2020\/12\/tomografo-chega-5.jpeg\"><img loading=\"lazy\" decoding=\"async\" class=\"alignnone size-medium wp-image-41032\" src=\"https:\/\/regiaonews.net.br\/2022\/wp-content\/uploads\/2020\/12\/tomografo-chega-5-300x135.jpeg\" alt=\"\" width=\"300\" height=\"135\" \/><\/a><\/p>\n<p class=\"xmsonormal\" style=\"margin-bottom: 10.0pt; line-height: 115%;\"><i>Equipamento da marca Canon custou R$ 885.000,00, sendo adquirido preg\u00e3o\u00a0 eletr\u00f4nico \u00a0executada pela Prefeitura, que atualmente administra o hospital<\/i><\/p>\n<p class=\"xmsonormal\" style=\"margin-bottom: 10.0pt; line-height: 115%;\">Na manh\u00e3 de hoje (sexta-feira, dia 18 de dezembro de 2020) chegou \u00e0 Santa Casa de Miseric\u00f3rdia de Gua\u00edra o esperado tom\u00f3grafo. O equipamento que custou R$ 885.000,00 \u00e9 um instrumento eficaz para o fechamento de diagn\u00f3stico de diversas enfermidades, especialmente em casos mais graves.<\/p>\n<p class=\"xmsonormal\" style=\"margin-bottom: 10.0pt; line-height: 115%;\">Da marca Canon, o aparato de diagn\u00f3stico por imagem vai servir a todos os pacientes: pelo SUS, conv\u00eanios ou particulares e, al\u00e9m, de ser um anseio da popula\u00e7\u00e3o, vem para melhorar o atendimento a uma enorme gama de pacientes acometidos com as mais diversas patologias. Atualmente os usu\u00e1rios do SUS, conv\u00eanios e particulares, quando necessitam de uma tomografia, t\u00eam que se deslocar para outras cidades, a mais pr\u00f3xima para Barretos, que por ser sede da Dire\u00e7\u00e3o Regional de Sa\u00fade do Estado, concentra todos os pedidos de tomografias via SUS. Esta condi\u00e7\u00e3o, as vezes, causa uma significativa espera pelo exame. Fila que deve ter seu prazo de espera substancialmente reduzido, com aparato m\u00e9dico em funcionamento em no hospital.<\/p>\n<p class=\"xmsonormal\" style=\"margin-bottom: 10.0pt; line-height: 115%;\">A m\u00e1quina chegou e os compartimentos, para que ela seja instalada, j\u00e1 foram adequados no pr\u00e9dio, s\u00f3 faltando agora, um projeto el\u00e9trico para que definitivamente os guairenses tenham o conforto de poder fazer o exame de diagn\u00f3stico de imagem sem ter que deslocar em 40 quil\u00f4metros, no m\u00ednimo. O que \u00e9 um grande incomodo quando a pessoa est\u00e1 doente.<\/p>\n<p class=\"xmsonormal\" style=\"margin-bottom: 10.0pt; line-height: 115%;\">A imprescind\u00edvel ferramenta de diagn\u00f3stico por imagem foi adquirida pela Santa Casa da Canon Medical Systems do Brasil Ltda, empresa que venceu o preg\u00e3o eletr\u00f4nico \u00a0executado pela Prefeitura, que administra o hospital, sendo o tom\u00f3grafo mais uma das benfeitorias promovidas pela administra\u00e7\u00e3o p\u00fablica em parceria com a entidade e sociedade civil organizada, que proporcionou a instala\u00e7\u00e3o do Pronto Socorro unificado (SUS e conv\u00eanios), troca de todo telhado e, entre outras, a aquisi\u00e7\u00e3o de uma usina de para produ\u00e7\u00e3o de oxig\u00eanio medicinal. E, tem mais novidade, no come\u00e7o de 2021 deve iniciar a implanta\u00e7\u00e3o de um sistema de energia limpa com a instala\u00e7\u00e3o de placas fotovolta\u00edcas para o suprimento de energia el\u00e9trica para a maior unidade de atendimento m\u00e9dico do munic\u00edpio. Este projeto em m\u00e9dio e longo prazo, al\u00e9m do ganho ecol\u00f3gico, vai gerar economia com a conta de energia el\u00e9trica.<\/p>\n<p class=\"xmsonormal\" style=\"margin-bottom: 10.0pt; line-height: 115%;\">De acordo com a Procel &#8211; Programa Nacional de Conserva\u00e7\u00e3o de Energia El\u00e9trica &#8211; \u00a0o consumo m\u00e9dio mensal por leito do setor hospitais\/cl\u00ednicas \u00e9 de 1.016 KWh por leito, ou seja, por m\u00eas um paciente internado gera um custo de mais de R$ 450 s\u00f3 em energia el\u00e9trica. Com economia em eletricidade o hospital pode investir em mais melhorias com equipamentos, estrutura do pr\u00e9dio e contrata de mais profissionais especializados.<\/p>\n","protected":false},"excerpt":{"rendered":"<p>Equipamento da marca Canon custou R$ 885.000,00, sendo adquirido preg\u00e3o\u00a0<\/p>\n","protected":false},"author":2,"featured_media":41031,"comment_status":"open","ping_status":"open","sticky":false,"template":"","format":"standard","meta":{"footnotes":""},"categories":[25,8],"tags":[],"class_list":["post-41028","post","type-post","status-publish","format-standard","has-post-thumbnail","hentry","category-cidades","category-guaira"],"yoast_head":"<!-- This site is optimized with the Yoast SEO plugin v27.4 - https:\/\/yoast.com\/product\/yoast-seo-wordpress\/ -->\n<title>Tom\u00f3grafo chega \u00e0 Santa Casa de Gua\u00edra - Regi\u00e3o News<\/title>\n<meta name=\"robots\" content=\"index, follow, max-snippet:-1, max-image-preview:large, max-video-preview:-1\" \/>\n<link rel=\"canonical\" href=\"https:\/\/regiaonews.net.br\/2022\/2020\/12\/22\/tomografo-chega-a-santa-casa-de-guaira\/\" \/>\n<meta property=\"og:locale\" content=\"pt_BR\" \/>\n<meta property=\"og:type\" content=\"article\" \/>\n<meta property=\"og:title\" content=\"Tom\u00f3grafo chega \u00e0 Santa Casa de Gua\u00edra - Regi\u00e3o News\" \/>\n<meta property=\"og:description\" content=\"Equipamento da marca Canon custou R$ 885.000,00, sendo adquirido preg\u00e3o\u00a0\" \/>\n<meta property=\"og:url\" content=\"https:\/\/regiaonews.net.br\/2022\/2020\/12\/22\/tomografo-chega-a-santa-casa-de-guaira\/\" \/>\n<meta property=\"og:site_name\" content=\"Regi\u00e3o News\" \/>\n<meta property=\"article:published_time\" content=\"2020-12-22T19:33:38+00:00\" \/>\n<meta property=\"og:image\" content=\"https:\/\/regiaonews.net.br\/2022\/wp-content\/uploads\/2020\/12\/tomografo-chega-4.jpeg\" \/>\n\t<meta property=\"og:image:width\" content=\"1280\" \/>\n\t<meta property=\"og:image:height\" content=\"720\" \/>\n\t<meta property=\"og:image:type\" content=\"image\/jpeg\" \/>\n<meta name=\"author\" content=\"Roberto\" \/>\n<meta name=\"twitter:card\" content=\"summary_large_image\" \/>\n<meta name=\"twitter:label1\" content=\"Escrito por\" \/>\n\t<meta name=\"twitter:data1\" content=\"Roberto\" \/>\n\t<meta name=\"twitter:label2\" content=\"Est. tempo de leitura\" \/>\n\t<meta name=\"twitter:data2\" content=\"2 minutos\" \/>\n<script type=\"application\/ld+json\" class=\"yoast-schema-graph\">{\"@context\":\"https:\\\/\\\/schema.org\",\"@graph\":[{\"@type\":\"Article\",\"@id\":\"https:\\\/\\\/regiaonews.net.br\\\/2022\\\/2020\\\/12\\\/22\\\/tomografo-chega-a-santa-casa-de-guaira\\\/#article\",\"isPartOf\":{\"@id\":\"https:\\\/\\\/regiaonews.net.br\\\/2022\\\/2020\\\/12\\\/22\\\/tomografo-chega-a-santa-casa-de-guaira\\\/\"},\"author\":{\"name\":\"Roberto\",\"@id\":\"https:\\\/\\\/regiaonews.net.br\\\/2022\\\/#\\\/schema\\\/person\\\/2d205a608a5aa97ac279d7a5e6d89ad8\"},\"headline\":\"Tom\u00f3grafo chega \u00e0 Santa Casa de Gua\u00edra\",\"datePublished\":\"2020-12-22T19:33:38+00:00\",\"mainEntityOfPage\":{\"@id\":\"https:\\\/\\\/regiaonews.net.br\\\/2022\\\/2020\\\/12\\\/22\\\/tomografo-chega-a-santa-casa-de-guaira\\\/\"},\"wordCount\":501,\"commentCount\":0,\"publisher\":{\"@id\":\"https:\\\/\\\/regiaonews.net.br\\\/2022\\\/#organization\"},\"image\":{\"@id\":\"https:\\\/\\\/regiaonews.net.br\\\/2022\\\/2020\\\/12\\\/22\\\/tomografo-chega-a-santa-casa-de-guaira\\\/#primaryimage\"},\"thumbnailUrl\":\"https:\\\/\\\/regiaonews.net.br\\\/2022\\\/wp-content\\\/uploads\\\/2020\\\/12\\\/tomografo-chega-4.jpeg\",\"articleSection\":[\"Cidades\",\"Gua\u00edra\"],\"inLanguage\":\"pt-BR\",\"potentialAction\":[{\"@type\":\"CommentAction\",\"name\":\"Comment\",\"target\":[\"https:\\\/\\\/regiaonews.net.br\\\/2022\\\/2020\\\/12\\\/22\\\/tomografo-chega-a-santa-casa-de-guaira\\\/#respond\"]}]},{\"@type\":\"WebPage\",\"@id\":\"https:\\\/\\\/regiaonews.net.br\\\/2022\\\/2020\\\/12\\\/22\\\/tomografo-chega-a-santa-casa-de-guaira\\\/\",\"url\":\"https:\\\/\\\/regiaonews.net.br\\\/2022\\\/2020\\\/12\\\/22\\\/tomografo-chega-a-santa-casa-de-guaira\\\/\",\"name\":\"Tom\u00f3grafo chega \u00e0 Santa Casa de Gua\u00edra - Regi\u00e3o News\",\"isPartOf\":{\"@id\":\"https:\\\/\\\/regiaonews.net.br\\\/2022\\\/#website\"},\"primaryImageOfPage\":{\"@id\":\"https:\\\/\\\/regiaonews.net.br\\\/2022\\\/2020\\\/12\\\/22\\\/tomografo-chega-a-santa-casa-de-guaira\\\/#primaryimage\"},\"image\":{\"@id\":\"https:\\\/\\\/regiaonews.net.br\\\/2022\\\/2020\\\/12\\\/22\\\/tomografo-chega-a-santa-casa-de-guaira\\\/#primaryimage\"},\"thumbnailUrl\":\"https:\\\/\\\/regiaonews.net.br\\\/2022\\\/wp-content\\\/uploads\\\/2020\\\/12\\\/tomografo-chega-4.jpeg\",\"datePublished\":\"2020-12-22T19:33:38+00:00\",\"breadcrumb\":{\"@id\":\"https:\\\/\\\/regiaonews.net.br\\\/2022\\\/2020\\\/12\\\/22\\\/tomografo-chega-a-santa-casa-de-guaira\\\/#breadcrumb\"},\"inLanguage\":\"pt-BR\",\"potentialAction\":[{\"@type\":\"ReadAction\",\"target\":[\"https:\\\/\\\/regiaonews.net.br\\\/2022\\\/2020\\\/12\\\/22\\\/tomografo-chega-a-santa-casa-de-guaira\\\/\"]}]},{\"@type\":\"ImageObject\",\"inLanguage\":\"pt-BR\",\"@id\":\"https:\\\/\\\/regiaonews.net.br\\\/2022\\\/2020\\\/12\\\/22\\\/tomografo-chega-a-santa-casa-de-guaira\\\/#primaryimage\",\"url\":\"https:\\\/\\\/regiaonews.net.br\\\/2022\\\/wp-content\\\/uploads\\\/2020\\\/12\\\/tomografo-chega-4.jpeg\",\"contentUrl\":\"https:\\\/\\\/regiaonews.net.br\\\/2022\\\/wp-content\\\/uploads\\\/2020\\\/12\\\/tomografo-chega-4.jpeg\",\"width\":1280,\"height\":720},{\"@type\":\"BreadcrumbList\",\"@id\":\"https:\\\/\\\/regiaonews.net.br\\\/2022\\\/2020\\\/12\\\/22\\\/tomografo-chega-a-santa-casa-de-guaira\\\/#breadcrumb\",\"itemListElement\":[{\"@type\":\"ListItem\",\"position\":1,\"name\":\"In\u00edcio\",\"item\":\"https:\\\/\\\/regiaonews.net.br\\\/2022\\\/\"},{\"@type\":\"ListItem\",\"position\":2,\"name\":\"Tom\u00f3grafo chega \u00e0 Santa Casa de Gua\u00edra\"}]},{\"@type\":\"WebSite\",\"@id\":\"https:\\\/\\\/regiaonews.net.br\\\/2022\\\/#website\",\"url\":\"https:\\\/\\\/regiaonews.net.br\\\/2022\\\/\",\"name\":\"Regi\u00e3o News\",\"description\":\"Site de Not\u00edcias de Barretos e regi\u00e3o\",\"publisher\":{\"@id\":\"https:\\\/\\\/regiaonews.net.br\\\/2022\\\/#organization\"},\"potentialAction\":[{\"@type\":\"SearchAction\",\"target\":{\"@type\":\"EntryPoint\",\"urlTemplate\":\"https:\\\/\\\/regiaonews.net.br\\\/2022\\\/?s={search_term_string}\"},\"query-input\":{\"@type\":\"PropertyValueSpecification\",\"valueRequired\":true,\"valueName\":\"search_term_string\"}}],\"inLanguage\":\"pt-BR\"},{\"@type\":\"Organization\",\"@id\":\"https:\\\/\\\/regiaonews.net.br\\\/2022\\\/#organization\",\"name\":\"Regi\u00e3o News\",\"url\":\"https:\\\/\\\/regiaonews.net.br\\\/2022\\\/\",\"logo\":{\"@type\":\"ImageObject\",\"inLanguage\":\"pt-BR\",\"@id\":\"https:\\\/\\\/regiaonews.net.br\\\/2022\\\/#\\\/schema\\\/logo\\\/image\\\/\",\"url\":\"https:\\\/\\\/regiaonews.net.br\\\/2022\\\/wp-content\\\/uploads\\\/2026\\\/03\\\/regiao-13-anos-scaled.jpg\",\"contentUrl\":\"https:\\\/\\\/regiaonews.net.br\\\/2022\\\/wp-content\\\/uploads\\\/2026\\\/03\\\/regiao-13-anos-scaled.jpg\",\"width\":2560,\"height\":635,\"caption\":\"Regi\u00e3o News\"},\"image\":{\"@id\":\"https:\\\/\\\/regiaonews.net.br\\\/2022\\\/#\\\/schema\\\/logo\\\/image\\\/\"}},{\"@type\":\"Person\",\"@id\":\"https:\\\/\\\/regiaonews.net.br\\\/2022\\\/#\\\/schema\\\/person\\\/2d205a608a5aa97ac279d7a5e6d89ad8\",\"name\":\"Roberto\",\"image\":{\"@type\":\"ImageObject\",\"inLanguage\":\"pt-BR\",\"@id\":\"https:\\\/\\\/secure.gravatar.com\\\/avatar\\\/42749d8b712ff9d59ca93dc150494e5b55a44134482993f5baeb97e61b7ecc89?s=96&d=mm&r=g\",\"url\":\"https:\\\/\\\/secure.gravatar.com\\\/avatar\\\/42749d8b712ff9d59ca93dc150494e5b55a44134482993f5baeb97e61b7ecc89?s=96&d=mm&r=g\",\"contentUrl\":\"https:\\\/\\\/secure.gravatar.com\\\/avatar\\\/42749d8b712ff9d59ca93dc150494e5b55a44134482993f5baeb97e61b7ecc89?s=96&d=mm&r=g\",\"caption\":\"Roberto\"},\"url\":\"https:\\\/\\\/regiaonews.net.br\\\/2022\\\/author\\\/roberto\\\/\"}]}<\/script>\n<!-- \/ Yoast SEO plugin. -->","yoast_head_json":{"title":"Tom\u00f3grafo chega \u00e0 Santa Casa de Gua\u00edra - Regi\u00e3o News","robots":{"index":"index","follow":"follow","max-snippet":"max-snippet:-1","max-image-preview":"max-image-preview:large","max-video-preview":"max-video-preview:-1"},"canonical":"https:\/\/regiaonews.net.br\/2022\/2020\/12\/22\/tomografo-chega-a-santa-casa-de-guaira\/","og_locale":"pt_BR","og_type":"article","og_title":"Tom\u00f3grafo chega \u00e0 Santa Casa de Gua\u00edra - Regi\u00e3o News","og_description":"Equipamento da marca Canon custou R$ 885.000,00, sendo adquirido preg\u00e3o\u00a0","og_url":"https:\/\/regiaonews.net.br\/2022\/2020\/12\/22\/tomografo-chega-a-santa-casa-de-guaira\/","og_site_name":"Regi\u00e3o News","article_published_time":"2020-12-22T19:33:38+00:00","og_image":[{"width":1280,"height":720,"url":"https:\/\/regiaonews.net.br\/2022\/wp-content\/uploads\/2020\/12\/tomografo-chega-4.jpeg","type":"image\/jpeg"}],"author":"Roberto","twitter_card":"summary_large_image","twitter_misc":{"Escrito por":"Roberto","Est. tempo de leitura":"2 minutos"},"schema":{"@context":"https:\/\/schema.org","@graph":[{"@type":"Article","@id":"https:\/\/regiaonews.net.br\/2022\/2020\/12\/22\/tomografo-chega-a-santa-casa-de-guaira\/#article","isPartOf":{"@id":"https:\/\/regiaonews.net.br\/2022\/2020\/12\/22\/tomografo-chega-a-santa-casa-de-guaira\/"},"author":{"name":"Roberto","@id":"https:\/\/regiaonews.net.br\/2022\/#\/schema\/person\/2d205a608a5aa97ac279d7a5e6d89ad8"},"headline":"Tom\u00f3grafo chega \u00e0 Santa Casa de Gua\u00edra","datePublished":"2020-12-22T19:33:38+00:00","mainEntityOfPage":{"@id":"https:\/\/regiaonews.net.br\/2022\/2020\/12\/22\/tomografo-chega-a-santa-casa-de-guaira\/"},"wordCount":501,"commentCount":0,"publisher":{"@id":"https:\/\/regiaonews.net.br\/2022\/#organization"},"image":{"@id":"https:\/\/regiaonews.net.br\/2022\/2020\/12\/22\/tomografo-chega-a-santa-casa-de-guaira\/#primaryimage"},"thumbnailUrl":"https:\/\/regiaonews.net.br\/2022\/wp-content\/uploads\/2020\/12\/tomografo-chega-4.jpeg","articleSection":["Cidades","Gua\u00edra"],"inLanguage":"pt-BR","potentialAction":[{"@type":"CommentAction","name":"Comment","target":["https:\/\/regiaonews.net.br\/2022\/2020\/12\/22\/tomografo-chega-a-santa-casa-de-guaira\/#respond"]}]},{"@type":"WebPage","@id":"https:\/\/regiaonews.net.br\/2022\/2020\/12\/22\/tomografo-chega-a-santa-casa-de-guaira\/","url":"https:\/\/regiaonews.net.br\/2022\/2020\/12\/22\/tomografo-chega-a-santa-casa-de-guaira\/","name":"Tom\u00f3grafo chega \u00e0 Santa Casa de Gua\u00edra - Regi\u00e3o News","isPartOf":{"@id":"https:\/\/regiaonews.net.br\/2022\/#website"},"primaryImageOfPage":{"@id":"https:\/\/regiaonews.net.br\/2022\/2020\/12\/22\/tomografo-chega-a-santa-casa-de-guaira\/#primaryimage"},"image":{"@id":"https:\/\/regiaonews.net.br\/2022\/2020\/12\/22\/tomografo-chega-a-santa-casa-de-guaira\/#primaryimage"},"thumbnailUrl":"https:\/\/regiaonews.net.br\/2022\/wp-content\/uploads\/2020\/12\/tomografo-chega-4.jpeg","datePublished":"2020-12-22T19:33:38+00:00","breadcrumb":{"@id":"https:\/\/regiaonews.net.br\/2022\/2020\/12\/22\/tomografo-chega-a-santa-casa-de-guaira\/#breadcrumb"},"inLanguage":"pt-BR","potentialAction":[{"@type":"ReadAction","target":["https:\/\/regiaonews.net.br\/2022\/2020\/12\/22\/tomografo-chega-a-santa-casa-de-guaira\/"]}]},{"@type":"ImageObject","inLanguage":"pt-BR","@id":"https:\/\/regiaonews.net.br\/2022\/2020\/12\/22\/tomografo-chega-a-santa-casa-de-guaira\/#primaryimage","url":"https:\/\/regiaonews.net.br\/2022\/wp-content\/uploads\/2020\/12\/tomografo-chega-4.jpeg","contentUrl":"https:\/\/regiaonews.net.br\/2022\/wp-content\/uploads\/2020\/12\/tomografo-chega-4.jpeg","width":1280,"height":720},{"@type":"BreadcrumbList","@id":"https:\/\/regiaonews.net.br\/2022\/2020\/12\/22\/tomografo-chega-a-santa-casa-de-guaira\/#breadcrumb","itemListElement":[{"@type":"ListItem","position":1,"name":"In\u00edcio","item":"https:\/\/regiaonews.net.br\/2022\/"},{"@type":"ListItem","position":2,"name":"Tom\u00f3grafo chega \u00e0 Santa Casa de Gua\u00edra"}]},{"@type":"WebSite","@id":"https:\/\/regiaonews.net.br\/2022\/#website","url":"https:\/\/regiaonews.net.br\/2022\/","name":"Regi\u00e3o News","description":"Site de Not\u00edcias de Barretos e regi\u00e3o","publisher":{"@id":"https:\/\/regiaonews.net.br\/2022\/#organization"},"potentialAction":[{"@type":"SearchAction","target":{"@type":"EntryPoint","urlTemplate":"https:\/\/regiaonews.net.br\/2022\/?s={search_term_string}"},"query-input":{"@type":"PropertyValueSpecification","valueRequired":true,"valueName":"search_term_string"}}],"inLanguage":"pt-BR"},{"@type":"Organization","@id":"https:\/\/regiaonews.net.br\/2022\/#organization","name":"Regi\u00e3o News","url":"https:\/\/regiaonews.net.br\/2022\/","logo":{"@type":"ImageObject","inLanguage":"pt-BR","@id":"https:\/\/regiaonews.net.br\/2022\/#\/schema\/logo\/image\/","url":"https:\/\/regiaonews.net.br\/2022\/wp-content\/uploads\/2026\/03\/regiao-13-anos-scaled.jpg","contentUrl":"https:\/\/regiaonews.net.br\/2022\/wp-content\/uploads\/2026\/03\/regiao-13-anos-scaled.jpg","width":2560,"height":635,"caption":"Regi\u00e3o News"},"image":{"@id":"https:\/\/regiaonews.net.br\/2022\/#\/schema\/logo\/image\/"}},{"@type":"Person","@id":"https:\/\/regiaonews.net.br\/2022\/#\/schema\/person\/2d205a608a5aa97ac279d7a5e6d89ad8","name":"Roberto","image":{"@type":"ImageObject","inLanguage":"pt-BR","@id":"https:\/\/secure.gravatar.com\/avatar\/42749d8b712ff9d59ca93dc150494e5b55a44134482993f5baeb97e61b7ecc89?s=96&d=mm&r=g","url":"https:\/\/secure.gravatar.com\/avatar\/42749d8b712ff9d59ca93dc150494e5b55a44134482993f5baeb97e61b7ecc89?s=96&d=mm&r=g","contentUrl":"https:\/\/secure.gravatar.com\/avatar\/42749d8b712ff9d59ca93dc150494e5b55a44134482993f5baeb97e61b7ecc89?s=96&d=mm&r=g","caption":"Roberto"},"url":"https:\/\/regiaonews.net.br\/2022\/author\/roberto\/"}]}},"publishpress_future_action":{"enabled":false,"date":"2026-05-03 12:34:29","action":"change-status","newStatus":"draft","terms":[],"taxonomy":"category","extraData":[]},"publishpress_future_workflow_manual_trigger":{"enabledWorkflows":[]},"_links":{"self":[{"href":"https:\/\/regiaonews.net.br\/2022\/wp-json\/wp\/v2\/posts\/41028","targetHints":{"allow":["GET"]}}],"collection":[{"href":"https:\/\/regiaonews.net.br\/2022\/wp-json\/wp\/v2\/posts"}],"about":[{"href":"https:\/\/regiaonews.net.br\/2022\/wp-json\/wp\/v2\/types\/post"}],"author":[{"embeddable":true,"href":"https:\/\/regiaonews.net.br\/2022\/wp-json\/wp\/v2\/users\/2"}],"replies":[{"embeddable":true,"href":"https:\/\/regiaonews.net.br\/2022\/wp-json\/wp\/v2\/comments?post=41028"}],"version-history":[{"count":0,"href":"https:\/\/regiaonews.net.br\/2022\/wp-json\/wp\/v2\/posts\/41028\/revisions"}],"wp:featuredmedia":[{"embeddable":true,"href":"https:\/\/regiaonews.net.br\/2022\/wp-json\/wp\/v2\/media\/41031"}],"wp:attachment":[{"href":"https:\/\/regiaonews.net.br\/2022\/wp-json\/wp\/v2\/media?parent=41028"}],"wp:term":[{"taxonomy":"category","embeddable":true,"href":"https:\/\/regiaonews.net.br\/2022\/wp-json\/wp\/v2\/categories?post=41028"},{"taxonomy":"post_tag","embeddable":true,"href":"https:\/\/regiaonews.net.br\/2022\/wp-json\/wp\/v2\/tags?post=41028"}],"curies":[{"name":"wp","href":"https:\/\/api.w.org\/{rel}","templated":true}]}}