{"id":41022,"date":"2020-12-22T13:13:13","date_gmt":"2020-12-22T16:13:13","guid":{"rendered":"https:\/\/regiaonews.net.br\/2022\/?p=41022"},"modified":"2020-12-22T13:16:56","modified_gmt":"2020-12-22T16:16:56","slug":"governo-de-sp-endurece-quarentena-durante-festas-de-final-de-ano-para-conter-avanco-da-covid-19-no-estado","status":"publish","type":"post","link":"https:\/\/regiaonews.net.br\/2022\/2020\/12\/22\/governo-de-sp-endurece-quarentena-durante-festas-de-final-de-ano-para-conter-avanco-da-covid-19-no-estado\/","title":{"rendered":"Governo de SP endurece quarentena durante festas de final de ano para conter avan\u00e7o da Covid-19 no estado"},"content":{"rendered":"<h2><a href=\"https:\/\/regiaonews.net.br\/2022\/wp-content\/uploads\/2020\/12\/frame-00-11-29.067.jpg\"><img loading=\"lazy\" decoding=\"async\" class=\"alignnone size-medium wp-image-41023\" src=\"https:\/\/regiaonews.net.br\/2022\/wp-content\/uploads\/2020\/12\/frame-00-11-29.067-300x169.jpg\" alt=\"\" width=\"300\" height=\"169\" \/><\/a><\/h2>\n<h2 class=\"content-head__subtitle\">Comit\u00ea de sa\u00fade determinou que apenas servi\u00e7os essenciais poder\u00e3o funcionar nos dias 25, 26 e 27 e, depois, nos 1, 2 e 3 de janeiro. Regi\u00e3o de Presidente Prudente \u00e9 a \u00fanica em que retorno para a fase vermelha n\u00e3o ser\u00e1 somente tempor\u00e1rio.<\/h2>\n<div class=\"mc-column content-text active-extra-styles \" data-block-type=\"unstyled\" data-block-weight=\"29\" data-block-id=\"2\">\n<p class=\"content-text__container \" data-track-category=\"Link no Texto\" data-track-links=\"\">O governo de\u00a0<a href=\"https:\/\/g1.globo.com\/sp\/sao-paulo\/\">S\u00e3o Paulo<\/a>\u00a0determinou nesta ter\u00e7a-feira (22) medidas de endurecimento da quarentena com o\u00a0<span class=\"highlight highlighted\">aumento nas restri\u00e7\u00f5es de funcionamento de bens e servi\u00e7os\u00a0<\/span>em todo estado.<\/p>\n<\/div>\n<div class=\"wall protected-content\">\n<div class=\"mc-column content-text active-extra-styles \" data-block-type=\"unstyled\" data-block-weight=\"32\" data-block-id=\"3\">\n<p class=\"content-text__container \" data-track-category=\"Link no Texto\" data-track-links=\"\">De acordo com o an\u00fancio,\u00a0<span class=\"highlight highlighted\">apenas servi\u00e7os essenciais<\/span>\u00a0como transporte, sa\u00fade, padarias, mercados e farm\u00e1cias poder\u00e3o funcionar nos dias 25, 26 e 27 de dezembro e 1, 2 e 3 de janeiro.<\/p>\n<\/div>\n<div class=\"mc-column content-text active-extra-styles \" data-block-type=\"unstyled\" data-block-weight=\"43\" data-block-id=\"4\">\n<p class=\"content-text__container \" data-track-category=\"Link no Texto\" data-track-links=\"\">A mudan\u00e7a s\u00f3 n\u00e3o ser\u00e1 tempor\u00e1ria para Presidente Prudente. Por conta do avan\u00e7o nos casos e da falta de leitos de UTI, a regi\u00e3o passa a ficar, at\u00e9 a pr\u00f3xima reclassifica\u00e7\u00e3o, na fase vermelha, a mais restritiva, do plano de flexibiliza\u00e7\u00e3o econ\u00f4mica.<\/p>\n<\/div>\n<div class=\"mc-column content-text active-extra-styles \" data-block-type=\"unstyled\" data-block-weight=\"40\" data-block-id=\"5\">\n<p class=\"content-text__container \" data-track-category=\"Link no Texto\" data-track-links=\"\">A secret\u00e1ria de desenvolvimento econ\u00f4mico, Patr\u00edcia Ellen, tamb\u00e9m anunciou que em janeiro nenhuma regi\u00e3o vai para fase verde e que a reclassifica\u00e7\u00e3o do estado que estava marcada para o pr\u00f3ximo dia 4 foi adiada para o dia 7 de janeiro.<\/p>\n<\/div>\n<div class=\"mc-column content-text active-extra-styles\" data-block-type=\"raw\" data-block-weight=\"27\" data-block-id=\"6\">\n<ul class=\"content-unordered-list\">\n<li><a href=\"https:\/\/g1.globo.com\/sp\/sao-paulo\/noticia\/2020\/12\/21\/governo-de-sp-anuncia-compra-de-mais-100-milhoes-de-seringas-e-agulhas-para-aplicacao-da-coronavac.ghtml\">SP anuncia compra de 100 milh\u00f5es de seringas para aplica\u00e7\u00e3o da CoronaVac<\/a><\/li>\n<li><a href=\"https:\/\/g1.globo.com\/sp\/sao-paulo\/noticia\/2020\/12\/21\/dimas-covas-diz-que-soro-para-covid-19-aguarda-autorizacao-da-anvisa-para-testes-temos-um-soro-anticoronavirus-pronto.ghtml\">Butantan diz que soro contra Covid-19 aguarda autoriza\u00e7\u00e3o da Anvisa: &#8216;Temos um soro anticoronav\u00edrus pronto&#8217;<\/a><\/li>\n<\/ul>\n<\/div>\n<div class=\"mc-column content-text active-extra-styles \" data-block-type=\"unstyled\" data-block-weight=\"23\" data-block-id=\"7\">\n<p class=\"content-text__container \" data-track-category=\"Link no Texto\" data-track-links=\"\">As mudan\u00e7as foram divulgadas pelos integrantes do Centro de Conting\u00eancia da Covid-19, na sede do Instituto Butantan, na tarde desta ter\u00e7a-feira (22).<\/p>\n<div class=\"mc-column content-text active-extra-styles \" data-block-type=\"unstyled\" data-block-weight=\"23\" data-block-id=\"10\">\n<p class=\"content-text__container \" data-track-category=\"Link no Texto\" data-track-links=\"\">Nas \u00faltimas quatro semanas, S\u00e3o Paulo registrou\u00a0<span class=\"highlight highlighted\">aumento de 34% no n\u00famero de mortes provocadas pelo coronav\u00edrus<\/span>, segundo dados do governo estadual.<\/p>\n<\/div>\n<div class=\"mc-column content-text active-extra-styles \" data-block-type=\"unstyled\" data-block-weight=\"21\" data-block-id=\"11\">\n<p class=\"content-text__container \" data-track-category=\"Link no Texto\" data-track-links=\"\">No mesmo per\u00edodo, o<span class=\"highlight highlighted\">\u00a0n\u00famero de casos cresceu 54%<\/span>\u00a0e as\u00a0<span class=\"highlight highlighted\">interna\u00e7\u00f5es por Covid-19 subiram 13%<\/span>\u00a0em todo o estado.<\/p>\n<\/div>\n<div class=\"mc-column content-text active-extra-styles \" data-block-type=\"unstyled\" data-block-weight=\"32\" data-block-id=\"12\">\n<p class=\"content-text__container \" data-track-category=\"Link no Texto\" data-track-links=\"\">Atualmente,\u00a0<a href=\"https:\/\/g1.globo.com\/sp\/sao-paulo\/noticia\/2020\/11\/30\/governo-de-sp-anuncia-recuo-e-coloca-todo-o-estado-na-fase-amarela-do-plano-de-flexibilizacao.ghtml\">todas as regi\u00f5es de S\u00e3o Paulo se encontram na fase amarela<\/a>\u00a0do chamado Plano S\u00e3o Paulo, que permite a abertura de bares, restaurantes e com\u00e9rcio, embora com restri\u00e7\u00f5es de hor\u00e1rio.<\/p>\n<\/div>\n<div class=\"row medium-uncollapsed content-media content-photo\" data-block-type=\"backstage-photo\" data-block-id=\"13\">\n<div class=\"mc-column content-media__container\">\n<figure><img decoding=\"async\" class=\"i-amphtml-fill-content i-amphtml-replaced-content\" src=\"https:\/\/s2.glbimg.com\/LvX8HsuiMbPaWBxXWXk8HBLTqeU=\/0x0:1215x666\/984x0\/smart\/filters:strip_icc()\/i.s3.glbimg.com\/v1\/AUTH_59edd422c0c84a879bd37670ae4f538a\/internal_photos\/bs\/2020\/4\/O\/mMNCSoSkAIakdJX8BASA\/plano-sp-2.png\" sizes=\"(max-width: 1366px) 648px, 100vw\" srcset=\"https:\/\/s2.glbimg.com\/Bstv14NlrOIVggEOu_rPUoMXXgo=\/0x0:1215x666\/1000x0\/smart\/filters:strip_icc()\/i.s3.glbimg.com\/v1\/AUTH_59edd422c0c84a879bd37670ae4f538a\/internal_photos\/bs\/2020\/4\/O\/mMNCSoSkAIakdJX8BASA\/plano-sp-2.png 1000w, https:\/\/s2.glbimg.com\/LvX8HsuiMbPaWBxXWXk8HBLTqeU=\/0x0:1215x666\/984x0\/smart\/filters:strip_icc()\/i.s3.glbimg.com\/v1\/AUTH_59edd422c0c84a879bd37670ae4f538a\/internal_photos\/bs\/2020\/4\/O\/mMNCSoSkAIakdJX8BASA\/plano-sp-2.png 984w, https:\/\/s2.glbimg.com\/TGRXBle2_kSQA_WXCB5Bvv-RJ8A=\/0x0:1215x666\/640x0\/smart\/filters:strip_icc()\/i.s3.glbimg.com\/v1\/AUTH_59edd422c0c84a879bd37670ae4f538a\/internal_photos\/bs\/2020\/4\/O\/mMNCSoSkAIakdJX8BASA\/plano-sp-2.png 640w, https:\/\/s2.glbimg.com\/ydeZXhucjpRifUxrD0mpgfaP_Wg=\/0x0:1215x666\/600x0\/smart\/filters:strip_icc()\/i.s3.glbimg.com\/v1\/AUTH_59edd422c0c84a879bd37670ae4f538a\/internal_photos\/bs\/2020\/4\/O\/mMNCSoSkAIakdJX8BASA\/plano-sp-2.png 600w\" alt=\"Medidas restritivas em todo o estado nas festas de final de ano \u2014 Foto: Reprodu\u00e7\u00e3o\/Youtube\" \/><\/figure>\n<p class=\"content-media__description \">Medidas restritivas em todo o estado nas festas de final de ano \u2014 Foto: Reprodu\u00e7\u00e3o\/Youtube<\/p>\n<\/div>\n<\/div>\n<div class=\"mc-column content-text active-extra-styles \" data-block-type=\"unstyled\" data-block-weight=\"23\" data-block-id=\"14\">\n<p class=\"content-text__container \" data-track-category=\"Link no Texto\" data-track-links=\"\">Nas \u00faltimas semanas o estado vive uma nova piora da pandemia, com aumento de interna\u00e7\u00f5es, novos casos e novas mortes por coronav\u00edrus.<\/p>\n<\/div>\n<div class=\"mc-column content-text active-extra-styles \" data-block-type=\"unstyled\" data-block-weight=\"24\" data-block-id=\"15\">\n<p class=\"content-text__container \" data-track-category=\"Link no Texto\" data-track-links=\"\">At\u00e9 esta segunda, o estado de S\u00e3o Paulo\u00a0<span class=\"highlight highlighted\">contabilizou 45.136 mortes e 1,38 milh\u00e3o de casos confirmados de Covid-19 desde o in\u00edcio da pandemia.<\/span><\/p>\n<\/div>\n<div class=\"mc-column content-text active-extra-styles \" data-block-type=\"unstyled\" data-block-weight=\"24\" data-block-id=\"16\">\n<p class=\"content-text__container \" data-track-category=\"Link no Texto\" data-track-links=\"\">A m\u00e9dia m\u00f3vel di\u00e1ria de mortes, que leva em considera\u00e7\u00e3o os registros dos \u00faltimos 7 dias, \u00e9 de 155 mortes di\u00e1rias no estado.<\/p>\n<\/div>\n<div class=\"mc-column content-text active-extra-styles \" data-block-type=\"unstyled\" data-block-weight=\"41\" data-block-id=\"17\">\n<p class=\"content-text__container \" data-track-category=\"Link no Texto\" data-track-links=\"\"><span class=\"highlight highlighted\">O valor \u00e9 9% maior do que o registrado h\u00e1 14 dias<\/span>, o que para especialistas indica tend\u00eancia de estabilidade. A m\u00e9dia m\u00f3vel de mortes\u00a0<a href=\"https:\/\/g1.globo.com\/sp\/sao-paulo\/noticia\/2020\/12\/18\/media-movel-de-mortes-por-covid-19-em-sp-volta-a-ficar-acima-de-150-por-dia.ghtml\">voltou a ficar acima de 150 na sexta-feira (18)<\/a>, o que n\u00e3o acontecia desde outubro.<\/p>\n<\/div>\n<div class=\"mc-column content-text active-extra-styles \" data-block-type=\"unstyled\" data-block-weight=\"36\" data-block-id=\"18\">\n<p class=\"content-text__container \" data-track-category=\"Link no Texto\" data-track-links=\"\">J\u00e1 a m\u00e9dia m\u00f3vel di\u00e1ria de casos est\u00e1 em 7.290 novos casos por dia nesta segunda.\u00a0<span class=\"highlight highlighted\">O valor \u00e9 10% maior do que o registrado h\u00e1 14 dias<\/span>, o que tamb\u00e9m indica tend\u00eancia de estabilidade.<\/p>\n<\/div>\n<div class=\"content-ads content-ads--reveal\" data-block-type=\"ads\" data-block-id=\"19\">\n<div id=\"banner_materia__4b817f64-aed3-4bf8-857b-8ddfca44c8cd\" class=\"tag-manager-publicidade-container mc-has-reveal mc-has-ad-lazyload tag-manager-publicidade-banner_materia__4b817f64-aed3-4bf8-857b-8ddfca44c8cd tag-manager-publicidade-container--carregado tag-manager-publicidade-container--visivel\" data-id=\"banner_materia__4b817f64-aed3-4bf8-857b-8ddfca44c8cd\" data-req=\"true\" data-google-query-id=\"CMf144H-4e0CFX4FuQYdK-ENKg\" data-cid=\"138334379240\" data-lid=\"5555677634\">\n<div id=\"google_ads_iframe_\/95377733\/tvg_G1\/Sua_Regiao&gt;Sudeste&gt;Sao_Paulo_4__container__\" style=\"box-sizing: inherit; margin: auto; padding: 0px; border: 0pt none; font: inherit; vertical-align: initial; max-width: 100%; text-align: center;\"><\/div>\n<\/div>\n<\/div>\n<div class=\"mc-column content-text active-extra-styles \" data-block-type=\"unstyled\" data-block-weight=\"53\" data-block-id=\"20\">\n<p class=\"content-text__container \" data-track-category=\"Link no Texto\" data-track-links=\"\">A taxa de ocupa\u00e7\u00e3o de leitos de Unidade de Terapia Intensiva (UTI) no estado est\u00e1 aumentando progressivamente e voltou a ficar\u00a0<a href=\"https:\/\/g1.globo.com\/sp\/sao-paulo\/noticia\/2020\/12\/15\/estado-de-sp-tem-mais-de-11-mil-pacientes-internados-com-covid-19-e-taxa-de-ocupacao-de-uti-volta-a-ficar-acima-de-60percent.ghtml\">acima de 60% na \u00faltima ter\u00e7a-feira (15)<\/a>, o que n\u00e3o acontecia desde 5 de agosto. Na \u00faltima semana, algumas cidades da Grande S\u00e3o Paulo\u00a0<a href=\"https:\/\/g1.globo.com\/sp\/sao-paulo\/noticia\/2020\/12\/10\/ocupacao-de-utis-para-covid-19-em-cinco-cidades-da-grande-sp-supera-80percent.ghtml\">chegaram a registrar taxas acima de 80%<\/a>.<\/p>\n<\/div>\n<div class=\"mc-column content-text active-extra-styles \" data-block-type=\"unstyled\" data-block-weight=\"36\" data-block-id=\"21\">\n<p class=\"content-text__container \" data-track-category=\"Link no Texto\" data-track-links=\"\">No dia 11 de dezembro, o governador de S\u00e3o Paulo,\u00a0<a href=\"https:\/\/g1.globo.com\/politica\/politico\/joao-doria\/\">Jo\u00e3o Doria<\/a>\u00a0(PSDB), afirmou que<a href=\"https:\/\/g1.globo.com\/sp\/sao-paulo\/noticia\/2020\/12\/10\/ocupacao-de-utis-para-covid-19-em-cinco-cidades-da-grande-sp-supera-80percent.ghtml\">\u00a0vai garantir a abertura de 2 mil novos leitos do Sistema \u00danico de Sa\u00fade (SUS) destinados para pacientes da Covid-19<\/a>.<\/p>\n<\/div>\n<p data-track-category=\"Link no Texto\" data-track-links=\"\">fonte : G1<\/p>\n<\/div>\n<div class=\"row medium-uncollapsed content-media content-photo\" data-block-type=\"backstage-photo\" data-block-id=\"8\">\n<div class=\"mc-column content-media__container\"><\/div>\n<\/div>\n<\/div>\n","protected":false},"excerpt":{"rendered":"<p>Comit\u00ea de sa\u00fade determinou que apenas servi\u00e7os essenciais poder\u00e3o funcionar<\/p>\n","protected":false},"author":2,"featured_media":41023,"comment_status":"open","ping_status":"open","sticky":false,"template":"","format":"standard","meta":{"footnotes":""},"categories":[7],"tags":[],"class_list":["post-41022","post","type-post","status-publish","format-standard","has-post-thumbnail","hentry","category-estado-de-sao-paulo"],"yoast_head":"<!-- This site is optimized with the Yoast SEO plugin v27.4 - https:\/\/yoast.com\/product\/yoast-seo-wordpress\/ -->\n<title>Governo de SP endurece quarentena durante festas de final de ano para conter avan\u00e7o da Covid-19 no estado - Regi\u00e3o News<\/title>\n<meta name=\"robots\" content=\"index, follow, max-snippet:-1, max-image-preview:large, max-video-preview:-1\" \/>\n<link rel=\"canonical\" href=\"https:\/\/regiaonews.net.br\/2022\/2020\/12\/22\/governo-de-sp-endurece-quarentena-durante-festas-de-final-de-ano-para-conter-avanco-da-covid-19-no-estado\/\" \/>\n<meta property=\"og:locale\" content=\"pt_BR\" \/>\n<meta property=\"og:type\" content=\"article\" \/>\n<meta property=\"og:title\" content=\"Governo de SP endurece quarentena durante festas de final de ano para conter avan\u00e7o da Covid-19 no estado - Regi\u00e3o News\" \/>\n<meta property=\"og:description\" content=\"Comit\u00ea de sa\u00fade determinou que apenas servi\u00e7os essenciais poder\u00e3o funcionar\" \/>\n<meta property=\"og:url\" content=\"https:\/\/regiaonews.net.br\/2022\/2020\/12\/22\/governo-de-sp-endurece-quarentena-durante-festas-de-final-de-ano-para-conter-avanco-da-covid-19-no-estado\/\" \/>\n<meta property=\"og:site_name\" content=\"Regi\u00e3o News\" \/>\n<meta property=\"article:published_time\" content=\"2020-12-22T16:13:13+00:00\" \/>\n<meta property=\"article:modified_time\" content=\"2020-12-22T16:16:56+00:00\" \/>\n<meta property=\"og:image\" content=\"https:\/\/regiaonews.net.br\/2022\/wp-content\/uploads\/2020\/12\/frame-00-11-29.067.jpg\" \/>\n\t<meta property=\"og:image:width\" content=\"984\" \/>\n\t<meta property=\"og:image:height\" content=\"554\" \/>\n\t<meta property=\"og:image:type\" content=\"image\/jpeg\" \/>\n<meta name=\"author\" content=\"Roberto\" \/>\n<meta name=\"twitter:card\" content=\"summary_large_image\" \/>\n<meta name=\"twitter:label1\" content=\"Escrito por\" \/>\n\t<meta name=\"twitter:data1\" content=\"Roberto\" \/>\n\t<meta name=\"twitter:label2\" content=\"Est. tempo de leitura\" \/>\n\t<meta name=\"twitter:data2\" content=\"3 minutos\" \/>\n<script type=\"application\/ld+json\" class=\"yoast-schema-graph\">{\"@context\":\"https:\\\/\\\/schema.org\",\"@graph\":[{\"@type\":\"Article\",\"@id\":\"https:\\\/\\\/regiaonews.net.br\\\/2022\\\/2020\\\/12\\\/22\\\/governo-de-sp-endurece-quarentena-durante-festas-de-final-de-ano-para-conter-avanco-da-covid-19-no-estado\\\/#article\",\"isPartOf\":{\"@id\":\"https:\\\/\\\/regiaonews.net.br\\\/2022\\\/2020\\\/12\\\/22\\\/governo-de-sp-endurece-quarentena-durante-festas-de-final-de-ano-para-conter-avanco-da-covid-19-no-estado\\\/\"},\"author\":{\"name\":\"Roberto\",\"@id\":\"https:\\\/\\\/regiaonews.net.br\\\/2022\\\/#\\\/schema\\\/person\\\/2d205a608a5aa97ac279d7a5e6d89ad8\"},\"headline\":\"Governo de SP endurece quarentena durante festas de final de ano para conter avan\u00e7o da Covid-19 no estado\",\"datePublished\":\"2020-12-22T16:13:13+00:00\",\"dateModified\":\"2020-12-22T16:16:56+00:00\",\"mainEntityOfPage\":{\"@id\":\"https:\\\/\\\/regiaonews.net.br\\\/2022\\\/2020\\\/12\\\/22\\\/governo-de-sp-endurece-quarentena-durante-festas-de-final-de-ano-para-conter-avanco-da-covid-19-no-estado\\\/\"},\"wordCount\":610,\"commentCount\":0,\"publisher\":{\"@id\":\"https:\\\/\\\/regiaonews.net.br\\\/2022\\\/#organization\"},\"image\":{\"@id\":\"https:\\\/\\\/regiaonews.net.br\\\/2022\\\/2020\\\/12\\\/22\\\/governo-de-sp-endurece-quarentena-durante-festas-de-final-de-ano-para-conter-avanco-da-covid-19-no-estado\\\/#primaryimage\"},\"thumbnailUrl\":\"https:\\\/\\\/regiaonews.net.br\\\/2022\\\/wp-content\\\/uploads\\\/2020\\\/12\\\/frame-00-11-29.067.jpg\",\"articleSection\":[\"Estado de S\u00e3o Paulo\"],\"inLanguage\":\"pt-BR\",\"potentialAction\":[{\"@type\":\"CommentAction\",\"name\":\"Comment\",\"target\":[\"https:\\\/\\\/regiaonews.net.br\\\/2022\\\/2020\\\/12\\\/22\\\/governo-de-sp-endurece-quarentena-durante-festas-de-final-de-ano-para-conter-avanco-da-covid-19-no-estado\\\/#respond\"]}]},{\"@type\":\"WebPage\",\"@id\":\"https:\\\/\\\/regiaonews.net.br\\\/2022\\\/2020\\\/12\\\/22\\\/governo-de-sp-endurece-quarentena-durante-festas-de-final-de-ano-para-conter-avanco-da-covid-19-no-estado\\\/\",\"url\":\"https:\\\/\\\/regiaonews.net.br\\\/2022\\\/2020\\\/12\\\/22\\\/governo-de-sp-endurece-quarentena-durante-festas-de-final-de-ano-para-conter-avanco-da-covid-19-no-estado\\\/\",\"name\":\"Governo de SP endurece quarentena durante festas de final de ano para conter avan\u00e7o da Covid-19 no estado - Regi\u00e3o News\",\"isPartOf\":{\"@id\":\"https:\\\/\\\/regiaonews.net.br\\\/2022\\\/#website\"},\"primaryImageOfPage\":{\"@id\":\"https:\\\/\\\/regiaonews.net.br\\\/2022\\\/2020\\\/12\\\/22\\\/governo-de-sp-endurece-quarentena-durante-festas-de-final-de-ano-para-conter-avanco-da-covid-19-no-estado\\\/#primaryimage\"},\"image\":{\"@id\":\"https:\\\/\\\/regiaonews.net.br\\\/2022\\\/2020\\\/12\\\/22\\\/governo-de-sp-endurece-quarentena-durante-festas-de-final-de-ano-para-conter-avanco-da-covid-19-no-estado\\\/#primaryimage\"},\"thumbnailUrl\":\"https:\\\/\\\/regiaonews.net.br\\\/2022\\\/wp-content\\\/uploads\\\/2020\\\/12\\\/frame-00-11-29.067.jpg\",\"datePublished\":\"2020-12-22T16:13:13+00:00\",\"dateModified\":\"2020-12-22T16:16:56+00:00\",\"breadcrumb\":{\"@id\":\"https:\\\/\\\/regiaonews.net.br\\\/2022\\\/2020\\\/12\\\/22\\\/governo-de-sp-endurece-quarentena-durante-festas-de-final-de-ano-para-conter-avanco-da-covid-19-no-estado\\\/#breadcrumb\"},\"inLanguage\":\"pt-BR\",\"potentialAction\":[{\"@type\":\"ReadAction\",\"target\":[\"https:\\\/\\\/regiaonews.net.br\\\/2022\\\/2020\\\/12\\\/22\\\/governo-de-sp-endurece-quarentena-durante-festas-de-final-de-ano-para-conter-avanco-da-covid-19-no-estado\\\/\"]}]},{\"@type\":\"ImageObject\",\"inLanguage\":\"pt-BR\",\"@id\":\"https:\\\/\\\/regiaonews.net.br\\\/2022\\\/2020\\\/12\\\/22\\\/governo-de-sp-endurece-quarentena-durante-festas-de-final-de-ano-para-conter-avanco-da-covid-19-no-estado\\\/#primaryimage\",\"url\":\"https:\\\/\\\/regiaonews.net.br\\\/2022\\\/wp-content\\\/uploads\\\/2020\\\/12\\\/frame-00-11-29.067.jpg\",\"contentUrl\":\"https:\\\/\\\/regiaonews.net.br\\\/2022\\\/wp-content\\\/uploads\\\/2020\\\/12\\\/frame-00-11-29.067.jpg\",\"width\":984,\"height\":554},{\"@type\":\"BreadcrumbList\",\"@id\":\"https:\\\/\\\/regiaonews.net.br\\\/2022\\\/2020\\\/12\\\/22\\\/governo-de-sp-endurece-quarentena-durante-festas-de-final-de-ano-para-conter-avanco-da-covid-19-no-estado\\\/#breadcrumb\",\"itemListElement\":[{\"@type\":\"ListItem\",\"position\":1,\"name\":\"In\u00edcio\",\"item\":\"https:\\\/\\\/regiaonews.net.br\\\/2022\\\/\"},{\"@type\":\"ListItem\",\"position\":2,\"name\":\"Governo de SP endurece quarentena durante festas de final de ano para conter avan\u00e7o da Covid-19 no estado\"}]},{\"@type\":\"WebSite\",\"@id\":\"https:\\\/\\\/regiaonews.net.br\\\/2022\\\/#website\",\"url\":\"https:\\\/\\\/regiaonews.net.br\\\/2022\\\/\",\"name\":\"Regi\u00e3o News\",\"description\":\"Site de Not\u00edcias de Barretos e regi\u00e3o\",\"publisher\":{\"@id\":\"https:\\\/\\\/regiaonews.net.br\\\/2022\\\/#organization\"},\"potentialAction\":[{\"@type\":\"SearchAction\",\"target\":{\"@type\":\"EntryPoint\",\"urlTemplate\":\"https:\\\/\\\/regiaonews.net.br\\\/2022\\\/?s={search_term_string}\"},\"query-input\":{\"@type\":\"PropertyValueSpecification\",\"valueRequired\":true,\"valueName\":\"search_term_string\"}}],\"inLanguage\":\"pt-BR\"},{\"@type\":\"Organization\",\"@id\":\"https:\\\/\\\/regiaonews.net.br\\\/2022\\\/#organization\",\"name\":\"Regi\u00e3o News\",\"url\":\"https:\\\/\\\/regiaonews.net.br\\\/2022\\\/\",\"logo\":{\"@type\":\"ImageObject\",\"inLanguage\":\"pt-BR\",\"@id\":\"https:\\\/\\\/regiaonews.net.br\\\/2022\\\/#\\\/schema\\\/logo\\\/image\\\/\",\"url\":\"https:\\\/\\\/regiaonews.net.br\\\/2022\\\/wp-content\\\/uploads\\\/2026\\\/03\\\/regiao-13-anos-scaled.jpg\",\"contentUrl\":\"https:\\\/\\\/regiaonews.net.br\\\/2022\\\/wp-content\\\/uploads\\\/2026\\\/03\\\/regiao-13-anos-scaled.jpg\",\"width\":2560,\"height\":635,\"caption\":\"Regi\u00e3o News\"},\"image\":{\"@id\":\"https:\\\/\\\/regiaonews.net.br\\\/2022\\\/#\\\/schema\\\/logo\\\/image\\\/\"}},{\"@type\":\"Person\",\"@id\":\"https:\\\/\\\/regiaonews.net.br\\\/2022\\\/#\\\/schema\\\/person\\\/2d205a608a5aa97ac279d7a5e6d89ad8\",\"name\":\"Roberto\",\"image\":{\"@type\":\"ImageObject\",\"inLanguage\":\"pt-BR\",\"@id\":\"https:\\\/\\\/secure.gravatar.com\\\/avatar\\\/42749d8b712ff9d59ca93dc150494e5b55a44134482993f5baeb97e61b7ecc89?s=96&d=mm&r=g\",\"url\":\"https:\\\/\\\/secure.gravatar.com\\\/avatar\\\/42749d8b712ff9d59ca93dc150494e5b55a44134482993f5baeb97e61b7ecc89?s=96&d=mm&r=g\",\"contentUrl\":\"https:\\\/\\\/secure.gravatar.com\\\/avatar\\\/42749d8b712ff9d59ca93dc150494e5b55a44134482993f5baeb97e61b7ecc89?s=96&d=mm&r=g\",\"caption\":\"Roberto\"},\"url\":\"https:\\\/\\\/regiaonews.net.br\\\/2022\\\/author\\\/roberto\\\/\"}]}<\/script>\n<!-- \/ Yoast SEO plugin. -->","yoast_head_json":{"title":"Governo de SP endurece quarentena durante festas de final de ano para conter avan\u00e7o da Covid-19 no estado - Regi\u00e3o News","robots":{"index":"index","follow":"follow","max-snippet":"max-snippet:-1","max-image-preview":"max-image-preview:large","max-video-preview":"max-video-preview:-1"},"canonical":"https:\/\/regiaonews.net.br\/2022\/2020\/12\/22\/governo-de-sp-endurece-quarentena-durante-festas-de-final-de-ano-para-conter-avanco-da-covid-19-no-estado\/","og_locale":"pt_BR","og_type":"article","og_title":"Governo de SP endurece quarentena durante festas de final de ano para conter avan\u00e7o da Covid-19 no estado - Regi\u00e3o News","og_description":"Comit\u00ea de sa\u00fade determinou que apenas servi\u00e7os essenciais poder\u00e3o funcionar","og_url":"https:\/\/regiaonews.net.br\/2022\/2020\/12\/22\/governo-de-sp-endurece-quarentena-durante-festas-de-final-de-ano-para-conter-avanco-da-covid-19-no-estado\/","og_site_name":"Regi\u00e3o News","article_published_time":"2020-12-22T16:13:13+00:00","article_modified_time":"2020-12-22T16:16:56+00:00","og_image":[{"width":984,"height":554,"url":"https:\/\/regiaonews.net.br\/2022\/wp-content\/uploads\/2020\/12\/frame-00-11-29.067.jpg","type":"image\/jpeg"}],"author":"Roberto","twitter_card":"summary_large_image","twitter_misc":{"Escrito por":"Roberto","Est. tempo de leitura":"3 minutos"},"schema":{"@context":"https:\/\/schema.org","@graph":[{"@type":"Article","@id":"https:\/\/regiaonews.net.br\/2022\/2020\/12\/22\/governo-de-sp-endurece-quarentena-durante-festas-de-final-de-ano-para-conter-avanco-da-covid-19-no-estado\/#article","isPartOf":{"@id":"https:\/\/regiaonews.net.br\/2022\/2020\/12\/22\/governo-de-sp-endurece-quarentena-durante-festas-de-final-de-ano-para-conter-avanco-da-covid-19-no-estado\/"},"author":{"name":"Roberto","@id":"https:\/\/regiaonews.net.br\/2022\/#\/schema\/person\/2d205a608a5aa97ac279d7a5e6d89ad8"},"headline":"Governo de SP endurece quarentena durante festas de final de ano para conter avan\u00e7o da Covid-19 no estado","datePublished":"2020-12-22T16:13:13+00:00","dateModified":"2020-12-22T16:16:56+00:00","mainEntityOfPage":{"@id":"https:\/\/regiaonews.net.br\/2022\/2020\/12\/22\/governo-de-sp-endurece-quarentena-durante-festas-de-final-de-ano-para-conter-avanco-da-covid-19-no-estado\/"},"wordCount":610,"commentCount":0,"publisher":{"@id":"https:\/\/regiaonews.net.br\/2022\/#organization"},"image":{"@id":"https:\/\/regiaonews.net.br\/2022\/2020\/12\/22\/governo-de-sp-endurece-quarentena-durante-festas-de-final-de-ano-para-conter-avanco-da-covid-19-no-estado\/#primaryimage"},"thumbnailUrl":"https:\/\/regiaonews.net.br\/2022\/wp-content\/uploads\/2020\/12\/frame-00-11-29.067.jpg","articleSection":["Estado de S\u00e3o Paulo"],"inLanguage":"pt-BR","potentialAction":[{"@type":"CommentAction","name":"Comment","target":["https:\/\/regiaonews.net.br\/2022\/2020\/12\/22\/governo-de-sp-endurece-quarentena-durante-festas-de-final-de-ano-para-conter-avanco-da-covid-19-no-estado\/#respond"]}]},{"@type":"WebPage","@id":"https:\/\/regiaonews.net.br\/2022\/2020\/12\/22\/governo-de-sp-endurece-quarentena-durante-festas-de-final-de-ano-para-conter-avanco-da-covid-19-no-estado\/","url":"https:\/\/regiaonews.net.br\/2022\/2020\/12\/22\/governo-de-sp-endurece-quarentena-durante-festas-de-final-de-ano-para-conter-avanco-da-covid-19-no-estado\/","name":"Governo de SP endurece quarentena durante festas de final de ano para conter avan\u00e7o da Covid-19 no estado - Regi\u00e3o News","isPartOf":{"@id":"https:\/\/regiaonews.net.br\/2022\/#website"},"primaryImageOfPage":{"@id":"https:\/\/regiaonews.net.br\/2022\/2020\/12\/22\/governo-de-sp-endurece-quarentena-durante-festas-de-final-de-ano-para-conter-avanco-da-covid-19-no-estado\/#primaryimage"},"image":{"@id":"https:\/\/regiaonews.net.br\/2022\/2020\/12\/22\/governo-de-sp-endurece-quarentena-durante-festas-de-final-de-ano-para-conter-avanco-da-covid-19-no-estado\/#primaryimage"},"thumbnailUrl":"https:\/\/regiaonews.net.br\/2022\/wp-content\/uploads\/2020\/12\/frame-00-11-29.067.jpg","datePublished":"2020-12-22T16:13:13+00:00","dateModified":"2020-12-22T16:16:56+00:00","breadcrumb":{"@id":"https:\/\/regiaonews.net.br\/2022\/2020\/12\/22\/governo-de-sp-endurece-quarentena-durante-festas-de-final-de-ano-para-conter-avanco-da-covid-19-no-estado\/#breadcrumb"},"inLanguage":"pt-BR","potentialAction":[{"@type":"ReadAction","target":["https:\/\/regiaonews.net.br\/2022\/2020\/12\/22\/governo-de-sp-endurece-quarentena-durante-festas-de-final-de-ano-para-conter-avanco-da-covid-19-no-estado\/"]}]},{"@type":"ImageObject","inLanguage":"pt-BR","@id":"https:\/\/regiaonews.net.br\/2022\/2020\/12\/22\/governo-de-sp-endurece-quarentena-durante-festas-de-final-de-ano-para-conter-avanco-da-covid-19-no-estado\/#primaryimage","url":"https:\/\/regiaonews.net.br\/2022\/wp-content\/uploads\/2020\/12\/frame-00-11-29.067.jpg","contentUrl":"https:\/\/regiaonews.net.br\/2022\/wp-content\/uploads\/2020\/12\/frame-00-11-29.067.jpg","width":984,"height":554},{"@type":"BreadcrumbList","@id":"https:\/\/regiaonews.net.br\/2022\/2020\/12\/22\/governo-de-sp-endurece-quarentena-durante-festas-de-final-de-ano-para-conter-avanco-da-covid-19-no-estado\/#breadcrumb","itemListElement":[{"@type":"ListItem","position":1,"name":"In\u00edcio","item":"https:\/\/regiaonews.net.br\/2022\/"},{"@type":"ListItem","position":2,"name":"Governo de SP endurece quarentena durante festas de final de ano para conter avan\u00e7o da Covid-19 no estado"}]},{"@type":"WebSite","@id":"https:\/\/regiaonews.net.br\/2022\/#website","url":"https:\/\/regiaonews.net.br\/2022\/","name":"Regi\u00e3o News","description":"Site de Not\u00edcias de Barretos e regi\u00e3o","publisher":{"@id":"https:\/\/regiaonews.net.br\/2022\/#organization"},"potentialAction":[{"@type":"SearchAction","target":{"@type":"EntryPoint","urlTemplate":"https:\/\/regiaonews.net.br\/2022\/?s={search_term_string}"},"query-input":{"@type":"PropertyValueSpecification","valueRequired":true,"valueName":"search_term_string"}}],"inLanguage":"pt-BR"},{"@type":"Organization","@id":"https:\/\/regiaonews.net.br\/2022\/#organization","name":"Regi\u00e3o News","url":"https:\/\/regiaonews.net.br\/2022\/","logo":{"@type":"ImageObject","inLanguage":"pt-BR","@id":"https:\/\/regiaonews.net.br\/2022\/#\/schema\/logo\/image\/","url":"https:\/\/regiaonews.net.br\/2022\/wp-content\/uploads\/2026\/03\/regiao-13-anos-scaled.jpg","contentUrl":"https:\/\/regiaonews.net.br\/2022\/wp-content\/uploads\/2026\/03\/regiao-13-anos-scaled.jpg","width":2560,"height":635,"caption":"Regi\u00e3o News"},"image":{"@id":"https:\/\/regiaonews.net.br\/2022\/#\/schema\/logo\/image\/"}},{"@type":"Person","@id":"https:\/\/regiaonews.net.br\/2022\/#\/schema\/person\/2d205a608a5aa97ac279d7a5e6d89ad8","name":"Roberto","image":{"@type":"ImageObject","inLanguage":"pt-BR","@id":"https:\/\/secure.gravatar.com\/avatar\/42749d8b712ff9d59ca93dc150494e5b55a44134482993f5baeb97e61b7ecc89?s=96&d=mm&r=g","url":"https:\/\/secure.gravatar.com\/avatar\/42749d8b712ff9d59ca93dc150494e5b55a44134482993f5baeb97e61b7ecc89?s=96&d=mm&r=g","contentUrl":"https:\/\/secure.gravatar.com\/avatar\/42749d8b712ff9d59ca93dc150494e5b55a44134482993f5baeb97e61b7ecc89?s=96&d=mm&r=g","caption":"Roberto"},"url":"https:\/\/regiaonews.net.br\/2022\/author\/roberto\/"}]}},"publishpress_future_action":{"enabled":false,"date":"2026-05-04 01:46:30","action":"change-status","newStatus":"draft","terms":[],"taxonomy":"category","extraData":[]},"publishpress_future_workflow_manual_trigger":{"enabledWorkflows":[]},"_links":{"self":[{"href":"https:\/\/regiaonews.net.br\/2022\/wp-json\/wp\/v2\/posts\/41022","targetHints":{"allow":["GET"]}}],"collection":[{"href":"https:\/\/regiaonews.net.br\/2022\/wp-json\/wp\/v2\/posts"}],"about":[{"href":"https:\/\/regiaonews.net.br\/2022\/wp-json\/wp\/v2\/types\/post"}],"author":[{"embeddable":true,"href":"https:\/\/regiaonews.net.br\/2022\/wp-json\/wp\/v2\/users\/2"}],"replies":[{"embeddable":true,"href":"https:\/\/regiaonews.net.br\/2022\/wp-json\/wp\/v2\/comments?post=41022"}],"version-history":[{"count":0,"href":"https:\/\/regiaonews.net.br\/2022\/wp-json\/wp\/v2\/posts\/41022\/revisions"}],"wp:featuredmedia":[{"embeddable":true,"href":"https:\/\/regiaonews.net.br\/2022\/wp-json\/wp\/v2\/media\/41023"}],"wp:attachment":[{"href":"https:\/\/regiaonews.net.br\/2022\/wp-json\/wp\/v2\/media?parent=41022"}],"wp:term":[{"taxonomy":"category","embeddable":true,"href":"https:\/\/regiaonews.net.br\/2022\/wp-json\/wp\/v2\/categories?post=41022"},{"taxonomy":"post_tag","embeddable":true,"href":"https:\/\/regiaonews.net.br\/2022\/wp-json\/wp\/v2\/tags?post=41022"}],"curies":[{"name":"wp","href":"https:\/\/api.w.org\/{rel}","templated":true}]}}