{"id":41009,"date":"2020-12-22T08:54:10","date_gmt":"2020-12-22T11:54:10","guid":{"rendered":"https:\/\/regiaonews.net.br\/2022\/?p=41009"},"modified":"2020-12-22T08:54:10","modified_gmt":"2020-12-22T11:54:10","slug":"eta-dama-ganha-novo-sistema-de-decantacao","status":"publish","type":"post","link":"https:\/\/regiaonews.net.br\/2022\/2020\/12\/22\/eta-dama-ganha-novo-sistema-de-decantacao\/","title":{"rendered":"ETA Dama ganha novo sistema de decanta\u00e7\u00e3o"},"content":{"rendered":"<p><a href=\"https:\/\/regiaonews.net.br\/2022\/wp-content\/uploads\/2020\/12\/935dab6d-a601-482d-8815-345218de54f4.jpg\"><img loading=\"lazy\" decoding=\"async\" class=\"alignnone size-medium wp-image-41010\" src=\"https:\/\/regiaonews.net.br\/2022\/wp-content\/uploads\/2020\/12\/935dab6d-a601-482d-8815-345218de54f4-300x225.jpg\" alt=\"\" width=\"300\" height=\"225\" \/><\/a><br \/>\nFoto \u2013 Equipamentos instalados na ETA do DAMA<br \/>\nA ETA (Esta\u00e7\u00e3o de Tratamento de Esgoto) do DAMA, localizada na Vicinal H\u00e9lio Ribeiro \u2013 trecho do Parque ao Pe\u00e3o ao Rio das Pedras, ganhou um sistema de decanta\u00e7\u00e3o (aera\u00e7\u00e3o) composto do 87 motores, num investimento de R$ 1.170 milh\u00e3o, sendo R$ 1 milh\u00e3o do Governo Federal, por meio do Minist\u00e9rio do Desenvolvimento Regional e contra partida de R$ 160 mil da Prefeitura.<br \/>\nO montante do Governo Federal \u00e9 fruto de emenda parlamentar dos deputados federais Milton Monti e Paulinho da For\u00e7a (Solidariedade).<br \/>\nA ETA Dama atende a popula\u00e7\u00e3o das regi\u00f5es norte e oeste, al\u00e9m do Parque do Pe\u00e3o. A obra foi executada pela Prefeitura que passou a unidade e o SAAE \u00e9 o respons\u00e1vel pela opera\u00e7\u00e3o do sistema de aera\u00e7\u00e3o implantado.<br \/>\nOntem (21), a superintendente do SAAE, Elaine Pereira Gomes, esteve no local, onde recebeu a documenta\u00e7\u00e3o do secret\u00e1rio de Planejamento da Prefeitura, Ronaldo C\u00e2mara, juntamente com os engenheiros Rafael Hotf Puga e Valter Pereira Gomes, t\u00e9cnicos do Setor de Capta\u00e7\u00e3o de Recursos.<\/p>\n","protected":false},"excerpt":{"rendered":"<p>Foto \u2013 Equipamentos instalados na ETA do DAMA A ETA<\/p>\n","protected":false},"author":2,"featured_media":41010,"comment_status":"open","ping_status":"open","sticky":false,"template":"","format":"standard","meta":{"footnotes":""},"categories":[14,25],"tags":[],"class_list":["post-41009","post","type-post","status-publish","format-standard","has-post-thumbnail","hentry","category-barretos","category-cidades"],"yoast_head":"<!-- This site is optimized with the Yoast SEO plugin v27.4 - https:\/\/yoast.com\/product\/yoast-seo-wordpress\/ -->\n<title>ETA Dama ganha novo sistema de decanta\u00e7\u00e3o - Regi\u00e3o News<\/title>\n<meta name=\"robots\" content=\"index, follow, max-snippet:-1, max-image-preview:large, max-video-preview:-1\" \/>\n<link rel=\"canonical\" href=\"https:\/\/regiaonews.net.br\/2022\/2020\/12\/22\/eta-dama-ganha-novo-sistema-de-decantacao\/\" \/>\n<meta property=\"og:locale\" content=\"pt_BR\" \/>\n<meta property=\"og:type\" content=\"article\" \/>\n<meta property=\"og:title\" content=\"ETA Dama ganha novo sistema de decanta\u00e7\u00e3o - Regi\u00e3o News\" \/>\n<meta property=\"og:description\" content=\"Foto \u2013 Equipamentos instalados na ETA do DAMA A ETA\" \/>\n<meta property=\"og:url\" content=\"https:\/\/regiaonews.net.br\/2022\/2020\/12\/22\/eta-dama-ganha-novo-sistema-de-decantacao\/\" \/>\n<meta property=\"og:site_name\" content=\"Regi\u00e3o News\" \/>\n<meta property=\"article:published_time\" content=\"2020-12-22T11:54:10+00:00\" \/>\n<meta property=\"og:image\" content=\"https:\/\/regiaonews.net.br\/2022\/wp-content\/uploads\/2020\/12\/935dab6d-a601-482d-8815-345218de54f4.jpg\" \/>\n\t<meta property=\"og:image:width\" content=\"1280\" \/>\n\t<meta property=\"og:image:height\" content=\"960\" \/>\n\t<meta property=\"og:image:type\" content=\"image\/jpeg\" \/>\n<meta name=\"author\" content=\"Roberto\" \/>\n<meta name=\"twitter:card\" content=\"summary_large_image\" \/>\n<meta name=\"twitter:label1\" content=\"Escrito por\" \/>\n\t<meta name=\"twitter:data1\" content=\"Roberto\" \/>\n\t<meta name=\"twitter:label2\" content=\"Est. tempo de leitura\" \/>\n\t<meta name=\"twitter:data2\" content=\"1 minuto\" \/>\n<script type=\"application\/ld+json\" class=\"yoast-schema-graph\">{\"@context\":\"https:\\\/\\\/schema.org\",\"@graph\":[{\"@type\":\"Article\",\"@id\":\"https:\\\/\\\/regiaonews.net.br\\\/2022\\\/2020\\\/12\\\/22\\\/eta-dama-ganha-novo-sistema-de-decantacao\\\/#article\",\"isPartOf\":{\"@id\":\"https:\\\/\\\/regiaonews.net.br\\\/2022\\\/2020\\\/12\\\/22\\\/eta-dama-ganha-novo-sistema-de-decantacao\\\/\"},\"author\":{\"name\":\"Roberto\",\"@id\":\"https:\\\/\\\/regiaonews.net.br\\\/2022\\\/#\\\/schema\\\/person\\\/2d205a608a5aa97ac279d7a5e6d89ad8\"},\"headline\":\"ETA Dama ganha novo sistema de decanta\u00e7\u00e3o\",\"datePublished\":\"2020-12-22T11:54:10+00:00\",\"mainEntityOfPage\":{\"@id\":\"https:\\\/\\\/regiaonews.net.br\\\/2022\\\/2020\\\/12\\\/22\\\/eta-dama-ganha-novo-sistema-de-decantacao\\\/\"},\"wordCount\":192,\"commentCount\":0,\"publisher\":{\"@id\":\"https:\\\/\\\/regiaonews.net.br\\\/2022\\\/#organization\"},\"image\":{\"@id\":\"https:\\\/\\\/regiaonews.net.br\\\/2022\\\/2020\\\/12\\\/22\\\/eta-dama-ganha-novo-sistema-de-decantacao\\\/#primaryimage\"},\"thumbnailUrl\":\"https:\\\/\\\/regiaonews.net.br\\\/2022\\\/wp-content\\\/uploads\\\/2020\\\/12\\\/935dab6d-a601-482d-8815-345218de54f4.jpg\",\"articleSection\":[\"Barretos\",\"Cidades\"],\"inLanguage\":\"pt-BR\",\"potentialAction\":[{\"@type\":\"CommentAction\",\"name\":\"Comment\",\"target\":[\"https:\\\/\\\/regiaonews.net.br\\\/2022\\\/2020\\\/12\\\/22\\\/eta-dama-ganha-novo-sistema-de-decantacao\\\/#respond\"]}]},{\"@type\":\"WebPage\",\"@id\":\"https:\\\/\\\/regiaonews.net.br\\\/2022\\\/2020\\\/12\\\/22\\\/eta-dama-ganha-novo-sistema-de-decantacao\\\/\",\"url\":\"https:\\\/\\\/regiaonews.net.br\\\/2022\\\/2020\\\/12\\\/22\\\/eta-dama-ganha-novo-sistema-de-decantacao\\\/\",\"name\":\"ETA Dama ganha novo sistema de decanta\u00e7\u00e3o - Regi\u00e3o News\",\"isPartOf\":{\"@id\":\"https:\\\/\\\/regiaonews.net.br\\\/2022\\\/#website\"},\"primaryImageOfPage\":{\"@id\":\"https:\\\/\\\/regiaonews.net.br\\\/2022\\\/2020\\\/12\\\/22\\\/eta-dama-ganha-novo-sistema-de-decantacao\\\/#primaryimage\"},\"image\":{\"@id\":\"https:\\\/\\\/regiaonews.net.br\\\/2022\\\/2020\\\/12\\\/22\\\/eta-dama-ganha-novo-sistema-de-decantacao\\\/#primaryimage\"},\"thumbnailUrl\":\"https:\\\/\\\/regiaonews.net.br\\\/2022\\\/wp-content\\\/uploads\\\/2020\\\/12\\\/935dab6d-a601-482d-8815-345218de54f4.jpg\",\"datePublished\":\"2020-12-22T11:54:10+00:00\",\"breadcrumb\":{\"@id\":\"https:\\\/\\\/regiaonews.net.br\\\/2022\\\/2020\\\/12\\\/22\\\/eta-dama-ganha-novo-sistema-de-decantacao\\\/#breadcrumb\"},\"inLanguage\":\"pt-BR\",\"potentialAction\":[{\"@type\":\"ReadAction\",\"target\":[\"https:\\\/\\\/regiaonews.net.br\\\/2022\\\/2020\\\/12\\\/22\\\/eta-dama-ganha-novo-sistema-de-decantacao\\\/\"]}]},{\"@type\":\"ImageObject\",\"inLanguage\":\"pt-BR\",\"@id\":\"https:\\\/\\\/regiaonews.net.br\\\/2022\\\/2020\\\/12\\\/22\\\/eta-dama-ganha-novo-sistema-de-decantacao\\\/#primaryimage\",\"url\":\"https:\\\/\\\/regiaonews.net.br\\\/2022\\\/wp-content\\\/uploads\\\/2020\\\/12\\\/935dab6d-a601-482d-8815-345218de54f4.jpg\",\"contentUrl\":\"https:\\\/\\\/regiaonews.net.br\\\/2022\\\/wp-content\\\/uploads\\\/2020\\\/12\\\/935dab6d-a601-482d-8815-345218de54f4.jpg\",\"width\":1280,\"height\":960},{\"@type\":\"BreadcrumbList\",\"@id\":\"https:\\\/\\\/regiaonews.net.br\\\/2022\\\/2020\\\/12\\\/22\\\/eta-dama-ganha-novo-sistema-de-decantacao\\\/#breadcrumb\",\"itemListElement\":[{\"@type\":\"ListItem\",\"position\":1,\"name\":\"In\u00edcio\",\"item\":\"https:\\\/\\\/regiaonews.net.br\\\/2022\\\/\"},{\"@type\":\"ListItem\",\"position\":2,\"name\":\"ETA Dama ganha novo sistema de decanta\u00e7\u00e3o\"}]},{\"@type\":\"WebSite\",\"@id\":\"https:\\\/\\\/regiaonews.net.br\\\/2022\\\/#website\",\"url\":\"https:\\\/\\\/regiaonews.net.br\\\/2022\\\/\",\"name\":\"Regi\u00e3o News\",\"description\":\"Site de Not\u00edcias de Barretos e regi\u00e3o\",\"publisher\":{\"@id\":\"https:\\\/\\\/regiaonews.net.br\\\/2022\\\/#organization\"},\"potentialAction\":[{\"@type\":\"SearchAction\",\"target\":{\"@type\":\"EntryPoint\",\"urlTemplate\":\"https:\\\/\\\/regiaonews.net.br\\\/2022\\\/?s={search_term_string}\"},\"query-input\":{\"@type\":\"PropertyValueSpecification\",\"valueRequired\":true,\"valueName\":\"search_term_string\"}}],\"inLanguage\":\"pt-BR\"},{\"@type\":\"Organization\",\"@id\":\"https:\\\/\\\/regiaonews.net.br\\\/2022\\\/#organization\",\"name\":\"Regi\u00e3o News\",\"url\":\"https:\\\/\\\/regiaonews.net.br\\\/2022\\\/\",\"logo\":{\"@type\":\"ImageObject\",\"inLanguage\":\"pt-BR\",\"@id\":\"https:\\\/\\\/regiaonews.net.br\\\/2022\\\/#\\\/schema\\\/logo\\\/image\\\/\",\"url\":\"https:\\\/\\\/regiaonews.net.br\\\/2022\\\/wp-content\\\/uploads\\\/2026\\\/03\\\/regiao-13-anos-scaled.jpg\",\"contentUrl\":\"https:\\\/\\\/regiaonews.net.br\\\/2022\\\/wp-content\\\/uploads\\\/2026\\\/03\\\/regiao-13-anos-scaled.jpg\",\"width\":2560,\"height\":635,\"caption\":\"Regi\u00e3o News\"},\"image\":{\"@id\":\"https:\\\/\\\/regiaonews.net.br\\\/2022\\\/#\\\/schema\\\/logo\\\/image\\\/\"}},{\"@type\":\"Person\",\"@id\":\"https:\\\/\\\/regiaonews.net.br\\\/2022\\\/#\\\/schema\\\/person\\\/2d205a608a5aa97ac279d7a5e6d89ad8\",\"name\":\"Roberto\",\"image\":{\"@type\":\"ImageObject\",\"inLanguage\":\"pt-BR\",\"@id\":\"https:\\\/\\\/secure.gravatar.com\\\/avatar\\\/42749d8b712ff9d59ca93dc150494e5b55a44134482993f5baeb97e61b7ecc89?s=96&d=mm&r=g\",\"url\":\"https:\\\/\\\/secure.gravatar.com\\\/avatar\\\/42749d8b712ff9d59ca93dc150494e5b55a44134482993f5baeb97e61b7ecc89?s=96&d=mm&r=g\",\"contentUrl\":\"https:\\\/\\\/secure.gravatar.com\\\/avatar\\\/42749d8b712ff9d59ca93dc150494e5b55a44134482993f5baeb97e61b7ecc89?s=96&d=mm&r=g\",\"caption\":\"Roberto\"},\"url\":\"https:\\\/\\\/regiaonews.net.br\\\/2022\\\/author\\\/roberto\\\/\"}]}<\/script>\n<!-- \/ Yoast SEO plugin. -->","yoast_head_json":{"title":"ETA Dama ganha novo sistema de decanta\u00e7\u00e3o - Regi\u00e3o News","robots":{"index":"index","follow":"follow","max-snippet":"max-snippet:-1","max-image-preview":"max-image-preview:large","max-video-preview":"max-video-preview:-1"},"canonical":"https:\/\/regiaonews.net.br\/2022\/2020\/12\/22\/eta-dama-ganha-novo-sistema-de-decantacao\/","og_locale":"pt_BR","og_type":"article","og_title":"ETA Dama ganha novo sistema de decanta\u00e7\u00e3o - Regi\u00e3o News","og_description":"Foto \u2013 Equipamentos instalados na ETA do DAMA A ETA","og_url":"https:\/\/regiaonews.net.br\/2022\/2020\/12\/22\/eta-dama-ganha-novo-sistema-de-decantacao\/","og_site_name":"Regi\u00e3o News","article_published_time":"2020-12-22T11:54:10+00:00","og_image":[{"width":1280,"height":960,"url":"https:\/\/regiaonews.net.br\/2022\/wp-content\/uploads\/2020\/12\/935dab6d-a601-482d-8815-345218de54f4.jpg","type":"image\/jpeg"}],"author":"Roberto","twitter_card":"summary_large_image","twitter_misc":{"Escrito por":"Roberto","Est. tempo de leitura":"1 minuto"},"schema":{"@context":"https:\/\/schema.org","@graph":[{"@type":"Article","@id":"https:\/\/regiaonews.net.br\/2022\/2020\/12\/22\/eta-dama-ganha-novo-sistema-de-decantacao\/#article","isPartOf":{"@id":"https:\/\/regiaonews.net.br\/2022\/2020\/12\/22\/eta-dama-ganha-novo-sistema-de-decantacao\/"},"author":{"name":"Roberto","@id":"https:\/\/regiaonews.net.br\/2022\/#\/schema\/person\/2d205a608a5aa97ac279d7a5e6d89ad8"},"headline":"ETA Dama ganha novo sistema de decanta\u00e7\u00e3o","datePublished":"2020-12-22T11:54:10+00:00","mainEntityOfPage":{"@id":"https:\/\/regiaonews.net.br\/2022\/2020\/12\/22\/eta-dama-ganha-novo-sistema-de-decantacao\/"},"wordCount":192,"commentCount":0,"publisher":{"@id":"https:\/\/regiaonews.net.br\/2022\/#organization"},"image":{"@id":"https:\/\/regiaonews.net.br\/2022\/2020\/12\/22\/eta-dama-ganha-novo-sistema-de-decantacao\/#primaryimage"},"thumbnailUrl":"https:\/\/regiaonews.net.br\/2022\/wp-content\/uploads\/2020\/12\/935dab6d-a601-482d-8815-345218de54f4.jpg","articleSection":["Barretos","Cidades"],"inLanguage":"pt-BR","potentialAction":[{"@type":"CommentAction","name":"Comment","target":["https:\/\/regiaonews.net.br\/2022\/2020\/12\/22\/eta-dama-ganha-novo-sistema-de-decantacao\/#respond"]}]},{"@type":"WebPage","@id":"https:\/\/regiaonews.net.br\/2022\/2020\/12\/22\/eta-dama-ganha-novo-sistema-de-decantacao\/","url":"https:\/\/regiaonews.net.br\/2022\/2020\/12\/22\/eta-dama-ganha-novo-sistema-de-decantacao\/","name":"ETA Dama ganha novo sistema de decanta\u00e7\u00e3o - Regi\u00e3o News","isPartOf":{"@id":"https:\/\/regiaonews.net.br\/2022\/#website"},"primaryImageOfPage":{"@id":"https:\/\/regiaonews.net.br\/2022\/2020\/12\/22\/eta-dama-ganha-novo-sistema-de-decantacao\/#primaryimage"},"image":{"@id":"https:\/\/regiaonews.net.br\/2022\/2020\/12\/22\/eta-dama-ganha-novo-sistema-de-decantacao\/#primaryimage"},"thumbnailUrl":"https:\/\/regiaonews.net.br\/2022\/wp-content\/uploads\/2020\/12\/935dab6d-a601-482d-8815-345218de54f4.jpg","datePublished":"2020-12-22T11:54:10+00:00","breadcrumb":{"@id":"https:\/\/regiaonews.net.br\/2022\/2020\/12\/22\/eta-dama-ganha-novo-sistema-de-decantacao\/#breadcrumb"},"inLanguage":"pt-BR","potentialAction":[{"@type":"ReadAction","target":["https:\/\/regiaonews.net.br\/2022\/2020\/12\/22\/eta-dama-ganha-novo-sistema-de-decantacao\/"]}]},{"@type":"ImageObject","inLanguage":"pt-BR","@id":"https:\/\/regiaonews.net.br\/2022\/2020\/12\/22\/eta-dama-ganha-novo-sistema-de-decantacao\/#primaryimage","url":"https:\/\/regiaonews.net.br\/2022\/wp-content\/uploads\/2020\/12\/935dab6d-a601-482d-8815-345218de54f4.jpg","contentUrl":"https:\/\/regiaonews.net.br\/2022\/wp-content\/uploads\/2020\/12\/935dab6d-a601-482d-8815-345218de54f4.jpg","width":1280,"height":960},{"@type":"BreadcrumbList","@id":"https:\/\/regiaonews.net.br\/2022\/2020\/12\/22\/eta-dama-ganha-novo-sistema-de-decantacao\/#breadcrumb","itemListElement":[{"@type":"ListItem","position":1,"name":"In\u00edcio","item":"https:\/\/regiaonews.net.br\/2022\/"},{"@type":"ListItem","position":2,"name":"ETA Dama ganha novo sistema de decanta\u00e7\u00e3o"}]},{"@type":"WebSite","@id":"https:\/\/regiaonews.net.br\/2022\/#website","url":"https:\/\/regiaonews.net.br\/2022\/","name":"Regi\u00e3o News","description":"Site de Not\u00edcias de Barretos e regi\u00e3o","publisher":{"@id":"https:\/\/regiaonews.net.br\/2022\/#organization"},"potentialAction":[{"@type":"SearchAction","target":{"@type":"EntryPoint","urlTemplate":"https:\/\/regiaonews.net.br\/2022\/?s={search_term_string}"},"query-input":{"@type":"PropertyValueSpecification","valueRequired":true,"valueName":"search_term_string"}}],"inLanguage":"pt-BR"},{"@type":"Organization","@id":"https:\/\/regiaonews.net.br\/2022\/#organization","name":"Regi\u00e3o News","url":"https:\/\/regiaonews.net.br\/2022\/","logo":{"@type":"ImageObject","inLanguage":"pt-BR","@id":"https:\/\/regiaonews.net.br\/2022\/#\/schema\/logo\/image\/","url":"https:\/\/regiaonews.net.br\/2022\/wp-content\/uploads\/2026\/03\/regiao-13-anos-scaled.jpg","contentUrl":"https:\/\/regiaonews.net.br\/2022\/wp-content\/uploads\/2026\/03\/regiao-13-anos-scaled.jpg","width":2560,"height":635,"caption":"Regi\u00e3o News"},"image":{"@id":"https:\/\/regiaonews.net.br\/2022\/#\/schema\/logo\/image\/"}},{"@type":"Person","@id":"https:\/\/regiaonews.net.br\/2022\/#\/schema\/person\/2d205a608a5aa97ac279d7a5e6d89ad8","name":"Roberto","image":{"@type":"ImageObject","inLanguage":"pt-BR","@id":"https:\/\/secure.gravatar.com\/avatar\/42749d8b712ff9d59ca93dc150494e5b55a44134482993f5baeb97e61b7ecc89?s=96&d=mm&r=g","url":"https:\/\/secure.gravatar.com\/avatar\/42749d8b712ff9d59ca93dc150494e5b55a44134482993f5baeb97e61b7ecc89?s=96&d=mm&r=g","contentUrl":"https:\/\/secure.gravatar.com\/avatar\/42749d8b712ff9d59ca93dc150494e5b55a44134482993f5baeb97e61b7ecc89?s=96&d=mm&r=g","caption":"Roberto"},"url":"https:\/\/regiaonews.net.br\/2022\/author\/roberto\/"}]}},"publishpress_future_action":{"enabled":false,"date":"2026-05-03 18:57:25","action":"change-status","newStatus":"draft","terms":[],"taxonomy":"category","extraData":[]},"publishpress_future_workflow_manual_trigger":{"enabledWorkflows":[]},"_links":{"self":[{"href":"https:\/\/regiaonews.net.br\/2022\/wp-json\/wp\/v2\/posts\/41009","targetHints":{"allow":["GET"]}}],"collection":[{"href":"https:\/\/regiaonews.net.br\/2022\/wp-json\/wp\/v2\/posts"}],"about":[{"href":"https:\/\/regiaonews.net.br\/2022\/wp-json\/wp\/v2\/types\/post"}],"author":[{"embeddable":true,"href":"https:\/\/regiaonews.net.br\/2022\/wp-json\/wp\/v2\/users\/2"}],"replies":[{"embeddable":true,"href":"https:\/\/regiaonews.net.br\/2022\/wp-json\/wp\/v2\/comments?post=41009"}],"version-history":[{"count":0,"href":"https:\/\/regiaonews.net.br\/2022\/wp-json\/wp\/v2\/posts\/41009\/revisions"}],"wp:featuredmedia":[{"embeddable":true,"href":"https:\/\/regiaonews.net.br\/2022\/wp-json\/wp\/v2\/media\/41010"}],"wp:attachment":[{"href":"https:\/\/regiaonews.net.br\/2022\/wp-json\/wp\/v2\/media?parent=41009"}],"wp:term":[{"taxonomy":"category","embeddable":true,"href":"https:\/\/regiaonews.net.br\/2022\/wp-json\/wp\/v2\/categories?post=41009"},{"taxonomy":"post_tag","embeddable":true,"href":"https:\/\/regiaonews.net.br\/2022\/wp-json\/wp\/v2\/tags?post=41009"}],"curies":[{"name":"wp","href":"https:\/\/api.w.org\/{rel}","templated":true}]}}