{"id":41002,"date":"2020-12-22T06:45:56","date_gmt":"2020-12-22T09:45:56","guid":{"rendered":"https:\/\/regiaonews.net.br\/2022\/?p=41002"},"modified":"2020-12-22T07:19:12","modified_gmt":"2020-12-22T10:19:12","slug":"prefeito-marcelo-crivella-e-preso-em-operacao-da-policia-e-do-mp-rj","status":"publish","type":"post","link":"https:\/\/regiaonews.net.br\/2022\/2020\/12\/22\/prefeito-marcelo-crivella-e-preso-em-operacao-da-policia-e-do-mp-rj\/","title":{"rendered":"Prefeito Marcelo Crivella \u00e9 preso em opera\u00e7\u00e3o da pol\u00edcia e do MP-RJ"},"content":{"rendered":"<div class=\"title\">\n<h1 class=\"content-head__title\"><\/h1>\n<\/div>\n<div class=\"medium-centered subtitle\">\n<p class=\"content-head__subtitle\">Empres\u00e1rio Rafael Alves e o delegado aposentado Fernando Moraes tamb\u00e9m foram presos. A\u00e7\u00e3o \u00e9 um desdobramento da Opera\u00e7\u00e3o Hades, que investiga um suposto &#8216;QG da Propina&#8217; na Prefeitura do Rio.<\/p>\n<div class=\"mc-column content-text active-extra-styles \" data-block-type=\"unstyled\" data-block-weight=\"35\" data-block-id=\"2\">\n<p class=\"content-text__container \" data-track-category=\"Link no Texto\" data-track-links=\"\">A Pol\u00edcia Civil e o Minist\u00e9rio P\u00fablico do Rio de Janeiro (MP-RJ) prenderam, na manh\u00e3 desta ter\u00e7a-feira (22), o Prefeito do Rio, Marcelo Crivella (Republicanos), o empres\u00e1rio Rafael Alves e o delegado aposentado Fernando Moraes.<\/p>\n<\/div>\n<div class=\"wall protected-content\">\n<div class=\"mc-column content-text active-extra-styles \" data-block-type=\"unstyled\" data-block-weight=\"58\" data-block-id=\"3\">\n<p class=\"content-text__container \" data-track-category=\"Link no Texto\" data-track-links=\"\">Tamb\u00e9m \u00e9 alvo da opera\u00e7\u00e3o o ex-senador Eduardo Lopes, que no entanto n\u00e3o foi encontrado em sua casa no Rio. Ele teria se mudado para Bel\u00e9m e dever\u00e1 se apresentar \u00e0 pol\u00edcia. Ele foi senador do Rio pelo Republicanos, ao herdar o cargo de Crivella, e foi secret\u00e1rio de Pecu\u00e1ria, Pesca e Abastecimento do governador afastado Wilson Witzel.<\/p>\n<\/div>\n<div class=\"row medium-uncollapsed content-media content-photo\" data-block-type=\"backstage-photo\" data-block-id=\"4\">\n<div class=\"mc-column content-media__container\">\n<figure><img decoding=\"async\" class=\"i-amphtml-fill-content i-amphtml-replaced-content\" src=\"https:\/\/s2.glbimg.com\/2bqlab1jprJ-L8tEIkwOBXd7mQY=\/0x0:1280x720\/984x0\/smart\/filters:strip_icc()\/i.s3.glbimg.com\/v1\/AUTH_59edd422c0c84a879bd37670ae4f538a\/internal_photos\/bs\/2020\/W\/h\/ISIYLNSseETYPOCBTA2w\/crivella3.jpeg\" sizes=\"(max-width: 1366px) 648px, 100vw\" srcset=\"https:\/\/s2.glbimg.com\/vzqr56zBH3akvy0Nrc0rAcTNdD0=\/0x0:1280x720\/1000x0\/smart\/filters:strip_icc()\/i.s3.glbimg.com\/v1\/AUTH_59edd422c0c84a879bd37670ae4f538a\/internal_photos\/bs\/2020\/W\/h\/ISIYLNSseETYPOCBTA2w\/crivella3.jpeg 1000w, https:\/\/s2.glbimg.com\/2bqlab1jprJ-L8tEIkwOBXd7mQY=\/0x0:1280x720\/984x0\/smart\/filters:strip_icc()\/i.s3.glbimg.com\/v1\/AUTH_59edd422c0c84a879bd37670ae4f538a\/internal_photos\/bs\/2020\/W\/h\/ISIYLNSseETYPOCBTA2w\/crivella3.jpeg 984w, https:\/\/s2.glbimg.com\/tb0oZw5qqIka-2zhGKzS-rkNdDk=\/0x0:1280x720\/640x0\/smart\/filters:strip_icc()\/i.s3.glbimg.com\/v1\/AUTH_59edd422c0c84a879bd37670ae4f538a\/internal_photos\/bs\/2020\/W\/h\/ISIYLNSseETYPOCBTA2w\/crivella3.jpeg 640w, https:\/\/s2.glbimg.com\/c6zjP_9pYEqctWN87u8DdsFW18E=\/0x0:1280x720\/600x0\/smart\/filters:strip_icc()\/i.s3.glbimg.com\/v1\/AUTH_59edd422c0c84a879bd37670ae4f538a\/internal_photos\/bs\/2020\/W\/h\/ISIYLNSseETYPOCBTA2w\/crivella3.jpeg 600w\" alt=\"Equipes da Pol\u00edcia Civil chegam no condom\u00ednio do prefeito Marcelo Crivella \u2014 Foto: Paulo Renato Soares \/ TV Globo\" \/><\/figure>\n<p class=\"content-media__description \">Equipes da Pol\u00edcia Civil chegam no condom\u00ednio do prefeito Marcelo Crivella \u2014 Foto: Paulo Renato Soares \/ TV Globo<\/p>\n<\/div>\n<\/div>\n<div class=\"mc-column content-text active-extra-styles \" data-block-type=\"unstyled\" data-block-weight=\"50\" data-block-id=\"5\">\n<p class=\"content-text__container \" data-track-category=\"Link no Texto\" data-track-links=\"\">A a\u00e7\u00e3o \u00e9 um desdobramento da Opera\u00e7\u00e3o Hades, que investiga um suposto &#8216;<a href=\"https:\/\/g1.globo.com\/rj\/rio-de-janeiro\/noticia\/2020\/03\/10\/policia-e-mp-cumprem-mandados-em-inquerito-que-investiga-propinas-na-prefeitura-do-rio.ghtml\">QG da Propina&#8217; na Prefeitura do Rio<\/a>. Os mandados s\u00e3o cumpridos pela Coordenadoria de Investiga\u00e7\u00e3o de Agentes com Foro (CIAF) da Pol\u00edcia Civil e do Geocrim, do MP-RJ. A decis\u00e3o \u00e9 da desembargadora Rosa Helena Penna Macedo Guita.<\/p>\n<\/div>\n<div class=\"content-ads content-ads--reveal\" data-block-type=\"ads\" data-block-id=\"6\">\n<div id=\"banner_materia2\" class=\"tag-manager-publicidade-container mc-has-reveal mc-has-ad-lazyload tag-manager-publicidade-banner_materia2 tag-manager-publicidade-container--carregado tag-manager-publicidade-container--visivel\" data-id=\"banner_materia2\" data-req=\"true\" data-google-query-id=\"CMWfna2m4e0CFeMBuQYdmGwKMQ\" data-cid=\"138334379201\" data-lid=\"5479605264\">\n<div id=\"google_ads_iframe_\/95377733\/tvg_G1\/Sua_Regiao&gt;Sudeste&gt;Rio_de_Janeiro_3__container__\" style=\"box-sizing: inherit; margin: auto; padding: 0px; border: 0pt none; font: inherit; vertical-align: initial; max-width: 100%; text-align: center;\"><iframe id=\"google_ads_iframe_\/95377733\/tvg_G1\/Sua_Regiao&gt;Sudeste&gt;Rio_de_Janeiro_3\" style=\"box-sizing: inherit; margin: 0px; padding: 0px; border: 0px; font: inherit; vertical-align: bottom;\" title=\"3rd party ad content\" name=\"google_ads_iframe_\/95377733\/tvg_G1\/Sua_Regiao&gt;Sudeste&gt;Rio_de_Janeiro_3\" width=\"970\" height=\"250\" frameborder=\"0\" marginwidth=\"0\" marginheight=\"0\" scrolling=\"no\" data-google-container-id=\"3\" data-load-complete=\"true\" data-mce-fragment=\"1\"><\/iframe><\/div>\n<\/div>\n<\/div>\n<div class=\"row medium-uncollapsed content-media content-photo\" data-block-type=\"backstage-photo\" data-block-id=\"7\">\n<div class=\"mc-column content-media__container\">\n<figure><img decoding=\"async\" class=\"i-amphtml-fill-content i-amphtml-replaced-content\" src=\"https:\/\/s2.glbimg.com\/lgSmPwCBL6dLYH1wuwmmgpN2mM8=\/0x0:1920x1080\/984x0\/smart\/filters:strip_icc()\/i.s3.glbimg.com\/v1\/AUTH_59edd422c0c84a879bd37670ae4f538a\/internal_photos\/bs\/2020\/1\/p\/5iyX2uTJisqDfBbg575g\/crivella-2.jpeg\" sizes=\"(max-width: 1366px) 648px, 100vw\" srcset=\"https:\/\/s2.glbimg.com\/LYPS0OQK7xtz2Sd5Vvu_0rMqZWc=\/0x0:1920x1080\/1000x0\/smart\/filters:strip_icc()\/i.s3.glbimg.com\/v1\/AUTH_59edd422c0c84a879bd37670ae4f538a\/internal_photos\/bs\/2020\/1\/p\/5iyX2uTJisqDfBbg575g\/crivella-2.jpeg 1000w, https:\/\/s2.glbimg.com\/lgSmPwCBL6dLYH1wuwmmgpN2mM8=\/0x0:1920x1080\/984x0\/smart\/filters:strip_icc()\/i.s3.glbimg.com\/v1\/AUTH_59edd422c0c84a879bd37670ae4f538a\/internal_photos\/bs\/2020\/1\/p\/5iyX2uTJisqDfBbg575g\/crivella-2.jpeg 984w, https:\/\/s2.glbimg.com\/i2DRTY4L8Dia1dinqzYnW77_frY=\/0x0:1920x1080\/640x0\/smart\/filters:strip_icc()\/i.s3.glbimg.com\/v1\/AUTH_59edd422c0c84a879bd37670ae4f538a\/internal_photos\/bs\/2020\/1\/p\/5iyX2uTJisqDfBbg575g\/crivella-2.jpeg 640w, https:\/\/s2.glbimg.com\/LUHEYWVB7m9Fi-K-jxxoZgCnnzM=\/0x0:1920x1080\/600x0\/smart\/filters:strip_icc()\/i.s3.glbimg.com\/v1\/AUTH_59edd422c0c84a879bd37670ae4f538a\/internal_photos\/bs\/2020\/1\/p\/5iyX2uTJisqDfBbg575g\/crivella-2.jpeg 600w\" alt=\"Prefeito Marcelo Crivella \u00e9 preso no Rio \u2014 Foto: Arquivo\/TV Globo\" \/><\/figure>\n<p class=\"content-media__description \">Prefeito Marcelo Crivella \u00e9 preso no Rio \u2014 Foto: Arquivo\/TV Globo<\/p>\n<\/div>\n<\/div>\n<div class=\"mc-column content-text active-extra-styles \" data-block-type=\"unstyled\" data-block-weight=\"36\" data-block-id=\"8\">\n<p class=\"content-text__container \" data-track-category=\"Link no Texto\" data-track-links=\"\">A investiga\u00e7\u00e3o come\u00e7ou em 2018, a partir da dela\u00e7\u00e3o do doleiro Sergio Mizrahy, que admitiu ser respons\u00e1vel pela lavagem de dinheiro para o que os investigadores chamam de organiza\u00e7\u00e3o criminosa que atuava dentro da prefeitura.<\/p>\n<\/div>\n<div class=\"mc-column content-text active-extra-styles\" data-block-type=\"raw\" data-block-weight=\"20\" data-block-id=\"9\">\n<ul class=\"content-unordered-list\">\n<li><a href=\"https:\/\/g1.globo.com\/rj\/rio-de-janeiro\/noticia\/2020\/09\/10\/entenda-a-investigacao-sobre-suposto-qg-da-propina-na-prefeitura-do-rio.ghtml\">Entenda a investiga\u00e7\u00e3o sobre o QG da Propina<\/a><\/li>\n<li><a href=\"https:\/\/g1.globo.com\/rj\/rio-de-janeiro\/noticia\/2020\/09\/13\/crivella-e-citado-como-zero-um-em-conversa-entre-empresario-e-doleiro-em-suposto-esquema-de-corrupcao-diz-mprj.ghtml\">Crivella \u00e9 citado como &#8216;Zero Um&#8217; em conversa entre empres\u00e1rio e doleiro<\/a><\/li>\n<\/ul>\n<\/div>\n<div class=\"mc-column content-text active-extra-styles \" data-block-type=\"unstyled\" data-block-weight=\"41\" data-block-id=\"10\">\n<p class=\"content-text__container \" data-track-category=\"Link no Texto\" data-track-links=\"\">O chefe dessa organiza\u00e7\u00e3o, segundo o delator, seria o empres\u00e1rio Rafael Alves, que n\u00e3o tinha nenhum cargo na prefeitura, mas que dava expediente na Cidade das Artes, numa sala ao lado do irm\u00e3o Marcelo Alves, que foi presidente da Riotur.<\/p>\n<\/div>\n<div class=\"mc-column content-text active-extra-styles \" data-block-type=\"unstyled\" data-block-weight=\"48\" data-block-id=\"11\">\n<p class=\"content-text__container \" data-track-category=\"Link no Texto\" data-track-links=\"\">Em algumas mensagens, Rafael Alves chegou a dizer que fez o irm\u00e3o se tornar presidente da Riotur. Al\u00e9m disso, afirmou possuir a \u201ccaneta\u201d, sugerindo dar as ordens na prefeitura do Rio, nomeando quem quisesse para cargos e escolhendo as empresas que iriam fazer contratos com o munic\u00edpio.<\/p>\n<\/div>\n<div class=\"mc-column content-text active-extra-styles \" data-block-type=\"unstyled\" data-block-weight=\"25\" data-block-id=\"12\">\n<p class=\"content-text__container \" data-track-category=\"Link no Texto\" data-track-links=\"\">Segundo os investigadores, foi a partir dessa influ\u00eancia que surgiu o esquema de propina e extors\u00e3o de empres\u00e1rios que queriam fazer contratos com a prefeitura.<\/p>\n<\/div>\n<div class=\"row medium-uncollapsed content-media content-photo\" data-block-type=\"backstage-photo\" data-block-id=\"13\">\n<div class=\"mc-column content-media__container\">\n<figure><img decoding=\"async\" class=\"i-amphtml-fill-content i-amphtml-replaced-content\" src=\"https:\/\/s2.glbimg.com\/6C1lQQAxLYXTchJ_EwQYyIqJxqY=\/0x0:1611x848\/984x0\/smart\/filters:strip_icc()\/i.s3.glbimg.com\/v1\/AUTH_59edd422c0c84a879bd37670ae4f538a\/internal_photos\/bs\/2020\/i\/p\/9vYIBtThikSbqnZvqpwg\/rafael1.jpg\" sizes=\"(max-width: 1366px) 648px, 100vw\" srcset=\"https:\/\/s2.glbimg.com\/oengCom0ROgkKtJCtAG70EvSkEA=\/0x0:1611x848\/1000x0\/smart\/filters:strip_icc()\/i.s3.glbimg.com\/v1\/AUTH_59edd422c0c84a879bd37670ae4f538a\/internal_photos\/bs\/2020\/i\/p\/9vYIBtThikSbqnZvqpwg\/rafael1.jpg 1000w, https:\/\/s2.glbimg.com\/6C1lQQAxLYXTchJ_EwQYyIqJxqY=\/0x0:1611x848\/984x0\/smart\/filters:strip_icc()\/i.s3.glbimg.com\/v1\/AUTH_59edd422c0c84a879bd37670ae4f538a\/internal_photos\/bs\/2020\/i\/p\/9vYIBtThikSbqnZvqpwg\/rafael1.jpg 984w, https:\/\/s2.glbimg.com\/c60IukZj3bMq89M9zFI2eHQ32CE=\/0x0:1611x848\/640x0\/smart\/filters:strip_icc()\/i.s3.glbimg.com\/v1\/AUTH_59edd422c0c84a879bd37670ae4f538a\/internal_photos\/bs\/2020\/i\/p\/9vYIBtThikSbqnZvqpwg\/rafael1.jpg 640w, https:\/\/s2.glbimg.com\/ONoK0LTyPG-IhwfVguilNH7o878=\/0x0:1611x848\/600x0\/smart\/filters:strip_icc()\/i.s3.glbimg.com\/v1\/AUTH_59edd422c0c84a879bd37670ae4f538a\/internal_photos\/bs\/2020\/i\/p\/9vYIBtThikSbqnZvqpwg\/rafael1.jpg 600w\" alt=\"Empres\u00e1rio Rafael Alves \u00e9 preso em opera\u00e7\u00e3o no Rio \u2014 Foto: Reprodu\u00e7\u00e3o \/ TV Globo\" \/><\/figure>\n<p class=\"content-media__description \">Empres\u00e1rio Rafael Alves \u00e9 preso em opera\u00e7\u00e3o no Rio \u2014 Foto: Reprodu\u00e7\u00e3o \/ TV Globo<\/p>\n<\/div>\n<\/div>\n<div class=\"content-ads content-ads--reveal\" data-block-type=\"ads\" data-block-id=\"14\">\n<div id=\"banner_materia__3e138edf-77f6-4aba-a40b-ed40d0ceda76\" class=\"tag-manager-publicidade-container mc-has-reveal mc-has-ad-lazyload tag-manager-publicidade-banner_materia__3e138edf-77f6-4aba-a40b-ed40d0ceda76 tag-manager-publicidade-container--carregado tag-manager-publicidade-container--visivel\" data-id=\"banner_materia__3e138edf-77f6-4aba-a40b-ed40d0ceda76\" data-req=\"true\" data-google-query-id=\"CJbbrrGm4e0CFQswuQYdHGMKVA\" data-cid=\"138334379240\" data-lid=\"5555677634\">\n<div id=\"google_ads_iframe_\/95377733\/tvg_G1\/Sua_Regiao&gt;Sudeste&gt;Rio_de_Janeiro_4__container__\" style=\"box-sizing: inherit; margin: auto; padding: 0px; border: 0pt none; font: inherit; vertical-align: initial; max-width: 100%; text-align: center;\"><\/div>\n<\/div>\n<\/div>\n<div class=\"mc-column content-text active-extra-styles \" data-block-type=\"unstyled\" data-block-weight=\"39\" data-block-id=\"15\">\n<p class=\"content-text__container \" data-track-category=\"Link no Texto\" data-track-links=\"\">As investiga\u00e7\u00f5es apontaram que empresas que tinham interesse em fechar contratos ou tinham dinheiro para receber do munic\u00edpio entregavam cheques a Rafael Alves. A partir da propina, o empres\u00e1rio facilitaria a assinatura dos contratos e o pagamento das d\u00edvidas.<\/p>\n<\/div>\n<div class=\"mc-column content-text active-extra-styles \" data-block-type=\"unstyled\" data-block-weight=\"33\" data-block-id=\"16\">\n<p class=\"content-text__container \" data-track-category=\"Link no Texto\" data-track-links=\"\">Al\u00e9m da Regi\u00e3o Metropolitana do Rio, uma das buscas acontece no Porto do Frade, em Angra dos Reis, no Sul Fluminense, para apreender uma lancha de 77 p\u00e9s que pertence a Rafael Alves.<\/p>\n<\/div>\n<div class=\"row medium-uncollapsed content-media content-photo\" data-block-type=\"backstage-photo\" data-block-id=\"17\">\n<div class=\"mc-column content-media__container\">\n<figure><img decoding=\"async\" class=\"i-amphtml-fill-content i-amphtml-replaced-content\" src=\"https:\/\/s2.glbimg.com\/Lcei_2EgGJ8aiBPJ9ueGn8pyM0o=\/0x0:1280x720\/984x0\/smart\/filters:strip_icc()\/i.s3.glbimg.com\/v1\/AUTH_59edd422c0c84a879bd37670ae4f538a\/internal_photos\/bs\/2020\/j\/5\/oTzJxvTwioWmc3E7m8Zg\/crivella4.jpeg\" sizes=\"(max-width: 1366px) 648px, 100vw\" srcset=\"https:\/\/s2.glbimg.com\/In0TyuW-9hzBiqheU19tCEkkDjY=\/0x0:1280x720\/1000x0\/smart\/filters:strip_icc()\/i.s3.glbimg.com\/v1\/AUTH_59edd422c0c84a879bd37670ae4f538a\/internal_photos\/bs\/2020\/j\/5\/oTzJxvTwioWmc3E7m8Zg\/crivella4.jpeg 1000w, https:\/\/s2.glbimg.com\/Lcei_2EgGJ8aiBPJ9ueGn8pyM0o=\/0x0:1280x720\/984x0\/smart\/filters:strip_icc()\/i.s3.glbimg.com\/v1\/AUTH_59edd422c0c84a879bd37670ae4f538a\/internal_photos\/bs\/2020\/j\/5\/oTzJxvTwioWmc3E7m8Zg\/crivella4.jpeg 984w, https:\/\/s2.glbimg.com\/E100Y_P_uYC5ec0QdnMs0URoPKM=\/0x0:1280x720\/640x0\/smart\/filters:strip_icc()\/i.s3.glbimg.com\/v1\/AUTH_59edd422c0c84a879bd37670ae4f538a\/internal_photos\/bs\/2020\/j\/5\/oTzJxvTwioWmc3E7m8Zg\/crivella4.jpeg 640w, https:\/\/s2.glbimg.com\/CfjKaLGQOhkgf7Gg_AxctaM1KPo=\/0x0:1280x720\/600x0\/smart\/filters:strip_icc()\/i.s3.glbimg.com\/v1\/AUTH_59edd422c0c84a879bd37670ae4f538a\/internal_photos\/bs\/2020\/j\/5\/oTzJxvTwioWmc3E7m8Zg\/crivella4.jpeg 600w\" alt=\"Agentes da Pol\u00edcia Civil cumprem mandado contra o prefeito Marcelo Crivella \u2014 Foto: Paulo Renato Soares \/ TV Globo\" \/><\/figure>\n<p class=\"content-media__description \">Agentes da Pol\u00edcia Civil cumprem mandado contra o prefeito Marcelo Crivella \u2014 Foto: Paulo Renato Soares \/ TV Globo<\/p>\n<\/div>\n<\/div>\n<div class=\"mc-column content-text active-extra-styles \" data-block-type=\"unstyled\" data-block-weight=\"45\" data-block-id=\"18\">\n<p class=\"content-text__container \" data-track-category=\"Link no Texto\" data-track-links=\"\">Durante a primeira fase da opera\u00e7\u00e3o, um v\u00eddeo mostra um\u00a0<a href=\"https:\/\/g1.globo.com\/rj\/rio-de-janeiro\/noticia\/2020\/09\/11\/video-mostra-delegado-atendendo-suposta-ligacao-de-crivella-para-empresario-alvo-de-busca-e-apreensao-durante-operacao.ghtml\">delegado atendendo a suposta liga\u00e7\u00e3o do prefeito Crivella<\/a>\u00a0para o celular do empres\u00e1rio Rafael Alves. O relat\u00f3rio afirma que na tela do celular apareceu a identifica\u00e7\u00e3o da pessoa que estava ligando: \u201cPrefeito Crivella Novo 2\u201d.<\/p>\n<\/div>\n<div class=\"mc-column content-text active-extra-styles \" data-block-type=\"unstyled\" data-block-weight=\"34\" data-block-id=\"19\">\n<p class=\"content-text__container \" data-track-category=\"Link no Texto\" data-track-links=\"\">O delegado atendeu a chamada e identificou a voz do interlocutor como sendo do prefeito Marcelo Crivella, que disse: \u201cAl\u00f4, bom dia Rafael. Est\u00e1 tendo uma busca e apreens\u00e3o na Riotur? Voc\u00ea est\u00e1 sabendo?\u201d.<\/p>\n<p data-track-category=\"Link no Texto\" data-track-links=\"\">Fonte : G1<\/p>\n<\/div>\n<\/div>\n<\/div>\n","protected":false},"excerpt":{"rendered":"<p>Empres\u00e1rio Rafael Alves e o delegado aposentado Fernando Moraes tamb\u00e9m<\/p>\n","protected":false},"author":2,"featured_media":41003,"comment_status":"open","ping_status":"open","sticky":false,"template":"","format":"standard","meta":{"footnotes":""},"categories":[24,25,23],"tags":[],"class_list":["post-41002","post","type-post","status-publish","format-standard","has-post-thumbnail","hentry","category-brasil","category-cidades","category-policia"],"yoast_head":"<!-- This site is optimized with the Yoast SEO plugin v27.4 - https:\/\/yoast.com\/product\/yoast-seo-wordpress\/ -->\n<title>Prefeito Marcelo Crivella \u00e9 preso em opera\u00e7\u00e3o da pol\u00edcia e do MP-RJ - Regi\u00e3o News<\/title>\n<meta name=\"robots\" content=\"index, follow, max-snippet:-1, max-image-preview:large, max-video-preview:-1\" \/>\n<link rel=\"canonical\" href=\"https:\/\/regiaonews.net.br\/2022\/2020\/12\/22\/prefeito-marcelo-crivella-e-preso-em-operacao-da-policia-e-do-mp-rj\/\" \/>\n<meta property=\"og:locale\" content=\"pt_BR\" \/>\n<meta property=\"og:type\" content=\"article\" \/>\n<meta property=\"og:title\" content=\"Prefeito Marcelo Crivella \u00e9 preso em opera\u00e7\u00e3o da pol\u00edcia e do MP-RJ - Regi\u00e3o News\" \/>\n<meta property=\"og:description\" content=\"Empres\u00e1rio Rafael Alves e o delegado aposentado Fernando Moraes tamb\u00e9m\" \/>\n<meta property=\"og:url\" content=\"https:\/\/regiaonews.net.br\/2022\/2020\/12\/22\/prefeito-marcelo-crivella-e-preso-em-operacao-da-policia-e-do-mp-rj\/\" \/>\n<meta property=\"og:site_name\" content=\"Regi\u00e3o News\" \/>\n<meta property=\"article:published_time\" content=\"2020-12-22T09:45:56+00:00\" \/>\n<meta property=\"article:modified_time\" content=\"2020-12-22T10:19:12+00:00\" \/>\n<meta property=\"og:image\" content=\"https:\/\/regiaonews.net.br\/2022\/wp-content\/uploads\/2020\/12\/crivella-2.jpeg\" \/>\n\t<meta property=\"og:image:width\" content=\"984\" \/>\n\t<meta property=\"og:image:height\" content=\"554\" \/>\n\t<meta property=\"og:image:type\" content=\"image\/jpeg\" \/>\n<meta name=\"author\" content=\"Roberto\" \/>\n<meta name=\"twitter:card\" content=\"summary_large_image\" \/>\n<meta name=\"twitter:label1\" content=\"Escrito por\" \/>\n\t<meta name=\"twitter:data1\" content=\"Roberto\" \/>\n\t<meta name=\"twitter:label2\" content=\"Est. tempo de leitura\" \/>\n\t<meta name=\"twitter:data2\" content=\"3 minutos\" \/>\n<script type=\"application\/ld+json\" class=\"yoast-schema-graph\">{\"@context\":\"https:\\\/\\\/schema.org\",\"@graph\":[{\"@type\":\"Article\",\"@id\":\"https:\\\/\\\/regiaonews.net.br\\\/2022\\\/2020\\\/12\\\/22\\\/prefeito-marcelo-crivella-e-preso-em-operacao-da-policia-e-do-mp-rj\\\/#article\",\"isPartOf\":{\"@id\":\"https:\\\/\\\/regiaonews.net.br\\\/2022\\\/2020\\\/12\\\/22\\\/prefeito-marcelo-crivella-e-preso-em-operacao-da-policia-e-do-mp-rj\\\/\"},\"author\":{\"name\":\"Roberto\",\"@id\":\"https:\\\/\\\/regiaonews.net.br\\\/2022\\\/#\\\/schema\\\/person\\\/2d205a608a5aa97ac279d7a5e6d89ad8\"},\"headline\":\"Prefeito Marcelo Crivella \u00e9 preso em opera\u00e7\u00e3o da pol\u00edcia e do MP-RJ\",\"datePublished\":\"2020-12-22T09:45:56+00:00\",\"dateModified\":\"2020-12-22T10:19:12+00:00\",\"mainEntityOfPage\":{\"@id\":\"https:\\\/\\\/regiaonews.net.br\\\/2022\\\/2020\\\/12\\\/22\\\/prefeito-marcelo-crivella-e-preso-em-operacao-da-policia-e-do-mp-rj\\\/\"},\"wordCount\":611,\"commentCount\":0,\"publisher\":{\"@id\":\"https:\\\/\\\/regiaonews.net.br\\\/2022\\\/#organization\"},\"image\":{\"@id\":\"https:\\\/\\\/regiaonews.net.br\\\/2022\\\/2020\\\/12\\\/22\\\/prefeito-marcelo-crivella-e-preso-em-operacao-da-policia-e-do-mp-rj\\\/#primaryimage\"},\"thumbnailUrl\":\"https:\\\/\\\/regiaonews.net.br\\\/2022\\\/wp-content\\\/uploads\\\/2020\\\/12\\\/crivella-2.jpeg\",\"articleSection\":[\"Brasil\",\"Cidades\",\"Policia\"],\"inLanguage\":\"pt-BR\",\"potentialAction\":[{\"@type\":\"CommentAction\",\"name\":\"Comment\",\"target\":[\"https:\\\/\\\/regiaonews.net.br\\\/2022\\\/2020\\\/12\\\/22\\\/prefeito-marcelo-crivella-e-preso-em-operacao-da-policia-e-do-mp-rj\\\/#respond\"]}]},{\"@type\":\"WebPage\",\"@id\":\"https:\\\/\\\/regiaonews.net.br\\\/2022\\\/2020\\\/12\\\/22\\\/prefeito-marcelo-crivella-e-preso-em-operacao-da-policia-e-do-mp-rj\\\/\",\"url\":\"https:\\\/\\\/regiaonews.net.br\\\/2022\\\/2020\\\/12\\\/22\\\/prefeito-marcelo-crivella-e-preso-em-operacao-da-policia-e-do-mp-rj\\\/\",\"name\":\"Prefeito Marcelo Crivella \u00e9 preso em opera\u00e7\u00e3o da pol\u00edcia e do MP-RJ - Regi\u00e3o News\",\"isPartOf\":{\"@id\":\"https:\\\/\\\/regiaonews.net.br\\\/2022\\\/#website\"},\"primaryImageOfPage\":{\"@id\":\"https:\\\/\\\/regiaonews.net.br\\\/2022\\\/2020\\\/12\\\/22\\\/prefeito-marcelo-crivella-e-preso-em-operacao-da-policia-e-do-mp-rj\\\/#primaryimage\"},\"image\":{\"@id\":\"https:\\\/\\\/regiaonews.net.br\\\/2022\\\/2020\\\/12\\\/22\\\/prefeito-marcelo-crivella-e-preso-em-operacao-da-policia-e-do-mp-rj\\\/#primaryimage\"},\"thumbnailUrl\":\"https:\\\/\\\/regiaonews.net.br\\\/2022\\\/wp-content\\\/uploads\\\/2020\\\/12\\\/crivella-2.jpeg\",\"datePublished\":\"2020-12-22T09:45:56+00:00\",\"dateModified\":\"2020-12-22T10:19:12+00:00\",\"breadcrumb\":{\"@id\":\"https:\\\/\\\/regiaonews.net.br\\\/2022\\\/2020\\\/12\\\/22\\\/prefeito-marcelo-crivella-e-preso-em-operacao-da-policia-e-do-mp-rj\\\/#breadcrumb\"},\"inLanguage\":\"pt-BR\",\"potentialAction\":[{\"@type\":\"ReadAction\",\"target\":[\"https:\\\/\\\/regiaonews.net.br\\\/2022\\\/2020\\\/12\\\/22\\\/prefeito-marcelo-crivella-e-preso-em-operacao-da-policia-e-do-mp-rj\\\/\"]}]},{\"@type\":\"ImageObject\",\"inLanguage\":\"pt-BR\",\"@id\":\"https:\\\/\\\/regiaonews.net.br\\\/2022\\\/2020\\\/12\\\/22\\\/prefeito-marcelo-crivella-e-preso-em-operacao-da-policia-e-do-mp-rj\\\/#primaryimage\",\"url\":\"https:\\\/\\\/regiaonews.net.br\\\/2022\\\/wp-content\\\/uploads\\\/2020\\\/12\\\/crivella-2.jpeg\",\"contentUrl\":\"https:\\\/\\\/regiaonews.net.br\\\/2022\\\/wp-content\\\/uploads\\\/2020\\\/12\\\/crivella-2.jpeg\",\"width\":984,\"height\":554},{\"@type\":\"BreadcrumbList\",\"@id\":\"https:\\\/\\\/regiaonews.net.br\\\/2022\\\/2020\\\/12\\\/22\\\/prefeito-marcelo-crivella-e-preso-em-operacao-da-policia-e-do-mp-rj\\\/#breadcrumb\",\"itemListElement\":[{\"@type\":\"ListItem\",\"position\":1,\"name\":\"In\u00edcio\",\"item\":\"https:\\\/\\\/regiaonews.net.br\\\/2022\\\/\"},{\"@type\":\"ListItem\",\"position\":2,\"name\":\"Prefeito Marcelo Crivella \u00e9 preso em opera\u00e7\u00e3o da pol\u00edcia e do MP-RJ\"}]},{\"@type\":\"WebSite\",\"@id\":\"https:\\\/\\\/regiaonews.net.br\\\/2022\\\/#website\",\"url\":\"https:\\\/\\\/regiaonews.net.br\\\/2022\\\/\",\"name\":\"Regi\u00e3o News\",\"description\":\"Site de Not\u00edcias de Barretos e regi\u00e3o\",\"publisher\":{\"@id\":\"https:\\\/\\\/regiaonews.net.br\\\/2022\\\/#organization\"},\"potentialAction\":[{\"@type\":\"SearchAction\",\"target\":{\"@type\":\"EntryPoint\",\"urlTemplate\":\"https:\\\/\\\/regiaonews.net.br\\\/2022\\\/?s={search_term_string}\"},\"query-input\":{\"@type\":\"PropertyValueSpecification\",\"valueRequired\":true,\"valueName\":\"search_term_string\"}}],\"inLanguage\":\"pt-BR\"},{\"@type\":\"Organization\",\"@id\":\"https:\\\/\\\/regiaonews.net.br\\\/2022\\\/#organization\",\"name\":\"Regi\u00e3o News\",\"url\":\"https:\\\/\\\/regiaonews.net.br\\\/2022\\\/\",\"logo\":{\"@type\":\"ImageObject\",\"inLanguage\":\"pt-BR\",\"@id\":\"https:\\\/\\\/regiaonews.net.br\\\/2022\\\/#\\\/schema\\\/logo\\\/image\\\/\",\"url\":\"https:\\\/\\\/regiaonews.net.br\\\/2022\\\/wp-content\\\/uploads\\\/2026\\\/03\\\/regiao-13-anos-scaled.jpg\",\"contentUrl\":\"https:\\\/\\\/regiaonews.net.br\\\/2022\\\/wp-content\\\/uploads\\\/2026\\\/03\\\/regiao-13-anos-scaled.jpg\",\"width\":2560,\"height\":635,\"caption\":\"Regi\u00e3o News\"},\"image\":{\"@id\":\"https:\\\/\\\/regiaonews.net.br\\\/2022\\\/#\\\/schema\\\/logo\\\/image\\\/\"}},{\"@type\":\"Person\",\"@id\":\"https:\\\/\\\/regiaonews.net.br\\\/2022\\\/#\\\/schema\\\/person\\\/2d205a608a5aa97ac279d7a5e6d89ad8\",\"name\":\"Roberto\",\"image\":{\"@type\":\"ImageObject\",\"inLanguage\":\"pt-BR\",\"@id\":\"https:\\\/\\\/secure.gravatar.com\\\/avatar\\\/42749d8b712ff9d59ca93dc150494e5b55a44134482993f5baeb97e61b7ecc89?s=96&d=mm&r=g\",\"url\":\"https:\\\/\\\/secure.gravatar.com\\\/avatar\\\/42749d8b712ff9d59ca93dc150494e5b55a44134482993f5baeb97e61b7ecc89?s=96&d=mm&r=g\",\"contentUrl\":\"https:\\\/\\\/secure.gravatar.com\\\/avatar\\\/42749d8b712ff9d59ca93dc150494e5b55a44134482993f5baeb97e61b7ecc89?s=96&d=mm&r=g\",\"caption\":\"Roberto\"},\"url\":\"https:\\\/\\\/regiaonews.net.br\\\/2022\\\/author\\\/roberto\\\/\"}]}<\/script>\n<!-- \/ Yoast SEO plugin. -->","yoast_head_json":{"title":"Prefeito Marcelo Crivella \u00e9 preso em opera\u00e7\u00e3o da pol\u00edcia e do MP-RJ - Regi\u00e3o News","robots":{"index":"index","follow":"follow","max-snippet":"max-snippet:-1","max-image-preview":"max-image-preview:large","max-video-preview":"max-video-preview:-1"},"canonical":"https:\/\/regiaonews.net.br\/2022\/2020\/12\/22\/prefeito-marcelo-crivella-e-preso-em-operacao-da-policia-e-do-mp-rj\/","og_locale":"pt_BR","og_type":"article","og_title":"Prefeito Marcelo Crivella \u00e9 preso em opera\u00e7\u00e3o da pol\u00edcia e do MP-RJ - Regi\u00e3o News","og_description":"Empres\u00e1rio Rafael Alves e o delegado aposentado Fernando Moraes tamb\u00e9m","og_url":"https:\/\/regiaonews.net.br\/2022\/2020\/12\/22\/prefeito-marcelo-crivella-e-preso-em-operacao-da-policia-e-do-mp-rj\/","og_site_name":"Regi\u00e3o News","article_published_time":"2020-12-22T09:45:56+00:00","article_modified_time":"2020-12-22T10:19:12+00:00","og_image":[{"width":984,"height":554,"url":"https:\/\/regiaonews.net.br\/2022\/wp-content\/uploads\/2020\/12\/crivella-2.jpeg","type":"image\/jpeg"}],"author":"Roberto","twitter_card":"summary_large_image","twitter_misc":{"Escrito por":"Roberto","Est. tempo de leitura":"3 minutos"},"schema":{"@context":"https:\/\/schema.org","@graph":[{"@type":"Article","@id":"https:\/\/regiaonews.net.br\/2022\/2020\/12\/22\/prefeito-marcelo-crivella-e-preso-em-operacao-da-policia-e-do-mp-rj\/#article","isPartOf":{"@id":"https:\/\/regiaonews.net.br\/2022\/2020\/12\/22\/prefeito-marcelo-crivella-e-preso-em-operacao-da-policia-e-do-mp-rj\/"},"author":{"name":"Roberto","@id":"https:\/\/regiaonews.net.br\/2022\/#\/schema\/person\/2d205a608a5aa97ac279d7a5e6d89ad8"},"headline":"Prefeito Marcelo Crivella \u00e9 preso em opera\u00e7\u00e3o da pol\u00edcia e do MP-RJ","datePublished":"2020-12-22T09:45:56+00:00","dateModified":"2020-12-22T10:19:12+00:00","mainEntityOfPage":{"@id":"https:\/\/regiaonews.net.br\/2022\/2020\/12\/22\/prefeito-marcelo-crivella-e-preso-em-operacao-da-policia-e-do-mp-rj\/"},"wordCount":611,"commentCount":0,"publisher":{"@id":"https:\/\/regiaonews.net.br\/2022\/#organization"},"image":{"@id":"https:\/\/regiaonews.net.br\/2022\/2020\/12\/22\/prefeito-marcelo-crivella-e-preso-em-operacao-da-policia-e-do-mp-rj\/#primaryimage"},"thumbnailUrl":"https:\/\/regiaonews.net.br\/2022\/wp-content\/uploads\/2020\/12\/crivella-2.jpeg","articleSection":["Brasil","Cidades","Policia"],"inLanguage":"pt-BR","potentialAction":[{"@type":"CommentAction","name":"Comment","target":["https:\/\/regiaonews.net.br\/2022\/2020\/12\/22\/prefeito-marcelo-crivella-e-preso-em-operacao-da-policia-e-do-mp-rj\/#respond"]}]},{"@type":"WebPage","@id":"https:\/\/regiaonews.net.br\/2022\/2020\/12\/22\/prefeito-marcelo-crivella-e-preso-em-operacao-da-policia-e-do-mp-rj\/","url":"https:\/\/regiaonews.net.br\/2022\/2020\/12\/22\/prefeito-marcelo-crivella-e-preso-em-operacao-da-policia-e-do-mp-rj\/","name":"Prefeito Marcelo Crivella \u00e9 preso em opera\u00e7\u00e3o da pol\u00edcia e do MP-RJ - Regi\u00e3o News","isPartOf":{"@id":"https:\/\/regiaonews.net.br\/2022\/#website"},"primaryImageOfPage":{"@id":"https:\/\/regiaonews.net.br\/2022\/2020\/12\/22\/prefeito-marcelo-crivella-e-preso-em-operacao-da-policia-e-do-mp-rj\/#primaryimage"},"image":{"@id":"https:\/\/regiaonews.net.br\/2022\/2020\/12\/22\/prefeito-marcelo-crivella-e-preso-em-operacao-da-policia-e-do-mp-rj\/#primaryimage"},"thumbnailUrl":"https:\/\/regiaonews.net.br\/2022\/wp-content\/uploads\/2020\/12\/crivella-2.jpeg","datePublished":"2020-12-22T09:45:56+00:00","dateModified":"2020-12-22T10:19:12+00:00","breadcrumb":{"@id":"https:\/\/regiaonews.net.br\/2022\/2020\/12\/22\/prefeito-marcelo-crivella-e-preso-em-operacao-da-policia-e-do-mp-rj\/#breadcrumb"},"inLanguage":"pt-BR","potentialAction":[{"@type":"ReadAction","target":["https:\/\/regiaonews.net.br\/2022\/2020\/12\/22\/prefeito-marcelo-crivella-e-preso-em-operacao-da-policia-e-do-mp-rj\/"]}]},{"@type":"ImageObject","inLanguage":"pt-BR","@id":"https:\/\/regiaonews.net.br\/2022\/2020\/12\/22\/prefeito-marcelo-crivella-e-preso-em-operacao-da-policia-e-do-mp-rj\/#primaryimage","url":"https:\/\/regiaonews.net.br\/2022\/wp-content\/uploads\/2020\/12\/crivella-2.jpeg","contentUrl":"https:\/\/regiaonews.net.br\/2022\/wp-content\/uploads\/2020\/12\/crivella-2.jpeg","width":984,"height":554},{"@type":"BreadcrumbList","@id":"https:\/\/regiaonews.net.br\/2022\/2020\/12\/22\/prefeito-marcelo-crivella-e-preso-em-operacao-da-policia-e-do-mp-rj\/#breadcrumb","itemListElement":[{"@type":"ListItem","position":1,"name":"In\u00edcio","item":"https:\/\/regiaonews.net.br\/2022\/"},{"@type":"ListItem","position":2,"name":"Prefeito Marcelo Crivella \u00e9 preso em opera\u00e7\u00e3o da pol\u00edcia e do MP-RJ"}]},{"@type":"WebSite","@id":"https:\/\/regiaonews.net.br\/2022\/#website","url":"https:\/\/regiaonews.net.br\/2022\/","name":"Regi\u00e3o News","description":"Site de Not\u00edcias de Barretos e regi\u00e3o","publisher":{"@id":"https:\/\/regiaonews.net.br\/2022\/#organization"},"potentialAction":[{"@type":"SearchAction","target":{"@type":"EntryPoint","urlTemplate":"https:\/\/regiaonews.net.br\/2022\/?s={search_term_string}"},"query-input":{"@type":"PropertyValueSpecification","valueRequired":true,"valueName":"search_term_string"}}],"inLanguage":"pt-BR"},{"@type":"Organization","@id":"https:\/\/regiaonews.net.br\/2022\/#organization","name":"Regi\u00e3o News","url":"https:\/\/regiaonews.net.br\/2022\/","logo":{"@type":"ImageObject","inLanguage":"pt-BR","@id":"https:\/\/regiaonews.net.br\/2022\/#\/schema\/logo\/image\/","url":"https:\/\/regiaonews.net.br\/2022\/wp-content\/uploads\/2026\/03\/regiao-13-anos-scaled.jpg","contentUrl":"https:\/\/regiaonews.net.br\/2022\/wp-content\/uploads\/2026\/03\/regiao-13-anos-scaled.jpg","width":2560,"height":635,"caption":"Regi\u00e3o News"},"image":{"@id":"https:\/\/regiaonews.net.br\/2022\/#\/schema\/logo\/image\/"}},{"@type":"Person","@id":"https:\/\/regiaonews.net.br\/2022\/#\/schema\/person\/2d205a608a5aa97ac279d7a5e6d89ad8","name":"Roberto","image":{"@type":"ImageObject","inLanguage":"pt-BR","@id":"https:\/\/secure.gravatar.com\/avatar\/42749d8b712ff9d59ca93dc150494e5b55a44134482993f5baeb97e61b7ecc89?s=96&d=mm&r=g","url":"https:\/\/secure.gravatar.com\/avatar\/42749d8b712ff9d59ca93dc150494e5b55a44134482993f5baeb97e61b7ecc89?s=96&d=mm&r=g","contentUrl":"https:\/\/secure.gravatar.com\/avatar\/42749d8b712ff9d59ca93dc150494e5b55a44134482993f5baeb97e61b7ecc89?s=96&d=mm&r=g","caption":"Roberto"},"url":"https:\/\/regiaonews.net.br\/2022\/author\/roberto\/"}]}},"publishpress_future_action":{"enabled":false,"date":"2026-05-03 17:11:43","action":"change-status","newStatus":"draft","terms":[],"taxonomy":"category","extraData":[]},"publishpress_future_workflow_manual_trigger":{"enabledWorkflows":[]},"_links":{"self":[{"href":"https:\/\/regiaonews.net.br\/2022\/wp-json\/wp\/v2\/posts\/41002","targetHints":{"allow":["GET"]}}],"collection":[{"href":"https:\/\/regiaonews.net.br\/2022\/wp-json\/wp\/v2\/posts"}],"about":[{"href":"https:\/\/regiaonews.net.br\/2022\/wp-json\/wp\/v2\/types\/post"}],"author":[{"embeddable":true,"href":"https:\/\/regiaonews.net.br\/2022\/wp-json\/wp\/v2\/users\/2"}],"replies":[{"embeddable":true,"href":"https:\/\/regiaonews.net.br\/2022\/wp-json\/wp\/v2\/comments?post=41002"}],"version-history":[{"count":0,"href":"https:\/\/regiaonews.net.br\/2022\/wp-json\/wp\/v2\/posts\/41002\/revisions"}],"wp:featuredmedia":[{"embeddable":true,"href":"https:\/\/regiaonews.net.br\/2022\/wp-json\/wp\/v2\/media\/41003"}],"wp:attachment":[{"href":"https:\/\/regiaonews.net.br\/2022\/wp-json\/wp\/v2\/media?parent=41002"}],"wp:term":[{"taxonomy":"category","embeddable":true,"href":"https:\/\/regiaonews.net.br\/2022\/wp-json\/wp\/v2\/categories?post=41002"},{"taxonomy":"post_tag","embeddable":true,"href":"https:\/\/regiaonews.net.br\/2022\/wp-json\/wp\/v2\/tags?post=41002"}],"curies":[{"name":"wp","href":"https:\/\/api.w.org\/{rel}","templated":true}]}}