{"id":40986,"date":"2020-12-21T15:47:05","date_gmt":"2020-12-21T18:47:05","guid":{"rendered":"https:\/\/regiaonews.net.br\/2022\/?p=40986"},"modified":"2020-12-21T15:47:05","modified_gmt":"2020-12-21T18:47:05","slug":"coletanea-escritores-de-barretos-em-verso-prosa-sera-lancada-em-live","status":"publish","type":"post","link":"https:\/\/regiaonews.net.br\/2022\/2020\/12\/21\/coletanea-escritores-de-barretos-em-verso-prosa-sera-lancada-em-live\/","title":{"rendered":"Colet\u00e2nea \u201cEscritores de Barretos em Verso &#038; Prosa\u201d ser\u00e1 lan\u00e7ada em live"},"content":{"rendered":"<p><a href=\"https:\/\/regiaonews.net.br\/2022\/wp-content\/uploads\/2017\/06\/merenda-abc.jpg\"><img loading=\"lazy\" decoding=\"async\" class=\"alignnone size-medium wp-image-5776\" src=\"https:\/\/regiaonews.net.br\/2022\/wp-content\/uploads\/2017\/06\/merenda-abc-300x200.jpg\" alt=\"\" width=\"300\" height=\"200\" \/><\/a><\/p>\n<p>O presidente da ABC (Academia Barretense de Cultura), Jos\u00e9 Ant\u00f4nio Merenda, informou que acontece nesta ter\u00e7a, dia 22, \u00e0s 20h, o lan\u00e7amento atrav\u00e9s de live, a colet\u00e2nea \u201cEscritores de Barretos em Verso e Prosa\u201d, volume 2. Segundo Merenda, o livro tem 320 p\u00e1ginas e re\u00fane 32 autores que se cotizaram para divulga\u00e7\u00e3o da abra que foi produzida pela Perfil Editorial, de S\u00e3o Paulo. \u201cEssa colet\u00e2nea nasceu do desejo da ABC de divulgar o autor barretense, quer seja nato ou n\u00e3o, membro ou n\u00e3o da entidade, veterano ou iniciante. Os textos s\u00e3o magn\u00edficos e favorecem o gosto pela leitura e, por certo, os leitores ter\u00e3o muito o que aprender com eles\u201d, afirmou Merenda.<br \/>\nA organiza\u00e7\u00e3o da obra \u00e9 JOS\u00c9 ANTONIO MERENDA.<\/p>\n<p>Os autores s\u00e3o: Adalgisa Borsato, Alciony Menegaz, Aline Aparecida Camilo Montes, Ana Cl\u00e1udia \u00c1vila Mader, Andr\u00e9ia Aparecida Vieira, Aparecida Rosa Moro Carneiro, Canoas Neto, Carina Carneiro, Concei\u00e7\u00e3o Aparecida Ribeiro Borges, Coriolano Jos\u00e9 Neves, Farid Carvalho Mauad, Flavia Corr\u00eaa da Cunha, Francisco Ribeiro de Moraes, Joana D\u2019Arc Natuba, Jo\u00e3o Vitor Bevil\u00e1cqua de Souza Merenda, Jos\u00e9 Antonio Merenda, Jos\u00e9 Tomaz de Aquino, Karla de Oliveira Armani Medeiros, Leonor Girardi Misiara Mokdici, Luiz Antonio Batista da Rocha, Manoel Nunes Filho, Marcelo Murta, Marcos Diamantino, Maria de Lourdes Rodrigues Piton, Milton Diniz Soares de Oliveira, Nelson Jacintho, Pedro Henrique Rodrigues Camilo, Rosimeire Ferreira Mendes, S\u00e9rgio Balsanulfo da Silva, S\u00e9rgio Murad Carneiro Filho, Valdir Ven\u00e2ncio e Zaiden Geraige Neto.<\/p>\n","protected":false},"excerpt":{"rendered":"<p>O presidente da ABC (Academia Barretense de Cultura), Jos\u00e9 Ant\u00f4nio<\/p>\n","protected":false},"author":2,"featured_media":5776,"comment_status":"open","ping_status":"open","sticky":false,"template":"","format":"standard","meta":{"footnotes":""},"categories":[14,25],"tags":[],"class_list":["post-40986","post","type-post","status-publish","format-standard","has-post-thumbnail","hentry","category-barretos","category-cidades"],"yoast_head":"<!-- This site is optimized with the Yoast SEO plugin v27.4 - https:\/\/yoast.com\/product\/yoast-seo-wordpress\/ -->\n<title>Colet\u00e2nea \u201cEscritores de Barretos em Verso &amp; Prosa\u201d ser\u00e1 lan\u00e7ada em live - Regi\u00e3o News<\/title>\n<meta name=\"robots\" content=\"index, follow, max-snippet:-1, max-image-preview:large, max-video-preview:-1\" \/>\n<link rel=\"canonical\" href=\"https:\/\/regiaonews.net.br\/2022\/2020\/12\/21\/coletanea-escritores-de-barretos-em-verso-prosa-sera-lancada-em-live\/\" \/>\n<meta property=\"og:locale\" content=\"pt_BR\" \/>\n<meta property=\"og:type\" content=\"article\" \/>\n<meta property=\"og:title\" content=\"Colet\u00e2nea \u201cEscritores de Barretos em Verso &amp; Prosa\u201d ser\u00e1 lan\u00e7ada em live - Regi\u00e3o News\" \/>\n<meta property=\"og:description\" content=\"O presidente da ABC (Academia Barretense de Cultura), Jos\u00e9 Ant\u00f4nio\" \/>\n<meta property=\"og:url\" content=\"https:\/\/regiaonews.net.br\/2022\/2020\/12\/21\/coletanea-escritores-de-barretos-em-verso-prosa-sera-lancada-em-live\/\" \/>\n<meta property=\"og:site_name\" content=\"Regi\u00e3o News\" \/>\n<meta property=\"article:published_time\" content=\"2020-12-21T18:47:05+00:00\" \/>\n<meta property=\"og:image\" content=\"https:\/\/regiaonews.net.br\/2022\/wp-content\/uploads\/2017\/06\/merenda-abc.jpg\" \/>\n\t<meta property=\"og:image:width\" content=\"600\" \/>\n\t<meta property=\"og:image:height\" content=\"399\" \/>\n\t<meta property=\"og:image:type\" content=\"image\/jpeg\" \/>\n<meta name=\"author\" content=\"Roberto\" \/>\n<meta name=\"twitter:card\" content=\"summary_large_image\" \/>\n<meta name=\"twitter:label1\" content=\"Escrito por\" \/>\n\t<meta name=\"twitter:data1\" content=\"Roberto\" \/>\n\t<meta name=\"twitter:label2\" content=\"Est. tempo de leitura\" \/>\n\t<meta name=\"twitter:data2\" content=\"1 minuto\" \/>\n<script type=\"application\/ld+json\" class=\"yoast-schema-graph\">{\"@context\":\"https:\\\/\\\/schema.org\",\"@graph\":[{\"@type\":\"Article\",\"@id\":\"https:\\\/\\\/regiaonews.net.br\\\/2022\\\/2020\\\/12\\\/21\\\/coletanea-escritores-de-barretos-em-verso-prosa-sera-lancada-em-live\\\/#article\",\"isPartOf\":{\"@id\":\"https:\\\/\\\/regiaonews.net.br\\\/2022\\\/2020\\\/12\\\/21\\\/coletanea-escritores-de-barretos-em-verso-prosa-sera-lancada-em-live\\\/\"},\"author\":{\"name\":\"Roberto\",\"@id\":\"https:\\\/\\\/regiaonews.net.br\\\/2022\\\/#\\\/schema\\\/person\\\/2d205a608a5aa97ac279d7a5e6d89ad8\"},\"headline\":\"Colet\u00e2nea \u201cEscritores de Barretos em Verso &#038; Prosa\u201d ser\u00e1 lan\u00e7ada em live\",\"datePublished\":\"2020-12-21T18:47:05+00:00\",\"mainEntityOfPage\":{\"@id\":\"https:\\\/\\\/regiaonews.net.br\\\/2022\\\/2020\\\/12\\\/21\\\/coletanea-escritores-de-barretos-em-verso-prosa-sera-lancada-em-live\\\/\"},\"wordCount\":269,\"commentCount\":0,\"publisher\":{\"@id\":\"https:\\\/\\\/regiaonews.net.br\\\/2022\\\/#organization\"},\"image\":{\"@id\":\"https:\\\/\\\/regiaonews.net.br\\\/2022\\\/2020\\\/12\\\/21\\\/coletanea-escritores-de-barretos-em-verso-prosa-sera-lancada-em-live\\\/#primaryimage\"},\"thumbnailUrl\":\"https:\\\/\\\/regiaonews.net.br\\\/2022\\\/wp-content\\\/uploads\\\/2017\\\/06\\\/merenda-abc.jpg\",\"articleSection\":[\"Barretos\",\"Cidades\"],\"inLanguage\":\"pt-BR\",\"potentialAction\":[{\"@type\":\"CommentAction\",\"name\":\"Comment\",\"target\":[\"https:\\\/\\\/regiaonews.net.br\\\/2022\\\/2020\\\/12\\\/21\\\/coletanea-escritores-de-barretos-em-verso-prosa-sera-lancada-em-live\\\/#respond\"]}]},{\"@type\":\"WebPage\",\"@id\":\"https:\\\/\\\/regiaonews.net.br\\\/2022\\\/2020\\\/12\\\/21\\\/coletanea-escritores-de-barretos-em-verso-prosa-sera-lancada-em-live\\\/\",\"url\":\"https:\\\/\\\/regiaonews.net.br\\\/2022\\\/2020\\\/12\\\/21\\\/coletanea-escritores-de-barretos-em-verso-prosa-sera-lancada-em-live\\\/\",\"name\":\"Colet\u00e2nea \u201cEscritores de Barretos em Verso & Prosa\u201d ser\u00e1 lan\u00e7ada em live - Regi\u00e3o News\",\"isPartOf\":{\"@id\":\"https:\\\/\\\/regiaonews.net.br\\\/2022\\\/#website\"},\"primaryImageOfPage\":{\"@id\":\"https:\\\/\\\/regiaonews.net.br\\\/2022\\\/2020\\\/12\\\/21\\\/coletanea-escritores-de-barretos-em-verso-prosa-sera-lancada-em-live\\\/#primaryimage\"},\"image\":{\"@id\":\"https:\\\/\\\/regiaonews.net.br\\\/2022\\\/2020\\\/12\\\/21\\\/coletanea-escritores-de-barretos-em-verso-prosa-sera-lancada-em-live\\\/#primaryimage\"},\"thumbnailUrl\":\"https:\\\/\\\/regiaonews.net.br\\\/2022\\\/wp-content\\\/uploads\\\/2017\\\/06\\\/merenda-abc.jpg\",\"datePublished\":\"2020-12-21T18:47:05+00:00\",\"breadcrumb\":{\"@id\":\"https:\\\/\\\/regiaonews.net.br\\\/2022\\\/2020\\\/12\\\/21\\\/coletanea-escritores-de-barretos-em-verso-prosa-sera-lancada-em-live\\\/#breadcrumb\"},\"inLanguage\":\"pt-BR\",\"potentialAction\":[{\"@type\":\"ReadAction\",\"target\":[\"https:\\\/\\\/regiaonews.net.br\\\/2022\\\/2020\\\/12\\\/21\\\/coletanea-escritores-de-barretos-em-verso-prosa-sera-lancada-em-live\\\/\"]}]},{\"@type\":\"ImageObject\",\"inLanguage\":\"pt-BR\",\"@id\":\"https:\\\/\\\/regiaonews.net.br\\\/2022\\\/2020\\\/12\\\/21\\\/coletanea-escritores-de-barretos-em-verso-prosa-sera-lancada-em-live\\\/#primaryimage\",\"url\":\"https:\\\/\\\/regiaonews.net.br\\\/2022\\\/wp-content\\\/uploads\\\/2017\\\/06\\\/merenda-abc.jpg\",\"contentUrl\":\"https:\\\/\\\/regiaonews.net.br\\\/2022\\\/wp-content\\\/uploads\\\/2017\\\/06\\\/merenda-abc.jpg\",\"width\":600,\"height\":399},{\"@type\":\"BreadcrumbList\",\"@id\":\"https:\\\/\\\/regiaonews.net.br\\\/2022\\\/2020\\\/12\\\/21\\\/coletanea-escritores-de-barretos-em-verso-prosa-sera-lancada-em-live\\\/#breadcrumb\",\"itemListElement\":[{\"@type\":\"ListItem\",\"position\":1,\"name\":\"In\u00edcio\",\"item\":\"https:\\\/\\\/regiaonews.net.br\\\/2022\\\/\"},{\"@type\":\"ListItem\",\"position\":2,\"name\":\"Colet\u00e2nea \u201cEscritores de Barretos em Verso &#038; Prosa\u201d ser\u00e1 lan\u00e7ada em live\"}]},{\"@type\":\"WebSite\",\"@id\":\"https:\\\/\\\/regiaonews.net.br\\\/2022\\\/#website\",\"url\":\"https:\\\/\\\/regiaonews.net.br\\\/2022\\\/\",\"name\":\"Regi\u00e3o News\",\"description\":\"Site de Not\u00edcias de Barretos e regi\u00e3o\",\"publisher\":{\"@id\":\"https:\\\/\\\/regiaonews.net.br\\\/2022\\\/#organization\"},\"potentialAction\":[{\"@type\":\"SearchAction\",\"target\":{\"@type\":\"EntryPoint\",\"urlTemplate\":\"https:\\\/\\\/regiaonews.net.br\\\/2022\\\/?s={search_term_string}\"},\"query-input\":{\"@type\":\"PropertyValueSpecification\",\"valueRequired\":true,\"valueName\":\"search_term_string\"}}],\"inLanguage\":\"pt-BR\"},{\"@type\":\"Organization\",\"@id\":\"https:\\\/\\\/regiaonews.net.br\\\/2022\\\/#organization\",\"name\":\"Regi\u00e3o News\",\"url\":\"https:\\\/\\\/regiaonews.net.br\\\/2022\\\/\",\"logo\":{\"@type\":\"ImageObject\",\"inLanguage\":\"pt-BR\",\"@id\":\"https:\\\/\\\/regiaonews.net.br\\\/2022\\\/#\\\/schema\\\/logo\\\/image\\\/\",\"url\":\"https:\\\/\\\/regiaonews.net.br\\\/2022\\\/wp-content\\\/uploads\\\/2026\\\/03\\\/regiao-13-anos-scaled.jpg\",\"contentUrl\":\"https:\\\/\\\/regiaonews.net.br\\\/2022\\\/wp-content\\\/uploads\\\/2026\\\/03\\\/regiao-13-anos-scaled.jpg\",\"width\":2560,\"height\":635,\"caption\":\"Regi\u00e3o News\"},\"image\":{\"@id\":\"https:\\\/\\\/regiaonews.net.br\\\/2022\\\/#\\\/schema\\\/logo\\\/image\\\/\"}},{\"@type\":\"Person\",\"@id\":\"https:\\\/\\\/regiaonews.net.br\\\/2022\\\/#\\\/schema\\\/person\\\/2d205a608a5aa97ac279d7a5e6d89ad8\",\"name\":\"Roberto\",\"image\":{\"@type\":\"ImageObject\",\"inLanguage\":\"pt-BR\",\"@id\":\"https:\\\/\\\/secure.gravatar.com\\\/avatar\\\/42749d8b712ff9d59ca93dc150494e5b55a44134482993f5baeb97e61b7ecc89?s=96&d=mm&r=g\",\"url\":\"https:\\\/\\\/secure.gravatar.com\\\/avatar\\\/42749d8b712ff9d59ca93dc150494e5b55a44134482993f5baeb97e61b7ecc89?s=96&d=mm&r=g\",\"contentUrl\":\"https:\\\/\\\/secure.gravatar.com\\\/avatar\\\/42749d8b712ff9d59ca93dc150494e5b55a44134482993f5baeb97e61b7ecc89?s=96&d=mm&r=g\",\"caption\":\"Roberto\"},\"url\":\"https:\\\/\\\/regiaonews.net.br\\\/2022\\\/author\\\/roberto\\\/\"}]}<\/script>\n<!-- \/ Yoast SEO plugin. -->","yoast_head_json":{"title":"Colet\u00e2nea \u201cEscritores de Barretos em Verso & Prosa\u201d ser\u00e1 lan\u00e7ada em live - Regi\u00e3o News","robots":{"index":"index","follow":"follow","max-snippet":"max-snippet:-1","max-image-preview":"max-image-preview:large","max-video-preview":"max-video-preview:-1"},"canonical":"https:\/\/regiaonews.net.br\/2022\/2020\/12\/21\/coletanea-escritores-de-barretos-em-verso-prosa-sera-lancada-em-live\/","og_locale":"pt_BR","og_type":"article","og_title":"Colet\u00e2nea \u201cEscritores de Barretos em Verso & Prosa\u201d ser\u00e1 lan\u00e7ada em live - Regi\u00e3o News","og_description":"O presidente da ABC (Academia Barretense de Cultura), Jos\u00e9 Ant\u00f4nio","og_url":"https:\/\/regiaonews.net.br\/2022\/2020\/12\/21\/coletanea-escritores-de-barretos-em-verso-prosa-sera-lancada-em-live\/","og_site_name":"Regi\u00e3o News","article_published_time":"2020-12-21T18:47:05+00:00","og_image":[{"width":600,"height":399,"url":"https:\/\/regiaonews.net.br\/2022\/wp-content\/uploads\/2017\/06\/merenda-abc.jpg","type":"image\/jpeg"}],"author":"Roberto","twitter_card":"summary_large_image","twitter_misc":{"Escrito por":"Roberto","Est. tempo de leitura":"1 minuto"},"schema":{"@context":"https:\/\/schema.org","@graph":[{"@type":"Article","@id":"https:\/\/regiaonews.net.br\/2022\/2020\/12\/21\/coletanea-escritores-de-barretos-em-verso-prosa-sera-lancada-em-live\/#article","isPartOf":{"@id":"https:\/\/regiaonews.net.br\/2022\/2020\/12\/21\/coletanea-escritores-de-barretos-em-verso-prosa-sera-lancada-em-live\/"},"author":{"name":"Roberto","@id":"https:\/\/regiaonews.net.br\/2022\/#\/schema\/person\/2d205a608a5aa97ac279d7a5e6d89ad8"},"headline":"Colet\u00e2nea \u201cEscritores de Barretos em Verso &#038; Prosa\u201d ser\u00e1 lan\u00e7ada em live","datePublished":"2020-12-21T18:47:05+00:00","mainEntityOfPage":{"@id":"https:\/\/regiaonews.net.br\/2022\/2020\/12\/21\/coletanea-escritores-de-barretos-em-verso-prosa-sera-lancada-em-live\/"},"wordCount":269,"commentCount":0,"publisher":{"@id":"https:\/\/regiaonews.net.br\/2022\/#organization"},"image":{"@id":"https:\/\/regiaonews.net.br\/2022\/2020\/12\/21\/coletanea-escritores-de-barretos-em-verso-prosa-sera-lancada-em-live\/#primaryimage"},"thumbnailUrl":"https:\/\/regiaonews.net.br\/2022\/wp-content\/uploads\/2017\/06\/merenda-abc.jpg","articleSection":["Barretos","Cidades"],"inLanguage":"pt-BR","potentialAction":[{"@type":"CommentAction","name":"Comment","target":["https:\/\/regiaonews.net.br\/2022\/2020\/12\/21\/coletanea-escritores-de-barretos-em-verso-prosa-sera-lancada-em-live\/#respond"]}]},{"@type":"WebPage","@id":"https:\/\/regiaonews.net.br\/2022\/2020\/12\/21\/coletanea-escritores-de-barretos-em-verso-prosa-sera-lancada-em-live\/","url":"https:\/\/regiaonews.net.br\/2022\/2020\/12\/21\/coletanea-escritores-de-barretos-em-verso-prosa-sera-lancada-em-live\/","name":"Colet\u00e2nea \u201cEscritores de Barretos em Verso & Prosa\u201d ser\u00e1 lan\u00e7ada em live - Regi\u00e3o News","isPartOf":{"@id":"https:\/\/regiaonews.net.br\/2022\/#website"},"primaryImageOfPage":{"@id":"https:\/\/regiaonews.net.br\/2022\/2020\/12\/21\/coletanea-escritores-de-barretos-em-verso-prosa-sera-lancada-em-live\/#primaryimage"},"image":{"@id":"https:\/\/regiaonews.net.br\/2022\/2020\/12\/21\/coletanea-escritores-de-barretos-em-verso-prosa-sera-lancada-em-live\/#primaryimage"},"thumbnailUrl":"https:\/\/regiaonews.net.br\/2022\/wp-content\/uploads\/2017\/06\/merenda-abc.jpg","datePublished":"2020-12-21T18:47:05+00:00","breadcrumb":{"@id":"https:\/\/regiaonews.net.br\/2022\/2020\/12\/21\/coletanea-escritores-de-barretos-em-verso-prosa-sera-lancada-em-live\/#breadcrumb"},"inLanguage":"pt-BR","potentialAction":[{"@type":"ReadAction","target":["https:\/\/regiaonews.net.br\/2022\/2020\/12\/21\/coletanea-escritores-de-barretos-em-verso-prosa-sera-lancada-em-live\/"]}]},{"@type":"ImageObject","inLanguage":"pt-BR","@id":"https:\/\/regiaonews.net.br\/2022\/2020\/12\/21\/coletanea-escritores-de-barretos-em-verso-prosa-sera-lancada-em-live\/#primaryimage","url":"https:\/\/regiaonews.net.br\/2022\/wp-content\/uploads\/2017\/06\/merenda-abc.jpg","contentUrl":"https:\/\/regiaonews.net.br\/2022\/wp-content\/uploads\/2017\/06\/merenda-abc.jpg","width":600,"height":399},{"@type":"BreadcrumbList","@id":"https:\/\/regiaonews.net.br\/2022\/2020\/12\/21\/coletanea-escritores-de-barretos-em-verso-prosa-sera-lancada-em-live\/#breadcrumb","itemListElement":[{"@type":"ListItem","position":1,"name":"In\u00edcio","item":"https:\/\/regiaonews.net.br\/2022\/"},{"@type":"ListItem","position":2,"name":"Colet\u00e2nea \u201cEscritores de Barretos em Verso &#038; Prosa\u201d ser\u00e1 lan\u00e7ada em live"}]},{"@type":"WebSite","@id":"https:\/\/regiaonews.net.br\/2022\/#website","url":"https:\/\/regiaonews.net.br\/2022\/","name":"Regi\u00e3o News","description":"Site de Not\u00edcias de Barretos e regi\u00e3o","publisher":{"@id":"https:\/\/regiaonews.net.br\/2022\/#organization"},"potentialAction":[{"@type":"SearchAction","target":{"@type":"EntryPoint","urlTemplate":"https:\/\/regiaonews.net.br\/2022\/?s={search_term_string}"},"query-input":{"@type":"PropertyValueSpecification","valueRequired":true,"valueName":"search_term_string"}}],"inLanguage":"pt-BR"},{"@type":"Organization","@id":"https:\/\/regiaonews.net.br\/2022\/#organization","name":"Regi\u00e3o News","url":"https:\/\/regiaonews.net.br\/2022\/","logo":{"@type":"ImageObject","inLanguage":"pt-BR","@id":"https:\/\/regiaonews.net.br\/2022\/#\/schema\/logo\/image\/","url":"https:\/\/regiaonews.net.br\/2022\/wp-content\/uploads\/2026\/03\/regiao-13-anos-scaled.jpg","contentUrl":"https:\/\/regiaonews.net.br\/2022\/wp-content\/uploads\/2026\/03\/regiao-13-anos-scaled.jpg","width":2560,"height":635,"caption":"Regi\u00e3o News"},"image":{"@id":"https:\/\/regiaonews.net.br\/2022\/#\/schema\/logo\/image\/"}},{"@type":"Person","@id":"https:\/\/regiaonews.net.br\/2022\/#\/schema\/person\/2d205a608a5aa97ac279d7a5e6d89ad8","name":"Roberto","image":{"@type":"ImageObject","inLanguage":"pt-BR","@id":"https:\/\/secure.gravatar.com\/avatar\/42749d8b712ff9d59ca93dc150494e5b55a44134482993f5baeb97e61b7ecc89?s=96&d=mm&r=g","url":"https:\/\/secure.gravatar.com\/avatar\/42749d8b712ff9d59ca93dc150494e5b55a44134482993f5baeb97e61b7ecc89?s=96&d=mm&r=g","contentUrl":"https:\/\/secure.gravatar.com\/avatar\/42749d8b712ff9d59ca93dc150494e5b55a44134482993f5baeb97e61b7ecc89?s=96&d=mm&r=g","caption":"Roberto"},"url":"https:\/\/regiaonews.net.br\/2022\/author\/roberto\/"}]}},"publishpress_future_action":{"enabled":false,"date":"2026-05-03 10:51:45","action":"change-status","newStatus":"draft","terms":[],"taxonomy":"category","extraData":[]},"publishpress_future_workflow_manual_trigger":{"enabledWorkflows":[]},"_links":{"self":[{"href":"https:\/\/regiaonews.net.br\/2022\/wp-json\/wp\/v2\/posts\/40986","targetHints":{"allow":["GET"]}}],"collection":[{"href":"https:\/\/regiaonews.net.br\/2022\/wp-json\/wp\/v2\/posts"}],"about":[{"href":"https:\/\/regiaonews.net.br\/2022\/wp-json\/wp\/v2\/types\/post"}],"author":[{"embeddable":true,"href":"https:\/\/regiaonews.net.br\/2022\/wp-json\/wp\/v2\/users\/2"}],"replies":[{"embeddable":true,"href":"https:\/\/regiaonews.net.br\/2022\/wp-json\/wp\/v2\/comments?post=40986"}],"version-history":[{"count":0,"href":"https:\/\/regiaonews.net.br\/2022\/wp-json\/wp\/v2\/posts\/40986\/revisions"}],"wp:featuredmedia":[{"embeddable":true,"href":"https:\/\/regiaonews.net.br\/2022\/wp-json\/wp\/v2\/media\/5776"}],"wp:attachment":[{"href":"https:\/\/regiaonews.net.br\/2022\/wp-json\/wp\/v2\/media?parent=40986"}],"wp:term":[{"taxonomy":"category","embeddable":true,"href":"https:\/\/regiaonews.net.br\/2022\/wp-json\/wp\/v2\/categories?post=40986"},{"taxonomy":"post_tag","embeddable":true,"href":"https:\/\/regiaonews.net.br\/2022\/wp-json\/wp\/v2\/tags?post=40986"}],"curies":[{"name":"wp","href":"https:\/\/api.w.org\/{rel}","templated":true}]}}