{"id":40982,"date":"2020-12-21T12:34:55","date_gmt":"2020-12-21T15:34:55","guid":{"rendered":"https:\/\/regiaonews.net.br\/2022\/?p=40982"},"modified":"2020-12-21T23:08:28","modified_gmt":"2020-12-22T02:08:28","slug":"deic-de-ribeirao-preto-prende-seis-integrantes-de-grupo-envolvido-com-lavagem-de-dinheiro","status":"publish","type":"post","link":"https:\/\/regiaonews.net.br\/2022\/2020\/12\/21\/deic-de-ribeirao-preto-prende-seis-integrantes-de-grupo-envolvido-com-lavagem-de-dinheiro\/","title":{"rendered":"Deic de Ribeir\u00e3o Preto prende seis integrantes de grupo envolvido com lavagem de dinheiro"},"content":{"rendered":"<div>\n<h2><a href=\"https:\/\/regiaonews.net.br\/2022\/wp-content\/uploads\/2020\/10\/policia-site.jpg\"><img loading=\"lazy\" decoding=\"async\" class=\"alignnone size-medium wp-image-38904\" src=\"https:\/\/regiaonews.net.br\/2022\/wp-content\/uploads\/2020\/10\/policia-site-300x178.jpg\" alt=\"\" width=\"300\" height=\"178\" \/><\/a><\/h2>\n<h2 class=\"titulopreto ng-binding\">Deten\u00e7\u00f5es aconteceram durante a quarta fase da opera\u00e7\u00e3o &#8220;Shark Attack&#8221;, deflagrada pela Pol\u00edcia Civil do Estado do Rio de Janeiro<\/h2>\n<p>A Pol\u00edcia Civil de S\u00e3o Paulo prendeu seis integrantes de um grupo envolvido com lavagem de dinheiro, na \u00faltima sexta-feira (18), na regi\u00e3o de Ribeir\u00e3o Preto. As deten\u00e7\u00f5es aconteceram durante a quarta fase da opera\u00e7\u00e3o &#8220;Shark Attack&#8221;, deflagrada pela Pol\u00edcia Civil do Rio de Janeiro.<\/p>\n<\/div>\n<div id=\"notCorpo\" class=\"ng-binding\">\n<div><\/div>\n<div>No territ\u00f3rio paulista, os trabalhos foram desempenhados por equipes da Divis\u00e3o Especializada de Investiga\u00e7\u00f5es Criminais (Deic) de Ribeir\u00e3o Preto, com a mobiliza\u00e7\u00e3o de 31 agentes e 16 viaturas.<\/div>\n<div><\/div>\n<div>Ap\u00f3s apura\u00e7\u00f5es com o objetivo de combater a criminalidade, foi descoberto que uma organiza\u00e7\u00e3o criminosa voltada \u00e0 lavagem de dinheiro do tr\u00e1fico de drogas no Rio de Janeiro se encontrava no interior do estado paulista. Com isso, foram obtidos, junto \u00e0 Justi\u00e7a, 12 mandados de pris\u00e3o.<\/div>\n<div><\/div>\n<div>As ordens judiciais foram cumpridas nas cidades de Guatapar\u00e1, Jardin\u00f3polis e Ribeir\u00e3o Preto, resultando na pris\u00e3o de seis integrantes da quadrilha . As investiga\u00e7\u00f5es prosseguem com o objetivo de prender outros envolvidos.<\/div>\n<\/div>\n","protected":false},"excerpt":{"rendered":"<p>Deten\u00e7\u00f5es aconteceram durante a quarta fase da opera\u00e7\u00e3o &#8220;Shark Attack&#8221;,<\/p>\n","protected":false},"author":2,"featured_media":13263,"comment_status":"open","ping_status":"open","sticky":false,"template":"","format":"standard","meta":{"footnotes":""},"categories":[25,23,32],"tags":[],"class_list":["post-40982","post","type-post","status-publish","format-standard","has-post-thumbnail","hentry","category-cidades","category-policia","category-ribeirao-preto"],"yoast_head":"<!-- This site is optimized with the Yoast SEO plugin v27.4 - https:\/\/yoast.com\/product\/yoast-seo-wordpress\/ -->\n<title>Deic de Ribeir\u00e3o Preto prende seis integrantes de grupo envolvido com lavagem de dinheiro - Regi\u00e3o News<\/title>\n<meta name=\"robots\" content=\"index, follow, max-snippet:-1, max-image-preview:large, max-video-preview:-1\" \/>\n<link rel=\"canonical\" href=\"https:\/\/regiaonews.net.br\/2022\/2020\/12\/21\/deic-de-ribeirao-preto-prende-seis-integrantes-de-grupo-envolvido-com-lavagem-de-dinheiro\/\" \/>\n<meta property=\"og:locale\" content=\"pt_BR\" \/>\n<meta property=\"og:type\" content=\"article\" \/>\n<meta property=\"og:title\" content=\"Deic de Ribeir\u00e3o Preto prende seis integrantes de grupo envolvido com lavagem de dinheiro - Regi\u00e3o News\" \/>\n<meta property=\"og:description\" content=\"Deten\u00e7\u00f5es aconteceram durante a quarta fase da opera\u00e7\u00e3o &#8220;Shark Attack&#8221;,\" \/>\n<meta property=\"og:url\" content=\"https:\/\/regiaonews.net.br\/2022\/2020\/12\/21\/deic-de-ribeirao-preto-prende-seis-integrantes-de-grupo-envolvido-com-lavagem-de-dinheiro\/\" \/>\n<meta property=\"og:site_name\" content=\"Regi\u00e3o News\" \/>\n<meta property=\"article:published_time\" content=\"2020-12-21T15:34:55+00:00\" \/>\n<meta property=\"article:modified_time\" content=\"2020-12-22T02:08:28+00:00\" \/>\n<meta property=\"og:image\" content=\"https:\/\/regiaonews.net.br\/2022\/wp-content\/uploads\/2018\/06\/pol\u00edcia-bebedouro.jpg\" \/>\n\t<meta property=\"og:image:width\" content=\"640\" \/>\n\t<meta property=\"og:image:height\" content=\"481\" \/>\n\t<meta property=\"og:image:type\" content=\"image\/jpeg\" \/>\n<meta name=\"author\" content=\"Roberto\" \/>\n<meta name=\"twitter:card\" content=\"summary_large_image\" \/>\n<meta name=\"twitter:label1\" content=\"Escrito por\" \/>\n\t<meta name=\"twitter:data1\" content=\"Roberto\" \/>\n\t<meta name=\"twitter:label2\" content=\"Est. tempo de leitura\" \/>\n\t<meta name=\"twitter:data2\" content=\"1 minuto\" \/>\n<script type=\"application\/ld+json\" class=\"yoast-schema-graph\">{\"@context\":\"https:\\\/\\\/schema.org\",\"@graph\":[{\"@type\":\"Article\",\"@id\":\"https:\\\/\\\/regiaonews.net.br\\\/2022\\\/2020\\\/12\\\/21\\\/deic-de-ribeirao-preto-prende-seis-integrantes-de-grupo-envolvido-com-lavagem-de-dinheiro\\\/#article\",\"isPartOf\":{\"@id\":\"https:\\\/\\\/regiaonews.net.br\\\/2022\\\/2020\\\/12\\\/21\\\/deic-de-ribeirao-preto-prende-seis-integrantes-de-grupo-envolvido-com-lavagem-de-dinheiro\\\/\"},\"author\":{\"name\":\"Roberto\",\"@id\":\"https:\\\/\\\/regiaonews.net.br\\\/2022\\\/#\\\/schema\\\/person\\\/2d205a608a5aa97ac279d7a5e6d89ad8\"},\"headline\":\"Deic de Ribeir\u00e3o Preto prende seis integrantes de grupo envolvido com lavagem de dinheiro\",\"datePublished\":\"2020-12-21T15:34:55+00:00\",\"dateModified\":\"2020-12-22T02:08:28+00:00\",\"mainEntityOfPage\":{\"@id\":\"https:\\\/\\\/regiaonews.net.br\\\/2022\\\/2020\\\/12\\\/21\\\/deic-de-ribeirao-preto-prende-seis-integrantes-de-grupo-envolvido-com-lavagem-de-dinheiro\\\/\"},\"wordCount\":204,\"commentCount\":0,\"publisher\":{\"@id\":\"https:\\\/\\\/regiaonews.net.br\\\/2022\\\/#organization\"},\"image\":{\"@id\":\"https:\\\/\\\/regiaonews.net.br\\\/2022\\\/2020\\\/12\\\/21\\\/deic-de-ribeirao-preto-prende-seis-integrantes-de-grupo-envolvido-com-lavagem-de-dinheiro\\\/#primaryimage\"},\"thumbnailUrl\":\"https:\\\/\\\/regiaonews.net.br\\\/2022\\\/wp-content\\\/uploads\\\/2018\\\/06\\\/pol\u00edcia-bebedouro.jpg\",\"articleSection\":[\"Cidades\",\"Policia\",\"Ribeir\u00e3o Preto\"],\"inLanguage\":\"pt-BR\",\"potentialAction\":[{\"@type\":\"CommentAction\",\"name\":\"Comment\",\"target\":[\"https:\\\/\\\/regiaonews.net.br\\\/2022\\\/2020\\\/12\\\/21\\\/deic-de-ribeirao-preto-prende-seis-integrantes-de-grupo-envolvido-com-lavagem-de-dinheiro\\\/#respond\"]}]},{\"@type\":\"WebPage\",\"@id\":\"https:\\\/\\\/regiaonews.net.br\\\/2022\\\/2020\\\/12\\\/21\\\/deic-de-ribeirao-preto-prende-seis-integrantes-de-grupo-envolvido-com-lavagem-de-dinheiro\\\/\",\"url\":\"https:\\\/\\\/regiaonews.net.br\\\/2022\\\/2020\\\/12\\\/21\\\/deic-de-ribeirao-preto-prende-seis-integrantes-de-grupo-envolvido-com-lavagem-de-dinheiro\\\/\",\"name\":\"Deic de Ribeir\u00e3o Preto prende seis integrantes de grupo envolvido com lavagem de dinheiro - Regi\u00e3o News\",\"isPartOf\":{\"@id\":\"https:\\\/\\\/regiaonews.net.br\\\/2022\\\/#website\"},\"primaryImageOfPage\":{\"@id\":\"https:\\\/\\\/regiaonews.net.br\\\/2022\\\/2020\\\/12\\\/21\\\/deic-de-ribeirao-preto-prende-seis-integrantes-de-grupo-envolvido-com-lavagem-de-dinheiro\\\/#primaryimage\"},\"image\":{\"@id\":\"https:\\\/\\\/regiaonews.net.br\\\/2022\\\/2020\\\/12\\\/21\\\/deic-de-ribeirao-preto-prende-seis-integrantes-de-grupo-envolvido-com-lavagem-de-dinheiro\\\/#primaryimage\"},\"thumbnailUrl\":\"https:\\\/\\\/regiaonews.net.br\\\/2022\\\/wp-content\\\/uploads\\\/2018\\\/06\\\/pol\u00edcia-bebedouro.jpg\",\"datePublished\":\"2020-12-21T15:34:55+00:00\",\"dateModified\":\"2020-12-22T02:08:28+00:00\",\"breadcrumb\":{\"@id\":\"https:\\\/\\\/regiaonews.net.br\\\/2022\\\/2020\\\/12\\\/21\\\/deic-de-ribeirao-preto-prende-seis-integrantes-de-grupo-envolvido-com-lavagem-de-dinheiro\\\/#breadcrumb\"},\"inLanguage\":\"pt-BR\",\"potentialAction\":[{\"@type\":\"ReadAction\",\"target\":[\"https:\\\/\\\/regiaonews.net.br\\\/2022\\\/2020\\\/12\\\/21\\\/deic-de-ribeirao-preto-prende-seis-integrantes-de-grupo-envolvido-com-lavagem-de-dinheiro\\\/\"]}]},{\"@type\":\"ImageObject\",\"inLanguage\":\"pt-BR\",\"@id\":\"https:\\\/\\\/regiaonews.net.br\\\/2022\\\/2020\\\/12\\\/21\\\/deic-de-ribeirao-preto-prende-seis-integrantes-de-grupo-envolvido-com-lavagem-de-dinheiro\\\/#primaryimage\",\"url\":\"https:\\\/\\\/regiaonews.net.br\\\/2022\\\/wp-content\\\/uploads\\\/2018\\\/06\\\/pol\u00edcia-bebedouro.jpg\",\"contentUrl\":\"https:\\\/\\\/regiaonews.net.br\\\/2022\\\/wp-content\\\/uploads\\\/2018\\\/06\\\/pol\u00edcia-bebedouro.jpg\",\"width\":640,\"height\":481},{\"@type\":\"BreadcrumbList\",\"@id\":\"https:\\\/\\\/regiaonews.net.br\\\/2022\\\/2020\\\/12\\\/21\\\/deic-de-ribeirao-preto-prende-seis-integrantes-de-grupo-envolvido-com-lavagem-de-dinheiro\\\/#breadcrumb\",\"itemListElement\":[{\"@type\":\"ListItem\",\"position\":1,\"name\":\"In\u00edcio\",\"item\":\"https:\\\/\\\/regiaonews.net.br\\\/2022\\\/\"},{\"@type\":\"ListItem\",\"position\":2,\"name\":\"Deic de Ribeir\u00e3o Preto prende seis integrantes de grupo envolvido com lavagem de dinheiro\"}]},{\"@type\":\"WebSite\",\"@id\":\"https:\\\/\\\/regiaonews.net.br\\\/2022\\\/#website\",\"url\":\"https:\\\/\\\/regiaonews.net.br\\\/2022\\\/\",\"name\":\"Regi\u00e3o News\",\"description\":\"Site de Not\u00edcias de Barretos e regi\u00e3o\",\"publisher\":{\"@id\":\"https:\\\/\\\/regiaonews.net.br\\\/2022\\\/#organization\"},\"potentialAction\":[{\"@type\":\"SearchAction\",\"target\":{\"@type\":\"EntryPoint\",\"urlTemplate\":\"https:\\\/\\\/regiaonews.net.br\\\/2022\\\/?s={search_term_string}\"},\"query-input\":{\"@type\":\"PropertyValueSpecification\",\"valueRequired\":true,\"valueName\":\"search_term_string\"}}],\"inLanguage\":\"pt-BR\"},{\"@type\":\"Organization\",\"@id\":\"https:\\\/\\\/regiaonews.net.br\\\/2022\\\/#organization\",\"name\":\"Regi\u00e3o News\",\"url\":\"https:\\\/\\\/regiaonews.net.br\\\/2022\\\/\",\"logo\":{\"@type\":\"ImageObject\",\"inLanguage\":\"pt-BR\",\"@id\":\"https:\\\/\\\/regiaonews.net.br\\\/2022\\\/#\\\/schema\\\/logo\\\/image\\\/\",\"url\":\"https:\\\/\\\/regiaonews.net.br\\\/2022\\\/wp-content\\\/uploads\\\/2026\\\/03\\\/regiao-13-anos-scaled.jpg\",\"contentUrl\":\"https:\\\/\\\/regiaonews.net.br\\\/2022\\\/wp-content\\\/uploads\\\/2026\\\/03\\\/regiao-13-anos-scaled.jpg\",\"width\":2560,\"height\":635,\"caption\":\"Regi\u00e3o News\"},\"image\":{\"@id\":\"https:\\\/\\\/regiaonews.net.br\\\/2022\\\/#\\\/schema\\\/logo\\\/image\\\/\"}},{\"@type\":\"Person\",\"@id\":\"https:\\\/\\\/regiaonews.net.br\\\/2022\\\/#\\\/schema\\\/person\\\/2d205a608a5aa97ac279d7a5e6d89ad8\",\"name\":\"Roberto\",\"image\":{\"@type\":\"ImageObject\",\"inLanguage\":\"pt-BR\",\"@id\":\"https:\\\/\\\/secure.gravatar.com\\\/avatar\\\/42749d8b712ff9d59ca93dc150494e5b55a44134482993f5baeb97e61b7ecc89?s=96&d=mm&r=g\",\"url\":\"https:\\\/\\\/secure.gravatar.com\\\/avatar\\\/42749d8b712ff9d59ca93dc150494e5b55a44134482993f5baeb97e61b7ecc89?s=96&d=mm&r=g\",\"contentUrl\":\"https:\\\/\\\/secure.gravatar.com\\\/avatar\\\/42749d8b712ff9d59ca93dc150494e5b55a44134482993f5baeb97e61b7ecc89?s=96&d=mm&r=g\",\"caption\":\"Roberto\"},\"url\":\"https:\\\/\\\/regiaonews.net.br\\\/2022\\\/author\\\/roberto\\\/\"}]}<\/script>\n<!-- \/ Yoast SEO plugin. -->","yoast_head_json":{"title":"Deic de Ribeir\u00e3o Preto prende seis integrantes de grupo envolvido com lavagem de dinheiro - Regi\u00e3o News","robots":{"index":"index","follow":"follow","max-snippet":"max-snippet:-1","max-image-preview":"max-image-preview:large","max-video-preview":"max-video-preview:-1"},"canonical":"https:\/\/regiaonews.net.br\/2022\/2020\/12\/21\/deic-de-ribeirao-preto-prende-seis-integrantes-de-grupo-envolvido-com-lavagem-de-dinheiro\/","og_locale":"pt_BR","og_type":"article","og_title":"Deic de Ribeir\u00e3o Preto prende seis integrantes de grupo envolvido com lavagem de dinheiro - Regi\u00e3o News","og_description":"Deten\u00e7\u00f5es aconteceram durante a quarta fase da opera\u00e7\u00e3o &#8220;Shark Attack&#8221;,","og_url":"https:\/\/regiaonews.net.br\/2022\/2020\/12\/21\/deic-de-ribeirao-preto-prende-seis-integrantes-de-grupo-envolvido-com-lavagem-de-dinheiro\/","og_site_name":"Regi\u00e3o News","article_published_time":"2020-12-21T15:34:55+00:00","article_modified_time":"2020-12-22T02:08:28+00:00","og_image":[{"width":640,"height":481,"url":"https:\/\/regiaonews.net.br\/2022\/wp-content\/uploads\/2018\/06\/pol\u00edcia-bebedouro.jpg","type":"image\/jpeg"}],"author":"Roberto","twitter_card":"summary_large_image","twitter_misc":{"Escrito por":"Roberto","Est. tempo de leitura":"1 minuto"},"schema":{"@context":"https:\/\/schema.org","@graph":[{"@type":"Article","@id":"https:\/\/regiaonews.net.br\/2022\/2020\/12\/21\/deic-de-ribeirao-preto-prende-seis-integrantes-de-grupo-envolvido-com-lavagem-de-dinheiro\/#article","isPartOf":{"@id":"https:\/\/regiaonews.net.br\/2022\/2020\/12\/21\/deic-de-ribeirao-preto-prende-seis-integrantes-de-grupo-envolvido-com-lavagem-de-dinheiro\/"},"author":{"name":"Roberto","@id":"https:\/\/regiaonews.net.br\/2022\/#\/schema\/person\/2d205a608a5aa97ac279d7a5e6d89ad8"},"headline":"Deic de Ribeir\u00e3o Preto prende seis integrantes de grupo envolvido com lavagem de dinheiro","datePublished":"2020-12-21T15:34:55+00:00","dateModified":"2020-12-22T02:08:28+00:00","mainEntityOfPage":{"@id":"https:\/\/regiaonews.net.br\/2022\/2020\/12\/21\/deic-de-ribeirao-preto-prende-seis-integrantes-de-grupo-envolvido-com-lavagem-de-dinheiro\/"},"wordCount":204,"commentCount":0,"publisher":{"@id":"https:\/\/regiaonews.net.br\/2022\/#organization"},"image":{"@id":"https:\/\/regiaonews.net.br\/2022\/2020\/12\/21\/deic-de-ribeirao-preto-prende-seis-integrantes-de-grupo-envolvido-com-lavagem-de-dinheiro\/#primaryimage"},"thumbnailUrl":"https:\/\/regiaonews.net.br\/2022\/wp-content\/uploads\/2018\/06\/pol\u00edcia-bebedouro.jpg","articleSection":["Cidades","Policia","Ribeir\u00e3o Preto"],"inLanguage":"pt-BR","potentialAction":[{"@type":"CommentAction","name":"Comment","target":["https:\/\/regiaonews.net.br\/2022\/2020\/12\/21\/deic-de-ribeirao-preto-prende-seis-integrantes-de-grupo-envolvido-com-lavagem-de-dinheiro\/#respond"]}]},{"@type":"WebPage","@id":"https:\/\/regiaonews.net.br\/2022\/2020\/12\/21\/deic-de-ribeirao-preto-prende-seis-integrantes-de-grupo-envolvido-com-lavagem-de-dinheiro\/","url":"https:\/\/regiaonews.net.br\/2022\/2020\/12\/21\/deic-de-ribeirao-preto-prende-seis-integrantes-de-grupo-envolvido-com-lavagem-de-dinheiro\/","name":"Deic de Ribeir\u00e3o Preto prende seis integrantes de grupo envolvido com lavagem de dinheiro - Regi\u00e3o News","isPartOf":{"@id":"https:\/\/regiaonews.net.br\/2022\/#website"},"primaryImageOfPage":{"@id":"https:\/\/regiaonews.net.br\/2022\/2020\/12\/21\/deic-de-ribeirao-preto-prende-seis-integrantes-de-grupo-envolvido-com-lavagem-de-dinheiro\/#primaryimage"},"image":{"@id":"https:\/\/regiaonews.net.br\/2022\/2020\/12\/21\/deic-de-ribeirao-preto-prende-seis-integrantes-de-grupo-envolvido-com-lavagem-de-dinheiro\/#primaryimage"},"thumbnailUrl":"https:\/\/regiaonews.net.br\/2022\/wp-content\/uploads\/2018\/06\/pol\u00edcia-bebedouro.jpg","datePublished":"2020-12-21T15:34:55+00:00","dateModified":"2020-12-22T02:08:28+00:00","breadcrumb":{"@id":"https:\/\/regiaonews.net.br\/2022\/2020\/12\/21\/deic-de-ribeirao-preto-prende-seis-integrantes-de-grupo-envolvido-com-lavagem-de-dinheiro\/#breadcrumb"},"inLanguage":"pt-BR","potentialAction":[{"@type":"ReadAction","target":["https:\/\/regiaonews.net.br\/2022\/2020\/12\/21\/deic-de-ribeirao-preto-prende-seis-integrantes-de-grupo-envolvido-com-lavagem-de-dinheiro\/"]}]},{"@type":"ImageObject","inLanguage":"pt-BR","@id":"https:\/\/regiaonews.net.br\/2022\/2020\/12\/21\/deic-de-ribeirao-preto-prende-seis-integrantes-de-grupo-envolvido-com-lavagem-de-dinheiro\/#primaryimage","url":"https:\/\/regiaonews.net.br\/2022\/wp-content\/uploads\/2018\/06\/pol\u00edcia-bebedouro.jpg","contentUrl":"https:\/\/regiaonews.net.br\/2022\/wp-content\/uploads\/2018\/06\/pol\u00edcia-bebedouro.jpg","width":640,"height":481},{"@type":"BreadcrumbList","@id":"https:\/\/regiaonews.net.br\/2022\/2020\/12\/21\/deic-de-ribeirao-preto-prende-seis-integrantes-de-grupo-envolvido-com-lavagem-de-dinheiro\/#breadcrumb","itemListElement":[{"@type":"ListItem","position":1,"name":"In\u00edcio","item":"https:\/\/regiaonews.net.br\/2022\/"},{"@type":"ListItem","position":2,"name":"Deic de Ribeir\u00e3o Preto prende seis integrantes de grupo envolvido com lavagem de dinheiro"}]},{"@type":"WebSite","@id":"https:\/\/regiaonews.net.br\/2022\/#website","url":"https:\/\/regiaonews.net.br\/2022\/","name":"Regi\u00e3o News","description":"Site de Not\u00edcias de Barretos e regi\u00e3o","publisher":{"@id":"https:\/\/regiaonews.net.br\/2022\/#organization"},"potentialAction":[{"@type":"SearchAction","target":{"@type":"EntryPoint","urlTemplate":"https:\/\/regiaonews.net.br\/2022\/?s={search_term_string}"},"query-input":{"@type":"PropertyValueSpecification","valueRequired":true,"valueName":"search_term_string"}}],"inLanguage":"pt-BR"},{"@type":"Organization","@id":"https:\/\/regiaonews.net.br\/2022\/#organization","name":"Regi\u00e3o News","url":"https:\/\/regiaonews.net.br\/2022\/","logo":{"@type":"ImageObject","inLanguage":"pt-BR","@id":"https:\/\/regiaonews.net.br\/2022\/#\/schema\/logo\/image\/","url":"https:\/\/regiaonews.net.br\/2022\/wp-content\/uploads\/2026\/03\/regiao-13-anos-scaled.jpg","contentUrl":"https:\/\/regiaonews.net.br\/2022\/wp-content\/uploads\/2026\/03\/regiao-13-anos-scaled.jpg","width":2560,"height":635,"caption":"Regi\u00e3o News"},"image":{"@id":"https:\/\/regiaonews.net.br\/2022\/#\/schema\/logo\/image\/"}},{"@type":"Person","@id":"https:\/\/regiaonews.net.br\/2022\/#\/schema\/person\/2d205a608a5aa97ac279d7a5e6d89ad8","name":"Roberto","image":{"@type":"ImageObject","inLanguage":"pt-BR","@id":"https:\/\/secure.gravatar.com\/avatar\/42749d8b712ff9d59ca93dc150494e5b55a44134482993f5baeb97e61b7ecc89?s=96&d=mm&r=g","url":"https:\/\/secure.gravatar.com\/avatar\/42749d8b712ff9d59ca93dc150494e5b55a44134482993f5baeb97e61b7ecc89?s=96&d=mm&r=g","contentUrl":"https:\/\/secure.gravatar.com\/avatar\/42749d8b712ff9d59ca93dc150494e5b55a44134482993f5baeb97e61b7ecc89?s=96&d=mm&r=g","caption":"Roberto"},"url":"https:\/\/regiaonews.net.br\/2022\/author\/roberto\/"}]}},"publishpress_future_action":{"enabled":false,"date":"2026-05-03 09:21:26","action":"change-status","newStatus":"draft","terms":[],"taxonomy":"category","extraData":[]},"publishpress_future_workflow_manual_trigger":{"enabledWorkflows":[]},"_links":{"self":[{"href":"https:\/\/regiaonews.net.br\/2022\/wp-json\/wp\/v2\/posts\/40982","targetHints":{"allow":["GET"]}}],"collection":[{"href":"https:\/\/regiaonews.net.br\/2022\/wp-json\/wp\/v2\/posts"}],"about":[{"href":"https:\/\/regiaonews.net.br\/2022\/wp-json\/wp\/v2\/types\/post"}],"author":[{"embeddable":true,"href":"https:\/\/regiaonews.net.br\/2022\/wp-json\/wp\/v2\/users\/2"}],"replies":[{"embeddable":true,"href":"https:\/\/regiaonews.net.br\/2022\/wp-json\/wp\/v2\/comments?post=40982"}],"version-history":[{"count":0,"href":"https:\/\/regiaonews.net.br\/2022\/wp-json\/wp\/v2\/posts\/40982\/revisions"}],"wp:featuredmedia":[{"embeddable":true,"href":"https:\/\/regiaonews.net.br\/2022\/wp-json\/wp\/v2\/media\/13263"}],"wp:attachment":[{"href":"https:\/\/regiaonews.net.br\/2022\/wp-json\/wp\/v2\/media?parent=40982"}],"wp:term":[{"taxonomy":"category","embeddable":true,"href":"https:\/\/regiaonews.net.br\/2022\/wp-json\/wp\/v2\/categories?post=40982"},{"taxonomy":"post_tag","embeddable":true,"href":"https:\/\/regiaonews.net.br\/2022\/wp-json\/wp\/v2\/tags?post=40982"}],"curies":[{"name":"wp","href":"https:\/\/api.w.org\/{rel}","templated":true}]}}