{"id":40965,"date":"2020-12-21T08:05:42","date_gmt":"2020-12-21T11:05:42","guid":{"rendered":"https:\/\/regiaonews.net.br\/2022\/?p=40965"},"modified":"2020-12-21T08:07:43","modified_gmt":"2020-12-21T11:07:43","slug":"camara-aprova-mp-que-permite-adesao-do-brasil-a-consorcio-de-vacinas-contra-a-covid-19","status":"publish","type":"post","link":"https:\/\/regiaonews.net.br\/2022\/2020\/12\/21\/camara-aprova-mp-que-permite-adesao-do-brasil-a-consorcio-de-vacinas-contra-a-covid-19\/","title":{"rendered":"C\u00e2mara aprova MP que permite ades\u00e3o do Brasil a cons\u00f3rcio de vacinas contra a Covid-19"},"content":{"rendered":"<p><a href=\"https:\/\/regiaonews.net.br\/2022\/wp-content\/uploads\/2020\/12\/img20201218160144592-scaled.jpg\"><img loading=\"lazy\" decoding=\"async\" class=\"alignnone size-medium wp-image-40966\" src=\"https:\/\/regiaonews.net.br\/2022\/wp-content\/uploads\/2020\/12\/img20201218160144592-300x200.jpg\" alt=\"\" width=\"300\" height=\"200\" \/><\/a> <a href=\"https:\/\/regiaonews.net.br\/2022\/wp-content\/uploads\/2020\/12\/img20201218160154045-scaled.jpg\"><img loading=\"lazy\" decoding=\"async\" class=\"alignnone size-medium wp-image-40967\" src=\"https:\/\/regiaonews.net.br\/2022\/wp-content\/uploads\/2020\/12\/img20201218160154045-300x200.jpg\" alt=\"\" width=\"300\" height=\"200\" \/><\/a><\/p>\n<p><em>Parecer relatado pelo deputado federal Geninho Zuliani (DEM\/SP) vai possibilitar acesso a um conjunto de nove vacinas em desenvolvimento<\/em><br \/>\n<strong>Bras\u00edlia, 18 de dezembro de 2020 &#8211;\u00a0<\/strong>O Plen\u00e1rio da C\u00e2mara dos Deputados aprovou nesta sexta-feira, durante sess\u00e3o h\u00edbrida, presencial e virtual, a Medida Provis\u00f3ria 1003\/20, para ades\u00e3o ao cons\u00f3rcio Covax Facility, de acesso a vacinas para a Covid-19, que teve relatoria do deputado Geninho Zuliani (DEM-SP).<br \/>\nA MP 1.003 permite a ades\u00e3o do Brasil \u00e0 Alian\u00e7a Covax Facility, cons\u00f3rcio internacional formado por 168 pa\u00edses com o objetivo de promover acordos multilaterais para acelerar a compra e distribui\u00e7\u00e3o de uma vacina contra a Covid-19, sob a coordena\u00e7\u00e3o da OMS (Organiza\u00e7\u00e3o Mundial da Sa\u00fade).<br \/>\n&#8220;Saio muito satisfeito com o texto que aprovamos, vencendo os destaques, dessa MP muito esperada da ades\u00e3o do Brasil ao cons\u00f3rcio Covax Facility para que todas as vacinas aprovadas pela Anvisa sejam inclu\u00eddas no Programa Nacional de Imuniza\u00e7\u00f5es&#8221;, destacou Geninho.<br \/>\nA ades\u00e3o garante o acesso a um portf\u00f3lio de nove vacinas em desenvolvimento, al\u00e9m de outras em fase de an\u00e1lise. Caber\u00e1 ao Covax Facility negociar com os fabricantes o acesso \u00e0s doses das vacinas em volumes especificados, os cronogramas de entrega e os pre\u00e7os.<\/p>\n<p>O substitutivo do parlamentar determina ainda que a Ag\u00eancia Nacional de Vigil\u00e2ncia Sanit\u00e1ria (Anvisa) conceder\u00e1 autoriza\u00e7\u00e3o tempor\u00e1ria de uso emergencial para importa\u00e7\u00e3o, distribui\u00e7\u00e3o e uso de qualquer vacina contra o novo coronav\u00edrus, em cinco dias a partir do pedido, desde que pelo menos uma dessas autoridades sanit\u00e1rias estrangeiras a tenha aprovado e autorizado sua utiliza\u00e7\u00e3o. Constam do documento \u00f3rg\u00e3os regulat\u00f3rios internacionais, como o Food and Drug Administration (FDA), European Medicines Agency (EMA), Pharmaceuticals and Medical Devices Agency (PMDA) e National Medical Products Administration (NMPA), al\u00e9m das ag\u00eancias sanit\u00e1rias da R\u00fassia, Coreia do Sul, Canad\u00e1 e Argentina.<br \/>\nAs condi\u00e7\u00f5es de registro e de autoriza\u00e7\u00e3o de uso dever\u00e3o ser as mesmas do pa\u00eds de origem, e o fabricante deve se comprometer a concluir estudos cl\u00ednicos em curso. A compra de vacinas poder\u00e1 ser feita pela Uni\u00e3o ou por estados e munic\u00edpios.<br \/>\nA compra de insumos tamb\u00e9m poder\u00e1 ser feita sem licita\u00e7\u00e3o, incluindo-se ainda bens (como refrigeradores e outros), servi\u00e7os de log\u00edstica (distribui\u00e7\u00e3o no territ\u00f3rio), treinamento e servi\u00e7os de informa\u00e7\u00e3o. O contrato dever\u00e1 conter cl\u00e1usulas sobre o regime de execu\u00e7\u00e3o, pre\u00e7o, condi\u00e7\u00f5es de pagamento, pagamento antecipado, garantias, penalidades, casos de rescis\u00e3o, data e taxa de c\u00e2mbio para convers\u00e3o.<br \/>\nA ades\u00e3o brasileira ao Covax Facility n\u00e3o implica a obrigatoriedade de compra das vacinas, que depender\u00e1 de an\u00e1lise t\u00e9cnica e financeira para cada caso. De acordo com o relator, a estimativa \u00e9 que um total de 2 bilh\u00f5es de doses sejam liberadas at\u00e9 o final de 2021.<\/p>\n","protected":false},"excerpt":{"rendered":"<p>Parecer relatado pelo deputado federal Geninho Zuliani (DEM\/SP) vai possibilitar<\/p>\n","protected":false},"author":2,"featured_media":40967,"comment_status":"open","ping_status":"open","sticky":false,"template":"","format":"standard","meta":{"footnotes":""},"categories":[61,25,22],"tags":[],"class_list":["post-40965","post","type-post","status-publish","format-standard","has-post-thumbnail","hentry","category-brasilia","category-cidades","category-politica"],"yoast_head":"<!-- This site is optimized with the Yoast SEO plugin v27.4 - https:\/\/yoast.com\/product\/yoast-seo-wordpress\/ -->\n<title>C\u00e2mara aprova MP que permite ades\u00e3o do Brasil a cons\u00f3rcio de vacinas contra a Covid-19 - Regi\u00e3o News<\/title>\n<meta name=\"robots\" content=\"index, follow, max-snippet:-1, max-image-preview:large, max-video-preview:-1\" \/>\n<link rel=\"canonical\" href=\"https:\/\/regiaonews.net.br\/2022\/2020\/12\/21\/camara-aprova-mp-que-permite-adesao-do-brasil-a-consorcio-de-vacinas-contra-a-covid-19\/\" \/>\n<meta property=\"og:locale\" content=\"pt_BR\" \/>\n<meta property=\"og:type\" content=\"article\" \/>\n<meta property=\"og:title\" content=\"C\u00e2mara aprova MP que permite ades\u00e3o do Brasil a cons\u00f3rcio de vacinas contra a Covid-19 - Regi\u00e3o News\" \/>\n<meta property=\"og:description\" content=\"Parecer relatado pelo deputado federal Geninho Zuliani (DEM\/SP) vai possibilitar\" \/>\n<meta property=\"og:url\" content=\"https:\/\/regiaonews.net.br\/2022\/2020\/12\/21\/camara-aprova-mp-que-permite-adesao-do-brasil-a-consorcio-de-vacinas-contra-a-covid-19\/\" \/>\n<meta property=\"og:site_name\" content=\"Regi\u00e3o News\" \/>\n<meta property=\"article:published_time\" content=\"2020-12-21T11:05:42+00:00\" \/>\n<meta property=\"article:modified_time\" content=\"2020-12-21T11:07:43+00:00\" \/>\n<meta property=\"og:image\" content=\"https:\/\/regiaonews.net.br\/2022\/wp-content\/uploads\/2020\/12\/img20201218160154045-scaled.jpg\" \/>\n\t<meta property=\"og:image:width\" content=\"5022\" \/>\n\t<meta property=\"og:image:height\" content=\"3348\" \/>\n\t<meta property=\"og:image:type\" content=\"image\/jpeg\" \/>\n<meta name=\"author\" content=\"Roberto\" \/>\n<meta name=\"twitter:card\" content=\"summary_large_image\" \/>\n<meta name=\"twitter:label1\" content=\"Escrito por\" \/>\n\t<meta name=\"twitter:data1\" content=\"Roberto\" \/>\n\t<meta name=\"twitter:label2\" content=\"Est. tempo de leitura\" \/>\n\t<meta name=\"twitter:data2\" content=\"2 minutos\" \/>\n<script type=\"application\/ld+json\" class=\"yoast-schema-graph\">{\"@context\":\"https:\\\/\\\/schema.org\",\"@graph\":[{\"@type\":\"Article\",\"@id\":\"https:\\\/\\\/regiaonews.net.br\\\/2022\\\/2020\\\/12\\\/21\\\/camara-aprova-mp-que-permite-adesao-do-brasil-a-consorcio-de-vacinas-contra-a-covid-19\\\/#article\",\"isPartOf\":{\"@id\":\"https:\\\/\\\/regiaonews.net.br\\\/2022\\\/2020\\\/12\\\/21\\\/camara-aprova-mp-que-permite-adesao-do-brasil-a-consorcio-de-vacinas-contra-a-covid-19\\\/\"},\"author\":{\"name\":\"Roberto\",\"@id\":\"https:\\\/\\\/regiaonews.net.br\\\/2022\\\/#\\\/schema\\\/person\\\/2d205a608a5aa97ac279d7a5e6d89ad8\"},\"headline\":\"C\u00e2mara aprova MP que permite ades\u00e3o do Brasil a cons\u00f3rcio de vacinas contra a Covid-19\",\"datePublished\":\"2020-12-21T11:05:42+00:00\",\"dateModified\":\"2020-12-21T11:07:43+00:00\",\"mainEntityOfPage\":{\"@id\":\"https:\\\/\\\/regiaonews.net.br\\\/2022\\\/2020\\\/12\\\/21\\\/camara-aprova-mp-que-permite-adesao-do-brasil-a-consorcio-de-vacinas-contra-a-covid-19\\\/\"},\"wordCount\":516,\"commentCount\":0,\"publisher\":{\"@id\":\"https:\\\/\\\/regiaonews.net.br\\\/2022\\\/#organization\"},\"image\":{\"@id\":\"https:\\\/\\\/regiaonews.net.br\\\/2022\\\/2020\\\/12\\\/21\\\/camara-aprova-mp-que-permite-adesao-do-brasil-a-consorcio-de-vacinas-contra-a-covid-19\\\/#primaryimage\"},\"thumbnailUrl\":\"https:\\\/\\\/regiaonews.net.br\\\/2022\\\/wp-content\\\/uploads\\\/2020\\\/12\\\/img20201218160154045-scaled.jpg\",\"articleSection\":[\"Bras\u00edlia\",\"Cidades\",\"Pol\u00edtica\"],\"inLanguage\":\"pt-BR\",\"potentialAction\":[{\"@type\":\"CommentAction\",\"name\":\"Comment\",\"target\":[\"https:\\\/\\\/regiaonews.net.br\\\/2022\\\/2020\\\/12\\\/21\\\/camara-aprova-mp-que-permite-adesao-do-brasil-a-consorcio-de-vacinas-contra-a-covid-19\\\/#respond\"]}]},{\"@type\":\"WebPage\",\"@id\":\"https:\\\/\\\/regiaonews.net.br\\\/2022\\\/2020\\\/12\\\/21\\\/camara-aprova-mp-que-permite-adesao-do-brasil-a-consorcio-de-vacinas-contra-a-covid-19\\\/\",\"url\":\"https:\\\/\\\/regiaonews.net.br\\\/2022\\\/2020\\\/12\\\/21\\\/camara-aprova-mp-que-permite-adesao-do-brasil-a-consorcio-de-vacinas-contra-a-covid-19\\\/\",\"name\":\"C\u00e2mara aprova MP que permite ades\u00e3o do Brasil a cons\u00f3rcio de vacinas contra a Covid-19 - Regi\u00e3o News\",\"isPartOf\":{\"@id\":\"https:\\\/\\\/regiaonews.net.br\\\/2022\\\/#website\"},\"primaryImageOfPage\":{\"@id\":\"https:\\\/\\\/regiaonews.net.br\\\/2022\\\/2020\\\/12\\\/21\\\/camara-aprova-mp-que-permite-adesao-do-brasil-a-consorcio-de-vacinas-contra-a-covid-19\\\/#primaryimage\"},\"image\":{\"@id\":\"https:\\\/\\\/regiaonews.net.br\\\/2022\\\/2020\\\/12\\\/21\\\/camara-aprova-mp-que-permite-adesao-do-brasil-a-consorcio-de-vacinas-contra-a-covid-19\\\/#primaryimage\"},\"thumbnailUrl\":\"https:\\\/\\\/regiaonews.net.br\\\/2022\\\/wp-content\\\/uploads\\\/2020\\\/12\\\/img20201218160154045-scaled.jpg\",\"datePublished\":\"2020-12-21T11:05:42+00:00\",\"dateModified\":\"2020-12-21T11:07:43+00:00\",\"breadcrumb\":{\"@id\":\"https:\\\/\\\/regiaonews.net.br\\\/2022\\\/2020\\\/12\\\/21\\\/camara-aprova-mp-que-permite-adesao-do-brasil-a-consorcio-de-vacinas-contra-a-covid-19\\\/#breadcrumb\"},\"inLanguage\":\"pt-BR\",\"potentialAction\":[{\"@type\":\"ReadAction\",\"target\":[\"https:\\\/\\\/regiaonews.net.br\\\/2022\\\/2020\\\/12\\\/21\\\/camara-aprova-mp-que-permite-adesao-do-brasil-a-consorcio-de-vacinas-contra-a-covid-19\\\/\"]}]},{\"@type\":\"ImageObject\",\"inLanguage\":\"pt-BR\",\"@id\":\"https:\\\/\\\/regiaonews.net.br\\\/2022\\\/2020\\\/12\\\/21\\\/camara-aprova-mp-que-permite-adesao-do-brasil-a-consorcio-de-vacinas-contra-a-covid-19\\\/#primaryimage\",\"url\":\"https:\\\/\\\/regiaonews.net.br\\\/2022\\\/wp-content\\\/uploads\\\/2020\\\/12\\\/img20201218160154045-scaled.jpg\",\"contentUrl\":\"https:\\\/\\\/regiaonews.net.br\\\/2022\\\/wp-content\\\/uploads\\\/2020\\\/12\\\/img20201218160154045-scaled.jpg\",\"width\":5022,\"height\":3348},{\"@type\":\"BreadcrumbList\",\"@id\":\"https:\\\/\\\/regiaonews.net.br\\\/2022\\\/2020\\\/12\\\/21\\\/camara-aprova-mp-que-permite-adesao-do-brasil-a-consorcio-de-vacinas-contra-a-covid-19\\\/#breadcrumb\",\"itemListElement\":[{\"@type\":\"ListItem\",\"position\":1,\"name\":\"In\u00edcio\",\"item\":\"https:\\\/\\\/regiaonews.net.br\\\/2022\\\/\"},{\"@type\":\"ListItem\",\"position\":2,\"name\":\"C\u00e2mara aprova MP que permite ades\u00e3o do Brasil a cons\u00f3rcio de vacinas contra a Covid-19\"}]},{\"@type\":\"WebSite\",\"@id\":\"https:\\\/\\\/regiaonews.net.br\\\/2022\\\/#website\",\"url\":\"https:\\\/\\\/regiaonews.net.br\\\/2022\\\/\",\"name\":\"Regi\u00e3o News\",\"description\":\"Site de Not\u00edcias de Barretos e regi\u00e3o\",\"publisher\":{\"@id\":\"https:\\\/\\\/regiaonews.net.br\\\/2022\\\/#organization\"},\"potentialAction\":[{\"@type\":\"SearchAction\",\"target\":{\"@type\":\"EntryPoint\",\"urlTemplate\":\"https:\\\/\\\/regiaonews.net.br\\\/2022\\\/?s={search_term_string}\"},\"query-input\":{\"@type\":\"PropertyValueSpecification\",\"valueRequired\":true,\"valueName\":\"search_term_string\"}}],\"inLanguage\":\"pt-BR\"},{\"@type\":\"Organization\",\"@id\":\"https:\\\/\\\/regiaonews.net.br\\\/2022\\\/#organization\",\"name\":\"Regi\u00e3o News\",\"url\":\"https:\\\/\\\/regiaonews.net.br\\\/2022\\\/\",\"logo\":{\"@type\":\"ImageObject\",\"inLanguage\":\"pt-BR\",\"@id\":\"https:\\\/\\\/regiaonews.net.br\\\/2022\\\/#\\\/schema\\\/logo\\\/image\\\/\",\"url\":\"https:\\\/\\\/regiaonews.net.br\\\/2022\\\/wp-content\\\/uploads\\\/2026\\\/03\\\/regiao-13-anos-scaled.jpg\",\"contentUrl\":\"https:\\\/\\\/regiaonews.net.br\\\/2022\\\/wp-content\\\/uploads\\\/2026\\\/03\\\/regiao-13-anos-scaled.jpg\",\"width\":2560,\"height\":635,\"caption\":\"Regi\u00e3o News\"},\"image\":{\"@id\":\"https:\\\/\\\/regiaonews.net.br\\\/2022\\\/#\\\/schema\\\/logo\\\/image\\\/\"}},{\"@type\":\"Person\",\"@id\":\"https:\\\/\\\/regiaonews.net.br\\\/2022\\\/#\\\/schema\\\/person\\\/2d205a608a5aa97ac279d7a5e6d89ad8\",\"name\":\"Roberto\",\"image\":{\"@type\":\"ImageObject\",\"inLanguage\":\"pt-BR\",\"@id\":\"https:\\\/\\\/secure.gravatar.com\\\/avatar\\\/42749d8b712ff9d59ca93dc150494e5b55a44134482993f5baeb97e61b7ecc89?s=96&d=mm&r=g\",\"url\":\"https:\\\/\\\/secure.gravatar.com\\\/avatar\\\/42749d8b712ff9d59ca93dc150494e5b55a44134482993f5baeb97e61b7ecc89?s=96&d=mm&r=g\",\"contentUrl\":\"https:\\\/\\\/secure.gravatar.com\\\/avatar\\\/42749d8b712ff9d59ca93dc150494e5b55a44134482993f5baeb97e61b7ecc89?s=96&d=mm&r=g\",\"caption\":\"Roberto\"},\"url\":\"https:\\\/\\\/regiaonews.net.br\\\/2022\\\/author\\\/roberto\\\/\"}]}<\/script>\n<!-- \/ Yoast SEO plugin. -->","yoast_head_json":{"title":"C\u00e2mara aprova MP que permite ades\u00e3o do Brasil a cons\u00f3rcio de vacinas contra a Covid-19 - Regi\u00e3o News","robots":{"index":"index","follow":"follow","max-snippet":"max-snippet:-1","max-image-preview":"max-image-preview:large","max-video-preview":"max-video-preview:-1"},"canonical":"https:\/\/regiaonews.net.br\/2022\/2020\/12\/21\/camara-aprova-mp-que-permite-adesao-do-brasil-a-consorcio-de-vacinas-contra-a-covid-19\/","og_locale":"pt_BR","og_type":"article","og_title":"C\u00e2mara aprova MP que permite ades\u00e3o do Brasil a cons\u00f3rcio de vacinas contra a Covid-19 - Regi\u00e3o News","og_description":"Parecer relatado pelo deputado federal Geninho Zuliani (DEM\/SP) vai possibilitar","og_url":"https:\/\/regiaonews.net.br\/2022\/2020\/12\/21\/camara-aprova-mp-que-permite-adesao-do-brasil-a-consorcio-de-vacinas-contra-a-covid-19\/","og_site_name":"Regi\u00e3o News","article_published_time":"2020-12-21T11:05:42+00:00","article_modified_time":"2020-12-21T11:07:43+00:00","og_image":[{"width":5022,"height":3348,"url":"https:\/\/regiaonews.net.br\/2022\/wp-content\/uploads\/2020\/12\/img20201218160154045-scaled.jpg","type":"image\/jpeg"}],"author":"Roberto","twitter_card":"summary_large_image","twitter_misc":{"Escrito por":"Roberto","Est. tempo de leitura":"2 minutos"},"schema":{"@context":"https:\/\/schema.org","@graph":[{"@type":"Article","@id":"https:\/\/regiaonews.net.br\/2022\/2020\/12\/21\/camara-aprova-mp-que-permite-adesao-do-brasil-a-consorcio-de-vacinas-contra-a-covid-19\/#article","isPartOf":{"@id":"https:\/\/regiaonews.net.br\/2022\/2020\/12\/21\/camara-aprova-mp-que-permite-adesao-do-brasil-a-consorcio-de-vacinas-contra-a-covid-19\/"},"author":{"name":"Roberto","@id":"https:\/\/regiaonews.net.br\/2022\/#\/schema\/person\/2d205a608a5aa97ac279d7a5e6d89ad8"},"headline":"C\u00e2mara aprova MP que permite ades\u00e3o do Brasil a cons\u00f3rcio de vacinas contra a Covid-19","datePublished":"2020-12-21T11:05:42+00:00","dateModified":"2020-12-21T11:07:43+00:00","mainEntityOfPage":{"@id":"https:\/\/regiaonews.net.br\/2022\/2020\/12\/21\/camara-aprova-mp-que-permite-adesao-do-brasil-a-consorcio-de-vacinas-contra-a-covid-19\/"},"wordCount":516,"commentCount":0,"publisher":{"@id":"https:\/\/regiaonews.net.br\/2022\/#organization"},"image":{"@id":"https:\/\/regiaonews.net.br\/2022\/2020\/12\/21\/camara-aprova-mp-que-permite-adesao-do-brasil-a-consorcio-de-vacinas-contra-a-covid-19\/#primaryimage"},"thumbnailUrl":"https:\/\/regiaonews.net.br\/2022\/wp-content\/uploads\/2020\/12\/img20201218160154045-scaled.jpg","articleSection":["Bras\u00edlia","Cidades","Pol\u00edtica"],"inLanguage":"pt-BR","potentialAction":[{"@type":"CommentAction","name":"Comment","target":["https:\/\/regiaonews.net.br\/2022\/2020\/12\/21\/camara-aprova-mp-que-permite-adesao-do-brasil-a-consorcio-de-vacinas-contra-a-covid-19\/#respond"]}]},{"@type":"WebPage","@id":"https:\/\/regiaonews.net.br\/2022\/2020\/12\/21\/camara-aprova-mp-que-permite-adesao-do-brasil-a-consorcio-de-vacinas-contra-a-covid-19\/","url":"https:\/\/regiaonews.net.br\/2022\/2020\/12\/21\/camara-aprova-mp-que-permite-adesao-do-brasil-a-consorcio-de-vacinas-contra-a-covid-19\/","name":"C\u00e2mara aprova MP que permite ades\u00e3o do Brasil a cons\u00f3rcio de vacinas contra a Covid-19 - Regi\u00e3o News","isPartOf":{"@id":"https:\/\/regiaonews.net.br\/2022\/#website"},"primaryImageOfPage":{"@id":"https:\/\/regiaonews.net.br\/2022\/2020\/12\/21\/camara-aprova-mp-que-permite-adesao-do-brasil-a-consorcio-de-vacinas-contra-a-covid-19\/#primaryimage"},"image":{"@id":"https:\/\/regiaonews.net.br\/2022\/2020\/12\/21\/camara-aprova-mp-que-permite-adesao-do-brasil-a-consorcio-de-vacinas-contra-a-covid-19\/#primaryimage"},"thumbnailUrl":"https:\/\/regiaonews.net.br\/2022\/wp-content\/uploads\/2020\/12\/img20201218160154045-scaled.jpg","datePublished":"2020-12-21T11:05:42+00:00","dateModified":"2020-12-21T11:07:43+00:00","breadcrumb":{"@id":"https:\/\/regiaonews.net.br\/2022\/2020\/12\/21\/camara-aprova-mp-que-permite-adesao-do-brasil-a-consorcio-de-vacinas-contra-a-covid-19\/#breadcrumb"},"inLanguage":"pt-BR","potentialAction":[{"@type":"ReadAction","target":["https:\/\/regiaonews.net.br\/2022\/2020\/12\/21\/camara-aprova-mp-que-permite-adesao-do-brasil-a-consorcio-de-vacinas-contra-a-covid-19\/"]}]},{"@type":"ImageObject","inLanguage":"pt-BR","@id":"https:\/\/regiaonews.net.br\/2022\/2020\/12\/21\/camara-aprova-mp-que-permite-adesao-do-brasil-a-consorcio-de-vacinas-contra-a-covid-19\/#primaryimage","url":"https:\/\/regiaonews.net.br\/2022\/wp-content\/uploads\/2020\/12\/img20201218160154045-scaled.jpg","contentUrl":"https:\/\/regiaonews.net.br\/2022\/wp-content\/uploads\/2020\/12\/img20201218160154045-scaled.jpg","width":5022,"height":3348},{"@type":"BreadcrumbList","@id":"https:\/\/regiaonews.net.br\/2022\/2020\/12\/21\/camara-aprova-mp-que-permite-adesao-do-brasil-a-consorcio-de-vacinas-contra-a-covid-19\/#breadcrumb","itemListElement":[{"@type":"ListItem","position":1,"name":"In\u00edcio","item":"https:\/\/regiaonews.net.br\/2022\/"},{"@type":"ListItem","position":2,"name":"C\u00e2mara aprova MP que permite ades\u00e3o do Brasil a cons\u00f3rcio de vacinas contra a Covid-19"}]},{"@type":"WebSite","@id":"https:\/\/regiaonews.net.br\/2022\/#website","url":"https:\/\/regiaonews.net.br\/2022\/","name":"Regi\u00e3o News","description":"Site de Not\u00edcias de Barretos e regi\u00e3o","publisher":{"@id":"https:\/\/regiaonews.net.br\/2022\/#organization"},"potentialAction":[{"@type":"SearchAction","target":{"@type":"EntryPoint","urlTemplate":"https:\/\/regiaonews.net.br\/2022\/?s={search_term_string}"},"query-input":{"@type":"PropertyValueSpecification","valueRequired":true,"valueName":"search_term_string"}}],"inLanguage":"pt-BR"},{"@type":"Organization","@id":"https:\/\/regiaonews.net.br\/2022\/#organization","name":"Regi\u00e3o News","url":"https:\/\/regiaonews.net.br\/2022\/","logo":{"@type":"ImageObject","inLanguage":"pt-BR","@id":"https:\/\/regiaonews.net.br\/2022\/#\/schema\/logo\/image\/","url":"https:\/\/regiaonews.net.br\/2022\/wp-content\/uploads\/2026\/03\/regiao-13-anos-scaled.jpg","contentUrl":"https:\/\/regiaonews.net.br\/2022\/wp-content\/uploads\/2026\/03\/regiao-13-anos-scaled.jpg","width":2560,"height":635,"caption":"Regi\u00e3o News"},"image":{"@id":"https:\/\/regiaonews.net.br\/2022\/#\/schema\/logo\/image\/"}},{"@type":"Person","@id":"https:\/\/regiaonews.net.br\/2022\/#\/schema\/person\/2d205a608a5aa97ac279d7a5e6d89ad8","name":"Roberto","image":{"@type":"ImageObject","inLanguage":"pt-BR","@id":"https:\/\/secure.gravatar.com\/avatar\/42749d8b712ff9d59ca93dc150494e5b55a44134482993f5baeb97e61b7ecc89?s=96&d=mm&r=g","url":"https:\/\/secure.gravatar.com\/avatar\/42749d8b712ff9d59ca93dc150494e5b55a44134482993f5baeb97e61b7ecc89?s=96&d=mm&r=g","contentUrl":"https:\/\/secure.gravatar.com\/avatar\/42749d8b712ff9d59ca93dc150494e5b55a44134482993f5baeb97e61b7ecc89?s=96&d=mm&r=g","caption":"Roberto"},"url":"https:\/\/regiaonews.net.br\/2022\/author\/roberto\/"}]}},"publishpress_future_action":{"enabled":false,"date":"2026-05-03 10:51:45","action":"change-status","newStatus":"draft","terms":[],"taxonomy":"category","extraData":[]},"publishpress_future_workflow_manual_trigger":{"enabledWorkflows":[]},"_links":{"self":[{"href":"https:\/\/regiaonews.net.br\/2022\/wp-json\/wp\/v2\/posts\/40965","targetHints":{"allow":["GET"]}}],"collection":[{"href":"https:\/\/regiaonews.net.br\/2022\/wp-json\/wp\/v2\/posts"}],"about":[{"href":"https:\/\/regiaonews.net.br\/2022\/wp-json\/wp\/v2\/types\/post"}],"author":[{"embeddable":true,"href":"https:\/\/regiaonews.net.br\/2022\/wp-json\/wp\/v2\/users\/2"}],"replies":[{"embeddable":true,"href":"https:\/\/regiaonews.net.br\/2022\/wp-json\/wp\/v2\/comments?post=40965"}],"version-history":[{"count":0,"href":"https:\/\/regiaonews.net.br\/2022\/wp-json\/wp\/v2\/posts\/40965\/revisions"}],"wp:featuredmedia":[{"embeddable":true,"href":"https:\/\/regiaonews.net.br\/2022\/wp-json\/wp\/v2\/media\/40967"}],"wp:attachment":[{"href":"https:\/\/regiaonews.net.br\/2022\/wp-json\/wp\/v2\/media?parent=40965"}],"wp:term":[{"taxonomy":"category","embeddable":true,"href":"https:\/\/regiaonews.net.br\/2022\/wp-json\/wp\/v2\/categories?post=40965"},{"taxonomy":"post_tag","embeddable":true,"href":"https:\/\/regiaonews.net.br\/2022\/wp-json\/wp\/v2\/tags?post=40965"}],"curies":[{"name":"wp","href":"https:\/\/api.w.org\/{rel}","templated":true}]}}