{"id":40782,"date":"2020-12-16T14:58:55","date_gmt":"2020-12-16T17:58:55","guid":{"rendered":"https:\/\/regiaonews.net.br\/2022\/?p=40782"},"modified":"2020-12-16T14:59:28","modified_gmt":"2020-12-16T17:59:28","slug":"40782","status":"publish","type":"post","link":"https:\/\/regiaonews.net.br\/2022\/2020\/12\/16\/40782\/","title":{"rendered":"Minist\u00e9rio lan\u00e7a campanha para estimular vacina\u00e7\u00e3o contra a covid-19"},"content":{"rendered":"<p>O Minist\u00e9rio da Sa\u00fade intensificar\u00e1, a partir de hoje (16), a divulga\u00e7\u00e3o de informa\u00e7\u00f5es sobre o processo de produ\u00e7\u00e3o, aprova\u00e7\u00e3o, escolha e distribui\u00e7\u00e3o de vacinas a serem utilizadas na campanha de imuniza\u00e7\u00e3o contra o novo coronav\u00edrus. O objetivo \u00e9 tranquilizar a\u00a0popula\u00e7\u00e3o a respeito da efic\u00e1cia e seguran\u00e7a de qualquer imunizante que a Ag\u00eancia Nacional Vigil\u00e2ncia Sanit\u00e1ria (Anvisa) venha a aprovar.<img decoding=\"async\" src=\"https:\/\/agenciabrasil.ebc.com.br\/ebc.png?id=1396582&amp;o=node\" \/><img decoding=\"async\" src=\"https:\/\/agenciabrasil.ebc.com.br\/ebc.gif?id=1396582&amp;o=node\" \/><\/p>\n<p>\u201cEstamos come\u00e7ando hoje uma campanha de comunica\u00e7\u00e3o com duas fases\u201d, explicou o secret\u00e1rio nacional de Vigil\u00e2ncia em Sa\u00fade, Arnaldo Medeiros, durante cerim\u00f4nia oficial realizada esta manh\u00e3, no Pal\u00e1cio do Planalto, em Bras\u00edlia.<\/p>\n<div class=\"dnd-widget-wrapper context-cheio_8colunas type-image\">\n<div class=\"dnd-atom-rendered\">\n<div class=\"shadow overflow-hidden rounded-lg d-block zoom-on-hover-sm shadow-hover w-100\"><img decoding=\"async\" class=\"flex-fill img-cover\" title=\"Isac N\u00f3brega\/PR\" src=\"https:\/\/imagens.ebc.com.br\/rg7CltLa8CoP1zSDxi3_13zXvNo=\/754x0\/smart\/https:\/\/agenciabrasil.ebc.com.br\/sites\/default\/files\/thumbnails\/image\/50725950318_c2d827a81d_o.jpg?itok=Wf5YDUFs\" alt=\"O Presidente Jair Bolsonaro, participa do lan\u00e7amento do Plano Nacional de Operacionaliza\u00e7\u00e3o da Vacina\u00e7\u00e3o Contra a Covid-19.\" \/><\/div>\n<\/div>\n<div class=\"dnd-caption-wrapper\">\n<h6 class=\"meta\">O Presidente Jair Bolsonaro, participa do lan\u00e7amento do Plano Nacional de Operacionaliza\u00e7\u00e3o da Vacina\u00e7\u00e3o Contra a Covid-19. &#8211;\u00a0<strong>Isac N\u00f3brega\/PR<\/strong><\/h6>\n<\/div>\n<\/div>\n<p>Segundo o\u00a0<a href=\"https:\/\/www.gov.br\/saude\/pt-br\/media\/pdf\/2020\/dezembro\/12\/2020_12_11_plano-de-vacinacao-covid19-_revisado.pdf\" target=\"_blank\" rel=\"noopener noreferrer\">Plano Nacional de Operacionaliza\u00e7\u00e3o da Vacina\u00e7\u00e3o contra a Covid-19<\/a>, a primeira fase da campanha de comunica\u00e7\u00e3o, entre outras coisas, tem o objetivo de esclarecer a popula\u00e7\u00e3o sobre a import\u00e2ncia da imuniza\u00e7\u00e3o, refor\u00e7ando que as autoridades sanit\u00e1rias est\u00e3o tomando todas as medidas necess\u00e1rias para garantir a seguran\u00e7a dos brasileiros que receberem a vacina.<\/p>\n<p>\u201cEsta primeira fase tem o intuito de esclarecer a popula\u00e7\u00e3o sobre a efic\u00e1cia dos imunizantes que o pa\u00eds vier a utilizar, bem como da nossa capacidade operacional de distribu\u00ed-los\u201d, explicou Medeiros. \u201cJ\u00e1 a segunda fase ocorrer\u00e1 efetivamente durante a vacina\u00e7\u00e3o, e servir\u00e1 para convocarmos os grupos que ser\u00e3o vacinados a comparecerem aos postos de vacina\u00e7\u00e3o\u201d, acrescentou o secret\u00e1rio nacional a respeito da segunda etapa, prevista para ter in\u00edcio t\u00e3o logo os \u00f3rg\u00e3os competentes definam quais imunizantes ser\u00e3o distribu\u00eddos e a partir de quando.<\/p>\n<p><strong>Assista \u00e0 cerim\u00f4nia de lan\u00e7amento do plano na \u00edntegra:<\/strong><\/p>\n<div class=\"embed-container\"><iframe src=\"https:\/\/www.youtube.com\/embed\/\/P3TZLJULrDg\" frameborder=\"0\" allowfullscreen=\"allowfullscreen\" data-mce-fragment=\"1\"><\/iframe><\/div>\n<p>\u201cEstamos pensando assim: a vacina\u00e7\u00e3o contra a covid-19 \u00e9 o Brasil em a\u00e7\u00e3o pela sua prote\u00e7\u00e3o\u201d, comentou o secret\u00e1rio ao falar sobre a import\u00e2ncia de que a popula\u00e7\u00e3o se vacine e recomendar que as pessoas consultem as ferramentas digitais do minist\u00e9rio, como a\u00a0<a href=\"https:\/\/conectesus-paciente.saude.gov.br\/menu\/home\" target=\"_blank\" rel=\"noopener noreferrer\">plataforma<\/a>\u00a0e o aplicativo\u00a0<a href=\"https:\/\/conectesus-paciente.saude.gov.br\/\" target=\"_blank\" rel=\"noopener noreferrer\">ConecteSUS<\/a>\u00a0para se informar. \u201cBaixe gratuitamente o aplicativo. Informe-se. Prepare-se e cuide-se, pois o que queremos \u00e9 um Brasil imunizado.\u201d<\/p>\n<div class=\"dnd-widget-wrapper context-cheio_8colunas type-audio\">\n<div class=\"dnd-atom-rendered\">\n<div class=\"col-lg-12 shadow-sm sticky-element px-0 m-0 z-9\">\n<div class=\"rounded-lg\">\n<div class=\"player-wrapper bg-secondary\">\n<div id=\"mep_0\" class=\"mejs__container mejs__container-keyboard-inactive rounded-lg shadow-sm mejs__audio\" tabindex=\"0\" role=\"application\" aria-label=\"Audio Player\">\n<div class=\"mejs__inner\">\n<div class=\"mejs__clear\"><\/div>\n<\/div>\n<\/div>\n<\/div>\n<\/div>\n<\/div>\n<\/div>\n<div class=\"dnd-caption-wrapper\">\n<div class=\"meta\"><strong>Governo anuncia plano nacional de vacina\u00e7\u00e3o contra a covid-19\u200b &#8211; Por Adrielen Alves<\/strong><\/div>\n<\/div>\n<\/div>\n<h2>Log\u00edstica<\/h2>\n<p>O texto do Plano Nacional de Operacionaliza\u00e7\u00e3o da Vacina\u00e7\u00e3o contra a Covid-19 estabelece a import\u00e2ncia do minist\u00e9rio transmitir \u00e0 popula\u00e7\u00e3o a mensagem de que o sistema de sa\u00fade p\u00fablica est\u00e1 preparado para realizar a vacina\u00e7\u00e3o com seguran\u00e7a e que medidas est\u00e3o sendo adotadas para garantir a seguran\u00e7a e a efic\u00e1cia dos imunizantes e, assim, proteger os brasileiros, reduzindo a transmiss\u00e3o da doen\u00e7a.<\/p>\n<p>Durante o evento desta manh\u00e3, que contou com a participa\u00e7\u00e3o do presidente Jair Bolsonaro, de governadores e diversas outras autoridades, o ministro da Sa\u00fade, Eduardo Pazuello destacou que, gra\u00e7as ao alcance do Sistema \u00danico de Sa\u00fade (SUS), o Brasil conta com a estrutura necess\u00e1ria para fazer as vacinas chegarem a todos os pontos em curto espa\u00e7o de tempo.<\/p>\n<p>\u201cQuanto temos no\u00e7\u00e3o do tamanho do nosso Programa Nacional de Imuniza\u00e7\u00e3o, vemos quanta desinforma\u00e7\u00e3o corre a respeito da capacidade do Brasil conduzir esta miss\u00e3o\u201d, disse Pazuello. \u201cPara que esta ansiedade, esta ang\u00fastia? Estamos trabalhando. E n\u00e3o se preocupem com a log\u00edstica, pois ela \u00e9 simples. Apesar da dimens\u00e3o do nosso pa\u00eds, temos toda a estrutura necess\u00e1ria j\u00e1 planejada e pronta. O &#8216;x&#8217;\u00a0da quest\u00e3o est\u00e1 no cronograma de distribui\u00e7\u00e3o e imuniza\u00e7\u00e3o, que \u00e9 um anexo deste plano, e que depende do registro [das vacinas que forem aprovadas pela Anvisa]\u201d, enfatizou o ministro, garantindo que o pa\u00eds j\u00e1 negociou a compra de mais de 300 milh\u00f5es de doses de vacinas em fase final de testes. \u201cAcho que estamos no caminho e no momento certos.\u201d<\/p>\n<h2>Priorit\u00e1rios<\/h2>\n<p>O\u00a0<a href=\"https:\/\/agenciabrasil.ebc.com.br\/saude\/noticia\/2020-12\/governo-anuncia-hoje-plano-nacional-da-vacina-contra-covid-19\" target=\"_blank\" rel=\"noopener noreferrer\">Plano Nacional de Vacina\u00e7\u00e3o contra a covid-19<\/a>\u00a0prev\u00ea quatro grupos de pessoas a serem prioritariamente vacinadas. Somados, estes grupos re\u00fanem cerca de 50 milh\u00f5es de pessoas, o que vai demandar 108,3 milh\u00f5es de doses de vacina, j\u00e1 incluindo 5% de perdas, uma vez que cada pessoa deve tomar duas doses em um intervalo de 14 dias.<\/p>\n<p>No documento, os t\u00e9cnicos do Minist\u00e9rio da Sa\u00fade ponderam que o planejamento \u00e9 preliminar, podendo sofrer mudan\u00e7as. O primeiro grupo priorit\u00e1rio, a ser vacinado na Fase 1, \u00e9 formado por trabalhadores da Sa\u00fade (5,88 milh\u00f5es), pessoas de 80 anos ou mais (4,26 milh\u00f5es), pessoas de 75 a 79 anos (3,48 milh\u00f5es) e ind\u00edgenas com idade acima de 18 anos (410 mil). A Fase 2 \u00e9 formada por pessoas de 70 a 74 anos (5,17 milh\u00f5es), de 65 a 69 anos (7,08 milh\u00f5es) e de 60 a 64 anos (9,09 milh\u00f5es).<\/p>\n<p>Na Fase 3, a previs\u00e3o \u00e9 vacinar 12,66 milh\u00f5es de pessoas acima dos 18 anos que tenham as seguintes comorbidades: hipertens\u00e3o de dif\u00edcil controle, diabetes mellitus, doen\u00e7a pulmonar obstrutiva cr\u00f4nica, doen\u00e7a renal, doen\u00e7as cardiovasculares e cerebrovasculares, indiv\u00edduos transplantados de \u00f3rg\u00e3o s\u00f3lido, anemia falciforme, c\u00e2ncer e obesidade grave (IMC maior ou igual a 40).<\/p>\n<p>Na Fase 4, dever\u00e3o ser vacinados professores do n\u00edvel b\u00e1sico ao superior (2,34 milh\u00f5es), for\u00e7as de seguran\u00e7a e salvamento (850 mil) e funcion\u00e1rios do sistema prisional (144 mil).<\/p>\n<p>fonte : Ag\u00eancia Brasil<\/p>\n","protected":false},"excerpt":{"rendered":"<p>O Minist\u00e9rio da Sa\u00fade intensificar\u00e1, a partir de hoje (16),<\/p>\n","protected":false},"author":2,"featured_media":40783,"comment_status":"open","ping_status":"open","sticky":false,"template":"","format":"standard","meta":{"footnotes":""},"categories":[24,25],"tags":[],"class_list":["post-40782","post","type-post","status-publish","format-standard","has-post-thumbnail","hentry","category-brasil","category-cidades"],"yoast_head":"<!-- This site is optimized with the Yoast SEO plugin v27.4 - https:\/\/yoast.com\/product\/yoast-seo-wordpress\/ -->\n<title>Minist\u00e9rio lan\u00e7a campanha para estimular vacina\u00e7\u00e3o contra a covid-19 - Regi\u00e3o News<\/title>\n<meta name=\"robots\" content=\"index, follow, max-snippet:-1, max-image-preview:large, max-video-preview:-1\" \/>\n<link rel=\"canonical\" href=\"https:\/\/regiaonews.net.br\/2022\/2020\/12\/16\/40782\/\" \/>\n<meta property=\"og:locale\" content=\"pt_BR\" \/>\n<meta property=\"og:type\" content=\"article\" \/>\n<meta property=\"og:title\" content=\"Minist\u00e9rio lan\u00e7a campanha para estimular vacina\u00e7\u00e3o contra a covid-19 - Regi\u00e3o News\" \/>\n<meta property=\"og:description\" content=\"O Minist\u00e9rio da Sa\u00fade intensificar\u00e1, a partir de hoje (16),\" \/>\n<meta property=\"og:url\" content=\"https:\/\/regiaonews.net.br\/2022\/2020\/12\/16\/40782\/\" \/>\n<meta property=\"og:site_name\" content=\"Regi\u00e3o News\" \/>\n<meta property=\"article:published_time\" content=\"2020-12-16T17:58:55+00:00\" \/>\n<meta property=\"article:modified_time\" content=\"2020-12-16T17:59:28+00:00\" \/>\n<meta property=\"og:image\" content=\"https:\/\/regiaonews.net.br\/2022\/wp-content\/uploads\/2020\/12\/50726774587_c571f81f36_o.jpg\" \/>\n\t<meta property=\"og:image:width\" content=\"1170\" \/>\n\t<meta property=\"og:image:height\" content=\"700\" \/>\n\t<meta property=\"og:image:type\" content=\"image\/jpeg\" \/>\n<meta name=\"author\" content=\"Roberto\" \/>\n<meta name=\"twitter:card\" content=\"summary_large_image\" \/>\n<meta name=\"twitter:label1\" content=\"Escrito por\" \/>\n\t<meta name=\"twitter:data1\" content=\"Roberto\" \/>\n\t<meta name=\"twitter:label2\" content=\"Est. tempo de leitura\" \/>\n\t<meta name=\"twitter:data2\" content=\"5 minutos\" \/>\n<script type=\"application\/ld+json\" class=\"yoast-schema-graph\">{\"@context\":\"https:\\\/\\\/schema.org\",\"@graph\":[{\"@type\":\"Article\",\"@id\":\"https:\\\/\\\/regiaonews.net.br\\\/2022\\\/2020\\\/12\\\/16\\\/40782\\\/#article\",\"isPartOf\":{\"@id\":\"https:\\\/\\\/regiaonews.net.br\\\/2022\\\/2020\\\/12\\\/16\\\/40782\\\/\"},\"author\":{\"name\":\"Roberto\",\"@id\":\"https:\\\/\\\/regiaonews.net.br\\\/2022\\\/#\\\/schema\\\/person\\\/2d205a608a5aa97ac279d7a5e6d89ad8\"},\"headline\":\"Minist\u00e9rio lan\u00e7a campanha para estimular vacina\u00e7\u00e3o contra a covid-19\",\"datePublished\":\"2020-12-16T17:58:55+00:00\",\"dateModified\":\"2020-12-16T17:59:28+00:00\",\"mainEntityOfPage\":{\"@id\":\"https:\\\/\\\/regiaonews.net.br\\\/2022\\\/2020\\\/12\\\/16\\\/40782\\\/\"},\"wordCount\":919,\"commentCount\":0,\"publisher\":{\"@id\":\"https:\\\/\\\/regiaonews.net.br\\\/2022\\\/#organization\"},\"image\":{\"@id\":\"https:\\\/\\\/regiaonews.net.br\\\/2022\\\/2020\\\/12\\\/16\\\/40782\\\/#primaryimage\"},\"thumbnailUrl\":\"https:\\\/\\\/regiaonews.net.br\\\/2022\\\/wp-content\\\/uploads\\\/2020\\\/12\\\/50726774587_c571f81f36_o.jpg\",\"articleSection\":[\"Brasil\",\"Cidades\"],\"inLanguage\":\"pt-BR\",\"potentialAction\":[{\"@type\":\"CommentAction\",\"name\":\"Comment\",\"target\":[\"https:\\\/\\\/regiaonews.net.br\\\/2022\\\/2020\\\/12\\\/16\\\/40782\\\/#respond\"]}]},{\"@type\":\"WebPage\",\"@id\":\"https:\\\/\\\/regiaonews.net.br\\\/2022\\\/2020\\\/12\\\/16\\\/40782\\\/\",\"url\":\"https:\\\/\\\/regiaonews.net.br\\\/2022\\\/2020\\\/12\\\/16\\\/40782\\\/\",\"name\":\"Minist\u00e9rio lan\u00e7a campanha para estimular vacina\u00e7\u00e3o contra a covid-19 - Regi\u00e3o News\",\"isPartOf\":{\"@id\":\"https:\\\/\\\/regiaonews.net.br\\\/2022\\\/#website\"},\"primaryImageOfPage\":{\"@id\":\"https:\\\/\\\/regiaonews.net.br\\\/2022\\\/2020\\\/12\\\/16\\\/40782\\\/#primaryimage\"},\"image\":{\"@id\":\"https:\\\/\\\/regiaonews.net.br\\\/2022\\\/2020\\\/12\\\/16\\\/40782\\\/#primaryimage\"},\"thumbnailUrl\":\"https:\\\/\\\/regiaonews.net.br\\\/2022\\\/wp-content\\\/uploads\\\/2020\\\/12\\\/50726774587_c571f81f36_o.jpg\",\"datePublished\":\"2020-12-16T17:58:55+00:00\",\"dateModified\":\"2020-12-16T17:59:28+00:00\",\"breadcrumb\":{\"@id\":\"https:\\\/\\\/regiaonews.net.br\\\/2022\\\/2020\\\/12\\\/16\\\/40782\\\/#breadcrumb\"},\"inLanguage\":\"pt-BR\",\"potentialAction\":[{\"@type\":\"ReadAction\",\"target\":[\"https:\\\/\\\/regiaonews.net.br\\\/2022\\\/2020\\\/12\\\/16\\\/40782\\\/\"]}]},{\"@type\":\"ImageObject\",\"inLanguage\":\"pt-BR\",\"@id\":\"https:\\\/\\\/regiaonews.net.br\\\/2022\\\/2020\\\/12\\\/16\\\/40782\\\/#primaryimage\",\"url\":\"https:\\\/\\\/regiaonews.net.br\\\/2022\\\/wp-content\\\/uploads\\\/2020\\\/12\\\/50726774587_c571f81f36_o.jpg\",\"contentUrl\":\"https:\\\/\\\/regiaonews.net.br\\\/2022\\\/wp-content\\\/uploads\\\/2020\\\/12\\\/50726774587_c571f81f36_o.jpg\",\"width\":1170,\"height\":700,\"caption\":\"O Presidente Jair Bolsonaro, participa do lan\u00e7amento do Plano Nacional de Operacionaliza\u00e7\u00e3o da Vacina\u00e7\u00e3o Contra a Covid-19.\"},{\"@type\":\"BreadcrumbList\",\"@id\":\"https:\\\/\\\/regiaonews.net.br\\\/2022\\\/2020\\\/12\\\/16\\\/40782\\\/#breadcrumb\",\"itemListElement\":[{\"@type\":\"ListItem\",\"position\":1,\"name\":\"In\u00edcio\",\"item\":\"https:\\\/\\\/regiaonews.net.br\\\/2022\\\/\"},{\"@type\":\"ListItem\",\"position\":2,\"name\":\"Minist\u00e9rio lan\u00e7a campanha para estimular vacina\u00e7\u00e3o contra a covid-19\"}]},{\"@type\":\"WebSite\",\"@id\":\"https:\\\/\\\/regiaonews.net.br\\\/2022\\\/#website\",\"url\":\"https:\\\/\\\/regiaonews.net.br\\\/2022\\\/\",\"name\":\"Regi\u00e3o News\",\"description\":\"Site de Not\u00edcias de Barretos e regi\u00e3o\",\"publisher\":{\"@id\":\"https:\\\/\\\/regiaonews.net.br\\\/2022\\\/#organization\"},\"potentialAction\":[{\"@type\":\"SearchAction\",\"target\":{\"@type\":\"EntryPoint\",\"urlTemplate\":\"https:\\\/\\\/regiaonews.net.br\\\/2022\\\/?s={search_term_string}\"},\"query-input\":{\"@type\":\"PropertyValueSpecification\",\"valueRequired\":true,\"valueName\":\"search_term_string\"}}],\"inLanguage\":\"pt-BR\"},{\"@type\":\"Organization\",\"@id\":\"https:\\\/\\\/regiaonews.net.br\\\/2022\\\/#organization\",\"name\":\"Regi\u00e3o News\",\"url\":\"https:\\\/\\\/regiaonews.net.br\\\/2022\\\/\",\"logo\":{\"@type\":\"ImageObject\",\"inLanguage\":\"pt-BR\",\"@id\":\"https:\\\/\\\/regiaonews.net.br\\\/2022\\\/#\\\/schema\\\/logo\\\/image\\\/\",\"url\":\"https:\\\/\\\/regiaonews.net.br\\\/2022\\\/wp-content\\\/uploads\\\/2026\\\/03\\\/regiao-13-anos-scaled.jpg\",\"contentUrl\":\"https:\\\/\\\/regiaonews.net.br\\\/2022\\\/wp-content\\\/uploads\\\/2026\\\/03\\\/regiao-13-anos-scaled.jpg\",\"width\":2560,\"height\":635,\"caption\":\"Regi\u00e3o News\"},\"image\":{\"@id\":\"https:\\\/\\\/regiaonews.net.br\\\/2022\\\/#\\\/schema\\\/logo\\\/image\\\/\"}},{\"@type\":\"Person\",\"@id\":\"https:\\\/\\\/regiaonews.net.br\\\/2022\\\/#\\\/schema\\\/person\\\/2d205a608a5aa97ac279d7a5e6d89ad8\",\"name\":\"Roberto\",\"image\":{\"@type\":\"ImageObject\",\"inLanguage\":\"pt-BR\",\"@id\":\"https:\\\/\\\/secure.gravatar.com\\\/avatar\\\/42749d8b712ff9d59ca93dc150494e5b55a44134482993f5baeb97e61b7ecc89?s=96&d=mm&r=g\",\"url\":\"https:\\\/\\\/secure.gravatar.com\\\/avatar\\\/42749d8b712ff9d59ca93dc150494e5b55a44134482993f5baeb97e61b7ecc89?s=96&d=mm&r=g\",\"contentUrl\":\"https:\\\/\\\/secure.gravatar.com\\\/avatar\\\/42749d8b712ff9d59ca93dc150494e5b55a44134482993f5baeb97e61b7ecc89?s=96&d=mm&r=g\",\"caption\":\"Roberto\"},\"url\":\"https:\\\/\\\/regiaonews.net.br\\\/2022\\\/author\\\/roberto\\\/\"}]}<\/script>\n<!-- \/ Yoast SEO plugin. -->","yoast_head_json":{"title":"Minist\u00e9rio lan\u00e7a campanha para estimular vacina\u00e7\u00e3o contra a covid-19 - Regi\u00e3o News","robots":{"index":"index","follow":"follow","max-snippet":"max-snippet:-1","max-image-preview":"max-image-preview:large","max-video-preview":"max-video-preview:-1"},"canonical":"https:\/\/regiaonews.net.br\/2022\/2020\/12\/16\/40782\/","og_locale":"pt_BR","og_type":"article","og_title":"Minist\u00e9rio lan\u00e7a campanha para estimular vacina\u00e7\u00e3o contra a covid-19 - Regi\u00e3o News","og_description":"O Minist\u00e9rio da Sa\u00fade intensificar\u00e1, a partir de hoje (16),","og_url":"https:\/\/regiaonews.net.br\/2022\/2020\/12\/16\/40782\/","og_site_name":"Regi\u00e3o News","article_published_time":"2020-12-16T17:58:55+00:00","article_modified_time":"2020-12-16T17:59:28+00:00","og_image":[{"width":1170,"height":700,"url":"https:\/\/regiaonews.net.br\/2022\/wp-content\/uploads\/2020\/12\/50726774587_c571f81f36_o.jpg","type":"image\/jpeg"}],"author":"Roberto","twitter_card":"summary_large_image","twitter_misc":{"Escrito por":"Roberto","Est. tempo de leitura":"5 minutos"},"schema":{"@context":"https:\/\/schema.org","@graph":[{"@type":"Article","@id":"https:\/\/regiaonews.net.br\/2022\/2020\/12\/16\/40782\/#article","isPartOf":{"@id":"https:\/\/regiaonews.net.br\/2022\/2020\/12\/16\/40782\/"},"author":{"name":"Roberto","@id":"https:\/\/regiaonews.net.br\/2022\/#\/schema\/person\/2d205a608a5aa97ac279d7a5e6d89ad8"},"headline":"Minist\u00e9rio lan\u00e7a campanha para estimular vacina\u00e7\u00e3o contra a covid-19","datePublished":"2020-12-16T17:58:55+00:00","dateModified":"2020-12-16T17:59:28+00:00","mainEntityOfPage":{"@id":"https:\/\/regiaonews.net.br\/2022\/2020\/12\/16\/40782\/"},"wordCount":919,"commentCount":0,"publisher":{"@id":"https:\/\/regiaonews.net.br\/2022\/#organization"},"image":{"@id":"https:\/\/regiaonews.net.br\/2022\/2020\/12\/16\/40782\/#primaryimage"},"thumbnailUrl":"https:\/\/regiaonews.net.br\/2022\/wp-content\/uploads\/2020\/12\/50726774587_c571f81f36_o.jpg","articleSection":["Brasil","Cidades"],"inLanguage":"pt-BR","potentialAction":[{"@type":"CommentAction","name":"Comment","target":["https:\/\/regiaonews.net.br\/2022\/2020\/12\/16\/40782\/#respond"]}]},{"@type":"WebPage","@id":"https:\/\/regiaonews.net.br\/2022\/2020\/12\/16\/40782\/","url":"https:\/\/regiaonews.net.br\/2022\/2020\/12\/16\/40782\/","name":"Minist\u00e9rio lan\u00e7a campanha para estimular vacina\u00e7\u00e3o contra a covid-19 - Regi\u00e3o News","isPartOf":{"@id":"https:\/\/regiaonews.net.br\/2022\/#website"},"primaryImageOfPage":{"@id":"https:\/\/regiaonews.net.br\/2022\/2020\/12\/16\/40782\/#primaryimage"},"image":{"@id":"https:\/\/regiaonews.net.br\/2022\/2020\/12\/16\/40782\/#primaryimage"},"thumbnailUrl":"https:\/\/regiaonews.net.br\/2022\/wp-content\/uploads\/2020\/12\/50726774587_c571f81f36_o.jpg","datePublished":"2020-12-16T17:58:55+00:00","dateModified":"2020-12-16T17:59:28+00:00","breadcrumb":{"@id":"https:\/\/regiaonews.net.br\/2022\/2020\/12\/16\/40782\/#breadcrumb"},"inLanguage":"pt-BR","potentialAction":[{"@type":"ReadAction","target":["https:\/\/regiaonews.net.br\/2022\/2020\/12\/16\/40782\/"]}]},{"@type":"ImageObject","inLanguage":"pt-BR","@id":"https:\/\/regiaonews.net.br\/2022\/2020\/12\/16\/40782\/#primaryimage","url":"https:\/\/regiaonews.net.br\/2022\/wp-content\/uploads\/2020\/12\/50726774587_c571f81f36_o.jpg","contentUrl":"https:\/\/regiaonews.net.br\/2022\/wp-content\/uploads\/2020\/12\/50726774587_c571f81f36_o.jpg","width":1170,"height":700,"caption":"O Presidente Jair Bolsonaro, participa do lan\u00e7amento do Plano Nacional de Operacionaliza\u00e7\u00e3o da Vacina\u00e7\u00e3o Contra a Covid-19."},{"@type":"BreadcrumbList","@id":"https:\/\/regiaonews.net.br\/2022\/2020\/12\/16\/40782\/#breadcrumb","itemListElement":[{"@type":"ListItem","position":1,"name":"In\u00edcio","item":"https:\/\/regiaonews.net.br\/2022\/"},{"@type":"ListItem","position":2,"name":"Minist\u00e9rio lan\u00e7a campanha para estimular vacina\u00e7\u00e3o contra a covid-19"}]},{"@type":"WebSite","@id":"https:\/\/regiaonews.net.br\/2022\/#website","url":"https:\/\/regiaonews.net.br\/2022\/","name":"Regi\u00e3o News","description":"Site de Not\u00edcias de Barretos e regi\u00e3o","publisher":{"@id":"https:\/\/regiaonews.net.br\/2022\/#organization"},"potentialAction":[{"@type":"SearchAction","target":{"@type":"EntryPoint","urlTemplate":"https:\/\/regiaonews.net.br\/2022\/?s={search_term_string}"},"query-input":{"@type":"PropertyValueSpecification","valueRequired":true,"valueName":"search_term_string"}}],"inLanguage":"pt-BR"},{"@type":"Organization","@id":"https:\/\/regiaonews.net.br\/2022\/#organization","name":"Regi\u00e3o News","url":"https:\/\/regiaonews.net.br\/2022\/","logo":{"@type":"ImageObject","inLanguage":"pt-BR","@id":"https:\/\/regiaonews.net.br\/2022\/#\/schema\/logo\/image\/","url":"https:\/\/regiaonews.net.br\/2022\/wp-content\/uploads\/2026\/03\/regiao-13-anos-scaled.jpg","contentUrl":"https:\/\/regiaonews.net.br\/2022\/wp-content\/uploads\/2026\/03\/regiao-13-anos-scaled.jpg","width":2560,"height":635,"caption":"Regi\u00e3o News"},"image":{"@id":"https:\/\/regiaonews.net.br\/2022\/#\/schema\/logo\/image\/"}},{"@type":"Person","@id":"https:\/\/regiaonews.net.br\/2022\/#\/schema\/person\/2d205a608a5aa97ac279d7a5e6d89ad8","name":"Roberto","image":{"@type":"ImageObject","inLanguage":"pt-BR","@id":"https:\/\/secure.gravatar.com\/avatar\/42749d8b712ff9d59ca93dc150494e5b55a44134482993f5baeb97e61b7ecc89?s=96&d=mm&r=g","url":"https:\/\/secure.gravatar.com\/avatar\/42749d8b712ff9d59ca93dc150494e5b55a44134482993f5baeb97e61b7ecc89?s=96&d=mm&r=g","contentUrl":"https:\/\/secure.gravatar.com\/avatar\/42749d8b712ff9d59ca93dc150494e5b55a44134482993f5baeb97e61b7ecc89?s=96&d=mm&r=g","caption":"Roberto"},"url":"https:\/\/regiaonews.net.br\/2022\/author\/roberto\/"}]}},"publishpress_future_action":{"enabled":false,"date":"2026-05-03 09:21:27","action":"change-status","newStatus":"draft","terms":[],"taxonomy":"category","extraData":[]},"publishpress_future_workflow_manual_trigger":{"enabledWorkflows":[]},"_links":{"self":[{"href":"https:\/\/regiaonews.net.br\/2022\/wp-json\/wp\/v2\/posts\/40782","targetHints":{"allow":["GET"]}}],"collection":[{"href":"https:\/\/regiaonews.net.br\/2022\/wp-json\/wp\/v2\/posts"}],"about":[{"href":"https:\/\/regiaonews.net.br\/2022\/wp-json\/wp\/v2\/types\/post"}],"author":[{"embeddable":true,"href":"https:\/\/regiaonews.net.br\/2022\/wp-json\/wp\/v2\/users\/2"}],"replies":[{"embeddable":true,"href":"https:\/\/regiaonews.net.br\/2022\/wp-json\/wp\/v2\/comments?post=40782"}],"version-history":[{"count":0,"href":"https:\/\/regiaonews.net.br\/2022\/wp-json\/wp\/v2\/posts\/40782\/revisions"}],"wp:featuredmedia":[{"embeddable":true,"href":"https:\/\/regiaonews.net.br\/2022\/wp-json\/wp\/v2\/media\/40783"}],"wp:attachment":[{"href":"https:\/\/regiaonews.net.br\/2022\/wp-json\/wp\/v2\/media?parent=40782"}],"wp:term":[{"taxonomy":"category","embeddable":true,"href":"https:\/\/regiaonews.net.br\/2022\/wp-json\/wp\/v2\/categories?post=40782"},{"taxonomy":"post_tag","embeddable":true,"href":"https:\/\/regiaonews.net.br\/2022\/wp-json\/wp\/v2\/tags?post=40782"}],"curies":[{"name":"wp","href":"https:\/\/api.w.org\/{rel}","templated":true}]}}