{"id":40763,"date":"2020-12-16T08:57:02","date_gmt":"2020-12-16T11:57:02","guid":{"rendered":"https:\/\/regiaonews.net.br\/2022\/?p=40763"},"modified":"2020-12-16T08:57:02","modified_gmt":"2020-12-16T11:57:02","slug":"prefeito-em-exercicio-destaca-que-pretende-fazer-o-melhor-pela-cidade-no-comando-da-prefeitura","status":"publish","type":"post","link":"https:\/\/regiaonews.net.br\/2022\/2020\/12\/16\/prefeito-em-exercicio-destaca-que-pretende-fazer-o-melhor-pela-cidade-no-comando-da-prefeitura\/","title":{"rendered":"Prefeito em exerc\u00edcio destaca que pretende fazer o melhor pela cidade no comando da Prefeitura"},"content":{"rendered":"<p><a href=\"https:\/\/regiaonews.net.br\/2022\/wp-content\/uploads\/2020\/12\/491cea0f-317a-40cf-a3a1-c30bf50697c1.jpg\"><img loading=\"lazy\" decoding=\"async\" class=\"alignnone size-medium wp-image-40764\" src=\"https:\/\/regiaonews.net.br\/2022\/wp-content\/uploads\/2020\/12\/491cea0f-317a-40cf-a3a1-c30bf50697c1-300x225.jpg\" alt=\"\" width=\"300\" height=\"225\" \/><\/a><\/p>\n<p>Foto \u2013 Sede da Prefeitura de Barretos<br \/>\nOntem, o m\u00e9dico Vagner Chiapetti, iniciou os seus trabalhos frente \u00e0 Administra\u00e7\u00e3o Municipal, em substitui\u00e7\u00e3o ao prefeito Guilherme \u00c1vila, que foi afastado pelo Tribunal de Justi\u00e7a de S\u00e3o Paulo, dentro da Opera\u00e7\u00e3o Holerites. Segundo o prefeito em exerc\u00edcio, assumir a Prefeitura de Barretos neste momento \u00e9 uma grande responsabilidade. \u201cTudo o que pretendo \u00e0 frente do executivo nesses dias \u00e9 fazer o meu melhor por Barretos. Temos algumas obras para entregar e cumprir a agenda de pagamentos, no mais, \u00e9 ter a certeza de me dedicar para que o ano possa ser encerrado com tranquilidade administrativa\u201d, disse o prefeito em exerc\u00edcio que tamb\u00e9m \u00e9 vereador eleito para o mandato 2021-2024.<\/p>\n","protected":false},"excerpt":{"rendered":"<p>Foto \u2013 Sede da Prefeitura de Barretos Ontem, o m\u00e9dico<\/p>\n","protected":false},"author":2,"featured_media":40764,"comment_status":"open","ping_status":"open","sticky":false,"template":"","format":"standard","meta":{"footnotes":""},"categories":[14,25,22],"tags":[],"class_list":["post-40763","post","type-post","status-publish","format-standard","has-post-thumbnail","hentry","category-barretos","category-cidades","category-politica"],"yoast_head":"<!-- This site is optimized with the Yoast SEO plugin v27.4 - https:\/\/yoast.com\/product\/yoast-seo-wordpress\/ -->\n<title>Prefeito em exerc\u00edcio destaca que pretende fazer o melhor pela cidade no comando da Prefeitura - Regi\u00e3o News<\/title>\n<meta name=\"robots\" content=\"index, follow, max-snippet:-1, max-image-preview:large, max-video-preview:-1\" \/>\n<link rel=\"canonical\" href=\"https:\/\/regiaonews.net.br\/2022\/2020\/12\/16\/prefeito-em-exercicio-destaca-que-pretende-fazer-o-melhor-pela-cidade-no-comando-da-prefeitura\/\" \/>\n<meta property=\"og:locale\" content=\"pt_BR\" \/>\n<meta property=\"og:type\" content=\"article\" \/>\n<meta property=\"og:title\" content=\"Prefeito em exerc\u00edcio destaca que pretende fazer o melhor pela cidade no comando da Prefeitura - Regi\u00e3o News\" \/>\n<meta property=\"og:description\" content=\"Foto \u2013 Sede da Prefeitura de Barretos Ontem, o m\u00e9dico\" \/>\n<meta property=\"og:url\" content=\"https:\/\/regiaonews.net.br\/2022\/2020\/12\/16\/prefeito-em-exercicio-destaca-que-pretende-fazer-o-melhor-pela-cidade-no-comando-da-prefeitura\/\" \/>\n<meta property=\"og:site_name\" content=\"Regi\u00e3o News\" \/>\n<meta property=\"article:published_time\" content=\"2020-12-16T11:57:02+00:00\" \/>\n<meta property=\"og:image\" content=\"https:\/\/regiaonews.net.br\/2022\/wp-content\/uploads\/2020\/12\/491cea0f-317a-40cf-a3a1-c30bf50697c1.jpg\" \/>\n\t<meta property=\"og:image:width\" content=\"1032\" \/>\n\t<meta property=\"og:image:height\" content=\"774\" \/>\n\t<meta property=\"og:image:type\" content=\"image\/jpeg\" \/>\n<meta name=\"author\" content=\"Roberto\" \/>\n<meta name=\"twitter:card\" content=\"summary_large_image\" \/>\n<meta name=\"twitter:label1\" content=\"Escrito por\" \/>\n\t<meta name=\"twitter:data1\" content=\"Roberto\" \/>\n\t<meta name=\"twitter:label2\" content=\"Est. tempo de leitura\" \/>\n\t<meta name=\"twitter:data2\" content=\"1 minuto\" \/>\n<script type=\"application\/ld+json\" class=\"yoast-schema-graph\">{\"@context\":\"https:\\\/\\\/schema.org\",\"@graph\":[{\"@type\":\"Article\",\"@id\":\"https:\\\/\\\/regiaonews.net.br\\\/2022\\\/2020\\\/12\\\/16\\\/prefeito-em-exercicio-destaca-que-pretende-fazer-o-melhor-pela-cidade-no-comando-da-prefeitura\\\/#article\",\"isPartOf\":{\"@id\":\"https:\\\/\\\/regiaonews.net.br\\\/2022\\\/2020\\\/12\\\/16\\\/prefeito-em-exercicio-destaca-que-pretende-fazer-o-melhor-pela-cidade-no-comando-da-prefeitura\\\/\"},\"author\":{\"name\":\"Roberto\",\"@id\":\"https:\\\/\\\/regiaonews.net.br\\\/2022\\\/#\\\/schema\\\/person\\\/2d205a608a5aa97ac279d7a5e6d89ad8\"},\"headline\":\"Prefeito em exerc\u00edcio destaca que pretende fazer o melhor pela cidade no comando da Prefeitura\",\"datePublished\":\"2020-12-16T11:57:02+00:00\",\"mainEntityOfPage\":{\"@id\":\"https:\\\/\\\/regiaonews.net.br\\\/2022\\\/2020\\\/12\\\/16\\\/prefeito-em-exercicio-destaca-que-pretende-fazer-o-melhor-pela-cidade-no-comando-da-prefeitura\\\/\"},\"wordCount\":135,\"commentCount\":0,\"publisher\":{\"@id\":\"https:\\\/\\\/regiaonews.net.br\\\/2022\\\/#organization\"},\"image\":{\"@id\":\"https:\\\/\\\/regiaonews.net.br\\\/2022\\\/2020\\\/12\\\/16\\\/prefeito-em-exercicio-destaca-que-pretende-fazer-o-melhor-pela-cidade-no-comando-da-prefeitura\\\/#primaryimage\"},\"thumbnailUrl\":\"https:\\\/\\\/regiaonews.net.br\\\/2022\\\/wp-content\\\/uploads\\\/2020\\\/12\\\/491cea0f-317a-40cf-a3a1-c30bf50697c1.jpg\",\"articleSection\":[\"Barretos\",\"Cidades\",\"Pol\u00edtica\"],\"inLanguage\":\"pt-BR\",\"potentialAction\":[{\"@type\":\"CommentAction\",\"name\":\"Comment\",\"target\":[\"https:\\\/\\\/regiaonews.net.br\\\/2022\\\/2020\\\/12\\\/16\\\/prefeito-em-exercicio-destaca-que-pretende-fazer-o-melhor-pela-cidade-no-comando-da-prefeitura\\\/#respond\"]}]},{\"@type\":\"WebPage\",\"@id\":\"https:\\\/\\\/regiaonews.net.br\\\/2022\\\/2020\\\/12\\\/16\\\/prefeito-em-exercicio-destaca-que-pretende-fazer-o-melhor-pela-cidade-no-comando-da-prefeitura\\\/\",\"url\":\"https:\\\/\\\/regiaonews.net.br\\\/2022\\\/2020\\\/12\\\/16\\\/prefeito-em-exercicio-destaca-que-pretende-fazer-o-melhor-pela-cidade-no-comando-da-prefeitura\\\/\",\"name\":\"Prefeito em exerc\u00edcio destaca que pretende fazer o melhor pela cidade no comando da Prefeitura - Regi\u00e3o News\",\"isPartOf\":{\"@id\":\"https:\\\/\\\/regiaonews.net.br\\\/2022\\\/#website\"},\"primaryImageOfPage\":{\"@id\":\"https:\\\/\\\/regiaonews.net.br\\\/2022\\\/2020\\\/12\\\/16\\\/prefeito-em-exercicio-destaca-que-pretende-fazer-o-melhor-pela-cidade-no-comando-da-prefeitura\\\/#primaryimage\"},\"image\":{\"@id\":\"https:\\\/\\\/regiaonews.net.br\\\/2022\\\/2020\\\/12\\\/16\\\/prefeito-em-exercicio-destaca-que-pretende-fazer-o-melhor-pela-cidade-no-comando-da-prefeitura\\\/#primaryimage\"},\"thumbnailUrl\":\"https:\\\/\\\/regiaonews.net.br\\\/2022\\\/wp-content\\\/uploads\\\/2020\\\/12\\\/491cea0f-317a-40cf-a3a1-c30bf50697c1.jpg\",\"datePublished\":\"2020-12-16T11:57:02+00:00\",\"breadcrumb\":{\"@id\":\"https:\\\/\\\/regiaonews.net.br\\\/2022\\\/2020\\\/12\\\/16\\\/prefeito-em-exercicio-destaca-que-pretende-fazer-o-melhor-pela-cidade-no-comando-da-prefeitura\\\/#breadcrumb\"},\"inLanguage\":\"pt-BR\",\"potentialAction\":[{\"@type\":\"ReadAction\",\"target\":[\"https:\\\/\\\/regiaonews.net.br\\\/2022\\\/2020\\\/12\\\/16\\\/prefeito-em-exercicio-destaca-que-pretende-fazer-o-melhor-pela-cidade-no-comando-da-prefeitura\\\/\"]}]},{\"@type\":\"ImageObject\",\"inLanguage\":\"pt-BR\",\"@id\":\"https:\\\/\\\/regiaonews.net.br\\\/2022\\\/2020\\\/12\\\/16\\\/prefeito-em-exercicio-destaca-que-pretende-fazer-o-melhor-pela-cidade-no-comando-da-prefeitura\\\/#primaryimage\",\"url\":\"https:\\\/\\\/regiaonews.net.br\\\/2022\\\/wp-content\\\/uploads\\\/2020\\\/12\\\/491cea0f-317a-40cf-a3a1-c30bf50697c1.jpg\",\"contentUrl\":\"https:\\\/\\\/regiaonews.net.br\\\/2022\\\/wp-content\\\/uploads\\\/2020\\\/12\\\/491cea0f-317a-40cf-a3a1-c30bf50697c1.jpg\",\"width\":1032,\"height\":774},{\"@type\":\"BreadcrumbList\",\"@id\":\"https:\\\/\\\/regiaonews.net.br\\\/2022\\\/2020\\\/12\\\/16\\\/prefeito-em-exercicio-destaca-que-pretende-fazer-o-melhor-pela-cidade-no-comando-da-prefeitura\\\/#breadcrumb\",\"itemListElement\":[{\"@type\":\"ListItem\",\"position\":1,\"name\":\"In\u00edcio\",\"item\":\"https:\\\/\\\/regiaonews.net.br\\\/2022\\\/\"},{\"@type\":\"ListItem\",\"position\":2,\"name\":\"Prefeito em exerc\u00edcio destaca que pretende fazer o melhor pela cidade no comando da Prefeitura\"}]},{\"@type\":\"WebSite\",\"@id\":\"https:\\\/\\\/regiaonews.net.br\\\/2022\\\/#website\",\"url\":\"https:\\\/\\\/regiaonews.net.br\\\/2022\\\/\",\"name\":\"Regi\u00e3o News\",\"description\":\"Site de Not\u00edcias de Barretos e regi\u00e3o\",\"publisher\":{\"@id\":\"https:\\\/\\\/regiaonews.net.br\\\/2022\\\/#organization\"},\"potentialAction\":[{\"@type\":\"SearchAction\",\"target\":{\"@type\":\"EntryPoint\",\"urlTemplate\":\"https:\\\/\\\/regiaonews.net.br\\\/2022\\\/?s={search_term_string}\"},\"query-input\":{\"@type\":\"PropertyValueSpecification\",\"valueRequired\":true,\"valueName\":\"search_term_string\"}}],\"inLanguage\":\"pt-BR\"},{\"@type\":\"Organization\",\"@id\":\"https:\\\/\\\/regiaonews.net.br\\\/2022\\\/#organization\",\"name\":\"Regi\u00e3o News\",\"url\":\"https:\\\/\\\/regiaonews.net.br\\\/2022\\\/\",\"logo\":{\"@type\":\"ImageObject\",\"inLanguage\":\"pt-BR\",\"@id\":\"https:\\\/\\\/regiaonews.net.br\\\/2022\\\/#\\\/schema\\\/logo\\\/image\\\/\",\"url\":\"https:\\\/\\\/regiaonews.net.br\\\/2022\\\/wp-content\\\/uploads\\\/2026\\\/03\\\/regiao-13-anos-scaled.jpg\",\"contentUrl\":\"https:\\\/\\\/regiaonews.net.br\\\/2022\\\/wp-content\\\/uploads\\\/2026\\\/03\\\/regiao-13-anos-scaled.jpg\",\"width\":2560,\"height\":635,\"caption\":\"Regi\u00e3o News\"},\"image\":{\"@id\":\"https:\\\/\\\/regiaonews.net.br\\\/2022\\\/#\\\/schema\\\/logo\\\/image\\\/\"}},{\"@type\":\"Person\",\"@id\":\"https:\\\/\\\/regiaonews.net.br\\\/2022\\\/#\\\/schema\\\/person\\\/2d205a608a5aa97ac279d7a5e6d89ad8\",\"name\":\"Roberto\",\"image\":{\"@type\":\"ImageObject\",\"inLanguage\":\"pt-BR\",\"@id\":\"https:\\\/\\\/secure.gravatar.com\\\/avatar\\\/42749d8b712ff9d59ca93dc150494e5b55a44134482993f5baeb97e61b7ecc89?s=96&d=mm&r=g\",\"url\":\"https:\\\/\\\/secure.gravatar.com\\\/avatar\\\/42749d8b712ff9d59ca93dc150494e5b55a44134482993f5baeb97e61b7ecc89?s=96&d=mm&r=g\",\"contentUrl\":\"https:\\\/\\\/secure.gravatar.com\\\/avatar\\\/42749d8b712ff9d59ca93dc150494e5b55a44134482993f5baeb97e61b7ecc89?s=96&d=mm&r=g\",\"caption\":\"Roberto\"},\"url\":\"https:\\\/\\\/regiaonews.net.br\\\/2022\\\/author\\\/roberto\\\/\"}]}<\/script>\n<!-- \/ Yoast SEO plugin. -->","yoast_head_json":{"title":"Prefeito em exerc\u00edcio destaca que pretende fazer o melhor pela cidade no comando da Prefeitura - Regi\u00e3o News","robots":{"index":"index","follow":"follow","max-snippet":"max-snippet:-1","max-image-preview":"max-image-preview:large","max-video-preview":"max-video-preview:-1"},"canonical":"https:\/\/regiaonews.net.br\/2022\/2020\/12\/16\/prefeito-em-exercicio-destaca-que-pretende-fazer-o-melhor-pela-cidade-no-comando-da-prefeitura\/","og_locale":"pt_BR","og_type":"article","og_title":"Prefeito em exerc\u00edcio destaca que pretende fazer o melhor pela cidade no comando da Prefeitura - Regi\u00e3o News","og_description":"Foto \u2013 Sede da Prefeitura de Barretos Ontem, o m\u00e9dico","og_url":"https:\/\/regiaonews.net.br\/2022\/2020\/12\/16\/prefeito-em-exercicio-destaca-que-pretende-fazer-o-melhor-pela-cidade-no-comando-da-prefeitura\/","og_site_name":"Regi\u00e3o News","article_published_time":"2020-12-16T11:57:02+00:00","og_image":[{"width":1032,"height":774,"url":"https:\/\/regiaonews.net.br\/2022\/wp-content\/uploads\/2020\/12\/491cea0f-317a-40cf-a3a1-c30bf50697c1.jpg","type":"image\/jpeg"}],"author":"Roberto","twitter_card":"summary_large_image","twitter_misc":{"Escrito por":"Roberto","Est. tempo de leitura":"1 minuto"},"schema":{"@context":"https:\/\/schema.org","@graph":[{"@type":"Article","@id":"https:\/\/regiaonews.net.br\/2022\/2020\/12\/16\/prefeito-em-exercicio-destaca-que-pretende-fazer-o-melhor-pela-cidade-no-comando-da-prefeitura\/#article","isPartOf":{"@id":"https:\/\/regiaonews.net.br\/2022\/2020\/12\/16\/prefeito-em-exercicio-destaca-que-pretende-fazer-o-melhor-pela-cidade-no-comando-da-prefeitura\/"},"author":{"name":"Roberto","@id":"https:\/\/regiaonews.net.br\/2022\/#\/schema\/person\/2d205a608a5aa97ac279d7a5e6d89ad8"},"headline":"Prefeito em exerc\u00edcio destaca que pretende fazer o melhor pela cidade no comando da Prefeitura","datePublished":"2020-12-16T11:57:02+00:00","mainEntityOfPage":{"@id":"https:\/\/regiaonews.net.br\/2022\/2020\/12\/16\/prefeito-em-exercicio-destaca-que-pretende-fazer-o-melhor-pela-cidade-no-comando-da-prefeitura\/"},"wordCount":135,"commentCount":0,"publisher":{"@id":"https:\/\/regiaonews.net.br\/2022\/#organization"},"image":{"@id":"https:\/\/regiaonews.net.br\/2022\/2020\/12\/16\/prefeito-em-exercicio-destaca-que-pretende-fazer-o-melhor-pela-cidade-no-comando-da-prefeitura\/#primaryimage"},"thumbnailUrl":"https:\/\/regiaonews.net.br\/2022\/wp-content\/uploads\/2020\/12\/491cea0f-317a-40cf-a3a1-c30bf50697c1.jpg","articleSection":["Barretos","Cidades","Pol\u00edtica"],"inLanguage":"pt-BR","potentialAction":[{"@type":"CommentAction","name":"Comment","target":["https:\/\/regiaonews.net.br\/2022\/2020\/12\/16\/prefeito-em-exercicio-destaca-que-pretende-fazer-o-melhor-pela-cidade-no-comando-da-prefeitura\/#respond"]}]},{"@type":"WebPage","@id":"https:\/\/regiaonews.net.br\/2022\/2020\/12\/16\/prefeito-em-exercicio-destaca-que-pretende-fazer-o-melhor-pela-cidade-no-comando-da-prefeitura\/","url":"https:\/\/regiaonews.net.br\/2022\/2020\/12\/16\/prefeito-em-exercicio-destaca-que-pretende-fazer-o-melhor-pela-cidade-no-comando-da-prefeitura\/","name":"Prefeito em exerc\u00edcio destaca que pretende fazer o melhor pela cidade no comando da Prefeitura - Regi\u00e3o News","isPartOf":{"@id":"https:\/\/regiaonews.net.br\/2022\/#website"},"primaryImageOfPage":{"@id":"https:\/\/regiaonews.net.br\/2022\/2020\/12\/16\/prefeito-em-exercicio-destaca-que-pretende-fazer-o-melhor-pela-cidade-no-comando-da-prefeitura\/#primaryimage"},"image":{"@id":"https:\/\/regiaonews.net.br\/2022\/2020\/12\/16\/prefeito-em-exercicio-destaca-que-pretende-fazer-o-melhor-pela-cidade-no-comando-da-prefeitura\/#primaryimage"},"thumbnailUrl":"https:\/\/regiaonews.net.br\/2022\/wp-content\/uploads\/2020\/12\/491cea0f-317a-40cf-a3a1-c30bf50697c1.jpg","datePublished":"2020-12-16T11:57:02+00:00","breadcrumb":{"@id":"https:\/\/regiaonews.net.br\/2022\/2020\/12\/16\/prefeito-em-exercicio-destaca-que-pretende-fazer-o-melhor-pela-cidade-no-comando-da-prefeitura\/#breadcrumb"},"inLanguage":"pt-BR","potentialAction":[{"@type":"ReadAction","target":["https:\/\/regiaonews.net.br\/2022\/2020\/12\/16\/prefeito-em-exercicio-destaca-que-pretende-fazer-o-melhor-pela-cidade-no-comando-da-prefeitura\/"]}]},{"@type":"ImageObject","inLanguage":"pt-BR","@id":"https:\/\/regiaonews.net.br\/2022\/2020\/12\/16\/prefeito-em-exercicio-destaca-que-pretende-fazer-o-melhor-pela-cidade-no-comando-da-prefeitura\/#primaryimage","url":"https:\/\/regiaonews.net.br\/2022\/wp-content\/uploads\/2020\/12\/491cea0f-317a-40cf-a3a1-c30bf50697c1.jpg","contentUrl":"https:\/\/regiaonews.net.br\/2022\/wp-content\/uploads\/2020\/12\/491cea0f-317a-40cf-a3a1-c30bf50697c1.jpg","width":1032,"height":774},{"@type":"BreadcrumbList","@id":"https:\/\/regiaonews.net.br\/2022\/2020\/12\/16\/prefeito-em-exercicio-destaca-que-pretende-fazer-o-melhor-pela-cidade-no-comando-da-prefeitura\/#breadcrumb","itemListElement":[{"@type":"ListItem","position":1,"name":"In\u00edcio","item":"https:\/\/regiaonews.net.br\/2022\/"},{"@type":"ListItem","position":2,"name":"Prefeito em exerc\u00edcio destaca que pretende fazer o melhor pela cidade no comando da Prefeitura"}]},{"@type":"WebSite","@id":"https:\/\/regiaonews.net.br\/2022\/#website","url":"https:\/\/regiaonews.net.br\/2022\/","name":"Regi\u00e3o News","description":"Site de Not\u00edcias de Barretos e regi\u00e3o","publisher":{"@id":"https:\/\/regiaonews.net.br\/2022\/#organization"},"potentialAction":[{"@type":"SearchAction","target":{"@type":"EntryPoint","urlTemplate":"https:\/\/regiaonews.net.br\/2022\/?s={search_term_string}"},"query-input":{"@type":"PropertyValueSpecification","valueRequired":true,"valueName":"search_term_string"}}],"inLanguage":"pt-BR"},{"@type":"Organization","@id":"https:\/\/regiaonews.net.br\/2022\/#organization","name":"Regi\u00e3o News","url":"https:\/\/regiaonews.net.br\/2022\/","logo":{"@type":"ImageObject","inLanguage":"pt-BR","@id":"https:\/\/regiaonews.net.br\/2022\/#\/schema\/logo\/image\/","url":"https:\/\/regiaonews.net.br\/2022\/wp-content\/uploads\/2026\/03\/regiao-13-anos-scaled.jpg","contentUrl":"https:\/\/regiaonews.net.br\/2022\/wp-content\/uploads\/2026\/03\/regiao-13-anos-scaled.jpg","width":2560,"height":635,"caption":"Regi\u00e3o News"},"image":{"@id":"https:\/\/regiaonews.net.br\/2022\/#\/schema\/logo\/image\/"}},{"@type":"Person","@id":"https:\/\/regiaonews.net.br\/2022\/#\/schema\/person\/2d205a608a5aa97ac279d7a5e6d89ad8","name":"Roberto","image":{"@type":"ImageObject","inLanguage":"pt-BR","@id":"https:\/\/secure.gravatar.com\/avatar\/42749d8b712ff9d59ca93dc150494e5b55a44134482993f5baeb97e61b7ecc89?s=96&d=mm&r=g","url":"https:\/\/secure.gravatar.com\/avatar\/42749d8b712ff9d59ca93dc150494e5b55a44134482993f5baeb97e61b7ecc89?s=96&d=mm&r=g","contentUrl":"https:\/\/secure.gravatar.com\/avatar\/42749d8b712ff9d59ca93dc150494e5b55a44134482993f5baeb97e61b7ecc89?s=96&d=mm&r=g","caption":"Roberto"},"url":"https:\/\/regiaonews.net.br\/2022\/author\/roberto\/"}]}},"publishpress_future_action":{"enabled":false,"date":"2026-05-03 09:21:21","action":"change-status","newStatus":"draft","terms":[],"taxonomy":"category","extraData":[]},"publishpress_future_workflow_manual_trigger":{"enabledWorkflows":[]},"_links":{"self":[{"href":"https:\/\/regiaonews.net.br\/2022\/wp-json\/wp\/v2\/posts\/40763","targetHints":{"allow":["GET"]}}],"collection":[{"href":"https:\/\/regiaonews.net.br\/2022\/wp-json\/wp\/v2\/posts"}],"about":[{"href":"https:\/\/regiaonews.net.br\/2022\/wp-json\/wp\/v2\/types\/post"}],"author":[{"embeddable":true,"href":"https:\/\/regiaonews.net.br\/2022\/wp-json\/wp\/v2\/users\/2"}],"replies":[{"embeddable":true,"href":"https:\/\/regiaonews.net.br\/2022\/wp-json\/wp\/v2\/comments?post=40763"}],"version-history":[{"count":0,"href":"https:\/\/regiaonews.net.br\/2022\/wp-json\/wp\/v2\/posts\/40763\/revisions"}],"wp:featuredmedia":[{"embeddable":true,"href":"https:\/\/regiaonews.net.br\/2022\/wp-json\/wp\/v2\/media\/40764"}],"wp:attachment":[{"href":"https:\/\/regiaonews.net.br\/2022\/wp-json\/wp\/v2\/media?parent=40763"}],"wp:term":[{"taxonomy":"category","embeddable":true,"href":"https:\/\/regiaonews.net.br\/2022\/wp-json\/wp\/v2\/categories?post=40763"},{"taxonomy":"post_tag","embeddable":true,"href":"https:\/\/regiaonews.net.br\/2022\/wp-json\/wp\/v2\/tags?post=40763"}],"curies":[{"name":"wp","href":"https:\/\/api.w.org\/{rel}","templated":true}]}}