{"id":40353,"date":"2020-12-04T13:58:03","date_gmt":"2020-12-04T16:58:03","guid":{"rendered":"https:\/\/regiaonews.net.br\/2022\/?p=40353"},"modified":"2020-12-04T13:58:03","modified_gmt":"2020-12-04T16:58:03","slug":"policia-militar-forma-2-669-soldados-para-reforcar-a-seguranca-no-estado","status":"publish","type":"post","link":"https:\/\/regiaonews.net.br\/2022\/2020\/12\/04\/policia-militar-forma-2-669-soldados-para-reforcar-a-seguranca-no-estado\/","title":{"rendered":"Pol\u00edcia Militar forma 2.669 soldados para refor\u00e7ar a seguran\u00e7a no Estado"},"content":{"rendered":"<p><a href=\"https:\/\/regiaonews.net.br\/2022\/wp-content\/uploads\/2020\/12\/00043342.jpeg\"><img loading=\"lazy\" decoding=\"async\" class=\"alignnone size-medium wp-image-40354\" src=\"https:\/\/regiaonews.net.br\/2022\/wp-content\/uploads\/2020\/12\/00043342-300x135.jpeg\" alt=\"\" width=\"300\" height=\"135\" \/><\/a><\/p>\n<div>\n<h2 class=\"titulopreto ng-binding\">Novos profissionais passaram por um ano de treinamento e conclu\u00edram o Curso Superior T\u00e9cnico de Pol\u00edcia Ostensiva e Preserva\u00e7\u00e3o da Ordem P\u00fablica<\/h2>\n<p><center><\/p>\n<h2 class=\"titulopreto ng-binding\"><\/h2>\n<p><\/center><\/div>\n<div id=\"notCorpo\" class=\"ng-binding\">\n<p>A Pol\u00edcia Militar formou, na manh\u00e3 desta sexta-feira (4), 2.669 soldados que ir\u00e3o refor\u00e7ar a seguran\u00e7a no Estado de S\u00e3o Paulo. Os novos profissionais foram selecionados por meio de concurso p\u00fablico e passaram por um ano de treinamento na Escola Superior de Soldados (ESS). O evento aconteceu na sede da escola, em Pirituba, na zona norte de S\u00e3o Paulo, com a presen\u00e7a de 609 formandos.<\/p>\n<p>&#8220;A partir de hoje voc\u00eas s\u00e3o policiais em qualquer lugar do planeta. Honrem isso. Agrade\u00e7am \u00e0s suas fam\u00edlias, aos seus instrutores. Acreditem no nosso treinamento e capacita\u00e7\u00e3o. Voc\u00eas s\u00e3o capazes e far\u00e3o o servi\u00e7o mais importante da Pol\u00edcia Militar: patrulhar ruas e proteger pessoas&#8221;, disse o comandante geral da PM, coronel Fernando Alencar Medeiros.<\/p>\n<p>Composta por 2.079 homens e 590 mulheres, a turma concluiu o Curso Superior T\u00e9cnico de Pol\u00edcia Ostensiva e Preserva\u00e7\u00e3o da Ordem P\u00fablica, que teve in\u00edcio em dezembro do ano passado. Foram cerca de 1,9 mil horas de aulas que abordaram disciplinas, como Direitos Humanos, Criminal\u00edstica, Tiro Defensivo pela Preserva\u00e7\u00e3o da Vida, Defesa Pessoa, Intelig\u00eancia Policial, Psicologia, Medicina Legal, Doutrina de Pol\u00edcia Comunit\u00e1ria, entre outras.<\/p>\n<p>Com a formatura, o pr\u00f3ximo passo \u00e9 definir a distribui\u00e7\u00e3o dos novos policiais que ir\u00e3o refor\u00e7ar a seguran\u00e7a no Estado &#8211;\u00a0\u00a0o que ser\u00e1 feito nos pr\u00f3ximos dias.<\/p>\n<p>Em forma de homenagem, a turma escolheu como patrono Jonathan Silva Melo, formando que faleceu em junho deste ano, v\u00edtima do Covid-19.<\/p>\n<p><img decoding=\"async\" src=\"https:\/\/www.ssp.sp.gov.br\/midia\/Imagem\/D00043345.jpeg\" \/><\/p>\n<p><b>Sobre a Escola Superior de Soldados<\/b><\/p>\n<p>A Escola Superior de Soldados foi fundada em 1984 e atua na forma\u00e7\u00e3o de homens e mulheres que ingressam na Institui\u00e7\u00e3o por meio de concurso p\u00fablico para soldados de 2\u00aa classe. O curso oferecido pela unidade confere ao formando o grau de T\u00e9cnico de N\u00edvel Superior em Pol\u00edcia Ostensiva e Preserva\u00e7\u00e3o da Ordem P\u00fablica. Ao se formar, o novo policial militar estar\u00e1 apto \u00e0s fun\u00e7\u00f5es de pol\u00edcia ostensiva e preserva\u00e7\u00e3o da ordem p\u00fablica, bem como para as fun\u00e7\u00f5es de bombeiro e execu\u00e7\u00e3o das atividades de defesa civil.<\/p>\n<p>A escola tamb\u00e9m produz novos conhecimentos acad\u00eamico-profissionais e presta servi\u00e7os \u00e0 comunidade, al\u00e9m de ser respons\u00e1vel pela fiscaliza\u00e7\u00e3o t\u00e9cnica de Cursos de Forma\u00e7\u00e3o de Soldados PM, que funcionam em outras Unidades.<\/p>\n<p><b>Mais PMs nas ruas<\/b><\/p>\n<p>Na atual gest\u00e3o, j\u00e1 foram contratados 5.060 policiais militares que est\u00e3o em plena atividade, refor\u00e7ando a seguran\u00e7a no Estado. Al\u00e9m deles, outros 692 profissionais passam atualmente por forma\u00e7\u00e3o como alunos-oficiais.<\/p>\n<p>Tamb\u00e9m foi anunciado, no final de novembro, a nomea\u00e7\u00e3o de 2.100 soldados de um edital de 2019, que estava suspenso devido \u00e0 pandemia. E para o primeiro semestre de 2021, est\u00e1 prevista a nomea\u00e7\u00e3o de mais 2.700 soldados e 190 alunos-oficiais de outros dois concursos suspensos, dos anos de 2019 e 2020, respectivamente.<\/p>\n<\/div>\n","protected":false},"excerpt":{"rendered":"<p>Novos profissionais passaram por um ano de treinamento e conclu\u00edram<\/p>\n","protected":false},"author":2,"featured_media":40354,"comment_status":"open","ping_status":"open","sticky":false,"template":"","format":"standard","meta":{"footnotes":""},"categories":[25,7],"tags":[],"class_list":["post-40353","post","type-post","status-publish","format-standard","has-post-thumbnail","hentry","category-cidades","category-estado-de-sao-paulo"],"yoast_head":"<!-- This site is optimized with the Yoast SEO plugin v27.4 - https:\/\/yoast.com\/product\/yoast-seo-wordpress\/ -->\n<title>Pol\u00edcia Militar forma 2.669 soldados para refor\u00e7ar a seguran\u00e7a no Estado - Regi\u00e3o News<\/title>\n<meta name=\"robots\" content=\"index, follow, max-snippet:-1, max-image-preview:large, max-video-preview:-1\" \/>\n<link rel=\"canonical\" href=\"https:\/\/regiaonews.net.br\/2022\/2020\/12\/04\/policia-militar-forma-2-669-soldados-para-reforcar-a-seguranca-no-estado\/\" \/>\n<meta property=\"og:locale\" content=\"pt_BR\" \/>\n<meta property=\"og:type\" content=\"article\" \/>\n<meta property=\"og:title\" content=\"Pol\u00edcia Militar forma 2.669 soldados para refor\u00e7ar a seguran\u00e7a no Estado - Regi\u00e3o News\" \/>\n<meta property=\"og:description\" content=\"Novos profissionais passaram por um ano de treinamento e conclu\u00edram\" \/>\n<meta property=\"og:url\" content=\"https:\/\/regiaonews.net.br\/2022\/2020\/12\/04\/policia-militar-forma-2-669-soldados-para-reforcar-a-seguranca-no-estado\/\" \/>\n<meta property=\"og:site_name\" content=\"Regi\u00e3o News\" \/>\n<meta property=\"article:published_time\" content=\"2020-12-04T16:58:03+00:00\" \/>\n<meta property=\"og:image\" content=\"https:\/\/regiaonews.net.br\/2022\/wp-content\/uploads\/2020\/12\/00043342.jpeg\" \/>\n\t<meta property=\"og:image:width\" content=\"1600\" \/>\n\t<meta property=\"og:image:height\" content=\"720\" \/>\n\t<meta property=\"og:image:type\" content=\"image\/jpeg\" \/>\n<meta name=\"author\" content=\"Roberto\" \/>\n<meta name=\"twitter:card\" content=\"summary_large_image\" \/>\n<meta name=\"twitter:label1\" content=\"Escrito por\" \/>\n\t<meta name=\"twitter:data1\" content=\"Roberto\" \/>\n\t<meta name=\"twitter:label2\" content=\"Est. tempo de leitura\" \/>\n\t<meta name=\"twitter:data2\" content=\"3 minutos\" \/>\n<script type=\"application\/ld+json\" class=\"yoast-schema-graph\">{\"@context\":\"https:\\\/\\\/schema.org\",\"@graph\":[{\"@type\":\"Article\",\"@id\":\"https:\\\/\\\/regiaonews.net.br\\\/2022\\\/2020\\\/12\\\/04\\\/policia-militar-forma-2-669-soldados-para-reforcar-a-seguranca-no-estado\\\/#article\",\"isPartOf\":{\"@id\":\"https:\\\/\\\/regiaonews.net.br\\\/2022\\\/2020\\\/12\\\/04\\\/policia-militar-forma-2-669-soldados-para-reforcar-a-seguranca-no-estado\\\/\"},\"author\":{\"name\":\"Roberto\",\"@id\":\"https:\\\/\\\/regiaonews.net.br\\\/2022\\\/#\\\/schema\\\/person\\\/2d205a608a5aa97ac279d7a5e6d89ad8\"},\"headline\":\"Pol\u00edcia Militar forma 2.669 soldados para refor\u00e7ar a seguran\u00e7a no Estado\",\"datePublished\":\"2020-12-04T16:58:03+00:00\",\"mainEntityOfPage\":{\"@id\":\"https:\\\/\\\/regiaonews.net.br\\\/2022\\\/2020\\\/12\\\/04\\\/policia-militar-forma-2-669-soldados-para-reforcar-a-seguranca-no-estado\\\/\"},\"wordCount\":530,\"commentCount\":0,\"publisher\":{\"@id\":\"https:\\\/\\\/regiaonews.net.br\\\/2022\\\/#organization\"},\"image\":{\"@id\":\"https:\\\/\\\/regiaonews.net.br\\\/2022\\\/2020\\\/12\\\/04\\\/policia-militar-forma-2-669-soldados-para-reforcar-a-seguranca-no-estado\\\/#primaryimage\"},\"thumbnailUrl\":\"https:\\\/\\\/regiaonews.net.br\\\/2022\\\/wp-content\\\/uploads\\\/2020\\\/12\\\/00043342.jpeg\",\"articleSection\":[\"Cidades\",\"Estado de S\u00e3o Paulo\"],\"inLanguage\":\"pt-BR\",\"potentialAction\":[{\"@type\":\"CommentAction\",\"name\":\"Comment\",\"target\":[\"https:\\\/\\\/regiaonews.net.br\\\/2022\\\/2020\\\/12\\\/04\\\/policia-militar-forma-2-669-soldados-para-reforcar-a-seguranca-no-estado\\\/#respond\"]}]},{\"@type\":\"WebPage\",\"@id\":\"https:\\\/\\\/regiaonews.net.br\\\/2022\\\/2020\\\/12\\\/04\\\/policia-militar-forma-2-669-soldados-para-reforcar-a-seguranca-no-estado\\\/\",\"url\":\"https:\\\/\\\/regiaonews.net.br\\\/2022\\\/2020\\\/12\\\/04\\\/policia-militar-forma-2-669-soldados-para-reforcar-a-seguranca-no-estado\\\/\",\"name\":\"Pol\u00edcia Militar forma 2.669 soldados para refor\u00e7ar a seguran\u00e7a no Estado - Regi\u00e3o News\",\"isPartOf\":{\"@id\":\"https:\\\/\\\/regiaonews.net.br\\\/2022\\\/#website\"},\"primaryImageOfPage\":{\"@id\":\"https:\\\/\\\/regiaonews.net.br\\\/2022\\\/2020\\\/12\\\/04\\\/policia-militar-forma-2-669-soldados-para-reforcar-a-seguranca-no-estado\\\/#primaryimage\"},\"image\":{\"@id\":\"https:\\\/\\\/regiaonews.net.br\\\/2022\\\/2020\\\/12\\\/04\\\/policia-militar-forma-2-669-soldados-para-reforcar-a-seguranca-no-estado\\\/#primaryimage\"},\"thumbnailUrl\":\"https:\\\/\\\/regiaonews.net.br\\\/2022\\\/wp-content\\\/uploads\\\/2020\\\/12\\\/00043342.jpeg\",\"datePublished\":\"2020-12-04T16:58:03+00:00\",\"breadcrumb\":{\"@id\":\"https:\\\/\\\/regiaonews.net.br\\\/2022\\\/2020\\\/12\\\/04\\\/policia-militar-forma-2-669-soldados-para-reforcar-a-seguranca-no-estado\\\/#breadcrumb\"},\"inLanguage\":\"pt-BR\",\"potentialAction\":[{\"@type\":\"ReadAction\",\"target\":[\"https:\\\/\\\/regiaonews.net.br\\\/2022\\\/2020\\\/12\\\/04\\\/policia-militar-forma-2-669-soldados-para-reforcar-a-seguranca-no-estado\\\/\"]}]},{\"@type\":\"ImageObject\",\"inLanguage\":\"pt-BR\",\"@id\":\"https:\\\/\\\/regiaonews.net.br\\\/2022\\\/2020\\\/12\\\/04\\\/policia-militar-forma-2-669-soldados-para-reforcar-a-seguranca-no-estado\\\/#primaryimage\",\"url\":\"https:\\\/\\\/regiaonews.net.br\\\/2022\\\/wp-content\\\/uploads\\\/2020\\\/12\\\/00043342.jpeg\",\"contentUrl\":\"https:\\\/\\\/regiaonews.net.br\\\/2022\\\/wp-content\\\/uploads\\\/2020\\\/12\\\/00043342.jpeg\",\"width\":1600,\"height\":720},{\"@type\":\"BreadcrumbList\",\"@id\":\"https:\\\/\\\/regiaonews.net.br\\\/2022\\\/2020\\\/12\\\/04\\\/policia-militar-forma-2-669-soldados-para-reforcar-a-seguranca-no-estado\\\/#breadcrumb\",\"itemListElement\":[{\"@type\":\"ListItem\",\"position\":1,\"name\":\"In\u00edcio\",\"item\":\"https:\\\/\\\/regiaonews.net.br\\\/2022\\\/\"},{\"@type\":\"ListItem\",\"position\":2,\"name\":\"Pol\u00edcia Militar forma 2.669 soldados para refor\u00e7ar a seguran\u00e7a no Estado\"}]},{\"@type\":\"WebSite\",\"@id\":\"https:\\\/\\\/regiaonews.net.br\\\/2022\\\/#website\",\"url\":\"https:\\\/\\\/regiaonews.net.br\\\/2022\\\/\",\"name\":\"Regi\u00e3o News\",\"description\":\"Site de Not\u00edcias de Barretos e regi\u00e3o\",\"publisher\":{\"@id\":\"https:\\\/\\\/regiaonews.net.br\\\/2022\\\/#organization\"},\"potentialAction\":[{\"@type\":\"SearchAction\",\"target\":{\"@type\":\"EntryPoint\",\"urlTemplate\":\"https:\\\/\\\/regiaonews.net.br\\\/2022\\\/?s={search_term_string}\"},\"query-input\":{\"@type\":\"PropertyValueSpecification\",\"valueRequired\":true,\"valueName\":\"search_term_string\"}}],\"inLanguage\":\"pt-BR\"},{\"@type\":\"Organization\",\"@id\":\"https:\\\/\\\/regiaonews.net.br\\\/2022\\\/#organization\",\"name\":\"Regi\u00e3o News\",\"url\":\"https:\\\/\\\/regiaonews.net.br\\\/2022\\\/\",\"logo\":{\"@type\":\"ImageObject\",\"inLanguage\":\"pt-BR\",\"@id\":\"https:\\\/\\\/regiaonews.net.br\\\/2022\\\/#\\\/schema\\\/logo\\\/image\\\/\",\"url\":\"https:\\\/\\\/regiaonews.net.br\\\/2022\\\/wp-content\\\/uploads\\\/2026\\\/03\\\/regiao-13-anos-scaled.jpg\",\"contentUrl\":\"https:\\\/\\\/regiaonews.net.br\\\/2022\\\/wp-content\\\/uploads\\\/2026\\\/03\\\/regiao-13-anos-scaled.jpg\",\"width\":2560,\"height\":635,\"caption\":\"Regi\u00e3o News\"},\"image\":{\"@id\":\"https:\\\/\\\/regiaonews.net.br\\\/2022\\\/#\\\/schema\\\/logo\\\/image\\\/\"}},{\"@type\":\"Person\",\"@id\":\"https:\\\/\\\/regiaonews.net.br\\\/2022\\\/#\\\/schema\\\/person\\\/2d205a608a5aa97ac279d7a5e6d89ad8\",\"name\":\"Roberto\",\"image\":{\"@type\":\"ImageObject\",\"inLanguage\":\"pt-BR\",\"@id\":\"https:\\\/\\\/secure.gravatar.com\\\/avatar\\\/42749d8b712ff9d59ca93dc150494e5b55a44134482993f5baeb97e61b7ecc89?s=96&d=mm&r=g\",\"url\":\"https:\\\/\\\/secure.gravatar.com\\\/avatar\\\/42749d8b712ff9d59ca93dc150494e5b55a44134482993f5baeb97e61b7ecc89?s=96&d=mm&r=g\",\"contentUrl\":\"https:\\\/\\\/secure.gravatar.com\\\/avatar\\\/42749d8b712ff9d59ca93dc150494e5b55a44134482993f5baeb97e61b7ecc89?s=96&d=mm&r=g\",\"caption\":\"Roberto\"},\"url\":\"https:\\\/\\\/regiaonews.net.br\\\/2022\\\/author\\\/roberto\\\/\"}]}<\/script>\n<!-- \/ Yoast SEO plugin. -->","yoast_head_json":{"title":"Pol\u00edcia Militar forma 2.669 soldados para refor\u00e7ar a seguran\u00e7a no Estado - Regi\u00e3o News","robots":{"index":"index","follow":"follow","max-snippet":"max-snippet:-1","max-image-preview":"max-image-preview:large","max-video-preview":"max-video-preview:-1"},"canonical":"https:\/\/regiaonews.net.br\/2022\/2020\/12\/04\/policia-militar-forma-2-669-soldados-para-reforcar-a-seguranca-no-estado\/","og_locale":"pt_BR","og_type":"article","og_title":"Pol\u00edcia Militar forma 2.669 soldados para refor\u00e7ar a seguran\u00e7a no Estado - Regi\u00e3o News","og_description":"Novos profissionais passaram por um ano de treinamento e conclu\u00edram","og_url":"https:\/\/regiaonews.net.br\/2022\/2020\/12\/04\/policia-militar-forma-2-669-soldados-para-reforcar-a-seguranca-no-estado\/","og_site_name":"Regi\u00e3o News","article_published_time":"2020-12-04T16:58:03+00:00","og_image":[{"width":1600,"height":720,"url":"https:\/\/regiaonews.net.br\/2022\/wp-content\/uploads\/2020\/12\/00043342.jpeg","type":"image\/jpeg"}],"author":"Roberto","twitter_card":"summary_large_image","twitter_misc":{"Escrito por":"Roberto","Est. tempo de leitura":"3 minutos"},"schema":{"@context":"https:\/\/schema.org","@graph":[{"@type":"Article","@id":"https:\/\/regiaonews.net.br\/2022\/2020\/12\/04\/policia-militar-forma-2-669-soldados-para-reforcar-a-seguranca-no-estado\/#article","isPartOf":{"@id":"https:\/\/regiaonews.net.br\/2022\/2020\/12\/04\/policia-militar-forma-2-669-soldados-para-reforcar-a-seguranca-no-estado\/"},"author":{"name":"Roberto","@id":"https:\/\/regiaonews.net.br\/2022\/#\/schema\/person\/2d205a608a5aa97ac279d7a5e6d89ad8"},"headline":"Pol\u00edcia Militar forma 2.669 soldados para refor\u00e7ar a seguran\u00e7a no Estado","datePublished":"2020-12-04T16:58:03+00:00","mainEntityOfPage":{"@id":"https:\/\/regiaonews.net.br\/2022\/2020\/12\/04\/policia-militar-forma-2-669-soldados-para-reforcar-a-seguranca-no-estado\/"},"wordCount":530,"commentCount":0,"publisher":{"@id":"https:\/\/regiaonews.net.br\/2022\/#organization"},"image":{"@id":"https:\/\/regiaonews.net.br\/2022\/2020\/12\/04\/policia-militar-forma-2-669-soldados-para-reforcar-a-seguranca-no-estado\/#primaryimage"},"thumbnailUrl":"https:\/\/regiaonews.net.br\/2022\/wp-content\/uploads\/2020\/12\/00043342.jpeg","articleSection":["Cidades","Estado de S\u00e3o Paulo"],"inLanguage":"pt-BR","potentialAction":[{"@type":"CommentAction","name":"Comment","target":["https:\/\/regiaonews.net.br\/2022\/2020\/12\/04\/policia-militar-forma-2-669-soldados-para-reforcar-a-seguranca-no-estado\/#respond"]}]},{"@type":"WebPage","@id":"https:\/\/regiaonews.net.br\/2022\/2020\/12\/04\/policia-militar-forma-2-669-soldados-para-reforcar-a-seguranca-no-estado\/","url":"https:\/\/regiaonews.net.br\/2022\/2020\/12\/04\/policia-militar-forma-2-669-soldados-para-reforcar-a-seguranca-no-estado\/","name":"Pol\u00edcia Militar forma 2.669 soldados para refor\u00e7ar a seguran\u00e7a no Estado - Regi\u00e3o News","isPartOf":{"@id":"https:\/\/regiaonews.net.br\/2022\/#website"},"primaryImageOfPage":{"@id":"https:\/\/regiaonews.net.br\/2022\/2020\/12\/04\/policia-militar-forma-2-669-soldados-para-reforcar-a-seguranca-no-estado\/#primaryimage"},"image":{"@id":"https:\/\/regiaonews.net.br\/2022\/2020\/12\/04\/policia-militar-forma-2-669-soldados-para-reforcar-a-seguranca-no-estado\/#primaryimage"},"thumbnailUrl":"https:\/\/regiaonews.net.br\/2022\/wp-content\/uploads\/2020\/12\/00043342.jpeg","datePublished":"2020-12-04T16:58:03+00:00","breadcrumb":{"@id":"https:\/\/regiaonews.net.br\/2022\/2020\/12\/04\/policia-militar-forma-2-669-soldados-para-reforcar-a-seguranca-no-estado\/#breadcrumb"},"inLanguage":"pt-BR","potentialAction":[{"@type":"ReadAction","target":["https:\/\/regiaonews.net.br\/2022\/2020\/12\/04\/policia-militar-forma-2-669-soldados-para-reforcar-a-seguranca-no-estado\/"]}]},{"@type":"ImageObject","inLanguage":"pt-BR","@id":"https:\/\/regiaonews.net.br\/2022\/2020\/12\/04\/policia-militar-forma-2-669-soldados-para-reforcar-a-seguranca-no-estado\/#primaryimage","url":"https:\/\/regiaonews.net.br\/2022\/wp-content\/uploads\/2020\/12\/00043342.jpeg","contentUrl":"https:\/\/regiaonews.net.br\/2022\/wp-content\/uploads\/2020\/12\/00043342.jpeg","width":1600,"height":720},{"@type":"BreadcrumbList","@id":"https:\/\/regiaonews.net.br\/2022\/2020\/12\/04\/policia-militar-forma-2-669-soldados-para-reforcar-a-seguranca-no-estado\/#breadcrumb","itemListElement":[{"@type":"ListItem","position":1,"name":"In\u00edcio","item":"https:\/\/regiaonews.net.br\/2022\/"},{"@type":"ListItem","position":2,"name":"Pol\u00edcia Militar forma 2.669 soldados para refor\u00e7ar a seguran\u00e7a no Estado"}]},{"@type":"WebSite","@id":"https:\/\/regiaonews.net.br\/2022\/#website","url":"https:\/\/regiaonews.net.br\/2022\/","name":"Regi\u00e3o News","description":"Site de Not\u00edcias de Barretos e regi\u00e3o","publisher":{"@id":"https:\/\/regiaonews.net.br\/2022\/#organization"},"potentialAction":[{"@type":"SearchAction","target":{"@type":"EntryPoint","urlTemplate":"https:\/\/regiaonews.net.br\/2022\/?s={search_term_string}"},"query-input":{"@type":"PropertyValueSpecification","valueRequired":true,"valueName":"search_term_string"}}],"inLanguage":"pt-BR"},{"@type":"Organization","@id":"https:\/\/regiaonews.net.br\/2022\/#organization","name":"Regi\u00e3o News","url":"https:\/\/regiaonews.net.br\/2022\/","logo":{"@type":"ImageObject","inLanguage":"pt-BR","@id":"https:\/\/regiaonews.net.br\/2022\/#\/schema\/logo\/image\/","url":"https:\/\/regiaonews.net.br\/2022\/wp-content\/uploads\/2026\/03\/regiao-13-anos-scaled.jpg","contentUrl":"https:\/\/regiaonews.net.br\/2022\/wp-content\/uploads\/2026\/03\/regiao-13-anos-scaled.jpg","width":2560,"height":635,"caption":"Regi\u00e3o News"},"image":{"@id":"https:\/\/regiaonews.net.br\/2022\/#\/schema\/logo\/image\/"}},{"@type":"Person","@id":"https:\/\/regiaonews.net.br\/2022\/#\/schema\/person\/2d205a608a5aa97ac279d7a5e6d89ad8","name":"Roberto","image":{"@type":"ImageObject","inLanguage":"pt-BR","@id":"https:\/\/secure.gravatar.com\/avatar\/42749d8b712ff9d59ca93dc150494e5b55a44134482993f5baeb97e61b7ecc89?s=96&d=mm&r=g","url":"https:\/\/secure.gravatar.com\/avatar\/42749d8b712ff9d59ca93dc150494e5b55a44134482993f5baeb97e61b7ecc89?s=96&d=mm&r=g","contentUrl":"https:\/\/secure.gravatar.com\/avatar\/42749d8b712ff9d59ca93dc150494e5b55a44134482993f5baeb97e61b7ecc89?s=96&d=mm&r=g","caption":"Roberto"},"url":"https:\/\/regiaonews.net.br\/2022\/author\/roberto\/"}]}},"publishpress_future_action":{"enabled":false,"date":"2026-05-03 07:53:30","action":"change-status","newStatus":"draft","terms":[],"taxonomy":"category","extraData":[]},"publishpress_future_workflow_manual_trigger":{"enabledWorkflows":[]},"_links":{"self":[{"href":"https:\/\/regiaonews.net.br\/2022\/wp-json\/wp\/v2\/posts\/40353","targetHints":{"allow":["GET"]}}],"collection":[{"href":"https:\/\/regiaonews.net.br\/2022\/wp-json\/wp\/v2\/posts"}],"about":[{"href":"https:\/\/regiaonews.net.br\/2022\/wp-json\/wp\/v2\/types\/post"}],"author":[{"embeddable":true,"href":"https:\/\/regiaonews.net.br\/2022\/wp-json\/wp\/v2\/users\/2"}],"replies":[{"embeddable":true,"href":"https:\/\/regiaonews.net.br\/2022\/wp-json\/wp\/v2\/comments?post=40353"}],"version-history":[{"count":0,"href":"https:\/\/regiaonews.net.br\/2022\/wp-json\/wp\/v2\/posts\/40353\/revisions"}],"wp:featuredmedia":[{"embeddable":true,"href":"https:\/\/regiaonews.net.br\/2022\/wp-json\/wp\/v2\/media\/40354"}],"wp:attachment":[{"href":"https:\/\/regiaonews.net.br\/2022\/wp-json\/wp\/v2\/media?parent=40353"}],"wp:term":[{"taxonomy":"category","embeddable":true,"href":"https:\/\/regiaonews.net.br\/2022\/wp-json\/wp\/v2\/categories?post=40353"},{"taxonomy":"post_tag","embeddable":true,"href":"https:\/\/regiaonews.net.br\/2022\/wp-json\/wp\/v2\/tags?post=40353"}],"curies":[{"name":"wp","href":"https:\/\/api.w.org\/{rel}","templated":true}]}}