{"id":40351,"date":"2020-12-04T11:38:55","date_gmt":"2020-12-04T14:38:55","guid":{"rendered":"https:\/\/regiaonews.net.br\/2022\/?p=40351"},"modified":"2020-12-04T11:38:55","modified_gmt":"2020-12-04T14:38:55","slug":"acidente-de-transito-na-vicinal-que-liga-guaira-a-ipua-sp-mata-crianca-de-2-anos","status":"publish","type":"post","link":"https:\/\/regiaonews.net.br\/2022\/2020\/12\/04\/acidente-de-transito-na-vicinal-que-liga-guaira-a-ipua-sp-mata-crianca-de-2-anos\/","title":{"rendered":"Acidente de tr\u00e2nsito na vicinal que liga Gua\u00edra a Ipu\u00e3, SP, mata crian\u00e7a de 2 anos"},"content":{"rendered":"<p>Uma crian\u00e7a de dois anos morreu em um acidente de tr\u00e2nsito na Vicinal Capit\u00e3o Cust\u00f3dio Lelis Silva, que liga Gua\u00edra (SP) a Ipu\u00e3 (SP), na noite de quinta-feira (4).<\/p>\n<div class=\"mc-column content-text active-extra-styles \" data-block-type=\"unstyled\" data-block-weight=\"23\" data-block-id=\"2\">\n<p class=\"content-text__container \" data-track-category=\"Link no Texto\" data-track-links=\"\">Segundo a Pol\u00edcia Civil, a batida ocorreu por volta das 18h30. A crian\u00e7a estava no carro com o pai, que sofreu ferimentos leves.<\/p>\n<\/div>\n<div class=\"mc-column content-text active-extra-styles \" data-block-type=\"unstyled\" data-block-weight=\"19\" data-block-id=\"3\">\n<p class=\"content-text__container \" data-track-category=\"Link no Texto\" data-track-links=\"\">Ainda de acordo com os policiais, o homem bateu o carro em um trator que entrou na pista.<\/p>\n<\/div>\n<div class=\"mc-column content-text active-extra-styles \" data-block-type=\"unstyled\" data-block-weight=\"21\" data-block-id=\"4\">\n<p class=\"content-text__container \" data-track-category=\"Link no Texto\" data-track-links=\"\">O estado de sa\u00fade do motorista do trator n\u00e3o foi divulgado. As causas da batida ser\u00e3o investigadas pela Pol\u00edcia Civil.<a href=\"https:\/\/regiaonews.net.br\/2022\/wp-content\/uploads\/2020\/09\/1200px-Viaturas_da_Pol\u00edcia_Rodovi\u00e1ria_de_S\u00e3o_Paulo.jpg\"><img loading=\"lazy\" decoding=\"async\" class=\"alignnone size-medium wp-image-37380\" src=\"https:\/\/regiaonews.net.br\/2022\/wp-content\/uploads\/2020\/09\/1200px-Viaturas_da_Pol\u00edcia_Rodovi\u00e1ria_de_S\u00e3o_Paulo-300x200.jpg\" alt=\"\" width=\"300\" height=\"200\" \/><\/a><\/p>\n<\/div>\n","protected":false},"excerpt":{"rendered":"<p>Uma crian\u00e7a de dois anos morreu em um acidente de<\/p>\n","protected":false},"author":2,"featured_media":1042,"comment_status":"open","ping_status":"open","sticky":false,"template":"","format":"standard","meta":{"footnotes":""},"categories":[8,102,23],"tags":[],"class_list":["post-40351","post","type-post","status-publish","format-standard","has-post-thumbnail","hentry","category-guaira","category-ipua","category-policia"],"yoast_head":"<!-- This site is optimized with the Yoast SEO plugin v27.4 - https:\/\/yoast.com\/product\/yoast-seo-wordpress\/ -->\n<title>Acidente de tr\u00e2nsito na vicinal que liga Gua\u00edra a Ipu\u00e3, SP, mata crian\u00e7a de 2 anos - Regi\u00e3o News<\/title>\n<meta name=\"robots\" content=\"index, follow, max-snippet:-1, max-image-preview:large, max-video-preview:-1\" \/>\n<link rel=\"canonical\" href=\"https:\/\/regiaonews.net.br\/2022\/2020\/12\/04\/acidente-de-transito-na-vicinal-que-liga-guaira-a-ipua-sp-mata-crianca-de-2-anos\/\" \/>\n<meta property=\"og:locale\" content=\"pt_BR\" \/>\n<meta property=\"og:type\" content=\"article\" \/>\n<meta property=\"og:title\" content=\"Acidente de tr\u00e2nsito na vicinal que liga Gua\u00edra a Ipu\u00e3, SP, mata crian\u00e7a de 2 anos - Regi\u00e3o News\" \/>\n<meta property=\"og:description\" content=\"Uma crian\u00e7a de dois anos morreu em um acidente de\" \/>\n<meta property=\"og:url\" content=\"https:\/\/regiaonews.net.br\/2022\/2020\/12\/04\/acidente-de-transito-na-vicinal-que-liga-guaira-a-ipua-sp-mata-crianca-de-2-anos\/\" \/>\n<meta property=\"og:site_name\" content=\"Regi\u00e3o News\" \/>\n<meta property=\"article:published_time\" content=\"2020-12-04T14:38:55+00:00\" \/>\n<meta property=\"og:image\" content=\"https:\/\/regiaonews.net.br\/2022\/wp-content\/uploads\/2016\/11\/resgate-bombeiros.jpg\" \/>\n\t<meta property=\"og:image:width\" content=\"1280\" \/>\n\t<meta property=\"og:image:height\" content=\"960\" \/>\n\t<meta property=\"og:image:type\" content=\"image\/jpeg\" \/>\n<meta name=\"author\" content=\"Roberto\" \/>\n<meta name=\"twitter:card\" content=\"summary_large_image\" \/>\n<meta name=\"twitter:label1\" content=\"Escrito por\" \/>\n\t<meta name=\"twitter:data1\" content=\"Roberto\" \/>\n\t<meta name=\"twitter:label2\" content=\"Est. tempo de leitura\" \/>\n\t<meta name=\"twitter:data2\" content=\"1 minuto\" \/>\n<script type=\"application\/ld+json\" class=\"yoast-schema-graph\">{\"@context\":\"https:\\\/\\\/schema.org\",\"@graph\":[{\"@type\":\"Article\",\"@id\":\"https:\\\/\\\/regiaonews.net.br\\\/2022\\\/2020\\\/12\\\/04\\\/acidente-de-transito-na-vicinal-que-liga-guaira-a-ipua-sp-mata-crianca-de-2-anos\\\/#article\",\"isPartOf\":{\"@id\":\"https:\\\/\\\/regiaonews.net.br\\\/2022\\\/2020\\\/12\\\/04\\\/acidente-de-transito-na-vicinal-que-liga-guaira-a-ipua-sp-mata-crianca-de-2-anos\\\/\"},\"author\":{\"name\":\"Roberto\",\"@id\":\"https:\\\/\\\/regiaonews.net.br\\\/2022\\\/#\\\/schema\\\/person\\\/2d205a608a5aa97ac279d7a5e6d89ad8\"},\"headline\":\"Acidente de tr\u00e2nsito na vicinal que liga Gua\u00edra a Ipu\u00e3, SP, mata crian\u00e7a de 2 anos\",\"datePublished\":\"2020-12-04T14:38:55+00:00\",\"mainEntityOfPage\":{\"@id\":\"https:\\\/\\\/regiaonews.net.br\\\/2022\\\/2020\\\/12\\\/04\\\/acidente-de-transito-na-vicinal-que-liga-guaira-a-ipua-sp-mata-crianca-de-2-anos\\\/\"},\"wordCount\":118,\"commentCount\":0,\"publisher\":{\"@id\":\"https:\\\/\\\/regiaonews.net.br\\\/2022\\\/#organization\"},\"image\":{\"@id\":\"https:\\\/\\\/regiaonews.net.br\\\/2022\\\/2020\\\/12\\\/04\\\/acidente-de-transito-na-vicinal-que-liga-guaira-a-ipua-sp-mata-crianca-de-2-anos\\\/#primaryimage\"},\"thumbnailUrl\":\"https:\\\/\\\/regiaonews.net.br\\\/2022\\\/wp-content\\\/uploads\\\/2016\\\/11\\\/resgate-bombeiros.jpg\",\"articleSection\":[\"Gua\u00edra\",\"Ipu\u00e3\",\"Policia\"],\"inLanguage\":\"pt-BR\",\"potentialAction\":[{\"@type\":\"CommentAction\",\"name\":\"Comment\",\"target\":[\"https:\\\/\\\/regiaonews.net.br\\\/2022\\\/2020\\\/12\\\/04\\\/acidente-de-transito-na-vicinal-que-liga-guaira-a-ipua-sp-mata-crianca-de-2-anos\\\/#respond\"]}]},{\"@type\":\"WebPage\",\"@id\":\"https:\\\/\\\/regiaonews.net.br\\\/2022\\\/2020\\\/12\\\/04\\\/acidente-de-transito-na-vicinal-que-liga-guaira-a-ipua-sp-mata-crianca-de-2-anos\\\/\",\"url\":\"https:\\\/\\\/regiaonews.net.br\\\/2022\\\/2020\\\/12\\\/04\\\/acidente-de-transito-na-vicinal-que-liga-guaira-a-ipua-sp-mata-crianca-de-2-anos\\\/\",\"name\":\"Acidente de tr\u00e2nsito na vicinal que liga Gua\u00edra a Ipu\u00e3, SP, mata crian\u00e7a de 2 anos - Regi\u00e3o News\",\"isPartOf\":{\"@id\":\"https:\\\/\\\/regiaonews.net.br\\\/2022\\\/#website\"},\"primaryImageOfPage\":{\"@id\":\"https:\\\/\\\/regiaonews.net.br\\\/2022\\\/2020\\\/12\\\/04\\\/acidente-de-transito-na-vicinal-que-liga-guaira-a-ipua-sp-mata-crianca-de-2-anos\\\/#primaryimage\"},\"image\":{\"@id\":\"https:\\\/\\\/regiaonews.net.br\\\/2022\\\/2020\\\/12\\\/04\\\/acidente-de-transito-na-vicinal-que-liga-guaira-a-ipua-sp-mata-crianca-de-2-anos\\\/#primaryimage\"},\"thumbnailUrl\":\"https:\\\/\\\/regiaonews.net.br\\\/2022\\\/wp-content\\\/uploads\\\/2016\\\/11\\\/resgate-bombeiros.jpg\",\"datePublished\":\"2020-12-04T14:38:55+00:00\",\"breadcrumb\":{\"@id\":\"https:\\\/\\\/regiaonews.net.br\\\/2022\\\/2020\\\/12\\\/04\\\/acidente-de-transito-na-vicinal-que-liga-guaira-a-ipua-sp-mata-crianca-de-2-anos\\\/#breadcrumb\"},\"inLanguage\":\"pt-BR\",\"potentialAction\":[{\"@type\":\"ReadAction\",\"target\":[\"https:\\\/\\\/regiaonews.net.br\\\/2022\\\/2020\\\/12\\\/04\\\/acidente-de-transito-na-vicinal-que-liga-guaira-a-ipua-sp-mata-crianca-de-2-anos\\\/\"]}]},{\"@type\":\"ImageObject\",\"inLanguage\":\"pt-BR\",\"@id\":\"https:\\\/\\\/regiaonews.net.br\\\/2022\\\/2020\\\/12\\\/04\\\/acidente-de-transito-na-vicinal-que-liga-guaira-a-ipua-sp-mata-crianca-de-2-anos\\\/#primaryimage\",\"url\":\"https:\\\/\\\/regiaonews.net.br\\\/2022\\\/wp-content\\\/uploads\\\/2016\\\/11\\\/resgate-bombeiros.jpg\",\"contentUrl\":\"https:\\\/\\\/regiaonews.net.br\\\/2022\\\/wp-content\\\/uploads\\\/2016\\\/11\\\/resgate-bombeiros.jpg\",\"width\":1280,\"height\":960},{\"@type\":\"BreadcrumbList\",\"@id\":\"https:\\\/\\\/regiaonews.net.br\\\/2022\\\/2020\\\/12\\\/04\\\/acidente-de-transito-na-vicinal-que-liga-guaira-a-ipua-sp-mata-crianca-de-2-anos\\\/#breadcrumb\",\"itemListElement\":[{\"@type\":\"ListItem\",\"position\":1,\"name\":\"In\u00edcio\",\"item\":\"https:\\\/\\\/regiaonews.net.br\\\/2022\\\/\"},{\"@type\":\"ListItem\",\"position\":2,\"name\":\"Acidente de tr\u00e2nsito na vicinal que liga Gua\u00edra a Ipu\u00e3, SP, mata crian\u00e7a de 2 anos\"}]},{\"@type\":\"WebSite\",\"@id\":\"https:\\\/\\\/regiaonews.net.br\\\/2022\\\/#website\",\"url\":\"https:\\\/\\\/regiaonews.net.br\\\/2022\\\/\",\"name\":\"Regi\u00e3o News\",\"description\":\"Site de Not\u00edcias de Barretos e regi\u00e3o\",\"publisher\":{\"@id\":\"https:\\\/\\\/regiaonews.net.br\\\/2022\\\/#organization\"},\"potentialAction\":[{\"@type\":\"SearchAction\",\"target\":{\"@type\":\"EntryPoint\",\"urlTemplate\":\"https:\\\/\\\/regiaonews.net.br\\\/2022\\\/?s={search_term_string}\"},\"query-input\":{\"@type\":\"PropertyValueSpecification\",\"valueRequired\":true,\"valueName\":\"search_term_string\"}}],\"inLanguage\":\"pt-BR\"},{\"@type\":\"Organization\",\"@id\":\"https:\\\/\\\/regiaonews.net.br\\\/2022\\\/#organization\",\"name\":\"Regi\u00e3o News\",\"url\":\"https:\\\/\\\/regiaonews.net.br\\\/2022\\\/\",\"logo\":{\"@type\":\"ImageObject\",\"inLanguage\":\"pt-BR\",\"@id\":\"https:\\\/\\\/regiaonews.net.br\\\/2022\\\/#\\\/schema\\\/logo\\\/image\\\/\",\"url\":\"https:\\\/\\\/regiaonews.net.br\\\/2022\\\/wp-content\\\/uploads\\\/2026\\\/03\\\/regiao-13-anos-scaled.jpg\",\"contentUrl\":\"https:\\\/\\\/regiaonews.net.br\\\/2022\\\/wp-content\\\/uploads\\\/2026\\\/03\\\/regiao-13-anos-scaled.jpg\",\"width\":2560,\"height\":635,\"caption\":\"Regi\u00e3o News\"},\"image\":{\"@id\":\"https:\\\/\\\/regiaonews.net.br\\\/2022\\\/#\\\/schema\\\/logo\\\/image\\\/\"}},{\"@type\":\"Person\",\"@id\":\"https:\\\/\\\/regiaonews.net.br\\\/2022\\\/#\\\/schema\\\/person\\\/2d205a608a5aa97ac279d7a5e6d89ad8\",\"name\":\"Roberto\",\"image\":{\"@type\":\"ImageObject\",\"inLanguage\":\"pt-BR\",\"@id\":\"https:\\\/\\\/secure.gravatar.com\\\/avatar\\\/42749d8b712ff9d59ca93dc150494e5b55a44134482993f5baeb97e61b7ecc89?s=96&d=mm&r=g\",\"url\":\"https:\\\/\\\/secure.gravatar.com\\\/avatar\\\/42749d8b712ff9d59ca93dc150494e5b55a44134482993f5baeb97e61b7ecc89?s=96&d=mm&r=g\",\"contentUrl\":\"https:\\\/\\\/secure.gravatar.com\\\/avatar\\\/42749d8b712ff9d59ca93dc150494e5b55a44134482993f5baeb97e61b7ecc89?s=96&d=mm&r=g\",\"caption\":\"Roberto\"},\"url\":\"https:\\\/\\\/regiaonews.net.br\\\/2022\\\/author\\\/roberto\\\/\"}]}<\/script>\n<!-- \/ Yoast SEO plugin. -->","yoast_head_json":{"title":"Acidente de tr\u00e2nsito na vicinal que liga Gua\u00edra a Ipu\u00e3, SP, mata crian\u00e7a de 2 anos - Regi\u00e3o News","robots":{"index":"index","follow":"follow","max-snippet":"max-snippet:-1","max-image-preview":"max-image-preview:large","max-video-preview":"max-video-preview:-1"},"canonical":"https:\/\/regiaonews.net.br\/2022\/2020\/12\/04\/acidente-de-transito-na-vicinal-que-liga-guaira-a-ipua-sp-mata-crianca-de-2-anos\/","og_locale":"pt_BR","og_type":"article","og_title":"Acidente de tr\u00e2nsito na vicinal que liga Gua\u00edra a Ipu\u00e3, SP, mata crian\u00e7a de 2 anos - Regi\u00e3o News","og_description":"Uma crian\u00e7a de dois anos morreu em um acidente de","og_url":"https:\/\/regiaonews.net.br\/2022\/2020\/12\/04\/acidente-de-transito-na-vicinal-que-liga-guaira-a-ipua-sp-mata-crianca-de-2-anos\/","og_site_name":"Regi\u00e3o News","article_published_time":"2020-12-04T14:38:55+00:00","og_image":[{"width":1280,"height":960,"url":"https:\/\/regiaonews.net.br\/2022\/wp-content\/uploads\/2016\/11\/resgate-bombeiros.jpg","type":"image\/jpeg"}],"author":"Roberto","twitter_card":"summary_large_image","twitter_misc":{"Escrito por":"Roberto","Est. tempo de leitura":"1 minuto"},"schema":{"@context":"https:\/\/schema.org","@graph":[{"@type":"Article","@id":"https:\/\/regiaonews.net.br\/2022\/2020\/12\/04\/acidente-de-transito-na-vicinal-que-liga-guaira-a-ipua-sp-mata-crianca-de-2-anos\/#article","isPartOf":{"@id":"https:\/\/regiaonews.net.br\/2022\/2020\/12\/04\/acidente-de-transito-na-vicinal-que-liga-guaira-a-ipua-sp-mata-crianca-de-2-anos\/"},"author":{"name":"Roberto","@id":"https:\/\/regiaonews.net.br\/2022\/#\/schema\/person\/2d205a608a5aa97ac279d7a5e6d89ad8"},"headline":"Acidente de tr\u00e2nsito na vicinal que liga Gua\u00edra a Ipu\u00e3, SP, mata crian\u00e7a de 2 anos","datePublished":"2020-12-04T14:38:55+00:00","mainEntityOfPage":{"@id":"https:\/\/regiaonews.net.br\/2022\/2020\/12\/04\/acidente-de-transito-na-vicinal-que-liga-guaira-a-ipua-sp-mata-crianca-de-2-anos\/"},"wordCount":118,"commentCount":0,"publisher":{"@id":"https:\/\/regiaonews.net.br\/2022\/#organization"},"image":{"@id":"https:\/\/regiaonews.net.br\/2022\/2020\/12\/04\/acidente-de-transito-na-vicinal-que-liga-guaira-a-ipua-sp-mata-crianca-de-2-anos\/#primaryimage"},"thumbnailUrl":"https:\/\/regiaonews.net.br\/2022\/wp-content\/uploads\/2016\/11\/resgate-bombeiros.jpg","articleSection":["Gua\u00edra","Ipu\u00e3","Policia"],"inLanguage":"pt-BR","potentialAction":[{"@type":"CommentAction","name":"Comment","target":["https:\/\/regiaonews.net.br\/2022\/2020\/12\/04\/acidente-de-transito-na-vicinal-que-liga-guaira-a-ipua-sp-mata-crianca-de-2-anos\/#respond"]}]},{"@type":"WebPage","@id":"https:\/\/regiaonews.net.br\/2022\/2020\/12\/04\/acidente-de-transito-na-vicinal-que-liga-guaira-a-ipua-sp-mata-crianca-de-2-anos\/","url":"https:\/\/regiaonews.net.br\/2022\/2020\/12\/04\/acidente-de-transito-na-vicinal-que-liga-guaira-a-ipua-sp-mata-crianca-de-2-anos\/","name":"Acidente de tr\u00e2nsito na vicinal que liga Gua\u00edra a Ipu\u00e3, SP, mata crian\u00e7a de 2 anos - Regi\u00e3o News","isPartOf":{"@id":"https:\/\/regiaonews.net.br\/2022\/#website"},"primaryImageOfPage":{"@id":"https:\/\/regiaonews.net.br\/2022\/2020\/12\/04\/acidente-de-transito-na-vicinal-que-liga-guaira-a-ipua-sp-mata-crianca-de-2-anos\/#primaryimage"},"image":{"@id":"https:\/\/regiaonews.net.br\/2022\/2020\/12\/04\/acidente-de-transito-na-vicinal-que-liga-guaira-a-ipua-sp-mata-crianca-de-2-anos\/#primaryimage"},"thumbnailUrl":"https:\/\/regiaonews.net.br\/2022\/wp-content\/uploads\/2016\/11\/resgate-bombeiros.jpg","datePublished":"2020-12-04T14:38:55+00:00","breadcrumb":{"@id":"https:\/\/regiaonews.net.br\/2022\/2020\/12\/04\/acidente-de-transito-na-vicinal-que-liga-guaira-a-ipua-sp-mata-crianca-de-2-anos\/#breadcrumb"},"inLanguage":"pt-BR","potentialAction":[{"@type":"ReadAction","target":["https:\/\/regiaonews.net.br\/2022\/2020\/12\/04\/acidente-de-transito-na-vicinal-que-liga-guaira-a-ipua-sp-mata-crianca-de-2-anos\/"]}]},{"@type":"ImageObject","inLanguage":"pt-BR","@id":"https:\/\/regiaonews.net.br\/2022\/2020\/12\/04\/acidente-de-transito-na-vicinal-que-liga-guaira-a-ipua-sp-mata-crianca-de-2-anos\/#primaryimage","url":"https:\/\/regiaonews.net.br\/2022\/wp-content\/uploads\/2016\/11\/resgate-bombeiros.jpg","contentUrl":"https:\/\/regiaonews.net.br\/2022\/wp-content\/uploads\/2016\/11\/resgate-bombeiros.jpg","width":1280,"height":960},{"@type":"BreadcrumbList","@id":"https:\/\/regiaonews.net.br\/2022\/2020\/12\/04\/acidente-de-transito-na-vicinal-que-liga-guaira-a-ipua-sp-mata-crianca-de-2-anos\/#breadcrumb","itemListElement":[{"@type":"ListItem","position":1,"name":"In\u00edcio","item":"https:\/\/regiaonews.net.br\/2022\/"},{"@type":"ListItem","position":2,"name":"Acidente de tr\u00e2nsito na vicinal que liga Gua\u00edra a Ipu\u00e3, SP, mata crian\u00e7a de 2 anos"}]},{"@type":"WebSite","@id":"https:\/\/regiaonews.net.br\/2022\/#website","url":"https:\/\/regiaonews.net.br\/2022\/","name":"Regi\u00e3o News","description":"Site de Not\u00edcias de Barretos e regi\u00e3o","publisher":{"@id":"https:\/\/regiaonews.net.br\/2022\/#organization"},"potentialAction":[{"@type":"SearchAction","target":{"@type":"EntryPoint","urlTemplate":"https:\/\/regiaonews.net.br\/2022\/?s={search_term_string}"},"query-input":{"@type":"PropertyValueSpecification","valueRequired":true,"valueName":"search_term_string"}}],"inLanguage":"pt-BR"},{"@type":"Organization","@id":"https:\/\/regiaonews.net.br\/2022\/#organization","name":"Regi\u00e3o News","url":"https:\/\/regiaonews.net.br\/2022\/","logo":{"@type":"ImageObject","inLanguage":"pt-BR","@id":"https:\/\/regiaonews.net.br\/2022\/#\/schema\/logo\/image\/","url":"https:\/\/regiaonews.net.br\/2022\/wp-content\/uploads\/2026\/03\/regiao-13-anos-scaled.jpg","contentUrl":"https:\/\/regiaonews.net.br\/2022\/wp-content\/uploads\/2026\/03\/regiao-13-anos-scaled.jpg","width":2560,"height":635,"caption":"Regi\u00e3o News"},"image":{"@id":"https:\/\/regiaonews.net.br\/2022\/#\/schema\/logo\/image\/"}},{"@type":"Person","@id":"https:\/\/regiaonews.net.br\/2022\/#\/schema\/person\/2d205a608a5aa97ac279d7a5e6d89ad8","name":"Roberto","image":{"@type":"ImageObject","inLanguage":"pt-BR","@id":"https:\/\/secure.gravatar.com\/avatar\/42749d8b712ff9d59ca93dc150494e5b55a44134482993f5baeb97e61b7ecc89?s=96&d=mm&r=g","url":"https:\/\/secure.gravatar.com\/avatar\/42749d8b712ff9d59ca93dc150494e5b55a44134482993f5baeb97e61b7ecc89?s=96&d=mm&r=g","contentUrl":"https:\/\/secure.gravatar.com\/avatar\/42749d8b712ff9d59ca93dc150494e5b55a44134482993f5baeb97e61b7ecc89?s=96&d=mm&r=g","caption":"Roberto"},"url":"https:\/\/regiaonews.net.br\/2022\/author\/roberto\/"}]}},"publishpress_future_action":{"enabled":false,"date":"2026-05-03 06:19:28","action":"change-status","newStatus":"draft","terms":[],"taxonomy":"category","extraData":[]},"publishpress_future_workflow_manual_trigger":{"enabledWorkflows":[]},"_links":{"self":[{"href":"https:\/\/regiaonews.net.br\/2022\/wp-json\/wp\/v2\/posts\/40351","targetHints":{"allow":["GET"]}}],"collection":[{"href":"https:\/\/regiaonews.net.br\/2022\/wp-json\/wp\/v2\/posts"}],"about":[{"href":"https:\/\/regiaonews.net.br\/2022\/wp-json\/wp\/v2\/types\/post"}],"author":[{"embeddable":true,"href":"https:\/\/regiaonews.net.br\/2022\/wp-json\/wp\/v2\/users\/2"}],"replies":[{"embeddable":true,"href":"https:\/\/regiaonews.net.br\/2022\/wp-json\/wp\/v2\/comments?post=40351"}],"version-history":[{"count":0,"href":"https:\/\/regiaonews.net.br\/2022\/wp-json\/wp\/v2\/posts\/40351\/revisions"}],"wp:featuredmedia":[{"embeddable":true,"href":"https:\/\/regiaonews.net.br\/2022\/wp-json\/wp\/v2\/media\/1042"}],"wp:attachment":[{"href":"https:\/\/regiaonews.net.br\/2022\/wp-json\/wp\/v2\/media?parent=40351"}],"wp:term":[{"taxonomy":"category","embeddable":true,"href":"https:\/\/regiaonews.net.br\/2022\/wp-json\/wp\/v2\/categories?post=40351"},{"taxonomy":"post_tag","embeddable":true,"href":"https:\/\/regiaonews.net.br\/2022\/wp-json\/wp\/v2\/tags?post=40351"}],"curies":[{"name":"wp","href":"https:\/\/api.w.org\/{rel}","templated":true}]}}