{"id":40342,"date":"2020-12-03T17:11:03","date_gmt":"2020-12-03T20:11:03","guid":{"rendered":"https:\/\/regiaonews.net.br\/2022\/?p=40342"},"modified":"2020-12-03T17:11:03","modified_gmt":"2020-12-03T20:11:03","slug":"janelas-casacor-ribeirao-preto-integra-ambientes-aos-aspectos-da-cidade","status":"publish","type":"post","link":"https:\/\/regiaonews.net.br\/2022\/2020\/12\/03\/janelas-casacor-ribeirao-preto-integra-ambientes-aos-aspectos-da-cidade\/","title":{"rendered":"JANELAS CASACOR Ribeir\u00e3o Preto integra ambientes aos aspectos da cidade"},"content":{"rendered":"<p class=\"xmsonormal\" style=\"text-align: center; line-height: 150%;\" align=\"center\"><a href=\"https:\/\/regiaonews.net.br\/2022\/wp-content\/uploads\/2020\/12\/Equil\u00edbrio-por-M\u00f4nica-Costa.jpg\"><img loading=\"lazy\" decoding=\"async\" class=\"alignnone size-medium wp-image-40343\" src=\"https:\/\/regiaonews.net.br\/2022\/wp-content\/uploads\/2020\/12\/Equil\u00edbrio-por-M\u00f4nica-Costa-300x187.jpg\" alt=\"\" width=\"300\" height=\"187\" \/><\/a> <a href=\"https:\/\/regiaonews.net.br\/2022\/wp-content\/uploads\/2020\/12\/Relaxar-Recarregar-e-Reconectar-Juliana-Affini-e-Patricia-Makhoul-J....jpg\"><img loading=\"lazy\" decoding=\"async\" class=\"alignnone size-medium wp-image-40344\" src=\"https:\/\/regiaonews.net.br\/2022\/wp-content\/uploads\/2020\/12\/Relaxar-Recarregar-e-Reconectar-Juliana-Affini-e-Patricia-Makhoul-J...-300x199.jpg\" alt=\"\" width=\"300\" height=\"199\" \/><\/a><\/p>\n<p class=\"xmsonormal\" style=\"margin-bottom: 12.0pt; text-align: center; line-height: 150%;\" align=\"center\"><i><span style=\"font-family: 'Arial',sans-serif; color: black; background: white;\">Projeto acontece na cidade at\u00e9 o dia 20 de dezembro, no Shopping Iguatemi e no Espa\u00e7o de Neg\u00f3cios da Perplan <\/span><\/i><\/p>\n<p class=\"xmsonormal\" style=\"margin-bottom: 12.0pt; text-align: justify; line-height: 150%;\"><span style=\"font-family: 'Arial',sans-serif; color: black; background: white;\">O clima, os espa\u00e7os generosos das casas e apartamentos, as facilidades de um centro cosmopolita mesclado ao sentimento de cidade do interior s\u00e3o as principais caracter\u00edsticas que podem ser identificadas nos ambientes, assinados por renomados profissionais, do projeto JANELAS CASACOR Ribeir\u00e3o Preto.<\/span><\/p>\n<p class=\"xmsonormal\" style=\"margin-bottom: 12.0pt; text-align: justify; line-height: 150%;\"><span style=\"font-family: 'Arial',sans-serif; color: black; background: white;\">As arquitetas Juliana Affini e Patricia Makhoul que desenvolveram o espa\u00e7o &#8220;Relaxar, Recarregar, Reconectar&#8221;, apontam que o ambiente possui diversos aspectos envolvendo as caracter\u00edsticas de Ribeir\u00e3o Preto como o clima quente, a dimens\u00e3o dos empreendimentos e as facilidades de um grande centro aliadas \u00e0 qualidade de vida de uma cidade do interior.<\/span><\/p>\n<p class=\"xmsonormal\" style=\"margin-bottom: 12.0pt; text-align: justify; line-height: 150%;\"><span style=\"font-family: 'Arial',sans-serif; color: black; background: white;\">&#8220;Em Ribeir\u00e3o as casas e apartamentos tem um espa\u00e7o privilegiado, o que permite projetar ambientes multifuncionais integrados para os momentos de relaxamento e conex\u00e3o&#8221;, afirma Juliana Affini. A profissional revela ainda que as cores do ambiente buscam promover um frescor, j\u00e1 que \u00e9 uma cidade conhecida pelas altas temperaturas. &#8220;A base clara do espa\u00e7o remete a esse relaxamento e conforto. Assim, valorizamos pe\u00e7as de designer brasileiro que se integraram perfeitamente ao conceito&#8221;, comenta a arquiteta. <\/span><\/p>\n<p class=\"xmsonormal\" style=\"margin-bottom: 12.0pt; text-align: justify; line-height: 150%;\"><span style=\"font-family: 'Arial',sans-serif; color: black; background: white;\">J\u00e1 as caracter\u00edsticas dos espa\u00e7os urbanos e as refer\u00eancias de cidade do interior, como os jardins amplos e as \u00e1rvores frut\u00edferas dos quintais da &#8220;casa da av\u00f3&#8221; s\u00e3o os principais aspectos do espa\u00e7o &#8220;Equil\u00edbrio&#8221;, desenvolvido por Monica Costa, que fazem refer\u00eancia \u00e0s peculiaridades de Ribeir\u00e3o Preto.<\/span><\/p>\n<p class=\"xmsonormal\" style=\"margin-bottom: 12.0pt; text-align: justify; line-height: 150%;\"><span style=\"font-family: 'Arial',sans-serif; color: black; background: white;\">&#8220;A maior evid\u00eancia de rela\u00e7\u00e3o do ambiente com a cidade \u00e9 um lugar de sombra, que tem as jabuticabeiras, pedrinhas no ch\u00e3o e frutas para colher ao lado da poltrona confort\u00e1vel. Imaginei um quintal ou uma varanda de apartamento com plantas em vasos para ter frescor e uma horta com temperos e ch\u00e1s para poder colher fresquinhos&#8221;, conta Monica Costa. Segundo a paisagista a proposta de seu ambiente \u00e9 o equil\u00edbrio entre a natureza e homem e a rela\u00e7\u00e3o com a cidade para criar esse ref\u00fagio parecido com quintal de av\u00f3. &#8220;\u00c9 uma sa\u00edda para o estresse e para brincar com as crian\u00e7as. \u00c9 um jardim para sempre&#8221;, afirma Monica.<\/span><\/p>\n<p class=\"xmsonormal\" style=\"margin-bottom: 12.0pt; text-align: justify; line-height: 150%;\"><span style=\"font-family: 'Arial',sans-serif; color: black; background: white;\">Todos os ambientes do projeto JANELAS CASACOR est\u00e3o em exposi\u00e7\u00e3o, at\u00e9 o dia 20 de dezembro, no Shopping Iguatemi Ribeir\u00e3o Preto, no Espa\u00e7o de Neg\u00f3cios da Perplan no Jardim Bot\u00e2nico, e por meio do site <\/span><a href=\"https:\/\/www.janelascasacor.com\"><span style=\"font-family: 'Arial',sans-serif; background: white;\">https:\/\/www.janelascasacor.com<\/span><\/a><span style=\"font-family: 'Arial',sans-serif; color: black; background: white;\"> . Na visita\u00e7\u00e3o presencial, o p\u00fablico ainda tem a oportunidade de acessar outras informa\u00e7\u00f5es por meio de conte\u00fados online disponibilizados por QR Codes.<\/span><\/p>\n","protected":false},"excerpt":{"rendered":"<p>Projeto acontece na cidade at\u00e9 o dia 20 de dezembro,<\/p>\n","protected":false},"author":2,"featured_media":40344,"comment_status":"open","ping_status":"open","sticky":false,"template":"","format":"standard","meta":{"footnotes":""},"categories":[25,32],"tags":[],"class_list":["post-40342","post","type-post","status-publish","format-standard","has-post-thumbnail","hentry","category-cidades","category-ribeirao-preto"],"yoast_head":"<!-- This site is optimized with the Yoast SEO plugin v27.4 - https:\/\/yoast.com\/product\/yoast-seo-wordpress\/ -->\n<title>JANELAS CASACOR Ribeir\u00e3o Preto integra ambientes aos aspectos da cidade - Regi\u00e3o News<\/title>\n<meta name=\"robots\" content=\"index, follow, max-snippet:-1, max-image-preview:large, max-video-preview:-1\" \/>\n<link rel=\"canonical\" href=\"https:\/\/regiaonews.net.br\/2022\/2020\/12\/03\/janelas-casacor-ribeirao-preto-integra-ambientes-aos-aspectos-da-cidade\/\" \/>\n<meta property=\"og:locale\" content=\"pt_BR\" \/>\n<meta property=\"og:type\" content=\"article\" \/>\n<meta property=\"og:title\" content=\"JANELAS CASACOR Ribeir\u00e3o Preto integra ambientes aos aspectos da cidade - Regi\u00e3o News\" \/>\n<meta property=\"og:description\" content=\"Projeto acontece na cidade at\u00e9 o dia 20 de dezembro,\" \/>\n<meta property=\"og:url\" content=\"https:\/\/regiaonews.net.br\/2022\/2020\/12\/03\/janelas-casacor-ribeirao-preto-integra-ambientes-aos-aspectos-da-cidade\/\" \/>\n<meta property=\"og:site_name\" content=\"Regi\u00e3o News\" \/>\n<meta property=\"article:published_time\" content=\"2020-12-03T20:11:03+00:00\" \/>\n<meta property=\"og:image\" content=\"https:\/\/regiaonews.net.br\/2022\/wp-content\/uploads\/2020\/12\/Relaxar-Recarregar-e-Reconectar-Juliana-Affini-e-Patricia-Makhoul-J....jpg\" \/>\n\t<meta property=\"og:image:width\" content=\"1677\" \/>\n\t<meta property=\"og:image:height\" content=\"1114\" \/>\n\t<meta property=\"og:image:type\" content=\"image\/jpeg\" \/>\n<meta name=\"author\" content=\"Roberto\" \/>\n<meta name=\"twitter:card\" content=\"summary_large_image\" \/>\n<meta name=\"twitter:label1\" content=\"Escrito por\" \/>\n\t<meta name=\"twitter:data1\" content=\"Roberto\" \/>\n\t<meta name=\"twitter:label2\" content=\"Est. tempo de leitura\" \/>\n\t<meta name=\"twitter:data2\" content=\"2 minutos\" \/>\n<script type=\"application\/ld+json\" class=\"yoast-schema-graph\">{\"@context\":\"https:\\\/\\\/schema.org\",\"@graph\":[{\"@type\":\"Article\",\"@id\":\"https:\\\/\\\/regiaonews.net.br\\\/2022\\\/2020\\\/12\\\/03\\\/janelas-casacor-ribeirao-preto-integra-ambientes-aos-aspectos-da-cidade\\\/#article\",\"isPartOf\":{\"@id\":\"https:\\\/\\\/regiaonews.net.br\\\/2022\\\/2020\\\/12\\\/03\\\/janelas-casacor-ribeirao-preto-integra-ambientes-aos-aspectos-da-cidade\\\/\"},\"author\":{\"name\":\"Roberto\",\"@id\":\"https:\\\/\\\/regiaonews.net.br\\\/2022\\\/#\\\/schema\\\/person\\\/2d205a608a5aa97ac279d7a5e6d89ad8\"},\"headline\":\"JANELAS CASACOR Ribeir\u00e3o Preto integra ambientes aos aspectos da cidade\",\"datePublished\":\"2020-12-03T20:11:03+00:00\",\"mainEntityOfPage\":{\"@id\":\"https:\\\/\\\/regiaonews.net.br\\\/2022\\\/2020\\\/12\\\/03\\\/janelas-casacor-ribeirao-preto-integra-ambientes-aos-aspectos-da-cidade\\\/\"},\"wordCount\":453,\"commentCount\":0,\"publisher\":{\"@id\":\"https:\\\/\\\/regiaonews.net.br\\\/2022\\\/#organization\"},\"image\":{\"@id\":\"https:\\\/\\\/regiaonews.net.br\\\/2022\\\/2020\\\/12\\\/03\\\/janelas-casacor-ribeirao-preto-integra-ambientes-aos-aspectos-da-cidade\\\/#primaryimage\"},\"thumbnailUrl\":\"https:\\\/\\\/regiaonews.net.br\\\/2022\\\/wp-content\\\/uploads\\\/2020\\\/12\\\/Relaxar-Recarregar-e-Reconectar-Juliana-Affini-e-Patricia-Makhoul-J....jpg\",\"articleSection\":[\"Cidades\",\"Ribeir\u00e3o Preto\"],\"inLanguage\":\"pt-BR\",\"potentialAction\":[{\"@type\":\"CommentAction\",\"name\":\"Comment\",\"target\":[\"https:\\\/\\\/regiaonews.net.br\\\/2022\\\/2020\\\/12\\\/03\\\/janelas-casacor-ribeirao-preto-integra-ambientes-aos-aspectos-da-cidade\\\/#respond\"]}]},{\"@type\":\"WebPage\",\"@id\":\"https:\\\/\\\/regiaonews.net.br\\\/2022\\\/2020\\\/12\\\/03\\\/janelas-casacor-ribeirao-preto-integra-ambientes-aos-aspectos-da-cidade\\\/\",\"url\":\"https:\\\/\\\/regiaonews.net.br\\\/2022\\\/2020\\\/12\\\/03\\\/janelas-casacor-ribeirao-preto-integra-ambientes-aos-aspectos-da-cidade\\\/\",\"name\":\"JANELAS CASACOR Ribeir\u00e3o Preto integra ambientes aos aspectos da cidade - Regi\u00e3o News\",\"isPartOf\":{\"@id\":\"https:\\\/\\\/regiaonews.net.br\\\/2022\\\/#website\"},\"primaryImageOfPage\":{\"@id\":\"https:\\\/\\\/regiaonews.net.br\\\/2022\\\/2020\\\/12\\\/03\\\/janelas-casacor-ribeirao-preto-integra-ambientes-aos-aspectos-da-cidade\\\/#primaryimage\"},\"image\":{\"@id\":\"https:\\\/\\\/regiaonews.net.br\\\/2022\\\/2020\\\/12\\\/03\\\/janelas-casacor-ribeirao-preto-integra-ambientes-aos-aspectos-da-cidade\\\/#primaryimage\"},\"thumbnailUrl\":\"https:\\\/\\\/regiaonews.net.br\\\/2022\\\/wp-content\\\/uploads\\\/2020\\\/12\\\/Relaxar-Recarregar-e-Reconectar-Juliana-Affini-e-Patricia-Makhoul-J....jpg\",\"datePublished\":\"2020-12-03T20:11:03+00:00\",\"breadcrumb\":{\"@id\":\"https:\\\/\\\/regiaonews.net.br\\\/2022\\\/2020\\\/12\\\/03\\\/janelas-casacor-ribeirao-preto-integra-ambientes-aos-aspectos-da-cidade\\\/#breadcrumb\"},\"inLanguage\":\"pt-BR\",\"potentialAction\":[{\"@type\":\"ReadAction\",\"target\":[\"https:\\\/\\\/regiaonews.net.br\\\/2022\\\/2020\\\/12\\\/03\\\/janelas-casacor-ribeirao-preto-integra-ambientes-aos-aspectos-da-cidade\\\/\"]}]},{\"@type\":\"ImageObject\",\"inLanguage\":\"pt-BR\",\"@id\":\"https:\\\/\\\/regiaonews.net.br\\\/2022\\\/2020\\\/12\\\/03\\\/janelas-casacor-ribeirao-preto-integra-ambientes-aos-aspectos-da-cidade\\\/#primaryimage\",\"url\":\"https:\\\/\\\/regiaonews.net.br\\\/2022\\\/wp-content\\\/uploads\\\/2020\\\/12\\\/Relaxar-Recarregar-e-Reconectar-Juliana-Affini-e-Patricia-Makhoul-J....jpg\",\"contentUrl\":\"https:\\\/\\\/regiaonews.net.br\\\/2022\\\/wp-content\\\/uploads\\\/2020\\\/12\\\/Relaxar-Recarregar-e-Reconectar-Juliana-Affini-e-Patricia-Makhoul-J....jpg\",\"width\":1677,\"height\":1114},{\"@type\":\"BreadcrumbList\",\"@id\":\"https:\\\/\\\/regiaonews.net.br\\\/2022\\\/2020\\\/12\\\/03\\\/janelas-casacor-ribeirao-preto-integra-ambientes-aos-aspectos-da-cidade\\\/#breadcrumb\",\"itemListElement\":[{\"@type\":\"ListItem\",\"position\":1,\"name\":\"In\u00edcio\",\"item\":\"https:\\\/\\\/regiaonews.net.br\\\/2022\\\/\"},{\"@type\":\"ListItem\",\"position\":2,\"name\":\"JANELAS CASACOR Ribeir\u00e3o Preto integra ambientes aos aspectos da cidade\"}]},{\"@type\":\"WebSite\",\"@id\":\"https:\\\/\\\/regiaonews.net.br\\\/2022\\\/#website\",\"url\":\"https:\\\/\\\/regiaonews.net.br\\\/2022\\\/\",\"name\":\"Regi\u00e3o News\",\"description\":\"Site de Not\u00edcias de Barretos e regi\u00e3o\",\"publisher\":{\"@id\":\"https:\\\/\\\/regiaonews.net.br\\\/2022\\\/#organization\"},\"potentialAction\":[{\"@type\":\"SearchAction\",\"target\":{\"@type\":\"EntryPoint\",\"urlTemplate\":\"https:\\\/\\\/regiaonews.net.br\\\/2022\\\/?s={search_term_string}\"},\"query-input\":{\"@type\":\"PropertyValueSpecification\",\"valueRequired\":true,\"valueName\":\"search_term_string\"}}],\"inLanguage\":\"pt-BR\"},{\"@type\":\"Organization\",\"@id\":\"https:\\\/\\\/regiaonews.net.br\\\/2022\\\/#organization\",\"name\":\"Regi\u00e3o News\",\"url\":\"https:\\\/\\\/regiaonews.net.br\\\/2022\\\/\",\"logo\":{\"@type\":\"ImageObject\",\"inLanguage\":\"pt-BR\",\"@id\":\"https:\\\/\\\/regiaonews.net.br\\\/2022\\\/#\\\/schema\\\/logo\\\/image\\\/\",\"url\":\"https:\\\/\\\/regiaonews.net.br\\\/2022\\\/wp-content\\\/uploads\\\/2026\\\/03\\\/regiao-13-anos-scaled.jpg\",\"contentUrl\":\"https:\\\/\\\/regiaonews.net.br\\\/2022\\\/wp-content\\\/uploads\\\/2026\\\/03\\\/regiao-13-anos-scaled.jpg\",\"width\":2560,\"height\":635,\"caption\":\"Regi\u00e3o News\"},\"image\":{\"@id\":\"https:\\\/\\\/regiaonews.net.br\\\/2022\\\/#\\\/schema\\\/logo\\\/image\\\/\"}},{\"@type\":\"Person\",\"@id\":\"https:\\\/\\\/regiaonews.net.br\\\/2022\\\/#\\\/schema\\\/person\\\/2d205a608a5aa97ac279d7a5e6d89ad8\",\"name\":\"Roberto\",\"image\":{\"@type\":\"ImageObject\",\"inLanguage\":\"pt-BR\",\"@id\":\"https:\\\/\\\/secure.gravatar.com\\\/avatar\\\/42749d8b712ff9d59ca93dc150494e5b55a44134482993f5baeb97e61b7ecc89?s=96&d=mm&r=g\",\"url\":\"https:\\\/\\\/secure.gravatar.com\\\/avatar\\\/42749d8b712ff9d59ca93dc150494e5b55a44134482993f5baeb97e61b7ecc89?s=96&d=mm&r=g\",\"contentUrl\":\"https:\\\/\\\/secure.gravatar.com\\\/avatar\\\/42749d8b712ff9d59ca93dc150494e5b55a44134482993f5baeb97e61b7ecc89?s=96&d=mm&r=g\",\"caption\":\"Roberto\"},\"url\":\"https:\\\/\\\/regiaonews.net.br\\\/2022\\\/author\\\/roberto\\\/\"}]}<\/script>\n<!-- \/ Yoast SEO plugin. -->","yoast_head_json":{"title":"JANELAS CASACOR Ribeir\u00e3o Preto integra ambientes aos aspectos da cidade - Regi\u00e3o News","robots":{"index":"index","follow":"follow","max-snippet":"max-snippet:-1","max-image-preview":"max-image-preview:large","max-video-preview":"max-video-preview:-1"},"canonical":"https:\/\/regiaonews.net.br\/2022\/2020\/12\/03\/janelas-casacor-ribeirao-preto-integra-ambientes-aos-aspectos-da-cidade\/","og_locale":"pt_BR","og_type":"article","og_title":"JANELAS CASACOR Ribeir\u00e3o Preto integra ambientes aos aspectos da cidade - Regi\u00e3o News","og_description":"Projeto acontece na cidade at\u00e9 o dia 20 de dezembro,","og_url":"https:\/\/regiaonews.net.br\/2022\/2020\/12\/03\/janelas-casacor-ribeirao-preto-integra-ambientes-aos-aspectos-da-cidade\/","og_site_name":"Regi\u00e3o News","article_published_time":"2020-12-03T20:11:03+00:00","og_image":[{"width":1677,"height":1114,"url":"https:\/\/regiaonews.net.br\/2022\/wp-content\/uploads\/2020\/12\/Relaxar-Recarregar-e-Reconectar-Juliana-Affini-e-Patricia-Makhoul-J....jpg","type":"image\/jpeg"}],"author":"Roberto","twitter_card":"summary_large_image","twitter_misc":{"Escrito por":"Roberto","Est. tempo de leitura":"2 minutos"},"schema":{"@context":"https:\/\/schema.org","@graph":[{"@type":"Article","@id":"https:\/\/regiaonews.net.br\/2022\/2020\/12\/03\/janelas-casacor-ribeirao-preto-integra-ambientes-aos-aspectos-da-cidade\/#article","isPartOf":{"@id":"https:\/\/regiaonews.net.br\/2022\/2020\/12\/03\/janelas-casacor-ribeirao-preto-integra-ambientes-aos-aspectos-da-cidade\/"},"author":{"name":"Roberto","@id":"https:\/\/regiaonews.net.br\/2022\/#\/schema\/person\/2d205a608a5aa97ac279d7a5e6d89ad8"},"headline":"JANELAS CASACOR Ribeir\u00e3o Preto integra ambientes aos aspectos da cidade","datePublished":"2020-12-03T20:11:03+00:00","mainEntityOfPage":{"@id":"https:\/\/regiaonews.net.br\/2022\/2020\/12\/03\/janelas-casacor-ribeirao-preto-integra-ambientes-aos-aspectos-da-cidade\/"},"wordCount":453,"commentCount":0,"publisher":{"@id":"https:\/\/regiaonews.net.br\/2022\/#organization"},"image":{"@id":"https:\/\/regiaonews.net.br\/2022\/2020\/12\/03\/janelas-casacor-ribeirao-preto-integra-ambientes-aos-aspectos-da-cidade\/#primaryimage"},"thumbnailUrl":"https:\/\/regiaonews.net.br\/2022\/wp-content\/uploads\/2020\/12\/Relaxar-Recarregar-e-Reconectar-Juliana-Affini-e-Patricia-Makhoul-J....jpg","articleSection":["Cidades","Ribeir\u00e3o Preto"],"inLanguage":"pt-BR","potentialAction":[{"@type":"CommentAction","name":"Comment","target":["https:\/\/regiaonews.net.br\/2022\/2020\/12\/03\/janelas-casacor-ribeirao-preto-integra-ambientes-aos-aspectos-da-cidade\/#respond"]}]},{"@type":"WebPage","@id":"https:\/\/regiaonews.net.br\/2022\/2020\/12\/03\/janelas-casacor-ribeirao-preto-integra-ambientes-aos-aspectos-da-cidade\/","url":"https:\/\/regiaonews.net.br\/2022\/2020\/12\/03\/janelas-casacor-ribeirao-preto-integra-ambientes-aos-aspectos-da-cidade\/","name":"JANELAS CASACOR Ribeir\u00e3o Preto integra ambientes aos aspectos da cidade - Regi\u00e3o News","isPartOf":{"@id":"https:\/\/regiaonews.net.br\/2022\/#website"},"primaryImageOfPage":{"@id":"https:\/\/regiaonews.net.br\/2022\/2020\/12\/03\/janelas-casacor-ribeirao-preto-integra-ambientes-aos-aspectos-da-cidade\/#primaryimage"},"image":{"@id":"https:\/\/regiaonews.net.br\/2022\/2020\/12\/03\/janelas-casacor-ribeirao-preto-integra-ambientes-aos-aspectos-da-cidade\/#primaryimage"},"thumbnailUrl":"https:\/\/regiaonews.net.br\/2022\/wp-content\/uploads\/2020\/12\/Relaxar-Recarregar-e-Reconectar-Juliana-Affini-e-Patricia-Makhoul-J....jpg","datePublished":"2020-12-03T20:11:03+00:00","breadcrumb":{"@id":"https:\/\/regiaonews.net.br\/2022\/2020\/12\/03\/janelas-casacor-ribeirao-preto-integra-ambientes-aos-aspectos-da-cidade\/#breadcrumb"},"inLanguage":"pt-BR","potentialAction":[{"@type":"ReadAction","target":["https:\/\/regiaonews.net.br\/2022\/2020\/12\/03\/janelas-casacor-ribeirao-preto-integra-ambientes-aos-aspectos-da-cidade\/"]}]},{"@type":"ImageObject","inLanguage":"pt-BR","@id":"https:\/\/regiaonews.net.br\/2022\/2020\/12\/03\/janelas-casacor-ribeirao-preto-integra-ambientes-aos-aspectos-da-cidade\/#primaryimage","url":"https:\/\/regiaonews.net.br\/2022\/wp-content\/uploads\/2020\/12\/Relaxar-Recarregar-e-Reconectar-Juliana-Affini-e-Patricia-Makhoul-J....jpg","contentUrl":"https:\/\/regiaonews.net.br\/2022\/wp-content\/uploads\/2020\/12\/Relaxar-Recarregar-e-Reconectar-Juliana-Affini-e-Patricia-Makhoul-J....jpg","width":1677,"height":1114},{"@type":"BreadcrumbList","@id":"https:\/\/regiaonews.net.br\/2022\/2020\/12\/03\/janelas-casacor-ribeirao-preto-integra-ambientes-aos-aspectos-da-cidade\/#breadcrumb","itemListElement":[{"@type":"ListItem","position":1,"name":"In\u00edcio","item":"https:\/\/regiaonews.net.br\/2022\/"},{"@type":"ListItem","position":2,"name":"JANELAS CASACOR Ribeir\u00e3o Preto integra ambientes aos aspectos da cidade"}]},{"@type":"WebSite","@id":"https:\/\/regiaonews.net.br\/2022\/#website","url":"https:\/\/regiaonews.net.br\/2022\/","name":"Regi\u00e3o News","description":"Site de Not\u00edcias de Barretos e regi\u00e3o","publisher":{"@id":"https:\/\/regiaonews.net.br\/2022\/#organization"},"potentialAction":[{"@type":"SearchAction","target":{"@type":"EntryPoint","urlTemplate":"https:\/\/regiaonews.net.br\/2022\/?s={search_term_string}"},"query-input":{"@type":"PropertyValueSpecification","valueRequired":true,"valueName":"search_term_string"}}],"inLanguage":"pt-BR"},{"@type":"Organization","@id":"https:\/\/regiaonews.net.br\/2022\/#organization","name":"Regi\u00e3o News","url":"https:\/\/regiaonews.net.br\/2022\/","logo":{"@type":"ImageObject","inLanguage":"pt-BR","@id":"https:\/\/regiaonews.net.br\/2022\/#\/schema\/logo\/image\/","url":"https:\/\/regiaonews.net.br\/2022\/wp-content\/uploads\/2026\/03\/regiao-13-anos-scaled.jpg","contentUrl":"https:\/\/regiaonews.net.br\/2022\/wp-content\/uploads\/2026\/03\/regiao-13-anos-scaled.jpg","width":2560,"height":635,"caption":"Regi\u00e3o News"},"image":{"@id":"https:\/\/regiaonews.net.br\/2022\/#\/schema\/logo\/image\/"}},{"@type":"Person","@id":"https:\/\/regiaonews.net.br\/2022\/#\/schema\/person\/2d205a608a5aa97ac279d7a5e6d89ad8","name":"Roberto","image":{"@type":"ImageObject","inLanguage":"pt-BR","@id":"https:\/\/secure.gravatar.com\/avatar\/42749d8b712ff9d59ca93dc150494e5b55a44134482993f5baeb97e61b7ecc89?s=96&d=mm&r=g","url":"https:\/\/secure.gravatar.com\/avatar\/42749d8b712ff9d59ca93dc150494e5b55a44134482993f5baeb97e61b7ecc89?s=96&d=mm&r=g","contentUrl":"https:\/\/secure.gravatar.com\/avatar\/42749d8b712ff9d59ca93dc150494e5b55a44134482993f5baeb97e61b7ecc89?s=96&d=mm&r=g","caption":"Roberto"},"url":"https:\/\/regiaonews.net.br\/2022\/author\/roberto\/"}]}},"publishpress_future_action":{"enabled":false,"date":"2026-05-03 09:22:02","action":"change-status","newStatus":"draft","terms":[],"taxonomy":"category","extraData":[]},"publishpress_future_workflow_manual_trigger":{"enabledWorkflows":[]},"_links":{"self":[{"href":"https:\/\/regiaonews.net.br\/2022\/wp-json\/wp\/v2\/posts\/40342","targetHints":{"allow":["GET"]}}],"collection":[{"href":"https:\/\/regiaonews.net.br\/2022\/wp-json\/wp\/v2\/posts"}],"about":[{"href":"https:\/\/regiaonews.net.br\/2022\/wp-json\/wp\/v2\/types\/post"}],"author":[{"embeddable":true,"href":"https:\/\/regiaonews.net.br\/2022\/wp-json\/wp\/v2\/users\/2"}],"replies":[{"embeddable":true,"href":"https:\/\/regiaonews.net.br\/2022\/wp-json\/wp\/v2\/comments?post=40342"}],"version-history":[{"count":0,"href":"https:\/\/regiaonews.net.br\/2022\/wp-json\/wp\/v2\/posts\/40342\/revisions"}],"wp:featuredmedia":[{"embeddable":true,"href":"https:\/\/regiaonews.net.br\/2022\/wp-json\/wp\/v2\/media\/40344"}],"wp:attachment":[{"href":"https:\/\/regiaonews.net.br\/2022\/wp-json\/wp\/v2\/media?parent=40342"}],"wp:term":[{"taxonomy":"category","embeddable":true,"href":"https:\/\/regiaonews.net.br\/2022\/wp-json\/wp\/v2\/categories?post=40342"},{"taxonomy":"post_tag","embeddable":true,"href":"https:\/\/regiaonews.net.br\/2022\/wp-json\/wp\/v2\/tags?post=40342"}],"curies":[{"name":"wp","href":"https:\/\/api.w.org\/{rel}","templated":true}]}}