{"id":40325,"date":"2020-12-03T15:51:56","date_gmt":"2020-12-03T18:51:56","guid":{"rendered":"https:\/\/regiaonews.net.br\/2022\/?p=40325"},"modified":"2020-12-03T16:37:38","modified_gmt":"2020-12-03T19:37:38","slug":"policias-civil-e-militar-detem-14-pessoas-durante-operacao-para-combater-o-trafico-de-drogas","status":"publish","type":"post","link":"https:\/\/regiaonews.net.br\/2022\/2020\/12\/03\/policias-civil-e-militar-detem-14-pessoas-durante-operacao-para-combater-o-trafico-de-drogas\/","title":{"rendered":"Pol\u00edcias Civil e Militar det\u00e9m 14 pessoas durante opera\u00e7\u00e3o para combater o tr\u00e1fico de drogas"},"content":{"rendered":"<p><a href=\"https:\/\/regiaonews.net.br\/2022\/wp-content\/uploads\/2020\/12\/00043334.jpeg\"><img loading=\"lazy\" decoding=\"async\" class=\"alignnone size-medium wp-image-40326\" src=\"https:\/\/regiaonews.net.br\/2022\/wp-content\/uploads\/2020\/12\/00043334-300x137.jpeg\" alt=\"\" width=\"300\" height=\"137\" \/><\/a><\/p>\n<div>\n<p class=\"titulopreto ng-binding\">Nomeada de &#8220;Jingle Bells&#8221;, a\u00e7\u00e3o foi realizada em Bebedouro e contou com a mobiliza\u00e7\u00e3o de 140 agentes<\/p>\n<p>&nbsp;<\/p>\n<h2 class=\"titulopreto ng-binding\"><\/h2>\n<p>&nbsp;<\/p>\n<\/div>\n<div id=\"notCorpo\" class=\"ng-binding\">\n<div>As pol\u00edcias Civil e Militar prenderam 14 pessoas, na manh\u00e3 desta quinta-feira (03), durante a opera\u00e7\u00e3o &#8220;Jingle Bells&#8221;, deflagrada para combater o t\u00e1fico e associa\u00e7\u00e3o ao tr\u00e1fico de drogas na cidade de Bebedouro, na regi\u00e3o de Ribeir\u00e3o Preto &#8211;\u00a0 interior do Estado.<\/div>\n<div><\/div>\n<div>Os trabalhos de hoje s\u00e3o resultado de uma apura\u00e7\u00e3o coordenada pela Delegacia de Investiga\u00e7\u00f5es sobre Entorpecentes (Dise) do munic\u00edpio, possibilitando que 25 mandados de pris\u00e3o e 36 de buscas e apreens\u00e3o fossem expedidos pela Justi\u00e7a.<\/div>\n<div><\/div>\n<div>De posse das ordens judiciais, 140 policiais civis e militares sa\u00edram \u00e0 campo para cumprir as ordens judiciais, o que permitiu deter 14 investigados e apreender diversos tipos de drogas, como maconha, coca\u00edna, crack e ecstasy, bem como R$ 27.564 em esp\u00e9cie, muni\u00e7\u00f5es, anota\u00e7\u00f5es, celulares, entre outros objetos.<\/div>\n<div><\/div>\n<div><img decoding=\"async\" src=\"https:\/\/www.ssp.sp.gov.br\/midia\/Imagem\/D00043333.jpeg\" \/><\/div>\n<div><\/div>\n<div>Do total de mandados de pris\u00e3o expedidos, quatro foram cumpridos dentro de unidades prisionais porque os investigados j\u00e1 se encontravam detidos por outros delitos. Al\u00e9m disto, quatro investigados tamb\u00e9m foram presos em flagrante pelos crimes de tr\u00e1fico de drogas e posse ilegal de muni\u00e7\u00f5es.<\/div>\n<div><\/div>\n<div>Todos os detidos foram encaminhados para Cadeias P\u00fablicas da regi\u00e3o. Essa foi a maior opera\u00e7\u00e3o para combater este tipo de crime j\u00e1 realizada na regi\u00e3o de Bebedouro, contando com apoio de diversas Seccionais de Pol\u00edcia e da Divis\u00e3o Especializada de Investiga\u00e7\u00f5es Criminais (Deic) de Ribeir\u00e3o Preto.<\/div>\n<\/div>\n","protected":false},"excerpt":{"rendered":"<p>Nomeada de &#8220;Jingle Bells&#8221;, a\u00e7\u00e3o foi realizada em Bebedouro e<\/p>\n","protected":false},"author":2,"featured_media":40326,"comment_status":"open","ping_status":"open","sticky":false,"template":"","format":"standard","meta":{"footnotes":""},"categories":[4,25,30],"tags":[],"class_list":["post-40325","post","type-post","status-publish","format-standard","has-post-thumbnail","hentry","category-bebedouro","category-cidades","category-regiao"],"yoast_head":"<!-- This site is optimized with the Yoast SEO plugin v27.4 - https:\/\/yoast.com\/product\/yoast-seo-wordpress\/ -->\n<title>Pol\u00edcias Civil e Militar det\u00e9m 14 pessoas durante opera\u00e7\u00e3o para combater o tr\u00e1fico de drogas - Regi\u00e3o News<\/title>\n<meta name=\"robots\" content=\"index, follow, max-snippet:-1, max-image-preview:large, max-video-preview:-1\" \/>\n<link rel=\"canonical\" href=\"https:\/\/regiaonews.net.br\/2022\/2020\/12\/03\/policias-civil-e-militar-detem-14-pessoas-durante-operacao-para-combater-o-trafico-de-drogas\/\" \/>\n<meta property=\"og:locale\" content=\"pt_BR\" \/>\n<meta property=\"og:type\" content=\"article\" \/>\n<meta property=\"og:title\" content=\"Pol\u00edcias Civil e Militar det\u00e9m 14 pessoas durante opera\u00e7\u00e3o para combater o tr\u00e1fico de drogas - Regi\u00e3o News\" \/>\n<meta property=\"og:description\" content=\"Nomeada de &#8220;Jingle Bells&#8221;, a\u00e7\u00e3o foi realizada em Bebedouro e\" \/>\n<meta property=\"og:url\" content=\"https:\/\/regiaonews.net.br\/2022\/2020\/12\/03\/policias-civil-e-militar-detem-14-pessoas-durante-operacao-para-combater-o-trafico-de-drogas\/\" \/>\n<meta property=\"og:site_name\" content=\"Regi\u00e3o News\" \/>\n<meta property=\"article:published_time\" content=\"2020-12-03T18:51:56+00:00\" \/>\n<meta property=\"article:modified_time\" content=\"2020-12-03T19:37:38+00:00\" \/>\n<meta property=\"og:image\" content=\"https:\/\/regiaonews.net.br\/2022\/wp-content\/uploads\/2020\/12\/00043334.jpeg\" \/>\n\t<meta property=\"og:image:width\" content=\"1000\" \/>\n\t<meta property=\"og:image:height\" content=\"456\" \/>\n\t<meta property=\"og:image:type\" content=\"image\/jpeg\" \/>\n<meta name=\"author\" content=\"Roberto\" \/>\n<meta name=\"twitter:card\" content=\"summary_large_image\" \/>\n<meta name=\"twitter:label1\" content=\"Escrito por\" \/>\n\t<meta name=\"twitter:data1\" content=\"Roberto\" \/>\n\t<meta name=\"twitter:label2\" content=\"Est. tempo de leitura\" \/>\n\t<meta name=\"twitter:data2\" content=\"1 minuto\" \/>\n<script type=\"application\/ld+json\" class=\"yoast-schema-graph\">{\"@context\":\"https:\\\/\\\/schema.org\",\"@graph\":[{\"@type\":\"Article\",\"@id\":\"https:\\\/\\\/regiaonews.net.br\\\/2022\\\/2020\\\/12\\\/03\\\/policias-civil-e-militar-detem-14-pessoas-durante-operacao-para-combater-o-trafico-de-drogas\\\/#article\",\"isPartOf\":{\"@id\":\"https:\\\/\\\/regiaonews.net.br\\\/2022\\\/2020\\\/12\\\/03\\\/policias-civil-e-militar-detem-14-pessoas-durante-operacao-para-combater-o-trafico-de-drogas\\\/\"},\"author\":{\"name\":\"Roberto\",\"@id\":\"https:\\\/\\\/regiaonews.net.br\\\/2022\\\/#\\\/schema\\\/person\\\/2d205a608a5aa97ac279d7a5e6d89ad8\"},\"headline\":\"Pol\u00edcias Civil e Militar det\u00e9m 14 pessoas durante opera\u00e7\u00e3o para combater o tr\u00e1fico de drogas\",\"datePublished\":\"2020-12-03T18:51:56+00:00\",\"dateModified\":\"2020-12-03T19:37:38+00:00\",\"mainEntityOfPage\":{\"@id\":\"https:\\\/\\\/regiaonews.net.br\\\/2022\\\/2020\\\/12\\\/03\\\/policias-civil-e-militar-detem-14-pessoas-durante-operacao-para-combater-o-trafico-de-drogas\\\/\"},\"wordCount\":277,\"commentCount\":0,\"publisher\":{\"@id\":\"https:\\\/\\\/regiaonews.net.br\\\/2022\\\/#organization\"},\"image\":{\"@id\":\"https:\\\/\\\/regiaonews.net.br\\\/2022\\\/2020\\\/12\\\/03\\\/policias-civil-e-militar-detem-14-pessoas-durante-operacao-para-combater-o-trafico-de-drogas\\\/#primaryimage\"},\"thumbnailUrl\":\"https:\\\/\\\/regiaonews.net.br\\\/2022\\\/wp-content\\\/uploads\\\/2020\\\/12\\\/00043334.jpeg\",\"articleSection\":[\"Bebedouro\",\"Cidades\",\"Regi\u00e3o\"],\"inLanguage\":\"pt-BR\",\"potentialAction\":[{\"@type\":\"CommentAction\",\"name\":\"Comment\",\"target\":[\"https:\\\/\\\/regiaonews.net.br\\\/2022\\\/2020\\\/12\\\/03\\\/policias-civil-e-militar-detem-14-pessoas-durante-operacao-para-combater-o-trafico-de-drogas\\\/#respond\"]}]},{\"@type\":\"WebPage\",\"@id\":\"https:\\\/\\\/regiaonews.net.br\\\/2022\\\/2020\\\/12\\\/03\\\/policias-civil-e-militar-detem-14-pessoas-durante-operacao-para-combater-o-trafico-de-drogas\\\/\",\"url\":\"https:\\\/\\\/regiaonews.net.br\\\/2022\\\/2020\\\/12\\\/03\\\/policias-civil-e-militar-detem-14-pessoas-durante-operacao-para-combater-o-trafico-de-drogas\\\/\",\"name\":\"Pol\u00edcias Civil e Militar det\u00e9m 14 pessoas durante opera\u00e7\u00e3o para combater o tr\u00e1fico de drogas - Regi\u00e3o News\",\"isPartOf\":{\"@id\":\"https:\\\/\\\/regiaonews.net.br\\\/2022\\\/#website\"},\"primaryImageOfPage\":{\"@id\":\"https:\\\/\\\/regiaonews.net.br\\\/2022\\\/2020\\\/12\\\/03\\\/policias-civil-e-militar-detem-14-pessoas-durante-operacao-para-combater-o-trafico-de-drogas\\\/#primaryimage\"},\"image\":{\"@id\":\"https:\\\/\\\/regiaonews.net.br\\\/2022\\\/2020\\\/12\\\/03\\\/policias-civil-e-militar-detem-14-pessoas-durante-operacao-para-combater-o-trafico-de-drogas\\\/#primaryimage\"},\"thumbnailUrl\":\"https:\\\/\\\/regiaonews.net.br\\\/2022\\\/wp-content\\\/uploads\\\/2020\\\/12\\\/00043334.jpeg\",\"datePublished\":\"2020-12-03T18:51:56+00:00\",\"dateModified\":\"2020-12-03T19:37:38+00:00\",\"breadcrumb\":{\"@id\":\"https:\\\/\\\/regiaonews.net.br\\\/2022\\\/2020\\\/12\\\/03\\\/policias-civil-e-militar-detem-14-pessoas-durante-operacao-para-combater-o-trafico-de-drogas\\\/#breadcrumb\"},\"inLanguage\":\"pt-BR\",\"potentialAction\":[{\"@type\":\"ReadAction\",\"target\":[\"https:\\\/\\\/regiaonews.net.br\\\/2022\\\/2020\\\/12\\\/03\\\/policias-civil-e-militar-detem-14-pessoas-durante-operacao-para-combater-o-trafico-de-drogas\\\/\"]}]},{\"@type\":\"ImageObject\",\"inLanguage\":\"pt-BR\",\"@id\":\"https:\\\/\\\/regiaonews.net.br\\\/2022\\\/2020\\\/12\\\/03\\\/policias-civil-e-militar-detem-14-pessoas-durante-operacao-para-combater-o-trafico-de-drogas\\\/#primaryimage\",\"url\":\"https:\\\/\\\/regiaonews.net.br\\\/2022\\\/wp-content\\\/uploads\\\/2020\\\/12\\\/00043334.jpeg\",\"contentUrl\":\"https:\\\/\\\/regiaonews.net.br\\\/2022\\\/wp-content\\\/uploads\\\/2020\\\/12\\\/00043334.jpeg\",\"width\":1000,\"height\":456},{\"@type\":\"BreadcrumbList\",\"@id\":\"https:\\\/\\\/regiaonews.net.br\\\/2022\\\/2020\\\/12\\\/03\\\/policias-civil-e-militar-detem-14-pessoas-durante-operacao-para-combater-o-trafico-de-drogas\\\/#breadcrumb\",\"itemListElement\":[{\"@type\":\"ListItem\",\"position\":1,\"name\":\"In\u00edcio\",\"item\":\"https:\\\/\\\/regiaonews.net.br\\\/2022\\\/\"},{\"@type\":\"ListItem\",\"position\":2,\"name\":\"Pol\u00edcias Civil e Militar det\u00e9m 14 pessoas durante opera\u00e7\u00e3o para combater o tr\u00e1fico de drogas\"}]},{\"@type\":\"WebSite\",\"@id\":\"https:\\\/\\\/regiaonews.net.br\\\/2022\\\/#website\",\"url\":\"https:\\\/\\\/regiaonews.net.br\\\/2022\\\/\",\"name\":\"Regi\u00e3o News\",\"description\":\"Site de Not\u00edcias de Barretos e regi\u00e3o\",\"publisher\":{\"@id\":\"https:\\\/\\\/regiaonews.net.br\\\/2022\\\/#organization\"},\"potentialAction\":[{\"@type\":\"SearchAction\",\"target\":{\"@type\":\"EntryPoint\",\"urlTemplate\":\"https:\\\/\\\/regiaonews.net.br\\\/2022\\\/?s={search_term_string}\"},\"query-input\":{\"@type\":\"PropertyValueSpecification\",\"valueRequired\":true,\"valueName\":\"search_term_string\"}}],\"inLanguage\":\"pt-BR\"},{\"@type\":\"Organization\",\"@id\":\"https:\\\/\\\/regiaonews.net.br\\\/2022\\\/#organization\",\"name\":\"Regi\u00e3o News\",\"url\":\"https:\\\/\\\/regiaonews.net.br\\\/2022\\\/\",\"logo\":{\"@type\":\"ImageObject\",\"inLanguage\":\"pt-BR\",\"@id\":\"https:\\\/\\\/regiaonews.net.br\\\/2022\\\/#\\\/schema\\\/logo\\\/image\\\/\",\"url\":\"https:\\\/\\\/regiaonews.net.br\\\/2022\\\/wp-content\\\/uploads\\\/2026\\\/03\\\/regiao-13-anos-scaled.jpg\",\"contentUrl\":\"https:\\\/\\\/regiaonews.net.br\\\/2022\\\/wp-content\\\/uploads\\\/2026\\\/03\\\/regiao-13-anos-scaled.jpg\",\"width\":2560,\"height\":635,\"caption\":\"Regi\u00e3o News\"},\"image\":{\"@id\":\"https:\\\/\\\/regiaonews.net.br\\\/2022\\\/#\\\/schema\\\/logo\\\/image\\\/\"}},{\"@type\":\"Person\",\"@id\":\"https:\\\/\\\/regiaonews.net.br\\\/2022\\\/#\\\/schema\\\/person\\\/2d205a608a5aa97ac279d7a5e6d89ad8\",\"name\":\"Roberto\",\"image\":{\"@type\":\"ImageObject\",\"inLanguage\":\"pt-BR\",\"@id\":\"https:\\\/\\\/secure.gravatar.com\\\/avatar\\\/42749d8b712ff9d59ca93dc150494e5b55a44134482993f5baeb97e61b7ecc89?s=96&d=mm&r=g\",\"url\":\"https:\\\/\\\/secure.gravatar.com\\\/avatar\\\/42749d8b712ff9d59ca93dc150494e5b55a44134482993f5baeb97e61b7ecc89?s=96&d=mm&r=g\",\"contentUrl\":\"https:\\\/\\\/secure.gravatar.com\\\/avatar\\\/42749d8b712ff9d59ca93dc150494e5b55a44134482993f5baeb97e61b7ecc89?s=96&d=mm&r=g\",\"caption\":\"Roberto\"},\"url\":\"https:\\\/\\\/regiaonews.net.br\\\/2022\\\/author\\\/roberto\\\/\"}]}<\/script>\n<!-- \/ Yoast SEO plugin. -->","yoast_head_json":{"title":"Pol\u00edcias Civil e Militar det\u00e9m 14 pessoas durante opera\u00e7\u00e3o para combater o tr\u00e1fico de drogas - Regi\u00e3o News","robots":{"index":"index","follow":"follow","max-snippet":"max-snippet:-1","max-image-preview":"max-image-preview:large","max-video-preview":"max-video-preview:-1"},"canonical":"https:\/\/regiaonews.net.br\/2022\/2020\/12\/03\/policias-civil-e-militar-detem-14-pessoas-durante-operacao-para-combater-o-trafico-de-drogas\/","og_locale":"pt_BR","og_type":"article","og_title":"Pol\u00edcias Civil e Militar det\u00e9m 14 pessoas durante opera\u00e7\u00e3o para combater o tr\u00e1fico de drogas - Regi\u00e3o News","og_description":"Nomeada de &#8220;Jingle Bells&#8221;, a\u00e7\u00e3o foi realizada em Bebedouro e","og_url":"https:\/\/regiaonews.net.br\/2022\/2020\/12\/03\/policias-civil-e-militar-detem-14-pessoas-durante-operacao-para-combater-o-trafico-de-drogas\/","og_site_name":"Regi\u00e3o News","article_published_time":"2020-12-03T18:51:56+00:00","article_modified_time":"2020-12-03T19:37:38+00:00","og_image":[{"width":1000,"height":456,"url":"https:\/\/regiaonews.net.br\/2022\/wp-content\/uploads\/2020\/12\/00043334.jpeg","type":"image\/jpeg"}],"author":"Roberto","twitter_card":"summary_large_image","twitter_misc":{"Escrito por":"Roberto","Est. tempo de leitura":"1 minuto"},"schema":{"@context":"https:\/\/schema.org","@graph":[{"@type":"Article","@id":"https:\/\/regiaonews.net.br\/2022\/2020\/12\/03\/policias-civil-e-militar-detem-14-pessoas-durante-operacao-para-combater-o-trafico-de-drogas\/#article","isPartOf":{"@id":"https:\/\/regiaonews.net.br\/2022\/2020\/12\/03\/policias-civil-e-militar-detem-14-pessoas-durante-operacao-para-combater-o-trafico-de-drogas\/"},"author":{"name":"Roberto","@id":"https:\/\/regiaonews.net.br\/2022\/#\/schema\/person\/2d205a608a5aa97ac279d7a5e6d89ad8"},"headline":"Pol\u00edcias Civil e Militar det\u00e9m 14 pessoas durante opera\u00e7\u00e3o para combater o tr\u00e1fico de drogas","datePublished":"2020-12-03T18:51:56+00:00","dateModified":"2020-12-03T19:37:38+00:00","mainEntityOfPage":{"@id":"https:\/\/regiaonews.net.br\/2022\/2020\/12\/03\/policias-civil-e-militar-detem-14-pessoas-durante-operacao-para-combater-o-trafico-de-drogas\/"},"wordCount":277,"commentCount":0,"publisher":{"@id":"https:\/\/regiaonews.net.br\/2022\/#organization"},"image":{"@id":"https:\/\/regiaonews.net.br\/2022\/2020\/12\/03\/policias-civil-e-militar-detem-14-pessoas-durante-operacao-para-combater-o-trafico-de-drogas\/#primaryimage"},"thumbnailUrl":"https:\/\/regiaonews.net.br\/2022\/wp-content\/uploads\/2020\/12\/00043334.jpeg","articleSection":["Bebedouro","Cidades","Regi\u00e3o"],"inLanguage":"pt-BR","potentialAction":[{"@type":"CommentAction","name":"Comment","target":["https:\/\/regiaonews.net.br\/2022\/2020\/12\/03\/policias-civil-e-militar-detem-14-pessoas-durante-operacao-para-combater-o-trafico-de-drogas\/#respond"]}]},{"@type":"WebPage","@id":"https:\/\/regiaonews.net.br\/2022\/2020\/12\/03\/policias-civil-e-militar-detem-14-pessoas-durante-operacao-para-combater-o-trafico-de-drogas\/","url":"https:\/\/regiaonews.net.br\/2022\/2020\/12\/03\/policias-civil-e-militar-detem-14-pessoas-durante-operacao-para-combater-o-trafico-de-drogas\/","name":"Pol\u00edcias Civil e Militar det\u00e9m 14 pessoas durante opera\u00e7\u00e3o para combater o tr\u00e1fico de drogas - Regi\u00e3o News","isPartOf":{"@id":"https:\/\/regiaonews.net.br\/2022\/#website"},"primaryImageOfPage":{"@id":"https:\/\/regiaonews.net.br\/2022\/2020\/12\/03\/policias-civil-e-militar-detem-14-pessoas-durante-operacao-para-combater-o-trafico-de-drogas\/#primaryimage"},"image":{"@id":"https:\/\/regiaonews.net.br\/2022\/2020\/12\/03\/policias-civil-e-militar-detem-14-pessoas-durante-operacao-para-combater-o-trafico-de-drogas\/#primaryimage"},"thumbnailUrl":"https:\/\/regiaonews.net.br\/2022\/wp-content\/uploads\/2020\/12\/00043334.jpeg","datePublished":"2020-12-03T18:51:56+00:00","dateModified":"2020-12-03T19:37:38+00:00","breadcrumb":{"@id":"https:\/\/regiaonews.net.br\/2022\/2020\/12\/03\/policias-civil-e-militar-detem-14-pessoas-durante-operacao-para-combater-o-trafico-de-drogas\/#breadcrumb"},"inLanguage":"pt-BR","potentialAction":[{"@type":"ReadAction","target":["https:\/\/regiaonews.net.br\/2022\/2020\/12\/03\/policias-civil-e-militar-detem-14-pessoas-durante-operacao-para-combater-o-trafico-de-drogas\/"]}]},{"@type":"ImageObject","inLanguage":"pt-BR","@id":"https:\/\/regiaonews.net.br\/2022\/2020\/12\/03\/policias-civil-e-militar-detem-14-pessoas-durante-operacao-para-combater-o-trafico-de-drogas\/#primaryimage","url":"https:\/\/regiaonews.net.br\/2022\/wp-content\/uploads\/2020\/12\/00043334.jpeg","contentUrl":"https:\/\/regiaonews.net.br\/2022\/wp-content\/uploads\/2020\/12\/00043334.jpeg","width":1000,"height":456},{"@type":"BreadcrumbList","@id":"https:\/\/regiaonews.net.br\/2022\/2020\/12\/03\/policias-civil-e-militar-detem-14-pessoas-durante-operacao-para-combater-o-trafico-de-drogas\/#breadcrumb","itemListElement":[{"@type":"ListItem","position":1,"name":"In\u00edcio","item":"https:\/\/regiaonews.net.br\/2022\/"},{"@type":"ListItem","position":2,"name":"Pol\u00edcias Civil e Militar det\u00e9m 14 pessoas durante opera\u00e7\u00e3o para combater o tr\u00e1fico de drogas"}]},{"@type":"WebSite","@id":"https:\/\/regiaonews.net.br\/2022\/#website","url":"https:\/\/regiaonews.net.br\/2022\/","name":"Regi\u00e3o News","description":"Site de Not\u00edcias de Barretos e regi\u00e3o","publisher":{"@id":"https:\/\/regiaonews.net.br\/2022\/#organization"},"potentialAction":[{"@type":"SearchAction","target":{"@type":"EntryPoint","urlTemplate":"https:\/\/regiaonews.net.br\/2022\/?s={search_term_string}"},"query-input":{"@type":"PropertyValueSpecification","valueRequired":true,"valueName":"search_term_string"}}],"inLanguage":"pt-BR"},{"@type":"Organization","@id":"https:\/\/regiaonews.net.br\/2022\/#organization","name":"Regi\u00e3o News","url":"https:\/\/regiaonews.net.br\/2022\/","logo":{"@type":"ImageObject","inLanguage":"pt-BR","@id":"https:\/\/regiaonews.net.br\/2022\/#\/schema\/logo\/image\/","url":"https:\/\/regiaonews.net.br\/2022\/wp-content\/uploads\/2026\/03\/regiao-13-anos-scaled.jpg","contentUrl":"https:\/\/regiaonews.net.br\/2022\/wp-content\/uploads\/2026\/03\/regiao-13-anos-scaled.jpg","width":2560,"height":635,"caption":"Regi\u00e3o News"},"image":{"@id":"https:\/\/regiaonews.net.br\/2022\/#\/schema\/logo\/image\/"}},{"@type":"Person","@id":"https:\/\/regiaonews.net.br\/2022\/#\/schema\/person\/2d205a608a5aa97ac279d7a5e6d89ad8","name":"Roberto","image":{"@type":"ImageObject","inLanguage":"pt-BR","@id":"https:\/\/secure.gravatar.com\/avatar\/42749d8b712ff9d59ca93dc150494e5b55a44134482993f5baeb97e61b7ecc89?s=96&d=mm&r=g","url":"https:\/\/secure.gravatar.com\/avatar\/42749d8b712ff9d59ca93dc150494e5b55a44134482993f5baeb97e61b7ecc89?s=96&d=mm&r=g","contentUrl":"https:\/\/secure.gravatar.com\/avatar\/42749d8b712ff9d59ca93dc150494e5b55a44134482993f5baeb97e61b7ecc89?s=96&d=mm&r=g","caption":"Roberto"},"url":"https:\/\/regiaonews.net.br\/2022\/author\/roberto\/"}]}},"publishpress_future_action":{"enabled":false,"date":"2026-05-03 09:21:27","action":"change-status","newStatus":"draft","terms":[],"taxonomy":"category","extraData":[]},"publishpress_future_workflow_manual_trigger":{"enabledWorkflows":[]},"_links":{"self":[{"href":"https:\/\/regiaonews.net.br\/2022\/wp-json\/wp\/v2\/posts\/40325","targetHints":{"allow":["GET"]}}],"collection":[{"href":"https:\/\/regiaonews.net.br\/2022\/wp-json\/wp\/v2\/posts"}],"about":[{"href":"https:\/\/regiaonews.net.br\/2022\/wp-json\/wp\/v2\/types\/post"}],"author":[{"embeddable":true,"href":"https:\/\/regiaonews.net.br\/2022\/wp-json\/wp\/v2\/users\/2"}],"replies":[{"embeddable":true,"href":"https:\/\/regiaonews.net.br\/2022\/wp-json\/wp\/v2\/comments?post=40325"}],"version-history":[{"count":0,"href":"https:\/\/regiaonews.net.br\/2022\/wp-json\/wp\/v2\/posts\/40325\/revisions"}],"wp:featuredmedia":[{"embeddable":true,"href":"https:\/\/regiaonews.net.br\/2022\/wp-json\/wp\/v2\/media\/40326"}],"wp:attachment":[{"href":"https:\/\/regiaonews.net.br\/2022\/wp-json\/wp\/v2\/media?parent=40325"}],"wp:term":[{"taxonomy":"category","embeddable":true,"href":"https:\/\/regiaonews.net.br\/2022\/wp-json\/wp\/v2\/categories?post=40325"},{"taxonomy":"post_tag","embeddable":true,"href":"https:\/\/regiaonews.net.br\/2022\/wp-json\/wp\/v2\/tags?post=40325"}],"curies":[{"name":"wp","href":"https:\/\/api.w.org\/{rel}","templated":true}]}}