{"id":40297,"date":"2020-12-03T08:29:51","date_gmt":"2020-12-03T11:29:51","guid":{"rendered":"https:\/\/regiaonews.net.br\/2022\/?p=40297"},"modified":"2020-12-03T08:29:51","modified_gmt":"2020-12-03T11:29:51","slug":"consumidor-vai-arcar-com-r-198-bilhoes-em-2021-na-conta-de-luz","status":"publish","type":"post","link":"https:\/\/regiaonews.net.br\/2022\/2020\/12\/03\/consumidor-vai-arcar-com-r-198-bilhoes-em-2021-na-conta-de-luz\/","title":{"rendered":"Consumidor vai arcar com R$ 19,8 bilh\u00f5es em 2021 na conta de luz"},"content":{"rendered":"<div class=\"content-materia\">\n<div class=\"wrapper\">\n<section class=\"body-content-cb\">\n<article class=\"article\"><a href=\"https:\/\/regiaonews.net.br\/2022\/wp-content\/uploads\/2020\/12\/cbnfot210820171729-6429371.jpg\"><img loading=\"lazy\" decoding=\"async\" class=\"alignnone size-medium wp-image-40298\" src=\"https:\/\/regiaonews.net.br\/2022\/wp-content\/uploads\/2020\/12\/cbnfot210820171729-6429371-300x176.jpg\" alt=\"\" width=\"300\" height=\"176\" \/><\/a><\/p>\n<p class=\"texto\">O consumidor brasileiro vai pagar R$ 19,8 bilh\u00f5es em subs\u00eddios embutidos nas faturas de energia ao longo de 2021, pelos c\u00e1lculos da Ag\u00eancia Nacional de Energia El\u00e9trica (Aneel). O \u00f3rg\u00e3o colocou em consulta p\u00fablica o or\u00e7amento da Conta de Desenvolvimento Energ\u00e9tico (CDE), que engloba os principais encargos e subs\u00eddios do setor el\u00e9trico. Junto com os impostos, esses penduricalhos representam 48% da fatura. O valor da CDE, que, em 2020, foi de R$ 21,9 bilh\u00f5es, ser\u00e1 de R$ 24,1 bilh\u00f5es no ano que vem. Por\u00e9m, a eleva\u00e7\u00e3o da fatura come\u00e7ou em dezembro, porque a ag\u00eancia reativou o sistema de bandeiras tarif\u00e1rias, que estava suspenso por conta da pandemia, e\u00a0<a href=\"https:\/\/www.correiobraziliense.com.br\/economia\/2020\/12\/4892556-conta-de-luz-pressiona-o-aumento-da-inflacao-no-fim-do-ano.html\" target=\"_blank\" rel=\"noopener noreferrer\">acionou a sinaliza\u00e7\u00e3o vermelha no patamar 2, com cobran\u00e7a extra de R$ 6,243 a cada 100 quilowatts-hora consumidos<\/a>.<\/p>\n<div id=\"cb-publicidade-retangulo-interna\" class=\"pub-ret\" data-google-query-id=\"COHprdfZse0CFZkzuQYdMbkKQQ\">\n<div id=\"google_ads_iframe_\/6887\/portal-correioweb\/correiobraziliense-com-br\/economia\/interna_2__container__\"><\/div>\n<\/div>\n<p class=\"texto\">Embora o or\u00e7amento previsto da CDE seja de R$ 24,1 bilh\u00f5es para 2021, ao retirar o montante referente aos principais encargosa, o valor dos subs\u00eddios, de R$ 19,8 bilh\u00f5es, representa redu\u00e7\u00e3o de 1% na compara\u00e7\u00e3o com o total pago pelos clientes neste ano, segundo a Aneel. Em rela\u00e7\u00e3o aos valores de 2020, houve redu\u00e7\u00e3o de 1,4% na previs\u00e3o do custo das cotas anuais da CDE, o equivalente a R$ 273 milh\u00f5es. \u201cA redu\u00e7\u00e3o dessas cotas n\u00e3o acontecia desde 2017. Ocorreu em fun\u00e7\u00e3o da Medida Provis\u00f3ria n\u00ba 998\/2020, que definiu nova fonte de receita para a CDE, utilizando recursos dos Programas de Pesquisa e Desenvolvimento (P&amp;D) e Efici\u00eancia Energ\u00e9tica (EE) n\u00e3o executados ou comprometidos\u201d, informou o \u00f3rg\u00e3o.<\/p>\n<p class=\"texto\">O presidente do Instituto Acende Brasil, Claudio Sales, explicou que, embora ambos tenham impacto na conta de luz dos consumidores, subs\u00eddios e bandeiras s\u00e3o coisas distintas. \u201cA bandeira sempre foi paga, com juros e corre\u00e7\u00e3o monet\u00e1ria, porque, no anivers\u00e1rio da distribuidora, vinha no aumento autorizado de tarifa\u201d, disse. A bandeira indica o custo da energia. \u201cModelos computacionais que simulam o sistema dizem, em fun\u00e7\u00e3o da demanda daquele momento, qual a ordem de acionamento das usinas. E vai ordenando do mais barato para o mais caro\u201d, esclareceu.<\/p>\n<div class=\"teads-adCall\"><\/div>\n<p class=\"texto\">As fontes mais baratas s\u00e3o hidrel\u00e9trica, e\u00f3lica e solar. Por\u00e9m, quando os reservat\u00f3rios est\u00e3o em n\u00edveis cr\u00edticos, as termel\u00e9tricas s\u00e3o acionadas, dependendo do combust\u00edvel \u2014 carv\u00e3o, \u00f3leo diesel, \u00f3leo combust\u00edvel e g\u00e1s natural \u2014, sempre do mais barato para o mais caro. \u201cO custo da fonte muda. Antes, ficava represado na distribuidora, que, hoje, pelo aumento da demanda e sem constru\u00e7\u00e3o de grandes reservat\u00f3rios, n\u00e3o t\u00eam caixa para bancar. Ent\u00e3o, as bandeiras indicam qual a condi\u00e7\u00e3o de gera\u00e7\u00e3o\u201d, ressaltou. \u201cO acionamento das bandeiras foi uma medida prudente. Sem isso, haveria press\u00e3o sobre o caixa das empresas e os consumidores receberiam esses custos no ano que vem, com juros e corre\u00e7\u00e3o, sem terem tido a chance de controlar seu consumo.\u201d<\/p>\n<p class=\"texto\">Al\u00e9m do custo da energia, tributos e encargos representam 48% da fatura que o consumidor paga todos os meses para ter eletricidade em casa, segundo estudo do Instituto Acende Brasil, em parceria com a PwC. \u201cA CDE \u00e9 um superencargo, por isso \u00e9 feito um or\u00e7amento anual. Em 2019, foram 20,2 bilh\u00f5es, em 2020, quase R$ 22 bilh\u00f5es\u201d, lembrou o presidente do instituto. Segundo ele, s\u00e3o v\u00e1rios subs\u00eddios. \u201c\u00c9 um modelo perverso, porque, ao ser rateada, a CDE atinge os mais carentes. Como a maior parte da popula\u00e7\u00e3o brasileira \u00e9 de baixa renda, a fatura de energia tem um peso alto no or\u00e7amento\u201d, disse.<\/p>\n<div id=\"cb-publicidade-retangulo-interna-2\" class=\"pub-ret\"><\/div>\n<h3><strong>A \u201cdor\u201d no bolso do cidad\u00e3o<\/strong><\/h3>\n<p class=\"texto\">Veja os principais subs\u00eddios que voc\u00ea paga na conta de energia. A Conta de Desenvolvimento Energ\u00e9tico (CDE) engloba os principais encargos do setor el\u00e9trico e vai custar R$ 24,1 bilh\u00f5es em 2021. Confira os principais penduricalhos dessa conta e o valor deles em 2020:<\/p>\n<p class=\"texto\">\u00bb Conta Consumo Combust\u00edveis (CCC) \u2014 Garante o combust\u00edvel para as termel\u00e9tricas do sistema isolado do Norte do pa\u00eds: R$ 7,5 bilh\u00f5es<br \/>\n\u00bb Subs\u00eddio para fontes renov\u00e1veis (e\u00f3lica, biomassa, solar): R$ 5 bilh\u00f5es<br \/>\n\u00bb Subs\u00eddio para consumidores de baixa renda: R$ 2,7 bilh\u00f5es<br \/>\n\u00bb Subs\u00eddio ao setor rural: R$ 1,1 bilh\u00e3o<br \/>\n\u00bb Programa Luz para Todos \u2014 Garante o investimento para levar energia a lugares remotos: R$ 1,14 bilh\u00e3o<\/p>\n<p class=\"texto\"><strong>Fonte:<\/strong>\u00a0Instituto Acende Brasil<\/p>\n<div id=\"tags\" class=\"tags\"><\/div>\n<\/article>\n<div id=\"taboola-below-article-thumbnails\" class=\" trc_related_container trc_spotlight_widget tbl-feed-container tbl-feed-frame-NONE  render-late-effect\" data-feed-container-num=\"1\" data-feed-main-container-id=\"taboola-below-article-thumbnails\" data-parent-placement-name=\"Below Article Thumbnails\" data-pub-lang=\"pt\">\n<div id=\"taboola-below-article-thumbnails-pl2\" class=\" trc_related_container trc_spotlight_widget trc_elastic trc_elastic_thumbs-feed-03-a  tbl-feed-card \" data-card-index=\"2\" data-batch-num=\"1\" data-placement-name=\"Below Article Thumbnails | Card 2\">\n<div class=\"trc_rbox_container\">\n<div>\n<div id=\"trc_wrapper_56570\" class=\"trc_rbox thumbs-feed-03-a trc-content-sponsored \">\n<div id=\"outer_56570\" class=\"trc_rbox_outer\">\n<div id=\"rbox-t2v\" class=\"trc_rbox_div trc_rbox_border_elm\">\n<div id=\"internal_trc_56570\"><\/div>\n<\/div>\n<\/div>\n<\/div>\n<\/div>\n<\/div>\n<\/div>\n<\/div>\n<\/section>\n<aside id=\"sidebar\" class=\"sidebar\">\n<div id=\"cb-publicidade-halfpage-1\" class=\"pub-hal\" data-google-query-id=\"CPa1udfZse0CFXMQuQYdKsQFQA\">\n<div id=\"google_ads_iframe_\/6887\/portal-correioweb\/correiobraziliense-com-br\/economia\/interna_5__container__\"><\/div>\n<\/div>\n<\/aside>\n<\/div>\n<\/div>\n<div class=\"keep-reading\">\n<div class=\"hide-btn\"><\/div>\n<div class=\"content-keep-reading\" data-related=\"energia, economia, Brasil\">\n<div class=\"info-keep-reading\"><\/div>\n<\/div>\n<\/div>\n<div class=\"pub-anchor-close showCloseBtn\"><\/div>\n<div id=\"publicidade-anchorads-1\" class=\"pub-anchor\" data-google-query-id=\"COPxkN_Zse0CFVUA1AodwpoASg\"><\/div>\n","protected":false},"excerpt":{"rendered":"<p>O consumidor brasileiro vai pagar R$ 19,8 bilh\u00f5es em subs\u00eddios<\/p>\n","protected":false},"author":2,"featured_media":40299,"comment_status":"open","ping_status":"open","sticky":false,"template":"","format":"standard","meta":{"footnotes":""},"categories":[24,25,94],"tags":[],"class_list":["post-40297","post","type-post","status-publish","format-standard","has-post-thumbnail","hentry","category-brasil","category-cidades","category-economia"],"yoast_head":"<!-- This site is optimized with the Yoast SEO plugin v27.4 - https:\/\/yoast.com\/product\/yoast-seo-wordpress\/ -->\n<title>Consumidor vai arcar com R$ 19,8 bilh\u00f5es em 2021 na conta de luz - Regi\u00e3o News<\/title>\n<meta name=\"robots\" content=\"index, follow, max-snippet:-1, max-image-preview:large, max-video-preview:-1\" \/>\n<link rel=\"canonical\" href=\"https:\/\/regiaonews.net.br\/2022\/2020\/12\/03\/consumidor-vai-arcar-com-r-198-bilhoes-em-2021-na-conta-de-luz\/\" \/>\n<meta property=\"og:locale\" content=\"pt_BR\" \/>\n<meta property=\"og:type\" content=\"article\" \/>\n<meta property=\"og:title\" content=\"Consumidor vai arcar com R$ 19,8 bilh\u00f5es em 2021 na conta de luz - Regi\u00e3o News\" \/>\n<meta property=\"og:description\" content=\"O consumidor brasileiro vai pagar R$ 19,8 bilh\u00f5es em subs\u00eddios\" \/>\n<meta property=\"og:url\" content=\"https:\/\/regiaonews.net.br\/2022\/2020\/12\/03\/consumidor-vai-arcar-com-r-198-bilhoes-em-2021-na-conta-de-luz\/\" \/>\n<meta property=\"og:site_name\" content=\"Regi\u00e3o News\" \/>\n<meta property=\"article:published_time\" content=\"2020-12-03T11:29:51+00:00\" \/>\n<meta property=\"og:image\" content=\"https:\/\/regiaonews.net.br\/2022\/wp-content\/uploads\/2020\/12\/cbnfot221020100052-6427669.jpg\" \/>\n\t<meta property=\"og:image:width\" content=\"1000\" \/>\n\t<meta property=\"og:image:height\" content=\"682\" \/>\n\t<meta property=\"og:image:type\" content=\"image\/jpeg\" \/>\n<meta name=\"author\" content=\"Roberto\" \/>\n<meta name=\"twitter:card\" content=\"summary_large_image\" \/>\n<meta name=\"twitter:label1\" content=\"Escrito por\" \/>\n\t<meta name=\"twitter:data1\" content=\"Roberto\" \/>\n\t<meta name=\"twitter:label2\" content=\"Est. tempo de leitura\" \/>\n\t<meta name=\"twitter:data2\" content=\"4 minutos\" \/>\n<script type=\"application\/ld+json\" class=\"yoast-schema-graph\">{\"@context\":\"https:\\\/\\\/schema.org\",\"@graph\":[{\"@type\":\"Article\",\"@id\":\"https:\\\/\\\/regiaonews.net.br\\\/2022\\\/2020\\\/12\\\/03\\\/consumidor-vai-arcar-com-r-198-bilhoes-em-2021-na-conta-de-luz\\\/#article\",\"isPartOf\":{\"@id\":\"https:\\\/\\\/regiaonews.net.br\\\/2022\\\/2020\\\/12\\\/03\\\/consumidor-vai-arcar-com-r-198-bilhoes-em-2021-na-conta-de-luz\\\/\"},\"author\":{\"name\":\"Roberto\",\"@id\":\"https:\\\/\\\/regiaonews.net.br\\\/2022\\\/#\\\/schema\\\/person\\\/2d205a608a5aa97ac279d7a5e6d89ad8\"},\"headline\":\"Consumidor vai arcar com R$ 19,8 bilh\u00f5es em 2021 na conta de luz\",\"datePublished\":\"2020-12-03T11:29:51+00:00\",\"mainEntityOfPage\":{\"@id\":\"https:\\\/\\\/regiaonews.net.br\\\/2022\\\/2020\\\/12\\\/03\\\/consumidor-vai-arcar-com-r-198-bilhoes-em-2021-na-conta-de-luz\\\/\"},\"wordCount\":739,\"commentCount\":0,\"publisher\":{\"@id\":\"https:\\\/\\\/regiaonews.net.br\\\/2022\\\/#organization\"},\"image\":{\"@id\":\"https:\\\/\\\/regiaonews.net.br\\\/2022\\\/2020\\\/12\\\/03\\\/consumidor-vai-arcar-com-r-198-bilhoes-em-2021-na-conta-de-luz\\\/#primaryimage\"},\"thumbnailUrl\":\"https:\\\/\\\/regiaonews.net.br\\\/2022\\\/wp-content\\\/uploads\\\/2020\\\/12\\\/cbnfot221020100052-6427669.jpg\",\"articleSection\":[\"Brasil\",\"Cidades\",\"Economia\"],\"inLanguage\":\"pt-BR\",\"potentialAction\":[{\"@type\":\"CommentAction\",\"name\":\"Comment\",\"target\":[\"https:\\\/\\\/regiaonews.net.br\\\/2022\\\/2020\\\/12\\\/03\\\/consumidor-vai-arcar-com-r-198-bilhoes-em-2021-na-conta-de-luz\\\/#respond\"]}]},{\"@type\":\"WebPage\",\"@id\":\"https:\\\/\\\/regiaonews.net.br\\\/2022\\\/2020\\\/12\\\/03\\\/consumidor-vai-arcar-com-r-198-bilhoes-em-2021-na-conta-de-luz\\\/\",\"url\":\"https:\\\/\\\/regiaonews.net.br\\\/2022\\\/2020\\\/12\\\/03\\\/consumidor-vai-arcar-com-r-198-bilhoes-em-2021-na-conta-de-luz\\\/\",\"name\":\"Consumidor vai arcar com R$ 19,8 bilh\u00f5es em 2021 na conta de luz - Regi\u00e3o News\",\"isPartOf\":{\"@id\":\"https:\\\/\\\/regiaonews.net.br\\\/2022\\\/#website\"},\"primaryImageOfPage\":{\"@id\":\"https:\\\/\\\/regiaonews.net.br\\\/2022\\\/2020\\\/12\\\/03\\\/consumidor-vai-arcar-com-r-198-bilhoes-em-2021-na-conta-de-luz\\\/#primaryimage\"},\"image\":{\"@id\":\"https:\\\/\\\/regiaonews.net.br\\\/2022\\\/2020\\\/12\\\/03\\\/consumidor-vai-arcar-com-r-198-bilhoes-em-2021-na-conta-de-luz\\\/#primaryimage\"},\"thumbnailUrl\":\"https:\\\/\\\/regiaonews.net.br\\\/2022\\\/wp-content\\\/uploads\\\/2020\\\/12\\\/cbnfot221020100052-6427669.jpg\",\"datePublished\":\"2020-12-03T11:29:51+00:00\",\"breadcrumb\":{\"@id\":\"https:\\\/\\\/regiaonews.net.br\\\/2022\\\/2020\\\/12\\\/03\\\/consumidor-vai-arcar-com-r-198-bilhoes-em-2021-na-conta-de-luz\\\/#breadcrumb\"},\"inLanguage\":\"pt-BR\",\"potentialAction\":[{\"@type\":\"ReadAction\",\"target\":[\"https:\\\/\\\/regiaonews.net.br\\\/2022\\\/2020\\\/12\\\/03\\\/consumidor-vai-arcar-com-r-198-bilhoes-em-2021-na-conta-de-luz\\\/\"]}]},{\"@type\":\"ImageObject\",\"inLanguage\":\"pt-BR\",\"@id\":\"https:\\\/\\\/regiaonews.net.br\\\/2022\\\/2020\\\/12\\\/03\\\/consumidor-vai-arcar-com-r-198-bilhoes-em-2021-na-conta-de-luz\\\/#primaryimage\",\"url\":\"https:\\\/\\\/regiaonews.net.br\\\/2022\\\/wp-content\\\/uploads\\\/2020\\\/12\\\/cbnfot221020100052-6427669.jpg\",\"contentUrl\":\"https:\\\/\\\/regiaonews.net.br\\\/2022\\\/wp-content\\\/uploads\\\/2020\\\/12\\\/cbnfot221020100052-6427669.jpg\",\"width\":1000,\"height\":682},{\"@type\":\"BreadcrumbList\",\"@id\":\"https:\\\/\\\/regiaonews.net.br\\\/2022\\\/2020\\\/12\\\/03\\\/consumidor-vai-arcar-com-r-198-bilhoes-em-2021-na-conta-de-luz\\\/#breadcrumb\",\"itemListElement\":[{\"@type\":\"ListItem\",\"position\":1,\"name\":\"In\u00edcio\",\"item\":\"https:\\\/\\\/regiaonews.net.br\\\/2022\\\/\"},{\"@type\":\"ListItem\",\"position\":2,\"name\":\"Consumidor vai arcar com R$ 19,8 bilh\u00f5es em 2021 na conta de luz\"}]},{\"@type\":\"WebSite\",\"@id\":\"https:\\\/\\\/regiaonews.net.br\\\/2022\\\/#website\",\"url\":\"https:\\\/\\\/regiaonews.net.br\\\/2022\\\/\",\"name\":\"Regi\u00e3o News\",\"description\":\"Site de Not\u00edcias de Barretos e regi\u00e3o\",\"publisher\":{\"@id\":\"https:\\\/\\\/regiaonews.net.br\\\/2022\\\/#organization\"},\"potentialAction\":[{\"@type\":\"SearchAction\",\"target\":{\"@type\":\"EntryPoint\",\"urlTemplate\":\"https:\\\/\\\/regiaonews.net.br\\\/2022\\\/?s={search_term_string}\"},\"query-input\":{\"@type\":\"PropertyValueSpecification\",\"valueRequired\":true,\"valueName\":\"search_term_string\"}}],\"inLanguage\":\"pt-BR\"},{\"@type\":\"Organization\",\"@id\":\"https:\\\/\\\/regiaonews.net.br\\\/2022\\\/#organization\",\"name\":\"Regi\u00e3o News\",\"url\":\"https:\\\/\\\/regiaonews.net.br\\\/2022\\\/\",\"logo\":{\"@type\":\"ImageObject\",\"inLanguage\":\"pt-BR\",\"@id\":\"https:\\\/\\\/regiaonews.net.br\\\/2022\\\/#\\\/schema\\\/logo\\\/image\\\/\",\"url\":\"https:\\\/\\\/regiaonews.net.br\\\/2022\\\/wp-content\\\/uploads\\\/2026\\\/03\\\/regiao-13-anos-scaled.jpg\",\"contentUrl\":\"https:\\\/\\\/regiaonews.net.br\\\/2022\\\/wp-content\\\/uploads\\\/2026\\\/03\\\/regiao-13-anos-scaled.jpg\",\"width\":2560,\"height\":635,\"caption\":\"Regi\u00e3o News\"},\"image\":{\"@id\":\"https:\\\/\\\/regiaonews.net.br\\\/2022\\\/#\\\/schema\\\/logo\\\/image\\\/\"}},{\"@type\":\"Person\",\"@id\":\"https:\\\/\\\/regiaonews.net.br\\\/2022\\\/#\\\/schema\\\/person\\\/2d205a608a5aa97ac279d7a5e6d89ad8\",\"name\":\"Roberto\",\"image\":{\"@type\":\"ImageObject\",\"inLanguage\":\"pt-BR\",\"@id\":\"https:\\\/\\\/secure.gravatar.com\\\/avatar\\\/42749d8b712ff9d59ca93dc150494e5b55a44134482993f5baeb97e61b7ecc89?s=96&d=mm&r=g\",\"url\":\"https:\\\/\\\/secure.gravatar.com\\\/avatar\\\/42749d8b712ff9d59ca93dc150494e5b55a44134482993f5baeb97e61b7ecc89?s=96&d=mm&r=g\",\"contentUrl\":\"https:\\\/\\\/secure.gravatar.com\\\/avatar\\\/42749d8b712ff9d59ca93dc150494e5b55a44134482993f5baeb97e61b7ecc89?s=96&d=mm&r=g\",\"caption\":\"Roberto\"},\"url\":\"https:\\\/\\\/regiaonews.net.br\\\/2022\\\/author\\\/roberto\\\/\"}]}<\/script>\n<!-- \/ Yoast SEO plugin. -->","yoast_head_json":{"title":"Consumidor vai arcar com R$ 19,8 bilh\u00f5es em 2021 na conta de luz - Regi\u00e3o News","robots":{"index":"index","follow":"follow","max-snippet":"max-snippet:-1","max-image-preview":"max-image-preview:large","max-video-preview":"max-video-preview:-1"},"canonical":"https:\/\/regiaonews.net.br\/2022\/2020\/12\/03\/consumidor-vai-arcar-com-r-198-bilhoes-em-2021-na-conta-de-luz\/","og_locale":"pt_BR","og_type":"article","og_title":"Consumidor vai arcar com R$ 19,8 bilh\u00f5es em 2021 na conta de luz - Regi\u00e3o News","og_description":"O consumidor brasileiro vai pagar R$ 19,8 bilh\u00f5es em subs\u00eddios","og_url":"https:\/\/regiaonews.net.br\/2022\/2020\/12\/03\/consumidor-vai-arcar-com-r-198-bilhoes-em-2021-na-conta-de-luz\/","og_site_name":"Regi\u00e3o News","article_published_time":"2020-12-03T11:29:51+00:00","og_image":[{"width":1000,"height":682,"url":"https:\/\/regiaonews.net.br\/2022\/wp-content\/uploads\/2020\/12\/cbnfot221020100052-6427669.jpg","type":"image\/jpeg"}],"author":"Roberto","twitter_card":"summary_large_image","twitter_misc":{"Escrito por":"Roberto","Est. tempo de leitura":"4 minutos"},"schema":{"@context":"https:\/\/schema.org","@graph":[{"@type":"Article","@id":"https:\/\/regiaonews.net.br\/2022\/2020\/12\/03\/consumidor-vai-arcar-com-r-198-bilhoes-em-2021-na-conta-de-luz\/#article","isPartOf":{"@id":"https:\/\/regiaonews.net.br\/2022\/2020\/12\/03\/consumidor-vai-arcar-com-r-198-bilhoes-em-2021-na-conta-de-luz\/"},"author":{"name":"Roberto","@id":"https:\/\/regiaonews.net.br\/2022\/#\/schema\/person\/2d205a608a5aa97ac279d7a5e6d89ad8"},"headline":"Consumidor vai arcar com R$ 19,8 bilh\u00f5es em 2021 na conta de luz","datePublished":"2020-12-03T11:29:51+00:00","mainEntityOfPage":{"@id":"https:\/\/regiaonews.net.br\/2022\/2020\/12\/03\/consumidor-vai-arcar-com-r-198-bilhoes-em-2021-na-conta-de-luz\/"},"wordCount":739,"commentCount":0,"publisher":{"@id":"https:\/\/regiaonews.net.br\/2022\/#organization"},"image":{"@id":"https:\/\/regiaonews.net.br\/2022\/2020\/12\/03\/consumidor-vai-arcar-com-r-198-bilhoes-em-2021-na-conta-de-luz\/#primaryimage"},"thumbnailUrl":"https:\/\/regiaonews.net.br\/2022\/wp-content\/uploads\/2020\/12\/cbnfot221020100052-6427669.jpg","articleSection":["Brasil","Cidades","Economia"],"inLanguage":"pt-BR","potentialAction":[{"@type":"CommentAction","name":"Comment","target":["https:\/\/regiaonews.net.br\/2022\/2020\/12\/03\/consumidor-vai-arcar-com-r-198-bilhoes-em-2021-na-conta-de-luz\/#respond"]}]},{"@type":"WebPage","@id":"https:\/\/regiaonews.net.br\/2022\/2020\/12\/03\/consumidor-vai-arcar-com-r-198-bilhoes-em-2021-na-conta-de-luz\/","url":"https:\/\/regiaonews.net.br\/2022\/2020\/12\/03\/consumidor-vai-arcar-com-r-198-bilhoes-em-2021-na-conta-de-luz\/","name":"Consumidor vai arcar com R$ 19,8 bilh\u00f5es em 2021 na conta de luz - Regi\u00e3o News","isPartOf":{"@id":"https:\/\/regiaonews.net.br\/2022\/#website"},"primaryImageOfPage":{"@id":"https:\/\/regiaonews.net.br\/2022\/2020\/12\/03\/consumidor-vai-arcar-com-r-198-bilhoes-em-2021-na-conta-de-luz\/#primaryimage"},"image":{"@id":"https:\/\/regiaonews.net.br\/2022\/2020\/12\/03\/consumidor-vai-arcar-com-r-198-bilhoes-em-2021-na-conta-de-luz\/#primaryimage"},"thumbnailUrl":"https:\/\/regiaonews.net.br\/2022\/wp-content\/uploads\/2020\/12\/cbnfot221020100052-6427669.jpg","datePublished":"2020-12-03T11:29:51+00:00","breadcrumb":{"@id":"https:\/\/regiaonews.net.br\/2022\/2020\/12\/03\/consumidor-vai-arcar-com-r-198-bilhoes-em-2021-na-conta-de-luz\/#breadcrumb"},"inLanguage":"pt-BR","potentialAction":[{"@type":"ReadAction","target":["https:\/\/regiaonews.net.br\/2022\/2020\/12\/03\/consumidor-vai-arcar-com-r-198-bilhoes-em-2021-na-conta-de-luz\/"]}]},{"@type":"ImageObject","inLanguage":"pt-BR","@id":"https:\/\/regiaonews.net.br\/2022\/2020\/12\/03\/consumidor-vai-arcar-com-r-198-bilhoes-em-2021-na-conta-de-luz\/#primaryimage","url":"https:\/\/regiaonews.net.br\/2022\/wp-content\/uploads\/2020\/12\/cbnfot221020100052-6427669.jpg","contentUrl":"https:\/\/regiaonews.net.br\/2022\/wp-content\/uploads\/2020\/12\/cbnfot221020100052-6427669.jpg","width":1000,"height":682},{"@type":"BreadcrumbList","@id":"https:\/\/regiaonews.net.br\/2022\/2020\/12\/03\/consumidor-vai-arcar-com-r-198-bilhoes-em-2021-na-conta-de-luz\/#breadcrumb","itemListElement":[{"@type":"ListItem","position":1,"name":"In\u00edcio","item":"https:\/\/regiaonews.net.br\/2022\/"},{"@type":"ListItem","position":2,"name":"Consumidor vai arcar com R$ 19,8 bilh\u00f5es em 2021 na conta de luz"}]},{"@type":"WebSite","@id":"https:\/\/regiaonews.net.br\/2022\/#website","url":"https:\/\/regiaonews.net.br\/2022\/","name":"Regi\u00e3o News","description":"Site de Not\u00edcias de Barretos e regi\u00e3o","publisher":{"@id":"https:\/\/regiaonews.net.br\/2022\/#organization"},"potentialAction":[{"@type":"SearchAction","target":{"@type":"EntryPoint","urlTemplate":"https:\/\/regiaonews.net.br\/2022\/?s={search_term_string}"},"query-input":{"@type":"PropertyValueSpecification","valueRequired":true,"valueName":"search_term_string"}}],"inLanguage":"pt-BR"},{"@type":"Organization","@id":"https:\/\/regiaonews.net.br\/2022\/#organization","name":"Regi\u00e3o News","url":"https:\/\/regiaonews.net.br\/2022\/","logo":{"@type":"ImageObject","inLanguage":"pt-BR","@id":"https:\/\/regiaonews.net.br\/2022\/#\/schema\/logo\/image\/","url":"https:\/\/regiaonews.net.br\/2022\/wp-content\/uploads\/2026\/03\/regiao-13-anos-scaled.jpg","contentUrl":"https:\/\/regiaonews.net.br\/2022\/wp-content\/uploads\/2026\/03\/regiao-13-anos-scaled.jpg","width":2560,"height":635,"caption":"Regi\u00e3o News"},"image":{"@id":"https:\/\/regiaonews.net.br\/2022\/#\/schema\/logo\/image\/"}},{"@type":"Person","@id":"https:\/\/regiaonews.net.br\/2022\/#\/schema\/person\/2d205a608a5aa97ac279d7a5e6d89ad8","name":"Roberto","image":{"@type":"ImageObject","inLanguage":"pt-BR","@id":"https:\/\/secure.gravatar.com\/avatar\/42749d8b712ff9d59ca93dc150494e5b55a44134482993f5baeb97e61b7ecc89?s=96&d=mm&r=g","url":"https:\/\/secure.gravatar.com\/avatar\/42749d8b712ff9d59ca93dc150494e5b55a44134482993f5baeb97e61b7ecc89?s=96&d=mm&r=g","contentUrl":"https:\/\/secure.gravatar.com\/avatar\/42749d8b712ff9d59ca93dc150494e5b55a44134482993f5baeb97e61b7ecc89?s=96&d=mm&r=g","caption":"Roberto"},"url":"https:\/\/regiaonews.net.br\/2022\/author\/roberto\/"}]}},"publishpress_future_action":{"enabled":false,"date":"2026-05-03 07:53:29","action":"change-status","newStatus":"draft","terms":[],"taxonomy":"category","extraData":[]},"publishpress_future_workflow_manual_trigger":{"enabledWorkflows":[]},"_links":{"self":[{"href":"https:\/\/regiaonews.net.br\/2022\/wp-json\/wp\/v2\/posts\/40297","targetHints":{"allow":["GET"]}}],"collection":[{"href":"https:\/\/regiaonews.net.br\/2022\/wp-json\/wp\/v2\/posts"}],"about":[{"href":"https:\/\/regiaonews.net.br\/2022\/wp-json\/wp\/v2\/types\/post"}],"author":[{"embeddable":true,"href":"https:\/\/regiaonews.net.br\/2022\/wp-json\/wp\/v2\/users\/2"}],"replies":[{"embeddable":true,"href":"https:\/\/regiaonews.net.br\/2022\/wp-json\/wp\/v2\/comments?post=40297"}],"version-history":[{"count":0,"href":"https:\/\/regiaonews.net.br\/2022\/wp-json\/wp\/v2\/posts\/40297\/revisions"}],"wp:featuredmedia":[{"embeddable":true,"href":"https:\/\/regiaonews.net.br\/2022\/wp-json\/wp\/v2\/media\/40299"}],"wp:attachment":[{"href":"https:\/\/regiaonews.net.br\/2022\/wp-json\/wp\/v2\/media?parent=40297"}],"wp:term":[{"taxonomy":"category","embeddable":true,"href":"https:\/\/regiaonews.net.br\/2022\/wp-json\/wp\/v2\/categories?post=40297"},{"taxonomy":"post_tag","embeddable":true,"href":"https:\/\/regiaonews.net.br\/2022\/wp-json\/wp\/v2\/tags?post=40297"}],"curies":[{"name":"wp","href":"https:\/\/api.w.org\/{rel}","templated":true}]}}