{"id":40003,"date":"2020-11-24T16:19:14","date_gmt":"2020-11-24T19:19:14","guid":{"rendered":"https:\/\/regiaonews.net.br\/2022\/?p=40003"},"modified":"2020-11-24T16:19:14","modified_gmt":"2020-11-24T19:19:14","slug":"inscricoes-para-programa-de-trainees-da-tereos-vao-ate-15-de-dezembro","status":"publish","type":"post","link":"https:\/\/regiaonews.net.br\/2022\/2020\/11\/24\/inscricoes-para-programa-de-trainees-da-tereos-vao-ate-15-de-dezembro\/","title":{"rendered":"Inscri\u00e7\u00f5es para programa de trainees da Tereos v\u00e3o at\u00e9 15 de dezembro"},"content":{"rendered":"<figure id=\"attachment_40004\" aria-describedby=\"caption-attachment-40004\" style=\"width: 300px\" class=\"wp-caption alignnone\"><a href=\"https:\/\/regiaonews.net.br\/2022\/wp-content\/uploads\/2020\/11\/FR3_8988-scaled.jpg\"><img loading=\"lazy\" decoding=\"async\" class=\"size-medium wp-image-40004\" src=\"https:\/\/regiaonews.net.br\/2022\/wp-content\/uploads\/2020\/11\/FR3_8988-300x200.jpg\" alt=\"\" width=\"300\" height=\"200\" \/><\/a><figcaption id=\"caption-attachment-40004\" class=\"wp-caption-text\">Ol\u00edmpia, SP &#8211; 23\/06\/2017 &#8211; Tereos | Guarani | UI Cruz Alta | Agr\u00edcola &#8211; Tratorista x Tecnologia &#8211; Foto: Ferdinando Ramos \/ Plus Images<\/figcaption><\/figure>\n<p><a href=\"https:\/\/regiaonews.net.br\/2022\/wp-content\/uploads\/2020\/11\/Tereos.jpeg\"><img loading=\"lazy\" decoding=\"async\" class=\"alignnone size-medium wp-image-40005\" src=\"https:\/\/regiaonews.net.br\/2022\/wp-content\/uploads\/2020\/11\/Tereos-300x200.jpeg\" alt=\"\" width=\"300\" height=\"200\" \/><\/a><\/p>\n<p>A Tereos, l\u00edder mundial no mercado de a\u00e7\u00facar e etanol e com sete unidades no interior paulista, est\u00e1 com inscri\u00e7\u00f5es abertas para o seu programa de trainees. As inscri\u00e7\u00f5es v\u00e3o at\u00e9 o dia 15 de dezembro. Grande oportunidade para quem \u00e9 rec\u00e9m-formado e est\u00e1 em busca de emprego e aprimoramento profissional.<\/p>\n<p><strong>Inscri\u00e7\u00f5es para programa de trainees da Tereos v\u00e3o at\u00e9 15 de dezembro<\/strong><\/p>\n<p><em>Interessados devem ter forma\u00e7\u00e3o superior conclu\u00edda<\/em><em><br \/>\nentre dezembro de 2018 e fevereiro de 2021<\/em><\/p>\n<p>&nbsp;<\/p>\n<p><strong>S\u00e3o Jos\u00e9 do Rio Preto, 24 de novembro de 2020 \u2013 <\/strong>A Tereos, uma das l\u00edderes mundiais na produ\u00e7\u00e3o de a\u00e7\u00facar, \u00e1lcool e amidos, est\u00e1 com inscri\u00e7\u00f5es abertas para o programa de trainees 2021. O prazo vai at\u00e9 o dia 15 de dezembro.<br \/>\nAs vagas dispon\u00edveis s\u00e3o para atuar em diversas \u00e1reas nas unidades industriais do Grupo. O programa tem dura\u00e7\u00e3o de 18 meses e os participantes j\u00e1 come\u00e7am como colaboradores efetivos.<br \/>\n\u201cO programa de trainees \u00e9 voltado para o desenvolvimento acelerado desses jovens para que eles possam exercer fun\u00e7\u00f5es estrat\u00e9gicas dentro da empresa. Assim, n\u00f3s conseguimos preparar o profissional dentro do perfil e das demandas exigidas pelo nosso neg\u00f3cio\u201d, diz Rui Carvalho, gerente-executivo de Desenvolvimento Humano e Organizacional da Tereos.<br \/>\nNa Tereos, os trainees t\u00eam acesso a participa\u00e7\u00e3o nos lucros e resultados, plano de sa\u00fade, previd\u00eancia privada, plano odontol\u00f3gico, restaurante na empresa, seguro de vida, transporte e vale-alimenta\u00e7\u00e3o, al\u00e9m de sal\u00e1rio compat\u00edvel com o mercado.<br \/>\nSegundo Carvalho, durante o programa, os jovens passam por diversas \u00e1reas, treinamentos t\u00e9cnicos e comportamentais, mentorias, reuni\u00f5es de feedback, e desenvolvem um projeto com foco na melhoria de processos.<br \/>\nOs pr\u00e9-requisitos para participa\u00e7\u00e3o s\u00e3o: ter forma\u00e7\u00e3o superior conclu\u00edda entre dezembro de 2018 e fevereiro de 2021, flu\u00eancia em ingl\u00eas e disponibilidade para residir no interior do estado de S\u00e3o Paulo.<br \/>\nA empresa procura candidatos que tenham como compet\u00eancias protagonismo, bom relacionamento interpessoal, comunica\u00e7\u00e3o assertiva, capacidade de trabalhar em equipe, foco no resultado, capacidade de an\u00e1lise, inova\u00e7\u00e3o e transforma\u00e7\u00e3o.<br \/>\n\u201cN\u00e3o \u00e9 preciso ter experi\u00eancia pr\u00e9via, estamos buscando o potencial, o talento\u201d, complementa o gerente-executivo da Tereos.<br \/>\n<strong>Inscri\u00e7\u00e3o interativa<\/strong><\/p>\n<p>As inscri\u00e7\u00f5es neste ano ser\u00e3o realizadas em uma plataforma interativa que permitir\u00e1 aos interessados, al\u00e9m de fazer o cadastro, conhecer melhor a Tereos. \u201cEnquanto os candidatos v\u00e3o respondendo ao question\u00e1rio de inscri\u00e7\u00e3o, tamb\u00e9m v\u00e3o aprendendo sobre o nosso neg\u00f3cio, com v\u00eddeos e mensagens informativas da empresa\u201d, explica Carvalho.<\/p>\n<p>Para se inscrever, o interessado deve acessar o link <a href=\"https:\/\/traineetereos2021.yio.digital\/login\">https:\/\/traineetereos2021.yio.digital\/login<\/a>.<\/p>\n<p>&nbsp;<\/p>\n<p><strong>Sobre a Tereos <\/strong><\/p>\n<p><em>Com vis\u00e3o de longo prazo que valoriza as mat\u00e9rias-primas agr\u00edcolas e desenvolve produtos de qualidade para os setores de alimenta\u00e7\u00e3o, sa\u00fade e energias renov\u00e1veis, a Tereos \u00e9 uma das l\u00edderes nos mercados de a\u00e7\u00facar, \u00e1lcool\/etanol e amidos. Os compromissos do Grupo com a sociedade e com o meio ambiente t\u00eam contribu\u00eddo com a performance da companhia no longo prazo, enquanto refor\u00e7a nossa atua\u00e7\u00e3o respons\u00e1vel. O Grupo cooperativo Tereos re\u00fane 12.000 agricultores e possui expertise reconhecida no processamento de beterraba, cana-de-a\u00e7\u00facar, cereais e batata. Com 48 unidades industriais, opera\u00e7\u00f5es em 18 pa\u00edses e o compromisso de 22.300 colaboradores, a Tereos atende seus clientes em seus mercados locais, com uma oferta ampla de produtos. Em 2019\/20, o Grupo obteve um faturamento de \u20ac 4,5 bilh\u00f5es.<\/em><\/p>\n<p>&nbsp;<\/p>\n<p><strong>Tereos no Brasil<\/strong><\/p>\n<p><em>A Tereos no Brasil \u00e9 composta pela Tereos A\u00e7\u00facar &amp; Energia Brasil, Tereos Amido &amp; Ado\u00e7antes Brasil e Tereos Commodities Brasil. No noroeste do Estado de S\u00e3o Paulo, a Tereos A\u00e7\u00facar &amp; Energia Brasil concentra suas sete unidades de processamento e duas refinarias. A Tereos Amido &amp; Ado\u00e7antes Brasil, com opera\u00e7\u00e3o em Palmital (SP), diversifica o portif\u00f3lio da Tereos Brasil com a fabrica\u00e7\u00e3o de produtos derivados de milho e mandioca. A Tereos Commodities opera como trading e possui escrit\u00f3rios em diversos pa\u00edses.<\/em><\/p>\n","protected":false},"excerpt":{"rendered":"<p>A Tereos, l\u00edder mundial no mercado de a\u00e7\u00facar e etanol<\/p>\n","protected":false},"author":2,"featured_media":40005,"comment_status":"open","ping_status":"open","sticky":false,"template":"","format":"standard","meta":{"footnotes":""},"categories":[25,64,30],"tags":[],"class_list":["post-40003","post","type-post","status-publish","format-standard","has-post-thumbnail","hentry","category-cidades","category-emprego","category-regiao"],"yoast_head":"<!-- This site is optimized with the Yoast SEO plugin v27.4 - https:\/\/yoast.com\/product\/yoast-seo-wordpress\/ -->\n<title>Inscri\u00e7\u00f5es para programa de trainees da Tereos v\u00e3o at\u00e9 15 de dezembro - Regi\u00e3o News<\/title>\n<meta name=\"robots\" content=\"index, follow, max-snippet:-1, max-image-preview:large, max-video-preview:-1\" \/>\n<link rel=\"canonical\" href=\"https:\/\/regiaonews.net.br\/2022\/2020\/11\/24\/inscricoes-para-programa-de-trainees-da-tereos-vao-ate-15-de-dezembro\/\" \/>\n<meta property=\"og:locale\" content=\"pt_BR\" \/>\n<meta property=\"og:type\" content=\"article\" \/>\n<meta property=\"og:title\" content=\"Inscri\u00e7\u00f5es para programa de trainees da Tereos v\u00e3o at\u00e9 15 de dezembro - Regi\u00e3o News\" \/>\n<meta property=\"og:description\" content=\"A Tereos, l\u00edder mundial no mercado de a\u00e7\u00facar e etanol\" \/>\n<meta property=\"og:url\" content=\"https:\/\/regiaonews.net.br\/2022\/2020\/11\/24\/inscricoes-para-programa-de-trainees-da-tereos-vao-ate-15-de-dezembro\/\" \/>\n<meta property=\"og:site_name\" content=\"Regi\u00e3o News\" \/>\n<meta property=\"article:published_time\" content=\"2020-11-24T19:19:14+00:00\" \/>\n<meta property=\"og:image\" content=\"https:\/\/regiaonews.net.br\/2022\/wp-content\/uploads\/2020\/11\/Tereos.jpeg\" \/>\n\t<meta property=\"og:image:width\" content=\"1280\" \/>\n\t<meta property=\"og:image:height\" content=\"853\" \/>\n\t<meta property=\"og:image:type\" content=\"image\/jpeg\" \/>\n<meta name=\"author\" content=\"Roberto\" \/>\n<meta name=\"twitter:card\" content=\"summary_large_image\" \/>\n<meta name=\"twitter:label1\" content=\"Escrito por\" \/>\n\t<meta name=\"twitter:data1\" content=\"Roberto\" \/>\n\t<meta name=\"twitter:label2\" content=\"Est. tempo de leitura\" \/>\n\t<meta name=\"twitter:data2\" content=\"4 minutos\" \/>\n<script type=\"application\/ld+json\" class=\"yoast-schema-graph\">{\"@context\":\"https:\\\/\\\/schema.org\",\"@graph\":[{\"@type\":\"Article\",\"@id\":\"https:\\\/\\\/regiaonews.net.br\\\/2022\\\/2020\\\/11\\\/24\\\/inscricoes-para-programa-de-trainees-da-tereos-vao-ate-15-de-dezembro\\\/#article\",\"isPartOf\":{\"@id\":\"https:\\\/\\\/regiaonews.net.br\\\/2022\\\/2020\\\/11\\\/24\\\/inscricoes-para-programa-de-trainees-da-tereos-vao-ate-15-de-dezembro\\\/\"},\"author\":{\"name\":\"Roberto\",\"@id\":\"https:\\\/\\\/regiaonews.net.br\\\/2022\\\/#\\\/schema\\\/person\\\/2d205a608a5aa97ac279d7a5e6d89ad8\"},\"headline\":\"Inscri\u00e7\u00f5es para programa de trainees da Tereos v\u00e3o at\u00e9 15 de dezembro\",\"datePublished\":\"2020-11-24T19:19:14+00:00\",\"mainEntityOfPage\":{\"@id\":\"https:\\\/\\\/regiaonews.net.br\\\/2022\\\/2020\\\/11\\\/24\\\/inscricoes-para-programa-de-trainees-da-tereos-vao-ate-15-de-dezembro\\\/\"},\"wordCount\":724,\"commentCount\":0,\"publisher\":{\"@id\":\"https:\\\/\\\/regiaonews.net.br\\\/2022\\\/#organization\"},\"image\":{\"@id\":\"https:\\\/\\\/regiaonews.net.br\\\/2022\\\/2020\\\/11\\\/24\\\/inscricoes-para-programa-de-trainees-da-tereos-vao-ate-15-de-dezembro\\\/#primaryimage\"},\"thumbnailUrl\":\"https:\\\/\\\/regiaonews.net.br\\\/2022\\\/wp-content\\\/uploads\\\/2020\\\/11\\\/Tereos.jpeg\",\"articleSection\":[\"Cidades\",\"Emprego\",\"Regi\u00e3o\"],\"inLanguage\":\"pt-BR\",\"potentialAction\":[{\"@type\":\"CommentAction\",\"name\":\"Comment\",\"target\":[\"https:\\\/\\\/regiaonews.net.br\\\/2022\\\/2020\\\/11\\\/24\\\/inscricoes-para-programa-de-trainees-da-tereos-vao-ate-15-de-dezembro\\\/#respond\"]}]},{\"@type\":\"WebPage\",\"@id\":\"https:\\\/\\\/regiaonews.net.br\\\/2022\\\/2020\\\/11\\\/24\\\/inscricoes-para-programa-de-trainees-da-tereos-vao-ate-15-de-dezembro\\\/\",\"url\":\"https:\\\/\\\/regiaonews.net.br\\\/2022\\\/2020\\\/11\\\/24\\\/inscricoes-para-programa-de-trainees-da-tereos-vao-ate-15-de-dezembro\\\/\",\"name\":\"Inscri\u00e7\u00f5es para programa de trainees da Tereos v\u00e3o at\u00e9 15 de dezembro - Regi\u00e3o News\",\"isPartOf\":{\"@id\":\"https:\\\/\\\/regiaonews.net.br\\\/2022\\\/#website\"},\"primaryImageOfPage\":{\"@id\":\"https:\\\/\\\/regiaonews.net.br\\\/2022\\\/2020\\\/11\\\/24\\\/inscricoes-para-programa-de-trainees-da-tereos-vao-ate-15-de-dezembro\\\/#primaryimage\"},\"image\":{\"@id\":\"https:\\\/\\\/regiaonews.net.br\\\/2022\\\/2020\\\/11\\\/24\\\/inscricoes-para-programa-de-trainees-da-tereos-vao-ate-15-de-dezembro\\\/#primaryimage\"},\"thumbnailUrl\":\"https:\\\/\\\/regiaonews.net.br\\\/2022\\\/wp-content\\\/uploads\\\/2020\\\/11\\\/Tereos.jpeg\",\"datePublished\":\"2020-11-24T19:19:14+00:00\",\"breadcrumb\":{\"@id\":\"https:\\\/\\\/regiaonews.net.br\\\/2022\\\/2020\\\/11\\\/24\\\/inscricoes-para-programa-de-trainees-da-tereos-vao-ate-15-de-dezembro\\\/#breadcrumb\"},\"inLanguage\":\"pt-BR\",\"potentialAction\":[{\"@type\":\"ReadAction\",\"target\":[\"https:\\\/\\\/regiaonews.net.br\\\/2022\\\/2020\\\/11\\\/24\\\/inscricoes-para-programa-de-trainees-da-tereos-vao-ate-15-de-dezembro\\\/\"]}]},{\"@type\":\"ImageObject\",\"inLanguage\":\"pt-BR\",\"@id\":\"https:\\\/\\\/regiaonews.net.br\\\/2022\\\/2020\\\/11\\\/24\\\/inscricoes-para-programa-de-trainees-da-tereos-vao-ate-15-de-dezembro\\\/#primaryimage\",\"url\":\"https:\\\/\\\/regiaonews.net.br\\\/2022\\\/wp-content\\\/uploads\\\/2020\\\/11\\\/Tereos.jpeg\",\"contentUrl\":\"https:\\\/\\\/regiaonews.net.br\\\/2022\\\/wp-content\\\/uploads\\\/2020\\\/11\\\/Tereos.jpeg\",\"width\":1280,\"height\":853},{\"@type\":\"BreadcrumbList\",\"@id\":\"https:\\\/\\\/regiaonews.net.br\\\/2022\\\/2020\\\/11\\\/24\\\/inscricoes-para-programa-de-trainees-da-tereos-vao-ate-15-de-dezembro\\\/#breadcrumb\",\"itemListElement\":[{\"@type\":\"ListItem\",\"position\":1,\"name\":\"In\u00edcio\",\"item\":\"https:\\\/\\\/regiaonews.net.br\\\/2022\\\/\"},{\"@type\":\"ListItem\",\"position\":2,\"name\":\"Inscri\u00e7\u00f5es para programa de trainees da Tereos v\u00e3o at\u00e9 15 de dezembro\"}]},{\"@type\":\"WebSite\",\"@id\":\"https:\\\/\\\/regiaonews.net.br\\\/2022\\\/#website\",\"url\":\"https:\\\/\\\/regiaonews.net.br\\\/2022\\\/\",\"name\":\"Regi\u00e3o News\",\"description\":\"Site de Not\u00edcias de Barretos e regi\u00e3o\",\"publisher\":{\"@id\":\"https:\\\/\\\/regiaonews.net.br\\\/2022\\\/#organization\"},\"potentialAction\":[{\"@type\":\"SearchAction\",\"target\":{\"@type\":\"EntryPoint\",\"urlTemplate\":\"https:\\\/\\\/regiaonews.net.br\\\/2022\\\/?s={search_term_string}\"},\"query-input\":{\"@type\":\"PropertyValueSpecification\",\"valueRequired\":true,\"valueName\":\"search_term_string\"}}],\"inLanguage\":\"pt-BR\"},{\"@type\":\"Organization\",\"@id\":\"https:\\\/\\\/regiaonews.net.br\\\/2022\\\/#organization\",\"name\":\"Regi\u00e3o News\",\"url\":\"https:\\\/\\\/regiaonews.net.br\\\/2022\\\/\",\"logo\":{\"@type\":\"ImageObject\",\"inLanguage\":\"pt-BR\",\"@id\":\"https:\\\/\\\/regiaonews.net.br\\\/2022\\\/#\\\/schema\\\/logo\\\/image\\\/\",\"url\":\"https:\\\/\\\/regiaonews.net.br\\\/2022\\\/wp-content\\\/uploads\\\/2026\\\/03\\\/regiao-13-anos-scaled.jpg\",\"contentUrl\":\"https:\\\/\\\/regiaonews.net.br\\\/2022\\\/wp-content\\\/uploads\\\/2026\\\/03\\\/regiao-13-anos-scaled.jpg\",\"width\":2560,\"height\":635,\"caption\":\"Regi\u00e3o News\"},\"image\":{\"@id\":\"https:\\\/\\\/regiaonews.net.br\\\/2022\\\/#\\\/schema\\\/logo\\\/image\\\/\"}},{\"@type\":\"Person\",\"@id\":\"https:\\\/\\\/regiaonews.net.br\\\/2022\\\/#\\\/schema\\\/person\\\/2d205a608a5aa97ac279d7a5e6d89ad8\",\"name\":\"Roberto\",\"image\":{\"@type\":\"ImageObject\",\"inLanguage\":\"pt-BR\",\"@id\":\"https:\\\/\\\/secure.gravatar.com\\\/avatar\\\/42749d8b712ff9d59ca93dc150494e5b55a44134482993f5baeb97e61b7ecc89?s=96&d=mm&r=g\",\"url\":\"https:\\\/\\\/secure.gravatar.com\\\/avatar\\\/42749d8b712ff9d59ca93dc150494e5b55a44134482993f5baeb97e61b7ecc89?s=96&d=mm&r=g\",\"contentUrl\":\"https:\\\/\\\/secure.gravatar.com\\\/avatar\\\/42749d8b712ff9d59ca93dc150494e5b55a44134482993f5baeb97e61b7ecc89?s=96&d=mm&r=g\",\"caption\":\"Roberto\"},\"url\":\"https:\\\/\\\/regiaonews.net.br\\\/2022\\\/author\\\/roberto\\\/\"}]}<\/script>\n<!-- \/ Yoast SEO plugin. -->","yoast_head_json":{"title":"Inscri\u00e7\u00f5es para programa de trainees da Tereos v\u00e3o at\u00e9 15 de dezembro - Regi\u00e3o News","robots":{"index":"index","follow":"follow","max-snippet":"max-snippet:-1","max-image-preview":"max-image-preview:large","max-video-preview":"max-video-preview:-1"},"canonical":"https:\/\/regiaonews.net.br\/2022\/2020\/11\/24\/inscricoes-para-programa-de-trainees-da-tereos-vao-ate-15-de-dezembro\/","og_locale":"pt_BR","og_type":"article","og_title":"Inscri\u00e7\u00f5es para programa de trainees da Tereos v\u00e3o at\u00e9 15 de dezembro - Regi\u00e3o News","og_description":"A Tereos, l\u00edder mundial no mercado de a\u00e7\u00facar e etanol","og_url":"https:\/\/regiaonews.net.br\/2022\/2020\/11\/24\/inscricoes-para-programa-de-trainees-da-tereos-vao-ate-15-de-dezembro\/","og_site_name":"Regi\u00e3o News","article_published_time":"2020-11-24T19:19:14+00:00","og_image":[{"width":1280,"height":853,"url":"https:\/\/regiaonews.net.br\/2022\/wp-content\/uploads\/2020\/11\/Tereos.jpeg","type":"image\/jpeg"}],"author":"Roberto","twitter_card":"summary_large_image","twitter_misc":{"Escrito por":"Roberto","Est. tempo de leitura":"4 minutos"},"schema":{"@context":"https:\/\/schema.org","@graph":[{"@type":"Article","@id":"https:\/\/regiaonews.net.br\/2022\/2020\/11\/24\/inscricoes-para-programa-de-trainees-da-tereos-vao-ate-15-de-dezembro\/#article","isPartOf":{"@id":"https:\/\/regiaonews.net.br\/2022\/2020\/11\/24\/inscricoes-para-programa-de-trainees-da-tereos-vao-ate-15-de-dezembro\/"},"author":{"name":"Roberto","@id":"https:\/\/regiaonews.net.br\/2022\/#\/schema\/person\/2d205a608a5aa97ac279d7a5e6d89ad8"},"headline":"Inscri\u00e7\u00f5es para programa de trainees da Tereos v\u00e3o at\u00e9 15 de dezembro","datePublished":"2020-11-24T19:19:14+00:00","mainEntityOfPage":{"@id":"https:\/\/regiaonews.net.br\/2022\/2020\/11\/24\/inscricoes-para-programa-de-trainees-da-tereos-vao-ate-15-de-dezembro\/"},"wordCount":724,"commentCount":0,"publisher":{"@id":"https:\/\/regiaonews.net.br\/2022\/#organization"},"image":{"@id":"https:\/\/regiaonews.net.br\/2022\/2020\/11\/24\/inscricoes-para-programa-de-trainees-da-tereos-vao-ate-15-de-dezembro\/#primaryimage"},"thumbnailUrl":"https:\/\/regiaonews.net.br\/2022\/wp-content\/uploads\/2020\/11\/Tereos.jpeg","articleSection":["Cidades","Emprego","Regi\u00e3o"],"inLanguage":"pt-BR","potentialAction":[{"@type":"CommentAction","name":"Comment","target":["https:\/\/regiaonews.net.br\/2022\/2020\/11\/24\/inscricoes-para-programa-de-trainees-da-tereos-vao-ate-15-de-dezembro\/#respond"]}]},{"@type":"WebPage","@id":"https:\/\/regiaonews.net.br\/2022\/2020\/11\/24\/inscricoes-para-programa-de-trainees-da-tereos-vao-ate-15-de-dezembro\/","url":"https:\/\/regiaonews.net.br\/2022\/2020\/11\/24\/inscricoes-para-programa-de-trainees-da-tereos-vao-ate-15-de-dezembro\/","name":"Inscri\u00e7\u00f5es para programa de trainees da Tereos v\u00e3o at\u00e9 15 de dezembro - Regi\u00e3o News","isPartOf":{"@id":"https:\/\/regiaonews.net.br\/2022\/#website"},"primaryImageOfPage":{"@id":"https:\/\/regiaonews.net.br\/2022\/2020\/11\/24\/inscricoes-para-programa-de-trainees-da-tereos-vao-ate-15-de-dezembro\/#primaryimage"},"image":{"@id":"https:\/\/regiaonews.net.br\/2022\/2020\/11\/24\/inscricoes-para-programa-de-trainees-da-tereos-vao-ate-15-de-dezembro\/#primaryimage"},"thumbnailUrl":"https:\/\/regiaonews.net.br\/2022\/wp-content\/uploads\/2020\/11\/Tereos.jpeg","datePublished":"2020-11-24T19:19:14+00:00","breadcrumb":{"@id":"https:\/\/regiaonews.net.br\/2022\/2020\/11\/24\/inscricoes-para-programa-de-trainees-da-tereos-vao-ate-15-de-dezembro\/#breadcrumb"},"inLanguage":"pt-BR","potentialAction":[{"@type":"ReadAction","target":["https:\/\/regiaonews.net.br\/2022\/2020\/11\/24\/inscricoes-para-programa-de-trainees-da-tereos-vao-ate-15-de-dezembro\/"]}]},{"@type":"ImageObject","inLanguage":"pt-BR","@id":"https:\/\/regiaonews.net.br\/2022\/2020\/11\/24\/inscricoes-para-programa-de-trainees-da-tereos-vao-ate-15-de-dezembro\/#primaryimage","url":"https:\/\/regiaonews.net.br\/2022\/wp-content\/uploads\/2020\/11\/Tereos.jpeg","contentUrl":"https:\/\/regiaonews.net.br\/2022\/wp-content\/uploads\/2020\/11\/Tereos.jpeg","width":1280,"height":853},{"@type":"BreadcrumbList","@id":"https:\/\/regiaonews.net.br\/2022\/2020\/11\/24\/inscricoes-para-programa-de-trainees-da-tereos-vao-ate-15-de-dezembro\/#breadcrumb","itemListElement":[{"@type":"ListItem","position":1,"name":"In\u00edcio","item":"https:\/\/regiaonews.net.br\/2022\/"},{"@type":"ListItem","position":2,"name":"Inscri\u00e7\u00f5es para programa de trainees da Tereos v\u00e3o at\u00e9 15 de dezembro"}]},{"@type":"WebSite","@id":"https:\/\/regiaonews.net.br\/2022\/#website","url":"https:\/\/regiaonews.net.br\/2022\/","name":"Regi\u00e3o News","description":"Site de Not\u00edcias de Barretos e regi\u00e3o","publisher":{"@id":"https:\/\/regiaonews.net.br\/2022\/#organization"},"potentialAction":[{"@type":"SearchAction","target":{"@type":"EntryPoint","urlTemplate":"https:\/\/regiaonews.net.br\/2022\/?s={search_term_string}"},"query-input":{"@type":"PropertyValueSpecification","valueRequired":true,"valueName":"search_term_string"}}],"inLanguage":"pt-BR"},{"@type":"Organization","@id":"https:\/\/regiaonews.net.br\/2022\/#organization","name":"Regi\u00e3o News","url":"https:\/\/regiaonews.net.br\/2022\/","logo":{"@type":"ImageObject","inLanguage":"pt-BR","@id":"https:\/\/regiaonews.net.br\/2022\/#\/schema\/logo\/image\/","url":"https:\/\/regiaonews.net.br\/2022\/wp-content\/uploads\/2026\/03\/regiao-13-anos-scaled.jpg","contentUrl":"https:\/\/regiaonews.net.br\/2022\/wp-content\/uploads\/2026\/03\/regiao-13-anos-scaled.jpg","width":2560,"height":635,"caption":"Regi\u00e3o News"},"image":{"@id":"https:\/\/regiaonews.net.br\/2022\/#\/schema\/logo\/image\/"}},{"@type":"Person","@id":"https:\/\/regiaonews.net.br\/2022\/#\/schema\/person\/2d205a608a5aa97ac279d7a5e6d89ad8","name":"Roberto","image":{"@type":"ImageObject","inLanguage":"pt-BR","@id":"https:\/\/secure.gravatar.com\/avatar\/42749d8b712ff9d59ca93dc150494e5b55a44134482993f5baeb97e61b7ecc89?s=96&d=mm&r=g","url":"https:\/\/secure.gravatar.com\/avatar\/42749d8b712ff9d59ca93dc150494e5b55a44134482993f5baeb97e61b7ecc89?s=96&d=mm&r=g","contentUrl":"https:\/\/secure.gravatar.com\/avatar\/42749d8b712ff9d59ca93dc150494e5b55a44134482993f5baeb97e61b7ecc89?s=96&d=mm&r=g","caption":"Roberto"},"url":"https:\/\/regiaonews.net.br\/2022\/author\/roberto\/"}]}},"publishpress_future_action":{"enabled":false,"date":"2026-05-03 06:06:32","action":"change-status","newStatus":"draft","terms":[],"taxonomy":"category","extraData":[]},"publishpress_future_workflow_manual_trigger":{"enabledWorkflows":[]},"_links":{"self":[{"href":"https:\/\/regiaonews.net.br\/2022\/wp-json\/wp\/v2\/posts\/40003","targetHints":{"allow":["GET"]}}],"collection":[{"href":"https:\/\/regiaonews.net.br\/2022\/wp-json\/wp\/v2\/posts"}],"about":[{"href":"https:\/\/regiaonews.net.br\/2022\/wp-json\/wp\/v2\/types\/post"}],"author":[{"embeddable":true,"href":"https:\/\/regiaonews.net.br\/2022\/wp-json\/wp\/v2\/users\/2"}],"replies":[{"embeddable":true,"href":"https:\/\/regiaonews.net.br\/2022\/wp-json\/wp\/v2\/comments?post=40003"}],"version-history":[{"count":0,"href":"https:\/\/regiaonews.net.br\/2022\/wp-json\/wp\/v2\/posts\/40003\/revisions"}],"wp:featuredmedia":[{"embeddable":true,"href":"https:\/\/regiaonews.net.br\/2022\/wp-json\/wp\/v2\/media\/40005"}],"wp:attachment":[{"href":"https:\/\/regiaonews.net.br\/2022\/wp-json\/wp\/v2\/media?parent=40003"}],"wp:term":[{"taxonomy":"category","embeddable":true,"href":"https:\/\/regiaonews.net.br\/2022\/wp-json\/wp\/v2\/categories?post=40003"},{"taxonomy":"post_tag","embeddable":true,"href":"https:\/\/regiaonews.net.br\/2022\/wp-json\/wp\/v2\/tags?post=40003"}],"curies":[{"name":"wp","href":"https:\/\/api.w.org\/{rel}","templated":true}]}}