{"id":39983,"date":"2020-11-23T17:06:08","date_gmt":"2020-11-23T20:06:08","guid":{"rendered":"https:\/\/regiaonews.net.br\/2022\/?p=39983"},"modified":"2020-11-23T17:06:50","modified_gmt":"2020-11-23T20:06:50","slug":"dise-de-sao-carlos-detem-mulher-que-armazenava-drogas-em-casa","status":"publish","type":"post","link":"https:\/\/regiaonews.net.br\/2022\/2020\/11\/23\/dise-de-sao-carlos-detem-mulher-que-armazenava-drogas-em-casa\/","title":{"rendered":"Dise de S\u00e3o Carlos det\u00e9m mulher que armazenava drogas em casa"},"content":{"rendered":"<p><a href=\"https:\/\/regiaonews.net.br\/2022\/wp-content\/uploads\/2020\/11\/00043194.jpeg\"><img loading=\"lazy\" decoding=\"async\" class=\"alignnone size-medium wp-image-39984\" src=\"https:\/\/regiaonews.net.br\/2022\/wp-content\/uploads\/2020\/11\/00043194-300x146.jpeg\" alt=\"\" width=\"300\" height=\"146\" \/><\/a><\/p>\n<div class=\"col-lg-9 col-md-12 col-sm-12 col-xs-12\">\n<section class=\"leftPad rightPad ng-scope\">\n<div>\n<h2 class=\"titulopreto ng-binding\">Cerca de 50 por\u00e7\u00f5es de coca\u00edna e outros materiais relacionados ao tr\u00e1fico foram apreendidos<\/h2>\n<p>&nbsp;<\/p>\n<\/div>\n<div id=\"notCorpo\" class=\"ng-binding\">\n<p>A Pol\u00edcia Civil prendeu, na tarde de sexta-feira (20), uma mulher, de 57 anos, que foi flagrada armazenando aproximadamente 50 por\u00e7\u00f5es de coca\u00edna em um im\u00f3vel, no bairro Vista III, em S\u00e3o Carlos. Outros objetos relacionados ao crime foram recolhidos.<\/p>\n<p>Ap\u00f3s minucioso trabalho de apura\u00e7\u00e3o contra o tr\u00e1fico de drogas, a a\u00e7\u00e3o foi deflagrada por gentes da Delegacia de Investiga\u00e7\u00f5es Sobre Entorpecentes (Dise) da cidade, que se deslocaram at\u00e9 o endere\u00e7o para cumprimento ao mandado de busca e apreens\u00e3o.<\/p>\n<p>Durante campana realizada no local, a equipe visualizou um GM\/Agile saindo da garagem do im\u00f3vel e o abordou. A motorista negou qualquer envolvimento com a pr\u00e1tica criminosa, mas autorizou vistoria no carro, onde foram encontrados dois tijolos de coca\u00edna.<\/p>\n<p>Em continuidade \u00e0s dilig\u00eancias, os policiais realizaram buscas dentro da resid\u00eancia, onde foi encontrado farto material para refinamento, acondicionamento e manipula\u00e7\u00e3o de drogas, al\u00e9m de coca\u00edna, dinheiro e contabilidade relacionada ao tr\u00e1fico de drogas.<\/p>\n<p>Ao todo, foram apreendidas mais 47 por\u00e7\u00f5es da droga, al\u00e9m formas met\u00e1licas utilizadas em prensas hidr\u00e1ulicas, tesoura, peneiras, sacos e micro tubos vazios, fitas adesivas e R$ 2.684,00 em dinheiro. Os materiais foram encaminhados \u00e0 per\u00edcia. A mulher foi presa em flagrante e indiciada por tr\u00e1fico de drogas.<\/p>\n<\/div>\n<\/section>\n<\/div>\n","protected":false},"excerpt":{"rendered":"<p>Cerca de 50 por\u00e7\u00f5es de coca\u00edna e outros materiais relacionados<\/p>\n","protected":false},"author":2,"featured_media":39984,"comment_status":"open","ping_status":"open","sticky":false,"template":"","format":"standard","meta":{"footnotes":""},"categories":[23,30,105],"tags":[],"class_list":["post-39983","post","type-post","status-publish","format-standard","has-post-thumbnail","hentry","category-policia","category-regiao","category-sao-carlos"],"yoast_head":"<!-- This site is optimized with the Yoast SEO plugin v27.4 - https:\/\/yoast.com\/product\/yoast-seo-wordpress\/ -->\n<title>Dise de S\u00e3o Carlos det\u00e9m mulher que armazenava drogas em casa - Regi\u00e3o News<\/title>\n<meta name=\"robots\" content=\"index, follow, max-snippet:-1, max-image-preview:large, max-video-preview:-1\" \/>\n<link rel=\"canonical\" href=\"https:\/\/regiaonews.net.br\/2022\/2020\/11\/23\/dise-de-sao-carlos-detem-mulher-que-armazenava-drogas-em-casa\/\" \/>\n<meta property=\"og:locale\" content=\"pt_BR\" \/>\n<meta property=\"og:type\" content=\"article\" \/>\n<meta property=\"og:title\" content=\"Dise de S\u00e3o Carlos det\u00e9m mulher que armazenava drogas em casa - Regi\u00e3o News\" \/>\n<meta property=\"og:description\" content=\"Cerca de 50 por\u00e7\u00f5es de coca\u00edna e outros materiais relacionados\" \/>\n<meta property=\"og:url\" content=\"https:\/\/regiaonews.net.br\/2022\/2020\/11\/23\/dise-de-sao-carlos-detem-mulher-que-armazenava-drogas-em-casa\/\" \/>\n<meta property=\"og:site_name\" content=\"Regi\u00e3o News\" \/>\n<meta property=\"article:published_time\" content=\"2020-11-23T20:06:08+00:00\" \/>\n<meta property=\"article:modified_time\" content=\"2020-11-23T20:06:50+00:00\" \/>\n<meta property=\"og:image\" content=\"https:\/\/regiaonews.net.br\/2022\/wp-content\/uploads\/2020\/11\/00043194.jpeg\" \/>\n\t<meta property=\"og:image:width\" content=\"1152\" \/>\n\t<meta property=\"og:image:height\" content=\"560\" \/>\n\t<meta property=\"og:image:type\" content=\"image\/jpeg\" \/>\n<meta name=\"author\" content=\"Roberto\" \/>\n<meta name=\"twitter:card\" content=\"summary_large_image\" \/>\n<meta name=\"twitter:label1\" content=\"Escrito por\" \/>\n\t<meta name=\"twitter:data1\" content=\"Roberto\" \/>\n\t<meta name=\"twitter:label2\" content=\"Est. tempo de leitura\" \/>\n\t<meta name=\"twitter:data2\" content=\"1 minuto\" \/>\n<script type=\"application\/ld+json\" class=\"yoast-schema-graph\">{\"@context\":\"https:\\\/\\\/schema.org\",\"@graph\":[{\"@type\":\"Article\",\"@id\":\"https:\\\/\\\/regiaonews.net.br\\\/2022\\\/2020\\\/11\\\/23\\\/dise-de-sao-carlos-detem-mulher-que-armazenava-drogas-em-casa\\\/#article\",\"isPartOf\":{\"@id\":\"https:\\\/\\\/regiaonews.net.br\\\/2022\\\/2020\\\/11\\\/23\\\/dise-de-sao-carlos-detem-mulher-que-armazenava-drogas-em-casa\\\/\"},\"author\":{\"name\":\"Roberto\",\"@id\":\"https:\\\/\\\/regiaonews.net.br\\\/2022\\\/#\\\/schema\\\/person\\\/2d205a608a5aa97ac279d7a5e6d89ad8\"},\"headline\":\"Dise de S\u00e3o Carlos det\u00e9m mulher que armazenava drogas em casa\",\"datePublished\":\"2020-11-23T20:06:08+00:00\",\"dateModified\":\"2020-11-23T20:06:50+00:00\",\"mainEntityOfPage\":{\"@id\":\"https:\\\/\\\/regiaonews.net.br\\\/2022\\\/2020\\\/11\\\/23\\\/dise-de-sao-carlos-detem-mulher-que-armazenava-drogas-em-casa\\\/\"},\"wordCount\":252,\"commentCount\":0,\"publisher\":{\"@id\":\"https:\\\/\\\/regiaonews.net.br\\\/2022\\\/#organization\"},\"image\":{\"@id\":\"https:\\\/\\\/regiaonews.net.br\\\/2022\\\/2020\\\/11\\\/23\\\/dise-de-sao-carlos-detem-mulher-que-armazenava-drogas-em-casa\\\/#primaryimage\"},\"thumbnailUrl\":\"https:\\\/\\\/regiaonews.net.br\\\/2022\\\/wp-content\\\/uploads\\\/2020\\\/11\\\/00043194.jpeg\",\"articleSection\":[\"Policia\",\"Regi\u00e3o\",\"S\u00e3o Carlos\"],\"inLanguage\":\"pt-BR\",\"potentialAction\":[{\"@type\":\"CommentAction\",\"name\":\"Comment\",\"target\":[\"https:\\\/\\\/regiaonews.net.br\\\/2022\\\/2020\\\/11\\\/23\\\/dise-de-sao-carlos-detem-mulher-que-armazenava-drogas-em-casa\\\/#respond\"]}]},{\"@type\":\"WebPage\",\"@id\":\"https:\\\/\\\/regiaonews.net.br\\\/2022\\\/2020\\\/11\\\/23\\\/dise-de-sao-carlos-detem-mulher-que-armazenava-drogas-em-casa\\\/\",\"url\":\"https:\\\/\\\/regiaonews.net.br\\\/2022\\\/2020\\\/11\\\/23\\\/dise-de-sao-carlos-detem-mulher-que-armazenava-drogas-em-casa\\\/\",\"name\":\"Dise de S\u00e3o Carlos det\u00e9m mulher que armazenava drogas em casa - Regi\u00e3o News\",\"isPartOf\":{\"@id\":\"https:\\\/\\\/regiaonews.net.br\\\/2022\\\/#website\"},\"primaryImageOfPage\":{\"@id\":\"https:\\\/\\\/regiaonews.net.br\\\/2022\\\/2020\\\/11\\\/23\\\/dise-de-sao-carlos-detem-mulher-que-armazenava-drogas-em-casa\\\/#primaryimage\"},\"image\":{\"@id\":\"https:\\\/\\\/regiaonews.net.br\\\/2022\\\/2020\\\/11\\\/23\\\/dise-de-sao-carlos-detem-mulher-que-armazenava-drogas-em-casa\\\/#primaryimage\"},\"thumbnailUrl\":\"https:\\\/\\\/regiaonews.net.br\\\/2022\\\/wp-content\\\/uploads\\\/2020\\\/11\\\/00043194.jpeg\",\"datePublished\":\"2020-11-23T20:06:08+00:00\",\"dateModified\":\"2020-11-23T20:06:50+00:00\",\"breadcrumb\":{\"@id\":\"https:\\\/\\\/regiaonews.net.br\\\/2022\\\/2020\\\/11\\\/23\\\/dise-de-sao-carlos-detem-mulher-que-armazenava-drogas-em-casa\\\/#breadcrumb\"},\"inLanguage\":\"pt-BR\",\"potentialAction\":[{\"@type\":\"ReadAction\",\"target\":[\"https:\\\/\\\/regiaonews.net.br\\\/2022\\\/2020\\\/11\\\/23\\\/dise-de-sao-carlos-detem-mulher-que-armazenava-drogas-em-casa\\\/\"]}]},{\"@type\":\"ImageObject\",\"inLanguage\":\"pt-BR\",\"@id\":\"https:\\\/\\\/regiaonews.net.br\\\/2022\\\/2020\\\/11\\\/23\\\/dise-de-sao-carlos-detem-mulher-que-armazenava-drogas-em-casa\\\/#primaryimage\",\"url\":\"https:\\\/\\\/regiaonews.net.br\\\/2022\\\/wp-content\\\/uploads\\\/2020\\\/11\\\/00043194.jpeg\",\"contentUrl\":\"https:\\\/\\\/regiaonews.net.br\\\/2022\\\/wp-content\\\/uploads\\\/2020\\\/11\\\/00043194.jpeg\",\"width\":1152,\"height\":560},{\"@type\":\"BreadcrumbList\",\"@id\":\"https:\\\/\\\/regiaonews.net.br\\\/2022\\\/2020\\\/11\\\/23\\\/dise-de-sao-carlos-detem-mulher-que-armazenava-drogas-em-casa\\\/#breadcrumb\",\"itemListElement\":[{\"@type\":\"ListItem\",\"position\":1,\"name\":\"In\u00edcio\",\"item\":\"https:\\\/\\\/regiaonews.net.br\\\/2022\\\/\"},{\"@type\":\"ListItem\",\"position\":2,\"name\":\"Dise de S\u00e3o Carlos det\u00e9m mulher que armazenava drogas em casa\"}]},{\"@type\":\"WebSite\",\"@id\":\"https:\\\/\\\/regiaonews.net.br\\\/2022\\\/#website\",\"url\":\"https:\\\/\\\/regiaonews.net.br\\\/2022\\\/\",\"name\":\"Regi\u00e3o News\",\"description\":\"Site de Not\u00edcias de Barretos e regi\u00e3o\",\"publisher\":{\"@id\":\"https:\\\/\\\/regiaonews.net.br\\\/2022\\\/#organization\"},\"potentialAction\":[{\"@type\":\"SearchAction\",\"target\":{\"@type\":\"EntryPoint\",\"urlTemplate\":\"https:\\\/\\\/regiaonews.net.br\\\/2022\\\/?s={search_term_string}\"},\"query-input\":{\"@type\":\"PropertyValueSpecification\",\"valueRequired\":true,\"valueName\":\"search_term_string\"}}],\"inLanguage\":\"pt-BR\"},{\"@type\":\"Organization\",\"@id\":\"https:\\\/\\\/regiaonews.net.br\\\/2022\\\/#organization\",\"name\":\"Regi\u00e3o News\",\"url\":\"https:\\\/\\\/regiaonews.net.br\\\/2022\\\/\",\"logo\":{\"@type\":\"ImageObject\",\"inLanguage\":\"pt-BR\",\"@id\":\"https:\\\/\\\/regiaonews.net.br\\\/2022\\\/#\\\/schema\\\/logo\\\/image\\\/\",\"url\":\"https:\\\/\\\/regiaonews.net.br\\\/2022\\\/wp-content\\\/uploads\\\/2026\\\/03\\\/regiao-13-anos-scaled.jpg\",\"contentUrl\":\"https:\\\/\\\/regiaonews.net.br\\\/2022\\\/wp-content\\\/uploads\\\/2026\\\/03\\\/regiao-13-anos-scaled.jpg\",\"width\":2560,\"height\":635,\"caption\":\"Regi\u00e3o News\"},\"image\":{\"@id\":\"https:\\\/\\\/regiaonews.net.br\\\/2022\\\/#\\\/schema\\\/logo\\\/image\\\/\"}},{\"@type\":\"Person\",\"@id\":\"https:\\\/\\\/regiaonews.net.br\\\/2022\\\/#\\\/schema\\\/person\\\/2d205a608a5aa97ac279d7a5e6d89ad8\",\"name\":\"Roberto\",\"image\":{\"@type\":\"ImageObject\",\"inLanguage\":\"pt-BR\",\"@id\":\"https:\\\/\\\/secure.gravatar.com\\\/avatar\\\/42749d8b712ff9d59ca93dc150494e5b55a44134482993f5baeb97e61b7ecc89?s=96&d=mm&r=g\",\"url\":\"https:\\\/\\\/secure.gravatar.com\\\/avatar\\\/42749d8b712ff9d59ca93dc150494e5b55a44134482993f5baeb97e61b7ecc89?s=96&d=mm&r=g\",\"contentUrl\":\"https:\\\/\\\/secure.gravatar.com\\\/avatar\\\/42749d8b712ff9d59ca93dc150494e5b55a44134482993f5baeb97e61b7ecc89?s=96&d=mm&r=g\",\"caption\":\"Roberto\"},\"url\":\"https:\\\/\\\/regiaonews.net.br\\\/2022\\\/author\\\/roberto\\\/\"}]}<\/script>\n<!-- \/ Yoast SEO plugin. -->","yoast_head_json":{"title":"Dise de S\u00e3o Carlos det\u00e9m mulher que armazenava drogas em casa - Regi\u00e3o News","robots":{"index":"index","follow":"follow","max-snippet":"max-snippet:-1","max-image-preview":"max-image-preview:large","max-video-preview":"max-video-preview:-1"},"canonical":"https:\/\/regiaonews.net.br\/2022\/2020\/11\/23\/dise-de-sao-carlos-detem-mulher-que-armazenava-drogas-em-casa\/","og_locale":"pt_BR","og_type":"article","og_title":"Dise de S\u00e3o Carlos det\u00e9m mulher que armazenava drogas em casa - Regi\u00e3o News","og_description":"Cerca de 50 por\u00e7\u00f5es de coca\u00edna e outros materiais relacionados","og_url":"https:\/\/regiaonews.net.br\/2022\/2020\/11\/23\/dise-de-sao-carlos-detem-mulher-que-armazenava-drogas-em-casa\/","og_site_name":"Regi\u00e3o News","article_published_time":"2020-11-23T20:06:08+00:00","article_modified_time":"2020-11-23T20:06:50+00:00","og_image":[{"width":1152,"height":560,"url":"https:\/\/regiaonews.net.br\/2022\/wp-content\/uploads\/2020\/11\/00043194.jpeg","type":"image\/jpeg"}],"author":"Roberto","twitter_card":"summary_large_image","twitter_misc":{"Escrito por":"Roberto","Est. tempo de leitura":"1 minuto"},"schema":{"@context":"https:\/\/schema.org","@graph":[{"@type":"Article","@id":"https:\/\/regiaonews.net.br\/2022\/2020\/11\/23\/dise-de-sao-carlos-detem-mulher-que-armazenava-drogas-em-casa\/#article","isPartOf":{"@id":"https:\/\/regiaonews.net.br\/2022\/2020\/11\/23\/dise-de-sao-carlos-detem-mulher-que-armazenava-drogas-em-casa\/"},"author":{"name":"Roberto","@id":"https:\/\/regiaonews.net.br\/2022\/#\/schema\/person\/2d205a608a5aa97ac279d7a5e6d89ad8"},"headline":"Dise de S\u00e3o Carlos det\u00e9m mulher que armazenava drogas em casa","datePublished":"2020-11-23T20:06:08+00:00","dateModified":"2020-11-23T20:06:50+00:00","mainEntityOfPage":{"@id":"https:\/\/regiaonews.net.br\/2022\/2020\/11\/23\/dise-de-sao-carlos-detem-mulher-que-armazenava-drogas-em-casa\/"},"wordCount":252,"commentCount":0,"publisher":{"@id":"https:\/\/regiaonews.net.br\/2022\/#organization"},"image":{"@id":"https:\/\/regiaonews.net.br\/2022\/2020\/11\/23\/dise-de-sao-carlos-detem-mulher-que-armazenava-drogas-em-casa\/#primaryimage"},"thumbnailUrl":"https:\/\/regiaonews.net.br\/2022\/wp-content\/uploads\/2020\/11\/00043194.jpeg","articleSection":["Policia","Regi\u00e3o","S\u00e3o Carlos"],"inLanguage":"pt-BR","potentialAction":[{"@type":"CommentAction","name":"Comment","target":["https:\/\/regiaonews.net.br\/2022\/2020\/11\/23\/dise-de-sao-carlos-detem-mulher-que-armazenava-drogas-em-casa\/#respond"]}]},{"@type":"WebPage","@id":"https:\/\/regiaonews.net.br\/2022\/2020\/11\/23\/dise-de-sao-carlos-detem-mulher-que-armazenava-drogas-em-casa\/","url":"https:\/\/regiaonews.net.br\/2022\/2020\/11\/23\/dise-de-sao-carlos-detem-mulher-que-armazenava-drogas-em-casa\/","name":"Dise de S\u00e3o Carlos det\u00e9m mulher que armazenava drogas em casa - Regi\u00e3o News","isPartOf":{"@id":"https:\/\/regiaonews.net.br\/2022\/#website"},"primaryImageOfPage":{"@id":"https:\/\/regiaonews.net.br\/2022\/2020\/11\/23\/dise-de-sao-carlos-detem-mulher-que-armazenava-drogas-em-casa\/#primaryimage"},"image":{"@id":"https:\/\/regiaonews.net.br\/2022\/2020\/11\/23\/dise-de-sao-carlos-detem-mulher-que-armazenava-drogas-em-casa\/#primaryimage"},"thumbnailUrl":"https:\/\/regiaonews.net.br\/2022\/wp-content\/uploads\/2020\/11\/00043194.jpeg","datePublished":"2020-11-23T20:06:08+00:00","dateModified":"2020-11-23T20:06:50+00:00","breadcrumb":{"@id":"https:\/\/regiaonews.net.br\/2022\/2020\/11\/23\/dise-de-sao-carlos-detem-mulher-que-armazenava-drogas-em-casa\/#breadcrumb"},"inLanguage":"pt-BR","potentialAction":[{"@type":"ReadAction","target":["https:\/\/regiaonews.net.br\/2022\/2020\/11\/23\/dise-de-sao-carlos-detem-mulher-que-armazenava-drogas-em-casa\/"]}]},{"@type":"ImageObject","inLanguage":"pt-BR","@id":"https:\/\/regiaonews.net.br\/2022\/2020\/11\/23\/dise-de-sao-carlos-detem-mulher-que-armazenava-drogas-em-casa\/#primaryimage","url":"https:\/\/regiaonews.net.br\/2022\/wp-content\/uploads\/2020\/11\/00043194.jpeg","contentUrl":"https:\/\/regiaonews.net.br\/2022\/wp-content\/uploads\/2020\/11\/00043194.jpeg","width":1152,"height":560},{"@type":"BreadcrumbList","@id":"https:\/\/regiaonews.net.br\/2022\/2020\/11\/23\/dise-de-sao-carlos-detem-mulher-que-armazenava-drogas-em-casa\/#breadcrumb","itemListElement":[{"@type":"ListItem","position":1,"name":"In\u00edcio","item":"https:\/\/regiaonews.net.br\/2022\/"},{"@type":"ListItem","position":2,"name":"Dise de S\u00e3o Carlos det\u00e9m mulher que armazenava drogas em casa"}]},{"@type":"WebSite","@id":"https:\/\/regiaonews.net.br\/2022\/#website","url":"https:\/\/regiaonews.net.br\/2022\/","name":"Regi\u00e3o News","description":"Site de Not\u00edcias de Barretos e regi\u00e3o","publisher":{"@id":"https:\/\/regiaonews.net.br\/2022\/#organization"},"potentialAction":[{"@type":"SearchAction","target":{"@type":"EntryPoint","urlTemplate":"https:\/\/regiaonews.net.br\/2022\/?s={search_term_string}"},"query-input":{"@type":"PropertyValueSpecification","valueRequired":true,"valueName":"search_term_string"}}],"inLanguage":"pt-BR"},{"@type":"Organization","@id":"https:\/\/regiaonews.net.br\/2022\/#organization","name":"Regi\u00e3o News","url":"https:\/\/regiaonews.net.br\/2022\/","logo":{"@type":"ImageObject","inLanguage":"pt-BR","@id":"https:\/\/regiaonews.net.br\/2022\/#\/schema\/logo\/image\/","url":"https:\/\/regiaonews.net.br\/2022\/wp-content\/uploads\/2026\/03\/regiao-13-anos-scaled.jpg","contentUrl":"https:\/\/regiaonews.net.br\/2022\/wp-content\/uploads\/2026\/03\/regiao-13-anos-scaled.jpg","width":2560,"height":635,"caption":"Regi\u00e3o News"},"image":{"@id":"https:\/\/regiaonews.net.br\/2022\/#\/schema\/logo\/image\/"}},{"@type":"Person","@id":"https:\/\/regiaonews.net.br\/2022\/#\/schema\/person\/2d205a608a5aa97ac279d7a5e6d89ad8","name":"Roberto","image":{"@type":"ImageObject","inLanguage":"pt-BR","@id":"https:\/\/secure.gravatar.com\/avatar\/42749d8b712ff9d59ca93dc150494e5b55a44134482993f5baeb97e61b7ecc89?s=96&d=mm&r=g","url":"https:\/\/secure.gravatar.com\/avatar\/42749d8b712ff9d59ca93dc150494e5b55a44134482993f5baeb97e61b7ecc89?s=96&d=mm&r=g","contentUrl":"https:\/\/secure.gravatar.com\/avatar\/42749d8b712ff9d59ca93dc150494e5b55a44134482993f5baeb97e61b7ecc89?s=96&d=mm&r=g","caption":"Roberto"},"url":"https:\/\/regiaonews.net.br\/2022\/author\/roberto\/"}]}},"publishpress_future_action":{"enabled":false,"date":"2026-05-03 04:34:59","action":"change-status","newStatus":"draft","terms":[],"taxonomy":"category","extraData":[]},"publishpress_future_workflow_manual_trigger":{"enabledWorkflows":[]},"_links":{"self":[{"href":"https:\/\/regiaonews.net.br\/2022\/wp-json\/wp\/v2\/posts\/39983","targetHints":{"allow":["GET"]}}],"collection":[{"href":"https:\/\/regiaonews.net.br\/2022\/wp-json\/wp\/v2\/posts"}],"about":[{"href":"https:\/\/regiaonews.net.br\/2022\/wp-json\/wp\/v2\/types\/post"}],"author":[{"embeddable":true,"href":"https:\/\/regiaonews.net.br\/2022\/wp-json\/wp\/v2\/users\/2"}],"replies":[{"embeddable":true,"href":"https:\/\/regiaonews.net.br\/2022\/wp-json\/wp\/v2\/comments?post=39983"}],"version-history":[{"count":0,"href":"https:\/\/regiaonews.net.br\/2022\/wp-json\/wp\/v2\/posts\/39983\/revisions"}],"wp:featuredmedia":[{"embeddable":true,"href":"https:\/\/regiaonews.net.br\/2022\/wp-json\/wp\/v2\/media\/39984"}],"wp:attachment":[{"href":"https:\/\/regiaonews.net.br\/2022\/wp-json\/wp\/v2\/media?parent=39983"}],"wp:term":[{"taxonomy":"category","embeddable":true,"href":"https:\/\/regiaonews.net.br\/2022\/wp-json\/wp\/v2\/categories?post=39983"},{"taxonomy":"post_tag","embeddable":true,"href":"https:\/\/regiaonews.net.br\/2022\/wp-json\/wp\/v2\/tags?post=39983"}],"curies":[{"name":"wp","href":"https:\/\/api.w.org\/{rel}","templated":true}]}}