{"id":39964,"date":"2020-11-23T11:53:38","date_gmt":"2020-11-23T14:53:38","guid":{"rendered":"https:\/\/regiaonews.net.br\/2022\/?p=39964"},"modified":"2020-11-23T12:04:00","modified_gmt":"2020-11-23T15:04:00","slug":"pandemia-da-covid-19-nao-acabou-e-pedimos-a-colaboracao-da-populacao-orienta-vigilancia","status":"publish","type":"post","link":"https:\/\/regiaonews.net.br\/2022\/2020\/11\/23\/pandemia-da-covid-19-nao-acabou-e-pedimos-a-colaboracao-da-populacao-orienta-vigilancia\/","title":{"rendered":"Pandemia da Covid-19 n\u00e3o acabou e pedimos a colabora\u00e7\u00e3o da popula\u00e7\u00e3o\u201d, orienta Vigil\u00e2ncia"},"content":{"rendered":"<p><a href=\"https:\/\/regiaonews.net.br\/2022\/wp-content\/uploads\/2020\/11\/feaac9f1-717a-4380-baa4-6216a168a2c2.jpg\"><img loading=\"lazy\" decoding=\"async\" class=\"alignnone size-medium wp-image-39965\" src=\"https:\/\/regiaonews.net.br\/2022\/wp-content\/uploads\/2020\/11\/feaac9f1-717a-4380-baa4-6216a168a2c2-300x219.jpg\" alt=\"\" width=\"300\" height=\"219\" \/><\/a><\/p>\n<p>Foto \u2013 Os integrantes da Vigil\u00e2ncia Sanit\u00e1ria durante fiscaliza\u00e7\u00e3o no centro de Barretos<\/p>\n<p>Apesar das quedas nos n\u00fameros de casos positivos e de interna\u00e7\u00f5es na cidade de Barretos, conforme os boletins di\u00e1rios divulgados pela Secretaria de Sa\u00fade, a Vigil\u00e2ncia Sanit\u00e1ria, segue realizando as fiscaliza\u00e7\u00f5es de rotina nos estabelecimentos comerciais, bares, restaurantes e pelo cal\u00e7ad\u00e3o de Barretos. Segundo o coordenador da Vigil\u00e2ncia Sanit\u00e1ria, Marco Ant\u00f4nio Rocha, o trabalho continua sendo realizado, porque a pandemia n\u00e3o terminou. \u201cApesar dos casos em Barretos estarem regredindo, mas as fiscaliza\u00e7\u00f5es continuam e existe um decreto em vigor com regras preventivas que precisam ser respeitados\u201d, orientou Marco.<br \/>\nSegundo o coordenador da Vigil\u00e2ncia, a popula\u00e7\u00e3o deve manter o uso obrigat\u00f3rio de m\u00e1scaras para o deslocamento das pessoas, em virtude do aumento dos \u00edndices em na capital e algumas regi\u00f5es do Estado. \u201cN\u00f3s precisamos ficar atentos e se precaver de uma nova onda e de uma reinfesta\u00e7\u00e3o da doen\u00e7a\u201d, orientou.<br \/>\nDe acordo com a Vigil\u00e2ncia, al\u00e9m da fiscaliza\u00e7\u00e3o, a popula\u00e7\u00e3o e os estabelecimentos devem ficar atentos e exija o uso de m\u00e1scaras e \u00e1lcool em gel, que s\u00e3o medidas preventivas que evitam a contamina\u00e7\u00e3o.<br \/>\nAs den\u00fancias podem ser feitas no telefone (17) 99151-0591.<\/p>\n","protected":false},"excerpt":{"rendered":"<p>Foto \u2013 Os integrantes da Vigil\u00e2ncia Sanit\u00e1ria durante fiscaliza\u00e7\u00e3o no<\/p>\n","protected":false},"author":2,"featured_media":39965,"comment_status":"open","ping_status":"open","sticky":false,"template":"","format":"standard","meta":{"footnotes":""},"categories":[14,25],"tags":[],"class_list":["post-39964","post","type-post","status-publish","format-standard","has-post-thumbnail","hentry","category-barretos","category-cidades"],"yoast_head":"<!-- This site is optimized with the Yoast SEO plugin v27.4 - https:\/\/yoast.com\/product\/yoast-seo-wordpress\/ -->\n<title>Pandemia da Covid-19 n\u00e3o acabou e pedimos a colabora\u00e7\u00e3o da popula\u00e7\u00e3o\u201d, orienta Vigil\u00e2ncia - Regi\u00e3o News<\/title>\n<meta name=\"robots\" content=\"index, follow, max-snippet:-1, max-image-preview:large, max-video-preview:-1\" \/>\n<link rel=\"canonical\" href=\"https:\/\/regiaonews.net.br\/2022\/2020\/11\/23\/pandemia-da-covid-19-nao-acabou-e-pedimos-a-colaboracao-da-populacao-orienta-vigilancia\/\" \/>\n<meta property=\"og:locale\" content=\"pt_BR\" \/>\n<meta property=\"og:type\" content=\"article\" \/>\n<meta property=\"og:title\" content=\"Pandemia da Covid-19 n\u00e3o acabou e pedimos a colabora\u00e7\u00e3o da popula\u00e7\u00e3o\u201d, orienta Vigil\u00e2ncia - Regi\u00e3o News\" \/>\n<meta property=\"og:description\" content=\"Foto \u2013 Os integrantes da Vigil\u00e2ncia Sanit\u00e1ria durante fiscaliza\u00e7\u00e3o no\" \/>\n<meta property=\"og:url\" content=\"https:\/\/regiaonews.net.br\/2022\/2020\/11\/23\/pandemia-da-covid-19-nao-acabou-e-pedimos-a-colaboracao-da-populacao-orienta-vigilancia\/\" \/>\n<meta property=\"og:site_name\" content=\"Regi\u00e3o News\" \/>\n<meta property=\"article:published_time\" content=\"2020-11-23T14:53:38+00:00\" \/>\n<meta property=\"article:modified_time\" content=\"2020-11-23T15:04:00+00:00\" \/>\n<meta property=\"og:image\" content=\"https:\/\/regiaonews.net.br\/2022\/wp-content\/uploads\/2020\/11\/feaac9f1-717a-4380-baa4-6216a168a2c2.jpg\" \/>\n\t<meta property=\"og:image:width\" content=\"921\" \/>\n\t<meta property=\"og:image:height\" content=\"672\" \/>\n\t<meta property=\"og:image:type\" content=\"image\/jpeg\" \/>\n<meta name=\"author\" content=\"Roberto\" \/>\n<meta name=\"twitter:card\" content=\"summary_large_image\" \/>\n<meta name=\"twitter:label1\" content=\"Escrito por\" \/>\n\t<meta name=\"twitter:data1\" content=\"Roberto\" \/>\n\t<meta name=\"twitter:label2\" content=\"Est. tempo de leitura\" \/>\n\t<meta name=\"twitter:data2\" content=\"1 minuto\" \/>\n<script type=\"application\/ld+json\" class=\"yoast-schema-graph\">{\"@context\":\"https:\\\/\\\/schema.org\",\"@graph\":[{\"@type\":\"Article\",\"@id\":\"https:\\\/\\\/regiaonews.net.br\\\/2022\\\/2020\\\/11\\\/23\\\/pandemia-da-covid-19-nao-acabou-e-pedimos-a-colaboracao-da-populacao-orienta-vigilancia\\\/#article\",\"isPartOf\":{\"@id\":\"https:\\\/\\\/regiaonews.net.br\\\/2022\\\/2020\\\/11\\\/23\\\/pandemia-da-covid-19-nao-acabou-e-pedimos-a-colaboracao-da-populacao-orienta-vigilancia\\\/\"},\"author\":{\"name\":\"Roberto\",\"@id\":\"https:\\\/\\\/regiaonews.net.br\\\/2022\\\/#\\\/schema\\\/person\\\/2d205a608a5aa97ac279d7a5e6d89ad8\"},\"headline\":\"Pandemia da Covid-19 n\u00e3o acabou e pedimos a colabora\u00e7\u00e3o da popula\u00e7\u00e3o\u201d, orienta Vigil\u00e2ncia\",\"datePublished\":\"2020-11-23T14:53:38+00:00\",\"dateModified\":\"2020-11-23T15:04:00+00:00\",\"mainEntityOfPage\":{\"@id\":\"https:\\\/\\\/regiaonews.net.br\\\/2022\\\/2020\\\/11\\\/23\\\/pandemia-da-covid-19-nao-acabou-e-pedimos-a-colaboracao-da-populacao-orienta-vigilancia\\\/\"},\"wordCount\":243,\"commentCount\":0,\"publisher\":{\"@id\":\"https:\\\/\\\/regiaonews.net.br\\\/2022\\\/#organization\"},\"image\":{\"@id\":\"https:\\\/\\\/regiaonews.net.br\\\/2022\\\/2020\\\/11\\\/23\\\/pandemia-da-covid-19-nao-acabou-e-pedimos-a-colaboracao-da-populacao-orienta-vigilancia\\\/#primaryimage\"},\"thumbnailUrl\":\"https:\\\/\\\/regiaonews.net.br\\\/2022\\\/wp-content\\\/uploads\\\/2020\\\/11\\\/feaac9f1-717a-4380-baa4-6216a168a2c2.jpg\",\"articleSection\":[\"Barretos\",\"Cidades\"],\"inLanguage\":\"pt-BR\",\"potentialAction\":[{\"@type\":\"CommentAction\",\"name\":\"Comment\",\"target\":[\"https:\\\/\\\/regiaonews.net.br\\\/2022\\\/2020\\\/11\\\/23\\\/pandemia-da-covid-19-nao-acabou-e-pedimos-a-colaboracao-da-populacao-orienta-vigilancia\\\/#respond\"]}]},{\"@type\":\"WebPage\",\"@id\":\"https:\\\/\\\/regiaonews.net.br\\\/2022\\\/2020\\\/11\\\/23\\\/pandemia-da-covid-19-nao-acabou-e-pedimos-a-colaboracao-da-populacao-orienta-vigilancia\\\/\",\"url\":\"https:\\\/\\\/regiaonews.net.br\\\/2022\\\/2020\\\/11\\\/23\\\/pandemia-da-covid-19-nao-acabou-e-pedimos-a-colaboracao-da-populacao-orienta-vigilancia\\\/\",\"name\":\"Pandemia da Covid-19 n\u00e3o acabou e pedimos a colabora\u00e7\u00e3o da popula\u00e7\u00e3o\u201d, orienta Vigil\u00e2ncia - Regi\u00e3o News\",\"isPartOf\":{\"@id\":\"https:\\\/\\\/regiaonews.net.br\\\/2022\\\/#website\"},\"primaryImageOfPage\":{\"@id\":\"https:\\\/\\\/regiaonews.net.br\\\/2022\\\/2020\\\/11\\\/23\\\/pandemia-da-covid-19-nao-acabou-e-pedimos-a-colaboracao-da-populacao-orienta-vigilancia\\\/#primaryimage\"},\"image\":{\"@id\":\"https:\\\/\\\/regiaonews.net.br\\\/2022\\\/2020\\\/11\\\/23\\\/pandemia-da-covid-19-nao-acabou-e-pedimos-a-colaboracao-da-populacao-orienta-vigilancia\\\/#primaryimage\"},\"thumbnailUrl\":\"https:\\\/\\\/regiaonews.net.br\\\/2022\\\/wp-content\\\/uploads\\\/2020\\\/11\\\/feaac9f1-717a-4380-baa4-6216a168a2c2.jpg\",\"datePublished\":\"2020-11-23T14:53:38+00:00\",\"dateModified\":\"2020-11-23T15:04:00+00:00\",\"breadcrumb\":{\"@id\":\"https:\\\/\\\/regiaonews.net.br\\\/2022\\\/2020\\\/11\\\/23\\\/pandemia-da-covid-19-nao-acabou-e-pedimos-a-colaboracao-da-populacao-orienta-vigilancia\\\/#breadcrumb\"},\"inLanguage\":\"pt-BR\",\"potentialAction\":[{\"@type\":\"ReadAction\",\"target\":[\"https:\\\/\\\/regiaonews.net.br\\\/2022\\\/2020\\\/11\\\/23\\\/pandemia-da-covid-19-nao-acabou-e-pedimos-a-colaboracao-da-populacao-orienta-vigilancia\\\/\"]}]},{\"@type\":\"ImageObject\",\"inLanguage\":\"pt-BR\",\"@id\":\"https:\\\/\\\/regiaonews.net.br\\\/2022\\\/2020\\\/11\\\/23\\\/pandemia-da-covid-19-nao-acabou-e-pedimos-a-colaboracao-da-populacao-orienta-vigilancia\\\/#primaryimage\",\"url\":\"https:\\\/\\\/regiaonews.net.br\\\/2022\\\/wp-content\\\/uploads\\\/2020\\\/11\\\/feaac9f1-717a-4380-baa4-6216a168a2c2.jpg\",\"contentUrl\":\"https:\\\/\\\/regiaonews.net.br\\\/2022\\\/wp-content\\\/uploads\\\/2020\\\/11\\\/feaac9f1-717a-4380-baa4-6216a168a2c2.jpg\",\"width\":921,\"height\":672},{\"@type\":\"BreadcrumbList\",\"@id\":\"https:\\\/\\\/regiaonews.net.br\\\/2022\\\/2020\\\/11\\\/23\\\/pandemia-da-covid-19-nao-acabou-e-pedimos-a-colaboracao-da-populacao-orienta-vigilancia\\\/#breadcrumb\",\"itemListElement\":[{\"@type\":\"ListItem\",\"position\":1,\"name\":\"In\u00edcio\",\"item\":\"https:\\\/\\\/regiaonews.net.br\\\/2022\\\/\"},{\"@type\":\"ListItem\",\"position\":2,\"name\":\"Pandemia da Covid-19 n\u00e3o acabou e pedimos a colabora\u00e7\u00e3o da popula\u00e7\u00e3o\u201d, orienta Vigil\u00e2ncia\"}]},{\"@type\":\"WebSite\",\"@id\":\"https:\\\/\\\/regiaonews.net.br\\\/2022\\\/#website\",\"url\":\"https:\\\/\\\/regiaonews.net.br\\\/2022\\\/\",\"name\":\"Regi\u00e3o News\",\"description\":\"Site de Not\u00edcias de Barretos e regi\u00e3o\",\"publisher\":{\"@id\":\"https:\\\/\\\/regiaonews.net.br\\\/2022\\\/#organization\"},\"potentialAction\":[{\"@type\":\"SearchAction\",\"target\":{\"@type\":\"EntryPoint\",\"urlTemplate\":\"https:\\\/\\\/regiaonews.net.br\\\/2022\\\/?s={search_term_string}\"},\"query-input\":{\"@type\":\"PropertyValueSpecification\",\"valueRequired\":true,\"valueName\":\"search_term_string\"}}],\"inLanguage\":\"pt-BR\"},{\"@type\":\"Organization\",\"@id\":\"https:\\\/\\\/regiaonews.net.br\\\/2022\\\/#organization\",\"name\":\"Regi\u00e3o News\",\"url\":\"https:\\\/\\\/regiaonews.net.br\\\/2022\\\/\",\"logo\":{\"@type\":\"ImageObject\",\"inLanguage\":\"pt-BR\",\"@id\":\"https:\\\/\\\/regiaonews.net.br\\\/2022\\\/#\\\/schema\\\/logo\\\/image\\\/\",\"url\":\"https:\\\/\\\/regiaonews.net.br\\\/2022\\\/wp-content\\\/uploads\\\/2026\\\/03\\\/regiao-13-anos-scaled.jpg\",\"contentUrl\":\"https:\\\/\\\/regiaonews.net.br\\\/2022\\\/wp-content\\\/uploads\\\/2026\\\/03\\\/regiao-13-anos-scaled.jpg\",\"width\":2560,\"height\":635,\"caption\":\"Regi\u00e3o News\"},\"image\":{\"@id\":\"https:\\\/\\\/regiaonews.net.br\\\/2022\\\/#\\\/schema\\\/logo\\\/image\\\/\"}},{\"@type\":\"Person\",\"@id\":\"https:\\\/\\\/regiaonews.net.br\\\/2022\\\/#\\\/schema\\\/person\\\/2d205a608a5aa97ac279d7a5e6d89ad8\",\"name\":\"Roberto\",\"image\":{\"@type\":\"ImageObject\",\"inLanguage\":\"pt-BR\",\"@id\":\"https:\\\/\\\/secure.gravatar.com\\\/avatar\\\/42749d8b712ff9d59ca93dc150494e5b55a44134482993f5baeb97e61b7ecc89?s=96&d=mm&r=g\",\"url\":\"https:\\\/\\\/secure.gravatar.com\\\/avatar\\\/42749d8b712ff9d59ca93dc150494e5b55a44134482993f5baeb97e61b7ecc89?s=96&d=mm&r=g\",\"contentUrl\":\"https:\\\/\\\/secure.gravatar.com\\\/avatar\\\/42749d8b712ff9d59ca93dc150494e5b55a44134482993f5baeb97e61b7ecc89?s=96&d=mm&r=g\",\"caption\":\"Roberto\"},\"url\":\"https:\\\/\\\/regiaonews.net.br\\\/2022\\\/author\\\/roberto\\\/\"}]}<\/script>\n<!-- \/ Yoast SEO plugin. -->","yoast_head_json":{"title":"Pandemia da Covid-19 n\u00e3o acabou e pedimos a colabora\u00e7\u00e3o da popula\u00e7\u00e3o\u201d, orienta Vigil\u00e2ncia - Regi\u00e3o News","robots":{"index":"index","follow":"follow","max-snippet":"max-snippet:-1","max-image-preview":"max-image-preview:large","max-video-preview":"max-video-preview:-1"},"canonical":"https:\/\/regiaonews.net.br\/2022\/2020\/11\/23\/pandemia-da-covid-19-nao-acabou-e-pedimos-a-colaboracao-da-populacao-orienta-vigilancia\/","og_locale":"pt_BR","og_type":"article","og_title":"Pandemia da Covid-19 n\u00e3o acabou e pedimos a colabora\u00e7\u00e3o da popula\u00e7\u00e3o\u201d, orienta Vigil\u00e2ncia - Regi\u00e3o News","og_description":"Foto \u2013 Os integrantes da Vigil\u00e2ncia Sanit\u00e1ria durante fiscaliza\u00e7\u00e3o no","og_url":"https:\/\/regiaonews.net.br\/2022\/2020\/11\/23\/pandemia-da-covid-19-nao-acabou-e-pedimos-a-colaboracao-da-populacao-orienta-vigilancia\/","og_site_name":"Regi\u00e3o News","article_published_time":"2020-11-23T14:53:38+00:00","article_modified_time":"2020-11-23T15:04:00+00:00","og_image":[{"width":921,"height":672,"url":"https:\/\/regiaonews.net.br\/2022\/wp-content\/uploads\/2020\/11\/feaac9f1-717a-4380-baa4-6216a168a2c2.jpg","type":"image\/jpeg"}],"author":"Roberto","twitter_card":"summary_large_image","twitter_misc":{"Escrito por":"Roberto","Est. tempo de leitura":"1 minuto"},"schema":{"@context":"https:\/\/schema.org","@graph":[{"@type":"Article","@id":"https:\/\/regiaonews.net.br\/2022\/2020\/11\/23\/pandemia-da-covid-19-nao-acabou-e-pedimos-a-colaboracao-da-populacao-orienta-vigilancia\/#article","isPartOf":{"@id":"https:\/\/regiaonews.net.br\/2022\/2020\/11\/23\/pandemia-da-covid-19-nao-acabou-e-pedimos-a-colaboracao-da-populacao-orienta-vigilancia\/"},"author":{"name":"Roberto","@id":"https:\/\/regiaonews.net.br\/2022\/#\/schema\/person\/2d205a608a5aa97ac279d7a5e6d89ad8"},"headline":"Pandemia da Covid-19 n\u00e3o acabou e pedimos a colabora\u00e7\u00e3o da popula\u00e7\u00e3o\u201d, orienta Vigil\u00e2ncia","datePublished":"2020-11-23T14:53:38+00:00","dateModified":"2020-11-23T15:04:00+00:00","mainEntityOfPage":{"@id":"https:\/\/regiaonews.net.br\/2022\/2020\/11\/23\/pandemia-da-covid-19-nao-acabou-e-pedimos-a-colaboracao-da-populacao-orienta-vigilancia\/"},"wordCount":243,"commentCount":0,"publisher":{"@id":"https:\/\/regiaonews.net.br\/2022\/#organization"},"image":{"@id":"https:\/\/regiaonews.net.br\/2022\/2020\/11\/23\/pandemia-da-covid-19-nao-acabou-e-pedimos-a-colaboracao-da-populacao-orienta-vigilancia\/#primaryimage"},"thumbnailUrl":"https:\/\/regiaonews.net.br\/2022\/wp-content\/uploads\/2020\/11\/feaac9f1-717a-4380-baa4-6216a168a2c2.jpg","articleSection":["Barretos","Cidades"],"inLanguage":"pt-BR","potentialAction":[{"@type":"CommentAction","name":"Comment","target":["https:\/\/regiaonews.net.br\/2022\/2020\/11\/23\/pandemia-da-covid-19-nao-acabou-e-pedimos-a-colaboracao-da-populacao-orienta-vigilancia\/#respond"]}]},{"@type":"WebPage","@id":"https:\/\/regiaonews.net.br\/2022\/2020\/11\/23\/pandemia-da-covid-19-nao-acabou-e-pedimos-a-colaboracao-da-populacao-orienta-vigilancia\/","url":"https:\/\/regiaonews.net.br\/2022\/2020\/11\/23\/pandemia-da-covid-19-nao-acabou-e-pedimos-a-colaboracao-da-populacao-orienta-vigilancia\/","name":"Pandemia da Covid-19 n\u00e3o acabou e pedimos a colabora\u00e7\u00e3o da popula\u00e7\u00e3o\u201d, orienta Vigil\u00e2ncia - Regi\u00e3o News","isPartOf":{"@id":"https:\/\/regiaonews.net.br\/2022\/#website"},"primaryImageOfPage":{"@id":"https:\/\/regiaonews.net.br\/2022\/2020\/11\/23\/pandemia-da-covid-19-nao-acabou-e-pedimos-a-colaboracao-da-populacao-orienta-vigilancia\/#primaryimage"},"image":{"@id":"https:\/\/regiaonews.net.br\/2022\/2020\/11\/23\/pandemia-da-covid-19-nao-acabou-e-pedimos-a-colaboracao-da-populacao-orienta-vigilancia\/#primaryimage"},"thumbnailUrl":"https:\/\/regiaonews.net.br\/2022\/wp-content\/uploads\/2020\/11\/feaac9f1-717a-4380-baa4-6216a168a2c2.jpg","datePublished":"2020-11-23T14:53:38+00:00","dateModified":"2020-11-23T15:04:00+00:00","breadcrumb":{"@id":"https:\/\/regiaonews.net.br\/2022\/2020\/11\/23\/pandemia-da-covid-19-nao-acabou-e-pedimos-a-colaboracao-da-populacao-orienta-vigilancia\/#breadcrumb"},"inLanguage":"pt-BR","potentialAction":[{"@type":"ReadAction","target":["https:\/\/regiaonews.net.br\/2022\/2020\/11\/23\/pandemia-da-covid-19-nao-acabou-e-pedimos-a-colaboracao-da-populacao-orienta-vigilancia\/"]}]},{"@type":"ImageObject","inLanguage":"pt-BR","@id":"https:\/\/regiaonews.net.br\/2022\/2020\/11\/23\/pandemia-da-covid-19-nao-acabou-e-pedimos-a-colaboracao-da-populacao-orienta-vigilancia\/#primaryimage","url":"https:\/\/regiaonews.net.br\/2022\/wp-content\/uploads\/2020\/11\/feaac9f1-717a-4380-baa4-6216a168a2c2.jpg","contentUrl":"https:\/\/regiaonews.net.br\/2022\/wp-content\/uploads\/2020\/11\/feaac9f1-717a-4380-baa4-6216a168a2c2.jpg","width":921,"height":672},{"@type":"BreadcrumbList","@id":"https:\/\/regiaonews.net.br\/2022\/2020\/11\/23\/pandemia-da-covid-19-nao-acabou-e-pedimos-a-colaboracao-da-populacao-orienta-vigilancia\/#breadcrumb","itemListElement":[{"@type":"ListItem","position":1,"name":"In\u00edcio","item":"https:\/\/regiaonews.net.br\/2022\/"},{"@type":"ListItem","position":2,"name":"Pandemia da Covid-19 n\u00e3o acabou e pedimos a colabora\u00e7\u00e3o da popula\u00e7\u00e3o\u201d, orienta Vigil\u00e2ncia"}]},{"@type":"WebSite","@id":"https:\/\/regiaonews.net.br\/2022\/#website","url":"https:\/\/regiaonews.net.br\/2022\/","name":"Regi\u00e3o News","description":"Site de Not\u00edcias de Barretos e regi\u00e3o","publisher":{"@id":"https:\/\/regiaonews.net.br\/2022\/#organization"},"potentialAction":[{"@type":"SearchAction","target":{"@type":"EntryPoint","urlTemplate":"https:\/\/regiaonews.net.br\/2022\/?s={search_term_string}"},"query-input":{"@type":"PropertyValueSpecification","valueRequired":true,"valueName":"search_term_string"}}],"inLanguage":"pt-BR"},{"@type":"Organization","@id":"https:\/\/regiaonews.net.br\/2022\/#organization","name":"Regi\u00e3o News","url":"https:\/\/regiaonews.net.br\/2022\/","logo":{"@type":"ImageObject","inLanguage":"pt-BR","@id":"https:\/\/regiaonews.net.br\/2022\/#\/schema\/logo\/image\/","url":"https:\/\/regiaonews.net.br\/2022\/wp-content\/uploads\/2026\/03\/regiao-13-anos-scaled.jpg","contentUrl":"https:\/\/regiaonews.net.br\/2022\/wp-content\/uploads\/2026\/03\/regiao-13-anos-scaled.jpg","width":2560,"height":635,"caption":"Regi\u00e3o News"},"image":{"@id":"https:\/\/regiaonews.net.br\/2022\/#\/schema\/logo\/image\/"}},{"@type":"Person","@id":"https:\/\/regiaonews.net.br\/2022\/#\/schema\/person\/2d205a608a5aa97ac279d7a5e6d89ad8","name":"Roberto","image":{"@type":"ImageObject","inLanguage":"pt-BR","@id":"https:\/\/secure.gravatar.com\/avatar\/42749d8b712ff9d59ca93dc150494e5b55a44134482993f5baeb97e61b7ecc89?s=96&d=mm&r=g","url":"https:\/\/secure.gravatar.com\/avatar\/42749d8b712ff9d59ca93dc150494e5b55a44134482993f5baeb97e61b7ecc89?s=96&d=mm&r=g","contentUrl":"https:\/\/secure.gravatar.com\/avatar\/42749d8b712ff9d59ca93dc150494e5b55a44134482993f5baeb97e61b7ecc89?s=96&d=mm&r=g","caption":"Roberto"},"url":"https:\/\/regiaonews.net.br\/2022\/author\/roberto\/"}]}},"publishpress_future_action":{"enabled":false,"date":"2026-05-03 07:52:45","action":"change-status","newStatus":"draft","terms":[],"taxonomy":"category","extraData":[]},"publishpress_future_workflow_manual_trigger":{"enabledWorkflows":[]},"_links":{"self":[{"href":"https:\/\/regiaonews.net.br\/2022\/wp-json\/wp\/v2\/posts\/39964","targetHints":{"allow":["GET"]}}],"collection":[{"href":"https:\/\/regiaonews.net.br\/2022\/wp-json\/wp\/v2\/posts"}],"about":[{"href":"https:\/\/regiaonews.net.br\/2022\/wp-json\/wp\/v2\/types\/post"}],"author":[{"embeddable":true,"href":"https:\/\/regiaonews.net.br\/2022\/wp-json\/wp\/v2\/users\/2"}],"replies":[{"embeddable":true,"href":"https:\/\/regiaonews.net.br\/2022\/wp-json\/wp\/v2\/comments?post=39964"}],"version-history":[{"count":0,"href":"https:\/\/regiaonews.net.br\/2022\/wp-json\/wp\/v2\/posts\/39964\/revisions"}],"wp:featuredmedia":[{"embeddable":true,"href":"https:\/\/regiaonews.net.br\/2022\/wp-json\/wp\/v2\/media\/39965"}],"wp:attachment":[{"href":"https:\/\/regiaonews.net.br\/2022\/wp-json\/wp\/v2\/media?parent=39964"}],"wp:term":[{"taxonomy":"category","embeddable":true,"href":"https:\/\/regiaonews.net.br\/2022\/wp-json\/wp\/v2\/categories?post=39964"},{"taxonomy":"post_tag","embeddable":true,"href":"https:\/\/regiaonews.net.br\/2022\/wp-json\/wp\/v2\/tags?post=39964"}],"curies":[{"name":"wp","href":"https:\/\/api.w.org\/{rel}","templated":true}]}}