{"id":39960,"date":"2020-11-23T09:45:52","date_gmt":"2020-11-23T12:45:52","guid":{"rendered":"https:\/\/regiaonews.net.br\/2022\/?p=39960"},"modified":"2020-11-23T09:45:52","modified_gmt":"2020-11-23T12:45:52","slug":"enterprise-narcotraficantes-sao-alvo-de-maior-operacao-do-ano-da-pf","status":"publish","type":"post","link":"https:\/\/regiaonews.net.br\/2022\/2020\/11\/23\/enterprise-narcotraficantes-sao-alvo-de-maior-operacao-do-ano-da-pf\/","title":{"rendered":"Enterprise: narcotraficantes s\u00e3o alvo de maior opera\u00e7\u00e3o do ano da PF"},"content":{"rendered":"<figure id=\"attachment_39961\" aria-describedby=\"caption-attachment-39961\" style=\"width: 300px\" class=\"wp-caption alignnone\"><a href=\"https:\/\/regiaonews.net.br\/2022\/wp-content\/uploads\/2020\/11\/policia_federal_operacao_enteprise_justicamcamjr_23112000578.jpg\"><img loading=\"lazy\" decoding=\"async\" class=\"size-medium wp-image-39961\" src=\"https:\/\/regiaonews.net.br\/2022\/wp-content\/uploads\/2020\/11\/policia_federal_operacao_enteprise_justicamcamjr_23112000578-300x179.jpg\" alt=\"\" width=\"300\" height=\"179\" \/><\/a><figcaption id=\"caption-attachment-39961\" class=\"wp-caption-text\">Divulga\u00e7\u00e3o da Pol\u00edcia Federal sobre a Opera\u00e7\u00e3o Enteprise<\/figcaption><\/figure>\n<p>A Pol\u00edcia Federal (PF) e a Receita Federal deflagraram nesta segunda-feira (23) a Opera\u00e7\u00e3o Enterprise. Somente hoje, cerca de 670 policiais federais e mais 30 servidores da Receita cumprem 149 mandados de busca e 66 mandados de pris\u00e3o nos estados do Paran\u00e1, de Santa Catarina, S\u00e3o Paulo, Mato Grosso do Sul, Mato Grosso, do Par\u00e1, Minas Gerais, do Rio Grande do Norte, da Bahia e de Pernambuco. As medidas foram expedidas pela 14\u00aa Vara Federal de Curitiba.<img decoding=\"async\" src=\"https:\/\/agenciabrasil.ebc.com.br\/ebc.png?id=1394244&amp;o=node\" \/><img decoding=\"async\" src=\"https:\/\/agenciabrasil.ebc.com.br\/ebc.gif?id=1394244&amp;o=node\" \/><\/p>\n<p>A Interpol tamb\u00e9m foi acionada para a pris\u00e3o de oito investigados que est\u00e3o no exterior, bem como a identifica\u00e7\u00e3o e sequestro de bens em outros pa\u00edses. \u201c\u00c9 a maior opera\u00e7\u00e3o do ano no combate \u00e0 lavagem de dinheiro do tr\u00e1fico de drogas e uma das maiores da hist\u00f3ria na apreens\u00e3o de coca\u00edna nos portos brasileiros, uma vez se tratar de uma organiza\u00e7\u00e3o criminosa especializada no envio de coca\u00edna para a Europa\u201d, destacou\u00a0a assessoria da PF.<\/p>\n<h2>Apreens\u00f5es<\/h2>\n<p>Na megaopera\u00e7\u00e3o de hoje, foram apreendidos im\u00f3veis, aeronaves e ve\u00edculos de luxo. A expectativa \u00e9 que novos bens sejam identificados ap\u00f3s o cumprimento de todos os mandados de busca e apreens\u00e3o. Al\u00e9m da pris\u00e3o de bens cujo valor pode\u00a0chegar a R$ 400 milh\u00f5es, a Opera\u00e7\u00e3o Enterprise\u00a0\u00e9 a maior da hist\u00f3ria em apreens\u00e3o de coca\u00edna. Durante a investiga\u00e7\u00e3o, foram anteriormente apreendidas 50 toneladas da droga em portos do Brasil, da Europa e da \u00c1frica. O esquema utilizado pelos criminosos consistia na lavagem de bens e ativos multimilion\u00e1rios no Brasil e no exterior com uso de v\u00e1rias interpostas pessoas (\u201claranjas\u201d) e empresas fict\u00edcias, a fim de dar apar\u00eancia l\u00edcita ao lucro do tr\u00e1fico.<\/p>\n<h2>Enterprise<\/h2>\n<p>O nome da opera\u00e7\u00e3o, segundo a PF, faz alus\u00e3o \u00e0 dimens\u00e3o da organiza\u00e7\u00e3o criminosa investigada, que atua como um grande empreendimento internacional na lavagem de dinheiro e exporta\u00e7\u00e3o de coca\u00edna, o que trouxe alto grau de complexidade \u00e0 investiga\u00e7\u00e3o policial.<\/p>\n<p>fonte: Ag\u00eancia Brasil<\/p>\n","protected":false},"excerpt":{"rendered":"<p>A Pol\u00edcia Federal (PF) e a Receita Federal deflagraram nesta<\/p>\n","protected":false},"author":2,"featured_media":39961,"comment_status":"open","ping_status":"open","sticky":false,"template":"","format":"standard","meta":{"footnotes":""},"categories":[24,25,23],"tags":[],"class_list":["post-39960","post","type-post","status-publish","format-standard","has-post-thumbnail","hentry","category-brasil","category-cidades","category-policia"],"yoast_head":"<!-- This site is optimized with the Yoast SEO plugin v27.4 - https:\/\/yoast.com\/product\/yoast-seo-wordpress\/ -->\n<title>Enterprise: narcotraficantes s\u00e3o alvo de maior opera\u00e7\u00e3o do ano da PF - Regi\u00e3o News<\/title>\n<meta name=\"robots\" content=\"index, follow, max-snippet:-1, max-image-preview:large, max-video-preview:-1\" \/>\n<link rel=\"canonical\" href=\"https:\/\/regiaonews.net.br\/2022\/2020\/11\/23\/enterprise-narcotraficantes-sao-alvo-de-maior-operacao-do-ano-da-pf\/\" \/>\n<meta property=\"og:locale\" content=\"pt_BR\" \/>\n<meta property=\"og:type\" content=\"article\" \/>\n<meta property=\"og:title\" content=\"Enterprise: narcotraficantes s\u00e3o alvo de maior opera\u00e7\u00e3o do ano da PF - Regi\u00e3o News\" \/>\n<meta property=\"og:description\" content=\"A Pol\u00edcia Federal (PF) e a Receita Federal deflagraram nesta\" \/>\n<meta property=\"og:url\" content=\"https:\/\/regiaonews.net.br\/2022\/2020\/11\/23\/enterprise-narcotraficantes-sao-alvo-de-maior-operacao-do-ano-da-pf\/\" \/>\n<meta property=\"og:site_name\" content=\"Regi\u00e3o News\" \/>\n<meta property=\"article:published_time\" content=\"2020-11-23T12:45:52+00:00\" \/>\n<meta property=\"og:image\" content=\"https:\/\/regiaonews.net.br\/2022\/wp-content\/uploads\/2020\/11\/policia_federal_operacao_enteprise_justicamcamjr_23112000578.jpg\" \/>\n\t<meta property=\"og:image:width\" content=\"1170\" \/>\n\t<meta property=\"og:image:height\" content=\"700\" \/>\n\t<meta property=\"og:image:type\" content=\"image\/jpeg\" \/>\n<meta name=\"author\" content=\"Roberto\" \/>\n<meta name=\"twitter:card\" content=\"summary_large_image\" \/>\n<meta name=\"twitter:label1\" content=\"Escrito por\" \/>\n\t<meta name=\"twitter:data1\" content=\"Roberto\" \/>\n\t<meta name=\"twitter:label2\" content=\"Est. tempo de leitura\" \/>\n\t<meta name=\"twitter:data2\" content=\"2 minutos\" \/>\n<script type=\"application\/ld+json\" class=\"yoast-schema-graph\">{\"@context\":\"https:\\\/\\\/schema.org\",\"@graph\":[{\"@type\":\"Article\",\"@id\":\"https:\\\/\\\/regiaonews.net.br\\\/2022\\\/2020\\\/11\\\/23\\\/enterprise-narcotraficantes-sao-alvo-de-maior-operacao-do-ano-da-pf\\\/#article\",\"isPartOf\":{\"@id\":\"https:\\\/\\\/regiaonews.net.br\\\/2022\\\/2020\\\/11\\\/23\\\/enterprise-narcotraficantes-sao-alvo-de-maior-operacao-do-ano-da-pf\\\/\"},\"author\":{\"name\":\"Roberto\",\"@id\":\"https:\\\/\\\/regiaonews.net.br\\\/2022\\\/#\\\/schema\\\/person\\\/2d205a608a5aa97ac279d7a5e6d89ad8\"},\"headline\":\"Enterprise: narcotraficantes s\u00e3o alvo de maior opera\u00e7\u00e3o do ano da PF\",\"datePublished\":\"2020-11-23T12:45:52+00:00\",\"mainEntityOfPage\":{\"@id\":\"https:\\\/\\\/regiaonews.net.br\\\/2022\\\/2020\\\/11\\\/23\\\/enterprise-narcotraficantes-sao-alvo-de-maior-operacao-do-ano-da-pf\\\/\"},\"wordCount\":372,\"commentCount\":0,\"publisher\":{\"@id\":\"https:\\\/\\\/regiaonews.net.br\\\/2022\\\/#organization\"},\"image\":{\"@id\":\"https:\\\/\\\/regiaonews.net.br\\\/2022\\\/2020\\\/11\\\/23\\\/enterprise-narcotraficantes-sao-alvo-de-maior-operacao-do-ano-da-pf\\\/#primaryimage\"},\"thumbnailUrl\":\"https:\\\/\\\/regiaonews.net.br\\\/2022\\\/wp-content\\\/uploads\\\/2020\\\/11\\\/policia_federal_operacao_enteprise_justicamcamjr_23112000578.jpg\",\"articleSection\":[\"Brasil\",\"Cidades\",\"Policia\"],\"inLanguage\":\"pt-BR\",\"potentialAction\":[{\"@type\":\"CommentAction\",\"name\":\"Comment\",\"target\":[\"https:\\\/\\\/regiaonews.net.br\\\/2022\\\/2020\\\/11\\\/23\\\/enterprise-narcotraficantes-sao-alvo-de-maior-operacao-do-ano-da-pf\\\/#respond\"]}]},{\"@type\":\"WebPage\",\"@id\":\"https:\\\/\\\/regiaonews.net.br\\\/2022\\\/2020\\\/11\\\/23\\\/enterprise-narcotraficantes-sao-alvo-de-maior-operacao-do-ano-da-pf\\\/\",\"url\":\"https:\\\/\\\/regiaonews.net.br\\\/2022\\\/2020\\\/11\\\/23\\\/enterprise-narcotraficantes-sao-alvo-de-maior-operacao-do-ano-da-pf\\\/\",\"name\":\"Enterprise: narcotraficantes s\u00e3o alvo de maior opera\u00e7\u00e3o do ano da PF - Regi\u00e3o News\",\"isPartOf\":{\"@id\":\"https:\\\/\\\/regiaonews.net.br\\\/2022\\\/#website\"},\"primaryImageOfPage\":{\"@id\":\"https:\\\/\\\/regiaonews.net.br\\\/2022\\\/2020\\\/11\\\/23\\\/enterprise-narcotraficantes-sao-alvo-de-maior-operacao-do-ano-da-pf\\\/#primaryimage\"},\"image\":{\"@id\":\"https:\\\/\\\/regiaonews.net.br\\\/2022\\\/2020\\\/11\\\/23\\\/enterprise-narcotraficantes-sao-alvo-de-maior-operacao-do-ano-da-pf\\\/#primaryimage\"},\"thumbnailUrl\":\"https:\\\/\\\/regiaonews.net.br\\\/2022\\\/wp-content\\\/uploads\\\/2020\\\/11\\\/policia_federal_operacao_enteprise_justicamcamjr_23112000578.jpg\",\"datePublished\":\"2020-11-23T12:45:52+00:00\",\"breadcrumb\":{\"@id\":\"https:\\\/\\\/regiaonews.net.br\\\/2022\\\/2020\\\/11\\\/23\\\/enterprise-narcotraficantes-sao-alvo-de-maior-operacao-do-ano-da-pf\\\/#breadcrumb\"},\"inLanguage\":\"pt-BR\",\"potentialAction\":[{\"@type\":\"ReadAction\",\"target\":[\"https:\\\/\\\/regiaonews.net.br\\\/2022\\\/2020\\\/11\\\/23\\\/enterprise-narcotraficantes-sao-alvo-de-maior-operacao-do-ano-da-pf\\\/\"]}]},{\"@type\":\"ImageObject\",\"inLanguage\":\"pt-BR\",\"@id\":\"https:\\\/\\\/regiaonews.net.br\\\/2022\\\/2020\\\/11\\\/23\\\/enterprise-narcotraficantes-sao-alvo-de-maior-operacao-do-ano-da-pf\\\/#primaryimage\",\"url\":\"https:\\\/\\\/regiaonews.net.br\\\/2022\\\/wp-content\\\/uploads\\\/2020\\\/11\\\/policia_federal_operacao_enteprise_justicamcamjr_23112000578.jpg\",\"contentUrl\":\"https:\\\/\\\/regiaonews.net.br\\\/2022\\\/wp-content\\\/uploads\\\/2020\\\/11\\\/policia_federal_operacao_enteprise_justicamcamjr_23112000578.jpg\",\"width\":1170,\"height\":700,\"caption\":\"Divulga\u00e7\u00e3o da Pol\u00edcia Federal sobre a Opera\u00e7\u00e3o Enteprise\"},{\"@type\":\"BreadcrumbList\",\"@id\":\"https:\\\/\\\/regiaonews.net.br\\\/2022\\\/2020\\\/11\\\/23\\\/enterprise-narcotraficantes-sao-alvo-de-maior-operacao-do-ano-da-pf\\\/#breadcrumb\",\"itemListElement\":[{\"@type\":\"ListItem\",\"position\":1,\"name\":\"In\u00edcio\",\"item\":\"https:\\\/\\\/regiaonews.net.br\\\/2022\\\/\"},{\"@type\":\"ListItem\",\"position\":2,\"name\":\"Enterprise: narcotraficantes s\u00e3o alvo de maior opera\u00e7\u00e3o do ano da PF\"}]},{\"@type\":\"WebSite\",\"@id\":\"https:\\\/\\\/regiaonews.net.br\\\/2022\\\/#website\",\"url\":\"https:\\\/\\\/regiaonews.net.br\\\/2022\\\/\",\"name\":\"Regi\u00e3o News\",\"description\":\"Site de Not\u00edcias de Barretos e regi\u00e3o\",\"publisher\":{\"@id\":\"https:\\\/\\\/regiaonews.net.br\\\/2022\\\/#organization\"},\"potentialAction\":[{\"@type\":\"SearchAction\",\"target\":{\"@type\":\"EntryPoint\",\"urlTemplate\":\"https:\\\/\\\/regiaonews.net.br\\\/2022\\\/?s={search_term_string}\"},\"query-input\":{\"@type\":\"PropertyValueSpecification\",\"valueRequired\":true,\"valueName\":\"search_term_string\"}}],\"inLanguage\":\"pt-BR\"},{\"@type\":\"Organization\",\"@id\":\"https:\\\/\\\/regiaonews.net.br\\\/2022\\\/#organization\",\"name\":\"Regi\u00e3o News\",\"url\":\"https:\\\/\\\/regiaonews.net.br\\\/2022\\\/\",\"logo\":{\"@type\":\"ImageObject\",\"inLanguage\":\"pt-BR\",\"@id\":\"https:\\\/\\\/regiaonews.net.br\\\/2022\\\/#\\\/schema\\\/logo\\\/image\\\/\",\"url\":\"https:\\\/\\\/regiaonews.net.br\\\/2022\\\/wp-content\\\/uploads\\\/2026\\\/03\\\/regiao-13-anos-scaled.jpg\",\"contentUrl\":\"https:\\\/\\\/regiaonews.net.br\\\/2022\\\/wp-content\\\/uploads\\\/2026\\\/03\\\/regiao-13-anos-scaled.jpg\",\"width\":2560,\"height\":635,\"caption\":\"Regi\u00e3o News\"},\"image\":{\"@id\":\"https:\\\/\\\/regiaonews.net.br\\\/2022\\\/#\\\/schema\\\/logo\\\/image\\\/\"}},{\"@type\":\"Person\",\"@id\":\"https:\\\/\\\/regiaonews.net.br\\\/2022\\\/#\\\/schema\\\/person\\\/2d205a608a5aa97ac279d7a5e6d89ad8\",\"name\":\"Roberto\",\"image\":{\"@type\":\"ImageObject\",\"inLanguage\":\"pt-BR\",\"@id\":\"https:\\\/\\\/secure.gravatar.com\\\/avatar\\\/42749d8b712ff9d59ca93dc150494e5b55a44134482993f5baeb97e61b7ecc89?s=96&d=mm&r=g\",\"url\":\"https:\\\/\\\/secure.gravatar.com\\\/avatar\\\/42749d8b712ff9d59ca93dc150494e5b55a44134482993f5baeb97e61b7ecc89?s=96&d=mm&r=g\",\"contentUrl\":\"https:\\\/\\\/secure.gravatar.com\\\/avatar\\\/42749d8b712ff9d59ca93dc150494e5b55a44134482993f5baeb97e61b7ecc89?s=96&d=mm&r=g\",\"caption\":\"Roberto\"},\"url\":\"https:\\\/\\\/regiaonews.net.br\\\/2022\\\/author\\\/roberto\\\/\"}]}<\/script>\n<!-- \/ Yoast SEO plugin. -->","yoast_head_json":{"title":"Enterprise: narcotraficantes s\u00e3o alvo de maior opera\u00e7\u00e3o do ano da PF - Regi\u00e3o News","robots":{"index":"index","follow":"follow","max-snippet":"max-snippet:-1","max-image-preview":"max-image-preview:large","max-video-preview":"max-video-preview:-1"},"canonical":"https:\/\/regiaonews.net.br\/2022\/2020\/11\/23\/enterprise-narcotraficantes-sao-alvo-de-maior-operacao-do-ano-da-pf\/","og_locale":"pt_BR","og_type":"article","og_title":"Enterprise: narcotraficantes s\u00e3o alvo de maior opera\u00e7\u00e3o do ano da PF - Regi\u00e3o News","og_description":"A Pol\u00edcia Federal (PF) e a Receita Federal deflagraram nesta","og_url":"https:\/\/regiaonews.net.br\/2022\/2020\/11\/23\/enterprise-narcotraficantes-sao-alvo-de-maior-operacao-do-ano-da-pf\/","og_site_name":"Regi\u00e3o News","article_published_time":"2020-11-23T12:45:52+00:00","og_image":[{"width":1170,"height":700,"url":"https:\/\/regiaonews.net.br\/2022\/wp-content\/uploads\/2020\/11\/policia_federal_operacao_enteprise_justicamcamjr_23112000578.jpg","type":"image\/jpeg"}],"author":"Roberto","twitter_card":"summary_large_image","twitter_misc":{"Escrito por":"Roberto","Est. tempo de leitura":"2 minutos"},"schema":{"@context":"https:\/\/schema.org","@graph":[{"@type":"Article","@id":"https:\/\/regiaonews.net.br\/2022\/2020\/11\/23\/enterprise-narcotraficantes-sao-alvo-de-maior-operacao-do-ano-da-pf\/#article","isPartOf":{"@id":"https:\/\/regiaonews.net.br\/2022\/2020\/11\/23\/enterprise-narcotraficantes-sao-alvo-de-maior-operacao-do-ano-da-pf\/"},"author":{"name":"Roberto","@id":"https:\/\/regiaonews.net.br\/2022\/#\/schema\/person\/2d205a608a5aa97ac279d7a5e6d89ad8"},"headline":"Enterprise: narcotraficantes s\u00e3o alvo de maior opera\u00e7\u00e3o do ano da PF","datePublished":"2020-11-23T12:45:52+00:00","mainEntityOfPage":{"@id":"https:\/\/regiaonews.net.br\/2022\/2020\/11\/23\/enterprise-narcotraficantes-sao-alvo-de-maior-operacao-do-ano-da-pf\/"},"wordCount":372,"commentCount":0,"publisher":{"@id":"https:\/\/regiaonews.net.br\/2022\/#organization"},"image":{"@id":"https:\/\/regiaonews.net.br\/2022\/2020\/11\/23\/enterprise-narcotraficantes-sao-alvo-de-maior-operacao-do-ano-da-pf\/#primaryimage"},"thumbnailUrl":"https:\/\/regiaonews.net.br\/2022\/wp-content\/uploads\/2020\/11\/policia_federal_operacao_enteprise_justicamcamjr_23112000578.jpg","articleSection":["Brasil","Cidades","Policia"],"inLanguage":"pt-BR","potentialAction":[{"@type":"CommentAction","name":"Comment","target":["https:\/\/regiaonews.net.br\/2022\/2020\/11\/23\/enterprise-narcotraficantes-sao-alvo-de-maior-operacao-do-ano-da-pf\/#respond"]}]},{"@type":"WebPage","@id":"https:\/\/regiaonews.net.br\/2022\/2020\/11\/23\/enterprise-narcotraficantes-sao-alvo-de-maior-operacao-do-ano-da-pf\/","url":"https:\/\/regiaonews.net.br\/2022\/2020\/11\/23\/enterprise-narcotraficantes-sao-alvo-de-maior-operacao-do-ano-da-pf\/","name":"Enterprise: narcotraficantes s\u00e3o alvo de maior opera\u00e7\u00e3o do ano da PF - Regi\u00e3o News","isPartOf":{"@id":"https:\/\/regiaonews.net.br\/2022\/#website"},"primaryImageOfPage":{"@id":"https:\/\/regiaonews.net.br\/2022\/2020\/11\/23\/enterprise-narcotraficantes-sao-alvo-de-maior-operacao-do-ano-da-pf\/#primaryimage"},"image":{"@id":"https:\/\/regiaonews.net.br\/2022\/2020\/11\/23\/enterprise-narcotraficantes-sao-alvo-de-maior-operacao-do-ano-da-pf\/#primaryimage"},"thumbnailUrl":"https:\/\/regiaonews.net.br\/2022\/wp-content\/uploads\/2020\/11\/policia_federal_operacao_enteprise_justicamcamjr_23112000578.jpg","datePublished":"2020-11-23T12:45:52+00:00","breadcrumb":{"@id":"https:\/\/regiaonews.net.br\/2022\/2020\/11\/23\/enterprise-narcotraficantes-sao-alvo-de-maior-operacao-do-ano-da-pf\/#breadcrumb"},"inLanguage":"pt-BR","potentialAction":[{"@type":"ReadAction","target":["https:\/\/regiaonews.net.br\/2022\/2020\/11\/23\/enterprise-narcotraficantes-sao-alvo-de-maior-operacao-do-ano-da-pf\/"]}]},{"@type":"ImageObject","inLanguage":"pt-BR","@id":"https:\/\/regiaonews.net.br\/2022\/2020\/11\/23\/enterprise-narcotraficantes-sao-alvo-de-maior-operacao-do-ano-da-pf\/#primaryimage","url":"https:\/\/regiaonews.net.br\/2022\/wp-content\/uploads\/2020\/11\/policia_federal_operacao_enteprise_justicamcamjr_23112000578.jpg","contentUrl":"https:\/\/regiaonews.net.br\/2022\/wp-content\/uploads\/2020\/11\/policia_federal_operacao_enteprise_justicamcamjr_23112000578.jpg","width":1170,"height":700,"caption":"Divulga\u00e7\u00e3o da Pol\u00edcia Federal sobre a Opera\u00e7\u00e3o Enteprise"},{"@type":"BreadcrumbList","@id":"https:\/\/regiaonews.net.br\/2022\/2020\/11\/23\/enterprise-narcotraficantes-sao-alvo-de-maior-operacao-do-ano-da-pf\/#breadcrumb","itemListElement":[{"@type":"ListItem","position":1,"name":"In\u00edcio","item":"https:\/\/regiaonews.net.br\/2022\/"},{"@type":"ListItem","position":2,"name":"Enterprise: narcotraficantes s\u00e3o alvo de maior opera\u00e7\u00e3o do ano da PF"}]},{"@type":"WebSite","@id":"https:\/\/regiaonews.net.br\/2022\/#website","url":"https:\/\/regiaonews.net.br\/2022\/","name":"Regi\u00e3o News","description":"Site de Not\u00edcias de Barretos e regi\u00e3o","publisher":{"@id":"https:\/\/regiaonews.net.br\/2022\/#organization"},"potentialAction":[{"@type":"SearchAction","target":{"@type":"EntryPoint","urlTemplate":"https:\/\/regiaonews.net.br\/2022\/?s={search_term_string}"},"query-input":{"@type":"PropertyValueSpecification","valueRequired":true,"valueName":"search_term_string"}}],"inLanguage":"pt-BR"},{"@type":"Organization","@id":"https:\/\/regiaonews.net.br\/2022\/#organization","name":"Regi\u00e3o News","url":"https:\/\/regiaonews.net.br\/2022\/","logo":{"@type":"ImageObject","inLanguage":"pt-BR","@id":"https:\/\/regiaonews.net.br\/2022\/#\/schema\/logo\/image\/","url":"https:\/\/regiaonews.net.br\/2022\/wp-content\/uploads\/2026\/03\/regiao-13-anos-scaled.jpg","contentUrl":"https:\/\/regiaonews.net.br\/2022\/wp-content\/uploads\/2026\/03\/regiao-13-anos-scaled.jpg","width":2560,"height":635,"caption":"Regi\u00e3o News"},"image":{"@id":"https:\/\/regiaonews.net.br\/2022\/#\/schema\/logo\/image\/"}},{"@type":"Person","@id":"https:\/\/regiaonews.net.br\/2022\/#\/schema\/person\/2d205a608a5aa97ac279d7a5e6d89ad8","name":"Roberto","image":{"@type":"ImageObject","inLanguage":"pt-BR","@id":"https:\/\/secure.gravatar.com\/avatar\/42749d8b712ff9d59ca93dc150494e5b55a44134482993f5baeb97e61b7ecc89?s=96&d=mm&r=g","url":"https:\/\/secure.gravatar.com\/avatar\/42749d8b712ff9d59ca93dc150494e5b55a44134482993f5baeb97e61b7ecc89?s=96&d=mm&r=g","contentUrl":"https:\/\/secure.gravatar.com\/avatar\/42749d8b712ff9d59ca93dc150494e5b55a44134482993f5baeb97e61b7ecc89?s=96&d=mm&r=g","caption":"Roberto"},"url":"https:\/\/regiaonews.net.br\/2022\/author\/roberto\/"}]}},"publishpress_future_action":{"enabled":false,"date":"2026-05-03 04:35:00","action":"change-status","newStatus":"draft","terms":[],"taxonomy":"category","extraData":[]},"publishpress_future_workflow_manual_trigger":{"enabledWorkflows":[]},"_links":{"self":[{"href":"https:\/\/regiaonews.net.br\/2022\/wp-json\/wp\/v2\/posts\/39960","targetHints":{"allow":["GET"]}}],"collection":[{"href":"https:\/\/regiaonews.net.br\/2022\/wp-json\/wp\/v2\/posts"}],"about":[{"href":"https:\/\/regiaonews.net.br\/2022\/wp-json\/wp\/v2\/types\/post"}],"author":[{"embeddable":true,"href":"https:\/\/regiaonews.net.br\/2022\/wp-json\/wp\/v2\/users\/2"}],"replies":[{"embeddable":true,"href":"https:\/\/regiaonews.net.br\/2022\/wp-json\/wp\/v2\/comments?post=39960"}],"version-history":[{"count":0,"href":"https:\/\/regiaonews.net.br\/2022\/wp-json\/wp\/v2\/posts\/39960\/revisions"}],"wp:featuredmedia":[{"embeddable":true,"href":"https:\/\/regiaonews.net.br\/2022\/wp-json\/wp\/v2\/media\/39961"}],"wp:attachment":[{"href":"https:\/\/regiaonews.net.br\/2022\/wp-json\/wp\/v2\/media?parent=39960"}],"wp:term":[{"taxonomy":"category","embeddable":true,"href":"https:\/\/regiaonews.net.br\/2022\/wp-json\/wp\/v2\/categories?post=39960"},{"taxonomy":"post_tag","embeddable":true,"href":"https:\/\/regiaonews.net.br\/2022\/wp-json\/wp\/v2\/tags?post=39960"}],"curies":[{"name":"wp","href":"https:\/\/api.w.org\/{rel}","templated":true}]}}