{"id":39955,"date":"2020-11-22T20:57:12","date_gmt":"2020-11-22T23:57:12","guid":{"rendered":"https:\/\/regiaonews.net.br\/2022\/?p=39955"},"modified":"2020-11-22T20:57:12","modified_gmt":"2020-11-22T23:57:12","slug":"camara-homenageia-ex-vereador-dr-otavio-com-sala-do-juridico-do-legislativo","status":"publish","type":"post","link":"https:\/\/regiaonews.net.br\/2022\/2020\/11\/22\/camara-homenageia-ex-vereador-dr-otavio-com-sala-do-juridico-do-legislativo\/","title":{"rendered":"C\u00e2mara homenageia ex-vereador Dr. Ot\u00e1vio com sala do jur\u00eddico do Legislativo"},"content":{"rendered":"<p><a href=\"https:\/\/regiaonews.net.br\/2022\/wp-content\/uploads\/2020\/11\/16057983205fb689b00e109.jpg\"><img loading=\"lazy\" decoding=\"async\" class=\"alignnone size-medium wp-image-39956\" src=\"https:\/\/regiaonews.net.br\/2022\/wp-content\/uploads\/2020\/11\/16057983205fb689b00e109-300x199.jpg\" alt=\"\" width=\"300\" height=\"199\" \/><\/a> <a href=\"https:\/\/regiaonews.net.br\/2022\/wp-content\/uploads\/2020\/11\/16057983235fb689b3ae2ca.jpg\"><img loading=\"lazy\" decoding=\"async\" class=\"alignnone size-medium wp-image-39957\" src=\"https:\/\/regiaonews.net.br\/2022\/wp-content\/uploads\/2020\/11\/16057983235fb689b3ae2ca-300x191.jpg\" alt=\"\" width=\"300\" height=\"191\" \/><\/a> <a href=\"https:\/\/regiaonews.net.br\/2022\/wp-content\/uploads\/2020\/11\/16057983455fb689c9b2bd1.jpg\"><img loading=\"lazy\" decoding=\"async\" class=\"alignnone size-medium wp-image-39958\" src=\"https:\/\/regiaonews.net.br\/2022\/wp-content\/uploads\/2020\/11\/16057983455fb689c9b2bd1-300x170.jpg\" alt=\"\" width=\"300\" height=\"170\" \/><\/a><\/p>\n<p>A Mesa Diretora da C\u00e2mara, formada pelos vereadores Jo\u00e3o Mulata (Presidente), Sargento Cipriano (Vice-Presidente), Kapetinha (1\u00ba Secret\u00e1rio) e Betim da Comunidade (2\u00ba Secret\u00e1rio), inaugurou na manh\u00e3 desta quinta-feira (19), a Sala Vereador \u201cDr. Ot\u00e1vio Alves Garcia&#8221;.<\/p>\n<p>O espa\u00e7o, que est\u00e1 localizado dentro do pr\u00e9dio da C\u00e2mara Municipal, passou a abrigar o setor da Procuradoria Legislativa. Al\u00e9m de proporcionar mais conforto aos servidores, que estavam em local improvisado, vai garantir\u00a0organiza\u00e7\u00e3o,\u00a0preserva\u00e7\u00e3o e\u00a0seguran\u00e7a aos documentos e processos jur\u00eddicos.<\/p>\n<p>O nome da sala foi definido pela <a title=\"\" href=\"http:\/\/consulta.camarabarretos.sp.gov.br\/Documentos\/Documento\/351918\" target=\"_blank\" rel=\"noopener noreferrer\" data-original-title=\"\"><strong>Lei Municipal n\u00ba 5.959\/2020<\/strong><\/a>, em homenagem ao ex-vereador\u00a0<a title=\"\" href=\"https:\/\/camarabarretos.sp.gov.br\/images\/noticias\/5018\/alta_16057963645fb6820c5ac11.jpg\" data-original-title=\"\"><strong>Dr. Ot\u00e1vio Alves Garcia<\/strong><\/a>, que faleceu em abril de 2020 ap\u00f3s lutar meses contra um c\u00e2ncer.\u00a0Dr. Ot\u00e1vio tinha 68\u00a0anos, era advogado criminalista e foi vereador em Barretos por 7(sete) legislaturas ( 1989-1992; 1997 a 2020).<\/p>\n<p>Al\u00e9m dos membros da Mesa Diretora e dos servidores da C\u00e2mara, participaram da inaugura\u00e7\u00e3o a esposa do Presidente Jo\u00e3o Mulata, Marasilvia Pereira;\u00a0a esposa do\u00a0Dr. Ot\u00e1vio,\u00a0Roseli Aparecida Ferreira Garcia;\u00a0a filha Leticia Ferreira Alves Garcia; e o amigo Rog\u00e9rio Augusto Gon\u00e7alves.<\/p>\n","protected":false},"excerpt":{"rendered":"<p>A Mesa Diretora da C\u00e2mara, formada pelos vereadores Jo\u00e3o Mulata<\/p>\n","protected":false},"author":2,"featured_media":39958,"comment_status":"open","ping_status":"open","sticky":false,"template":"","format":"standard","meta":{"footnotes":""},"categories":[14,25,22],"tags":[],"class_list":["post-39955","post","type-post","status-publish","format-standard","has-post-thumbnail","hentry","category-barretos","category-cidades","category-politica"],"yoast_head":"<!-- This site is optimized with the Yoast SEO plugin v27.4 - https:\/\/yoast.com\/product\/yoast-seo-wordpress\/ -->\n<title>C\u00e2mara homenageia ex-vereador Dr. Ot\u00e1vio com sala do jur\u00eddico do Legislativo - Regi\u00e3o News<\/title>\n<meta name=\"robots\" content=\"index, follow, max-snippet:-1, max-image-preview:large, max-video-preview:-1\" \/>\n<link rel=\"canonical\" href=\"https:\/\/regiaonews.net.br\/2022\/2020\/11\/22\/camara-homenageia-ex-vereador-dr-otavio-com-sala-do-juridico-do-legislativo\/\" \/>\n<meta property=\"og:locale\" content=\"pt_BR\" \/>\n<meta property=\"og:type\" content=\"article\" \/>\n<meta property=\"og:title\" content=\"C\u00e2mara homenageia ex-vereador Dr. Ot\u00e1vio com sala do jur\u00eddico do Legislativo - Regi\u00e3o News\" \/>\n<meta property=\"og:description\" content=\"A Mesa Diretora da C\u00e2mara, formada pelos vereadores Jo\u00e3o Mulata\" \/>\n<meta property=\"og:url\" content=\"https:\/\/regiaonews.net.br\/2022\/2020\/11\/22\/camara-homenageia-ex-vereador-dr-otavio-com-sala-do-juridico-do-legislativo\/\" \/>\n<meta property=\"og:site_name\" content=\"Regi\u00e3o News\" \/>\n<meta property=\"article:published_time\" content=\"2020-11-22T23:57:12+00:00\" \/>\n<meta property=\"og:image\" content=\"https:\/\/regiaonews.net.br\/2022\/wp-content\/uploads\/2020\/11\/16057983455fb689c9b2bd1.jpg\" \/>\n\t<meta property=\"og:image:width\" content=\"600\" \/>\n\t<meta property=\"og:image:height\" content=\"340\" \/>\n\t<meta property=\"og:image:type\" content=\"image\/jpeg\" \/>\n<meta name=\"author\" content=\"Roberto\" \/>\n<meta name=\"twitter:card\" content=\"summary_large_image\" \/>\n<meta name=\"twitter:label1\" content=\"Escrito por\" \/>\n\t<meta name=\"twitter:data1\" content=\"Roberto\" \/>\n\t<meta name=\"twitter:label2\" content=\"Est. tempo de leitura\" \/>\n\t<meta name=\"twitter:data2\" content=\"1 minuto\" \/>\n<script type=\"application\/ld+json\" class=\"yoast-schema-graph\">{\"@context\":\"https:\\\/\\\/schema.org\",\"@graph\":[{\"@type\":\"Article\",\"@id\":\"https:\\\/\\\/regiaonews.net.br\\\/2022\\\/2020\\\/11\\\/22\\\/camara-homenageia-ex-vereador-dr-otavio-com-sala-do-juridico-do-legislativo\\\/#article\",\"isPartOf\":{\"@id\":\"https:\\\/\\\/regiaonews.net.br\\\/2022\\\/2020\\\/11\\\/22\\\/camara-homenageia-ex-vereador-dr-otavio-com-sala-do-juridico-do-legislativo\\\/\"},\"author\":{\"name\":\"Roberto\",\"@id\":\"https:\\\/\\\/regiaonews.net.br\\\/2022\\\/#\\\/schema\\\/person\\\/2d205a608a5aa97ac279d7a5e6d89ad8\"},\"headline\":\"C\u00e2mara homenageia ex-vereador Dr. Ot\u00e1vio com sala do jur\u00eddico do Legislativo\",\"datePublished\":\"2020-11-22T23:57:12+00:00\",\"mainEntityOfPage\":{\"@id\":\"https:\\\/\\\/regiaonews.net.br\\\/2022\\\/2020\\\/11\\\/22\\\/camara-homenageia-ex-vereador-dr-otavio-com-sala-do-juridico-do-legislativo\\\/\"},\"wordCount\":202,\"commentCount\":0,\"publisher\":{\"@id\":\"https:\\\/\\\/regiaonews.net.br\\\/2022\\\/#organization\"},\"image\":{\"@id\":\"https:\\\/\\\/regiaonews.net.br\\\/2022\\\/2020\\\/11\\\/22\\\/camara-homenageia-ex-vereador-dr-otavio-com-sala-do-juridico-do-legislativo\\\/#primaryimage\"},\"thumbnailUrl\":\"https:\\\/\\\/regiaonews.net.br\\\/2022\\\/wp-content\\\/uploads\\\/2020\\\/11\\\/16057983455fb689c9b2bd1.jpg\",\"articleSection\":[\"Barretos\",\"Cidades\",\"Pol\u00edtica\"],\"inLanguage\":\"pt-BR\",\"potentialAction\":[{\"@type\":\"CommentAction\",\"name\":\"Comment\",\"target\":[\"https:\\\/\\\/regiaonews.net.br\\\/2022\\\/2020\\\/11\\\/22\\\/camara-homenageia-ex-vereador-dr-otavio-com-sala-do-juridico-do-legislativo\\\/#respond\"]}]},{\"@type\":\"WebPage\",\"@id\":\"https:\\\/\\\/regiaonews.net.br\\\/2022\\\/2020\\\/11\\\/22\\\/camara-homenageia-ex-vereador-dr-otavio-com-sala-do-juridico-do-legislativo\\\/\",\"url\":\"https:\\\/\\\/regiaonews.net.br\\\/2022\\\/2020\\\/11\\\/22\\\/camara-homenageia-ex-vereador-dr-otavio-com-sala-do-juridico-do-legislativo\\\/\",\"name\":\"C\u00e2mara homenageia ex-vereador Dr. Ot\u00e1vio com sala do jur\u00eddico do Legislativo - Regi\u00e3o News\",\"isPartOf\":{\"@id\":\"https:\\\/\\\/regiaonews.net.br\\\/2022\\\/#website\"},\"primaryImageOfPage\":{\"@id\":\"https:\\\/\\\/regiaonews.net.br\\\/2022\\\/2020\\\/11\\\/22\\\/camara-homenageia-ex-vereador-dr-otavio-com-sala-do-juridico-do-legislativo\\\/#primaryimage\"},\"image\":{\"@id\":\"https:\\\/\\\/regiaonews.net.br\\\/2022\\\/2020\\\/11\\\/22\\\/camara-homenageia-ex-vereador-dr-otavio-com-sala-do-juridico-do-legislativo\\\/#primaryimage\"},\"thumbnailUrl\":\"https:\\\/\\\/regiaonews.net.br\\\/2022\\\/wp-content\\\/uploads\\\/2020\\\/11\\\/16057983455fb689c9b2bd1.jpg\",\"datePublished\":\"2020-11-22T23:57:12+00:00\",\"breadcrumb\":{\"@id\":\"https:\\\/\\\/regiaonews.net.br\\\/2022\\\/2020\\\/11\\\/22\\\/camara-homenageia-ex-vereador-dr-otavio-com-sala-do-juridico-do-legislativo\\\/#breadcrumb\"},\"inLanguage\":\"pt-BR\",\"potentialAction\":[{\"@type\":\"ReadAction\",\"target\":[\"https:\\\/\\\/regiaonews.net.br\\\/2022\\\/2020\\\/11\\\/22\\\/camara-homenageia-ex-vereador-dr-otavio-com-sala-do-juridico-do-legislativo\\\/\"]}]},{\"@type\":\"ImageObject\",\"inLanguage\":\"pt-BR\",\"@id\":\"https:\\\/\\\/regiaonews.net.br\\\/2022\\\/2020\\\/11\\\/22\\\/camara-homenageia-ex-vereador-dr-otavio-com-sala-do-juridico-do-legislativo\\\/#primaryimage\",\"url\":\"https:\\\/\\\/regiaonews.net.br\\\/2022\\\/wp-content\\\/uploads\\\/2020\\\/11\\\/16057983455fb689c9b2bd1.jpg\",\"contentUrl\":\"https:\\\/\\\/regiaonews.net.br\\\/2022\\\/wp-content\\\/uploads\\\/2020\\\/11\\\/16057983455fb689c9b2bd1.jpg\",\"width\":600,\"height\":340},{\"@type\":\"BreadcrumbList\",\"@id\":\"https:\\\/\\\/regiaonews.net.br\\\/2022\\\/2020\\\/11\\\/22\\\/camara-homenageia-ex-vereador-dr-otavio-com-sala-do-juridico-do-legislativo\\\/#breadcrumb\",\"itemListElement\":[{\"@type\":\"ListItem\",\"position\":1,\"name\":\"In\u00edcio\",\"item\":\"https:\\\/\\\/regiaonews.net.br\\\/2022\\\/\"},{\"@type\":\"ListItem\",\"position\":2,\"name\":\"C\u00e2mara homenageia ex-vereador Dr. Ot\u00e1vio com sala do jur\u00eddico do Legislativo\"}]},{\"@type\":\"WebSite\",\"@id\":\"https:\\\/\\\/regiaonews.net.br\\\/2022\\\/#website\",\"url\":\"https:\\\/\\\/regiaonews.net.br\\\/2022\\\/\",\"name\":\"Regi\u00e3o News\",\"description\":\"Site de Not\u00edcias de Barretos e regi\u00e3o\",\"publisher\":{\"@id\":\"https:\\\/\\\/regiaonews.net.br\\\/2022\\\/#organization\"},\"potentialAction\":[{\"@type\":\"SearchAction\",\"target\":{\"@type\":\"EntryPoint\",\"urlTemplate\":\"https:\\\/\\\/regiaonews.net.br\\\/2022\\\/?s={search_term_string}\"},\"query-input\":{\"@type\":\"PropertyValueSpecification\",\"valueRequired\":true,\"valueName\":\"search_term_string\"}}],\"inLanguage\":\"pt-BR\"},{\"@type\":\"Organization\",\"@id\":\"https:\\\/\\\/regiaonews.net.br\\\/2022\\\/#organization\",\"name\":\"Regi\u00e3o News\",\"url\":\"https:\\\/\\\/regiaonews.net.br\\\/2022\\\/\",\"logo\":{\"@type\":\"ImageObject\",\"inLanguage\":\"pt-BR\",\"@id\":\"https:\\\/\\\/regiaonews.net.br\\\/2022\\\/#\\\/schema\\\/logo\\\/image\\\/\",\"url\":\"https:\\\/\\\/regiaonews.net.br\\\/2022\\\/wp-content\\\/uploads\\\/2026\\\/03\\\/regiao-13-anos-scaled.jpg\",\"contentUrl\":\"https:\\\/\\\/regiaonews.net.br\\\/2022\\\/wp-content\\\/uploads\\\/2026\\\/03\\\/regiao-13-anos-scaled.jpg\",\"width\":2560,\"height\":635,\"caption\":\"Regi\u00e3o News\"},\"image\":{\"@id\":\"https:\\\/\\\/regiaonews.net.br\\\/2022\\\/#\\\/schema\\\/logo\\\/image\\\/\"}},{\"@type\":\"Person\",\"@id\":\"https:\\\/\\\/regiaonews.net.br\\\/2022\\\/#\\\/schema\\\/person\\\/2d205a608a5aa97ac279d7a5e6d89ad8\",\"name\":\"Roberto\",\"image\":{\"@type\":\"ImageObject\",\"inLanguage\":\"pt-BR\",\"@id\":\"https:\\\/\\\/secure.gravatar.com\\\/avatar\\\/42749d8b712ff9d59ca93dc150494e5b55a44134482993f5baeb97e61b7ecc89?s=96&d=mm&r=g\",\"url\":\"https:\\\/\\\/secure.gravatar.com\\\/avatar\\\/42749d8b712ff9d59ca93dc150494e5b55a44134482993f5baeb97e61b7ecc89?s=96&d=mm&r=g\",\"contentUrl\":\"https:\\\/\\\/secure.gravatar.com\\\/avatar\\\/42749d8b712ff9d59ca93dc150494e5b55a44134482993f5baeb97e61b7ecc89?s=96&d=mm&r=g\",\"caption\":\"Roberto\"},\"url\":\"https:\\\/\\\/regiaonews.net.br\\\/2022\\\/author\\\/roberto\\\/\"}]}<\/script>\n<!-- \/ Yoast SEO plugin. -->","yoast_head_json":{"title":"C\u00e2mara homenageia ex-vereador Dr. Ot\u00e1vio com sala do jur\u00eddico do Legislativo - Regi\u00e3o News","robots":{"index":"index","follow":"follow","max-snippet":"max-snippet:-1","max-image-preview":"max-image-preview:large","max-video-preview":"max-video-preview:-1"},"canonical":"https:\/\/regiaonews.net.br\/2022\/2020\/11\/22\/camara-homenageia-ex-vereador-dr-otavio-com-sala-do-juridico-do-legislativo\/","og_locale":"pt_BR","og_type":"article","og_title":"C\u00e2mara homenageia ex-vereador Dr. Ot\u00e1vio com sala do jur\u00eddico do Legislativo - Regi\u00e3o News","og_description":"A Mesa Diretora da C\u00e2mara, formada pelos vereadores Jo\u00e3o Mulata","og_url":"https:\/\/regiaonews.net.br\/2022\/2020\/11\/22\/camara-homenageia-ex-vereador-dr-otavio-com-sala-do-juridico-do-legislativo\/","og_site_name":"Regi\u00e3o News","article_published_time":"2020-11-22T23:57:12+00:00","og_image":[{"width":600,"height":340,"url":"https:\/\/regiaonews.net.br\/2022\/wp-content\/uploads\/2020\/11\/16057983455fb689c9b2bd1.jpg","type":"image\/jpeg"}],"author":"Roberto","twitter_card":"summary_large_image","twitter_misc":{"Escrito por":"Roberto","Est. tempo de leitura":"1 minuto"},"schema":{"@context":"https:\/\/schema.org","@graph":[{"@type":"Article","@id":"https:\/\/regiaonews.net.br\/2022\/2020\/11\/22\/camara-homenageia-ex-vereador-dr-otavio-com-sala-do-juridico-do-legislativo\/#article","isPartOf":{"@id":"https:\/\/regiaonews.net.br\/2022\/2020\/11\/22\/camara-homenageia-ex-vereador-dr-otavio-com-sala-do-juridico-do-legislativo\/"},"author":{"name":"Roberto","@id":"https:\/\/regiaonews.net.br\/2022\/#\/schema\/person\/2d205a608a5aa97ac279d7a5e6d89ad8"},"headline":"C\u00e2mara homenageia ex-vereador Dr. Ot\u00e1vio com sala do jur\u00eddico do Legislativo","datePublished":"2020-11-22T23:57:12+00:00","mainEntityOfPage":{"@id":"https:\/\/regiaonews.net.br\/2022\/2020\/11\/22\/camara-homenageia-ex-vereador-dr-otavio-com-sala-do-juridico-do-legislativo\/"},"wordCount":202,"commentCount":0,"publisher":{"@id":"https:\/\/regiaonews.net.br\/2022\/#organization"},"image":{"@id":"https:\/\/regiaonews.net.br\/2022\/2020\/11\/22\/camara-homenageia-ex-vereador-dr-otavio-com-sala-do-juridico-do-legislativo\/#primaryimage"},"thumbnailUrl":"https:\/\/regiaonews.net.br\/2022\/wp-content\/uploads\/2020\/11\/16057983455fb689c9b2bd1.jpg","articleSection":["Barretos","Cidades","Pol\u00edtica"],"inLanguage":"pt-BR","potentialAction":[{"@type":"CommentAction","name":"Comment","target":["https:\/\/regiaonews.net.br\/2022\/2020\/11\/22\/camara-homenageia-ex-vereador-dr-otavio-com-sala-do-juridico-do-legislativo\/#respond"]}]},{"@type":"WebPage","@id":"https:\/\/regiaonews.net.br\/2022\/2020\/11\/22\/camara-homenageia-ex-vereador-dr-otavio-com-sala-do-juridico-do-legislativo\/","url":"https:\/\/regiaonews.net.br\/2022\/2020\/11\/22\/camara-homenageia-ex-vereador-dr-otavio-com-sala-do-juridico-do-legislativo\/","name":"C\u00e2mara homenageia ex-vereador Dr. Ot\u00e1vio com sala do jur\u00eddico do Legislativo - Regi\u00e3o News","isPartOf":{"@id":"https:\/\/regiaonews.net.br\/2022\/#website"},"primaryImageOfPage":{"@id":"https:\/\/regiaonews.net.br\/2022\/2020\/11\/22\/camara-homenageia-ex-vereador-dr-otavio-com-sala-do-juridico-do-legislativo\/#primaryimage"},"image":{"@id":"https:\/\/regiaonews.net.br\/2022\/2020\/11\/22\/camara-homenageia-ex-vereador-dr-otavio-com-sala-do-juridico-do-legislativo\/#primaryimage"},"thumbnailUrl":"https:\/\/regiaonews.net.br\/2022\/wp-content\/uploads\/2020\/11\/16057983455fb689c9b2bd1.jpg","datePublished":"2020-11-22T23:57:12+00:00","breadcrumb":{"@id":"https:\/\/regiaonews.net.br\/2022\/2020\/11\/22\/camara-homenageia-ex-vereador-dr-otavio-com-sala-do-juridico-do-legislativo\/#breadcrumb"},"inLanguage":"pt-BR","potentialAction":[{"@type":"ReadAction","target":["https:\/\/regiaonews.net.br\/2022\/2020\/11\/22\/camara-homenageia-ex-vereador-dr-otavio-com-sala-do-juridico-do-legislativo\/"]}]},{"@type":"ImageObject","inLanguage":"pt-BR","@id":"https:\/\/regiaonews.net.br\/2022\/2020\/11\/22\/camara-homenageia-ex-vereador-dr-otavio-com-sala-do-juridico-do-legislativo\/#primaryimage","url":"https:\/\/regiaonews.net.br\/2022\/wp-content\/uploads\/2020\/11\/16057983455fb689c9b2bd1.jpg","contentUrl":"https:\/\/regiaonews.net.br\/2022\/wp-content\/uploads\/2020\/11\/16057983455fb689c9b2bd1.jpg","width":600,"height":340},{"@type":"BreadcrumbList","@id":"https:\/\/regiaonews.net.br\/2022\/2020\/11\/22\/camara-homenageia-ex-vereador-dr-otavio-com-sala-do-juridico-do-legislativo\/#breadcrumb","itemListElement":[{"@type":"ListItem","position":1,"name":"In\u00edcio","item":"https:\/\/regiaonews.net.br\/2022\/"},{"@type":"ListItem","position":2,"name":"C\u00e2mara homenageia ex-vereador Dr. Ot\u00e1vio com sala do jur\u00eddico do Legislativo"}]},{"@type":"WebSite","@id":"https:\/\/regiaonews.net.br\/2022\/#website","url":"https:\/\/regiaonews.net.br\/2022\/","name":"Regi\u00e3o News","description":"Site de Not\u00edcias de Barretos e regi\u00e3o","publisher":{"@id":"https:\/\/regiaonews.net.br\/2022\/#organization"},"potentialAction":[{"@type":"SearchAction","target":{"@type":"EntryPoint","urlTemplate":"https:\/\/regiaonews.net.br\/2022\/?s={search_term_string}"},"query-input":{"@type":"PropertyValueSpecification","valueRequired":true,"valueName":"search_term_string"}}],"inLanguage":"pt-BR"},{"@type":"Organization","@id":"https:\/\/regiaonews.net.br\/2022\/#organization","name":"Regi\u00e3o News","url":"https:\/\/regiaonews.net.br\/2022\/","logo":{"@type":"ImageObject","inLanguage":"pt-BR","@id":"https:\/\/regiaonews.net.br\/2022\/#\/schema\/logo\/image\/","url":"https:\/\/regiaonews.net.br\/2022\/wp-content\/uploads\/2026\/03\/regiao-13-anos-scaled.jpg","contentUrl":"https:\/\/regiaonews.net.br\/2022\/wp-content\/uploads\/2026\/03\/regiao-13-anos-scaled.jpg","width":2560,"height":635,"caption":"Regi\u00e3o News"},"image":{"@id":"https:\/\/regiaonews.net.br\/2022\/#\/schema\/logo\/image\/"}},{"@type":"Person","@id":"https:\/\/regiaonews.net.br\/2022\/#\/schema\/person\/2d205a608a5aa97ac279d7a5e6d89ad8","name":"Roberto","image":{"@type":"ImageObject","inLanguage":"pt-BR","@id":"https:\/\/secure.gravatar.com\/avatar\/42749d8b712ff9d59ca93dc150494e5b55a44134482993f5baeb97e61b7ecc89?s=96&d=mm&r=g","url":"https:\/\/secure.gravatar.com\/avatar\/42749d8b712ff9d59ca93dc150494e5b55a44134482993f5baeb97e61b7ecc89?s=96&d=mm&r=g","contentUrl":"https:\/\/secure.gravatar.com\/avatar\/42749d8b712ff9d59ca93dc150494e5b55a44134482993f5baeb97e61b7ecc89?s=96&d=mm&r=g","caption":"Roberto"},"url":"https:\/\/regiaonews.net.br\/2022\/author\/roberto\/"}]}},"publishpress_future_action":{"enabled":false,"date":"2026-05-03 06:19:28","action":"change-status","newStatus":"draft","terms":[],"taxonomy":"category","extraData":[]},"publishpress_future_workflow_manual_trigger":{"enabledWorkflows":[]},"_links":{"self":[{"href":"https:\/\/regiaonews.net.br\/2022\/wp-json\/wp\/v2\/posts\/39955","targetHints":{"allow":["GET"]}}],"collection":[{"href":"https:\/\/regiaonews.net.br\/2022\/wp-json\/wp\/v2\/posts"}],"about":[{"href":"https:\/\/regiaonews.net.br\/2022\/wp-json\/wp\/v2\/types\/post"}],"author":[{"embeddable":true,"href":"https:\/\/regiaonews.net.br\/2022\/wp-json\/wp\/v2\/users\/2"}],"replies":[{"embeddable":true,"href":"https:\/\/regiaonews.net.br\/2022\/wp-json\/wp\/v2\/comments?post=39955"}],"version-history":[{"count":0,"href":"https:\/\/regiaonews.net.br\/2022\/wp-json\/wp\/v2\/posts\/39955\/revisions"}],"wp:featuredmedia":[{"embeddable":true,"href":"https:\/\/regiaonews.net.br\/2022\/wp-json\/wp\/v2\/media\/39958"}],"wp:attachment":[{"href":"https:\/\/regiaonews.net.br\/2022\/wp-json\/wp\/v2\/media?parent=39955"}],"wp:term":[{"taxonomy":"category","embeddable":true,"href":"https:\/\/regiaonews.net.br\/2022\/wp-json\/wp\/v2\/categories?post=39955"},{"taxonomy":"post_tag","embeddable":true,"href":"https:\/\/regiaonews.net.br\/2022\/wp-json\/wp\/v2\/tags?post=39955"}],"curies":[{"name":"wp","href":"https:\/\/api.w.org\/{rel}","templated":true}]}}