{"id":39914,"date":"2020-11-20T20:21:48","date_gmt":"2020-11-20T23:21:48","guid":{"rendered":"https:\/\/regiaonews.net.br\/2022\/?p=39914"},"modified":"2020-11-20T20:24:25","modified_gmt":"2020-11-20T23:24:25","slug":"manifestantes-invadem-carrefour-em-sp-durante-protesto-contra-morte-no-rs","status":"publish","type":"post","link":"https:\/\/regiaonews.net.br\/2022\/2020\/11\/20\/manifestantes-invadem-carrefour-em-sp-durante-protesto-contra-morte-no-rs\/","title":{"rendered":"Manifestantes invadem Carrefour em SP durante protesto contra morte no RS"},"content":{"rendered":"<p><a href=\"https:\/\/regiaonews.net.br\/2022\/wp-content\/uploads\/2020\/11\/20112020-manifestacao-em-frente-ao-carrefour-da-avenida-pamplona-proximo-da-av-paulista-em-sao-paulo-1605910744998_v2_450x450.jpg\"><img loading=\"lazy\" decoding=\"async\" class=\"alignnone size-medium wp-image-39915\" src=\"https:\/\/regiaonews.net.br\/2022\/wp-content\/uploads\/2020\/11\/20112020-manifestacao-em-frente-ao-carrefour-da-avenida-pamplona-proximo-da-av-paulista-em-sao-paulo-1605910744998_v2_450x450-300x300.jpg\" alt=\"\" width=\"300\" height=\"300\" \/><\/a><a href=\"https:\/\/regiaonews.net.br\/2022\/wp-content\/uploads\/2020\/11\/20112020-manifestacao-em-frente-ao-carrefour-da-avenida-pamplona-proximo-da-av-paulista-em-sao-paulo-leo-orestesframephotoestadao-conteudo-1605911246867_v2_1920x1280.jpg\"><img loading=\"lazy\" decoding=\"async\" class=\"alignnone size-medium wp-image-39918\" src=\"https:\/\/regiaonews.net.br\/2022\/wp-content\/uploads\/2020\/11\/20112020-manifestacao-em-frente-ao-carrefour-da-avenida-pamplona-proximo-da-av-paulista-em-sao-paulo-leo-orestesframephotoestadao-conteudo-1605911246867_v2_1920x1280-300x200.jpg\" alt=\"\" width=\"300\" height=\"200\" \/><\/a><\/p>\n<p>Manifestantes invadiram a loja do Carrefour, localizada dentro de um shopping na regi\u00e3o da Avenida Paulista, em S\u00e3o Paulo, durante protesto contra a morte de Jo\u00e3o Alberto Silveira Freitas, de 40 anos, um homem negro, ocorrida na noite de ontem, em Porto Alegre (RS). Dois seguran\u00e7as do Carrefour, apontados no envolvimento da morte, tiveram a pris\u00e3o preventiva decretada na tarde de hoje.<\/p>\n<p>Sob ordens de &#8220;n\u00e3o saquear&#8221;, manifestantes quebraram o port\u00e3o de ferro e a fachada de vidro do supermercado, jogaram pedras e depredaram. Algumas pessoas invadiram o estabelecimento e jogaram potes de tinta dentro da loja, mas n\u00e3o houve saque. Um princ\u00edpio de inc\u00eandio tamb\u00e9m foi rapidamente controlado pela Brigada de Inc\u00eandio. Clientes que estavam no local ficaram assustados. Ningu\u00e9m se machucou no epis\u00f3dio.<\/p>\n<p>fonte : UOL<\/p>\n","protected":false},"excerpt":{"rendered":"<p>Manifestantes invadiram a loja do Carrefour, localizada dentro de um<\/p>\n","protected":false},"author":2,"featured_media":39915,"comment_status":"open","ping_status":"open","sticky":false,"template":"","format":"standard","meta":{"footnotes":""},"categories":[25,23,29],"tags":[],"class_list":["post-39914","post","type-post","status-publish","format-standard","has-post-thumbnail","hentry","category-cidades","category-policia","category-sao-paulo"],"yoast_head":"<!-- This site is optimized with the Yoast SEO plugin v27.4 - https:\/\/yoast.com\/product\/yoast-seo-wordpress\/ -->\n<title>Manifestantes invadem Carrefour em SP durante protesto contra morte no RS - Regi\u00e3o News<\/title>\n<meta name=\"robots\" content=\"index, follow, max-snippet:-1, max-image-preview:large, max-video-preview:-1\" \/>\n<link rel=\"canonical\" href=\"https:\/\/regiaonews.net.br\/2022\/2020\/11\/20\/manifestantes-invadem-carrefour-em-sp-durante-protesto-contra-morte-no-rs\/\" \/>\n<meta property=\"og:locale\" content=\"pt_BR\" \/>\n<meta property=\"og:type\" content=\"article\" \/>\n<meta property=\"og:title\" content=\"Manifestantes invadem Carrefour em SP durante protesto contra morte no RS - Regi\u00e3o News\" \/>\n<meta property=\"og:description\" content=\"Manifestantes invadiram a loja do Carrefour, localizada dentro de um\" \/>\n<meta property=\"og:url\" content=\"https:\/\/regiaonews.net.br\/2022\/2020\/11\/20\/manifestantes-invadem-carrefour-em-sp-durante-protesto-contra-morte-no-rs\/\" \/>\n<meta property=\"og:site_name\" content=\"Regi\u00e3o News\" \/>\n<meta property=\"article:published_time\" content=\"2020-11-20T23:21:48+00:00\" \/>\n<meta property=\"article:modified_time\" content=\"2020-11-20T23:24:25+00:00\" \/>\n<meta property=\"og:image\" content=\"https:\/\/regiaonews.net.br\/2022\/wp-content\/uploads\/2020\/11\/20112020-manifestacao-em-frente-ao-carrefour-da-avenida-pamplona-proximo-da-av-paulista-em-sao-paulo-1605910744998_v2_450x450.jpg\" \/>\n\t<meta property=\"og:image:width\" content=\"450\" \/>\n\t<meta property=\"og:image:height\" content=\"450\" \/>\n\t<meta property=\"og:image:type\" content=\"image\/jpeg\" \/>\n<meta name=\"author\" content=\"Roberto\" \/>\n<meta name=\"twitter:card\" content=\"summary_large_image\" \/>\n<meta name=\"twitter:label1\" content=\"Escrito por\" \/>\n\t<meta name=\"twitter:data1\" content=\"Roberto\" \/>\n\t<meta name=\"twitter:label2\" content=\"Est. tempo de leitura\" \/>\n\t<meta name=\"twitter:data2\" content=\"1 minuto\" \/>\n<script type=\"application\/ld+json\" class=\"yoast-schema-graph\">{\"@context\":\"https:\\\/\\\/schema.org\",\"@graph\":[{\"@type\":\"Article\",\"@id\":\"https:\\\/\\\/regiaonews.net.br\\\/2022\\\/2020\\\/11\\\/20\\\/manifestantes-invadem-carrefour-em-sp-durante-protesto-contra-morte-no-rs\\\/#article\",\"isPartOf\":{\"@id\":\"https:\\\/\\\/regiaonews.net.br\\\/2022\\\/2020\\\/11\\\/20\\\/manifestantes-invadem-carrefour-em-sp-durante-protesto-contra-morte-no-rs\\\/\"},\"author\":{\"name\":\"Roberto\",\"@id\":\"https:\\\/\\\/regiaonews.net.br\\\/2022\\\/#\\\/schema\\\/person\\\/2d205a608a5aa97ac279d7a5e6d89ad8\"},\"headline\":\"Manifestantes invadem Carrefour em SP durante protesto contra morte no RS\",\"datePublished\":\"2020-11-20T23:21:48+00:00\",\"dateModified\":\"2020-11-20T23:24:25+00:00\",\"mainEntityOfPage\":{\"@id\":\"https:\\\/\\\/regiaonews.net.br\\\/2022\\\/2020\\\/11\\\/20\\\/manifestantes-invadem-carrefour-em-sp-durante-protesto-contra-morte-no-rs\\\/\"},\"wordCount\":151,\"commentCount\":0,\"publisher\":{\"@id\":\"https:\\\/\\\/regiaonews.net.br\\\/2022\\\/#organization\"},\"image\":{\"@id\":\"https:\\\/\\\/regiaonews.net.br\\\/2022\\\/2020\\\/11\\\/20\\\/manifestantes-invadem-carrefour-em-sp-durante-protesto-contra-morte-no-rs\\\/#primaryimage\"},\"thumbnailUrl\":\"https:\\\/\\\/regiaonews.net.br\\\/2022\\\/wp-content\\\/uploads\\\/2020\\\/11\\\/20112020-manifestacao-em-frente-ao-carrefour-da-avenida-pamplona-proximo-da-av-paulista-em-sao-paulo-1605910744998_v2_450x450.jpg\",\"articleSection\":[\"Cidades\",\"Policia\",\"S\u00e3o Paulo\"],\"inLanguage\":\"pt-BR\",\"potentialAction\":[{\"@type\":\"CommentAction\",\"name\":\"Comment\",\"target\":[\"https:\\\/\\\/regiaonews.net.br\\\/2022\\\/2020\\\/11\\\/20\\\/manifestantes-invadem-carrefour-em-sp-durante-protesto-contra-morte-no-rs\\\/#respond\"]}]},{\"@type\":\"WebPage\",\"@id\":\"https:\\\/\\\/regiaonews.net.br\\\/2022\\\/2020\\\/11\\\/20\\\/manifestantes-invadem-carrefour-em-sp-durante-protesto-contra-morte-no-rs\\\/\",\"url\":\"https:\\\/\\\/regiaonews.net.br\\\/2022\\\/2020\\\/11\\\/20\\\/manifestantes-invadem-carrefour-em-sp-durante-protesto-contra-morte-no-rs\\\/\",\"name\":\"Manifestantes invadem Carrefour em SP durante protesto contra morte no RS - Regi\u00e3o News\",\"isPartOf\":{\"@id\":\"https:\\\/\\\/regiaonews.net.br\\\/2022\\\/#website\"},\"primaryImageOfPage\":{\"@id\":\"https:\\\/\\\/regiaonews.net.br\\\/2022\\\/2020\\\/11\\\/20\\\/manifestantes-invadem-carrefour-em-sp-durante-protesto-contra-morte-no-rs\\\/#primaryimage\"},\"image\":{\"@id\":\"https:\\\/\\\/regiaonews.net.br\\\/2022\\\/2020\\\/11\\\/20\\\/manifestantes-invadem-carrefour-em-sp-durante-protesto-contra-morte-no-rs\\\/#primaryimage\"},\"thumbnailUrl\":\"https:\\\/\\\/regiaonews.net.br\\\/2022\\\/wp-content\\\/uploads\\\/2020\\\/11\\\/20112020-manifestacao-em-frente-ao-carrefour-da-avenida-pamplona-proximo-da-av-paulista-em-sao-paulo-1605910744998_v2_450x450.jpg\",\"datePublished\":\"2020-11-20T23:21:48+00:00\",\"dateModified\":\"2020-11-20T23:24:25+00:00\",\"breadcrumb\":{\"@id\":\"https:\\\/\\\/regiaonews.net.br\\\/2022\\\/2020\\\/11\\\/20\\\/manifestantes-invadem-carrefour-em-sp-durante-protesto-contra-morte-no-rs\\\/#breadcrumb\"},\"inLanguage\":\"pt-BR\",\"potentialAction\":[{\"@type\":\"ReadAction\",\"target\":[\"https:\\\/\\\/regiaonews.net.br\\\/2022\\\/2020\\\/11\\\/20\\\/manifestantes-invadem-carrefour-em-sp-durante-protesto-contra-morte-no-rs\\\/\"]}]},{\"@type\":\"ImageObject\",\"inLanguage\":\"pt-BR\",\"@id\":\"https:\\\/\\\/regiaonews.net.br\\\/2022\\\/2020\\\/11\\\/20\\\/manifestantes-invadem-carrefour-em-sp-durante-protesto-contra-morte-no-rs\\\/#primaryimage\",\"url\":\"https:\\\/\\\/regiaonews.net.br\\\/2022\\\/wp-content\\\/uploads\\\/2020\\\/11\\\/20112020-manifestacao-em-frente-ao-carrefour-da-avenida-pamplona-proximo-da-av-paulista-em-sao-paulo-1605910744998_v2_450x450.jpg\",\"contentUrl\":\"https:\\\/\\\/regiaonews.net.br\\\/2022\\\/wp-content\\\/uploads\\\/2020\\\/11\\\/20112020-manifestacao-em-frente-ao-carrefour-da-avenida-pamplona-proximo-da-av-paulista-em-sao-paulo-1605910744998_v2_450x450.jpg\",\"width\":450,\"height\":450},{\"@type\":\"BreadcrumbList\",\"@id\":\"https:\\\/\\\/regiaonews.net.br\\\/2022\\\/2020\\\/11\\\/20\\\/manifestantes-invadem-carrefour-em-sp-durante-protesto-contra-morte-no-rs\\\/#breadcrumb\",\"itemListElement\":[{\"@type\":\"ListItem\",\"position\":1,\"name\":\"In\u00edcio\",\"item\":\"https:\\\/\\\/regiaonews.net.br\\\/2022\\\/\"},{\"@type\":\"ListItem\",\"position\":2,\"name\":\"Manifestantes invadem Carrefour em SP durante protesto contra morte no RS\"}]},{\"@type\":\"WebSite\",\"@id\":\"https:\\\/\\\/regiaonews.net.br\\\/2022\\\/#website\",\"url\":\"https:\\\/\\\/regiaonews.net.br\\\/2022\\\/\",\"name\":\"Regi\u00e3o News\",\"description\":\"Site de Not\u00edcias de Barretos e regi\u00e3o\",\"publisher\":{\"@id\":\"https:\\\/\\\/regiaonews.net.br\\\/2022\\\/#organization\"},\"potentialAction\":[{\"@type\":\"SearchAction\",\"target\":{\"@type\":\"EntryPoint\",\"urlTemplate\":\"https:\\\/\\\/regiaonews.net.br\\\/2022\\\/?s={search_term_string}\"},\"query-input\":{\"@type\":\"PropertyValueSpecification\",\"valueRequired\":true,\"valueName\":\"search_term_string\"}}],\"inLanguage\":\"pt-BR\"},{\"@type\":\"Organization\",\"@id\":\"https:\\\/\\\/regiaonews.net.br\\\/2022\\\/#organization\",\"name\":\"Regi\u00e3o News\",\"url\":\"https:\\\/\\\/regiaonews.net.br\\\/2022\\\/\",\"logo\":{\"@type\":\"ImageObject\",\"inLanguage\":\"pt-BR\",\"@id\":\"https:\\\/\\\/regiaonews.net.br\\\/2022\\\/#\\\/schema\\\/logo\\\/image\\\/\",\"url\":\"https:\\\/\\\/regiaonews.net.br\\\/2022\\\/wp-content\\\/uploads\\\/2026\\\/03\\\/regiao-13-anos-scaled.jpg\",\"contentUrl\":\"https:\\\/\\\/regiaonews.net.br\\\/2022\\\/wp-content\\\/uploads\\\/2026\\\/03\\\/regiao-13-anos-scaled.jpg\",\"width\":2560,\"height\":635,\"caption\":\"Regi\u00e3o News\"},\"image\":{\"@id\":\"https:\\\/\\\/regiaonews.net.br\\\/2022\\\/#\\\/schema\\\/logo\\\/image\\\/\"}},{\"@type\":\"Person\",\"@id\":\"https:\\\/\\\/regiaonews.net.br\\\/2022\\\/#\\\/schema\\\/person\\\/2d205a608a5aa97ac279d7a5e6d89ad8\",\"name\":\"Roberto\",\"image\":{\"@type\":\"ImageObject\",\"inLanguage\":\"pt-BR\",\"@id\":\"https:\\\/\\\/secure.gravatar.com\\\/avatar\\\/42749d8b712ff9d59ca93dc150494e5b55a44134482993f5baeb97e61b7ecc89?s=96&d=mm&r=g\",\"url\":\"https:\\\/\\\/secure.gravatar.com\\\/avatar\\\/42749d8b712ff9d59ca93dc150494e5b55a44134482993f5baeb97e61b7ecc89?s=96&d=mm&r=g\",\"contentUrl\":\"https:\\\/\\\/secure.gravatar.com\\\/avatar\\\/42749d8b712ff9d59ca93dc150494e5b55a44134482993f5baeb97e61b7ecc89?s=96&d=mm&r=g\",\"caption\":\"Roberto\"},\"url\":\"https:\\\/\\\/regiaonews.net.br\\\/2022\\\/author\\\/roberto\\\/\"}]}<\/script>\n<!-- \/ Yoast SEO plugin. -->","yoast_head_json":{"title":"Manifestantes invadem Carrefour em SP durante protesto contra morte no RS - Regi\u00e3o News","robots":{"index":"index","follow":"follow","max-snippet":"max-snippet:-1","max-image-preview":"max-image-preview:large","max-video-preview":"max-video-preview:-1"},"canonical":"https:\/\/regiaonews.net.br\/2022\/2020\/11\/20\/manifestantes-invadem-carrefour-em-sp-durante-protesto-contra-morte-no-rs\/","og_locale":"pt_BR","og_type":"article","og_title":"Manifestantes invadem Carrefour em SP durante protesto contra morte no RS - Regi\u00e3o News","og_description":"Manifestantes invadiram a loja do Carrefour, localizada dentro de um","og_url":"https:\/\/regiaonews.net.br\/2022\/2020\/11\/20\/manifestantes-invadem-carrefour-em-sp-durante-protesto-contra-morte-no-rs\/","og_site_name":"Regi\u00e3o News","article_published_time":"2020-11-20T23:21:48+00:00","article_modified_time":"2020-11-20T23:24:25+00:00","og_image":[{"width":450,"height":450,"url":"https:\/\/regiaonews.net.br\/2022\/wp-content\/uploads\/2020\/11\/20112020-manifestacao-em-frente-ao-carrefour-da-avenida-pamplona-proximo-da-av-paulista-em-sao-paulo-1605910744998_v2_450x450.jpg","type":"image\/jpeg"}],"author":"Roberto","twitter_card":"summary_large_image","twitter_misc":{"Escrito por":"Roberto","Est. tempo de leitura":"1 minuto"},"schema":{"@context":"https:\/\/schema.org","@graph":[{"@type":"Article","@id":"https:\/\/regiaonews.net.br\/2022\/2020\/11\/20\/manifestantes-invadem-carrefour-em-sp-durante-protesto-contra-morte-no-rs\/#article","isPartOf":{"@id":"https:\/\/regiaonews.net.br\/2022\/2020\/11\/20\/manifestantes-invadem-carrefour-em-sp-durante-protesto-contra-morte-no-rs\/"},"author":{"name":"Roberto","@id":"https:\/\/regiaonews.net.br\/2022\/#\/schema\/person\/2d205a608a5aa97ac279d7a5e6d89ad8"},"headline":"Manifestantes invadem Carrefour em SP durante protesto contra morte no RS","datePublished":"2020-11-20T23:21:48+00:00","dateModified":"2020-11-20T23:24:25+00:00","mainEntityOfPage":{"@id":"https:\/\/regiaonews.net.br\/2022\/2020\/11\/20\/manifestantes-invadem-carrefour-em-sp-durante-protesto-contra-morte-no-rs\/"},"wordCount":151,"commentCount":0,"publisher":{"@id":"https:\/\/regiaonews.net.br\/2022\/#organization"},"image":{"@id":"https:\/\/regiaonews.net.br\/2022\/2020\/11\/20\/manifestantes-invadem-carrefour-em-sp-durante-protesto-contra-morte-no-rs\/#primaryimage"},"thumbnailUrl":"https:\/\/regiaonews.net.br\/2022\/wp-content\/uploads\/2020\/11\/20112020-manifestacao-em-frente-ao-carrefour-da-avenida-pamplona-proximo-da-av-paulista-em-sao-paulo-1605910744998_v2_450x450.jpg","articleSection":["Cidades","Policia","S\u00e3o Paulo"],"inLanguage":"pt-BR","potentialAction":[{"@type":"CommentAction","name":"Comment","target":["https:\/\/regiaonews.net.br\/2022\/2020\/11\/20\/manifestantes-invadem-carrefour-em-sp-durante-protesto-contra-morte-no-rs\/#respond"]}]},{"@type":"WebPage","@id":"https:\/\/regiaonews.net.br\/2022\/2020\/11\/20\/manifestantes-invadem-carrefour-em-sp-durante-protesto-contra-morte-no-rs\/","url":"https:\/\/regiaonews.net.br\/2022\/2020\/11\/20\/manifestantes-invadem-carrefour-em-sp-durante-protesto-contra-morte-no-rs\/","name":"Manifestantes invadem Carrefour em SP durante protesto contra morte no RS - Regi\u00e3o News","isPartOf":{"@id":"https:\/\/regiaonews.net.br\/2022\/#website"},"primaryImageOfPage":{"@id":"https:\/\/regiaonews.net.br\/2022\/2020\/11\/20\/manifestantes-invadem-carrefour-em-sp-durante-protesto-contra-morte-no-rs\/#primaryimage"},"image":{"@id":"https:\/\/regiaonews.net.br\/2022\/2020\/11\/20\/manifestantes-invadem-carrefour-em-sp-durante-protesto-contra-morte-no-rs\/#primaryimage"},"thumbnailUrl":"https:\/\/regiaonews.net.br\/2022\/wp-content\/uploads\/2020\/11\/20112020-manifestacao-em-frente-ao-carrefour-da-avenida-pamplona-proximo-da-av-paulista-em-sao-paulo-1605910744998_v2_450x450.jpg","datePublished":"2020-11-20T23:21:48+00:00","dateModified":"2020-11-20T23:24:25+00:00","breadcrumb":{"@id":"https:\/\/regiaonews.net.br\/2022\/2020\/11\/20\/manifestantes-invadem-carrefour-em-sp-durante-protesto-contra-morte-no-rs\/#breadcrumb"},"inLanguage":"pt-BR","potentialAction":[{"@type":"ReadAction","target":["https:\/\/regiaonews.net.br\/2022\/2020\/11\/20\/manifestantes-invadem-carrefour-em-sp-durante-protesto-contra-morte-no-rs\/"]}]},{"@type":"ImageObject","inLanguage":"pt-BR","@id":"https:\/\/regiaonews.net.br\/2022\/2020\/11\/20\/manifestantes-invadem-carrefour-em-sp-durante-protesto-contra-morte-no-rs\/#primaryimage","url":"https:\/\/regiaonews.net.br\/2022\/wp-content\/uploads\/2020\/11\/20112020-manifestacao-em-frente-ao-carrefour-da-avenida-pamplona-proximo-da-av-paulista-em-sao-paulo-1605910744998_v2_450x450.jpg","contentUrl":"https:\/\/regiaonews.net.br\/2022\/wp-content\/uploads\/2020\/11\/20112020-manifestacao-em-frente-ao-carrefour-da-avenida-pamplona-proximo-da-av-paulista-em-sao-paulo-1605910744998_v2_450x450.jpg","width":450,"height":450},{"@type":"BreadcrumbList","@id":"https:\/\/regiaonews.net.br\/2022\/2020\/11\/20\/manifestantes-invadem-carrefour-em-sp-durante-protesto-contra-morte-no-rs\/#breadcrumb","itemListElement":[{"@type":"ListItem","position":1,"name":"In\u00edcio","item":"https:\/\/regiaonews.net.br\/2022\/"},{"@type":"ListItem","position":2,"name":"Manifestantes invadem Carrefour em SP durante protesto contra morte no RS"}]},{"@type":"WebSite","@id":"https:\/\/regiaonews.net.br\/2022\/#website","url":"https:\/\/regiaonews.net.br\/2022\/","name":"Regi\u00e3o News","description":"Site de Not\u00edcias de Barretos e regi\u00e3o","publisher":{"@id":"https:\/\/regiaonews.net.br\/2022\/#organization"},"potentialAction":[{"@type":"SearchAction","target":{"@type":"EntryPoint","urlTemplate":"https:\/\/regiaonews.net.br\/2022\/?s={search_term_string}"},"query-input":{"@type":"PropertyValueSpecification","valueRequired":true,"valueName":"search_term_string"}}],"inLanguage":"pt-BR"},{"@type":"Organization","@id":"https:\/\/regiaonews.net.br\/2022\/#organization","name":"Regi\u00e3o News","url":"https:\/\/regiaonews.net.br\/2022\/","logo":{"@type":"ImageObject","inLanguage":"pt-BR","@id":"https:\/\/regiaonews.net.br\/2022\/#\/schema\/logo\/image\/","url":"https:\/\/regiaonews.net.br\/2022\/wp-content\/uploads\/2026\/03\/regiao-13-anos-scaled.jpg","contentUrl":"https:\/\/regiaonews.net.br\/2022\/wp-content\/uploads\/2026\/03\/regiao-13-anos-scaled.jpg","width":2560,"height":635,"caption":"Regi\u00e3o News"},"image":{"@id":"https:\/\/regiaonews.net.br\/2022\/#\/schema\/logo\/image\/"}},{"@type":"Person","@id":"https:\/\/regiaonews.net.br\/2022\/#\/schema\/person\/2d205a608a5aa97ac279d7a5e6d89ad8","name":"Roberto","image":{"@type":"ImageObject","inLanguage":"pt-BR","@id":"https:\/\/secure.gravatar.com\/avatar\/42749d8b712ff9d59ca93dc150494e5b55a44134482993f5baeb97e61b7ecc89?s=96&d=mm&r=g","url":"https:\/\/secure.gravatar.com\/avatar\/42749d8b712ff9d59ca93dc150494e5b55a44134482993f5baeb97e61b7ecc89?s=96&d=mm&r=g","contentUrl":"https:\/\/secure.gravatar.com\/avatar\/42749d8b712ff9d59ca93dc150494e5b55a44134482993f5baeb97e61b7ecc89?s=96&d=mm&r=g","caption":"Roberto"},"url":"https:\/\/regiaonews.net.br\/2022\/author\/roberto\/"}]}},"publishpress_future_action":{"enabled":false,"date":"2026-05-03 04:34:59","action":"change-status","newStatus":"draft","terms":[],"taxonomy":"category","extraData":[]},"publishpress_future_workflow_manual_trigger":{"enabledWorkflows":[]},"_links":{"self":[{"href":"https:\/\/regiaonews.net.br\/2022\/wp-json\/wp\/v2\/posts\/39914","targetHints":{"allow":["GET"]}}],"collection":[{"href":"https:\/\/regiaonews.net.br\/2022\/wp-json\/wp\/v2\/posts"}],"about":[{"href":"https:\/\/regiaonews.net.br\/2022\/wp-json\/wp\/v2\/types\/post"}],"author":[{"embeddable":true,"href":"https:\/\/regiaonews.net.br\/2022\/wp-json\/wp\/v2\/users\/2"}],"replies":[{"embeddable":true,"href":"https:\/\/regiaonews.net.br\/2022\/wp-json\/wp\/v2\/comments?post=39914"}],"version-history":[{"count":0,"href":"https:\/\/regiaonews.net.br\/2022\/wp-json\/wp\/v2\/posts\/39914\/revisions"}],"wp:featuredmedia":[{"embeddable":true,"href":"https:\/\/regiaonews.net.br\/2022\/wp-json\/wp\/v2\/media\/39915"}],"wp:attachment":[{"href":"https:\/\/regiaonews.net.br\/2022\/wp-json\/wp\/v2\/media?parent=39914"}],"wp:term":[{"taxonomy":"category","embeddable":true,"href":"https:\/\/regiaonews.net.br\/2022\/wp-json\/wp\/v2\/categories?post=39914"},{"taxonomy":"post_tag","embeddable":true,"href":"https:\/\/regiaonews.net.br\/2022\/wp-json\/wp\/v2\/tags?post=39914"}],"curies":[{"name":"wp","href":"https:\/\/api.w.org\/{rel}","templated":true}]}}