{"id":39908,"date":"2020-11-20T20:13:43","date_gmt":"2020-11-20T23:13:43","guid":{"rendered":"https:\/\/regiaonews.net.br\/2022\/?p=39908"},"modified":"2020-11-20T20:13:43","modified_gmt":"2020-11-20T23:13:43","slug":"condicoes-sociais-agravam-saude-da-mulher-negra-no-brasil","status":"publish","type":"post","link":"https:\/\/regiaonews.net.br\/2022\/2020\/11\/20\/condicoes-sociais-agravam-saude-da-mulher-negra-no-brasil\/","title":{"rendered":"Condi\u00e7\u00f5es sociais agravam sa\u00fade da mulher negra no Brasil"},"content":{"rendered":"<p>A sa\u00fade da mulher negra no Brasil depende de fatores que v\u00e3o al\u00e9m das condi\u00e7\u00f5es de atendimento em hospitais e oferta de m\u00e9dicos. Os fatores sociais a que os negros s\u00e3o expostos diariamente s\u00e3o fundamentais para entender a maior vulnerabilidade dessa parcela da sociedade. Essa foi uma das conclus\u00f5es apresentadas no debate promovido hoje (20) pela Secretaria da Mulher da C\u00e2mara dos Deputados.<img decoding=\"async\" src=\"https:\/\/agenciabrasil.ebc.com.br\/ebc.png?id=1394117&amp;o=node\" \/><img decoding=\"async\" src=\"https:\/\/agenciabrasil.ebc.com.br\/ebc.gif?id=1394117&amp;o=node\" \/><\/p>\n<p>\u201cSa\u00fade tem a ver com moradia, saneamento b\u00e1sico, com emprego, com renda, com acesso \u00e0 educa\u00e7\u00e3o, \u00e0 cultura e a pol\u00edticas de lazer. Sa\u00fade \u00e9 muito mais do que o corpo estar funcionando\u201d, disse psic\u00f3loga especialista em sa\u00fade coletiva e aten\u00e7\u00e3o prim\u00e1ria pela Faculdade de Medicina da USP, Luana Alves.<\/p>\n<p>Luana tamb\u00e9m apresentou dados que mostram que a sa\u00fade mental das popula\u00e7\u00f5es negras no Brasil est\u00e1 mais comprometida do que a de pessoas n\u00e3o negras. Os fatores s\u00e3o v\u00e1rios, e isso influencia diretamente nos aspectos f\u00edsicos. \u201cA gente v\u00ea as mulheres negras como grandes v\u00edtimas de depress\u00e3o, adoecimentos afetivos, ansiedades, ins\u00f4nias, de todo tipo de adoecimento que tem a ver como nosso bem-estar\u201d.<\/p>\n<p>Segundo a psic\u00f3loga especialista em sa\u00fade coletiva, a diabetes atinge 50% a mais as mulheres negras do que as brancas e causa problemas muito antes do que em brancas. \u201cIsso n\u00e3o tem a ver com uma predisposi\u00e7\u00e3o natural do nosso corpo. S\u00e3o condi\u00e7\u00f5es de vida, de alimenta\u00e7\u00e3o, moradia, ps\u00edquicas. Tudo isso leva aos nossos indicadores de sa\u00fade serem muito piores\u201d.<\/p>\n<p>O debate sobre sa\u00fade da mulher negra na pandemia foi mediado pela deputada Tal\u00edria Petrone (PSOL-RJ). Ela defendeu o fortalecimento do Sistema \u00danico de Sa\u00fade (SUS), para muitos a \u00fanica forma de cuidar da sa\u00fade. \u201c\u00c9 fundamental defender o SUS. \u00c9 o modelo no qual o mundo se espelha. Quando a gente congela investimentos no SUS, a gente precariza o trabalho e dificulta o acesso a esse servi\u00e7o, que \u00e9 usado na maioria pela popula\u00e7\u00e3o negra\u201d.<\/p>\n<h2>Covid-19 e a popula\u00e7\u00e3o negra<\/h2>\n<p>A coordenadora do Observat\u00f3rio da Sa\u00fade da Popula\u00e7\u00e3o Negra (Popnegra) do N\u00facleo de Estudos Afro-Brasileiros da Universidade de Bras\u00edlia (UnB), Marjorie Chaves, considerou \u201cemblem\u00e1tico\u201d a primeira morte por covid-19 no Rio de Janeiro ter sido uma empregada dom\u00e9stica, cuja patroa havia contra\u00eddo o v\u00edrus em uma viagem \u00e0 Europa.<\/p>\n<p>A deputada e mediadora do debate acrescentou que o v\u00edrus \u201cn\u00e3o \u00e9 democr\u00e1tico\u201d. \u201cA covid encontra corpos que est\u00e3o circulando nas cidades e vivenciando muita desigualdade. Vai ter gente que n\u00e3o ter\u00e1 acesso \u00e0 preven\u00e7\u00e3o, possibilidades de distanciamento social e, caso adoe\u00e7a, vai chegar em um hospital lotado, sem respiradores. Infelizmente, a maior crise sanit\u00e1ria da hist\u00f3ria recente escracha uma desigualdade racial hist\u00f3rica e a aprofunda\u201d.<\/p>\n<p>Marjorie chamou aten\u00e7\u00e3o para a descontinuidade da Pol\u00edtica Nacional de Sa\u00fade da Popula\u00e7\u00e3o Negra. A pol\u00edtica havia sido idealizada em 2006 com participa\u00e7\u00e3o da sociedade civil, mas perdeu for\u00e7a a partir de 2017, com o desmembramento de comit\u00eas t\u00e9cnicos nos estados e nos munic\u00edpios. \u201cHoje, a gente n\u00e3o tem not\u00edcia de como est\u00e3o esses comit\u00eas. Eles foram enfraquecidos, desmembrados e isso \u00e9 muito perigoso para pensarmos uma discuss\u00e3o democr\u00e1tica sobre sa\u00fade\u201d.<\/p>\n<p>&nbsp;<\/p>\n<p><a href=\"https:\/\/regiaonews.net.br\/2022\/wp-content\/uploads\/2020\/11\/1085298-tngro_abr_30.07-7_30.07.17.jpg\"><img loading=\"lazy\" decoding=\"async\" class=\"size-medium wp-image-39909\" src=\"https:\/\/regiaonews.net.br\/2022\/wp-content\/uploads\/2020\/11\/1085298-tngro_abr_30.07-7_30.07.17-300x179.jpg\" alt=\"\" width=\"300\" height=\"179\" \/><\/a><\/p>\n","protected":false},"excerpt":{"rendered":"<p>A sa\u00fade da mulher negra no Brasil depende de fatores<\/p>\n","protected":false},"author":2,"featured_media":39909,"comment_status":"open","ping_status":"open","sticky":false,"template":"","format":"standard","meta":{"footnotes":""},"categories":[24,25],"tags":[],"class_list":["post-39908","post","type-post","status-publish","format-standard","has-post-thumbnail","hentry","category-brasil","category-cidades"],"yoast_head":"<!-- This site is optimized with the Yoast SEO plugin v27.4 - https:\/\/yoast.com\/product\/yoast-seo-wordpress\/ -->\n<title>Condi\u00e7\u00f5es sociais agravam sa\u00fade da mulher negra no Brasil - Regi\u00e3o News<\/title>\n<meta name=\"robots\" content=\"index, follow, max-snippet:-1, max-image-preview:large, max-video-preview:-1\" \/>\n<link rel=\"canonical\" href=\"https:\/\/regiaonews.net.br\/2022\/2020\/11\/20\/condicoes-sociais-agravam-saude-da-mulher-negra-no-brasil\/\" \/>\n<meta property=\"og:locale\" content=\"pt_BR\" \/>\n<meta property=\"og:type\" content=\"article\" \/>\n<meta property=\"og:title\" content=\"Condi\u00e7\u00f5es sociais agravam sa\u00fade da mulher negra no Brasil - Regi\u00e3o News\" \/>\n<meta property=\"og:description\" content=\"A sa\u00fade da mulher negra no Brasil depende de fatores\" \/>\n<meta property=\"og:url\" content=\"https:\/\/regiaonews.net.br\/2022\/2020\/11\/20\/condicoes-sociais-agravam-saude-da-mulher-negra-no-brasil\/\" \/>\n<meta property=\"og:site_name\" content=\"Regi\u00e3o News\" \/>\n<meta property=\"article:published_time\" content=\"2020-11-20T23:13:43+00:00\" \/>\n<meta property=\"og:image\" content=\"https:\/\/regiaonews.net.br\/2022\/wp-content\/uploads\/2020\/11\/1085298-tngro_abr_30.07-7_30.07.17.jpg\" \/>\n\t<meta property=\"og:image:width\" content=\"1170\" \/>\n\t<meta property=\"og:image:height\" content=\"700\" \/>\n\t<meta property=\"og:image:type\" content=\"image\/jpeg\" \/>\n<meta name=\"author\" content=\"Roberto\" \/>\n<meta name=\"twitter:card\" content=\"summary_large_image\" \/>\n<meta name=\"twitter:label1\" content=\"Escrito por\" \/>\n\t<meta name=\"twitter:data1\" content=\"Roberto\" \/>\n\t<meta name=\"twitter:label2\" content=\"Est. tempo de leitura\" \/>\n\t<meta name=\"twitter:data2\" content=\"3 minutos\" \/>\n<script type=\"application\/ld+json\" class=\"yoast-schema-graph\">{\"@context\":\"https:\\\/\\\/schema.org\",\"@graph\":[{\"@type\":\"Article\",\"@id\":\"https:\\\/\\\/regiaonews.net.br\\\/2022\\\/2020\\\/11\\\/20\\\/condicoes-sociais-agravam-saude-da-mulher-negra-no-brasil\\\/#article\",\"isPartOf\":{\"@id\":\"https:\\\/\\\/regiaonews.net.br\\\/2022\\\/2020\\\/11\\\/20\\\/condicoes-sociais-agravam-saude-da-mulher-negra-no-brasil\\\/\"},\"author\":{\"name\":\"Roberto\",\"@id\":\"https:\\\/\\\/regiaonews.net.br\\\/2022\\\/#\\\/schema\\\/person\\\/2d205a608a5aa97ac279d7a5e6d89ad8\"},\"headline\":\"Condi\u00e7\u00f5es sociais agravam sa\u00fade da mulher negra no Brasil\",\"datePublished\":\"2020-11-20T23:13:43+00:00\",\"mainEntityOfPage\":{\"@id\":\"https:\\\/\\\/regiaonews.net.br\\\/2022\\\/2020\\\/11\\\/20\\\/condicoes-sociais-agravam-saude-da-mulher-negra-no-brasil\\\/\"},\"wordCount\":581,\"commentCount\":0,\"publisher\":{\"@id\":\"https:\\\/\\\/regiaonews.net.br\\\/2022\\\/#organization\"},\"image\":{\"@id\":\"https:\\\/\\\/regiaonews.net.br\\\/2022\\\/2020\\\/11\\\/20\\\/condicoes-sociais-agravam-saude-da-mulher-negra-no-brasil\\\/#primaryimage\"},\"thumbnailUrl\":\"https:\\\/\\\/regiaonews.net.br\\\/2022\\\/wp-content\\\/uploads\\\/2020\\\/11\\\/1085298-tngro_abr_30.07-7_30.07.17.jpg\",\"articleSection\":[\"Brasil\",\"Cidades\"],\"inLanguage\":\"pt-BR\",\"potentialAction\":[{\"@type\":\"CommentAction\",\"name\":\"Comment\",\"target\":[\"https:\\\/\\\/regiaonews.net.br\\\/2022\\\/2020\\\/11\\\/20\\\/condicoes-sociais-agravam-saude-da-mulher-negra-no-brasil\\\/#respond\"]}]},{\"@type\":\"WebPage\",\"@id\":\"https:\\\/\\\/regiaonews.net.br\\\/2022\\\/2020\\\/11\\\/20\\\/condicoes-sociais-agravam-saude-da-mulher-negra-no-brasil\\\/\",\"url\":\"https:\\\/\\\/regiaonews.net.br\\\/2022\\\/2020\\\/11\\\/20\\\/condicoes-sociais-agravam-saude-da-mulher-negra-no-brasil\\\/\",\"name\":\"Condi\u00e7\u00f5es sociais agravam sa\u00fade da mulher negra no Brasil - Regi\u00e3o News\",\"isPartOf\":{\"@id\":\"https:\\\/\\\/regiaonews.net.br\\\/2022\\\/#website\"},\"primaryImageOfPage\":{\"@id\":\"https:\\\/\\\/regiaonews.net.br\\\/2022\\\/2020\\\/11\\\/20\\\/condicoes-sociais-agravam-saude-da-mulher-negra-no-brasil\\\/#primaryimage\"},\"image\":{\"@id\":\"https:\\\/\\\/regiaonews.net.br\\\/2022\\\/2020\\\/11\\\/20\\\/condicoes-sociais-agravam-saude-da-mulher-negra-no-brasil\\\/#primaryimage\"},\"thumbnailUrl\":\"https:\\\/\\\/regiaonews.net.br\\\/2022\\\/wp-content\\\/uploads\\\/2020\\\/11\\\/1085298-tngro_abr_30.07-7_30.07.17.jpg\",\"datePublished\":\"2020-11-20T23:13:43+00:00\",\"breadcrumb\":{\"@id\":\"https:\\\/\\\/regiaonews.net.br\\\/2022\\\/2020\\\/11\\\/20\\\/condicoes-sociais-agravam-saude-da-mulher-negra-no-brasil\\\/#breadcrumb\"},\"inLanguage\":\"pt-BR\",\"potentialAction\":[{\"@type\":\"ReadAction\",\"target\":[\"https:\\\/\\\/regiaonews.net.br\\\/2022\\\/2020\\\/11\\\/20\\\/condicoes-sociais-agravam-saude-da-mulher-negra-no-brasil\\\/\"]}]},{\"@type\":\"ImageObject\",\"inLanguage\":\"pt-BR\",\"@id\":\"https:\\\/\\\/regiaonews.net.br\\\/2022\\\/2020\\\/11\\\/20\\\/condicoes-sociais-agravam-saude-da-mulher-negra-no-brasil\\\/#primaryimage\",\"url\":\"https:\\\/\\\/regiaonews.net.br\\\/2022\\\/wp-content\\\/uploads\\\/2020\\\/11\\\/1085298-tngro_abr_30.07-7_30.07.17.jpg\",\"contentUrl\":\"https:\\\/\\\/regiaonews.net.br\\\/2022\\\/wp-content\\\/uploads\\\/2020\\\/11\\\/1085298-tngro_abr_30.07-7_30.07.17.jpg\",\"width\":1170,\"height\":700,\"caption\":\"Rio de Janeiro - Mulheres marcham em Copacabana para celebrar dia da Mulher Negra Latino-americana e Caribenha durante a 3\u00aa Marcha das Mulheres Negras no Centro do Mundo (T\u00e2nia R\u00eago\\\/Ag\u00eancia Brasil)\"},{\"@type\":\"BreadcrumbList\",\"@id\":\"https:\\\/\\\/regiaonews.net.br\\\/2022\\\/2020\\\/11\\\/20\\\/condicoes-sociais-agravam-saude-da-mulher-negra-no-brasil\\\/#breadcrumb\",\"itemListElement\":[{\"@type\":\"ListItem\",\"position\":1,\"name\":\"In\u00edcio\",\"item\":\"https:\\\/\\\/regiaonews.net.br\\\/2022\\\/\"},{\"@type\":\"ListItem\",\"position\":2,\"name\":\"Condi\u00e7\u00f5es sociais agravam sa\u00fade da mulher negra no Brasil\"}]},{\"@type\":\"WebSite\",\"@id\":\"https:\\\/\\\/regiaonews.net.br\\\/2022\\\/#website\",\"url\":\"https:\\\/\\\/regiaonews.net.br\\\/2022\\\/\",\"name\":\"Regi\u00e3o News\",\"description\":\"Site de Not\u00edcias de Barretos e regi\u00e3o\",\"publisher\":{\"@id\":\"https:\\\/\\\/regiaonews.net.br\\\/2022\\\/#organization\"},\"potentialAction\":[{\"@type\":\"SearchAction\",\"target\":{\"@type\":\"EntryPoint\",\"urlTemplate\":\"https:\\\/\\\/regiaonews.net.br\\\/2022\\\/?s={search_term_string}\"},\"query-input\":{\"@type\":\"PropertyValueSpecification\",\"valueRequired\":true,\"valueName\":\"search_term_string\"}}],\"inLanguage\":\"pt-BR\"},{\"@type\":\"Organization\",\"@id\":\"https:\\\/\\\/regiaonews.net.br\\\/2022\\\/#organization\",\"name\":\"Regi\u00e3o News\",\"url\":\"https:\\\/\\\/regiaonews.net.br\\\/2022\\\/\",\"logo\":{\"@type\":\"ImageObject\",\"inLanguage\":\"pt-BR\",\"@id\":\"https:\\\/\\\/regiaonews.net.br\\\/2022\\\/#\\\/schema\\\/logo\\\/image\\\/\",\"url\":\"https:\\\/\\\/regiaonews.net.br\\\/2022\\\/wp-content\\\/uploads\\\/2026\\\/03\\\/regiao-13-anos-scaled.jpg\",\"contentUrl\":\"https:\\\/\\\/regiaonews.net.br\\\/2022\\\/wp-content\\\/uploads\\\/2026\\\/03\\\/regiao-13-anos-scaled.jpg\",\"width\":2560,\"height\":635,\"caption\":\"Regi\u00e3o News\"},\"image\":{\"@id\":\"https:\\\/\\\/regiaonews.net.br\\\/2022\\\/#\\\/schema\\\/logo\\\/image\\\/\"}},{\"@type\":\"Person\",\"@id\":\"https:\\\/\\\/regiaonews.net.br\\\/2022\\\/#\\\/schema\\\/person\\\/2d205a608a5aa97ac279d7a5e6d89ad8\",\"name\":\"Roberto\",\"image\":{\"@type\":\"ImageObject\",\"inLanguage\":\"pt-BR\",\"@id\":\"https:\\\/\\\/secure.gravatar.com\\\/avatar\\\/42749d8b712ff9d59ca93dc150494e5b55a44134482993f5baeb97e61b7ecc89?s=96&d=mm&r=g\",\"url\":\"https:\\\/\\\/secure.gravatar.com\\\/avatar\\\/42749d8b712ff9d59ca93dc150494e5b55a44134482993f5baeb97e61b7ecc89?s=96&d=mm&r=g\",\"contentUrl\":\"https:\\\/\\\/secure.gravatar.com\\\/avatar\\\/42749d8b712ff9d59ca93dc150494e5b55a44134482993f5baeb97e61b7ecc89?s=96&d=mm&r=g\",\"caption\":\"Roberto\"},\"url\":\"https:\\\/\\\/regiaonews.net.br\\\/2022\\\/author\\\/roberto\\\/\"}]}<\/script>\n<!-- \/ Yoast SEO plugin. -->","yoast_head_json":{"title":"Condi\u00e7\u00f5es sociais agravam sa\u00fade da mulher negra no Brasil - Regi\u00e3o News","robots":{"index":"index","follow":"follow","max-snippet":"max-snippet:-1","max-image-preview":"max-image-preview:large","max-video-preview":"max-video-preview:-1"},"canonical":"https:\/\/regiaonews.net.br\/2022\/2020\/11\/20\/condicoes-sociais-agravam-saude-da-mulher-negra-no-brasil\/","og_locale":"pt_BR","og_type":"article","og_title":"Condi\u00e7\u00f5es sociais agravam sa\u00fade da mulher negra no Brasil - Regi\u00e3o News","og_description":"A sa\u00fade da mulher negra no Brasil depende de fatores","og_url":"https:\/\/regiaonews.net.br\/2022\/2020\/11\/20\/condicoes-sociais-agravam-saude-da-mulher-negra-no-brasil\/","og_site_name":"Regi\u00e3o News","article_published_time":"2020-11-20T23:13:43+00:00","og_image":[{"width":1170,"height":700,"url":"https:\/\/regiaonews.net.br\/2022\/wp-content\/uploads\/2020\/11\/1085298-tngro_abr_30.07-7_30.07.17.jpg","type":"image\/jpeg"}],"author":"Roberto","twitter_card":"summary_large_image","twitter_misc":{"Escrito por":"Roberto","Est. tempo de leitura":"3 minutos"},"schema":{"@context":"https:\/\/schema.org","@graph":[{"@type":"Article","@id":"https:\/\/regiaonews.net.br\/2022\/2020\/11\/20\/condicoes-sociais-agravam-saude-da-mulher-negra-no-brasil\/#article","isPartOf":{"@id":"https:\/\/regiaonews.net.br\/2022\/2020\/11\/20\/condicoes-sociais-agravam-saude-da-mulher-negra-no-brasil\/"},"author":{"name":"Roberto","@id":"https:\/\/regiaonews.net.br\/2022\/#\/schema\/person\/2d205a608a5aa97ac279d7a5e6d89ad8"},"headline":"Condi\u00e7\u00f5es sociais agravam sa\u00fade da mulher negra no Brasil","datePublished":"2020-11-20T23:13:43+00:00","mainEntityOfPage":{"@id":"https:\/\/regiaonews.net.br\/2022\/2020\/11\/20\/condicoes-sociais-agravam-saude-da-mulher-negra-no-brasil\/"},"wordCount":581,"commentCount":0,"publisher":{"@id":"https:\/\/regiaonews.net.br\/2022\/#organization"},"image":{"@id":"https:\/\/regiaonews.net.br\/2022\/2020\/11\/20\/condicoes-sociais-agravam-saude-da-mulher-negra-no-brasil\/#primaryimage"},"thumbnailUrl":"https:\/\/regiaonews.net.br\/2022\/wp-content\/uploads\/2020\/11\/1085298-tngro_abr_30.07-7_30.07.17.jpg","articleSection":["Brasil","Cidades"],"inLanguage":"pt-BR","potentialAction":[{"@type":"CommentAction","name":"Comment","target":["https:\/\/regiaonews.net.br\/2022\/2020\/11\/20\/condicoes-sociais-agravam-saude-da-mulher-negra-no-brasil\/#respond"]}]},{"@type":"WebPage","@id":"https:\/\/regiaonews.net.br\/2022\/2020\/11\/20\/condicoes-sociais-agravam-saude-da-mulher-negra-no-brasil\/","url":"https:\/\/regiaonews.net.br\/2022\/2020\/11\/20\/condicoes-sociais-agravam-saude-da-mulher-negra-no-brasil\/","name":"Condi\u00e7\u00f5es sociais agravam sa\u00fade da mulher negra no Brasil - Regi\u00e3o News","isPartOf":{"@id":"https:\/\/regiaonews.net.br\/2022\/#website"},"primaryImageOfPage":{"@id":"https:\/\/regiaonews.net.br\/2022\/2020\/11\/20\/condicoes-sociais-agravam-saude-da-mulher-negra-no-brasil\/#primaryimage"},"image":{"@id":"https:\/\/regiaonews.net.br\/2022\/2020\/11\/20\/condicoes-sociais-agravam-saude-da-mulher-negra-no-brasil\/#primaryimage"},"thumbnailUrl":"https:\/\/regiaonews.net.br\/2022\/wp-content\/uploads\/2020\/11\/1085298-tngro_abr_30.07-7_30.07.17.jpg","datePublished":"2020-11-20T23:13:43+00:00","breadcrumb":{"@id":"https:\/\/regiaonews.net.br\/2022\/2020\/11\/20\/condicoes-sociais-agravam-saude-da-mulher-negra-no-brasil\/#breadcrumb"},"inLanguage":"pt-BR","potentialAction":[{"@type":"ReadAction","target":["https:\/\/regiaonews.net.br\/2022\/2020\/11\/20\/condicoes-sociais-agravam-saude-da-mulher-negra-no-brasil\/"]}]},{"@type":"ImageObject","inLanguage":"pt-BR","@id":"https:\/\/regiaonews.net.br\/2022\/2020\/11\/20\/condicoes-sociais-agravam-saude-da-mulher-negra-no-brasil\/#primaryimage","url":"https:\/\/regiaonews.net.br\/2022\/wp-content\/uploads\/2020\/11\/1085298-tngro_abr_30.07-7_30.07.17.jpg","contentUrl":"https:\/\/regiaonews.net.br\/2022\/wp-content\/uploads\/2020\/11\/1085298-tngro_abr_30.07-7_30.07.17.jpg","width":1170,"height":700,"caption":"Rio de Janeiro - Mulheres marcham em Copacabana para celebrar dia da Mulher Negra Latino-americana e Caribenha durante a 3\u00aa Marcha das Mulheres Negras no Centro do Mundo (T\u00e2nia R\u00eago\/Ag\u00eancia Brasil)"},{"@type":"BreadcrumbList","@id":"https:\/\/regiaonews.net.br\/2022\/2020\/11\/20\/condicoes-sociais-agravam-saude-da-mulher-negra-no-brasil\/#breadcrumb","itemListElement":[{"@type":"ListItem","position":1,"name":"In\u00edcio","item":"https:\/\/regiaonews.net.br\/2022\/"},{"@type":"ListItem","position":2,"name":"Condi\u00e7\u00f5es sociais agravam sa\u00fade da mulher negra no Brasil"}]},{"@type":"WebSite","@id":"https:\/\/regiaonews.net.br\/2022\/#website","url":"https:\/\/regiaonews.net.br\/2022\/","name":"Regi\u00e3o News","description":"Site de Not\u00edcias de Barretos e regi\u00e3o","publisher":{"@id":"https:\/\/regiaonews.net.br\/2022\/#organization"},"potentialAction":[{"@type":"SearchAction","target":{"@type":"EntryPoint","urlTemplate":"https:\/\/regiaonews.net.br\/2022\/?s={search_term_string}"},"query-input":{"@type":"PropertyValueSpecification","valueRequired":true,"valueName":"search_term_string"}}],"inLanguage":"pt-BR"},{"@type":"Organization","@id":"https:\/\/regiaonews.net.br\/2022\/#organization","name":"Regi\u00e3o News","url":"https:\/\/regiaonews.net.br\/2022\/","logo":{"@type":"ImageObject","inLanguage":"pt-BR","@id":"https:\/\/regiaonews.net.br\/2022\/#\/schema\/logo\/image\/","url":"https:\/\/regiaonews.net.br\/2022\/wp-content\/uploads\/2026\/03\/regiao-13-anos-scaled.jpg","contentUrl":"https:\/\/regiaonews.net.br\/2022\/wp-content\/uploads\/2026\/03\/regiao-13-anos-scaled.jpg","width":2560,"height":635,"caption":"Regi\u00e3o News"},"image":{"@id":"https:\/\/regiaonews.net.br\/2022\/#\/schema\/logo\/image\/"}},{"@type":"Person","@id":"https:\/\/regiaonews.net.br\/2022\/#\/schema\/person\/2d205a608a5aa97ac279d7a5e6d89ad8","name":"Roberto","image":{"@type":"ImageObject","inLanguage":"pt-BR","@id":"https:\/\/secure.gravatar.com\/avatar\/42749d8b712ff9d59ca93dc150494e5b55a44134482993f5baeb97e61b7ecc89?s=96&d=mm&r=g","url":"https:\/\/secure.gravatar.com\/avatar\/42749d8b712ff9d59ca93dc150494e5b55a44134482993f5baeb97e61b7ecc89?s=96&d=mm&r=g","contentUrl":"https:\/\/secure.gravatar.com\/avatar\/42749d8b712ff9d59ca93dc150494e5b55a44134482993f5baeb97e61b7ecc89?s=96&d=mm&r=g","caption":"Roberto"},"url":"https:\/\/regiaonews.net.br\/2022\/author\/roberto\/"}]}},"publishpress_future_action":{"enabled":false,"date":"2026-05-03 09:22:02","action":"change-status","newStatus":"draft","terms":[],"taxonomy":"category","extraData":[]},"publishpress_future_workflow_manual_trigger":{"enabledWorkflows":[]},"_links":{"self":[{"href":"https:\/\/regiaonews.net.br\/2022\/wp-json\/wp\/v2\/posts\/39908","targetHints":{"allow":["GET"]}}],"collection":[{"href":"https:\/\/regiaonews.net.br\/2022\/wp-json\/wp\/v2\/posts"}],"about":[{"href":"https:\/\/regiaonews.net.br\/2022\/wp-json\/wp\/v2\/types\/post"}],"author":[{"embeddable":true,"href":"https:\/\/regiaonews.net.br\/2022\/wp-json\/wp\/v2\/users\/2"}],"replies":[{"embeddable":true,"href":"https:\/\/regiaonews.net.br\/2022\/wp-json\/wp\/v2\/comments?post=39908"}],"version-history":[{"count":0,"href":"https:\/\/regiaonews.net.br\/2022\/wp-json\/wp\/v2\/posts\/39908\/revisions"}],"wp:featuredmedia":[{"embeddable":true,"href":"https:\/\/regiaonews.net.br\/2022\/wp-json\/wp\/v2\/media\/39909"}],"wp:attachment":[{"href":"https:\/\/regiaonews.net.br\/2022\/wp-json\/wp\/v2\/media?parent=39908"}],"wp:term":[{"taxonomy":"category","embeddable":true,"href":"https:\/\/regiaonews.net.br\/2022\/wp-json\/wp\/v2\/categories?post=39908"},{"taxonomy":"post_tag","embeddable":true,"href":"https:\/\/regiaonews.net.br\/2022\/wp-json\/wp\/v2\/tags?post=39908"}],"curies":[{"name":"wp","href":"https:\/\/api.w.org\/{rel}","templated":true}]}}