{"id":39800,"date":"2020-11-17T10:46:45","date_gmt":"2020-11-17T13:46:45","guid":{"rendered":"https:\/\/regiaonews.net.br\/2022\/?p=39800"},"modified":"2020-11-17T10:46:45","modified_gmt":"2020-11-17T13:46:45","slug":"policia-federal-deflagra-operacao-para-combater-corrupcao-na-oab-em-sp","status":"publish","type":"post","link":"https:\/\/regiaonews.net.br\/2022\/2020\/11\/17\/policia-federal-deflagra-operacao-para-combater-corrupcao-na-oab-em-sp\/","title":{"rendered":"Pol\u00edcia Federal deflagra opera\u00e7\u00e3o para combater corrup\u00e7\u00e3o na OAB em SP"},"content":{"rendered":"<p><a href=\"https:\/\/regiaonews.net.br\/2022\/wp-content\/uploads\/2020\/11\/2020-10-15t140530z_1_lynxmpeg9e190_rtroptp_4_geral-operacaopf-prendepf.jpg\"><img loading=\"lazy\" decoding=\"async\" class=\"size-medium wp-image-39801\" src=\"https:\/\/regiaonews.net.br\/2022\/wp-content\/uploads\/2020\/11\/2020-10-15t140530z_1_lynxmpeg9e190_rtroptp_4_geral-operacaopf-prendepf-300x179.jpg\" alt=\"\" width=\"300\" height=\"179\" \/><\/a><\/p>\n<p>&nbsp;<\/p>\n<p>Depois de receber uma den\u00fancia de um advogado que disse ter sido v\u00edtima de uma tentativa de pagamento de propina, a Pol\u00edcia Federal deflagrou, hoje (17) uma opera\u00e7\u00e3o para apurar crimes de corrup\u00e7\u00e3o praticados na Ordem dos Advogados do Brasil (OAB), seccional S\u00e3o Paulo. As investiga\u00e7\u00f5es iniciaram em setembro deste ano, ap\u00f3s a den\u00fancia.<img decoding=\"async\" src=\"https:\/\/agenciabrasil.ebc.com.br\/ebc.png?id=1393729&amp;o=node\" \/><img decoding=\"async\" src=\"https:\/\/agenciabrasil.ebc.com.br\/ebc.gif?id=1393729&amp;o=node\" \/><\/p>\n<p>Segundo a PF, os autores da tentativa de cobran\u00e7a de propina s\u00e3o um grupo composto por um empres\u00e1rio e dois advogados, sendo que um \u00e9 membro do Conselho Seccional da OAB-SP. As investiga\u00e7\u00f5es, que culminaram na Opera\u00e7\u00e3o Biltre, constataram que o grupo pediu um valor de R$ 250 mil para atuar junto ao Tribunal de \u00e9tica e Disciplina da OAB-SP para encerrar processos disciplinares em tramita\u00e7\u00e3o e retir\u00e1-los de pauta.<\/p>\n<p>Foram cumpridos quatro mandados de busca e apreens\u00e3o nas cidades de S\u00e3o Paulo e Guarulhos.<\/p>\n<p>Os investigados poder\u00e3o responder pelos crimes de corrup\u00e7\u00e3o passiva, associa\u00e7\u00e3o criminosa e organiza\u00e7\u00e3o criminosa.<\/p>\n<p>Fonte : Ag\u00eancia Brasil<\/p>\n","protected":false},"excerpt":{"rendered":"<p>&nbsp; Depois de receber uma den\u00fancia de um advogado que<\/p>\n","protected":false},"author":2,"featured_media":39801,"comment_status":"open","ping_status":"open","sticky":false,"template":"","format":"standard","meta":{"footnotes":""},"categories":[25,7,23],"tags":[],"class_list":["post-39800","post","type-post","status-publish","format-standard","has-post-thumbnail","hentry","category-cidades","category-estado-de-sao-paulo","category-policia"],"yoast_head":"<!-- This site is optimized with the Yoast SEO plugin v27.4 - https:\/\/yoast.com\/product\/yoast-seo-wordpress\/ -->\n<title>Pol\u00edcia Federal deflagra opera\u00e7\u00e3o para combater corrup\u00e7\u00e3o na OAB em SP - Regi\u00e3o News<\/title>\n<meta name=\"robots\" content=\"index, follow, max-snippet:-1, max-image-preview:large, max-video-preview:-1\" \/>\n<link rel=\"canonical\" href=\"https:\/\/regiaonews.net.br\/2022\/2020\/11\/17\/policia-federal-deflagra-operacao-para-combater-corrupcao-na-oab-em-sp\/\" \/>\n<meta property=\"og:locale\" content=\"pt_BR\" \/>\n<meta property=\"og:type\" content=\"article\" \/>\n<meta property=\"og:title\" content=\"Pol\u00edcia Federal deflagra opera\u00e7\u00e3o para combater corrup\u00e7\u00e3o na OAB em SP - Regi\u00e3o News\" \/>\n<meta property=\"og:description\" content=\"&nbsp; Depois de receber uma den\u00fancia de um advogado que\" \/>\n<meta property=\"og:url\" content=\"https:\/\/regiaonews.net.br\/2022\/2020\/11\/17\/policia-federal-deflagra-operacao-para-combater-corrupcao-na-oab-em-sp\/\" \/>\n<meta property=\"og:site_name\" content=\"Regi\u00e3o News\" \/>\n<meta property=\"article:published_time\" content=\"2020-11-17T13:46:45+00:00\" \/>\n<meta property=\"og:image\" content=\"https:\/\/regiaonews.net.br\/2022\/wp-content\/uploads\/2020\/11\/2020-10-15t140530z_1_lynxmpeg9e190_rtroptp_4_geral-operacaopf-prendepf.jpg\" \/>\n\t<meta property=\"og:image:width\" content=\"1170\" \/>\n\t<meta property=\"og:image:height\" content=\"700\" \/>\n\t<meta property=\"og:image:type\" content=\"image\/jpeg\" \/>\n<meta name=\"author\" content=\"Roberto\" \/>\n<meta name=\"twitter:card\" content=\"summary_large_image\" \/>\n<meta name=\"twitter:label1\" content=\"Escrito por\" \/>\n\t<meta name=\"twitter:data1\" content=\"Roberto\" \/>\n\t<meta name=\"twitter:label2\" content=\"Est. tempo de leitura\" \/>\n\t<meta name=\"twitter:data2\" content=\"1 minuto\" \/>\n<script type=\"application\/ld+json\" class=\"yoast-schema-graph\">{\"@context\":\"https:\\\/\\\/schema.org\",\"@graph\":[{\"@type\":\"Article\",\"@id\":\"https:\\\/\\\/regiaonews.net.br\\\/2022\\\/2020\\\/11\\\/17\\\/policia-federal-deflagra-operacao-para-combater-corrupcao-na-oab-em-sp\\\/#article\",\"isPartOf\":{\"@id\":\"https:\\\/\\\/regiaonews.net.br\\\/2022\\\/2020\\\/11\\\/17\\\/policia-federal-deflagra-operacao-para-combater-corrupcao-na-oab-em-sp\\\/\"},\"author\":{\"name\":\"Roberto\",\"@id\":\"https:\\\/\\\/regiaonews.net.br\\\/2022\\\/#\\\/schema\\\/person\\\/2d205a608a5aa97ac279d7a5e6d89ad8\"},\"headline\":\"Pol\u00edcia Federal deflagra opera\u00e7\u00e3o para combater corrup\u00e7\u00e3o na OAB em SP\",\"datePublished\":\"2020-11-17T13:46:45+00:00\",\"mainEntityOfPage\":{\"@id\":\"https:\\\/\\\/regiaonews.net.br\\\/2022\\\/2020\\\/11\\\/17\\\/policia-federal-deflagra-operacao-para-combater-corrupcao-na-oab-em-sp\\\/\"},\"wordCount\":191,\"commentCount\":0,\"publisher\":{\"@id\":\"https:\\\/\\\/regiaonews.net.br\\\/2022\\\/#organization\"},\"image\":{\"@id\":\"https:\\\/\\\/regiaonews.net.br\\\/2022\\\/2020\\\/11\\\/17\\\/policia-federal-deflagra-operacao-para-combater-corrupcao-na-oab-em-sp\\\/#primaryimage\"},\"thumbnailUrl\":\"https:\\\/\\\/regiaonews.net.br\\\/2022\\\/wp-content\\\/uploads\\\/2020\\\/11\\\/2020-10-15t140530z_1_lynxmpeg9e190_rtroptp_4_geral-operacaopf-prendepf.jpg\",\"articleSection\":[\"Cidades\",\"Estado de S\u00e3o Paulo\",\"Policia\"],\"inLanguage\":\"pt-BR\",\"potentialAction\":[{\"@type\":\"CommentAction\",\"name\":\"Comment\",\"target\":[\"https:\\\/\\\/regiaonews.net.br\\\/2022\\\/2020\\\/11\\\/17\\\/policia-federal-deflagra-operacao-para-combater-corrupcao-na-oab-em-sp\\\/#respond\"]}]},{\"@type\":\"WebPage\",\"@id\":\"https:\\\/\\\/regiaonews.net.br\\\/2022\\\/2020\\\/11\\\/17\\\/policia-federal-deflagra-operacao-para-combater-corrupcao-na-oab-em-sp\\\/\",\"url\":\"https:\\\/\\\/regiaonews.net.br\\\/2022\\\/2020\\\/11\\\/17\\\/policia-federal-deflagra-operacao-para-combater-corrupcao-na-oab-em-sp\\\/\",\"name\":\"Pol\u00edcia Federal deflagra opera\u00e7\u00e3o para combater corrup\u00e7\u00e3o na OAB em SP - Regi\u00e3o News\",\"isPartOf\":{\"@id\":\"https:\\\/\\\/regiaonews.net.br\\\/2022\\\/#website\"},\"primaryImageOfPage\":{\"@id\":\"https:\\\/\\\/regiaonews.net.br\\\/2022\\\/2020\\\/11\\\/17\\\/policia-federal-deflagra-operacao-para-combater-corrupcao-na-oab-em-sp\\\/#primaryimage\"},\"image\":{\"@id\":\"https:\\\/\\\/regiaonews.net.br\\\/2022\\\/2020\\\/11\\\/17\\\/policia-federal-deflagra-operacao-para-combater-corrupcao-na-oab-em-sp\\\/#primaryimage\"},\"thumbnailUrl\":\"https:\\\/\\\/regiaonews.net.br\\\/2022\\\/wp-content\\\/uploads\\\/2020\\\/11\\\/2020-10-15t140530z_1_lynxmpeg9e190_rtroptp_4_geral-operacaopf-prendepf.jpg\",\"datePublished\":\"2020-11-17T13:46:45+00:00\",\"breadcrumb\":{\"@id\":\"https:\\\/\\\/regiaonews.net.br\\\/2022\\\/2020\\\/11\\\/17\\\/policia-federal-deflagra-operacao-para-combater-corrupcao-na-oab-em-sp\\\/#breadcrumb\"},\"inLanguage\":\"pt-BR\",\"potentialAction\":[{\"@type\":\"ReadAction\",\"target\":[\"https:\\\/\\\/regiaonews.net.br\\\/2022\\\/2020\\\/11\\\/17\\\/policia-federal-deflagra-operacao-para-combater-corrupcao-na-oab-em-sp\\\/\"]}]},{\"@type\":\"ImageObject\",\"inLanguage\":\"pt-BR\",\"@id\":\"https:\\\/\\\/regiaonews.net.br\\\/2022\\\/2020\\\/11\\\/17\\\/policia-federal-deflagra-operacao-para-combater-corrupcao-na-oab-em-sp\\\/#primaryimage\",\"url\":\"https:\\\/\\\/regiaonews.net.br\\\/2022\\\/wp-content\\\/uploads\\\/2020\\\/11\\\/2020-10-15t140530z_1_lynxmpeg9e190_rtroptp_4_geral-operacaopf-prendepf.jpg\",\"contentUrl\":\"https:\\\/\\\/regiaonews.net.br\\\/2022\\\/wp-content\\\/uploads\\\/2020\\\/11\\\/2020-10-15t140530z_1_lynxmpeg9e190_rtroptp_4_geral-operacaopf-prendepf.jpg\",\"width\":1170,\"height\":700,\"caption\":\"Viaturas e agentes da Pol\u00edcia Federal no Rio de Janeiro REUTERS\\\/Ueslei Marcelino\"},{\"@type\":\"BreadcrumbList\",\"@id\":\"https:\\\/\\\/regiaonews.net.br\\\/2022\\\/2020\\\/11\\\/17\\\/policia-federal-deflagra-operacao-para-combater-corrupcao-na-oab-em-sp\\\/#breadcrumb\",\"itemListElement\":[{\"@type\":\"ListItem\",\"position\":1,\"name\":\"In\u00edcio\",\"item\":\"https:\\\/\\\/regiaonews.net.br\\\/2022\\\/\"},{\"@type\":\"ListItem\",\"position\":2,\"name\":\"Pol\u00edcia Federal deflagra opera\u00e7\u00e3o para combater corrup\u00e7\u00e3o na OAB em SP\"}]},{\"@type\":\"WebSite\",\"@id\":\"https:\\\/\\\/regiaonews.net.br\\\/2022\\\/#website\",\"url\":\"https:\\\/\\\/regiaonews.net.br\\\/2022\\\/\",\"name\":\"Regi\u00e3o News\",\"description\":\"Site de Not\u00edcias de Barretos e regi\u00e3o\",\"publisher\":{\"@id\":\"https:\\\/\\\/regiaonews.net.br\\\/2022\\\/#organization\"},\"potentialAction\":[{\"@type\":\"SearchAction\",\"target\":{\"@type\":\"EntryPoint\",\"urlTemplate\":\"https:\\\/\\\/regiaonews.net.br\\\/2022\\\/?s={search_term_string}\"},\"query-input\":{\"@type\":\"PropertyValueSpecification\",\"valueRequired\":true,\"valueName\":\"search_term_string\"}}],\"inLanguage\":\"pt-BR\"},{\"@type\":\"Organization\",\"@id\":\"https:\\\/\\\/regiaonews.net.br\\\/2022\\\/#organization\",\"name\":\"Regi\u00e3o News\",\"url\":\"https:\\\/\\\/regiaonews.net.br\\\/2022\\\/\",\"logo\":{\"@type\":\"ImageObject\",\"inLanguage\":\"pt-BR\",\"@id\":\"https:\\\/\\\/regiaonews.net.br\\\/2022\\\/#\\\/schema\\\/logo\\\/image\\\/\",\"url\":\"https:\\\/\\\/regiaonews.net.br\\\/2022\\\/wp-content\\\/uploads\\\/2026\\\/03\\\/regiao-13-anos-scaled.jpg\",\"contentUrl\":\"https:\\\/\\\/regiaonews.net.br\\\/2022\\\/wp-content\\\/uploads\\\/2026\\\/03\\\/regiao-13-anos-scaled.jpg\",\"width\":2560,\"height\":635,\"caption\":\"Regi\u00e3o News\"},\"image\":{\"@id\":\"https:\\\/\\\/regiaonews.net.br\\\/2022\\\/#\\\/schema\\\/logo\\\/image\\\/\"}},{\"@type\":\"Person\",\"@id\":\"https:\\\/\\\/regiaonews.net.br\\\/2022\\\/#\\\/schema\\\/person\\\/2d205a608a5aa97ac279d7a5e6d89ad8\",\"name\":\"Roberto\",\"image\":{\"@type\":\"ImageObject\",\"inLanguage\":\"pt-BR\",\"@id\":\"https:\\\/\\\/secure.gravatar.com\\\/avatar\\\/42749d8b712ff9d59ca93dc150494e5b55a44134482993f5baeb97e61b7ecc89?s=96&d=mm&r=g\",\"url\":\"https:\\\/\\\/secure.gravatar.com\\\/avatar\\\/42749d8b712ff9d59ca93dc150494e5b55a44134482993f5baeb97e61b7ecc89?s=96&d=mm&r=g\",\"contentUrl\":\"https:\\\/\\\/secure.gravatar.com\\\/avatar\\\/42749d8b712ff9d59ca93dc150494e5b55a44134482993f5baeb97e61b7ecc89?s=96&d=mm&r=g\",\"caption\":\"Roberto\"},\"url\":\"https:\\\/\\\/regiaonews.net.br\\\/2022\\\/author\\\/roberto\\\/\"}]}<\/script>\n<!-- \/ Yoast SEO plugin. -->","yoast_head_json":{"title":"Pol\u00edcia Federal deflagra opera\u00e7\u00e3o para combater corrup\u00e7\u00e3o na OAB em SP - Regi\u00e3o News","robots":{"index":"index","follow":"follow","max-snippet":"max-snippet:-1","max-image-preview":"max-image-preview:large","max-video-preview":"max-video-preview:-1"},"canonical":"https:\/\/regiaonews.net.br\/2022\/2020\/11\/17\/policia-federal-deflagra-operacao-para-combater-corrupcao-na-oab-em-sp\/","og_locale":"pt_BR","og_type":"article","og_title":"Pol\u00edcia Federal deflagra opera\u00e7\u00e3o para combater corrup\u00e7\u00e3o na OAB em SP - Regi\u00e3o News","og_description":"&nbsp; Depois de receber uma den\u00fancia de um advogado que","og_url":"https:\/\/regiaonews.net.br\/2022\/2020\/11\/17\/policia-federal-deflagra-operacao-para-combater-corrupcao-na-oab-em-sp\/","og_site_name":"Regi\u00e3o News","article_published_time":"2020-11-17T13:46:45+00:00","og_image":[{"width":1170,"height":700,"url":"https:\/\/regiaonews.net.br\/2022\/wp-content\/uploads\/2020\/11\/2020-10-15t140530z_1_lynxmpeg9e190_rtroptp_4_geral-operacaopf-prendepf.jpg","type":"image\/jpeg"}],"author":"Roberto","twitter_card":"summary_large_image","twitter_misc":{"Escrito por":"Roberto","Est. tempo de leitura":"1 minuto"},"schema":{"@context":"https:\/\/schema.org","@graph":[{"@type":"Article","@id":"https:\/\/regiaonews.net.br\/2022\/2020\/11\/17\/policia-federal-deflagra-operacao-para-combater-corrupcao-na-oab-em-sp\/#article","isPartOf":{"@id":"https:\/\/regiaonews.net.br\/2022\/2020\/11\/17\/policia-federal-deflagra-operacao-para-combater-corrupcao-na-oab-em-sp\/"},"author":{"name":"Roberto","@id":"https:\/\/regiaonews.net.br\/2022\/#\/schema\/person\/2d205a608a5aa97ac279d7a5e6d89ad8"},"headline":"Pol\u00edcia Federal deflagra opera\u00e7\u00e3o para combater corrup\u00e7\u00e3o na OAB em SP","datePublished":"2020-11-17T13:46:45+00:00","mainEntityOfPage":{"@id":"https:\/\/regiaonews.net.br\/2022\/2020\/11\/17\/policia-federal-deflagra-operacao-para-combater-corrupcao-na-oab-em-sp\/"},"wordCount":191,"commentCount":0,"publisher":{"@id":"https:\/\/regiaonews.net.br\/2022\/#organization"},"image":{"@id":"https:\/\/regiaonews.net.br\/2022\/2020\/11\/17\/policia-federal-deflagra-operacao-para-combater-corrupcao-na-oab-em-sp\/#primaryimage"},"thumbnailUrl":"https:\/\/regiaonews.net.br\/2022\/wp-content\/uploads\/2020\/11\/2020-10-15t140530z_1_lynxmpeg9e190_rtroptp_4_geral-operacaopf-prendepf.jpg","articleSection":["Cidades","Estado de S\u00e3o Paulo","Policia"],"inLanguage":"pt-BR","potentialAction":[{"@type":"CommentAction","name":"Comment","target":["https:\/\/regiaonews.net.br\/2022\/2020\/11\/17\/policia-federal-deflagra-operacao-para-combater-corrupcao-na-oab-em-sp\/#respond"]}]},{"@type":"WebPage","@id":"https:\/\/regiaonews.net.br\/2022\/2020\/11\/17\/policia-federal-deflagra-operacao-para-combater-corrupcao-na-oab-em-sp\/","url":"https:\/\/regiaonews.net.br\/2022\/2020\/11\/17\/policia-federal-deflagra-operacao-para-combater-corrupcao-na-oab-em-sp\/","name":"Pol\u00edcia Federal deflagra opera\u00e7\u00e3o para combater corrup\u00e7\u00e3o na OAB em SP - Regi\u00e3o News","isPartOf":{"@id":"https:\/\/regiaonews.net.br\/2022\/#website"},"primaryImageOfPage":{"@id":"https:\/\/regiaonews.net.br\/2022\/2020\/11\/17\/policia-federal-deflagra-operacao-para-combater-corrupcao-na-oab-em-sp\/#primaryimage"},"image":{"@id":"https:\/\/regiaonews.net.br\/2022\/2020\/11\/17\/policia-federal-deflagra-operacao-para-combater-corrupcao-na-oab-em-sp\/#primaryimage"},"thumbnailUrl":"https:\/\/regiaonews.net.br\/2022\/wp-content\/uploads\/2020\/11\/2020-10-15t140530z_1_lynxmpeg9e190_rtroptp_4_geral-operacaopf-prendepf.jpg","datePublished":"2020-11-17T13:46:45+00:00","breadcrumb":{"@id":"https:\/\/regiaonews.net.br\/2022\/2020\/11\/17\/policia-federal-deflagra-operacao-para-combater-corrupcao-na-oab-em-sp\/#breadcrumb"},"inLanguage":"pt-BR","potentialAction":[{"@type":"ReadAction","target":["https:\/\/regiaonews.net.br\/2022\/2020\/11\/17\/policia-federal-deflagra-operacao-para-combater-corrupcao-na-oab-em-sp\/"]}]},{"@type":"ImageObject","inLanguage":"pt-BR","@id":"https:\/\/regiaonews.net.br\/2022\/2020\/11\/17\/policia-federal-deflagra-operacao-para-combater-corrupcao-na-oab-em-sp\/#primaryimage","url":"https:\/\/regiaonews.net.br\/2022\/wp-content\/uploads\/2020\/11\/2020-10-15t140530z_1_lynxmpeg9e190_rtroptp_4_geral-operacaopf-prendepf.jpg","contentUrl":"https:\/\/regiaonews.net.br\/2022\/wp-content\/uploads\/2020\/11\/2020-10-15t140530z_1_lynxmpeg9e190_rtroptp_4_geral-operacaopf-prendepf.jpg","width":1170,"height":700,"caption":"Viaturas e agentes da Pol\u00edcia Federal no Rio de Janeiro REUTERS\/Ueslei Marcelino"},{"@type":"BreadcrumbList","@id":"https:\/\/regiaonews.net.br\/2022\/2020\/11\/17\/policia-federal-deflagra-operacao-para-combater-corrupcao-na-oab-em-sp\/#breadcrumb","itemListElement":[{"@type":"ListItem","position":1,"name":"In\u00edcio","item":"https:\/\/regiaonews.net.br\/2022\/"},{"@type":"ListItem","position":2,"name":"Pol\u00edcia Federal deflagra opera\u00e7\u00e3o para combater corrup\u00e7\u00e3o na OAB em SP"}]},{"@type":"WebSite","@id":"https:\/\/regiaonews.net.br\/2022\/#website","url":"https:\/\/regiaonews.net.br\/2022\/","name":"Regi\u00e3o News","description":"Site de Not\u00edcias de Barretos e regi\u00e3o","publisher":{"@id":"https:\/\/regiaonews.net.br\/2022\/#organization"},"potentialAction":[{"@type":"SearchAction","target":{"@type":"EntryPoint","urlTemplate":"https:\/\/regiaonews.net.br\/2022\/?s={search_term_string}"},"query-input":{"@type":"PropertyValueSpecification","valueRequired":true,"valueName":"search_term_string"}}],"inLanguage":"pt-BR"},{"@type":"Organization","@id":"https:\/\/regiaonews.net.br\/2022\/#organization","name":"Regi\u00e3o News","url":"https:\/\/regiaonews.net.br\/2022\/","logo":{"@type":"ImageObject","inLanguage":"pt-BR","@id":"https:\/\/regiaonews.net.br\/2022\/#\/schema\/logo\/image\/","url":"https:\/\/regiaonews.net.br\/2022\/wp-content\/uploads\/2026\/03\/regiao-13-anos-scaled.jpg","contentUrl":"https:\/\/regiaonews.net.br\/2022\/wp-content\/uploads\/2026\/03\/regiao-13-anos-scaled.jpg","width":2560,"height":635,"caption":"Regi\u00e3o News"},"image":{"@id":"https:\/\/regiaonews.net.br\/2022\/#\/schema\/logo\/image\/"}},{"@type":"Person","@id":"https:\/\/regiaonews.net.br\/2022\/#\/schema\/person\/2d205a608a5aa97ac279d7a5e6d89ad8","name":"Roberto","image":{"@type":"ImageObject","inLanguage":"pt-BR","@id":"https:\/\/secure.gravatar.com\/avatar\/42749d8b712ff9d59ca93dc150494e5b55a44134482993f5baeb97e61b7ecc89?s=96&d=mm&r=g","url":"https:\/\/secure.gravatar.com\/avatar\/42749d8b712ff9d59ca93dc150494e5b55a44134482993f5baeb97e61b7ecc89?s=96&d=mm&r=g","contentUrl":"https:\/\/secure.gravatar.com\/avatar\/42749d8b712ff9d59ca93dc150494e5b55a44134482993f5baeb97e61b7ecc89?s=96&d=mm&r=g","caption":"Roberto"},"url":"https:\/\/regiaonews.net.br\/2022\/author\/roberto\/"}]}},"publishpress_future_action":{"enabled":false,"date":"2026-05-03 04:35:01","action":"change-status","newStatus":"draft","terms":[],"taxonomy":"category","extraData":[]},"publishpress_future_workflow_manual_trigger":{"enabledWorkflows":[]},"_links":{"self":[{"href":"https:\/\/regiaonews.net.br\/2022\/wp-json\/wp\/v2\/posts\/39800","targetHints":{"allow":["GET"]}}],"collection":[{"href":"https:\/\/regiaonews.net.br\/2022\/wp-json\/wp\/v2\/posts"}],"about":[{"href":"https:\/\/regiaonews.net.br\/2022\/wp-json\/wp\/v2\/types\/post"}],"author":[{"embeddable":true,"href":"https:\/\/regiaonews.net.br\/2022\/wp-json\/wp\/v2\/users\/2"}],"replies":[{"embeddable":true,"href":"https:\/\/regiaonews.net.br\/2022\/wp-json\/wp\/v2\/comments?post=39800"}],"version-history":[{"count":0,"href":"https:\/\/regiaonews.net.br\/2022\/wp-json\/wp\/v2\/posts\/39800\/revisions"}],"wp:featuredmedia":[{"embeddable":true,"href":"https:\/\/regiaonews.net.br\/2022\/wp-json\/wp\/v2\/media\/39801"}],"wp:attachment":[{"href":"https:\/\/regiaonews.net.br\/2022\/wp-json\/wp\/v2\/media?parent=39800"}],"wp:term":[{"taxonomy":"category","embeddable":true,"href":"https:\/\/regiaonews.net.br\/2022\/wp-json\/wp\/v2\/categories?post=39800"},{"taxonomy":"post_tag","embeddable":true,"href":"https:\/\/regiaonews.net.br\/2022\/wp-json\/wp\/v2\/tags?post=39800"}],"curies":[{"name":"wp","href":"https:\/\/api.w.org\/{rel}","templated":true}]}}